{"id":207637,"date":"2023-08-01T10:34:00","date_gmt":"2023-08-01T10:34:00","guid":{"rendered":"https:\/\/www.webdo.tn\/fr\/blog\/l-installation-d-un-data-center-meta-en-tunisie-a-l-etude\/207637\/"},"modified":"2025-05-20T22:42:09","modified_gmt":"2025-05-20T22:42:09","slug":"l-installation-d-un-data-center-meta-en-tunisie-a-l-etude","status":"publish","type":"post","link":"https:\/\/www.webdo.tn\/fr\/actualite\/national\/l-installation-d-un-data-center-meta-en-tunisie-a-l-etude\/207637\/","title":{"rendered":"L\u2019installation d\u2019un Data Center Meta en Tunisie \u00e0 l\u2019\u00e9tude"},"content":{"rendered":"<p>Le minist\u00e8re des Technologies de la Communication a annonc\u00e9 dans la soir\u00e9e du lundi qu\u2019une d\u00e9l\u00e9gation de l\u2019entreprise am\u00e9ricaine META effectuera au mois d\u2019octobre une visite en Tunisie.<\/p>\n<p>Le ministre des Technologies de la Communication ainsi que des responsables du d\u00e9partement \u00e9taient en visite au si\u00e8ge de la soci\u00e9t\u00e9 Meta aux Etats-Unis.\u00a0<br \/>\nA cet effet, la d\u00e9l\u00e9gation tunisienne a eu acc\u00e8s \u00e0 une pr\u00e9sentation de diff\u00e9rents aspects g\u00e9r\u00e9s par la soci\u00e9t\u00e9 dont notamment la question de la lutte contre la d\u00e9sinformation et le projet innovant Metaverse.\u00a0<\/p>\n<p>Selon un communiqu\u00e9 du minist\u00e8re, une d\u00e9l\u00e9gation de Meta sera en visite, en octobre prochain en Tunisie, pour \u00e9tudier, entre autres, la mise en place de Data center et de serveurs dans notre pays.\u00a0<\/p>\n<p>La r\u00e9alisation de certains projets au profit des d\u00e9veloppeurs et les utilisateurs des r\u00e9seaux sociaux en mati\u00e8re de marketing digital, est \u00e9galement en vue.<\/p>\n","protected":false},"excerpt":{"rendered":"<p>Le minist\u00e8re des Technologies de la Communication a annonc\u00e9 dans la soir\u00e9e du lundi qu\u2019une d\u00e9l\u00e9gation de l\u2019entreprise am\u00e9ricaine META effectuera au mois d\u2019octob&#8230;<\/p>\n","protected":false},"author":3175,"featured_media":249648,"comment_status":"open","ping_status":"closed","sticky":false,"template":"","format":"standard","meta":{"footnotes":""},"categories":[44],"tags":[2717,4746,2608],"class_list":["post-207637","post","type-post","status-publish","format-standard","has-post-thumbnail","hentry","category-national","tag-data-center","tag-meta","tag-tunisie"],"yoast_head":"<!-- This site is optimized with the Yoast SEO Premium plugin v27.5 (Yoast SEO v27.5) - https:\/\/yoast.com\/product\/yoast-seo-premium-wordpress\/ -->\n<title>L\u2019installation d\u2019un Data Center Meta en Tunisie \u00e0 l\u2019\u00e9tude<\/title>\n<meta name=\"description\" content=\"Le minist\u00e8re des Technologies de la Communication a annonc\u00e9 dans la soir\u00e9e du lundi qu\u2019une d\u00e9l\u00e9gation de l\u2019entreprise am\u00e9ricaine META effectuera au mois d\u2019octob...\" \/>\n<link rel=\"canonical\" href=\"https:\/\/www.webdo.tn\/fr\/actualite\/national\/l-installation-d-un-data-center-meta-en-tunisie-a-l-etude\/207637\/\" \/>\n<meta property=\"og:locale\" content=\"fr_FR\" \/>\n<meta property=\"og:type\" content=\"article\" \/>\n<meta property=\"og:title\" content=\"L\u2019installation d\u2019un Data Center Meta en Tunisie \u00e0 l\u2019\u00e9tude\" \/>\n<meta property=\"og:description\" content=\"Le minist\u00e8re des Technologies de la Communication a annonc\u00e9 dans la soir\u00e9e du lundi qu\u2019une d\u00e9l\u00e9gation de l\u2019entreprise am\u00e9ricaine META effectuera au mois d\u2019octob...\" \/>\n<meta property=\"og:url\" content=\"https:\/\/www.webdo.tn\/fr\/actualite\/national\/l-installation-d-un-data-center-meta-en-tunisie-a-l-etude\/207637\/\" \/>\n<meta property=\"og:site_name\" content=\"webdo\" \/>\n<meta property=\"article:publisher\" content=\"https:\/\/www.facebook.com\/webdotn\" \/>\n<meta property=\"article:published_time\" content=\"2023-08-01T10:34:00+00:00\" \/>\n<meta property=\"article:modified_time\" content=\"2025-05-20T22:42:09+00:00\" \/>\n<meta property=\"og:image\" content=\"https:\/\/www.webdo.tn\/fr\/wp-content\/uploads\/2023\/08\/e64f8513b88724c2685f0964316c2f10.jpg\" \/>\n\t<meta property=\"og:image:width\" content=\"750\" \/>\n\t<meta property=\"og:image:height\" content=\"400\" \/>\n\t<meta property=\"og:image:type\" content=\"image\/jpeg\" \/>\n<meta name=\"author\" content=\"CL\" \/>\n<meta name=\"twitter:card\" content=\"summary_large_image\" \/>\n<meta name=\"twitter:creator\" content=\"@webdo_tn\" \/>\n<meta name=\"twitter:site\" content=\"@webdo_tn\" \/>\n<meta name=\"twitter:label1\" content=\"\u00c9crit par\" \/>\n\t<meta name=\"twitter:data1\" content=\"CL\" \/>\n\t<meta name=\"twitter:label2\" content=\"Dur\u00e9e de lecture estim\u00e9e\" \/>\n\t<meta name=\"twitter:data2\" content=\"1 minute\" \/>\n<script type=\"application\/ld+json\" class=\"yoast-schema-graph\">{\"@context\":\"https:\\\/\\\/schema.org\",\"@graph\":[{\"@type\":\"NewsArticle\",\"@id\":\"https:\\\/\\\/www.webdo.tn\\\/fr\\\/actualite\\\/national\\\/l-installation-d-un-data-center-meta-en-tunisie-a-l-etude\\\/207637\\\/#article\",\"isPartOf\":{\"@id\":\"https:\\\/\\\/www.webdo.tn\\\/fr\\\/actualite\\\/national\\\/l-installation-d-un-data-center-meta-en-tunisie-a-l-etude\\\/207637\\\/\"},\"author\":{\"name\":\"CL\",\"@id\":\"https:\\\/\\\/www.webdo.tn\\\/fr\\\/#\\\/schema\\\/person\\\/f35b42a42c5e2511bbd282959d6385cc\"},\"headline\":\"L\u2019installation d\u2019un Data Center Meta en Tunisie \u00e0 l\u2019\u00e9tude\",\"datePublished\":\"2023-08-01T10:34:00+00:00\",\"dateModified\":\"2025-05-20T22:42:09+00:00\",\"mainEntityOfPage\":{\"@id\":\"https:\\\/\\\/www.webdo.tn\\\/fr\\\/actualite\\\/national\\\/l-installation-d-un-data-center-meta-en-tunisie-a-l-etude\\\/207637\\\/\"},\"wordCount\":181,\"commentCount\":0,\"publisher\":{\"@id\":\"https:\\\/\\\/www.webdo.tn\\\/fr\\\/#organization\"},\"image\":{\"@id\":\"https:\\\/\\\/www.webdo.tn\\\/fr\\\/actualite\\\/national\\\/l-installation-d-un-data-center-meta-en-tunisie-a-l-etude\\\/207637\\\/#primaryimage\"},\"thumbnailUrl\":\"https:\\\/\\\/www.webdo.tn\\\/fr\\\/wp-content\\\/uploads\\\/2023\\\/08\\\/e64f8513b88724c2685f0964316c2f10.jpg\",\"keywords\":[\"Data Center\",\"meta\",\"Tunisie\"],\"articleSection\":[\"National\"],\"inLanguage\":\"fr-FR\"},{\"@type\":\"WebPage\",\"@id\":\"https:\\\/\\\/www.webdo.tn\\\/fr\\\/actualite\\\/national\\\/l-installation-d-un-data-center-meta-en-tunisie-a-l-etude\\\/207637\\\/\",\"url\":\"https:\\\/\\\/www.webdo.tn\\\/fr\\\/actualite\\\/national\\\/l-installation-d-un-data-center-meta-en-tunisie-a-l-etude\\\/207637\\\/\",\"name\":\"L\u2019installation d\u2019un Data Center Meta en Tunisie \u00e0 l\u2019\u00e9tude\",\"isPartOf\":{\"@id\":\"https:\\\/\\\/www.webdo.tn\\\/fr\\\/#website\"},\"primaryImageOfPage\":{\"@id\":\"https:\\\/\\\/www.webdo.tn\\\/fr\\\/actualite\\\/national\\\/l-installation-d-un-data-center-meta-en-tunisie-a-l-etude\\\/207637\\\/#primaryimage\"},\"image\":{\"@id\":\"https:\\\/\\\/www.webdo.tn\\\/fr\\\/actualite\\\/national\\\/l-installation-d-un-data-center-meta-en-tunisie-a-l-etude\\\/207637\\\/#primaryimage\"},\"thumbnailUrl\":\"https:\\\/\\\/www.webdo.tn\\\/fr\\\/wp-content\\\/uploads\\\/2023\\\/08\\\/e64f8513b88724c2685f0964316c2f10.jpg\",\"datePublished\":\"2023-08-01T10:34:00+00:00\",\"dateModified\":\"2025-05-20T22:42:09+00:00\",\"description\":\"Le minist\u00e8re des Technologies de la Communication a annonc\u00e9 dans la soir\u00e9e du lundi qu\u2019une d\u00e9l\u00e9gation de l\u2019entreprise am\u00e9ricaine META effectuera au mois d\u2019octob...\",\"breadcrumb\":{\"@id\":\"https:\\\/\\\/www.webdo.tn\\\/fr\\\/actualite\\\/national\\\/l-installation-d-un-data-center-meta-en-tunisie-a-l-etude\\\/207637\\\/#breadcrumb\"},\"inLanguage\":\"fr-FR\",\"potentialAction\":[{\"@type\":\"ReadAction\",\"target\":[\"https:\\\/\\\/www.webdo.tn\\\/fr\\\/actualite\\\/national\\\/l-installation-d-un-data-center-meta-en-tunisie-a-l-etude\\\/207637\\\/\"]}]},{\"@type\":\"ImageObject\",\"inLanguage\":\"fr-FR\",\"@id\":\"https:\\\/\\\/www.webdo.tn\\\/fr\\\/actualite\\\/national\\\/l-installation-d-un-data-center-meta-en-tunisie-a-l-etude\\\/207637\\\/#primaryimage\",\"url\":\"https:\\\/\\\/www.webdo.tn\\\/fr\\\/wp-content\\\/uploads\\\/2023\\\/08\\\/e64f8513b88724c2685f0964316c2f10.jpg\",\"contentUrl\":\"https:\\\/\\\/www.webdo.tn\\\/fr\\\/wp-content\\\/uploads\\\/2023\\\/08\\\/e64f8513b88724c2685f0964316c2f10.jpg\",\"width\":750,\"height\":400,\"caption\":\"L\u2019installation d\u2019un Data Center Meta en Tunisie \u00e0 l\u2019\u00e9tude\"},{\"@type\":\"BreadcrumbList\",\"@id\":\"https:\\\/\\\/www.webdo.tn\\\/fr\\\/actualite\\\/national\\\/l-installation-d-un-data-center-meta-en-tunisie-a-l-etude\\\/207637\\\/#breadcrumb\",\"itemListElement\":[{\"@type\":\"ListItem\",\"position\":1,\"name\":\"Accueil\",\"item\":\"https:\\\/\\\/www.webdo.tn\\\/fr\\\/\"},{\"@type\":\"ListItem\",\"position\":2,\"name\":\"L\u2019installation d\u2019un Data Center Meta en Tunisie \u00e0 l\u2019\u00e9tude\"}]},{\"@type\":\"WebSite\",\"@id\":\"https:\\\/\\\/www.webdo.tn\\\/fr\\\/#website\",\"url\":\"https:\\\/\\\/www.webdo.tn\\\/fr\\\/\",\"name\":\"webdo\",\"description\":\"Tunisie - News en Tunisie et \u00e0 l&#039;international sur Webdo.tn\",\"publisher\":{\"@id\":\"https:\\\/\\\/www.webdo.tn\\\/fr\\\/#organization\"},\"potentialAction\":[{\"@type\":\"SearchAction\",\"target\":{\"@type\":\"EntryPoint\",\"urlTemplate\":\"https:\\\/\\\/www.webdo.tn\\\/fr\\\/?s={search_term_string}\"},\"query-input\":{\"@type\":\"PropertyValueSpecification\",\"valueRequired\":true,\"valueName\":\"search_term_string\"}}],\"inLanguage\":\"fr-FR\"},{\"@type\":\"Organization\",\"@id\":\"https:\\\/\\\/www.webdo.tn\\\/fr\\\/#organization\",\"name\":\"Webdo\",\"alternateName\":\"Webdo.tn\",\"url\":\"https:\\\/\\\/www.webdo.tn\\\/fr\\\/\",\"logo\":{\"@type\":\"ImageObject\",\"inLanguage\":\"fr-FR\",\"@id\":\"https:\\\/\\\/www.webdo.tn\\\/fr\\\/#\\\/schema\\\/logo\\\/image\\\/\",\"url\":\"https:\\\/\\\/www.webdo.tn\\\/fr\\\/wp-content\\\/uploads\\\/2025\\\/06\\\/Webdo-Tunisie_168377.jpg\",\"contentUrl\":\"https:\\\/\\\/www.webdo.tn\\\/fr\\\/wp-content\\\/uploads\\\/2025\\\/06\\\/Webdo-Tunisie_168377.jpg\",\"width\":301,\"height\":301,\"caption\":\"Webdo\"},\"image\":{\"@id\":\"https:\\\/\\\/www.webdo.tn\\\/fr\\\/#\\\/schema\\\/logo\\\/image\\\/\"},\"sameAs\":[\"https:\\\/\\\/www.facebook.com\\\/webdotn\",\"https:\\\/\\\/x.com\\\/webdo_tn\"],\"description\":\"Webdo est un m\u00e9dia num\u00e9rique tunisien fond\u00e9 en 2010, sp\u00e9cialis\u00e9 dans l\u2019actualit\u00e9 nationale et internationale, l\u2019\u00e9conomie, la soci\u00e9t\u00e9 et les analyses politiques. Le site s\u2019adresse \u00e0 un large public francophone et couvre l\u2019information tunisienne en temps r\u00e9el.\",\"email\":\"redac@webdo.tn\",\"legalName\":\"YNJ SARL\",\"foundingDate\":\"2010-09-06\",\"numberOfEmployees\":{\"@type\":\"QuantitativeValue\",\"minValue\":\"11\",\"maxValue\":\"50\"}},{\"@type\":\"Person\",\"@id\":\"https:\\\/\\\/www.webdo.tn\\\/fr\\\/#\\\/schema\\\/person\\\/f35b42a42c5e2511bbd282959d6385cc\",\"name\":\"CL\",\"image\":{\"@type\":\"ImageObject\",\"inLanguage\":\"fr-FR\",\"@id\":\"https:\\\/\\\/secure.gravatar.com\\\/avatar\\\/1447a49909b67aa657c488aec6512e1dd6143a480c1ecfee9b5b5cd74eb3b59e?s=96&d=mm&r=g\",\"url\":\"https:\\\/\\\/secure.gravatar.com\\\/avatar\\\/1447a49909b67aa657c488aec6512e1dd6143a480c1ecfee9b5b5cd74eb3b59e?s=96&d=mm&r=g\",\"contentUrl\":\"https:\\\/\\\/secure.gravatar.com\\\/avatar\\\/1447a49909b67aa657c488aec6512e1dd6143a480c1ecfee9b5b5cd74eb3b59e?s=96&d=mm&r=g\",\"caption\":\"CL\"},\"url\":\"https:\\\/\\\/www.webdo.tn\\\/fr\\\/actualite\\\/author\\\/cl\\\/\"}]}<\/script>\n<!-- \/ Yoast SEO Premium plugin. -->","yoast_head_json":{"title":"L\u2019installation d\u2019un Data Center Meta en Tunisie \u00e0 l\u2019\u00e9tude","description":"Le minist\u00e8re des Technologies de la Communication a annonc\u00e9 dans la soir\u00e9e du lundi qu\u2019une d\u00e9l\u00e9gation de l\u2019entreprise am\u00e9ricaine META effectuera au mois d\u2019octob...","canonical":"https:\/\/www.webdo.tn\/fr\/actualite\/national\/l-installation-d-un-data-center-meta-en-tunisie-a-l-etude\/207637\/","og_locale":"fr_FR","og_type":"article","og_title":"L\u2019installation d\u2019un Data Center Meta en Tunisie \u00e0 l\u2019\u00e9tude","og_description":"Le minist\u00e8re des Technologies de la Communication a annonc\u00e9 dans la soir\u00e9e du lundi qu\u2019une d\u00e9l\u00e9gation de l\u2019entreprise am\u00e9ricaine META effectuera au mois d\u2019octob...","og_url":"https:\/\/www.webdo.tn\/fr\/actualite\/national\/l-installation-d-un-data-center-meta-en-tunisie-a-l-etude\/207637\/","og_site_name":"webdo","article_publisher":"https:\/\/www.facebook.com\/webdotn","article_published_time":"2023-08-01T10:34:00+00:00","article_modified_time":"2025-05-20T22:42:09+00:00","og_image":[{"width":750,"height":400,"url":"https:\/\/www.webdo.tn\/fr\/wp-content\/uploads\/2023\/08\/e64f8513b88724c2685f0964316c2f10.jpg","type":"image\/jpeg"}],"author":"CL","twitter_card":"summary_large_image","twitter_creator":"@webdo_tn","twitter_site":"@webdo_tn","twitter_misc":{"\u00c9crit par":"CL","Dur\u00e9e de lecture estim\u00e9e":"1 minute"},"schema":{"@context":"https:\/\/schema.org","@graph":[{"@type":"NewsArticle","@id":"https:\/\/www.webdo.tn\/fr\/actualite\/national\/l-installation-d-un-data-center-meta-en-tunisie-a-l-etude\/207637\/#article","isPartOf":{"@id":"https:\/\/www.webdo.tn\/fr\/actualite\/national\/l-installation-d-un-data-center-meta-en-tunisie-a-l-etude\/207637\/"},"author":{"name":"CL","@id":"https:\/\/www.webdo.tn\/fr\/#\/schema\/person\/f35b42a42c5e2511bbd282959d6385cc"},"headline":"L\u2019installation d\u2019un Data Center Meta en Tunisie \u00e0 l\u2019\u00e9tude","datePublished":"2023-08-01T10:34:00+00:00","dateModified":"2025-05-20T22:42:09+00:00","mainEntityOfPage":{"@id":"https:\/\/www.webdo.tn\/fr\/actualite\/national\/l-installation-d-un-data-center-meta-en-tunisie-a-l-etude\/207637\/"},"wordCount":181,"commentCount":0,"publisher":{"@id":"https:\/\/www.webdo.tn\/fr\/#organization"},"image":{"@id":"https:\/\/www.webdo.tn\/fr\/actualite\/national\/l-installation-d-un-data-center-meta-en-tunisie-a-l-etude\/207637\/#primaryimage"},"thumbnailUrl":"https:\/\/www.webdo.tn\/fr\/wp-content\/uploads\/2023\/08\/e64f8513b88724c2685f0964316c2f10.jpg","keywords":["Data Center","meta","Tunisie"],"articleSection":["National"],"inLanguage":"fr-FR"},{"@type":"WebPage","@id":"https:\/\/www.webdo.tn\/fr\/actualite\/national\/l-installation-d-un-data-center-meta-en-tunisie-a-l-etude\/207637\/","url":"https:\/\/www.webdo.tn\/fr\/actualite\/national\/l-installation-d-un-data-center-meta-en-tunisie-a-l-etude\/207637\/","name":"L\u2019installation d\u2019un Data Center Meta en Tunisie \u00e0 l\u2019\u00e9tude","isPartOf":{"@id":"https:\/\/www.webdo.tn\/fr\/#website"},"primaryImageOfPage":{"@id":"https:\/\/www.webdo.tn\/fr\/actualite\/national\/l-installation-d-un-data-center-meta-en-tunisie-a-l-etude\/207637\/#primaryimage"},"image":{"@id":"https:\/\/www.webdo.tn\/fr\/actualite\/national\/l-installation-d-un-data-center-meta-en-tunisie-a-l-etude\/207637\/#primaryimage"},"thumbnailUrl":"https:\/\/www.webdo.tn\/fr\/wp-content\/uploads\/2023\/08\/e64f8513b88724c2685f0964316c2f10.jpg","datePublished":"2023-08-01T10:34:00+00:00","dateModified":"2025-05-20T22:42:09+00:00","description":"Le minist\u00e8re des Technologies de la Communication a annonc\u00e9 dans la soir\u00e9e du lundi qu\u2019une d\u00e9l\u00e9gation de l\u2019entreprise am\u00e9ricaine META effectuera au mois d\u2019octob...","breadcrumb":{"@id":"https:\/\/www.webdo.tn\/fr\/actualite\/national\/l-installation-d-un-data-center-meta-en-tunisie-a-l-etude\/207637\/#breadcrumb"},"inLanguage":"fr-FR","potentialAction":[{"@type":"ReadAction","target":["https:\/\/www.webdo.tn\/fr\/actualite\/national\/l-installation-d-un-data-center-meta-en-tunisie-a-l-etude\/207637\/"]}]},{"@type":"ImageObject","inLanguage":"fr-FR","@id":"https:\/\/www.webdo.tn\/fr\/actualite\/national\/l-installation-d-un-data-center-meta-en-tunisie-a-l-etude\/207637\/#primaryimage","url":"https:\/\/www.webdo.tn\/fr\/wp-content\/uploads\/2023\/08\/e64f8513b88724c2685f0964316c2f10.jpg","contentUrl":"https:\/\/www.webdo.tn\/fr\/wp-content\/uploads\/2023\/08\/e64f8513b88724c2685f0964316c2f10.jpg","width":750,"height":400,"caption":"L\u2019installation d\u2019un Data Center Meta en Tunisie \u00e0 l\u2019\u00e9tude"},{"@type":"BreadcrumbList","@id":"https:\/\/www.webdo.tn\/fr\/actualite\/national\/l-installation-d-un-data-center-meta-en-tunisie-a-l-etude\/207637\/#breadcrumb","itemListElement":[{"@type":"ListItem","position":1,"name":"Accueil","item":"https:\/\/www.webdo.tn\/fr\/"},{"@type":"ListItem","position":2,"name":"L\u2019installation d\u2019un Data Center Meta en Tunisie \u00e0 l\u2019\u00e9tude"}]},{"@type":"WebSite","@id":"https:\/\/www.webdo.tn\/fr\/#website","url":"https:\/\/www.webdo.tn\/fr\/","name":"webdo","description":"Tunisie - News en Tunisie et \u00e0 l&#039;international sur Webdo.tn","publisher":{"@id":"https:\/\/www.webdo.tn\/fr\/#organization"},"potentialAction":[{"@type":"SearchAction","target":{"@type":"EntryPoint","urlTemplate":"https:\/\/www.webdo.tn\/fr\/?s={search_term_string}"},"query-input":{"@type":"PropertyValueSpecification","valueRequired":true,"valueName":"search_term_string"}}],"inLanguage":"fr-FR"},{"@type":"Organization","@id":"https:\/\/www.webdo.tn\/fr\/#organization","name":"Webdo","alternateName":"Webdo.tn","url":"https:\/\/www.webdo.tn\/fr\/","logo":{"@type":"ImageObject","inLanguage":"fr-FR","@id":"https:\/\/www.webdo.tn\/fr\/#\/schema\/logo\/image\/","url":"https:\/\/www.webdo.tn\/fr\/wp-content\/uploads\/2025\/06\/Webdo-Tunisie_168377.jpg","contentUrl":"https:\/\/www.webdo.tn\/fr\/wp-content\/uploads\/2025\/06\/Webdo-Tunisie_168377.jpg","width":301,"height":301,"caption":"Webdo"},"image":{"@id":"https:\/\/www.webdo.tn\/fr\/#\/schema\/logo\/image\/"},"sameAs":["https:\/\/www.facebook.com\/webdotn","https:\/\/x.com\/webdo_tn"],"description":"Webdo est un m\u00e9dia num\u00e9rique tunisien fond\u00e9 en 2010, sp\u00e9cialis\u00e9 dans l\u2019actualit\u00e9 nationale et internationale, l\u2019\u00e9conomie, la soci\u00e9t\u00e9 et les analyses politiques. Le site s\u2019adresse \u00e0 un large public francophone et couvre l\u2019information tunisienne en temps r\u00e9el.","email":"redac@webdo.tn","legalName":"YNJ SARL","foundingDate":"2010-09-06","numberOfEmployees":{"@type":"QuantitativeValue","minValue":"11","maxValue":"50"}},{"@type":"Person","@id":"https:\/\/www.webdo.tn\/fr\/#\/schema\/person\/f35b42a42c5e2511bbd282959d6385cc","name":"CL","image":{"@type":"ImageObject","inLanguage":"fr-FR","@id":"https:\/\/secure.gravatar.com\/avatar\/1447a49909b67aa657c488aec6512e1dd6143a480c1ecfee9b5b5cd74eb3b59e?s=96&d=mm&r=g","url":"https:\/\/secure.gravatar.com\/avatar\/1447a49909b67aa657c488aec6512e1dd6143a480c1ecfee9b5b5cd74eb3b59e?s=96&d=mm&r=g","contentUrl":"https:\/\/secure.gravatar.com\/avatar\/1447a49909b67aa657c488aec6512e1dd6143a480c1ecfee9b5b5cd74eb3b59e?s=96&d=mm&r=g","caption":"CL"},"url":"https:\/\/www.webdo.tn\/fr\/actualite\/author\/cl\/"}]}},"_links":{"self":[{"href":"https:\/\/www.webdo.tn\/fr\/wp-json\/wp\/v2\/posts\/207637","targetHints":{"allow":["GET"]}}],"collection":[{"href":"https:\/\/www.webdo.tn\/fr\/wp-json\/wp\/v2\/posts"}],"about":[{"href":"https:\/\/www.webdo.tn\/fr\/wp-json\/wp\/v2\/types\/post"}],"author":[{"embeddable":true,"href":"https:\/\/www.webdo.tn\/fr\/wp-json\/wp\/v2\/users\/3175"}],"replies":[{"embeddable":true,"href":"https:\/\/www.webdo.tn\/fr\/wp-json\/wp\/v2\/comments?post=207637"}],"version-history":[{"count":0,"href":"https:\/\/www.webdo.tn\/fr\/wp-json\/wp\/v2\/posts\/207637\/revisions"}],"wp:featuredmedia":[{"embeddable":true,"href":"https:\/\/www.webdo.tn\/fr\/wp-json\/wp\/v2\/media\/249648"}],"wp:attachment":[{"href":"https:\/\/www.webdo.tn\/fr\/wp-json\/wp\/v2\/media?parent=207637"}],"wp:term":[{"taxonomy":"category","embeddable":true,"href":"https:\/\/www.webdo.tn\/fr\/wp-json\/wp\/v2\/categories?post=207637"},{"taxonomy":"post_tag","embeddable":true,"href":"https:\/\/www.webdo.tn\/fr\/wp-json\/wp\/v2\/tags?post=207637"}],"curies":[{"name":"wp","href":"https:\/\/api.w.org\/{rel}","templated":true}]}}