{"id":207632,"date":"2023-08-01T08:13:00","date_gmt":"2023-08-01T08:13:00","guid":{"rendered":"https:\/\/www.webdo.tn\/fr\/blog\/l-ile-de-djerba-a-l-agenda-de-la-45e-session-elargie-du-comite-du-patrimoine-mondial\/207632\/"},"modified":"2025-05-20T22:42:08","modified_gmt":"2025-05-20T22:42:08","slug":"l-ile-de-djerba-a-l-agenda-de-la-45e-session-elargie-du-comite-du-patrimoine-mondial","status":"publish","type":"post","link":"https:\/\/www.webdo.tn\/fr\/actualite\/national\/l-ile-de-djerba-a-l-agenda-de-la-45e-session-elargie-du-comite-du-patrimoine-mondial\/207632\/","title":{"rendered":"Djerba \u00e0 l\u2019agenda de la 45e session du Comit\u00e9 du patrimoine mondial"},"content":{"rendered":"<p>Le dossier d\u2019inscription de l\u2019Ile de Djerba sur la liste du patrimoine mondial de l\u2019Unesco sera \u00e0 l\u2019agenda de la 45e session \u00e9largie du Comit\u00e9 du patrimoine mondial qui aura lieu du 10 au 25 septembre, \u00e0 Riyad (Arabie Saoudite).<\/p>\n<p>Selon un communiqu\u00e9 de l\u2019Unesco publi\u00e9 lundi et dont une copie est parvenue \u00e0 la TAP, le Comit\u00e9 se r\u00e9unira pour inscrire de nouveaux sites sur la Liste du patrimoine mondial. 53 sites candidats sont au menu dont des sites naturels, des sites culturels et des sites mixtes (naturels et culturels).<\/p>\n<p>A partir du 16 septembre, le Comit\u00e9 du patrimoine mondial commencera l\u2019examen des propositions d&rsquo;inscription sur la Liste du patrimoine mondial de l&rsquo;UNESCO, en d\u00e9butant par les candidatures qui n&rsquo;ont pas pu \u00eatre examin\u00e9es l\u2019ann\u00e9e derni\u00e8re.<\/p>\n<p>Le Comit\u00e9 sera \u00e9galement diffus\u00e9 en webcast. Le 11 septembre l\u2019UNESCO et les autorit\u00e9s saoudiennes tiendront une conf\u00e9rence de presse qui sera diffus\u00e9e en ligne.<\/p>\n<p>\u00a0\u00bb Djerba : paysage culturel, t\u00e9moignage d\u2019un mode d\u2019occupation d\u2019un territoire insulaire \u00a0\u00bb sera parmi les Sites culturels nomin\u00e9s en 2023. Sur la m\u00eame liste, figurent \u00e9galement les dossiers de pays comme la Palestine (Ancien J\u00e9richo \/ Tell es-Sultan), la Turquie (Mosqu\u00e9e m\u00e9di\u00e9vales d\u2019Anatolie dot\u00e9es de colonnes et d\u2019une structure sup\u00e9rieure en bois) et l\u2019Iran (Le paysage culturel de Masouleh).<\/p>\n","protected":false},"excerpt":{"rendered":"<p>Le dossier d\u2019inscription de l\u2019Ile de Djerba sur la liste du patrimoine mondial de l\u2019Unesco sera \u00e0 l\u2019agenda de la 45e session \u00e9largie du Comit\u00e9 du patrimoine mon&#8230;<\/p>\n","protected":false},"author":3175,"featured_media":249647,"comment_status":"open","ping_status":"closed","sticky":false,"template":"","format":"standard","meta":{"footnotes":""},"categories":[44],"tags":[3696,7895,2608],"class_list":["post-207632","post","type-post","status-publish","format-standard","has-post-thumbnail","hentry","category-national","tag-djerba","tag-patrimoine-mondial","tag-tunisie"],"yoast_head":"<!-- This site is optimized with the Yoast SEO Premium plugin v27.5 (Yoast SEO v27.5) - https:\/\/yoast.com\/product\/yoast-seo-premium-wordpress\/ -->\n<title>Djerba \u00e0 l\u2019agenda de la 45e session du Comit\u00e9 du patrimoine mondial<\/title>\n<meta name=\"description\" content=\"Le dossier d\u2019inscription de l\u2019Ile de Djerba sur la liste du patrimoine mondial de l\u2019Unesco sera \u00e0 l\u2019agenda de la 45e session \u00e9largie du Comit\u00e9 du patrimoine mon...\" \/>\n<link rel=\"canonical\" href=\"https:\/\/www.webdo.tn\/fr\/actualite\/national\/l-ile-de-djerba-a-l-agenda-de-la-45e-session-elargie-du-comite-du-patrimoine-mondial\/207632\/\" \/>\n<meta property=\"og:locale\" content=\"fr_FR\" \/>\n<meta property=\"og:type\" content=\"article\" \/>\n<meta property=\"og:title\" content=\"Djerba \u00e0 l\u2019agenda de la 45e session du Comit\u00e9 du patrimoine mondial\" \/>\n<meta property=\"og:description\" content=\"Le dossier d\u2019inscription de l\u2019Ile de Djerba sur la liste du patrimoine mondial de l\u2019Unesco sera \u00e0 l\u2019agenda de la 45e session \u00e9largie du Comit\u00e9 du patrimoine mon...\" \/>\n<meta property=\"og:url\" content=\"https:\/\/www.webdo.tn\/fr\/actualite\/national\/l-ile-de-djerba-a-l-agenda-de-la-45e-session-elargie-du-comite-du-patrimoine-mondial\/207632\/\" \/>\n<meta property=\"og:site_name\" content=\"webdo\" \/>\n<meta property=\"article:publisher\" content=\"https:\/\/www.facebook.com\/webdotn\" \/>\n<meta property=\"article:published_time\" content=\"2023-08-01T08:13:00+00:00\" \/>\n<meta property=\"article:modified_time\" content=\"2025-05-20T22:42:08+00:00\" \/>\n<meta property=\"og:image\" content=\"https:\/\/www.webdo.tn\/fr\/wp-content\/uploads\/2023\/08\/8f67e88f022d96682b390aed9a5af25b.jpg\" \/>\n\t<meta property=\"og:image:width\" content=\"750\" \/>\n\t<meta property=\"og:image:height\" content=\"400\" \/>\n\t<meta property=\"og:image:type\" content=\"image\/jpeg\" \/>\n<meta name=\"author\" content=\"CL\" \/>\n<meta name=\"twitter:card\" content=\"summary_large_image\" \/>\n<meta name=\"twitter:creator\" content=\"@webdo_tn\" \/>\n<meta name=\"twitter:site\" content=\"@webdo_tn\" \/>\n<meta name=\"twitter:label1\" content=\"\u00c9crit par\" \/>\n\t<meta name=\"twitter:data1\" content=\"CL\" \/>\n\t<meta name=\"twitter:label2\" content=\"Dur\u00e9e de lecture estim\u00e9e\" \/>\n\t<meta name=\"twitter:data2\" content=\"1 minute\" \/>\n<script type=\"application\/ld+json\" class=\"yoast-schema-graph\">{\"@context\":\"https:\\\/\\\/schema.org\",\"@graph\":[{\"@type\":\"NewsArticle\",\"@id\":\"https:\\\/\\\/www.webdo.tn\\\/fr\\\/actualite\\\/national\\\/l-ile-de-djerba-a-l-agenda-de-la-45e-session-elargie-du-comite-du-patrimoine-mondial\\\/207632\\\/#article\",\"isPartOf\":{\"@id\":\"https:\\\/\\\/www.webdo.tn\\\/fr\\\/actualite\\\/national\\\/l-ile-de-djerba-a-l-agenda-de-la-45e-session-elargie-du-comite-du-patrimoine-mondial\\\/207632\\\/\"},\"author\":{\"name\":\"CL\",\"@id\":\"https:\\\/\\\/www.webdo.tn\\\/fr\\\/#\\\/schema\\\/person\\\/f35b42a42c5e2511bbd282959d6385cc\"},\"headline\":\"Djerba \u00e0 l\u2019agenda de la 45e session du Comit\u00e9 du patrimoine mondial\",\"datePublished\":\"2023-08-01T08:13:00+00:00\",\"dateModified\":\"2025-05-20T22:42:08+00:00\",\"mainEntityOfPage\":{\"@id\":\"https:\\\/\\\/www.webdo.tn\\\/fr\\\/actualite\\\/national\\\/l-ile-de-djerba-a-l-agenda-de-la-45e-session-elargie-du-comite-du-patrimoine-mondial\\\/207632\\\/\"},\"wordCount\":245,\"commentCount\":0,\"publisher\":{\"@id\":\"https:\\\/\\\/www.webdo.tn\\\/fr\\\/#organization\"},\"image\":{\"@id\":\"https:\\\/\\\/www.webdo.tn\\\/fr\\\/actualite\\\/national\\\/l-ile-de-djerba-a-l-agenda-de-la-45e-session-elargie-du-comite-du-patrimoine-mondial\\\/207632\\\/#primaryimage\"},\"thumbnailUrl\":\"https:\\\/\\\/www.webdo.tn\\\/fr\\\/wp-content\\\/uploads\\\/2023\\\/08\\\/8f67e88f022d96682b390aed9a5af25b.jpg\",\"keywords\":[\"djerba\",\"Patrimoine mondial\",\"Tunisie\"],\"articleSection\":[\"National\"],\"inLanguage\":\"fr-FR\"},{\"@type\":\"WebPage\",\"@id\":\"https:\\\/\\\/www.webdo.tn\\\/fr\\\/actualite\\\/national\\\/l-ile-de-djerba-a-l-agenda-de-la-45e-session-elargie-du-comite-du-patrimoine-mondial\\\/207632\\\/\",\"url\":\"https:\\\/\\\/www.webdo.tn\\\/fr\\\/actualite\\\/national\\\/l-ile-de-djerba-a-l-agenda-de-la-45e-session-elargie-du-comite-du-patrimoine-mondial\\\/207632\\\/\",\"name\":\"Djerba \u00e0 l\u2019agenda de la 45e session du Comit\u00e9 du patrimoine mondial\",\"isPartOf\":{\"@id\":\"https:\\\/\\\/www.webdo.tn\\\/fr\\\/#website\"},\"primaryImageOfPage\":{\"@id\":\"https:\\\/\\\/www.webdo.tn\\\/fr\\\/actualite\\\/national\\\/l-ile-de-djerba-a-l-agenda-de-la-45e-session-elargie-du-comite-du-patrimoine-mondial\\\/207632\\\/#primaryimage\"},\"image\":{\"@id\":\"https:\\\/\\\/www.webdo.tn\\\/fr\\\/actualite\\\/national\\\/l-ile-de-djerba-a-l-agenda-de-la-45e-session-elargie-du-comite-du-patrimoine-mondial\\\/207632\\\/#primaryimage\"},\"thumbnailUrl\":\"https:\\\/\\\/www.webdo.tn\\\/fr\\\/wp-content\\\/uploads\\\/2023\\\/08\\\/8f67e88f022d96682b390aed9a5af25b.jpg\",\"datePublished\":\"2023-08-01T08:13:00+00:00\",\"dateModified\":\"2025-05-20T22:42:08+00:00\",\"description\":\"Le dossier d\u2019inscription de l\u2019Ile de Djerba sur la liste du patrimoine mondial de l\u2019Unesco sera \u00e0 l\u2019agenda de la 45e session \u00e9largie du Comit\u00e9 du patrimoine mon...\",\"breadcrumb\":{\"@id\":\"https:\\\/\\\/www.webdo.tn\\\/fr\\\/actualite\\\/national\\\/l-ile-de-djerba-a-l-agenda-de-la-45e-session-elargie-du-comite-du-patrimoine-mondial\\\/207632\\\/#breadcrumb\"},\"inLanguage\":\"fr-FR\",\"potentialAction\":[{\"@type\":\"ReadAction\",\"target\":[\"https:\\\/\\\/www.webdo.tn\\\/fr\\\/actualite\\\/national\\\/l-ile-de-djerba-a-l-agenda-de-la-45e-session-elargie-du-comite-du-patrimoine-mondial\\\/207632\\\/\"]}]},{\"@type\":\"ImageObject\",\"inLanguage\":\"fr-FR\",\"@id\":\"https:\\\/\\\/www.webdo.tn\\\/fr\\\/actualite\\\/national\\\/l-ile-de-djerba-a-l-agenda-de-la-45e-session-elargie-du-comite-du-patrimoine-mondial\\\/207632\\\/#primaryimage\",\"url\":\"https:\\\/\\\/www.webdo.tn\\\/fr\\\/wp-content\\\/uploads\\\/2023\\\/08\\\/8f67e88f022d96682b390aed9a5af25b.jpg\",\"contentUrl\":\"https:\\\/\\\/www.webdo.tn\\\/fr\\\/wp-content\\\/uploads\\\/2023\\\/08\\\/8f67e88f022d96682b390aed9a5af25b.jpg\",\"width\":750,\"height\":400,\"caption\":\"Djerba \u00e0 l\u2019agenda de la 45e session du Comit\u00e9 du patrimoine mondial\"},{\"@type\":\"BreadcrumbList\",\"@id\":\"https:\\\/\\\/www.webdo.tn\\\/fr\\\/actualite\\\/national\\\/l-ile-de-djerba-a-l-agenda-de-la-45e-session-elargie-du-comite-du-patrimoine-mondial\\\/207632\\\/#breadcrumb\",\"itemListElement\":[{\"@type\":\"ListItem\",\"position\":1,\"name\":\"Accueil\",\"item\":\"https:\\\/\\\/www.webdo.tn\\\/fr\\\/\"},{\"@type\":\"ListItem\",\"position\":2,\"name\":\"Djerba \u00e0 l\u2019agenda de la 45e session du Comit\u00e9 du patrimoine mondial\"}]},{\"@type\":\"WebSite\",\"@id\":\"https:\\\/\\\/www.webdo.tn\\\/fr\\\/#website\",\"url\":\"https:\\\/\\\/www.webdo.tn\\\/fr\\\/\",\"name\":\"webdo\",\"description\":\"Tunisie - News en Tunisie et \u00e0 l&#039;international sur Webdo.tn\",\"publisher\":{\"@id\":\"https:\\\/\\\/www.webdo.tn\\\/fr\\\/#organization\"},\"potentialAction\":[{\"@type\":\"SearchAction\",\"target\":{\"@type\":\"EntryPoint\",\"urlTemplate\":\"https:\\\/\\\/www.webdo.tn\\\/fr\\\/?s={search_term_string}\"},\"query-input\":{\"@type\":\"PropertyValueSpecification\",\"valueRequired\":true,\"valueName\":\"search_term_string\"}}],\"inLanguage\":\"fr-FR\"},{\"@type\":\"Organization\",\"@id\":\"https:\\\/\\\/www.webdo.tn\\\/fr\\\/#organization\",\"name\":\"Webdo\",\"alternateName\":\"Webdo.tn\",\"url\":\"https:\\\/\\\/www.webdo.tn\\\/fr\\\/\",\"logo\":{\"@type\":\"ImageObject\",\"inLanguage\":\"fr-FR\",\"@id\":\"https:\\\/\\\/www.webdo.tn\\\/fr\\\/#\\\/schema\\\/logo\\\/image\\\/\",\"url\":\"https:\\\/\\\/www.webdo.tn\\\/fr\\\/wp-content\\\/uploads\\\/2025\\\/06\\\/Webdo-Tunisie_168377.jpg\",\"contentUrl\":\"https:\\\/\\\/www.webdo.tn\\\/fr\\\/wp-content\\\/uploads\\\/2025\\\/06\\\/Webdo-Tunisie_168377.jpg\",\"width\":301,\"height\":301,\"caption\":\"Webdo\"},\"image\":{\"@id\":\"https:\\\/\\\/www.webdo.tn\\\/fr\\\/#\\\/schema\\\/logo\\\/image\\\/\"},\"sameAs\":[\"https:\\\/\\\/www.facebook.com\\\/webdotn\",\"https:\\\/\\\/x.com\\\/webdo_tn\"],\"description\":\"Webdo est un m\u00e9dia num\u00e9rique tunisien fond\u00e9 en 2010, sp\u00e9cialis\u00e9 dans l\u2019actualit\u00e9 nationale et internationale, l\u2019\u00e9conomie, la soci\u00e9t\u00e9 et les analyses politiques. Le site s\u2019adresse \u00e0 un large public francophone et couvre l\u2019information tunisienne en temps r\u00e9el.\",\"email\":\"redac@webdo.tn\",\"legalName\":\"YNJ SARL\",\"foundingDate\":\"2010-09-06\",\"numberOfEmployees\":{\"@type\":\"QuantitativeValue\",\"minValue\":\"11\",\"maxValue\":\"50\"}},{\"@type\":\"Person\",\"@id\":\"https:\\\/\\\/www.webdo.tn\\\/fr\\\/#\\\/schema\\\/person\\\/f35b42a42c5e2511bbd282959d6385cc\",\"name\":\"CL\",\"image\":{\"@type\":\"ImageObject\",\"inLanguage\":\"fr-FR\",\"@id\":\"https:\\\/\\\/secure.gravatar.com\\\/avatar\\\/1447a49909b67aa657c488aec6512e1dd6143a480c1ecfee9b5b5cd74eb3b59e?s=96&d=mm&r=g\",\"url\":\"https:\\\/\\\/secure.gravatar.com\\\/avatar\\\/1447a49909b67aa657c488aec6512e1dd6143a480c1ecfee9b5b5cd74eb3b59e?s=96&d=mm&r=g\",\"contentUrl\":\"https:\\\/\\\/secure.gravatar.com\\\/avatar\\\/1447a49909b67aa657c488aec6512e1dd6143a480c1ecfee9b5b5cd74eb3b59e?s=96&d=mm&r=g\",\"caption\":\"CL\"},\"url\":\"https:\\\/\\\/www.webdo.tn\\\/fr\\\/actualite\\\/author\\\/cl\\\/\"}]}<\/script>\n<!-- \/ Yoast SEO Premium plugin. -->","yoast_head_json":{"title":"Djerba \u00e0 l\u2019agenda de la 45e session du Comit\u00e9 du patrimoine mondial","description":"Le dossier d\u2019inscription de l\u2019Ile de Djerba sur la liste du patrimoine mondial de l\u2019Unesco sera \u00e0 l\u2019agenda de la 45e session \u00e9largie du Comit\u00e9 du patrimoine mon...","canonical":"https:\/\/www.webdo.tn\/fr\/actualite\/national\/l-ile-de-djerba-a-l-agenda-de-la-45e-session-elargie-du-comite-du-patrimoine-mondial\/207632\/","og_locale":"fr_FR","og_type":"article","og_title":"Djerba \u00e0 l\u2019agenda de la 45e session du Comit\u00e9 du patrimoine mondial","og_description":"Le dossier d\u2019inscription de l\u2019Ile de Djerba sur la liste du patrimoine mondial de l\u2019Unesco sera \u00e0 l\u2019agenda de la 45e session \u00e9largie du Comit\u00e9 du patrimoine mon...","og_url":"https:\/\/www.webdo.tn\/fr\/actualite\/national\/l-ile-de-djerba-a-l-agenda-de-la-45e-session-elargie-du-comite-du-patrimoine-mondial\/207632\/","og_site_name":"webdo","article_publisher":"https:\/\/www.facebook.com\/webdotn","article_published_time":"2023-08-01T08:13:00+00:00","article_modified_time":"2025-05-20T22:42:08+00:00","og_image":[{"width":750,"height":400,"url":"https:\/\/www.webdo.tn\/fr\/wp-content\/uploads\/2023\/08\/8f67e88f022d96682b390aed9a5af25b.jpg","type":"image\/jpeg"}],"author":"CL","twitter_card":"summary_large_image","twitter_creator":"@webdo_tn","twitter_site":"@webdo_tn","twitter_misc":{"\u00c9crit par":"CL","Dur\u00e9e de lecture estim\u00e9e":"1 minute"},"schema":{"@context":"https:\/\/schema.org","@graph":[{"@type":"NewsArticle","@id":"https:\/\/www.webdo.tn\/fr\/actualite\/national\/l-ile-de-djerba-a-l-agenda-de-la-45e-session-elargie-du-comite-du-patrimoine-mondial\/207632\/#article","isPartOf":{"@id":"https:\/\/www.webdo.tn\/fr\/actualite\/national\/l-ile-de-djerba-a-l-agenda-de-la-45e-session-elargie-du-comite-du-patrimoine-mondial\/207632\/"},"author":{"name":"CL","@id":"https:\/\/www.webdo.tn\/fr\/#\/schema\/person\/f35b42a42c5e2511bbd282959d6385cc"},"headline":"Djerba \u00e0 l\u2019agenda de la 45e session du Comit\u00e9 du patrimoine mondial","datePublished":"2023-08-01T08:13:00+00:00","dateModified":"2025-05-20T22:42:08+00:00","mainEntityOfPage":{"@id":"https:\/\/www.webdo.tn\/fr\/actualite\/national\/l-ile-de-djerba-a-l-agenda-de-la-45e-session-elargie-du-comite-du-patrimoine-mondial\/207632\/"},"wordCount":245,"commentCount":0,"publisher":{"@id":"https:\/\/www.webdo.tn\/fr\/#organization"},"image":{"@id":"https:\/\/www.webdo.tn\/fr\/actualite\/national\/l-ile-de-djerba-a-l-agenda-de-la-45e-session-elargie-du-comite-du-patrimoine-mondial\/207632\/#primaryimage"},"thumbnailUrl":"https:\/\/www.webdo.tn\/fr\/wp-content\/uploads\/2023\/08\/8f67e88f022d96682b390aed9a5af25b.jpg","keywords":["djerba","Patrimoine mondial","Tunisie"],"articleSection":["National"],"inLanguage":"fr-FR"},{"@type":"WebPage","@id":"https:\/\/www.webdo.tn\/fr\/actualite\/national\/l-ile-de-djerba-a-l-agenda-de-la-45e-session-elargie-du-comite-du-patrimoine-mondial\/207632\/","url":"https:\/\/www.webdo.tn\/fr\/actualite\/national\/l-ile-de-djerba-a-l-agenda-de-la-45e-session-elargie-du-comite-du-patrimoine-mondial\/207632\/","name":"Djerba \u00e0 l\u2019agenda de la 45e session du Comit\u00e9 du patrimoine mondial","isPartOf":{"@id":"https:\/\/www.webdo.tn\/fr\/#website"},"primaryImageOfPage":{"@id":"https:\/\/www.webdo.tn\/fr\/actualite\/national\/l-ile-de-djerba-a-l-agenda-de-la-45e-session-elargie-du-comite-du-patrimoine-mondial\/207632\/#primaryimage"},"image":{"@id":"https:\/\/www.webdo.tn\/fr\/actualite\/national\/l-ile-de-djerba-a-l-agenda-de-la-45e-session-elargie-du-comite-du-patrimoine-mondial\/207632\/#primaryimage"},"thumbnailUrl":"https:\/\/www.webdo.tn\/fr\/wp-content\/uploads\/2023\/08\/8f67e88f022d96682b390aed9a5af25b.jpg","datePublished":"2023-08-01T08:13:00+00:00","dateModified":"2025-05-20T22:42:08+00:00","description":"Le dossier d\u2019inscription de l\u2019Ile de Djerba sur la liste du patrimoine mondial de l\u2019Unesco sera \u00e0 l\u2019agenda de la 45e session \u00e9largie du Comit\u00e9 du patrimoine mon...","breadcrumb":{"@id":"https:\/\/www.webdo.tn\/fr\/actualite\/national\/l-ile-de-djerba-a-l-agenda-de-la-45e-session-elargie-du-comite-du-patrimoine-mondial\/207632\/#breadcrumb"},"inLanguage":"fr-FR","potentialAction":[{"@type":"ReadAction","target":["https:\/\/www.webdo.tn\/fr\/actualite\/national\/l-ile-de-djerba-a-l-agenda-de-la-45e-session-elargie-du-comite-du-patrimoine-mondial\/207632\/"]}]},{"@type":"ImageObject","inLanguage":"fr-FR","@id":"https:\/\/www.webdo.tn\/fr\/actualite\/national\/l-ile-de-djerba-a-l-agenda-de-la-45e-session-elargie-du-comite-du-patrimoine-mondial\/207632\/#primaryimage","url":"https:\/\/www.webdo.tn\/fr\/wp-content\/uploads\/2023\/08\/8f67e88f022d96682b390aed9a5af25b.jpg","contentUrl":"https:\/\/www.webdo.tn\/fr\/wp-content\/uploads\/2023\/08\/8f67e88f022d96682b390aed9a5af25b.jpg","width":750,"height":400,"caption":"Djerba \u00e0 l\u2019agenda de la 45e session du Comit\u00e9 du patrimoine mondial"},{"@type":"BreadcrumbList","@id":"https:\/\/www.webdo.tn\/fr\/actualite\/national\/l-ile-de-djerba-a-l-agenda-de-la-45e-session-elargie-du-comite-du-patrimoine-mondial\/207632\/#breadcrumb","itemListElement":[{"@type":"ListItem","position":1,"name":"Accueil","item":"https:\/\/www.webdo.tn\/fr\/"},{"@type":"ListItem","position":2,"name":"Djerba \u00e0 l\u2019agenda de la 45e session du Comit\u00e9 du patrimoine mondial"}]},{"@type":"WebSite","@id":"https:\/\/www.webdo.tn\/fr\/#website","url":"https:\/\/www.webdo.tn\/fr\/","name":"webdo","description":"Tunisie - News en Tunisie et \u00e0 l&#039;international sur Webdo.tn","publisher":{"@id":"https:\/\/www.webdo.tn\/fr\/#organization"},"potentialAction":[{"@type":"SearchAction","target":{"@type":"EntryPoint","urlTemplate":"https:\/\/www.webdo.tn\/fr\/?s={search_term_string}"},"query-input":{"@type":"PropertyValueSpecification","valueRequired":true,"valueName":"search_term_string"}}],"inLanguage":"fr-FR"},{"@type":"Organization","@id":"https:\/\/www.webdo.tn\/fr\/#organization","name":"Webdo","alternateName":"Webdo.tn","url":"https:\/\/www.webdo.tn\/fr\/","logo":{"@type":"ImageObject","inLanguage":"fr-FR","@id":"https:\/\/www.webdo.tn\/fr\/#\/schema\/logo\/image\/","url":"https:\/\/www.webdo.tn\/fr\/wp-content\/uploads\/2025\/06\/Webdo-Tunisie_168377.jpg","contentUrl":"https:\/\/www.webdo.tn\/fr\/wp-content\/uploads\/2025\/06\/Webdo-Tunisie_168377.jpg","width":301,"height":301,"caption":"Webdo"},"image":{"@id":"https:\/\/www.webdo.tn\/fr\/#\/schema\/logo\/image\/"},"sameAs":["https:\/\/www.facebook.com\/webdotn","https:\/\/x.com\/webdo_tn"],"description":"Webdo est un m\u00e9dia num\u00e9rique tunisien fond\u00e9 en 2010, sp\u00e9cialis\u00e9 dans l\u2019actualit\u00e9 nationale et internationale, l\u2019\u00e9conomie, la soci\u00e9t\u00e9 et les analyses politiques. Le site s\u2019adresse \u00e0 un large public francophone et couvre l\u2019information tunisienne en temps r\u00e9el.","email":"redac@webdo.tn","legalName":"YNJ SARL","foundingDate":"2010-09-06","numberOfEmployees":{"@type":"QuantitativeValue","minValue":"11","maxValue":"50"}},{"@type":"Person","@id":"https:\/\/www.webdo.tn\/fr\/#\/schema\/person\/f35b42a42c5e2511bbd282959d6385cc","name":"CL","image":{"@type":"ImageObject","inLanguage":"fr-FR","@id":"https:\/\/secure.gravatar.com\/avatar\/1447a49909b67aa657c488aec6512e1dd6143a480c1ecfee9b5b5cd74eb3b59e?s=96&d=mm&r=g","url":"https:\/\/secure.gravatar.com\/avatar\/1447a49909b67aa657c488aec6512e1dd6143a480c1ecfee9b5b5cd74eb3b59e?s=96&d=mm&r=g","contentUrl":"https:\/\/secure.gravatar.com\/avatar\/1447a49909b67aa657c488aec6512e1dd6143a480c1ecfee9b5b5cd74eb3b59e?s=96&d=mm&r=g","caption":"CL"},"url":"https:\/\/www.webdo.tn\/fr\/actualite\/author\/cl\/"}]}},"_links":{"self":[{"href":"https:\/\/www.webdo.tn\/fr\/wp-json\/wp\/v2\/posts\/207632","targetHints":{"allow":["GET"]}}],"collection":[{"href":"https:\/\/www.webdo.tn\/fr\/wp-json\/wp\/v2\/posts"}],"about":[{"href":"https:\/\/www.webdo.tn\/fr\/wp-json\/wp\/v2\/types\/post"}],"author":[{"embeddable":true,"href":"https:\/\/www.webdo.tn\/fr\/wp-json\/wp\/v2\/users\/3175"}],"replies":[{"embeddable":true,"href":"https:\/\/www.webdo.tn\/fr\/wp-json\/wp\/v2\/comments?post=207632"}],"version-history":[{"count":0,"href":"https:\/\/www.webdo.tn\/fr\/wp-json\/wp\/v2\/posts\/207632\/revisions"}],"wp:featuredmedia":[{"embeddable":true,"href":"https:\/\/www.webdo.tn\/fr\/wp-json\/wp\/v2\/media\/249647"}],"wp:attachment":[{"href":"https:\/\/www.webdo.tn\/fr\/wp-json\/wp\/v2\/media?parent=207632"}],"wp:term":[{"taxonomy":"category","embeddable":true,"href":"https:\/\/www.webdo.tn\/fr\/wp-json\/wp\/v2\/categories?post=207632"},{"taxonomy":"post_tag","embeddable":true,"href":"https:\/\/www.webdo.tn\/fr\/wp-json\/wp\/v2\/tags?post=207632"}],"curies":[{"name":"wp","href":"https:\/\/api.w.org\/{rel}","templated":true}]}}