{"id":207622,"date":"2023-07-31T19:15:00","date_gmt":"2023-07-31T19:15:00","guid":{"rendered":"https:\/\/www.webdo.tn\/fr\/blog\/la-refonte-du-code-des-changes-au-centre-d-une-seance-de-travail-ministerielle\/207622\/"},"modified":"2025-05-20T22:42:08","modified_gmt":"2025-05-20T22:42:08","slug":"la-refonte-du-code-des-changes-au-centre-d-une-seance-de-travail-ministerielle","status":"publish","type":"post","link":"https:\/\/www.webdo.tn\/fr\/actualite\/national\/la-refonte-du-code-des-changes-au-centre-d-une-seance-de-travail-ministerielle\/207622\/","title":{"rendered":"La refonte du code des changes au centre d&rsquo;une s\u00e9ance de travail minist\u00e9rielle"},"content":{"rendered":"<p>La poursuite de l&rsquo;examen du projet de loi relatif \u00e0 la r\u00e9vision du code des changes a \u00e9t\u00e9 au centre d&rsquo;une s\u00e9ance de travail minist\u00e9rielle pr\u00e9sid\u00e9e, lundi, par la cheffe du gouvernement, Najla Bouden, au Palais de la Kasbah.<\/p>\n<p>\t\t\t\t\t\t\t\t\tLors de cette s\u00e9ance \u00e0 laquelle ont pris part le gouverneur de la Banque Centrale de Tunisie (BCT), Marouane Abassi et les ministres des Finances et de l&rsquo;Economie, Sihem Namssia et Samir Saied, les participants ont appel\u00e9 \u00e0 acc\u00e9l\u00e9rer la finalisation de ce projet de loi.<\/p>\n<p>Le projet de refonte du code des changes s&rsquo;inscrit dans le cadre du programme national de r\u00e9formes visant \u00e0 am\u00e9liorer le climat des affaires et de l&rsquo;investissement et \u00e0 rendre cette r\u00e9glementation \u00a0\u00bb plus efficiente \u00ab\u00a0, indique un communiqu\u00e9 publi\u00e9 par la pr\u00e9sidence du gouvernement.<\/p>\n<p>Ce projet entend \u00e9galement contribuer \u00e0 attirer les investissements \u00e9trangers, renforcer la confiance des op\u00e9rateurs \u00e9conomiques et am\u00e9liorer la comp\u00e9titivit\u00e9 des entreprises en les aidant \u00e0 conqu\u00e9rir les march\u00e9s internationaux<\/p>\n<p>La directrice des op\u00e9rations de change \u00e0 la BCT, Raoudha Boukadida avait d\u00e9clar\u00e9, en juin dernier, que le nouveau code des changes va permettre de \u00ab\u00a0lib\u00e9raliser le dinar progressivement\u00a0\u00bb.<\/p>\n<p>Elle avait ajout\u00e9 que ce projet permettra de contribuer \u00e0 am\u00e9liorer le climat des affaires dans le pays, pr\u00e9cisant \u00e0 cet \u00e9gard, que les participations \u00e9trang\u00e8res au capital des soci\u00e9t\u00e9s \u00e9tablies en Tunisie et op\u00e9rant dans les secteurs qui ne sont pas encadr\u00e9s par la loi comme les TIC, ne seront plus soumises \u00e0 des autorisations de l&rsquo;institut d&rsquo;\u00e9mission.<\/p>\n","protected":false},"excerpt":{"rendered":"<p>La poursuite de l&rsquo;examen du projet de loi relatif \u00e0 la r\u00e9vision du code des changes a \u00e9t\u00e9 au centre d&rsquo;une s\u00e9ance de travail minist\u00e9rielle pr\u00e9sid\u00e9e, lundi, par l&#8230;<\/p>\n","protected":false},"author":3175,"featured_media":249646,"comment_status":"open","ping_status":"closed","sticky":false,"template":"","format":"standard","meta":{"footnotes":""},"categories":[44],"tags":[6851,2608],"class_list":["post-207622","post","type-post","status-publish","format-standard","has-post-thumbnail","hentry","category-national","tag-code-des-changes","tag-tunisie"],"yoast_head":"<!-- This site is optimized with the Yoast SEO Premium plugin v27.5 (Yoast SEO v27.5) - https:\/\/yoast.com\/product\/yoast-seo-premium-wordpress\/ -->\n<title>La refonte du code des changes au centre d&#039;une s\u00e9ance de travail minist\u00e9rielle<\/title>\n<meta name=\"description\" content=\"La poursuite de l&#039;examen du projet de loi relatif \u00e0 la r\u00e9vision du code des changes a \u00e9t\u00e9 au centre d&#039;une s\u00e9ance de travail minist\u00e9rielle pr\u00e9sid\u00e9e, lundi, par l...\" \/>\n<link rel=\"canonical\" href=\"https:\/\/www.webdo.tn\/fr\/actualite\/national\/la-refonte-du-code-des-changes-au-centre-d-une-seance-de-travail-ministerielle\/207622\/\" \/>\n<meta property=\"og:locale\" content=\"fr_FR\" \/>\n<meta property=\"og:type\" content=\"article\" \/>\n<meta property=\"og:title\" content=\"La refonte du code des changes au centre d&#039;une s\u00e9ance de travail minist\u00e9rielle\" \/>\n<meta property=\"og:description\" content=\"La poursuite de l&#039;examen du projet de loi relatif \u00e0 la r\u00e9vision du code des changes a \u00e9t\u00e9 au centre d&#039;une s\u00e9ance de travail minist\u00e9rielle pr\u00e9sid\u00e9e, lundi, par l...\" \/>\n<meta property=\"og:url\" content=\"https:\/\/www.webdo.tn\/fr\/actualite\/national\/la-refonte-du-code-des-changes-au-centre-d-une-seance-de-travail-ministerielle\/207622\/\" \/>\n<meta property=\"og:site_name\" content=\"webdo\" \/>\n<meta property=\"article:publisher\" content=\"https:\/\/www.facebook.com\/webdotn\" \/>\n<meta property=\"article:published_time\" content=\"2023-07-31T19:15:00+00:00\" \/>\n<meta property=\"article:modified_time\" content=\"2025-05-20T22:42:08+00:00\" \/>\n<meta property=\"og:image\" content=\"https:\/\/www.webdo.tn\/fr\/wp-content\/uploads\/2023\/07\/b69afa6cf9aa07bfd3add43f1b308ae8.jpg\" \/>\n\t<meta property=\"og:image:width\" content=\"750\" \/>\n\t<meta property=\"og:image:height\" content=\"400\" \/>\n\t<meta property=\"og:image:type\" content=\"image\/jpeg\" \/>\n<meta name=\"author\" content=\"CL\" \/>\n<meta name=\"twitter:card\" content=\"summary_large_image\" \/>\n<meta name=\"twitter:creator\" content=\"@webdo_tn\" \/>\n<meta name=\"twitter:site\" content=\"@webdo_tn\" \/>\n<meta name=\"twitter:label1\" content=\"\u00c9crit par\" \/>\n\t<meta name=\"twitter:data1\" content=\"CL\" \/>\n\t<meta name=\"twitter:label2\" content=\"Dur\u00e9e de lecture estim\u00e9e\" \/>\n\t<meta name=\"twitter:data2\" content=\"1 minute\" \/>\n<script type=\"application\/ld+json\" class=\"yoast-schema-graph\">{\"@context\":\"https:\\\/\\\/schema.org\",\"@graph\":[{\"@type\":\"NewsArticle\",\"@id\":\"https:\\\/\\\/www.webdo.tn\\\/fr\\\/actualite\\\/national\\\/la-refonte-du-code-des-changes-au-centre-d-une-seance-de-travail-ministerielle\\\/207622\\\/#article\",\"isPartOf\":{\"@id\":\"https:\\\/\\\/www.webdo.tn\\\/fr\\\/actualite\\\/national\\\/la-refonte-du-code-des-changes-au-centre-d-une-seance-de-travail-ministerielle\\\/207622\\\/\"},\"author\":{\"name\":\"CL\",\"@id\":\"https:\\\/\\\/www.webdo.tn\\\/fr\\\/#\\\/schema\\\/person\\\/f35b42a42c5e2511bbd282959d6385cc\"},\"headline\":\"La refonte du code des changes au centre d&rsquo;une s\u00e9ance de travail minist\u00e9rielle\",\"datePublished\":\"2023-07-31T19:15:00+00:00\",\"dateModified\":\"2025-05-20T22:42:08+00:00\",\"mainEntityOfPage\":{\"@id\":\"https:\\\/\\\/www.webdo.tn\\\/fr\\\/actualite\\\/national\\\/la-refonte-du-code-des-changes-au-centre-d-une-seance-de-travail-ministerielle\\\/207622\\\/\"},\"wordCount\":285,\"commentCount\":0,\"publisher\":{\"@id\":\"https:\\\/\\\/www.webdo.tn\\\/fr\\\/#organization\"},\"image\":{\"@id\":\"https:\\\/\\\/www.webdo.tn\\\/fr\\\/actualite\\\/national\\\/la-refonte-du-code-des-changes-au-centre-d-une-seance-de-travail-ministerielle\\\/207622\\\/#primaryimage\"},\"thumbnailUrl\":\"https:\\\/\\\/www.webdo.tn\\\/fr\\\/wp-content\\\/uploads\\\/2023\\\/07\\\/b69afa6cf9aa07bfd3add43f1b308ae8.jpg\",\"keywords\":[\"Code des changes\",\"Tunisie\"],\"articleSection\":[\"National\"],\"inLanguage\":\"fr-FR\"},{\"@type\":\"WebPage\",\"@id\":\"https:\\\/\\\/www.webdo.tn\\\/fr\\\/actualite\\\/national\\\/la-refonte-du-code-des-changes-au-centre-d-une-seance-de-travail-ministerielle\\\/207622\\\/\",\"url\":\"https:\\\/\\\/www.webdo.tn\\\/fr\\\/actualite\\\/national\\\/la-refonte-du-code-des-changes-au-centre-d-une-seance-de-travail-ministerielle\\\/207622\\\/\",\"name\":\"La refonte du code des changes au centre d'une s\u00e9ance de travail minist\u00e9rielle\",\"isPartOf\":{\"@id\":\"https:\\\/\\\/www.webdo.tn\\\/fr\\\/#website\"},\"primaryImageOfPage\":{\"@id\":\"https:\\\/\\\/www.webdo.tn\\\/fr\\\/actualite\\\/national\\\/la-refonte-du-code-des-changes-au-centre-d-une-seance-de-travail-ministerielle\\\/207622\\\/#primaryimage\"},\"image\":{\"@id\":\"https:\\\/\\\/www.webdo.tn\\\/fr\\\/actualite\\\/national\\\/la-refonte-du-code-des-changes-au-centre-d-une-seance-de-travail-ministerielle\\\/207622\\\/#primaryimage\"},\"thumbnailUrl\":\"https:\\\/\\\/www.webdo.tn\\\/fr\\\/wp-content\\\/uploads\\\/2023\\\/07\\\/b69afa6cf9aa07bfd3add43f1b308ae8.jpg\",\"datePublished\":\"2023-07-31T19:15:00+00:00\",\"dateModified\":\"2025-05-20T22:42:08+00:00\",\"description\":\"La poursuite de l'examen du projet de loi relatif \u00e0 la r\u00e9vision du code des changes a \u00e9t\u00e9 au centre d'une s\u00e9ance de travail minist\u00e9rielle pr\u00e9sid\u00e9e, lundi, par l...\",\"breadcrumb\":{\"@id\":\"https:\\\/\\\/www.webdo.tn\\\/fr\\\/actualite\\\/national\\\/la-refonte-du-code-des-changes-au-centre-d-une-seance-de-travail-ministerielle\\\/207622\\\/#breadcrumb\"},\"inLanguage\":\"fr-FR\",\"potentialAction\":[{\"@type\":\"ReadAction\",\"target\":[\"https:\\\/\\\/www.webdo.tn\\\/fr\\\/actualite\\\/national\\\/la-refonte-du-code-des-changes-au-centre-d-une-seance-de-travail-ministerielle\\\/207622\\\/\"]}]},{\"@type\":\"ImageObject\",\"inLanguage\":\"fr-FR\",\"@id\":\"https:\\\/\\\/www.webdo.tn\\\/fr\\\/actualite\\\/national\\\/la-refonte-du-code-des-changes-au-centre-d-une-seance-de-travail-ministerielle\\\/207622\\\/#primaryimage\",\"url\":\"https:\\\/\\\/www.webdo.tn\\\/fr\\\/wp-content\\\/uploads\\\/2023\\\/07\\\/b69afa6cf9aa07bfd3add43f1b308ae8.jpg\",\"contentUrl\":\"https:\\\/\\\/www.webdo.tn\\\/fr\\\/wp-content\\\/uploads\\\/2023\\\/07\\\/b69afa6cf9aa07bfd3add43f1b308ae8.jpg\",\"width\":750,\"height\":400,\"caption\":\"La refonte du code des changes au centre d'une s\u00e9ance de travail minist\u00e9rielle\"},{\"@type\":\"BreadcrumbList\",\"@id\":\"https:\\\/\\\/www.webdo.tn\\\/fr\\\/actualite\\\/national\\\/la-refonte-du-code-des-changes-au-centre-d-une-seance-de-travail-ministerielle\\\/207622\\\/#breadcrumb\",\"itemListElement\":[{\"@type\":\"ListItem\",\"position\":1,\"name\":\"Accueil\",\"item\":\"https:\\\/\\\/www.webdo.tn\\\/fr\\\/\"},{\"@type\":\"ListItem\",\"position\":2,\"name\":\"La refonte du code des changes au centre d&#8217;une s\u00e9ance de travail minist\u00e9rielle\"}]},{\"@type\":\"WebSite\",\"@id\":\"https:\\\/\\\/www.webdo.tn\\\/fr\\\/#website\",\"url\":\"https:\\\/\\\/www.webdo.tn\\\/fr\\\/\",\"name\":\"webdo\",\"description\":\"Tunisie - News en Tunisie et \u00e0 l&#039;international sur Webdo.tn\",\"publisher\":{\"@id\":\"https:\\\/\\\/www.webdo.tn\\\/fr\\\/#organization\"},\"potentialAction\":[{\"@type\":\"SearchAction\",\"target\":{\"@type\":\"EntryPoint\",\"urlTemplate\":\"https:\\\/\\\/www.webdo.tn\\\/fr\\\/?s={search_term_string}\"},\"query-input\":{\"@type\":\"PropertyValueSpecification\",\"valueRequired\":true,\"valueName\":\"search_term_string\"}}],\"inLanguage\":\"fr-FR\"},{\"@type\":\"Organization\",\"@id\":\"https:\\\/\\\/www.webdo.tn\\\/fr\\\/#organization\",\"name\":\"Webdo\",\"alternateName\":\"Webdo.tn\",\"url\":\"https:\\\/\\\/www.webdo.tn\\\/fr\\\/\",\"logo\":{\"@type\":\"ImageObject\",\"inLanguage\":\"fr-FR\",\"@id\":\"https:\\\/\\\/www.webdo.tn\\\/fr\\\/#\\\/schema\\\/logo\\\/image\\\/\",\"url\":\"https:\\\/\\\/www.webdo.tn\\\/fr\\\/wp-content\\\/uploads\\\/2025\\\/06\\\/Webdo-Tunisie_168377.jpg\",\"contentUrl\":\"https:\\\/\\\/www.webdo.tn\\\/fr\\\/wp-content\\\/uploads\\\/2025\\\/06\\\/Webdo-Tunisie_168377.jpg\",\"width\":301,\"height\":301,\"caption\":\"Webdo\"},\"image\":{\"@id\":\"https:\\\/\\\/www.webdo.tn\\\/fr\\\/#\\\/schema\\\/logo\\\/image\\\/\"},\"sameAs\":[\"https:\\\/\\\/www.facebook.com\\\/webdotn\",\"https:\\\/\\\/x.com\\\/webdo_tn\"],\"description\":\"Webdo est un m\u00e9dia num\u00e9rique tunisien fond\u00e9 en 2010, sp\u00e9cialis\u00e9 dans l\u2019actualit\u00e9 nationale et internationale, l\u2019\u00e9conomie, la soci\u00e9t\u00e9 et les analyses politiques. Le site s\u2019adresse \u00e0 un large public francophone et couvre l\u2019information tunisienne en temps r\u00e9el.\",\"email\":\"redac@webdo.tn\",\"legalName\":\"YNJ SARL\",\"foundingDate\":\"2010-09-06\",\"numberOfEmployees\":{\"@type\":\"QuantitativeValue\",\"minValue\":\"11\",\"maxValue\":\"50\"}},{\"@type\":\"Person\",\"@id\":\"https:\\\/\\\/www.webdo.tn\\\/fr\\\/#\\\/schema\\\/person\\\/f35b42a42c5e2511bbd282959d6385cc\",\"name\":\"CL\",\"image\":{\"@type\":\"ImageObject\",\"inLanguage\":\"fr-FR\",\"@id\":\"https:\\\/\\\/secure.gravatar.com\\\/avatar\\\/1447a49909b67aa657c488aec6512e1dd6143a480c1ecfee9b5b5cd74eb3b59e?s=96&d=mm&r=g\",\"url\":\"https:\\\/\\\/secure.gravatar.com\\\/avatar\\\/1447a49909b67aa657c488aec6512e1dd6143a480c1ecfee9b5b5cd74eb3b59e?s=96&d=mm&r=g\",\"contentUrl\":\"https:\\\/\\\/secure.gravatar.com\\\/avatar\\\/1447a49909b67aa657c488aec6512e1dd6143a480c1ecfee9b5b5cd74eb3b59e?s=96&d=mm&r=g\",\"caption\":\"CL\"},\"url\":\"https:\\\/\\\/www.webdo.tn\\\/fr\\\/actualite\\\/author\\\/cl\\\/\"}]}<\/script>\n<!-- \/ Yoast SEO Premium plugin. -->","yoast_head_json":{"title":"La refonte du code des changes au centre d'une s\u00e9ance de travail minist\u00e9rielle","description":"La poursuite de l'examen du projet de loi relatif \u00e0 la r\u00e9vision du code des changes a \u00e9t\u00e9 au centre d'une s\u00e9ance de travail minist\u00e9rielle pr\u00e9sid\u00e9e, lundi, par l...","canonical":"https:\/\/www.webdo.tn\/fr\/actualite\/national\/la-refonte-du-code-des-changes-au-centre-d-une-seance-de-travail-ministerielle\/207622\/","og_locale":"fr_FR","og_type":"article","og_title":"La refonte du code des changes au centre d'une s\u00e9ance de travail minist\u00e9rielle","og_description":"La poursuite de l'examen du projet de loi relatif \u00e0 la r\u00e9vision du code des changes a \u00e9t\u00e9 au centre d'une s\u00e9ance de travail minist\u00e9rielle pr\u00e9sid\u00e9e, lundi, par l...","og_url":"https:\/\/www.webdo.tn\/fr\/actualite\/national\/la-refonte-du-code-des-changes-au-centre-d-une-seance-de-travail-ministerielle\/207622\/","og_site_name":"webdo","article_publisher":"https:\/\/www.facebook.com\/webdotn","article_published_time":"2023-07-31T19:15:00+00:00","article_modified_time":"2025-05-20T22:42:08+00:00","og_image":[{"width":750,"height":400,"url":"https:\/\/www.webdo.tn\/fr\/wp-content\/uploads\/2023\/07\/b69afa6cf9aa07bfd3add43f1b308ae8.jpg","type":"image\/jpeg"}],"author":"CL","twitter_card":"summary_large_image","twitter_creator":"@webdo_tn","twitter_site":"@webdo_tn","twitter_misc":{"\u00c9crit par":"CL","Dur\u00e9e de lecture estim\u00e9e":"1 minute"},"schema":{"@context":"https:\/\/schema.org","@graph":[{"@type":"NewsArticle","@id":"https:\/\/www.webdo.tn\/fr\/actualite\/national\/la-refonte-du-code-des-changes-au-centre-d-une-seance-de-travail-ministerielle\/207622\/#article","isPartOf":{"@id":"https:\/\/www.webdo.tn\/fr\/actualite\/national\/la-refonte-du-code-des-changes-au-centre-d-une-seance-de-travail-ministerielle\/207622\/"},"author":{"name":"CL","@id":"https:\/\/www.webdo.tn\/fr\/#\/schema\/person\/f35b42a42c5e2511bbd282959d6385cc"},"headline":"La refonte du code des changes au centre d&rsquo;une s\u00e9ance de travail minist\u00e9rielle","datePublished":"2023-07-31T19:15:00+00:00","dateModified":"2025-05-20T22:42:08+00:00","mainEntityOfPage":{"@id":"https:\/\/www.webdo.tn\/fr\/actualite\/national\/la-refonte-du-code-des-changes-au-centre-d-une-seance-de-travail-ministerielle\/207622\/"},"wordCount":285,"commentCount":0,"publisher":{"@id":"https:\/\/www.webdo.tn\/fr\/#organization"},"image":{"@id":"https:\/\/www.webdo.tn\/fr\/actualite\/national\/la-refonte-du-code-des-changes-au-centre-d-une-seance-de-travail-ministerielle\/207622\/#primaryimage"},"thumbnailUrl":"https:\/\/www.webdo.tn\/fr\/wp-content\/uploads\/2023\/07\/b69afa6cf9aa07bfd3add43f1b308ae8.jpg","keywords":["Code des changes","Tunisie"],"articleSection":["National"],"inLanguage":"fr-FR"},{"@type":"WebPage","@id":"https:\/\/www.webdo.tn\/fr\/actualite\/national\/la-refonte-du-code-des-changes-au-centre-d-une-seance-de-travail-ministerielle\/207622\/","url":"https:\/\/www.webdo.tn\/fr\/actualite\/national\/la-refonte-du-code-des-changes-au-centre-d-une-seance-de-travail-ministerielle\/207622\/","name":"La refonte du code des changes au centre d'une s\u00e9ance de travail minist\u00e9rielle","isPartOf":{"@id":"https:\/\/www.webdo.tn\/fr\/#website"},"primaryImageOfPage":{"@id":"https:\/\/www.webdo.tn\/fr\/actualite\/national\/la-refonte-du-code-des-changes-au-centre-d-une-seance-de-travail-ministerielle\/207622\/#primaryimage"},"image":{"@id":"https:\/\/www.webdo.tn\/fr\/actualite\/national\/la-refonte-du-code-des-changes-au-centre-d-une-seance-de-travail-ministerielle\/207622\/#primaryimage"},"thumbnailUrl":"https:\/\/www.webdo.tn\/fr\/wp-content\/uploads\/2023\/07\/b69afa6cf9aa07bfd3add43f1b308ae8.jpg","datePublished":"2023-07-31T19:15:00+00:00","dateModified":"2025-05-20T22:42:08+00:00","description":"La poursuite de l'examen du projet de loi relatif \u00e0 la r\u00e9vision du code des changes a \u00e9t\u00e9 au centre d'une s\u00e9ance de travail minist\u00e9rielle pr\u00e9sid\u00e9e, lundi, par l...","breadcrumb":{"@id":"https:\/\/www.webdo.tn\/fr\/actualite\/national\/la-refonte-du-code-des-changes-au-centre-d-une-seance-de-travail-ministerielle\/207622\/#breadcrumb"},"inLanguage":"fr-FR","potentialAction":[{"@type":"ReadAction","target":["https:\/\/www.webdo.tn\/fr\/actualite\/national\/la-refonte-du-code-des-changes-au-centre-d-une-seance-de-travail-ministerielle\/207622\/"]}]},{"@type":"ImageObject","inLanguage":"fr-FR","@id":"https:\/\/www.webdo.tn\/fr\/actualite\/national\/la-refonte-du-code-des-changes-au-centre-d-une-seance-de-travail-ministerielle\/207622\/#primaryimage","url":"https:\/\/www.webdo.tn\/fr\/wp-content\/uploads\/2023\/07\/b69afa6cf9aa07bfd3add43f1b308ae8.jpg","contentUrl":"https:\/\/www.webdo.tn\/fr\/wp-content\/uploads\/2023\/07\/b69afa6cf9aa07bfd3add43f1b308ae8.jpg","width":750,"height":400,"caption":"La refonte du code des changes au centre d'une s\u00e9ance de travail minist\u00e9rielle"},{"@type":"BreadcrumbList","@id":"https:\/\/www.webdo.tn\/fr\/actualite\/national\/la-refonte-du-code-des-changes-au-centre-d-une-seance-de-travail-ministerielle\/207622\/#breadcrumb","itemListElement":[{"@type":"ListItem","position":1,"name":"Accueil","item":"https:\/\/www.webdo.tn\/fr\/"},{"@type":"ListItem","position":2,"name":"La refonte du code des changes au centre d&#8217;une s\u00e9ance de travail minist\u00e9rielle"}]},{"@type":"WebSite","@id":"https:\/\/www.webdo.tn\/fr\/#website","url":"https:\/\/www.webdo.tn\/fr\/","name":"webdo","description":"Tunisie - News en Tunisie et \u00e0 l&#039;international sur Webdo.tn","publisher":{"@id":"https:\/\/www.webdo.tn\/fr\/#organization"},"potentialAction":[{"@type":"SearchAction","target":{"@type":"EntryPoint","urlTemplate":"https:\/\/www.webdo.tn\/fr\/?s={search_term_string}"},"query-input":{"@type":"PropertyValueSpecification","valueRequired":true,"valueName":"search_term_string"}}],"inLanguage":"fr-FR"},{"@type":"Organization","@id":"https:\/\/www.webdo.tn\/fr\/#organization","name":"Webdo","alternateName":"Webdo.tn","url":"https:\/\/www.webdo.tn\/fr\/","logo":{"@type":"ImageObject","inLanguage":"fr-FR","@id":"https:\/\/www.webdo.tn\/fr\/#\/schema\/logo\/image\/","url":"https:\/\/www.webdo.tn\/fr\/wp-content\/uploads\/2025\/06\/Webdo-Tunisie_168377.jpg","contentUrl":"https:\/\/www.webdo.tn\/fr\/wp-content\/uploads\/2025\/06\/Webdo-Tunisie_168377.jpg","width":301,"height":301,"caption":"Webdo"},"image":{"@id":"https:\/\/www.webdo.tn\/fr\/#\/schema\/logo\/image\/"},"sameAs":["https:\/\/www.facebook.com\/webdotn","https:\/\/x.com\/webdo_tn"],"description":"Webdo est un m\u00e9dia num\u00e9rique tunisien fond\u00e9 en 2010, sp\u00e9cialis\u00e9 dans l\u2019actualit\u00e9 nationale et internationale, l\u2019\u00e9conomie, la soci\u00e9t\u00e9 et les analyses politiques. Le site s\u2019adresse \u00e0 un large public francophone et couvre l\u2019information tunisienne en temps r\u00e9el.","email":"redac@webdo.tn","legalName":"YNJ SARL","foundingDate":"2010-09-06","numberOfEmployees":{"@type":"QuantitativeValue","minValue":"11","maxValue":"50"}},{"@type":"Person","@id":"https:\/\/www.webdo.tn\/fr\/#\/schema\/person\/f35b42a42c5e2511bbd282959d6385cc","name":"CL","image":{"@type":"ImageObject","inLanguage":"fr-FR","@id":"https:\/\/secure.gravatar.com\/avatar\/1447a49909b67aa657c488aec6512e1dd6143a480c1ecfee9b5b5cd74eb3b59e?s=96&d=mm&r=g","url":"https:\/\/secure.gravatar.com\/avatar\/1447a49909b67aa657c488aec6512e1dd6143a480c1ecfee9b5b5cd74eb3b59e?s=96&d=mm&r=g","contentUrl":"https:\/\/secure.gravatar.com\/avatar\/1447a49909b67aa657c488aec6512e1dd6143a480c1ecfee9b5b5cd74eb3b59e?s=96&d=mm&r=g","caption":"CL"},"url":"https:\/\/www.webdo.tn\/fr\/actualite\/author\/cl\/"}]}},"_links":{"self":[{"href":"https:\/\/www.webdo.tn\/fr\/wp-json\/wp\/v2\/posts\/207622","targetHints":{"allow":["GET"]}}],"collection":[{"href":"https:\/\/www.webdo.tn\/fr\/wp-json\/wp\/v2\/posts"}],"about":[{"href":"https:\/\/www.webdo.tn\/fr\/wp-json\/wp\/v2\/types\/post"}],"author":[{"embeddable":true,"href":"https:\/\/www.webdo.tn\/fr\/wp-json\/wp\/v2\/users\/3175"}],"replies":[{"embeddable":true,"href":"https:\/\/www.webdo.tn\/fr\/wp-json\/wp\/v2\/comments?post=207622"}],"version-history":[{"count":0,"href":"https:\/\/www.webdo.tn\/fr\/wp-json\/wp\/v2\/posts\/207622\/revisions"}],"wp:featuredmedia":[{"embeddable":true,"href":"https:\/\/www.webdo.tn\/fr\/wp-json\/wp\/v2\/media\/249646"}],"wp:attachment":[{"href":"https:\/\/www.webdo.tn\/fr\/wp-json\/wp\/v2\/media?parent=207622"}],"wp:term":[{"taxonomy":"category","embeddable":true,"href":"https:\/\/www.webdo.tn\/fr\/wp-json\/wp\/v2\/categories?post=207622"},{"taxonomy":"post_tag","embeddable":true,"href":"https:\/\/www.webdo.tn\/fr\/wp-json\/wp\/v2\/tags?post=207622"}],"curies":[{"name":"wp","href":"https:\/\/api.w.org\/{rel}","templated":true}]}}