{"id":207620,"date":"2023-07-31T18:29:00","date_gmt":"2023-07-31T18:29:00","guid":{"rendered":"https:\/\/www.webdo.tn\/fr\/blog\/200-kg-de-cannabis-saisis-dans-un-appartement-aux-jardins-de-carthage\/207620\/"},"modified":"2025-05-20T22:42:06","modified_gmt":"2025-05-20T22:42:06","slug":"200-kg-de-cannabis-saisis-dans-un-appartement-aux-jardins-de-carthage","status":"publish","type":"post","link":"https:\/\/www.webdo.tn\/fr\/actualite\/divers\/200-kg-de-cannabis-saisis-dans-un-appartement-aux-jardins-de-carthage\/207620\/","title":{"rendered":"200 kg de cannabis saisis dans un appartement aux Jardins de Carthage"},"content":{"rendered":"<p>Plus de 200 kg de r\u00e9sine de Cannabis ont \u00e9t\u00e9 saisis et une dizaine de personnes de diff\u00e9rentes nationalit\u00e9s ont \u00e9t\u00e9 interpell\u00e9es, pendant le week-end, dans une embuscade tendue par les forces de l\u2019ordre dans la banlieue-nord de Tunis.<\/p>\n<p>\t\t\t\t\t\t\t\t\tD&rsquo;apr\u00e8s un communiqu\u00e9 du minist\u00e8re de l\u2019Int\u00e9rieur, une information est parvenue, samedi, \u00e0 la sous-direction de la lutte contre les stup\u00e9fiants (relevant de la Direction de la police judiciaire) selon laquelle une grande quantit\u00e9 de cannabis \u00e9tait cach\u00e9e dans un appartement situ\u00e9 aux Jardins de Carthage.<\/p>\n<p>Apr\u00e8s investigation, les forces de l\u2019ordre ont pu identifier le propri\u00e9taire de l&rsquo;appartement qui aurait utilis\u00e9 son v\u00e9hicule pour transporter 5 grandes valises dans lesquelles \u00e9taient entrepos\u00e9s 226 kg de r\u00e9sine de cannabis. Il a \u00e9t\u00e9 interpell\u00e9 \u00e0 Gammarth, dans la banlieue-nord de Tunis. Sept personnes, de nationalit\u00e9s diff\u00e9rentes, \u00e9taient en sa compagnie au moment de son interpellation.<\/p>\n<p>L&rsquo;individu en question a avou\u00e9 avoir transport\u00e9 la quantit\u00e9 de cannabis saisie. \u00ab\u00a0Au total, 2262 plaquettes de cannabis ont \u00e9t\u00e9 saisies (226 Kg) d\u2019une valeur de 6 millions de dinars\u00a0\u00bb, pr\u00e9cise le d\u00e9partement de l&rsquo;Int\u00e9rieur.<\/p>\n<p>Apr\u00e8s consultation du minist\u00e8re public, neuf personnes ont \u00e9t\u00e9 interpell\u00e9es et deux v\u00e9hicules ont \u00e9t\u00e9 saisis en plus de la quantit\u00e9 de r\u00e9sine de cannabis trouv\u00e9e dans l\u2019appartement.<\/p>\n","protected":false},"excerpt":{"rendered":"<p>Plus de 200 kg de r\u00e9sine de Cannabis ont \u00e9t\u00e9 saisis et une dizaine de personnes de diff\u00e9rentes nationalit\u00e9s ont \u00e9t\u00e9 interpell\u00e9es, pendant le week-end, dans une&#8230;<\/p>\n","protected":false},"author":3175,"featured_media":249644,"comment_status":"open","ping_status":"closed","sticky":false,"template":"","format":"standard","meta":{"footnotes":""},"categories":[2839],"tags":[4738,2608],"class_list":["post-207620","post","type-post","status-publish","format-standard","has-post-thumbnail","hentry","category-divers","tag-cannabis","tag-tunisie"],"yoast_head":"<!-- This site is optimized with the Yoast SEO Premium plugin v27.5 (Yoast SEO v27.5) - https:\/\/yoast.com\/product\/yoast-seo-premium-wordpress\/ -->\n<title>200 kg de cannabis saisis dans un appartement aux Jardins de Carthage<\/title>\n<meta name=\"description\" content=\"Plus de 200 kg de r\u00e9sine de Cannabis ont \u00e9t\u00e9 saisis et une dizaine de personnes de diff\u00e9rentes nationalit\u00e9s ont \u00e9t\u00e9 interpell\u00e9es, pendant le week-end, dans une...\" \/>\n<link rel=\"canonical\" href=\"https:\/\/www.webdo.tn\/fr\/actualite\/divers\/200-kg-de-cannabis-saisis-dans-un-appartement-aux-jardins-de-carthage\/207620\/\" \/>\n<meta property=\"og:locale\" content=\"fr_FR\" \/>\n<meta property=\"og:type\" content=\"article\" \/>\n<meta property=\"og:title\" content=\"200 kg de cannabis saisis dans un appartement aux Jardins de Carthage\" \/>\n<meta property=\"og:description\" content=\"Plus de 200 kg de r\u00e9sine de Cannabis ont \u00e9t\u00e9 saisis et une dizaine de personnes de diff\u00e9rentes nationalit\u00e9s ont \u00e9t\u00e9 interpell\u00e9es, pendant le week-end, dans une...\" \/>\n<meta property=\"og:url\" content=\"https:\/\/www.webdo.tn\/fr\/actualite\/divers\/200-kg-de-cannabis-saisis-dans-un-appartement-aux-jardins-de-carthage\/207620\/\" \/>\n<meta property=\"og:site_name\" content=\"webdo\" \/>\n<meta property=\"article:publisher\" content=\"https:\/\/www.facebook.com\/webdotn\" \/>\n<meta property=\"article:published_time\" content=\"2023-07-31T18:29:00+00:00\" \/>\n<meta property=\"article:modified_time\" content=\"2025-05-20T22:42:06+00:00\" \/>\n<meta property=\"og:image\" content=\"https:\/\/www.webdo.tn\/fr\/wp-content\/uploads\/2023\/07\/1d6b1f0037270d7ab13f84e45ba1d8c9.jpg\" \/>\n\t<meta property=\"og:image:width\" content=\"533\" \/>\n\t<meta property=\"og:image:height\" content=\"284\" \/>\n\t<meta property=\"og:image:type\" content=\"image\/jpeg\" \/>\n<meta name=\"author\" content=\"CL\" \/>\n<meta name=\"twitter:card\" content=\"summary_large_image\" \/>\n<meta name=\"twitter:creator\" content=\"@webdo_tn\" \/>\n<meta name=\"twitter:site\" content=\"@webdo_tn\" \/>\n<meta name=\"twitter:label1\" content=\"\u00c9crit par\" \/>\n\t<meta name=\"twitter:data1\" content=\"CL\" \/>\n\t<meta name=\"twitter:label2\" content=\"Dur\u00e9e de lecture estim\u00e9e\" \/>\n\t<meta name=\"twitter:data2\" content=\"1 minute\" \/>\n<script type=\"application\/ld+json\" class=\"yoast-schema-graph\">{\"@context\":\"https:\\\/\\\/schema.org\",\"@graph\":[{\"@type\":\"NewsArticle\",\"@id\":\"https:\\\/\\\/www.webdo.tn\\\/fr\\\/actualite\\\/divers\\\/200-kg-de-cannabis-saisis-dans-un-appartement-aux-jardins-de-carthage\\\/207620\\\/#article\",\"isPartOf\":{\"@id\":\"https:\\\/\\\/www.webdo.tn\\\/fr\\\/actualite\\\/divers\\\/200-kg-de-cannabis-saisis-dans-un-appartement-aux-jardins-de-carthage\\\/207620\\\/\"},\"author\":{\"name\":\"CL\",\"@id\":\"https:\\\/\\\/www.webdo.tn\\\/fr\\\/#\\\/schema\\\/person\\\/f35b42a42c5e2511bbd282959d6385cc\"},\"headline\":\"200 kg de cannabis saisis dans un appartement aux Jardins de Carthage\",\"datePublished\":\"2023-07-31T18:29:00+00:00\",\"dateModified\":\"2025-05-20T22:42:06+00:00\",\"mainEntityOfPage\":{\"@id\":\"https:\\\/\\\/www.webdo.tn\\\/fr\\\/actualite\\\/divers\\\/200-kg-de-cannabis-saisis-dans-un-appartement-aux-jardins-de-carthage\\\/207620\\\/\"},\"wordCount\":243,\"commentCount\":0,\"publisher\":{\"@id\":\"https:\\\/\\\/www.webdo.tn\\\/fr\\\/#organization\"},\"image\":{\"@id\":\"https:\\\/\\\/www.webdo.tn\\\/fr\\\/actualite\\\/divers\\\/200-kg-de-cannabis-saisis-dans-un-appartement-aux-jardins-de-carthage\\\/207620\\\/#primaryimage\"},\"thumbnailUrl\":\"https:\\\/\\\/www.webdo.tn\\\/fr\\\/wp-content\\\/uploads\\\/2023\\\/07\\\/1d6b1f0037270d7ab13f84e45ba1d8c9.jpg\",\"keywords\":[\"Cannabis\",\"Tunisie\"],\"articleSection\":[\"Divers\"],\"inLanguage\":\"fr-FR\"},{\"@type\":\"WebPage\",\"@id\":\"https:\\\/\\\/www.webdo.tn\\\/fr\\\/actualite\\\/divers\\\/200-kg-de-cannabis-saisis-dans-un-appartement-aux-jardins-de-carthage\\\/207620\\\/\",\"url\":\"https:\\\/\\\/www.webdo.tn\\\/fr\\\/actualite\\\/divers\\\/200-kg-de-cannabis-saisis-dans-un-appartement-aux-jardins-de-carthage\\\/207620\\\/\",\"name\":\"200 kg de cannabis saisis dans un appartement aux Jardins de Carthage\",\"isPartOf\":{\"@id\":\"https:\\\/\\\/www.webdo.tn\\\/fr\\\/#website\"},\"primaryImageOfPage\":{\"@id\":\"https:\\\/\\\/www.webdo.tn\\\/fr\\\/actualite\\\/divers\\\/200-kg-de-cannabis-saisis-dans-un-appartement-aux-jardins-de-carthage\\\/207620\\\/#primaryimage\"},\"image\":{\"@id\":\"https:\\\/\\\/www.webdo.tn\\\/fr\\\/actualite\\\/divers\\\/200-kg-de-cannabis-saisis-dans-un-appartement-aux-jardins-de-carthage\\\/207620\\\/#primaryimage\"},\"thumbnailUrl\":\"https:\\\/\\\/www.webdo.tn\\\/fr\\\/wp-content\\\/uploads\\\/2023\\\/07\\\/1d6b1f0037270d7ab13f84e45ba1d8c9.jpg\",\"datePublished\":\"2023-07-31T18:29:00+00:00\",\"dateModified\":\"2025-05-20T22:42:06+00:00\",\"description\":\"Plus de 200 kg de r\u00e9sine de Cannabis ont \u00e9t\u00e9 saisis et une dizaine de personnes de diff\u00e9rentes nationalit\u00e9s ont \u00e9t\u00e9 interpell\u00e9es, pendant le week-end, dans une...\",\"breadcrumb\":{\"@id\":\"https:\\\/\\\/www.webdo.tn\\\/fr\\\/actualite\\\/divers\\\/200-kg-de-cannabis-saisis-dans-un-appartement-aux-jardins-de-carthage\\\/207620\\\/#breadcrumb\"},\"inLanguage\":\"fr-FR\",\"potentialAction\":[{\"@type\":\"ReadAction\",\"target\":[\"https:\\\/\\\/www.webdo.tn\\\/fr\\\/actualite\\\/divers\\\/200-kg-de-cannabis-saisis-dans-un-appartement-aux-jardins-de-carthage\\\/207620\\\/\"]}]},{\"@type\":\"ImageObject\",\"inLanguage\":\"fr-FR\",\"@id\":\"https:\\\/\\\/www.webdo.tn\\\/fr\\\/actualite\\\/divers\\\/200-kg-de-cannabis-saisis-dans-un-appartement-aux-jardins-de-carthage\\\/207620\\\/#primaryimage\",\"url\":\"https:\\\/\\\/www.webdo.tn\\\/fr\\\/wp-content\\\/uploads\\\/2023\\\/07\\\/1d6b1f0037270d7ab13f84e45ba1d8c9.jpg\",\"contentUrl\":\"https:\\\/\\\/www.webdo.tn\\\/fr\\\/wp-content\\\/uploads\\\/2023\\\/07\\\/1d6b1f0037270d7ab13f84e45ba1d8c9.jpg\",\"width\":533,\"height\":284,\"caption\":\"200 kg de cannabis saisis dans un appartement aux Jardins de Carthage\"},{\"@type\":\"BreadcrumbList\",\"@id\":\"https:\\\/\\\/www.webdo.tn\\\/fr\\\/actualite\\\/divers\\\/200-kg-de-cannabis-saisis-dans-un-appartement-aux-jardins-de-carthage\\\/207620\\\/#breadcrumb\",\"itemListElement\":[{\"@type\":\"ListItem\",\"position\":1,\"name\":\"Accueil\",\"item\":\"https:\\\/\\\/www.webdo.tn\\\/fr\\\/\"},{\"@type\":\"ListItem\",\"position\":2,\"name\":\"200 kg de cannabis saisis dans un appartement aux Jardins de Carthage\"}]},{\"@type\":\"WebSite\",\"@id\":\"https:\\\/\\\/www.webdo.tn\\\/fr\\\/#website\",\"url\":\"https:\\\/\\\/www.webdo.tn\\\/fr\\\/\",\"name\":\"webdo\",\"description\":\"Tunisie - News en Tunisie et \u00e0 l&#039;international sur Webdo.tn\",\"publisher\":{\"@id\":\"https:\\\/\\\/www.webdo.tn\\\/fr\\\/#organization\"},\"potentialAction\":[{\"@type\":\"SearchAction\",\"target\":{\"@type\":\"EntryPoint\",\"urlTemplate\":\"https:\\\/\\\/www.webdo.tn\\\/fr\\\/?s={search_term_string}\"},\"query-input\":{\"@type\":\"PropertyValueSpecification\",\"valueRequired\":true,\"valueName\":\"search_term_string\"}}],\"inLanguage\":\"fr-FR\"},{\"@type\":\"Organization\",\"@id\":\"https:\\\/\\\/www.webdo.tn\\\/fr\\\/#organization\",\"name\":\"Webdo\",\"alternateName\":\"Webdo.tn\",\"url\":\"https:\\\/\\\/www.webdo.tn\\\/fr\\\/\",\"logo\":{\"@type\":\"ImageObject\",\"inLanguage\":\"fr-FR\",\"@id\":\"https:\\\/\\\/www.webdo.tn\\\/fr\\\/#\\\/schema\\\/logo\\\/image\\\/\",\"url\":\"https:\\\/\\\/www.webdo.tn\\\/fr\\\/wp-content\\\/uploads\\\/2025\\\/06\\\/Webdo-Tunisie_168377.jpg\",\"contentUrl\":\"https:\\\/\\\/www.webdo.tn\\\/fr\\\/wp-content\\\/uploads\\\/2025\\\/06\\\/Webdo-Tunisie_168377.jpg\",\"width\":301,\"height\":301,\"caption\":\"Webdo\"},\"image\":{\"@id\":\"https:\\\/\\\/www.webdo.tn\\\/fr\\\/#\\\/schema\\\/logo\\\/image\\\/\"},\"sameAs\":[\"https:\\\/\\\/www.facebook.com\\\/webdotn\",\"https:\\\/\\\/x.com\\\/webdo_tn\"],\"description\":\"Webdo est un m\u00e9dia num\u00e9rique tunisien fond\u00e9 en 2010, sp\u00e9cialis\u00e9 dans l\u2019actualit\u00e9 nationale et internationale, l\u2019\u00e9conomie, la soci\u00e9t\u00e9 et les analyses politiques. Le site s\u2019adresse \u00e0 un large public francophone et couvre l\u2019information tunisienne en temps r\u00e9el.\",\"email\":\"redac@webdo.tn\",\"legalName\":\"YNJ SARL\",\"foundingDate\":\"2010-09-06\",\"numberOfEmployees\":{\"@type\":\"QuantitativeValue\",\"minValue\":\"11\",\"maxValue\":\"50\"}},{\"@type\":\"Person\",\"@id\":\"https:\\\/\\\/www.webdo.tn\\\/fr\\\/#\\\/schema\\\/person\\\/f35b42a42c5e2511bbd282959d6385cc\",\"name\":\"CL\",\"image\":{\"@type\":\"ImageObject\",\"inLanguage\":\"fr-FR\",\"@id\":\"https:\\\/\\\/secure.gravatar.com\\\/avatar\\\/1447a49909b67aa657c488aec6512e1dd6143a480c1ecfee9b5b5cd74eb3b59e?s=96&d=mm&r=g\",\"url\":\"https:\\\/\\\/secure.gravatar.com\\\/avatar\\\/1447a49909b67aa657c488aec6512e1dd6143a480c1ecfee9b5b5cd74eb3b59e?s=96&d=mm&r=g\",\"contentUrl\":\"https:\\\/\\\/secure.gravatar.com\\\/avatar\\\/1447a49909b67aa657c488aec6512e1dd6143a480c1ecfee9b5b5cd74eb3b59e?s=96&d=mm&r=g\",\"caption\":\"CL\"},\"url\":\"https:\\\/\\\/www.webdo.tn\\\/fr\\\/actualite\\\/author\\\/cl\\\/\"}]}<\/script>\n<!-- \/ Yoast SEO Premium plugin. -->","yoast_head_json":{"title":"200 kg de cannabis saisis dans un appartement aux Jardins de Carthage","description":"Plus de 200 kg de r\u00e9sine de Cannabis ont \u00e9t\u00e9 saisis et une dizaine de personnes de diff\u00e9rentes nationalit\u00e9s ont \u00e9t\u00e9 interpell\u00e9es, pendant le week-end, dans une...","canonical":"https:\/\/www.webdo.tn\/fr\/actualite\/divers\/200-kg-de-cannabis-saisis-dans-un-appartement-aux-jardins-de-carthage\/207620\/","og_locale":"fr_FR","og_type":"article","og_title":"200 kg de cannabis saisis dans un appartement aux Jardins de Carthage","og_description":"Plus de 200 kg de r\u00e9sine de Cannabis ont \u00e9t\u00e9 saisis et une dizaine de personnes de diff\u00e9rentes nationalit\u00e9s ont \u00e9t\u00e9 interpell\u00e9es, pendant le week-end, dans une...","og_url":"https:\/\/www.webdo.tn\/fr\/actualite\/divers\/200-kg-de-cannabis-saisis-dans-un-appartement-aux-jardins-de-carthage\/207620\/","og_site_name":"webdo","article_publisher":"https:\/\/www.facebook.com\/webdotn","article_published_time":"2023-07-31T18:29:00+00:00","article_modified_time":"2025-05-20T22:42:06+00:00","og_image":[{"width":533,"height":284,"url":"https:\/\/www.webdo.tn\/fr\/wp-content\/uploads\/2023\/07\/1d6b1f0037270d7ab13f84e45ba1d8c9.jpg","type":"image\/jpeg"}],"author":"CL","twitter_card":"summary_large_image","twitter_creator":"@webdo_tn","twitter_site":"@webdo_tn","twitter_misc":{"\u00c9crit par":"CL","Dur\u00e9e de lecture estim\u00e9e":"1 minute"},"schema":{"@context":"https:\/\/schema.org","@graph":[{"@type":"NewsArticle","@id":"https:\/\/www.webdo.tn\/fr\/actualite\/divers\/200-kg-de-cannabis-saisis-dans-un-appartement-aux-jardins-de-carthage\/207620\/#article","isPartOf":{"@id":"https:\/\/www.webdo.tn\/fr\/actualite\/divers\/200-kg-de-cannabis-saisis-dans-un-appartement-aux-jardins-de-carthage\/207620\/"},"author":{"name":"CL","@id":"https:\/\/www.webdo.tn\/fr\/#\/schema\/person\/f35b42a42c5e2511bbd282959d6385cc"},"headline":"200 kg de cannabis saisis dans un appartement aux Jardins de Carthage","datePublished":"2023-07-31T18:29:00+00:00","dateModified":"2025-05-20T22:42:06+00:00","mainEntityOfPage":{"@id":"https:\/\/www.webdo.tn\/fr\/actualite\/divers\/200-kg-de-cannabis-saisis-dans-un-appartement-aux-jardins-de-carthage\/207620\/"},"wordCount":243,"commentCount":0,"publisher":{"@id":"https:\/\/www.webdo.tn\/fr\/#organization"},"image":{"@id":"https:\/\/www.webdo.tn\/fr\/actualite\/divers\/200-kg-de-cannabis-saisis-dans-un-appartement-aux-jardins-de-carthage\/207620\/#primaryimage"},"thumbnailUrl":"https:\/\/www.webdo.tn\/fr\/wp-content\/uploads\/2023\/07\/1d6b1f0037270d7ab13f84e45ba1d8c9.jpg","keywords":["Cannabis","Tunisie"],"articleSection":["Divers"],"inLanguage":"fr-FR"},{"@type":"WebPage","@id":"https:\/\/www.webdo.tn\/fr\/actualite\/divers\/200-kg-de-cannabis-saisis-dans-un-appartement-aux-jardins-de-carthage\/207620\/","url":"https:\/\/www.webdo.tn\/fr\/actualite\/divers\/200-kg-de-cannabis-saisis-dans-un-appartement-aux-jardins-de-carthage\/207620\/","name":"200 kg de cannabis saisis dans un appartement aux Jardins de Carthage","isPartOf":{"@id":"https:\/\/www.webdo.tn\/fr\/#website"},"primaryImageOfPage":{"@id":"https:\/\/www.webdo.tn\/fr\/actualite\/divers\/200-kg-de-cannabis-saisis-dans-un-appartement-aux-jardins-de-carthage\/207620\/#primaryimage"},"image":{"@id":"https:\/\/www.webdo.tn\/fr\/actualite\/divers\/200-kg-de-cannabis-saisis-dans-un-appartement-aux-jardins-de-carthage\/207620\/#primaryimage"},"thumbnailUrl":"https:\/\/www.webdo.tn\/fr\/wp-content\/uploads\/2023\/07\/1d6b1f0037270d7ab13f84e45ba1d8c9.jpg","datePublished":"2023-07-31T18:29:00+00:00","dateModified":"2025-05-20T22:42:06+00:00","description":"Plus de 200 kg de r\u00e9sine de Cannabis ont \u00e9t\u00e9 saisis et une dizaine de personnes de diff\u00e9rentes nationalit\u00e9s ont \u00e9t\u00e9 interpell\u00e9es, pendant le week-end, dans une...","breadcrumb":{"@id":"https:\/\/www.webdo.tn\/fr\/actualite\/divers\/200-kg-de-cannabis-saisis-dans-un-appartement-aux-jardins-de-carthage\/207620\/#breadcrumb"},"inLanguage":"fr-FR","potentialAction":[{"@type":"ReadAction","target":["https:\/\/www.webdo.tn\/fr\/actualite\/divers\/200-kg-de-cannabis-saisis-dans-un-appartement-aux-jardins-de-carthage\/207620\/"]}]},{"@type":"ImageObject","inLanguage":"fr-FR","@id":"https:\/\/www.webdo.tn\/fr\/actualite\/divers\/200-kg-de-cannabis-saisis-dans-un-appartement-aux-jardins-de-carthage\/207620\/#primaryimage","url":"https:\/\/www.webdo.tn\/fr\/wp-content\/uploads\/2023\/07\/1d6b1f0037270d7ab13f84e45ba1d8c9.jpg","contentUrl":"https:\/\/www.webdo.tn\/fr\/wp-content\/uploads\/2023\/07\/1d6b1f0037270d7ab13f84e45ba1d8c9.jpg","width":533,"height":284,"caption":"200 kg de cannabis saisis dans un appartement aux Jardins de Carthage"},{"@type":"BreadcrumbList","@id":"https:\/\/www.webdo.tn\/fr\/actualite\/divers\/200-kg-de-cannabis-saisis-dans-un-appartement-aux-jardins-de-carthage\/207620\/#breadcrumb","itemListElement":[{"@type":"ListItem","position":1,"name":"Accueil","item":"https:\/\/www.webdo.tn\/fr\/"},{"@type":"ListItem","position":2,"name":"200 kg de cannabis saisis dans un appartement aux Jardins de Carthage"}]},{"@type":"WebSite","@id":"https:\/\/www.webdo.tn\/fr\/#website","url":"https:\/\/www.webdo.tn\/fr\/","name":"webdo","description":"Tunisie - News en Tunisie et \u00e0 l&#039;international sur Webdo.tn","publisher":{"@id":"https:\/\/www.webdo.tn\/fr\/#organization"},"potentialAction":[{"@type":"SearchAction","target":{"@type":"EntryPoint","urlTemplate":"https:\/\/www.webdo.tn\/fr\/?s={search_term_string}"},"query-input":{"@type":"PropertyValueSpecification","valueRequired":true,"valueName":"search_term_string"}}],"inLanguage":"fr-FR"},{"@type":"Organization","@id":"https:\/\/www.webdo.tn\/fr\/#organization","name":"Webdo","alternateName":"Webdo.tn","url":"https:\/\/www.webdo.tn\/fr\/","logo":{"@type":"ImageObject","inLanguage":"fr-FR","@id":"https:\/\/www.webdo.tn\/fr\/#\/schema\/logo\/image\/","url":"https:\/\/www.webdo.tn\/fr\/wp-content\/uploads\/2025\/06\/Webdo-Tunisie_168377.jpg","contentUrl":"https:\/\/www.webdo.tn\/fr\/wp-content\/uploads\/2025\/06\/Webdo-Tunisie_168377.jpg","width":301,"height":301,"caption":"Webdo"},"image":{"@id":"https:\/\/www.webdo.tn\/fr\/#\/schema\/logo\/image\/"},"sameAs":["https:\/\/www.facebook.com\/webdotn","https:\/\/x.com\/webdo_tn"],"description":"Webdo est un m\u00e9dia num\u00e9rique tunisien fond\u00e9 en 2010, sp\u00e9cialis\u00e9 dans l\u2019actualit\u00e9 nationale et internationale, l\u2019\u00e9conomie, la soci\u00e9t\u00e9 et les analyses politiques. Le site s\u2019adresse \u00e0 un large public francophone et couvre l\u2019information tunisienne en temps r\u00e9el.","email":"redac@webdo.tn","legalName":"YNJ SARL","foundingDate":"2010-09-06","numberOfEmployees":{"@type":"QuantitativeValue","minValue":"11","maxValue":"50"}},{"@type":"Person","@id":"https:\/\/www.webdo.tn\/fr\/#\/schema\/person\/f35b42a42c5e2511bbd282959d6385cc","name":"CL","image":{"@type":"ImageObject","inLanguage":"fr-FR","@id":"https:\/\/secure.gravatar.com\/avatar\/1447a49909b67aa657c488aec6512e1dd6143a480c1ecfee9b5b5cd74eb3b59e?s=96&d=mm&r=g","url":"https:\/\/secure.gravatar.com\/avatar\/1447a49909b67aa657c488aec6512e1dd6143a480c1ecfee9b5b5cd74eb3b59e?s=96&d=mm&r=g","contentUrl":"https:\/\/secure.gravatar.com\/avatar\/1447a49909b67aa657c488aec6512e1dd6143a480c1ecfee9b5b5cd74eb3b59e?s=96&d=mm&r=g","caption":"CL"},"url":"https:\/\/www.webdo.tn\/fr\/actualite\/author\/cl\/"}]}},"_links":{"self":[{"href":"https:\/\/www.webdo.tn\/fr\/wp-json\/wp\/v2\/posts\/207620","targetHints":{"allow":["GET"]}}],"collection":[{"href":"https:\/\/www.webdo.tn\/fr\/wp-json\/wp\/v2\/posts"}],"about":[{"href":"https:\/\/www.webdo.tn\/fr\/wp-json\/wp\/v2\/types\/post"}],"author":[{"embeddable":true,"href":"https:\/\/www.webdo.tn\/fr\/wp-json\/wp\/v2\/users\/3175"}],"replies":[{"embeddable":true,"href":"https:\/\/www.webdo.tn\/fr\/wp-json\/wp\/v2\/comments?post=207620"}],"version-history":[{"count":0,"href":"https:\/\/www.webdo.tn\/fr\/wp-json\/wp\/v2\/posts\/207620\/revisions"}],"wp:featuredmedia":[{"embeddable":true,"href":"https:\/\/www.webdo.tn\/fr\/wp-json\/wp\/v2\/media\/249644"}],"wp:attachment":[{"href":"https:\/\/www.webdo.tn\/fr\/wp-json\/wp\/v2\/media?parent=207620"}],"wp:term":[{"taxonomy":"category","embeddable":true,"href":"https:\/\/www.webdo.tn\/fr\/wp-json\/wp\/v2\/categories?post=207620"},{"taxonomy":"post_tag","embeddable":true,"href":"https:\/\/www.webdo.tn\/fr\/wp-json\/wp\/v2\/tags?post=207620"}],"curies":[{"name":"wp","href":"https:\/\/api.w.org\/{rel}","templated":true}]}}