{"id":207619,"date":"2023-07-31T18:02:00","date_gmt":"2023-07-31T18:02:00","guid":{"rendered":"https:\/\/www.webdo.tn\/fr\/blog\/conect-les-boulangeries-modernes-annoncent-la-suspension-de-leur-activite\/207619\/"},"modified":"2025-05-20T22:42:05","modified_gmt":"2025-05-20T22:42:05","slug":"conect-les-boulangeries-modernes-annoncent-la-suspension-de-leur-activite","status":"publish","type":"post","link":"https:\/\/www.webdo.tn\/fr\/actualite\/national\/conect-les-boulangeries-modernes-annoncent-la-suspension-de-leur-activite\/207619\/","title":{"rendered":"CONECT: Les boulangeries modernes annoncent la suspension de leur activit\u00e9"},"content":{"rendered":"<p>Le groupement professionnel des boulangeries modernes relevant de la Conf\u00e9d\u00e9ration Nationale des Entreprises de Tunisie (CONECT) a annonc\u00e9, lundi, la suspension, \u00e0 partir du 1er ao\u00fbt 2023, des activit\u00e9s de fabrication des diff\u00e9rentes vari\u00e9t\u00e9s du pain, et ce, dans l&rsquo;ensemble des boulangeries affili\u00e9es de la R\u00e9publique.<\/p>\n<p>\t\t\t\t\t\t\t\t\tCette d\u00e9cision a \u00e9t\u00e9 annonc\u00e9, dans un communiqu\u00e9, \u00e0 l&rsquo;issue de la r\u00e9union des membres du bureau ex\u00e9cutif national du groupement professionnel des boulangeries modernes.<\/p>\n<p>Il convient de rappeler que, lors d&rsquo;une s\u00e9ance de travail tenue, jeudi dernier, avec la cheffe du gouvernement, Najla Bouden et la ministre des Finances, Sihem Boughdiri Nemssia, le pr\u00e9sident de la R\u00e9publique, Kais Saied a appel\u00e9 \u00e0 l&rsquo;imp\u00e9ratif de prendre des mesures urgentes pour mettre fin \u00e0 la classification des boulangeries, une disposition en vigueur depuis 2011.<\/p>\n<p>Selon lui, la vente du pain \u00e0 des prix variables constitue \u00a0\u00bb une man\u0153uvre dont l&rsquo;objectif est de lever les subventions \u00ab\u00a0.<\/p>\n","protected":false},"excerpt":{"rendered":"<p>Le groupement professionnel des boulangeries modernes relevant de la Conf\u00e9d\u00e9ration Nationale des Entreprises de Tunisie (CONECT) a annonc\u00e9, lundi, la suspension&#8230;<\/p>\n","protected":false},"author":3175,"featured_media":249640,"comment_status":"open","ping_status":"closed","sticky":false,"template":"","format":"standard","meta":{"footnotes":""},"categories":[44],"tags":[7909,3767,2608],"class_list":["post-207619","post","type-post","status-publish","format-standard","has-post-thumbnail","hentry","category-national","tag-boulangeries","tag-pain","tag-tunisie"],"yoast_head":"<!-- This site is optimized with the Yoast SEO Premium plugin v27.5 (Yoast SEO v27.5) - https:\/\/yoast.com\/product\/yoast-seo-premium-wordpress\/ -->\n<title>CONECT: Les boulangeries modernes annoncent la suspension de leur activit\u00e9<\/title>\n<meta name=\"description\" content=\"Le groupement professionnel des boulangeries modernes relevant de la Conf\u00e9d\u00e9ration Nationale des Entreprises de Tunisie (CONECT) a annonc\u00e9, lundi, la suspension...\" \/>\n<link rel=\"canonical\" href=\"https:\/\/www.webdo.tn\/fr\/actualite\/national\/conect-les-boulangeries-modernes-annoncent-la-suspension-de-leur-activite\/207619\/\" \/>\n<meta property=\"og:locale\" content=\"fr_FR\" \/>\n<meta property=\"og:type\" content=\"article\" \/>\n<meta property=\"og:title\" content=\"CONECT: Les boulangeries modernes annoncent la suspension de leur activit\u00e9\" \/>\n<meta property=\"og:description\" content=\"Le groupement professionnel des boulangeries modernes relevant de la Conf\u00e9d\u00e9ration Nationale des Entreprises de Tunisie (CONECT) a annonc\u00e9, lundi, la suspension...\" \/>\n<meta property=\"og:url\" content=\"https:\/\/www.webdo.tn\/fr\/actualite\/national\/conect-les-boulangeries-modernes-annoncent-la-suspension-de-leur-activite\/207619\/\" \/>\n<meta property=\"og:site_name\" content=\"webdo\" \/>\n<meta property=\"article:publisher\" content=\"https:\/\/www.facebook.com\/webdotn\" \/>\n<meta property=\"article:published_time\" content=\"2023-07-31T18:02:00+00:00\" \/>\n<meta property=\"article:modified_time\" content=\"2025-05-20T22:42:05+00:00\" \/>\n<meta property=\"og:image\" content=\"https:\/\/www.webdo.tn\/fr\/wp-content\/uploads\/2023\/07\/aa6889a72607093ba598ae2ccf9d256e.jpg\" \/>\n\t<meta property=\"og:image:width\" content=\"750\" \/>\n\t<meta property=\"og:image:height\" content=\"400\" \/>\n\t<meta property=\"og:image:type\" content=\"image\/jpeg\" \/>\n<meta name=\"author\" content=\"CL\" \/>\n<meta name=\"twitter:card\" content=\"summary_large_image\" \/>\n<meta name=\"twitter:creator\" content=\"@webdo_tn\" \/>\n<meta name=\"twitter:site\" content=\"@webdo_tn\" \/>\n<meta name=\"twitter:label1\" content=\"\u00c9crit par\" \/>\n\t<meta name=\"twitter:data1\" content=\"CL\" \/>\n\t<meta name=\"twitter:label2\" content=\"Dur\u00e9e de lecture estim\u00e9e\" \/>\n\t<meta name=\"twitter:data2\" content=\"1 minute\" \/>\n<script type=\"application\/ld+json\" class=\"yoast-schema-graph\">{\"@context\":\"https:\\\/\\\/schema.org\",\"@graph\":[{\"@type\":\"NewsArticle\",\"@id\":\"https:\\\/\\\/www.webdo.tn\\\/fr\\\/actualite\\\/national\\\/conect-les-boulangeries-modernes-annoncent-la-suspension-de-leur-activite\\\/207619\\\/#article\",\"isPartOf\":{\"@id\":\"https:\\\/\\\/www.webdo.tn\\\/fr\\\/actualite\\\/national\\\/conect-les-boulangeries-modernes-annoncent-la-suspension-de-leur-activite\\\/207619\\\/\"},\"author\":{\"name\":\"CL\",\"@id\":\"https:\\\/\\\/www.webdo.tn\\\/fr\\\/#\\\/schema\\\/person\\\/f35b42a42c5e2511bbd282959d6385cc\"},\"headline\":\"CONECT: Les boulangeries modernes annoncent la suspension de leur activit\u00e9\",\"datePublished\":\"2023-07-31T18:02:00+00:00\",\"dateModified\":\"2025-05-20T22:42:05+00:00\",\"mainEntityOfPage\":{\"@id\":\"https:\\\/\\\/www.webdo.tn\\\/fr\\\/actualite\\\/national\\\/conect-les-boulangeries-modernes-annoncent-la-suspension-de-leur-activite\\\/207619\\\/\"},\"wordCount\":174,\"commentCount\":0,\"publisher\":{\"@id\":\"https:\\\/\\\/www.webdo.tn\\\/fr\\\/#organization\"},\"image\":{\"@id\":\"https:\\\/\\\/www.webdo.tn\\\/fr\\\/actualite\\\/national\\\/conect-les-boulangeries-modernes-annoncent-la-suspension-de-leur-activite\\\/207619\\\/#primaryimage\"},\"thumbnailUrl\":\"https:\\\/\\\/www.webdo.tn\\\/fr\\\/wp-content\\\/uploads\\\/2023\\\/07\\\/aa6889a72607093ba598ae2ccf9d256e.jpg\",\"keywords\":[\"boulangeries\",\"pain\",\"Tunisie\"],\"articleSection\":[\"National\"],\"inLanguage\":\"fr-FR\"},{\"@type\":\"WebPage\",\"@id\":\"https:\\\/\\\/www.webdo.tn\\\/fr\\\/actualite\\\/national\\\/conect-les-boulangeries-modernes-annoncent-la-suspension-de-leur-activite\\\/207619\\\/\",\"url\":\"https:\\\/\\\/www.webdo.tn\\\/fr\\\/actualite\\\/national\\\/conect-les-boulangeries-modernes-annoncent-la-suspension-de-leur-activite\\\/207619\\\/\",\"name\":\"CONECT: Les boulangeries modernes annoncent la suspension de leur activit\u00e9\",\"isPartOf\":{\"@id\":\"https:\\\/\\\/www.webdo.tn\\\/fr\\\/#website\"},\"primaryImageOfPage\":{\"@id\":\"https:\\\/\\\/www.webdo.tn\\\/fr\\\/actualite\\\/national\\\/conect-les-boulangeries-modernes-annoncent-la-suspension-de-leur-activite\\\/207619\\\/#primaryimage\"},\"image\":{\"@id\":\"https:\\\/\\\/www.webdo.tn\\\/fr\\\/actualite\\\/national\\\/conect-les-boulangeries-modernes-annoncent-la-suspension-de-leur-activite\\\/207619\\\/#primaryimage\"},\"thumbnailUrl\":\"https:\\\/\\\/www.webdo.tn\\\/fr\\\/wp-content\\\/uploads\\\/2023\\\/07\\\/aa6889a72607093ba598ae2ccf9d256e.jpg\",\"datePublished\":\"2023-07-31T18:02:00+00:00\",\"dateModified\":\"2025-05-20T22:42:05+00:00\",\"description\":\"Le groupement professionnel des boulangeries modernes relevant de la Conf\u00e9d\u00e9ration Nationale des Entreprises de Tunisie (CONECT) a annonc\u00e9, lundi, la suspension...\",\"breadcrumb\":{\"@id\":\"https:\\\/\\\/www.webdo.tn\\\/fr\\\/actualite\\\/national\\\/conect-les-boulangeries-modernes-annoncent-la-suspension-de-leur-activite\\\/207619\\\/#breadcrumb\"},\"inLanguage\":\"fr-FR\",\"potentialAction\":[{\"@type\":\"ReadAction\",\"target\":[\"https:\\\/\\\/www.webdo.tn\\\/fr\\\/actualite\\\/national\\\/conect-les-boulangeries-modernes-annoncent-la-suspension-de-leur-activite\\\/207619\\\/\"]}]},{\"@type\":\"ImageObject\",\"inLanguage\":\"fr-FR\",\"@id\":\"https:\\\/\\\/www.webdo.tn\\\/fr\\\/actualite\\\/national\\\/conect-les-boulangeries-modernes-annoncent-la-suspension-de-leur-activite\\\/207619\\\/#primaryimage\",\"url\":\"https:\\\/\\\/www.webdo.tn\\\/fr\\\/wp-content\\\/uploads\\\/2023\\\/07\\\/aa6889a72607093ba598ae2ccf9d256e.jpg\",\"contentUrl\":\"https:\\\/\\\/www.webdo.tn\\\/fr\\\/wp-content\\\/uploads\\\/2023\\\/07\\\/aa6889a72607093ba598ae2ccf9d256e.jpg\",\"width\":750,\"height\":400,\"caption\":\"CONECT: Les boulangeries modernes annoncent la suspension de leur activit\u00e9\"},{\"@type\":\"BreadcrumbList\",\"@id\":\"https:\\\/\\\/www.webdo.tn\\\/fr\\\/actualite\\\/national\\\/conect-les-boulangeries-modernes-annoncent-la-suspension-de-leur-activite\\\/207619\\\/#breadcrumb\",\"itemListElement\":[{\"@type\":\"ListItem\",\"position\":1,\"name\":\"Accueil\",\"item\":\"https:\\\/\\\/www.webdo.tn\\\/fr\\\/\"},{\"@type\":\"ListItem\",\"position\":2,\"name\":\"CONECT: Les boulangeries modernes annoncent la suspension de leur activit\u00e9\"}]},{\"@type\":\"WebSite\",\"@id\":\"https:\\\/\\\/www.webdo.tn\\\/fr\\\/#website\",\"url\":\"https:\\\/\\\/www.webdo.tn\\\/fr\\\/\",\"name\":\"webdo\",\"description\":\"Tunisie - News en Tunisie et \u00e0 l&#039;international sur Webdo.tn\",\"publisher\":{\"@id\":\"https:\\\/\\\/www.webdo.tn\\\/fr\\\/#organization\"},\"potentialAction\":[{\"@type\":\"SearchAction\",\"target\":{\"@type\":\"EntryPoint\",\"urlTemplate\":\"https:\\\/\\\/www.webdo.tn\\\/fr\\\/?s={search_term_string}\"},\"query-input\":{\"@type\":\"PropertyValueSpecification\",\"valueRequired\":true,\"valueName\":\"search_term_string\"}}],\"inLanguage\":\"fr-FR\"},{\"@type\":\"Organization\",\"@id\":\"https:\\\/\\\/www.webdo.tn\\\/fr\\\/#organization\",\"name\":\"Webdo\",\"alternateName\":\"Webdo.tn\",\"url\":\"https:\\\/\\\/www.webdo.tn\\\/fr\\\/\",\"logo\":{\"@type\":\"ImageObject\",\"inLanguage\":\"fr-FR\",\"@id\":\"https:\\\/\\\/www.webdo.tn\\\/fr\\\/#\\\/schema\\\/logo\\\/image\\\/\",\"url\":\"https:\\\/\\\/www.webdo.tn\\\/fr\\\/wp-content\\\/uploads\\\/2025\\\/06\\\/Webdo-Tunisie_168377.jpg\",\"contentUrl\":\"https:\\\/\\\/www.webdo.tn\\\/fr\\\/wp-content\\\/uploads\\\/2025\\\/06\\\/Webdo-Tunisie_168377.jpg\",\"width\":301,\"height\":301,\"caption\":\"Webdo\"},\"image\":{\"@id\":\"https:\\\/\\\/www.webdo.tn\\\/fr\\\/#\\\/schema\\\/logo\\\/image\\\/\"},\"sameAs\":[\"https:\\\/\\\/www.facebook.com\\\/webdotn\",\"https:\\\/\\\/x.com\\\/webdo_tn\"],\"description\":\"Webdo est un m\u00e9dia num\u00e9rique tunisien fond\u00e9 en 2010, sp\u00e9cialis\u00e9 dans l\u2019actualit\u00e9 nationale et internationale, l\u2019\u00e9conomie, la soci\u00e9t\u00e9 et les analyses politiques. Le site s\u2019adresse \u00e0 un large public francophone et couvre l\u2019information tunisienne en temps r\u00e9el.\",\"email\":\"redac@webdo.tn\",\"legalName\":\"YNJ SARL\",\"foundingDate\":\"2010-09-06\",\"numberOfEmployees\":{\"@type\":\"QuantitativeValue\",\"minValue\":\"11\",\"maxValue\":\"50\"}},{\"@type\":\"Person\",\"@id\":\"https:\\\/\\\/www.webdo.tn\\\/fr\\\/#\\\/schema\\\/person\\\/f35b42a42c5e2511bbd282959d6385cc\",\"name\":\"CL\",\"image\":{\"@type\":\"ImageObject\",\"inLanguage\":\"fr-FR\",\"@id\":\"https:\\\/\\\/secure.gravatar.com\\\/avatar\\\/1447a49909b67aa657c488aec6512e1dd6143a480c1ecfee9b5b5cd74eb3b59e?s=96&d=mm&r=g\",\"url\":\"https:\\\/\\\/secure.gravatar.com\\\/avatar\\\/1447a49909b67aa657c488aec6512e1dd6143a480c1ecfee9b5b5cd74eb3b59e?s=96&d=mm&r=g\",\"contentUrl\":\"https:\\\/\\\/secure.gravatar.com\\\/avatar\\\/1447a49909b67aa657c488aec6512e1dd6143a480c1ecfee9b5b5cd74eb3b59e?s=96&d=mm&r=g\",\"caption\":\"CL\"},\"url\":\"https:\\\/\\\/www.webdo.tn\\\/fr\\\/actualite\\\/author\\\/cl\\\/\"}]}<\/script>\n<!-- \/ Yoast SEO Premium plugin. -->","yoast_head_json":{"title":"CONECT: Les boulangeries modernes annoncent la suspension de leur activit\u00e9","description":"Le groupement professionnel des boulangeries modernes relevant de la Conf\u00e9d\u00e9ration Nationale des Entreprises de Tunisie (CONECT) a annonc\u00e9, lundi, la suspension...","canonical":"https:\/\/www.webdo.tn\/fr\/actualite\/national\/conect-les-boulangeries-modernes-annoncent-la-suspension-de-leur-activite\/207619\/","og_locale":"fr_FR","og_type":"article","og_title":"CONECT: Les boulangeries modernes annoncent la suspension de leur activit\u00e9","og_description":"Le groupement professionnel des boulangeries modernes relevant de la Conf\u00e9d\u00e9ration Nationale des Entreprises de Tunisie (CONECT) a annonc\u00e9, lundi, la suspension...","og_url":"https:\/\/www.webdo.tn\/fr\/actualite\/national\/conect-les-boulangeries-modernes-annoncent-la-suspension-de-leur-activite\/207619\/","og_site_name":"webdo","article_publisher":"https:\/\/www.facebook.com\/webdotn","article_published_time":"2023-07-31T18:02:00+00:00","article_modified_time":"2025-05-20T22:42:05+00:00","og_image":[{"width":750,"height":400,"url":"https:\/\/www.webdo.tn\/fr\/wp-content\/uploads\/2023\/07\/aa6889a72607093ba598ae2ccf9d256e.jpg","type":"image\/jpeg"}],"author":"CL","twitter_card":"summary_large_image","twitter_creator":"@webdo_tn","twitter_site":"@webdo_tn","twitter_misc":{"\u00c9crit par":"CL","Dur\u00e9e de lecture estim\u00e9e":"1 minute"},"schema":{"@context":"https:\/\/schema.org","@graph":[{"@type":"NewsArticle","@id":"https:\/\/www.webdo.tn\/fr\/actualite\/national\/conect-les-boulangeries-modernes-annoncent-la-suspension-de-leur-activite\/207619\/#article","isPartOf":{"@id":"https:\/\/www.webdo.tn\/fr\/actualite\/national\/conect-les-boulangeries-modernes-annoncent-la-suspension-de-leur-activite\/207619\/"},"author":{"name":"CL","@id":"https:\/\/www.webdo.tn\/fr\/#\/schema\/person\/f35b42a42c5e2511bbd282959d6385cc"},"headline":"CONECT: Les boulangeries modernes annoncent la suspension de leur activit\u00e9","datePublished":"2023-07-31T18:02:00+00:00","dateModified":"2025-05-20T22:42:05+00:00","mainEntityOfPage":{"@id":"https:\/\/www.webdo.tn\/fr\/actualite\/national\/conect-les-boulangeries-modernes-annoncent-la-suspension-de-leur-activite\/207619\/"},"wordCount":174,"commentCount":0,"publisher":{"@id":"https:\/\/www.webdo.tn\/fr\/#organization"},"image":{"@id":"https:\/\/www.webdo.tn\/fr\/actualite\/national\/conect-les-boulangeries-modernes-annoncent-la-suspension-de-leur-activite\/207619\/#primaryimage"},"thumbnailUrl":"https:\/\/www.webdo.tn\/fr\/wp-content\/uploads\/2023\/07\/aa6889a72607093ba598ae2ccf9d256e.jpg","keywords":["boulangeries","pain","Tunisie"],"articleSection":["National"],"inLanguage":"fr-FR"},{"@type":"WebPage","@id":"https:\/\/www.webdo.tn\/fr\/actualite\/national\/conect-les-boulangeries-modernes-annoncent-la-suspension-de-leur-activite\/207619\/","url":"https:\/\/www.webdo.tn\/fr\/actualite\/national\/conect-les-boulangeries-modernes-annoncent-la-suspension-de-leur-activite\/207619\/","name":"CONECT: Les boulangeries modernes annoncent la suspension de leur activit\u00e9","isPartOf":{"@id":"https:\/\/www.webdo.tn\/fr\/#website"},"primaryImageOfPage":{"@id":"https:\/\/www.webdo.tn\/fr\/actualite\/national\/conect-les-boulangeries-modernes-annoncent-la-suspension-de-leur-activite\/207619\/#primaryimage"},"image":{"@id":"https:\/\/www.webdo.tn\/fr\/actualite\/national\/conect-les-boulangeries-modernes-annoncent-la-suspension-de-leur-activite\/207619\/#primaryimage"},"thumbnailUrl":"https:\/\/www.webdo.tn\/fr\/wp-content\/uploads\/2023\/07\/aa6889a72607093ba598ae2ccf9d256e.jpg","datePublished":"2023-07-31T18:02:00+00:00","dateModified":"2025-05-20T22:42:05+00:00","description":"Le groupement professionnel des boulangeries modernes relevant de la Conf\u00e9d\u00e9ration Nationale des Entreprises de Tunisie (CONECT) a annonc\u00e9, lundi, la suspension...","breadcrumb":{"@id":"https:\/\/www.webdo.tn\/fr\/actualite\/national\/conect-les-boulangeries-modernes-annoncent-la-suspension-de-leur-activite\/207619\/#breadcrumb"},"inLanguage":"fr-FR","potentialAction":[{"@type":"ReadAction","target":["https:\/\/www.webdo.tn\/fr\/actualite\/national\/conect-les-boulangeries-modernes-annoncent-la-suspension-de-leur-activite\/207619\/"]}]},{"@type":"ImageObject","inLanguage":"fr-FR","@id":"https:\/\/www.webdo.tn\/fr\/actualite\/national\/conect-les-boulangeries-modernes-annoncent-la-suspension-de-leur-activite\/207619\/#primaryimage","url":"https:\/\/www.webdo.tn\/fr\/wp-content\/uploads\/2023\/07\/aa6889a72607093ba598ae2ccf9d256e.jpg","contentUrl":"https:\/\/www.webdo.tn\/fr\/wp-content\/uploads\/2023\/07\/aa6889a72607093ba598ae2ccf9d256e.jpg","width":750,"height":400,"caption":"CONECT: Les boulangeries modernes annoncent la suspension de leur activit\u00e9"},{"@type":"BreadcrumbList","@id":"https:\/\/www.webdo.tn\/fr\/actualite\/national\/conect-les-boulangeries-modernes-annoncent-la-suspension-de-leur-activite\/207619\/#breadcrumb","itemListElement":[{"@type":"ListItem","position":1,"name":"Accueil","item":"https:\/\/www.webdo.tn\/fr\/"},{"@type":"ListItem","position":2,"name":"CONECT: Les boulangeries modernes annoncent la suspension de leur activit\u00e9"}]},{"@type":"WebSite","@id":"https:\/\/www.webdo.tn\/fr\/#website","url":"https:\/\/www.webdo.tn\/fr\/","name":"webdo","description":"Tunisie - News en Tunisie et \u00e0 l&#039;international sur Webdo.tn","publisher":{"@id":"https:\/\/www.webdo.tn\/fr\/#organization"},"potentialAction":[{"@type":"SearchAction","target":{"@type":"EntryPoint","urlTemplate":"https:\/\/www.webdo.tn\/fr\/?s={search_term_string}"},"query-input":{"@type":"PropertyValueSpecification","valueRequired":true,"valueName":"search_term_string"}}],"inLanguage":"fr-FR"},{"@type":"Organization","@id":"https:\/\/www.webdo.tn\/fr\/#organization","name":"Webdo","alternateName":"Webdo.tn","url":"https:\/\/www.webdo.tn\/fr\/","logo":{"@type":"ImageObject","inLanguage":"fr-FR","@id":"https:\/\/www.webdo.tn\/fr\/#\/schema\/logo\/image\/","url":"https:\/\/www.webdo.tn\/fr\/wp-content\/uploads\/2025\/06\/Webdo-Tunisie_168377.jpg","contentUrl":"https:\/\/www.webdo.tn\/fr\/wp-content\/uploads\/2025\/06\/Webdo-Tunisie_168377.jpg","width":301,"height":301,"caption":"Webdo"},"image":{"@id":"https:\/\/www.webdo.tn\/fr\/#\/schema\/logo\/image\/"},"sameAs":["https:\/\/www.facebook.com\/webdotn","https:\/\/x.com\/webdo_tn"],"description":"Webdo est un m\u00e9dia num\u00e9rique tunisien fond\u00e9 en 2010, sp\u00e9cialis\u00e9 dans l\u2019actualit\u00e9 nationale et internationale, l\u2019\u00e9conomie, la soci\u00e9t\u00e9 et les analyses politiques. Le site s\u2019adresse \u00e0 un large public francophone et couvre l\u2019information tunisienne en temps r\u00e9el.","email":"redac@webdo.tn","legalName":"YNJ SARL","foundingDate":"2010-09-06","numberOfEmployees":{"@type":"QuantitativeValue","minValue":"11","maxValue":"50"}},{"@type":"Person","@id":"https:\/\/www.webdo.tn\/fr\/#\/schema\/person\/f35b42a42c5e2511bbd282959d6385cc","name":"CL","image":{"@type":"ImageObject","inLanguage":"fr-FR","@id":"https:\/\/secure.gravatar.com\/avatar\/1447a49909b67aa657c488aec6512e1dd6143a480c1ecfee9b5b5cd74eb3b59e?s=96&d=mm&r=g","url":"https:\/\/secure.gravatar.com\/avatar\/1447a49909b67aa657c488aec6512e1dd6143a480c1ecfee9b5b5cd74eb3b59e?s=96&d=mm&r=g","contentUrl":"https:\/\/secure.gravatar.com\/avatar\/1447a49909b67aa657c488aec6512e1dd6143a480c1ecfee9b5b5cd74eb3b59e?s=96&d=mm&r=g","caption":"CL"},"url":"https:\/\/www.webdo.tn\/fr\/actualite\/author\/cl\/"}]}},"_links":{"self":[{"href":"https:\/\/www.webdo.tn\/fr\/wp-json\/wp\/v2\/posts\/207619","targetHints":{"allow":["GET"]}}],"collection":[{"href":"https:\/\/www.webdo.tn\/fr\/wp-json\/wp\/v2\/posts"}],"about":[{"href":"https:\/\/www.webdo.tn\/fr\/wp-json\/wp\/v2\/types\/post"}],"author":[{"embeddable":true,"href":"https:\/\/www.webdo.tn\/fr\/wp-json\/wp\/v2\/users\/3175"}],"replies":[{"embeddable":true,"href":"https:\/\/www.webdo.tn\/fr\/wp-json\/wp\/v2\/comments?post=207619"}],"version-history":[{"count":0,"href":"https:\/\/www.webdo.tn\/fr\/wp-json\/wp\/v2\/posts\/207619\/revisions"}],"wp:featuredmedia":[{"embeddable":true,"href":"https:\/\/www.webdo.tn\/fr\/wp-json\/wp\/v2\/media\/249640"}],"wp:attachment":[{"href":"https:\/\/www.webdo.tn\/fr\/wp-json\/wp\/v2\/media?parent=207619"}],"wp:term":[{"taxonomy":"category","embeddable":true,"href":"https:\/\/www.webdo.tn\/fr\/wp-json\/wp\/v2\/categories?post=207619"},{"taxonomy":"post_tag","embeddable":true,"href":"https:\/\/www.webdo.tn\/fr\/wp-json\/wp\/v2\/tags?post=207619"}],"curies":[{"name":"wp","href":"https:\/\/api.w.org\/{rel}","templated":true}]}}