{"id":207615,"date":"2023-07-31T13:04:00","date_gmt":"2023-07-31T13:04:00","guid":{"rendered":"https:\/\/www.webdo.tn\/fr\/blog\/ben-harper-a-carthage-une-soiree-memorable\/207615\/"},"modified":"2025-05-20T22:09:48","modified_gmt":"2025-05-20T22:09:48","slug":"ben-harper-a-carthage-une-soiree-memorable","status":"publish","type":"post","link":"https:\/\/www.webdo.tn\/fr\/actualite\/culture\/ben-harper-a-carthage-une-soiree-memorable\/207615\/","title":{"rendered":"Ben Harper \u00e0 Carthage : Une soir\u00e9e m\u00e9morable !"},"content":{"rendered":"<p>En concert, hier soir, sur la sc\u00e8ne du th\u00e9\u00e2tre antique de Carthage, Ben Harper a \u00e9clabouss\u00e9 de son talent cette soir\u00e9e de la 57\u00e8me \u00e9dition du festival international de Carthage.<\/p>\n<p>\t\t\t\t\t\t\t\t\tUne soir\u00e9e qui restera dans les annales aussi bien pour lui que pour le nombreux public pr\u00e9sent.<\/p>\n<p>L\u2019artiste am\u00e9ricain a d\u2019ailleurs exprim\u00e9 son admiration, apr\u00e8s son concert. Dans une br\u00e8ve d\u00e9claration \u00e0 l&rsquo;agence TAP.<\/p>\n<p>\u00ab\u00a0Le public m&rsquo;a impressionn\u00e9 et sans son \u00e9nergie, je crois que c&rsquo;est le silence des sensations et des \u00e9motions qui m&rsquo;aurait pris le dessus. Je le remercie parce qu&rsquo;il m&rsquo;a permis d&rsquo;\u00eatre tout simplement moi, m&rsquo;a fait planer au point o\u00f9 il est devenu un merveilleux membre du groupe ce soir\u00a0\u00bb.<\/p>\n<p>Ben Harper et ses musiciens, ovationn\u00e9s d\u00e8s leur entr\u00e9e sur la sc\u00e8ne, ont propos\u00e9 une quinzaine de morceaux du r\u00e9pertoire de l\u2019artiste. Du blues \u00e0 la soul en passant par le jazz et le rock, il a fait vibrer son public.<\/p>\n<p>Celui-ci est sorti ravi de ce spectacle qui restera grav\u00e9 dans les m\u00e9moires.<\/p>\n","protected":false},"excerpt":{"rendered":"<p>En concert, hier soir, sur la sc\u00e8ne du th\u00e9\u00e2tre antique de Carthage, Ben Harper a \u00e9clabouss\u00e9 de son talent cette soir\u00e9e de la 57\u00e8me \u00e9dition du festival internati&#8230;<\/p>\n","protected":false},"author":3162,"featured_media":278551,"comment_status":"open","ping_status":"closed","sticky":false,"template":"","format":"standard","meta":{"footnotes":""},"categories":[2594],"tags":[9565,4595,8072],"class_list":["post-207615","post","type-post","status-publish","format-standard","has-post-thumbnail","hentry","category-culture","tag-ben-harper","tag-concert","tag-festival-de-carthage"],"yoast_head":"<!-- This site is optimized with the Yoast SEO Premium plugin v27.5 (Yoast SEO v27.5) - https:\/\/yoast.com\/product\/yoast-seo-premium-wordpress\/ -->\n<title>Ben Harper \u00e0 Carthage : Une soir\u00e9e m\u00e9morable !<\/title>\n<meta name=\"description\" content=\"En concert, hier soir, sur la sc\u00e8ne du th\u00e9\u00e2tre antique de Carthage, Ben Harper a \u00e9clabouss\u00e9 de son talent cette soir\u00e9e de la 57\u00e8me \u00e9dition du festival internati...\" \/>\n<link rel=\"canonical\" href=\"https:\/\/www.webdo.tn\/fr\/actualite\/culture\/ben-harper-a-carthage-une-soiree-memorable\/207615\/\" \/>\n<meta property=\"og:locale\" content=\"fr_FR\" \/>\n<meta property=\"og:type\" content=\"article\" \/>\n<meta property=\"og:title\" content=\"Ben Harper \u00e0 Carthage : Une soir\u00e9e m\u00e9morable !\" \/>\n<meta property=\"og:description\" content=\"En concert, hier soir, sur la sc\u00e8ne du th\u00e9\u00e2tre antique de Carthage, Ben Harper a \u00e9clabouss\u00e9 de son talent cette soir\u00e9e de la 57\u00e8me \u00e9dition du festival internati...\" \/>\n<meta property=\"og:url\" content=\"https:\/\/www.webdo.tn\/fr\/actualite\/culture\/ben-harper-a-carthage-une-soiree-memorable\/207615\/\" \/>\n<meta property=\"og:site_name\" content=\"webdo\" \/>\n<meta property=\"article:publisher\" content=\"https:\/\/www.facebook.com\/webdotn\" \/>\n<meta property=\"article:published_time\" content=\"2023-07-31T13:04:00+00:00\" \/>\n<meta property=\"article:modified_time\" content=\"2025-05-20T22:09:48+00:00\" \/>\n<meta property=\"og:image\" content=\"https:\/\/www.webdo.tn\/fr\/wp-content\/uploads\/2023\/07\/d6c18413cf7d7e6240f80fb108030b4b.jpg\" \/>\n\t<meta property=\"og:image:width\" content=\"750\" \/>\n\t<meta property=\"og:image:height\" content=\"400\" \/>\n\t<meta property=\"og:image:type\" content=\"image\/jpeg\" \/>\n<meta name=\"author\" content=\"MC\" \/>\n<meta name=\"twitter:card\" content=\"summary_large_image\" \/>\n<meta name=\"twitter:creator\" content=\"@webdo_tn\" \/>\n<meta name=\"twitter:site\" content=\"@webdo_tn\" \/>\n<meta name=\"twitter:label1\" content=\"\u00c9crit par\" \/>\n\t<meta name=\"twitter:data1\" content=\"MC\" \/>\n\t<meta name=\"twitter:label2\" content=\"Dur\u00e9e de lecture estim\u00e9e\" \/>\n\t<meta name=\"twitter:data2\" content=\"1 minute\" \/>\n<script type=\"application\/ld+json\" class=\"yoast-schema-graph\">{\"@context\":\"https:\\\/\\\/schema.org\",\"@graph\":[{\"@type\":\"NewsArticle\",\"@id\":\"https:\\\/\\\/www.webdo.tn\\\/fr\\\/actualite\\\/culture\\\/ben-harper-a-carthage-une-soiree-memorable\\\/207615\\\/#article\",\"isPartOf\":{\"@id\":\"https:\\\/\\\/www.webdo.tn\\\/fr\\\/actualite\\\/culture\\\/ben-harper-a-carthage-une-soiree-memorable\\\/207615\\\/\"},\"author\":{\"name\":\"MC\",\"@id\":\"https:\\\/\\\/www.webdo.tn\\\/fr\\\/#\\\/schema\\\/person\\\/2c4929cbf5a809e3bd38617c6ce150f6\"},\"headline\":\"Ben Harper \u00e0 Carthage : Une soir\u00e9e m\u00e9morable !\",\"datePublished\":\"2023-07-31T13:04:00+00:00\",\"dateModified\":\"2025-05-20T22:09:48+00:00\",\"mainEntityOfPage\":{\"@id\":\"https:\\\/\\\/www.webdo.tn\\\/fr\\\/actualite\\\/culture\\\/ben-harper-a-carthage-une-soiree-memorable\\\/207615\\\/\"},\"wordCount\":201,\"commentCount\":0,\"publisher\":{\"@id\":\"https:\\\/\\\/www.webdo.tn\\\/fr\\\/#organization\"},\"image\":{\"@id\":\"https:\\\/\\\/www.webdo.tn\\\/fr\\\/actualite\\\/culture\\\/ben-harper-a-carthage-une-soiree-memorable\\\/207615\\\/#primaryimage\"},\"thumbnailUrl\":\"https:\\\/\\\/www.webdo.tn\\\/fr\\\/wp-content\\\/uploads\\\/2023\\\/07\\\/d6c18413cf7d7e6240f80fb108030b4b.jpg\",\"keywords\":[\"ben harper\",\"concert\",\"Festival de Carthage\"],\"articleSection\":[\"Culture\"],\"inLanguage\":\"fr-FR\"},{\"@type\":\"WebPage\",\"@id\":\"https:\\\/\\\/www.webdo.tn\\\/fr\\\/actualite\\\/culture\\\/ben-harper-a-carthage-une-soiree-memorable\\\/207615\\\/\",\"url\":\"https:\\\/\\\/www.webdo.tn\\\/fr\\\/actualite\\\/culture\\\/ben-harper-a-carthage-une-soiree-memorable\\\/207615\\\/\",\"name\":\"Ben Harper \u00e0 Carthage : Une soir\u00e9e m\u00e9morable !\",\"isPartOf\":{\"@id\":\"https:\\\/\\\/www.webdo.tn\\\/fr\\\/#website\"},\"primaryImageOfPage\":{\"@id\":\"https:\\\/\\\/www.webdo.tn\\\/fr\\\/actualite\\\/culture\\\/ben-harper-a-carthage-une-soiree-memorable\\\/207615\\\/#primaryimage\"},\"image\":{\"@id\":\"https:\\\/\\\/www.webdo.tn\\\/fr\\\/actualite\\\/culture\\\/ben-harper-a-carthage-une-soiree-memorable\\\/207615\\\/#primaryimage\"},\"thumbnailUrl\":\"https:\\\/\\\/www.webdo.tn\\\/fr\\\/wp-content\\\/uploads\\\/2023\\\/07\\\/d6c18413cf7d7e6240f80fb108030b4b.jpg\",\"datePublished\":\"2023-07-31T13:04:00+00:00\",\"dateModified\":\"2025-05-20T22:09:48+00:00\",\"description\":\"En concert, hier soir, sur la sc\u00e8ne du th\u00e9\u00e2tre antique de Carthage, Ben Harper a \u00e9clabouss\u00e9 de son talent cette soir\u00e9e de la 57\u00e8me \u00e9dition du festival internati...\",\"breadcrumb\":{\"@id\":\"https:\\\/\\\/www.webdo.tn\\\/fr\\\/actualite\\\/culture\\\/ben-harper-a-carthage-une-soiree-memorable\\\/207615\\\/#breadcrumb\"},\"inLanguage\":\"fr-FR\",\"potentialAction\":[{\"@type\":\"ReadAction\",\"target\":[\"https:\\\/\\\/www.webdo.tn\\\/fr\\\/actualite\\\/culture\\\/ben-harper-a-carthage-une-soiree-memorable\\\/207615\\\/\"]}]},{\"@type\":\"ImageObject\",\"inLanguage\":\"fr-FR\",\"@id\":\"https:\\\/\\\/www.webdo.tn\\\/fr\\\/actualite\\\/culture\\\/ben-harper-a-carthage-une-soiree-memorable\\\/207615\\\/#primaryimage\",\"url\":\"https:\\\/\\\/www.webdo.tn\\\/fr\\\/wp-content\\\/uploads\\\/2023\\\/07\\\/d6c18413cf7d7e6240f80fb108030b4b.jpg\",\"contentUrl\":\"https:\\\/\\\/www.webdo.tn\\\/fr\\\/wp-content\\\/uploads\\\/2023\\\/07\\\/d6c18413cf7d7e6240f80fb108030b4b.jpg\",\"width\":750,\"height\":400,\"caption\":\"Ben Harper \u00e0 Carthage : Une soir\u00e9e m\u00e9morable !\"},{\"@type\":\"BreadcrumbList\",\"@id\":\"https:\\\/\\\/www.webdo.tn\\\/fr\\\/actualite\\\/culture\\\/ben-harper-a-carthage-une-soiree-memorable\\\/207615\\\/#breadcrumb\",\"itemListElement\":[{\"@type\":\"ListItem\",\"position\":1,\"name\":\"Accueil\",\"item\":\"https:\\\/\\\/www.webdo.tn\\\/fr\\\/\"},{\"@type\":\"ListItem\",\"position\":2,\"name\":\"Ben Harper \u00e0 Carthage : Une soir\u00e9e m\u00e9morable !\"}]},{\"@type\":\"WebSite\",\"@id\":\"https:\\\/\\\/www.webdo.tn\\\/fr\\\/#website\",\"url\":\"https:\\\/\\\/www.webdo.tn\\\/fr\\\/\",\"name\":\"webdo\",\"description\":\"Tunisie - News en Tunisie et \u00e0 l&#039;international sur Webdo.tn\",\"publisher\":{\"@id\":\"https:\\\/\\\/www.webdo.tn\\\/fr\\\/#organization\"},\"potentialAction\":[{\"@type\":\"SearchAction\",\"target\":{\"@type\":\"EntryPoint\",\"urlTemplate\":\"https:\\\/\\\/www.webdo.tn\\\/fr\\\/?s={search_term_string}\"},\"query-input\":{\"@type\":\"PropertyValueSpecification\",\"valueRequired\":true,\"valueName\":\"search_term_string\"}}],\"inLanguage\":\"fr-FR\"},{\"@type\":\"Organization\",\"@id\":\"https:\\\/\\\/www.webdo.tn\\\/fr\\\/#organization\",\"name\":\"Webdo\",\"alternateName\":\"Webdo.tn\",\"url\":\"https:\\\/\\\/www.webdo.tn\\\/fr\\\/\",\"logo\":{\"@type\":\"ImageObject\",\"inLanguage\":\"fr-FR\",\"@id\":\"https:\\\/\\\/www.webdo.tn\\\/fr\\\/#\\\/schema\\\/logo\\\/image\\\/\",\"url\":\"https:\\\/\\\/www.webdo.tn\\\/fr\\\/wp-content\\\/uploads\\\/2025\\\/06\\\/Webdo-Tunisie_168377.jpg\",\"contentUrl\":\"https:\\\/\\\/www.webdo.tn\\\/fr\\\/wp-content\\\/uploads\\\/2025\\\/06\\\/Webdo-Tunisie_168377.jpg\",\"width\":301,\"height\":301,\"caption\":\"Webdo\"},\"image\":{\"@id\":\"https:\\\/\\\/www.webdo.tn\\\/fr\\\/#\\\/schema\\\/logo\\\/image\\\/\"},\"sameAs\":[\"https:\\\/\\\/www.facebook.com\\\/webdotn\",\"https:\\\/\\\/x.com\\\/webdo_tn\"],\"description\":\"Webdo est un m\u00e9dia num\u00e9rique tunisien fond\u00e9 en 2010, sp\u00e9cialis\u00e9 dans l\u2019actualit\u00e9 nationale et internationale, l\u2019\u00e9conomie, la soci\u00e9t\u00e9 et les analyses politiques. Le site s\u2019adresse \u00e0 un large public francophone et couvre l\u2019information tunisienne en temps r\u00e9el.\",\"email\":\"redac@webdo.tn\",\"legalName\":\"YNJ SARL\",\"foundingDate\":\"2010-09-06\",\"numberOfEmployees\":{\"@type\":\"QuantitativeValue\",\"minValue\":\"11\",\"maxValue\":\"50\"}},{\"@type\":\"Person\",\"@id\":\"https:\\\/\\\/www.webdo.tn\\\/fr\\\/#\\\/schema\\\/person\\\/2c4929cbf5a809e3bd38617c6ce150f6\",\"name\":\"MC\",\"image\":{\"@type\":\"ImageObject\",\"inLanguage\":\"fr-FR\",\"@id\":\"https:\\\/\\\/secure.gravatar.com\\\/avatar\\\/a545bbb6f84efdd5553dbbc2895e3ca8f1d12c5215e00a041c9670b54aa9b18a?s=96&d=mm&r=g\",\"url\":\"https:\\\/\\\/secure.gravatar.com\\\/avatar\\\/a545bbb6f84efdd5553dbbc2895e3ca8f1d12c5215e00a041c9670b54aa9b18a?s=96&d=mm&r=g\",\"contentUrl\":\"https:\\\/\\\/secure.gravatar.com\\\/avatar\\\/a545bbb6f84efdd5553dbbc2895e3ca8f1d12c5215e00a041c9670b54aa9b18a?s=96&d=mm&r=g\",\"caption\":\"MC\"},\"url\":\"https:\\\/\\\/www.webdo.tn\\\/fr\\\/actualite\\\/author\\\/mc\\\/\"}]}<\/script>\n<!-- \/ Yoast SEO Premium plugin. -->","yoast_head_json":{"title":"Ben Harper \u00e0 Carthage : Une soir\u00e9e m\u00e9morable !","description":"En concert, hier soir, sur la sc\u00e8ne du th\u00e9\u00e2tre antique de Carthage, Ben Harper a \u00e9clabouss\u00e9 de son talent cette soir\u00e9e de la 57\u00e8me \u00e9dition du festival internati...","canonical":"https:\/\/www.webdo.tn\/fr\/actualite\/culture\/ben-harper-a-carthage-une-soiree-memorable\/207615\/","og_locale":"fr_FR","og_type":"article","og_title":"Ben Harper \u00e0 Carthage : Une soir\u00e9e m\u00e9morable !","og_description":"En concert, hier soir, sur la sc\u00e8ne du th\u00e9\u00e2tre antique de Carthage, Ben Harper a \u00e9clabouss\u00e9 de son talent cette soir\u00e9e de la 57\u00e8me \u00e9dition du festival internati...","og_url":"https:\/\/www.webdo.tn\/fr\/actualite\/culture\/ben-harper-a-carthage-une-soiree-memorable\/207615\/","og_site_name":"webdo","article_publisher":"https:\/\/www.facebook.com\/webdotn","article_published_time":"2023-07-31T13:04:00+00:00","article_modified_time":"2025-05-20T22:09:48+00:00","og_image":[{"width":750,"height":400,"url":"https:\/\/www.webdo.tn\/fr\/wp-content\/uploads\/2023\/07\/d6c18413cf7d7e6240f80fb108030b4b.jpg","type":"image\/jpeg"}],"author":"MC","twitter_card":"summary_large_image","twitter_creator":"@webdo_tn","twitter_site":"@webdo_tn","twitter_misc":{"\u00c9crit par":"MC","Dur\u00e9e de lecture estim\u00e9e":"1 minute"},"schema":{"@context":"https:\/\/schema.org","@graph":[{"@type":"NewsArticle","@id":"https:\/\/www.webdo.tn\/fr\/actualite\/culture\/ben-harper-a-carthage-une-soiree-memorable\/207615\/#article","isPartOf":{"@id":"https:\/\/www.webdo.tn\/fr\/actualite\/culture\/ben-harper-a-carthage-une-soiree-memorable\/207615\/"},"author":{"name":"MC","@id":"https:\/\/www.webdo.tn\/fr\/#\/schema\/person\/2c4929cbf5a809e3bd38617c6ce150f6"},"headline":"Ben Harper \u00e0 Carthage : Une soir\u00e9e m\u00e9morable !","datePublished":"2023-07-31T13:04:00+00:00","dateModified":"2025-05-20T22:09:48+00:00","mainEntityOfPage":{"@id":"https:\/\/www.webdo.tn\/fr\/actualite\/culture\/ben-harper-a-carthage-une-soiree-memorable\/207615\/"},"wordCount":201,"commentCount":0,"publisher":{"@id":"https:\/\/www.webdo.tn\/fr\/#organization"},"image":{"@id":"https:\/\/www.webdo.tn\/fr\/actualite\/culture\/ben-harper-a-carthage-une-soiree-memorable\/207615\/#primaryimage"},"thumbnailUrl":"https:\/\/www.webdo.tn\/fr\/wp-content\/uploads\/2023\/07\/d6c18413cf7d7e6240f80fb108030b4b.jpg","keywords":["ben harper","concert","Festival de Carthage"],"articleSection":["Culture"],"inLanguage":"fr-FR"},{"@type":"WebPage","@id":"https:\/\/www.webdo.tn\/fr\/actualite\/culture\/ben-harper-a-carthage-une-soiree-memorable\/207615\/","url":"https:\/\/www.webdo.tn\/fr\/actualite\/culture\/ben-harper-a-carthage-une-soiree-memorable\/207615\/","name":"Ben Harper \u00e0 Carthage : Une soir\u00e9e m\u00e9morable !","isPartOf":{"@id":"https:\/\/www.webdo.tn\/fr\/#website"},"primaryImageOfPage":{"@id":"https:\/\/www.webdo.tn\/fr\/actualite\/culture\/ben-harper-a-carthage-une-soiree-memorable\/207615\/#primaryimage"},"image":{"@id":"https:\/\/www.webdo.tn\/fr\/actualite\/culture\/ben-harper-a-carthage-une-soiree-memorable\/207615\/#primaryimage"},"thumbnailUrl":"https:\/\/www.webdo.tn\/fr\/wp-content\/uploads\/2023\/07\/d6c18413cf7d7e6240f80fb108030b4b.jpg","datePublished":"2023-07-31T13:04:00+00:00","dateModified":"2025-05-20T22:09:48+00:00","description":"En concert, hier soir, sur la sc\u00e8ne du th\u00e9\u00e2tre antique de Carthage, Ben Harper a \u00e9clabouss\u00e9 de son talent cette soir\u00e9e de la 57\u00e8me \u00e9dition du festival internati...","breadcrumb":{"@id":"https:\/\/www.webdo.tn\/fr\/actualite\/culture\/ben-harper-a-carthage-une-soiree-memorable\/207615\/#breadcrumb"},"inLanguage":"fr-FR","potentialAction":[{"@type":"ReadAction","target":["https:\/\/www.webdo.tn\/fr\/actualite\/culture\/ben-harper-a-carthage-une-soiree-memorable\/207615\/"]}]},{"@type":"ImageObject","inLanguage":"fr-FR","@id":"https:\/\/www.webdo.tn\/fr\/actualite\/culture\/ben-harper-a-carthage-une-soiree-memorable\/207615\/#primaryimage","url":"https:\/\/www.webdo.tn\/fr\/wp-content\/uploads\/2023\/07\/d6c18413cf7d7e6240f80fb108030b4b.jpg","contentUrl":"https:\/\/www.webdo.tn\/fr\/wp-content\/uploads\/2023\/07\/d6c18413cf7d7e6240f80fb108030b4b.jpg","width":750,"height":400,"caption":"Ben Harper \u00e0 Carthage : Une soir\u00e9e m\u00e9morable !"},{"@type":"BreadcrumbList","@id":"https:\/\/www.webdo.tn\/fr\/actualite\/culture\/ben-harper-a-carthage-une-soiree-memorable\/207615\/#breadcrumb","itemListElement":[{"@type":"ListItem","position":1,"name":"Accueil","item":"https:\/\/www.webdo.tn\/fr\/"},{"@type":"ListItem","position":2,"name":"Ben Harper \u00e0 Carthage : Une soir\u00e9e m\u00e9morable !"}]},{"@type":"WebSite","@id":"https:\/\/www.webdo.tn\/fr\/#website","url":"https:\/\/www.webdo.tn\/fr\/","name":"webdo","description":"Tunisie - News en Tunisie et \u00e0 l&#039;international sur Webdo.tn","publisher":{"@id":"https:\/\/www.webdo.tn\/fr\/#organization"},"potentialAction":[{"@type":"SearchAction","target":{"@type":"EntryPoint","urlTemplate":"https:\/\/www.webdo.tn\/fr\/?s={search_term_string}"},"query-input":{"@type":"PropertyValueSpecification","valueRequired":true,"valueName":"search_term_string"}}],"inLanguage":"fr-FR"},{"@type":"Organization","@id":"https:\/\/www.webdo.tn\/fr\/#organization","name":"Webdo","alternateName":"Webdo.tn","url":"https:\/\/www.webdo.tn\/fr\/","logo":{"@type":"ImageObject","inLanguage":"fr-FR","@id":"https:\/\/www.webdo.tn\/fr\/#\/schema\/logo\/image\/","url":"https:\/\/www.webdo.tn\/fr\/wp-content\/uploads\/2025\/06\/Webdo-Tunisie_168377.jpg","contentUrl":"https:\/\/www.webdo.tn\/fr\/wp-content\/uploads\/2025\/06\/Webdo-Tunisie_168377.jpg","width":301,"height":301,"caption":"Webdo"},"image":{"@id":"https:\/\/www.webdo.tn\/fr\/#\/schema\/logo\/image\/"},"sameAs":["https:\/\/www.facebook.com\/webdotn","https:\/\/x.com\/webdo_tn"],"description":"Webdo est un m\u00e9dia num\u00e9rique tunisien fond\u00e9 en 2010, sp\u00e9cialis\u00e9 dans l\u2019actualit\u00e9 nationale et internationale, l\u2019\u00e9conomie, la soci\u00e9t\u00e9 et les analyses politiques. Le site s\u2019adresse \u00e0 un large public francophone et couvre l\u2019information tunisienne en temps r\u00e9el.","email":"redac@webdo.tn","legalName":"YNJ SARL","foundingDate":"2010-09-06","numberOfEmployees":{"@type":"QuantitativeValue","minValue":"11","maxValue":"50"}},{"@type":"Person","@id":"https:\/\/www.webdo.tn\/fr\/#\/schema\/person\/2c4929cbf5a809e3bd38617c6ce150f6","name":"MC","image":{"@type":"ImageObject","inLanguage":"fr-FR","@id":"https:\/\/secure.gravatar.com\/avatar\/a545bbb6f84efdd5553dbbc2895e3ca8f1d12c5215e00a041c9670b54aa9b18a?s=96&d=mm&r=g","url":"https:\/\/secure.gravatar.com\/avatar\/a545bbb6f84efdd5553dbbc2895e3ca8f1d12c5215e00a041c9670b54aa9b18a?s=96&d=mm&r=g","contentUrl":"https:\/\/secure.gravatar.com\/avatar\/a545bbb6f84efdd5553dbbc2895e3ca8f1d12c5215e00a041c9670b54aa9b18a?s=96&d=mm&r=g","caption":"MC"},"url":"https:\/\/www.webdo.tn\/fr\/actualite\/author\/mc\/"}]}},"_links":{"self":[{"href":"https:\/\/www.webdo.tn\/fr\/wp-json\/wp\/v2\/posts\/207615","targetHints":{"allow":["GET"]}}],"collection":[{"href":"https:\/\/www.webdo.tn\/fr\/wp-json\/wp\/v2\/posts"}],"about":[{"href":"https:\/\/www.webdo.tn\/fr\/wp-json\/wp\/v2\/types\/post"}],"author":[{"embeddable":true,"href":"https:\/\/www.webdo.tn\/fr\/wp-json\/wp\/v2\/users\/3162"}],"replies":[{"embeddable":true,"href":"https:\/\/www.webdo.tn\/fr\/wp-json\/wp\/v2\/comments?post=207615"}],"version-history":[{"count":0,"href":"https:\/\/www.webdo.tn\/fr\/wp-json\/wp\/v2\/posts\/207615\/revisions"}],"wp:featuredmedia":[{"embeddable":true,"href":"https:\/\/www.webdo.tn\/fr\/wp-json\/wp\/v2\/media\/278551"}],"wp:attachment":[{"href":"https:\/\/www.webdo.tn\/fr\/wp-json\/wp\/v2\/media?parent=207615"}],"wp:term":[{"taxonomy":"category","embeddable":true,"href":"https:\/\/www.webdo.tn\/fr\/wp-json\/wp\/v2\/categories?post=207615"},{"taxonomy":"post_tag","embeddable":true,"href":"https:\/\/www.webdo.tn\/fr\/wp-json\/wp\/v2\/tags?post=207615"}],"curies":[{"name":"wp","href":"https:\/\/api.w.org\/{rel}","templated":true}]}}