{"id":207612,"date":"2023-07-31T11:34:00","date_gmt":"2023-07-31T11:34:00","guid":{"rendered":"https:\/\/www.webdo.tn\/fr\/blog\/maitre-gims-annule-son-concert-en-tunisie-en-reaction-a-l-expulsion-des-migrants\/207612\/"},"modified":"2025-05-20T22:09:47","modified_gmt":"2025-05-20T22:09:47","slug":"maitre-gims-annule-son-concert-en-tunisie-en-reaction-a-l-expulsion-des-migrants","status":"publish","type":"post","link":"https:\/\/www.webdo.tn\/fr\/actualite\/culture\/maitre-gims-annule-son-concert-en-tunisie-en-reaction-a-l-expulsion-des-migrants\/207612\/","title":{"rendered":"Ma\u00eetre Gims annule son concert en Tunisie en r\u00e9action \u00e0 l\u2019expulsion des migrants"},"content":{"rendered":"<p>Ma\u00eetre Gims devait se produire \u00e0 Djerba le 11 ao\u00fbt prochain. Il a d\u00e9cid\u00e9 d\u2019annuler son concert en r\u00e9action \u00e0 la situation humanitaire aux fronti\u00e8res de la Tunisie et de la Libye.<\/p>\n<p>\t\t\t\t\t\t\t\t\tLe chanteur a lanc\u00e9 cette annonce, dimanche 30 juillet, sur son compte Instagram, indiquant qu\u2019il ne viendra finalement pas en Tunisie et que son concert pr\u00e9vu le 11 ao\u00fbt \u00e0 Djerba est annul\u00e9.<\/p>\n<p>La raison invoqu\u00e9e : les renvois de migrants par les autorit\u00e9s tunisiennes vers les pays frontaliers comme l&rsquo;Alg\u00e9rie, la Libye ou dans des zones en plein d\u00e9sert.<\/p>\n<p>\u00ab\u00a0Des enfants, des femmes, des hommes, expuls\u00e9s de la Tunisie vers la Libye, vivent dans des conditions inhumaines. Je ne peux maintenir ma venue en Tunisie pr\u00e9vue le 11 ao\u00fbt prochain. Je ne sais pas o\u00f9 sont les solutions. Mais cette d\u00e9tresse extr\u00eame est insoutenable\u2026\u00a0\u00bb, a-t-il d\u00e9clar\u00e9 dans une story.<\/p>\n","protected":false},"excerpt":{"rendered":"<p>Ma\u00eetre Gims devait se produire \u00e0 Djerba le 11 ao\u00fbt prochain. Il a d\u00e9cid\u00e9 d\u2019annuler son concert en r\u00e9action \u00e0 la situation humanitaire aux fronti\u00e8res de la Tunis&#8230;<\/p>\n","protected":false},"author":3162,"featured_media":278549,"comment_status":"open","ping_status":"closed","sticky":false,"template":"","format":"standard","meta":{"footnotes":""},"categories":[2594],"tags":[4376,4595,3696,9636,2894],"class_list":["post-207612","post","type-post","status-publish","format-standard","has-post-thumbnail","hentry","category-culture","tag-annulation","tag-concert","tag-djerba","tag-maitre-gims","tag-migrants"],"yoast_head":"<!-- This site is optimized with the Yoast SEO Premium plugin v27.5 (Yoast SEO v27.5) - https:\/\/yoast.com\/product\/yoast-seo-premium-wordpress\/ -->\n<title>Ma\u00eetre Gims annule son concert en Tunisie en r\u00e9action \u00e0 l\u2019expulsion des migrants<\/title>\n<meta name=\"description\" content=\"Ma\u00eetre Gims devait se produire \u00e0 Djerba le 11 ao\u00fbt prochain. Il a d\u00e9cid\u00e9 d\u2019annuler son concert en r\u00e9action \u00e0 la situation humanitaire aux fronti\u00e8res de la Tunis...\" \/>\n<link rel=\"canonical\" href=\"https:\/\/www.webdo.tn\/fr\/actualite\/culture\/maitre-gims-annule-son-concert-en-tunisie-en-reaction-a-l-expulsion-des-migrants\/207612\/\" \/>\n<meta property=\"og:locale\" content=\"fr_FR\" \/>\n<meta property=\"og:type\" content=\"article\" \/>\n<meta property=\"og:title\" content=\"Ma\u00eetre Gims annule son concert en Tunisie en r\u00e9action \u00e0 l\u2019expulsion des migrants\" \/>\n<meta property=\"og:description\" content=\"Ma\u00eetre Gims devait se produire \u00e0 Djerba le 11 ao\u00fbt prochain. Il a d\u00e9cid\u00e9 d\u2019annuler son concert en r\u00e9action \u00e0 la situation humanitaire aux fronti\u00e8res de la Tunis...\" \/>\n<meta property=\"og:url\" content=\"https:\/\/www.webdo.tn\/fr\/actualite\/culture\/maitre-gims-annule-son-concert-en-tunisie-en-reaction-a-l-expulsion-des-migrants\/207612\/\" \/>\n<meta property=\"og:site_name\" content=\"webdo\" \/>\n<meta property=\"article:publisher\" content=\"https:\/\/www.facebook.com\/webdotn\" \/>\n<meta property=\"article:published_time\" content=\"2023-07-31T11:34:00+00:00\" \/>\n<meta property=\"article:modified_time\" content=\"2025-05-20T22:09:47+00:00\" \/>\n<meta property=\"og:image\" content=\"https:\/\/www.webdo.tn\/fr\/wp-content\/uploads\/2023\/07\/f69327d9430713e321bfe39fb801974e.jpeg\" \/>\n\t<meta property=\"og:image:width\" content=\"750\" \/>\n\t<meta property=\"og:image:height\" content=\"400\" \/>\n\t<meta property=\"og:image:type\" content=\"image\/jpeg\" \/>\n<meta name=\"author\" content=\"MC\" \/>\n<meta name=\"twitter:card\" content=\"summary_large_image\" \/>\n<meta name=\"twitter:creator\" content=\"@webdo_tn\" \/>\n<meta name=\"twitter:site\" content=\"@webdo_tn\" \/>\n<meta name=\"twitter:label1\" content=\"\u00c9crit par\" \/>\n\t<meta name=\"twitter:data1\" content=\"MC\" \/>\n\t<meta name=\"twitter:label2\" content=\"Dur\u00e9e de lecture estim\u00e9e\" \/>\n\t<meta name=\"twitter:data2\" content=\"1 minute\" \/>\n<script type=\"application\/ld+json\" class=\"yoast-schema-graph\">{\"@context\":\"https:\\\/\\\/schema.org\",\"@graph\":[{\"@type\":\"NewsArticle\",\"@id\":\"https:\\\/\\\/www.webdo.tn\\\/fr\\\/actualite\\\/culture\\\/maitre-gims-annule-son-concert-en-tunisie-en-reaction-a-l-expulsion-des-migrants\\\/207612\\\/#article\",\"isPartOf\":{\"@id\":\"https:\\\/\\\/www.webdo.tn\\\/fr\\\/actualite\\\/culture\\\/maitre-gims-annule-son-concert-en-tunisie-en-reaction-a-l-expulsion-des-migrants\\\/207612\\\/\"},\"author\":{\"name\":\"MC\",\"@id\":\"https:\\\/\\\/www.webdo.tn\\\/fr\\\/#\\\/schema\\\/person\\\/2c4929cbf5a809e3bd38617c6ce150f6\"},\"headline\":\"Ma\u00eetre Gims annule son concert en Tunisie en r\u00e9action \u00e0 l\u2019expulsion des migrants\",\"datePublished\":\"2023-07-31T11:34:00+00:00\",\"dateModified\":\"2025-05-20T22:09:47+00:00\",\"mainEntityOfPage\":{\"@id\":\"https:\\\/\\\/www.webdo.tn\\\/fr\\\/actualite\\\/culture\\\/maitre-gims-annule-son-concert-en-tunisie-en-reaction-a-l-expulsion-des-migrants\\\/207612\\\/\"},\"wordCount\":169,\"commentCount\":0,\"publisher\":{\"@id\":\"https:\\\/\\\/www.webdo.tn\\\/fr\\\/#organization\"},\"image\":{\"@id\":\"https:\\\/\\\/www.webdo.tn\\\/fr\\\/actualite\\\/culture\\\/maitre-gims-annule-son-concert-en-tunisie-en-reaction-a-l-expulsion-des-migrants\\\/207612\\\/#primaryimage\"},\"thumbnailUrl\":\"https:\\\/\\\/www.webdo.tn\\\/fr\\\/wp-content\\\/uploads\\\/2023\\\/07\\\/f69327d9430713e321bfe39fb801974e.jpeg\",\"keywords\":[\"annulation\",\"concert\",\"djerba\",\"Ma\u00eetre Gims\",\"migrants\"],\"articleSection\":[\"Culture\"],\"inLanguage\":\"fr-FR\"},{\"@type\":\"WebPage\",\"@id\":\"https:\\\/\\\/www.webdo.tn\\\/fr\\\/actualite\\\/culture\\\/maitre-gims-annule-son-concert-en-tunisie-en-reaction-a-l-expulsion-des-migrants\\\/207612\\\/\",\"url\":\"https:\\\/\\\/www.webdo.tn\\\/fr\\\/actualite\\\/culture\\\/maitre-gims-annule-son-concert-en-tunisie-en-reaction-a-l-expulsion-des-migrants\\\/207612\\\/\",\"name\":\"Ma\u00eetre Gims annule son concert en Tunisie en r\u00e9action \u00e0 l\u2019expulsion des migrants\",\"isPartOf\":{\"@id\":\"https:\\\/\\\/www.webdo.tn\\\/fr\\\/#website\"},\"primaryImageOfPage\":{\"@id\":\"https:\\\/\\\/www.webdo.tn\\\/fr\\\/actualite\\\/culture\\\/maitre-gims-annule-son-concert-en-tunisie-en-reaction-a-l-expulsion-des-migrants\\\/207612\\\/#primaryimage\"},\"image\":{\"@id\":\"https:\\\/\\\/www.webdo.tn\\\/fr\\\/actualite\\\/culture\\\/maitre-gims-annule-son-concert-en-tunisie-en-reaction-a-l-expulsion-des-migrants\\\/207612\\\/#primaryimage\"},\"thumbnailUrl\":\"https:\\\/\\\/www.webdo.tn\\\/fr\\\/wp-content\\\/uploads\\\/2023\\\/07\\\/f69327d9430713e321bfe39fb801974e.jpeg\",\"datePublished\":\"2023-07-31T11:34:00+00:00\",\"dateModified\":\"2025-05-20T22:09:47+00:00\",\"description\":\"Ma\u00eetre Gims devait se produire \u00e0 Djerba le 11 ao\u00fbt prochain. Il a d\u00e9cid\u00e9 d\u2019annuler son concert en r\u00e9action \u00e0 la situation humanitaire aux fronti\u00e8res de la Tunis...\",\"breadcrumb\":{\"@id\":\"https:\\\/\\\/www.webdo.tn\\\/fr\\\/actualite\\\/culture\\\/maitre-gims-annule-son-concert-en-tunisie-en-reaction-a-l-expulsion-des-migrants\\\/207612\\\/#breadcrumb\"},\"inLanguage\":\"fr-FR\",\"potentialAction\":[{\"@type\":\"ReadAction\",\"target\":[\"https:\\\/\\\/www.webdo.tn\\\/fr\\\/actualite\\\/culture\\\/maitre-gims-annule-son-concert-en-tunisie-en-reaction-a-l-expulsion-des-migrants\\\/207612\\\/\"]}]},{\"@type\":\"ImageObject\",\"inLanguage\":\"fr-FR\",\"@id\":\"https:\\\/\\\/www.webdo.tn\\\/fr\\\/actualite\\\/culture\\\/maitre-gims-annule-son-concert-en-tunisie-en-reaction-a-l-expulsion-des-migrants\\\/207612\\\/#primaryimage\",\"url\":\"https:\\\/\\\/www.webdo.tn\\\/fr\\\/wp-content\\\/uploads\\\/2023\\\/07\\\/f69327d9430713e321bfe39fb801974e.jpeg\",\"contentUrl\":\"https:\\\/\\\/www.webdo.tn\\\/fr\\\/wp-content\\\/uploads\\\/2023\\\/07\\\/f69327d9430713e321bfe39fb801974e.jpeg\",\"width\":750,\"height\":400,\"caption\":\"Ma\u00eetre Gims annule son concert en Tunisie en r\u00e9action \u00e0 l\u2019expulsion des migrants\"},{\"@type\":\"BreadcrumbList\",\"@id\":\"https:\\\/\\\/www.webdo.tn\\\/fr\\\/actualite\\\/culture\\\/maitre-gims-annule-son-concert-en-tunisie-en-reaction-a-l-expulsion-des-migrants\\\/207612\\\/#breadcrumb\",\"itemListElement\":[{\"@type\":\"ListItem\",\"position\":1,\"name\":\"Accueil\",\"item\":\"https:\\\/\\\/www.webdo.tn\\\/fr\\\/\"},{\"@type\":\"ListItem\",\"position\":2,\"name\":\"Ma\u00eetre Gims annule son concert en Tunisie en r\u00e9action \u00e0 l\u2019expulsion des migrants\"}]},{\"@type\":\"WebSite\",\"@id\":\"https:\\\/\\\/www.webdo.tn\\\/fr\\\/#website\",\"url\":\"https:\\\/\\\/www.webdo.tn\\\/fr\\\/\",\"name\":\"webdo\",\"description\":\"Tunisie - News en Tunisie et \u00e0 l&#039;international sur Webdo.tn\",\"publisher\":{\"@id\":\"https:\\\/\\\/www.webdo.tn\\\/fr\\\/#organization\"},\"potentialAction\":[{\"@type\":\"SearchAction\",\"target\":{\"@type\":\"EntryPoint\",\"urlTemplate\":\"https:\\\/\\\/www.webdo.tn\\\/fr\\\/?s={search_term_string}\"},\"query-input\":{\"@type\":\"PropertyValueSpecification\",\"valueRequired\":true,\"valueName\":\"search_term_string\"}}],\"inLanguage\":\"fr-FR\"},{\"@type\":\"Organization\",\"@id\":\"https:\\\/\\\/www.webdo.tn\\\/fr\\\/#organization\",\"name\":\"Webdo\",\"alternateName\":\"Webdo.tn\",\"url\":\"https:\\\/\\\/www.webdo.tn\\\/fr\\\/\",\"logo\":{\"@type\":\"ImageObject\",\"inLanguage\":\"fr-FR\",\"@id\":\"https:\\\/\\\/www.webdo.tn\\\/fr\\\/#\\\/schema\\\/logo\\\/image\\\/\",\"url\":\"https:\\\/\\\/www.webdo.tn\\\/fr\\\/wp-content\\\/uploads\\\/2025\\\/06\\\/Webdo-Tunisie_168377.jpg\",\"contentUrl\":\"https:\\\/\\\/www.webdo.tn\\\/fr\\\/wp-content\\\/uploads\\\/2025\\\/06\\\/Webdo-Tunisie_168377.jpg\",\"width\":301,\"height\":301,\"caption\":\"Webdo\"},\"image\":{\"@id\":\"https:\\\/\\\/www.webdo.tn\\\/fr\\\/#\\\/schema\\\/logo\\\/image\\\/\"},\"sameAs\":[\"https:\\\/\\\/www.facebook.com\\\/webdotn\",\"https:\\\/\\\/x.com\\\/webdo_tn\"],\"description\":\"Webdo est un m\u00e9dia num\u00e9rique tunisien fond\u00e9 en 2010, sp\u00e9cialis\u00e9 dans l\u2019actualit\u00e9 nationale et internationale, l\u2019\u00e9conomie, la soci\u00e9t\u00e9 et les analyses politiques. Le site s\u2019adresse \u00e0 un large public francophone et couvre l\u2019information tunisienne en temps r\u00e9el.\",\"email\":\"redac@webdo.tn\",\"legalName\":\"YNJ SARL\",\"foundingDate\":\"2010-09-06\",\"numberOfEmployees\":{\"@type\":\"QuantitativeValue\",\"minValue\":\"11\",\"maxValue\":\"50\"}},{\"@type\":\"Person\",\"@id\":\"https:\\\/\\\/www.webdo.tn\\\/fr\\\/#\\\/schema\\\/person\\\/2c4929cbf5a809e3bd38617c6ce150f6\",\"name\":\"MC\",\"image\":{\"@type\":\"ImageObject\",\"inLanguage\":\"fr-FR\",\"@id\":\"https:\\\/\\\/secure.gravatar.com\\\/avatar\\\/a545bbb6f84efdd5553dbbc2895e3ca8f1d12c5215e00a041c9670b54aa9b18a?s=96&d=mm&r=g\",\"url\":\"https:\\\/\\\/secure.gravatar.com\\\/avatar\\\/a545bbb6f84efdd5553dbbc2895e3ca8f1d12c5215e00a041c9670b54aa9b18a?s=96&d=mm&r=g\",\"contentUrl\":\"https:\\\/\\\/secure.gravatar.com\\\/avatar\\\/a545bbb6f84efdd5553dbbc2895e3ca8f1d12c5215e00a041c9670b54aa9b18a?s=96&d=mm&r=g\",\"caption\":\"MC\"},\"url\":\"https:\\\/\\\/www.webdo.tn\\\/fr\\\/actualite\\\/author\\\/mc\\\/\"}]}<\/script>\n<!-- \/ Yoast SEO Premium plugin. -->","yoast_head_json":{"title":"Ma\u00eetre Gims annule son concert en Tunisie en r\u00e9action \u00e0 l\u2019expulsion des migrants","description":"Ma\u00eetre Gims devait se produire \u00e0 Djerba le 11 ao\u00fbt prochain. Il a d\u00e9cid\u00e9 d\u2019annuler son concert en r\u00e9action \u00e0 la situation humanitaire aux fronti\u00e8res de la Tunis...","canonical":"https:\/\/www.webdo.tn\/fr\/actualite\/culture\/maitre-gims-annule-son-concert-en-tunisie-en-reaction-a-l-expulsion-des-migrants\/207612\/","og_locale":"fr_FR","og_type":"article","og_title":"Ma\u00eetre Gims annule son concert en Tunisie en r\u00e9action \u00e0 l\u2019expulsion des migrants","og_description":"Ma\u00eetre Gims devait se produire \u00e0 Djerba le 11 ao\u00fbt prochain. Il a d\u00e9cid\u00e9 d\u2019annuler son concert en r\u00e9action \u00e0 la situation humanitaire aux fronti\u00e8res de la Tunis...","og_url":"https:\/\/www.webdo.tn\/fr\/actualite\/culture\/maitre-gims-annule-son-concert-en-tunisie-en-reaction-a-l-expulsion-des-migrants\/207612\/","og_site_name":"webdo","article_publisher":"https:\/\/www.facebook.com\/webdotn","article_published_time":"2023-07-31T11:34:00+00:00","article_modified_time":"2025-05-20T22:09:47+00:00","og_image":[{"width":750,"height":400,"url":"https:\/\/www.webdo.tn\/fr\/wp-content\/uploads\/2023\/07\/f69327d9430713e321bfe39fb801974e.jpeg","type":"image\/jpeg"}],"author":"MC","twitter_card":"summary_large_image","twitter_creator":"@webdo_tn","twitter_site":"@webdo_tn","twitter_misc":{"\u00c9crit par":"MC","Dur\u00e9e de lecture estim\u00e9e":"1 minute"},"schema":{"@context":"https:\/\/schema.org","@graph":[{"@type":"NewsArticle","@id":"https:\/\/www.webdo.tn\/fr\/actualite\/culture\/maitre-gims-annule-son-concert-en-tunisie-en-reaction-a-l-expulsion-des-migrants\/207612\/#article","isPartOf":{"@id":"https:\/\/www.webdo.tn\/fr\/actualite\/culture\/maitre-gims-annule-son-concert-en-tunisie-en-reaction-a-l-expulsion-des-migrants\/207612\/"},"author":{"name":"MC","@id":"https:\/\/www.webdo.tn\/fr\/#\/schema\/person\/2c4929cbf5a809e3bd38617c6ce150f6"},"headline":"Ma\u00eetre Gims annule son concert en Tunisie en r\u00e9action \u00e0 l\u2019expulsion des migrants","datePublished":"2023-07-31T11:34:00+00:00","dateModified":"2025-05-20T22:09:47+00:00","mainEntityOfPage":{"@id":"https:\/\/www.webdo.tn\/fr\/actualite\/culture\/maitre-gims-annule-son-concert-en-tunisie-en-reaction-a-l-expulsion-des-migrants\/207612\/"},"wordCount":169,"commentCount":0,"publisher":{"@id":"https:\/\/www.webdo.tn\/fr\/#organization"},"image":{"@id":"https:\/\/www.webdo.tn\/fr\/actualite\/culture\/maitre-gims-annule-son-concert-en-tunisie-en-reaction-a-l-expulsion-des-migrants\/207612\/#primaryimage"},"thumbnailUrl":"https:\/\/www.webdo.tn\/fr\/wp-content\/uploads\/2023\/07\/f69327d9430713e321bfe39fb801974e.jpeg","keywords":["annulation","concert","djerba","Ma\u00eetre Gims","migrants"],"articleSection":["Culture"],"inLanguage":"fr-FR"},{"@type":"WebPage","@id":"https:\/\/www.webdo.tn\/fr\/actualite\/culture\/maitre-gims-annule-son-concert-en-tunisie-en-reaction-a-l-expulsion-des-migrants\/207612\/","url":"https:\/\/www.webdo.tn\/fr\/actualite\/culture\/maitre-gims-annule-son-concert-en-tunisie-en-reaction-a-l-expulsion-des-migrants\/207612\/","name":"Ma\u00eetre Gims annule son concert en Tunisie en r\u00e9action \u00e0 l\u2019expulsion des migrants","isPartOf":{"@id":"https:\/\/www.webdo.tn\/fr\/#website"},"primaryImageOfPage":{"@id":"https:\/\/www.webdo.tn\/fr\/actualite\/culture\/maitre-gims-annule-son-concert-en-tunisie-en-reaction-a-l-expulsion-des-migrants\/207612\/#primaryimage"},"image":{"@id":"https:\/\/www.webdo.tn\/fr\/actualite\/culture\/maitre-gims-annule-son-concert-en-tunisie-en-reaction-a-l-expulsion-des-migrants\/207612\/#primaryimage"},"thumbnailUrl":"https:\/\/www.webdo.tn\/fr\/wp-content\/uploads\/2023\/07\/f69327d9430713e321bfe39fb801974e.jpeg","datePublished":"2023-07-31T11:34:00+00:00","dateModified":"2025-05-20T22:09:47+00:00","description":"Ma\u00eetre Gims devait se produire \u00e0 Djerba le 11 ao\u00fbt prochain. Il a d\u00e9cid\u00e9 d\u2019annuler son concert en r\u00e9action \u00e0 la situation humanitaire aux fronti\u00e8res de la Tunis...","breadcrumb":{"@id":"https:\/\/www.webdo.tn\/fr\/actualite\/culture\/maitre-gims-annule-son-concert-en-tunisie-en-reaction-a-l-expulsion-des-migrants\/207612\/#breadcrumb"},"inLanguage":"fr-FR","potentialAction":[{"@type":"ReadAction","target":["https:\/\/www.webdo.tn\/fr\/actualite\/culture\/maitre-gims-annule-son-concert-en-tunisie-en-reaction-a-l-expulsion-des-migrants\/207612\/"]}]},{"@type":"ImageObject","inLanguage":"fr-FR","@id":"https:\/\/www.webdo.tn\/fr\/actualite\/culture\/maitre-gims-annule-son-concert-en-tunisie-en-reaction-a-l-expulsion-des-migrants\/207612\/#primaryimage","url":"https:\/\/www.webdo.tn\/fr\/wp-content\/uploads\/2023\/07\/f69327d9430713e321bfe39fb801974e.jpeg","contentUrl":"https:\/\/www.webdo.tn\/fr\/wp-content\/uploads\/2023\/07\/f69327d9430713e321bfe39fb801974e.jpeg","width":750,"height":400,"caption":"Ma\u00eetre Gims annule son concert en Tunisie en r\u00e9action \u00e0 l\u2019expulsion des migrants"},{"@type":"BreadcrumbList","@id":"https:\/\/www.webdo.tn\/fr\/actualite\/culture\/maitre-gims-annule-son-concert-en-tunisie-en-reaction-a-l-expulsion-des-migrants\/207612\/#breadcrumb","itemListElement":[{"@type":"ListItem","position":1,"name":"Accueil","item":"https:\/\/www.webdo.tn\/fr\/"},{"@type":"ListItem","position":2,"name":"Ma\u00eetre Gims annule son concert en Tunisie en r\u00e9action \u00e0 l\u2019expulsion des migrants"}]},{"@type":"WebSite","@id":"https:\/\/www.webdo.tn\/fr\/#website","url":"https:\/\/www.webdo.tn\/fr\/","name":"webdo","description":"Tunisie - News en Tunisie et \u00e0 l&#039;international sur Webdo.tn","publisher":{"@id":"https:\/\/www.webdo.tn\/fr\/#organization"},"potentialAction":[{"@type":"SearchAction","target":{"@type":"EntryPoint","urlTemplate":"https:\/\/www.webdo.tn\/fr\/?s={search_term_string}"},"query-input":{"@type":"PropertyValueSpecification","valueRequired":true,"valueName":"search_term_string"}}],"inLanguage":"fr-FR"},{"@type":"Organization","@id":"https:\/\/www.webdo.tn\/fr\/#organization","name":"Webdo","alternateName":"Webdo.tn","url":"https:\/\/www.webdo.tn\/fr\/","logo":{"@type":"ImageObject","inLanguage":"fr-FR","@id":"https:\/\/www.webdo.tn\/fr\/#\/schema\/logo\/image\/","url":"https:\/\/www.webdo.tn\/fr\/wp-content\/uploads\/2025\/06\/Webdo-Tunisie_168377.jpg","contentUrl":"https:\/\/www.webdo.tn\/fr\/wp-content\/uploads\/2025\/06\/Webdo-Tunisie_168377.jpg","width":301,"height":301,"caption":"Webdo"},"image":{"@id":"https:\/\/www.webdo.tn\/fr\/#\/schema\/logo\/image\/"},"sameAs":["https:\/\/www.facebook.com\/webdotn","https:\/\/x.com\/webdo_tn"],"description":"Webdo est un m\u00e9dia num\u00e9rique tunisien fond\u00e9 en 2010, sp\u00e9cialis\u00e9 dans l\u2019actualit\u00e9 nationale et internationale, l\u2019\u00e9conomie, la soci\u00e9t\u00e9 et les analyses politiques. Le site s\u2019adresse \u00e0 un large public francophone et couvre l\u2019information tunisienne en temps r\u00e9el.","email":"redac@webdo.tn","legalName":"YNJ SARL","foundingDate":"2010-09-06","numberOfEmployees":{"@type":"QuantitativeValue","minValue":"11","maxValue":"50"}},{"@type":"Person","@id":"https:\/\/www.webdo.tn\/fr\/#\/schema\/person\/2c4929cbf5a809e3bd38617c6ce150f6","name":"MC","image":{"@type":"ImageObject","inLanguage":"fr-FR","@id":"https:\/\/secure.gravatar.com\/avatar\/a545bbb6f84efdd5553dbbc2895e3ca8f1d12c5215e00a041c9670b54aa9b18a?s=96&d=mm&r=g","url":"https:\/\/secure.gravatar.com\/avatar\/a545bbb6f84efdd5553dbbc2895e3ca8f1d12c5215e00a041c9670b54aa9b18a?s=96&d=mm&r=g","contentUrl":"https:\/\/secure.gravatar.com\/avatar\/a545bbb6f84efdd5553dbbc2895e3ca8f1d12c5215e00a041c9670b54aa9b18a?s=96&d=mm&r=g","caption":"MC"},"url":"https:\/\/www.webdo.tn\/fr\/actualite\/author\/mc\/"}]}},"_links":{"self":[{"href":"https:\/\/www.webdo.tn\/fr\/wp-json\/wp\/v2\/posts\/207612","targetHints":{"allow":["GET"]}}],"collection":[{"href":"https:\/\/www.webdo.tn\/fr\/wp-json\/wp\/v2\/posts"}],"about":[{"href":"https:\/\/www.webdo.tn\/fr\/wp-json\/wp\/v2\/types\/post"}],"author":[{"embeddable":true,"href":"https:\/\/www.webdo.tn\/fr\/wp-json\/wp\/v2\/users\/3162"}],"replies":[{"embeddable":true,"href":"https:\/\/www.webdo.tn\/fr\/wp-json\/wp\/v2\/comments?post=207612"}],"version-history":[{"count":0,"href":"https:\/\/www.webdo.tn\/fr\/wp-json\/wp\/v2\/posts\/207612\/revisions"}],"wp:featuredmedia":[{"embeddable":true,"href":"https:\/\/www.webdo.tn\/fr\/wp-json\/wp\/v2\/media\/278549"}],"wp:attachment":[{"href":"https:\/\/www.webdo.tn\/fr\/wp-json\/wp\/v2\/media?parent=207612"}],"wp:term":[{"taxonomy":"category","embeddable":true,"href":"https:\/\/www.webdo.tn\/fr\/wp-json\/wp\/v2\/categories?post=207612"},{"taxonomy":"post_tag","embeddable":true,"href":"https:\/\/www.webdo.tn\/fr\/wp-json\/wp\/v2\/tags?post=207612"}],"curies":[{"name":"wp","href":"https:\/\/api.w.org\/{rel}","templated":true}]}}