{"id":207608,"date":"2023-07-31T10:38:00","date_gmt":"2023-07-31T10:38:00","guid":{"rendered":"https:\/\/www.webdo.tn\/fr\/blog\/classement-wta-ons-jabeur-grimpe-a-la-5e-place-mondiale\/207608\/"},"modified":"2025-05-20T21:58:09","modified_gmt":"2025-05-20T21:58:09","slug":"classement-wta-ons-jabeur-grimpe-a-la-5e-place-mondiale","status":"publish","type":"post","link":"https:\/\/www.webdo.tn\/fr\/actualite\/sport\/classement-wta-ons-jabeur-grimpe-a-la-5e-place-mondiale\/207608\/","title":{"rendered":"Classement WTA : Ons Jabeur grimpe \u00e0 la 5e place mondiale"},"content":{"rendered":"<p>Malgr\u00e9 sa d\u00e9faite en finale de Wimbledon, il y a quelques jours, Ons Jabeur a marqu\u00e9 des points dans le cadre du classement WTA actualis\u00e9 ce lundi 31 juillet 2023. Elle gagne une place et se retrouve d\u00e9sormais en 5e position.<\/p>\n<p>\t\t\t\t\t\t\t\t\tLa tenniswoman tunisienne, 6e avec 3547 points avant son parcours \u00e0 Wimbledon, a engrang\u00e9 1300 points apr\u00e8s sa finale perdue face \u00e0 la Tch\u00e8que Marketa Vondrousova, et totalise d\u00e9sormais 4846 points. Un total qui lui permet de d\u00e9passer la Fran\u00e7aise Caroline Garcia (4865 points).<\/p>\n<p>Une bonne nouvelle pour Ons Jabeur qui reste, toutefois toujours distanc\u00e9e par Iga Swiatek (9490), Aryna Sabalenka (8845), Elena Rybakina (5465) et Jessica Pegula (5395).<\/p>\n","protected":false},"excerpt":{"rendered":"<p>Malgr\u00e9 sa d\u00e9faite en finale de Wimbledon, il y a quelques jours, Ons Jabeur a marqu\u00e9 des points dans le cadre du classement WTA actualis\u00e9 ce lundi 31 juillet 20&#8230;<\/p>\n","protected":false},"author":3162,"featured_media":249668,"comment_status":"open","ping_status":"closed","sticky":false,"template":"","format":"standard","meta":{"footnotes":""},"categories":[2593],"tags":[2663,2604,2605],"class_list":["post-207608","post","type-post","status-publish","format-standard","has-post-thumbnail","hentry","category-sport","tag-classement-wta","tag-ons-jabeur","tag-tennis"],"yoast_head":"<!-- This site is optimized with the Yoast SEO Premium plugin v27.4 (Yoast SEO v27.5) - https:\/\/yoast.com\/product\/yoast-seo-premium-wordpress\/ -->\n<title>Classement WTA : Ons Jabeur grimpe \u00e0 la 5e place mondiale<\/title>\n<meta name=\"description\" content=\"Malgr\u00e9 sa d\u00e9faite en finale de Wimbledon, il y a quelques jours, Ons Jabeur a marqu\u00e9 des points dans le cadre du classement WTA actualis\u00e9 ce lundi 31 juillet 20...\" \/>\n<link rel=\"canonical\" href=\"https:\/\/www.webdo.tn\/fr\/actualite\/sport\/classement-wta-ons-jabeur-grimpe-a-la-5e-place-mondiale\/207608\/\" \/>\n<meta property=\"og:locale\" content=\"fr_FR\" \/>\n<meta property=\"og:type\" content=\"article\" \/>\n<meta property=\"og:title\" content=\"Classement WTA : Ons Jabeur grimpe \u00e0 la 5e place mondiale\" \/>\n<meta property=\"og:description\" content=\"Malgr\u00e9 sa d\u00e9faite en finale de Wimbledon, il y a quelques jours, Ons Jabeur a marqu\u00e9 des points dans le cadre du classement WTA actualis\u00e9 ce lundi 31 juillet 20...\" \/>\n<meta property=\"og:url\" content=\"https:\/\/www.webdo.tn\/fr\/actualite\/sport\/classement-wta-ons-jabeur-grimpe-a-la-5e-place-mondiale\/207608\/\" \/>\n<meta property=\"og:site_name\" content=\"webdo\" \/>\n<meta property=\"article:publisher\" content=\"https:\/\/www.facebook.com\/webdotn\" \/>\n<meta property=\"article:published_time\" content=\"2023-07-31T10:38:00+00:00\" \/>\n<meta property=\"article:modified_time\" content=\"2025-05-20T21:58:09+00:00\" \/>\n<meta property=\"og:image\" content=\"https:\/\/www.webdo.tn\/fr\/wp-content\/uploads\/2023\/07\/b6b0ab16c08fcdff154d7d40c3683eea.jpg\" \/>\n\t<meta property=\"og:image:width\" content=\"750\" \/>\n\t<meta property=\"og:image:height\" content=\"400\" \/>\n\t<meta property=\"og:image:type\" content=\"image\/jpeg\" \/>\n<meta name=\"author\" content=\"MC\" \/>\n<meta name=\"twitter:card\" content=\"summary_large_image\" \/>\n<meta name=\"twitter:creator\" content=\"@webdo_tn\" \/>\n<meta name=\"twitter:site\" content=\"@webdo_tn\" \/>\n<meta name=\"twitter:label1\" content=\"\u00c9crit par\" \/>\n\t<meta name=\"twitter:data1\" content=\"MC\" \/>\n\t<meta name=\"twitter:label2\" content=\"Dur\u00e9e de lecture estim\u00e9e\" \/>\n\t<meta name=\"twitter:data2\" content=\"1 minute\" \/>\n<script type=\"application\/ld+json\" class=\"yoast-schema-graph\">{\"@context\":\"https:\\\/\\\/schema.org\",\"@graph\":[{\"@type\":\"NewsArticle\",\"@id\":\"https:\\\/\\\/www.webdo.tn\\\/fr\\\/actualite\\\/sport\\\/classement-wta-ons-jabeur-grimpe-a-la-5e-place-mondiale\\\/207608\\\/#article\",\"isPartOf\":{\"@id\":\"https:\\\/\\\/www.webdo.tn\\\/fr\\\/actualite\\\/sport\\\/classement-wta-ons-jabeur-grimpe-a-la-5e-place-mondiale\\\/207608\\\/\"},\"author\":{\"name\":\"MC\",\"@id\":\"https:\\\/\\\/www.webdo.tn\\\/fr\\\/#\\\/schema\\\/person\\\/2c4929cbf5a809e3bd38617c6ce150f6\"},\"headline\":\"Classement WTA : Ons Jabeur grimpe \u00e0 la 5e place mondiale\",\"datePublished\":\"2023-07-31T10:38:00+00:00\",\"dateModified\":\"2025-05-20T21:58:09+00:00\",\"mainEntityOfPage\":{\"@id\":\"https:\\\/\\\/www.webdo.tn\\\/fr\\\/actualite\\\/sport\\\/classement-wta-ons-jabeur-grimpe-a-la-5e-place-mondiale\\\/207608\\\/\"},\"wordCount\":115,\"commentCount\":0,\"publisher\":{\"@id\":\"https:\\\/\\\/www.webdo.tn\\\/fr\\\/#organization\"},\"image\":{\"@id\":\"https:\\\/\\\/www.webdo.tn\\\/fr\\\/actualite\\\/sport\\\/classement-wta-ons-jabeur-grimpe-a-la-5e-place-mondiale\\\/207608\\\/#primaryimage\"},\"thumbnailUrl\":\"https:\\\/\\\/www.webdo.tn\\\/fr\\\/wp-content\\\/uploads\\\/2023\\\/07\\\/b6b0ab16c08fcdff154d7d40c3683eea.jpg\",\"keywords\":[\"classement wta\",\"Ons Jabeur\",\"tennis\"],\"articleSection\":[\"Sport\"],\"inLanguage\":\"fr-FR\"},{\"@type\":\"WebPage\",\"@id\":\"https:\\\/\\\/www.webdo.tn\\\/fr\\\/actualite\\\/sport\\\/classement-wta-ons-jabeur-grimpe-a-la-5e-place-mondiale\\\/207608\\\/\",\"url\":\"https:\\\/\\\/www.webdo.tn\\\/fr\\\/actualite\\\/sport\\\/classement-wta-ons-jabeur-grimpe-a-la-5e-place-mondiale\\\/207608\\\/\",\"name\":\"Classement WTA : Ons Jabeur grimpe \u00e0 la 5e place mondiale\",\"isPartOf\":{\"@id\":\"https:\\\/\\\/www.webdo.tn\\\/fr\\\/#website\"},\"primaryImageOfPage\":{\"@id\":\"https:\\\/\\\/www.webdo.tn\\\/fr\\\/actualite\\\/sport\\\/classement-wta-ons-jabeur-grimpe-a-la-5e-place-mondiale\\\/207608\\\/#primaryimage\"},\"image\":{\"@id\":\"https:\\\/\\\/www.webdo.tn\\\/fr\\\/actualite\\\/sport\\\/classement-wta-ons-jabeur-grimpe-a-la-5e-place-mondiale\\\/207608\\\/#primaryimage\"},\"thumbnailUrl\":\"https:\\\/\\\/www.webdo.tn\\\/fr\\\/wp-content\\\/uploads\\\/2023\\\/07\\\/b6b0ab16c08fcdff154d7d40c3683eea.jpg\",\"datePublished\":\"2023-07-31T10:38:00+00:00\",\"dateModified\":\"2025-05-20T21:58:09+00:00\",\"description\":\"Malgr\u00e9 sa d\u00e9faite en finale de Wimbledon, il y a quelques jours, Ons Jabeur a marqu\u00e9 des points dans le cadre du classement WTA actualis\u00e9 ce lundi 31 juillet 20...\",\"breadcrumb\":{\"@id\":\"https:\\\/\\\/www.webdo.tn\\\/fr\\\/actualite\\\/sport\\\/classement-wta-ons-jabeur-grimpe-a-la-5e-place-mondiale\\\/207608\\\/#breadcrumb\"},\"inLanguage\":\"fr-FR\",\"potentialAction\":[{\"@type\":\"ReadAction\",\"target\":[\"https:\\\/\\\/www.webdo.tn\\\/fr\\\/actualite\\\/sport\\\/classement-wta-ons-jabeur-grimpe-a-la-5e-place-mondiale\\\/207608\\\/\"]}]},{\"@type\":\"ImageObject\",\"inLanguage\":\"fr-FR\",\"@id\":\"https:\\\/\\\/www.webdo.tn\\\/fr\\\/actualite\\\/sport\\\/classement-wta-ons-jabeur-grimpe-a-la-5e-place-mondiale\\\/207608\\\/#primaryimage\",\"url\":\"https:\\\/\\\/www.webdo.tn\\\/fr\\\/wp-content\\\/uploads\\\/2023\\\/07\\\/b6b0ab16c08fcdff154d7d40c3683eea.jpg\",\"contentUrl\":\"https:\\\/\\\/www.webdo.tn\\\/fr\\\/wp-content\\\/uploads\\\/2023\\\/07\\\/b6b0ab16c08fcdff154d7d40c3683eea.jpg\",\"width\":750,\"height\":400,\"caption\":\"Classement WTA : Ons Jabeur grimpe \u00e0 la 5e place mondiale\"},{\"@type\":\"BreadcrumbList\",\"@id\":\"https:\\\/\\\/www.webdo.tn\\\/fr\\\/actualite\\\/sport\\\/classement-wta-ons-jabeur-grimpe-a-la-5e-place-mondiale\\\/207608\\\/#breadcrumb\",\"itemListElement\":[{\"@type\":\"ListItem\",\"position\":1,\"name\":\"Accueil\",\"item\":\"https:\\\/\\\/www.webdo.tn\\\/fr\\\/\"},{\"@type\":\"ListItem\",\"position\":2,\"name\":\"Classement WTA : Ons Jabeur grimpe \u00e0 la 5e place mondiale\"}]},{\"@type\":\"WebSite\",\"@id\":\"https:\\\/\\\/www.webdo.tn\\\/fr\\\/#website\",\"url\":\"https:\\\/\\\/www.webdo.tn\\\/fr\\\/\",\"name\":\"webdo\",\"description\":\"Tunisie - News en Tunisie et \u00e0 l&#039;international sur Webdo.tn\",\"publisher\":{\"@id\":\"https:\\\/\\\/www.webdo.tn\\\/fr\\\/#organization\"},\"potentialAction\":[{\"@type\":\"SearchAction\",\"target\":{\"@type\":\"EntryPoint\",\"urlTemplate\":\"https:\\\/\\\/www.webdo.tn\\\/fr\\\/?s={search_term_string}\"},\"query-input\":{\"@type\":\"PropertyValueSpecification\",\"valueRequired\":true,\"valueName\":\"search_term_string\"}}],\"inLanguage\":\"fr-FR\"},{\"@type\":\"Organization\",\"@id\":\"https:\\\/\\\/www.webdo.tn\\\/fr\\\/#organization\",\"name\":\"Webdo\",\"alternateName\":\"Webdo.tn\",\"url\":\"https:\\\/\\\/www.webdo.tn\\\/fr\\\/\",\"logo\":{\"@type\":\"ImageObject\",\"inLanguage\":\"fr-FR\",\"@id\":\"https:\\\/\\\/www.webdo.tn\\\/fr\\\/#\\\/schema\\\/logo\\\/image\\\/\",\"url\":\"https:\\\/\\\/www.webdo.tn\\\/fr\\\/wp-content\\\/uploads\\\/2025\\\/06\\\/Webdo-Tunisie_168377.jpg\",\"contentUrl\":\"https:\\\/\\\/www.webdo.tn\\\/fr\\\/wp-content\\\/uploads\\\/2025\\\/06\\\/Webdo-Tunisie_168377.jpg\",\"width\":301,\"height\":301,\"caption\":\"Webdo\"},\"image\":{\"@id\":\"https:\\\/\\\/www.webdo.tn\\\/fr\\\/#\\\/schema\\\/logo\\\/image\\\/\"},\"sameAs\":[\"https:\\\/\\\/www.facebook.com\\\/webdotn\",\"https:\\\/\\\/x.com\\\/webdo_tn\"],\"description\":\"Webdo est un m\u00e9dia num\u00e9rique tunisien fond\u00e9 en 2010, sp\u00e9cialis\u00e9 dans l\u2019actualit\u00e9 nationale et internationale, l\u2019\u00e9conomie, la soci\u00e9t\u00e9 et les analyses politiques. Le site s\u2019adresse \u00e0 un large public francophone et couvre l\u2019information tunisienne en temps r\u00e9el.\",\"email\":\"redac@webdo.tn\",\"legalName\":\"YNJ SARL\",\"foundingDate\":\"2010-09-06\",\"numberOfEmployees\":{\"@type\":\"QuantitativeValue\",\"minValue\":\"11\",\"maxValue\":\"50\"}},{\"@type\":\"Person\",\"@id\":\"https:\\\/\\\/www.webdo.tn\\\/fr\\\/#\\\/schema\\\/person\\\/2c4929cbf5a809e3bd38617c6ce150f6\",\"name\":\"MC\",\"image\":{\"@type\":\"ImageObject\",\"inLanguage\":\"fr-FR\",\"@id\":\"https:\\\/\\\/secure.gravatar.com\\\/avatar\\\/a545bbb6f84efdd5553dbbc2895e3ca8f1d12c5215e00a041c9670b54aa9b18a?s=96&d=mm&r=g\",\"url\":\"https:\\\/\\\/secure.gravatar.com\\\/avatar\\\/a545bbb6f84efdd5553dbbc2895e3ca8f1d12c5215e00a041c9670b54aa9b18a?s=96&d=mm&r=g\",\"contentUrl\":\"https:\\\/\\\/secure.gravatar.com\\\/avatar\\\/a545bbb6f84efdd5553dbbc2895e3ca8f1d12c5215e00a041c9670b54aa9b18a?s=96&d=mm&r=g\",\"caption\":\"MC\"},\"url\":\"https:\\\/\\\/www.webdo.tn\\\/fr\\\/actualite\\\/author\\\/mc\\\/\"}]}<\/script>\n<!-- \/ Yoast SEO Premium plugin. -->","yoast_head_json":{"title":"Classement WTA : Ons Jabeur grimpe \u00e0 la 5e place mondiale","description":"Malgr\u00e9 sa d\u00e9faite en finale de Wimbledon, il y a quelques jours, Ons Jabeur a marqu\u00e9 des points dans le cadre du classement WTA actualis\u00e9 ce lundi 31 juillet 20...","canonical":"https:\/\/www.webdo.tn\/fr\/actualite\/sport\/classement-wta-ons-jabeur-grimpe-a-la-5e-place-mondiale\/207608\/","og_locale":"fr_FR","og_type":"article","og_title":"Classement WTA : Ons Jabeur grimpe \u00e0 la 5e place mondiale","og_description":"Malgr\u00e9 sa d\u00e9faite en finale de Wimbledon, il y a quelques jours, Ons Jabeur a marqu\u00e9 des points dans le cadre du classement WTA actualis\u00e9 ce lundi 31 juillet 20...","og_url":"https:\/\/www.webdo.tn\/fr\/actualite\/sport\/classement-wta-ons-jabeur-grimpe-a-la-5e-place-mondiale\/207608\/","og_site_name":"webdo","article_publisher":"https:\/\/www.facebook.com\/webdotn","article_published_time":"2023-07-31T10:38:00+00:00","article_modified_time":"2025-05-20T21:58:09+00:00","og_image":[{"width":750,"height":400,"url":"https:\/\/www.webdo.tn\/fr\/wp-content\/uploads\/2023\/07\/b6b0ab16c08fcdff154d7d40c3683eea.jpg","type":"image\/jpeg"}],"author":"MC","twitter_card":"summary_large_image","twitter_creator":"@webdo_tn","twitter_site":"@webdo_tn","twitter_misc":{"\u00c9crit par":"MC","Dur\u00e9e de lecture estim\u00e9e":"1 minute"},"schema":{"@context":"https:\/\/schema.org","@graph":[{"@type":"NewsArticle","@id":"https:\/\/www.webdo.tn\/fr\/actualite\/sport\/classement-wta-ons-jabeur-grimpe-a-la-5e-place-mondiale\/207608\/#article","isPartOf":{"@id":"https:\/\/www.webdo.tn\/fr\/actualite\/sport\/classement-wta-ons-jabeur-grimpe-a-la-5e-place-mondiale\/207608\/"},"author":{"name":"MC","@id":"https:\/\/www.webdo.tn\/fr\/#\/schema\/person\/2c4929cbf5a809e3bd38617c6ce150f6"},"headline":"Classement WTA : Ons Jabeur grimpe \u00e0 la 5e place mondiale","datePublished":"2023-07-31T10:38:00+00:00","dateModified":"2025-05-20T21:58:09+00:00","mainEntityOfPage":{"@id":"https:\/\/www.webdo.tn\/fr\/actualite\/sport\/classement-wta-ons-jabeur-grimpe-a-la-5e-place-mondiale\/207608\/"},"wordCount":115,"commentCount":0,"publisher":{"@id":"https:\/\/www.webdo.tn\/fr\/#organization"},"image":{"@id":"https:\/\/www.webdo.tn\/fr\/actualite\/sport\/classement-wta-ons-jabeur-grimpe-a-la-5e-place-mondiale\/207608\/#primaryimage"},"thumbnailUrl":"https:\/\/www.webdo.tn\/fr\/wp-content\/uploads\/2023\/07\/b6b0ab16c08fcdff154d7d40c3683eea.jpg","keywords":["classement wta","Ons Jabeur","tennis"],"articleSection":["Sport"],"inLanguage":"fr-FR"},{"@type":"WebPage","@id":"https:\/\/www.webdo.tn\/fr\/actualite\/sport\/classement-wta-ons-jabeur-grimpe-a-la-5e-place-mondiale\/207608\/","url":"https:\/\/www.webdo.tn\/fr\/actualite\/sport\/classement-wta-ons-jabeur-grimpe-a-la-5e-place-mondiale\/207608\/","name":"Classement WTA : Ons Jabeur grimpe \u00e0 la 5e place mondiale","isPartOf":{"@id":"https:\/\/www.webdo.tn\/fr\/#website"},"primaryImageOfPage":{"@id":"https:\/\/www.webdo.tn\/fr\/actualite\/sport\/classement-wta-ons-jabeur-grimpe-a-la-5e-place-mondiale\/207608\/#primaryimage"},"image":{"@id":"https:\/\/www.webdo.tn\/fr\/actualite\/sport\/classement-wta-ons-jabeur-grimpe-a-la-5e-place-mondiale\/207608\/#primaryimage"},"thumbnailUrl":"https:\/\/www.webdo.tn\/fr\/wp-content\/uploads\/2023\/07\/b6b0ab16c08fcdff154d7d40c3683eea.jpg","datePublished":"2023-07-31T10:38:00+00:00","dateModified":"2025-05-20T21:58:09+00:00","description":"Malgr\u00e9 sa d\u00e9faite en finale de Wimbledon, il y a quelques jours, Ons Jabeur a marqu\u00e9 des points dans le cadre du classement WTA actualis\u00e9 ce lundi 31 juillet 20...","breadcrumb":{"@id":"https:\/\/www.webdo.tn\/fr\/actualite\/sport\/classement-wta-ons-jabeur-grimpe-a-la-5e-place-mondiale\/207608\/#breadcrumb"},"inLanguage":"fr-FR","potentialAction":[{"@type":"ReadAction","target":["https:\/\/www.webdo.tn\/fr\/actualite\/sport\/classement-wta-ons-jabeur-grimpe-a-la-5e-place-mondiale\/207608\/"]}]},{"@type":"ImageObject","inLanguage":"fr-FR","@id":"https:\/\/www.webdo.tn\/fr\/actualite\/sport\/classement-wta-ons-jabeur-grimpe-a-la-5e-place-mondiale\/207608\/#primaryimage","url":"https:\/\/www.webdo.tn\/fr\/wp-content\/uploads\/2023\/07\/b6b0ab16c08fcdff154d7d40c3683eea.jpg","contentUrl":"https:\/\/www.webdo.tn\/fr\/wp-content\/uploads\/2023\/07\/b6b0ab16c08fcdff154d7d40c3683eea.jpg","width":750,"height":400,"caption":"Classement WTA : Ons Jabeur grimpe \u00e0 la 5e place mondiale"},{"@type":"BreadcrumbList","@id":"https:\/\/www.webdo.tn\/fr\/actualite\/sport\/classement-wta-ons-jabeur-grimpe-a-la-5e-place-mondiale\/207608\/#breadcrumb","itemListElement":[{"@type":"ListItem","position":1,"name":"Accueil","item":"https:\/\/www.webdo.tn\/fr\/"},{"@type":"ListItem","position":2,"name":"Classement WTA : Ons Jabeur grimpe \u00e0 la 5e place mondiale"}]},{"@type":"WebSite","@id":"https:\/\/www.webdo.tn\/fr\/#website","url":"https:\/\/www.webdo.tn\/fr\/","name":"webdo","description":"Tunisie - News en Tunisie et \u00e0 l&#039;international sur Webdo.tn","publisher":{"@id":"https:\/\/www.webdo.tn\/fr\/#organization"},"potentialAction":[{"@type":"SearchAction","target":{"@type":"EntryPoint","urlTemplate":"https:\/\/www.webdo.tn\/fr\/?s={search_term_string}"},"query-input":{"@type":"PropertyValueSpecification","valueRequired":true,"valueName":"search_term_string"}}],"inLanguage":"fr-FR"},{"@type":"Organization","@id":"https:\/\/www.webdo.tn\/fr\/#organization","name":"Webdo","alternateName":"Webdo.tn","url":"https:\/\/www.webdo.tn\/fr\/","logo":{"@type":"ImageObject","inLanguage":"fr-FR","@id":"https:\/\/www.webdo.tn\/fr\/#\/schema\/logo\/image\/","url":"https:\/\/www.webdo.tn\/fr\/wp-content\/uploads\/2025\/06\/Webdo-Tunisie_168377.jpg","contentUrl":"https:\/\/www.webdo.tn\/fr\/wp-content\/uploads\/2025\/06\/Webdo-Tunisie_168377.jpg","width":301,"height":301,"caption":"Webdo"},"image":{"@id":"https:\/\/www.webdo.tn\/fr\/#\/schema\/logo\/image\/"},"sameAs":["https:\/\/www.facebook.com\/webdotn","https:\/\/x.com\/webdo_tn"],"description":"Webdo est un m\u00e9dia num\u00e9rique tunisien fond\u00e9 en 2010, sp\u00e9cialis\u00e9 dans l\u2019actualit\u00e9 nationale et internationale, l\u2019\u00e9conomie, la soci\u00e9t\u00e9 et les analyses politiques. Le site s\u2019adresse \u00e0 un large public francophone et couvre l\u2019information tunisienne en temps r\u00e9el.","email":"redac@webdo.tn","legalName":"YNJ SARL","foundingDate":"2010-09-06","numberOfEmployees":{"@type":"QuantitativeValue","minValue":"11","maxValue":"50"}},{"@type":"Person","@id":"https:\/\/www.webdo.tn\/fr\/#\/schema\/person\/2c4929cbf5a809e3bd38617c6ce150f6","name":"MC","image":{"@type":"ImageObject","inLanguage":"fr-FR","@id":"https:\/\/secure.gravatar.com\/avatar\/a545bbb6f84efdd5553dbbc2895e3ca8f1d12c5215e00a041c9670b54aa9b18a?s=96&d=mm&r=g","url":"https:\/\/secure.gravatar.com\/avatar\/a545bbb6f84efdd5553dbbc2895e3ca8f1d12c5215e00a041c9670b54aa9b18a?s=96&d=mm&r=g","contentUrl":"https:\/\/secure.gravatar.com\/avatar\/a545bbb6f84efdd5553dbbc2895e3ca8f1d12c5215e00a041c9670b54aa9b18a?s=96&d=mm&r=g","caption":"MC"},"url":"https:\/\/www.webdo.tn\/fr\/actualite\/author\/mc\/"}]}},"_links":{"self":[{"href":"https:\/\/www.webdo.tn\/fr\/wp-json\/wp\/v2\/posts\/207608","targetHints":{"allow":["GET"]}}],"collection":[{"href":"https:\/\/www.webdo.tn\/fr\/wp-json\/wp\/v2\/posts"}],"about":[{"href":"https:\/\/www.webdo.tn\/fr\/wp-json\/wp\/v2\/types\/post"}],"author":[{"embeddable":true,"href":"https:\/\/www.webdo.tn\/fr\/wp-json\/wp\/v2\/users\/3162"}],"replies":[{"embeddable":true,"href":"https:\/\/www.webdo.tn\/fr\/wp-json\/wp\/v2\/comments?post=207608"}],"version-history":[{"count":0,"href":"https:\/\/www.webdo.tn\/fr\/wp-json\/wp\/v2\/posts\/207608\/revisions"}],"wp:featuredmedia":[{"embeddable":true,"href":"https:\/\/www.webdo.tn\/fr\/wp-json\/wp\/v2\/media\/249668"}],"wp:attachment":[{"href":"https:\/\/www.webdo.tn\/fr\/wp-json\/wp\/v2\/media?parent=207608"}],"wp:term":[{"taxonomy":"category","embeddable":true,"href":"https:\/\/www.webdo.tn\/fr\/wp-json\/wp\/v2\/categories?post=207608"},{"taxonomy":"post_tag","embeddable":true,"href":"https:\/\/www.webdo.tn\/fr\/wp-json\/wp\/v2\/tags?post=207608"}],"curies":[{"name":"wp","href":"https:\/\/api.w.org\/{rel}","templated":true}]}}