{"id":207605,"date":"2023-07-31T08:38:00","date_gmt":"2023-07-31T08:38:00","guid":{"rendered":"https:\/\/www.webdo.tn\/fr\/blog\/ahmed-ayoub-hafnaoui-parcours-d-un-champion-stratospherique\/207605\/"},"modified":"2025-05-20T22:59:49","modified_gmt":"2025-05-20T22:59:49","slug":"ahmed-ayoub-hafnaoui-parcours-d-un-champion-stratospherique","status":"publish","type":"post","link":"https:\/\/www.webdo.tn\/fr\/actualite\/sport\/ahmed-ayoub-hafnaoui-parcours-d-un-champion-stratospherique\/207605\/","title":{"rendered":"Ahmed Ayoub Hafnaoui : Parcours d&rsquo;un Champion stratosph\u00e9rique"},"content":{"rendered":"<p>Il y a exactement deux ans, juste avant les Jeux olympiques de Tokyo, Ahmed Ayoub Hafnaoui, alors \u00e2g\u00e9 de 18 ans, \u00e9tait encore peu connu. C\u2019est le 25 juillet 2021 que ce jeune nageur est entr\u00e9 dans l\u2019histoire une premi\u00e8re fois en remportant \u00e0 la surprise g\u00e9n\u00e9rale la finale du 400 m nage libre des JO de Tokyo.<\/p>\n<p>\t\t\t\t\t\t\t\t\tLe jeune nageur, sp\u00e9cialiste des longues distances, avait boucl\u00e9 la course en 3 min 43 sec 36 centi\u00e8mes, troisi\u00e8me meilleur chrono de l&rsquo;ann\u00e9e, coiffant dans la derni\u00e8re longueur l&rsquo;Australien Jack McLoughlin.<\/p>\n<p>Ahmed Hafnaoui devenait ainsi le deuxi\u00e8me Tunisien \u00e0 remporter une m\u00e9daille d\u2019or olympique en natation apr\u00e8s les exploits d&rsquo;Oussama Mellouli.<\/p>\n<p>Depuis c\u2019est la razzia ! Ahmed Ayoub Hafnaoui ne cesse de gravir les \u00e9chelons et ce qu\u2019il a accompli au cours de ces deux derni\u00e8res ann\u00e9es avec en prime, trois m\u00e9dailles dont deux en or et deux titres de Champion du monde lors des Mondiaux de natation, qui se d\u00e9roulent \u00e0 Fukuoka au Japon, est tout simplement incroyable.<\/p>\n<p>Parcours d\u2019un Champion<\/p>\n<p>A un an des Jeux olympiques de Paris, Hafnaoui, a remport\u00e9 le Graal. Tout a d\u00e9marr\u00e9 le 23 juillet dernier lorsque notre champion de natation, a remport\u00e9 la m\u00e9daille d&rsquo;argent du 400 m Nage libre \u00e0 Fukuoka.<\/p>\n<p>Ayoub Hafnaoui a termin\u00e9 sa course avec un retard de 2 centi\u00e8mes de seconde sur l&rsquo;Australien Samuel Short, avec un temps de 3 minutes, 40 secondes et 70 centi\u00e8mes, celui-ci remportant la course et la m\u00e9daille d\u2019or.<\/p>\n<p>Mardi 25 juillet, Ayoub Hafnaoui se qualifie \u00e0 la finale du 800 m\u00e8tres Nage libre avec un temps de en 7 minutes 14 secondes et 97 centi\u00e8mes, arrivant deuxi\u00e8me de son groupe derri\u00e8re l&rsquo;Australien Short.<\/p>\n<p>Le lendemain, lors de la finale du 800 m\u00e8tres Nage libre, Ayoub Hafnaoui, change de rythme et \u00e9clabousse tous les pr\u00e9sents par son talent en dominant la course. Il d\u00e9croche haut la main la m\u00e9daille d&rsquo;or en terminant la course en t\u00eate apr\u00e8s avoir r\u00e9alis\u00e9 un temps de 7 minutes 37 secondes et 00 centi\u00e8mes, devant l&rsquo;Australien S. Short (champion du monde du 400m) et l&rsquo;Am\u00e9ricain B. Finke.<\/p>\n<p>L\u2019apoth\u00e9ose !<\/p>\n<p>Le n\u00e9o-champion du monde ne veut pas s\u2019arr\u00eater l\u00e0 ! Samedi dernier, le nageur se qualifie pour la finale du 1500 m\u00e8tres Nage libre en remportant sa s\u00e9rie et en r\u00e9alisant son meilleur chrono en 14 minutes 49 secondes et 53 centi\u00e8mes.<\/p>\n<p>Hier, lors de la finale, Ayoub Hafnaoui a \u00e9t\u00e9 stratosph\u00e9rique en remportant la finale du 1500 m\u00e8tres Nage libre de ces championnats du monde 2023. Il a devanc\u00e9 l&rsquo;Am\u00e9ricain, Robert Finke, de cinq dixi\u00e8me de secondes avec un chrono de 14 minutes 31 secondes et 54 centi\u00e8mes, battant, par la m\u00eame occasion, le record de la comp\u00e9tition. Il est \u00e0 rappeler que le record du monde de cette discipline est de 14 minutes 31 secondes et 02 centi\u00e8mes.<\/p>\n<p>Cette m\u00e9daille d&rsquo;or est la deuxi\u00e8me d&rsquo;Ayoub Hafnaoui aux championnats du monde de natation 2023 \u00e0 Fukuoka au Japon apr\u00e8s celle remport\u00e9e aux 800 m\u00e8tres Nage libre sans compter la m\u00e9daille d\u2019argent aux 400 m\u00e8tres Nage libre.<\/p>\n<p>Une ascension fulgurante<\/p>\n<p>En deux ans, Ahmed Ayoub Hafnaoui a connu une ascension fulgurante. Les nombreux meetings auquel il a pris part, notamment cette ann\u00e9e, ont \u00e9t\u00e9 couronn\u00e9s de succ\u00e8s avec trois m\u00e9dailles (2 or et 1 argent) au Meeting Pro Tyr de Knoxville aux Etats-Unis en janvier dernier.<\/p>\n<p>En mars dernier, le champion olympique a remport\u00e9 trois m\u00e9dailles d&rsquo;or lors du meeting ProTyr de Fort Lauderdale, aux Etats-Unis.<\/p>\n<p>Enfin, en mai dernier, il s\u2019est illustr\u00e9 avec deux m\u00e9dailles d\u2019or d\u00e9croch\u00e9es lors du Meeting de Barcelone (400m et 1500m Nage libre).<\/p>\n<p>Tous ses succ\u00e8s et son nouvel habit de Champion du monde, promettent beaucoup dans l\u2019optique des prochains JO.<\/p>\n","protected":false},"excerpt":{"rendered":"<p>Il y a exactement deux ans, juste avant les Jeux olympiques de Tokyo, Ahmed Ayoub Hafnaoui, alors \u00e2g\u00e9 de 18 ans, \u00e9tait encore peu connu.<\/p>\n","protected":false},"author":3189,"featured_media":249669,"comment_status":"open","ping_status":"closed","sticky":false,"template":"","format":"standard","meta":{"footnotes":""},"categories":[2593],"tags":[6990,4587,8156,2666,3252],"class_list":["post-207605","post","type-post","status-publish","format-standard","has-post-thumbnail","hentry","category-sport","tag-ahmed-ayoub-hafnaoui","tag-champion-du-monde","tag-fukuoka","tag-medailles","tag-natation"],"yoast_head":"<!-- This site is optimized with the Yoast SEO Premium plugin v27.5 (Yoast SEO v27.5) - https:\/\/yoast.com\/product\/yoast-seo-premium-wordpress\/ -->\n<title>Ahmed Ayoub Hafnaoui : Parcours d&#039;un Champion stratosph\u00e9rique<\/title>\n<meta name=\"description\" content=\"Il y a exactement deux ans, juste avant les Jeux olympiques de Tokyo, Ahmed Ayoub Hafnaoui, alors \u00e2g\u00e9 de 18 ans, \u00e9tait encore peu connu.\" \/>\n<link rel=\"canonical\" href=\"https:\/\/www.webdo.tn\/fr\/actualite\/sport\/ahmed-ayoub-hafnaoui-parcours-d-un-champion-stratospherique\/207605\/\" \/>\n<meta property=\"og:locale\" content=\"fr_FR\" \/>\n<meta property=\"og:type\" content=\"article\" \/>\n<meta property=\"og:title\" content=\"Ahmed Ayoub Hafnaoui : Parcours d&#039;un Champion stratosph\u00e9rique\" \/>\n<meta property=\"og:description\" content=\"Il y a exactement deux ans, juste avant les Jeux olympiques de Tokyo, Ahmed Ayoub Hafnaoui, alors \u00e2g\u00e9 de 18 ans, \u00e9tait encore peu connu.\" \/>\n<meta property=\"og:url\" content=\"https:\/\/www.webdo.tn\/fr\/actualite\/sport\/ahmed-ayoub-hafnaoui-parcours-d-un-champion-stratospherique\/207605\/\" \/>\n<meta property=\"og:site_name\" content=\"webdo\" \/>\n<meta property=\"article:publisher\" content=\"https:\/\/www.facebook.com\/webdotn\" \/>\n<meta property=\"article:author\" content=\"https:\/\/www.facebook.com\/youssef.rc.92\" \/>\n<meta property=\"article:published_time\" content=\"2023-07-31T08:38:00+00:00\" \/>\n<meta property=\"article:modified_time\" content=\"2025-05-20T22:59:49+00:00\" \/>\n<meta property=\"og:image\" content=\"https:\/\/www.webdo.tn\/fr\/wp-content\/uploads\/2023\/07\/0652dbb182838a58ec57194adfec8695.jpg\" \/>\n\t<meta property=\"og:image:width\" content=\"750\" \/>\n\t<meta property=\"og:image:height\" content=\"400\" \/>\n\t<meta property=\"og:image:type\" content=\"image\/jpeg\" \/>\n<meta name=\"author\" content=\"Maher Chaabane\" \/>\n<meta name=\"twitter:card\" content=\"summary_large_image\" \/>\n<meta name=\"twitter:creator\" content=\"@webdo_tn\" \/>\n<meta name=\"twitter:site\" content=\"@webdo_tn\" \/>\n<meta name=\"twitter:label1\" content=\"\u00c9crit par\" \/>\n\t<meta name=\"twitter:data1\" content=\"Maher Chaabane\" \/>\n\t<meta name=\"twitter:label2\" content=\"Dur\u00e9e de lecture estim\u00e9e\" \/>\n\t<meta name=\"twitter:data2\" content=\"3 minutes\" \/>\n<script type=\"application\/ld+json\" class=\"yoast-schema-graph\">{\"@context\":\"https:\\\/\\\/schema.org\",\"@graph\":[{\"@type\":\"NewsArticle\",\"@id\":\"https:\\\/\\\/www.webdo.tn\\\/fr\\\/actualite\\\/sport\\\/ahmed-ayoub-hafnaoui-parcours-d-un-champion-stratospherique\\\/207605\\\/#article\",\"isPartOf\":{\"@id\":\"https:\\\/\\\/www.webdo.tn\\\/fr\\\/actualite\\\/sport\\\/ahmed-ayoub-hafnaoui-parcours-d-un-champion-stratospherique\\\/207605\\\/\"},\"author\":{\"name\":\"Maher Chaabane\",\"@id\":\"https:\\\/\\\/www.webdo.tn\\\/fr\\\/#\\\/schema\\\/person\\\/57c261717927697fcf719ab1058a8003\"},\"headline\":\"Ahmed Ayoub Hafnaoui : Parcours d&rsquo;un Champion stratosph\u00e9rique\",\"datePublished\":\"2023-07-31T08:38:00+00:00\",\"dateModified\":\"2025-05-20T22:59:49+00:00\",\"mainEntityOfPage\":{\"@id\":\"https:\\\/\\\/www.webdo.tn\\\/fr\\\/actualite\\\/sport\\\/ahmed-ayoub-hafnaoui-parcours-d-un-champion-stratospherique\\\/207605\\\/\"},\"wordCount\":665,\"commentCount\":0,\"publisher\":{\"@id\":\"https:\\\/\\\/www.webdo.tn\\\/fr\\\/#organization\"},\"image\":{\"@id\":\"https:\\\/\\\/www.webdo.tn\\\/fr\\\/actualite\\\/sport\\\/ahmed-ayoub-hafnaoui-parcours-d-un-champion-stratospherique\\\/207605\\\/#primaryimage\"},\"thumbnailUrl\":\"https:\\\/\\\/www.webdo.tn\\\/fr\\\/wp-content\\\/uploads\\\/2023\\\/07\\\/0652dbb182838a58ec57194adfec8695.jpg\",\"keywords\":[\"ahmed ayoub hafnaoui\",\"champion du monde\",\"Fukuoka\",\"m\u00e9dailles\",\"natation\"],\"articleSection\":[\"Sport\"],\"inLanguage\":\"fr-FR\"},{\"@type\":\"WebPage\",\"@id\":\"https:\\\/\\\/www.webdo.tn\\\/fr\\\/actualite\\\/sport\\\/ahmed-ayoub-hafnaoui-parcours-d-un-champion-stratospherique\\\/207605\\\/\",\"url\":\"https:\\\/\\\/www.webdo.tn\\\/fr\\\/actualite\\\/sport\\\/ahmed-ayoub-hafnaoui-parcours-d-un-champion-stratospherique\\\/207605\\\/\",\"name\":\"Ahmed Ayoub Hafnaoui : Parcours d'un Champion stratosph\u00e9rique\",\"isPartOf\":{\"@id\":\"https:\\\/\\\/www.webdo.tn\\\/fr\\\/#website\"},\"primaryImageOfPage\":{\"@id\":\"https:\\\/\\\/www.webdo.tn\\\/fr\\\/actualite\\\/sport\\\/ahmed-ayoub-hafnaoui-parcours-d-un-champion-stratospherique\\\/207605\\\/#primaryimage\"},\"image\":{\"@id\":\"https:\\\/\\\/www.webdo.tn\\\/fr\\\/actualite\\\/sport\\\/ahmed-ayoub-hafnaoui-parcours-d-un-champion-stratospherique\\\/207605\\\/#primaryimage\"},\"thumbnailUrl\":\"https:\\\/\\\/www.webdo.tn\\\/fr\\\/wp-content\\\/uploads\\\/2023\\\/07\\\/0652dbb182838a58ec57194adfec8695.jpg\",\"datePublished\":\"2023-07-31T08:38:00+00:00\",\"dateModified\":\"2025-05-20T22:59:49+00:00\",\"description\":\"Il y a exactement deux ans, juste avant les Jeux olympiques de Tokyo, Ahmed Ayoub Hafnaoui, alors \u00e2g\u00e9 de 18 ans, \u00e9tait encore peu connu.\",\"breadcrumb\":{\"@id\":\"https:\\\/\\\/www.webdo.tn\\\/fr\\\/actualite\\\/sport\\\/ahmed-ayoub-hafnaoui-parcours-d-un-champion-stratospherique\\\/207605\\\/#breadcrumb\"},\"inLanguage\":\"fr-FR\",\"potentialAction\":[{\"@type\":\"ReadAction\",\"target\":[\"https:\\\/\\\/www.webdo.tn\\\/fr\\\/actualite\\\/sport\\\/ahmed-ayoub-hafnaoui-parcours-d-un-champion-stratospherique\\\/207605\\\/\"]}]},{\"@type\":\"ImageObject\",\"inLanguage\":\"fr-FR\",\"@id\":\"https:\\\/\\\/www.webdo.tn\\\/fr\\\/actualite\\\/sport\\\/ahmed-ayoub-hafnaoui-parcours-d-un-champion-stratospherique\\\/207605\\\/#primaryimage\",\"url\":\"https:\\\/\\\/www.webdo.tn\\\/fr\\\/wp-content\\\/uploads\\\/2023\\\/07\\\/0652dbb182838a58ec57194adfec8695.jpg\",\"contentUrl\":\"https:\\\/\\\/www.webdo.tn\\\/fr\\\/wp-content\\\/uploads\\\/2023\\\/07\\\/0652dbb182838a58ec57194adfec8695.jpg\",\"width\":750,\"height\":400,\"caption\":\"Ahmed Ayoub Hafnaoui : Parcours d'un Champion stratosph\u00e9rique\"},{\"@type\":\"BreadcrumbList\",\"@id\":\"https:\\\/\\\/www.webdo.tn\\\/fr\\\/actualite\\\/sport\\\/ahmed-ayoub-hafnaoui-parcours-d-un-champion-stratospherique\\\/207605\\\/#breadcrumb\",\"itemListElement\":[{\"@type\":\"ListItem\",\"position\":1,\"name\":\"Accueil\",\"item\":\"https:\\\/\\\/www.webdo.tn\\\/fr\\\/\"},{\"@type\":\"ListItem\",\"position\":2,\"name\":\"Ahmed Ayoub Hafnaoui : Parcours d&rsquo;un Champion stratosph\u00e9rique\"}]},{\"@type\":\"WebSite\",\"@id\":\"https:\\\/\\\/www.webdo.tn\\\/fr\\\/#website\",\"url\":\"https:\\\/\\\/www.webdo.tn\\\/fr\\\/\",\"name\":\"webdo\",\"description\":\"Tunisie - News en Tunisie et \u00e0 l&#039;international sur Webdo.tn\",\"publisher\":{\"@id\":\"https:\\\/\\\/www.webdo.tn\\\/fr\\\/#organization\"},\"potentialAction\":[{\"@type\":\"SearchAction\",\"target\":{\"@type\":\"EntryPoint\",\"urlTemplate\":\"https:\\\/\\\/www.webdo.tn\\\/fr\\\/?s={search_term_string}\"},\"query-input\":{\"@type\":\"PropertyValueSpecification\",\"valueRequired\":true,\"valueName\":\"search_term_string\"}}],\"inLanguage\":\"fr-FR\"},{\"@type\":\"Organization\",\"@id\":\"https:\\\/\\\/www.webdo.tn\\\/fr\\\/#organization\",\"name\":\"Webdo\",\"alternateName\":\"Webdo.tn\",\"url\":\"https:\\\/\\\/www.webdo.tn\\\/fr\\\/\",\"logo\":{\"@type\":\"ImageObject\",\"inLanguage\":\"fr-FR\",\"@id\":\"https:\\\/\\\/www.webdo.tn\\\/fr\\\/#\\\/schema\\\/logo\\\/image\\\/\",\"url\":\"https:\\\/\\\/www.webdo.tn\\\/fr\\\/wp-content\\\/uploads\\\/2025\\\/06\\\/Webdo-Tunisie_168377.jpg\",\"contentUrl\":\"https:\\\/\\\/www.webdo.tn\\\/fr\\\/wp-content\\\/uploads\\\/2025\\\/06\\\/Webdo-Tunisie_168377.jpg\",\"width\":301,\"height\":301,\"caption\":\"Webdo\"},\"image\":{\"@id\":\"https:\\\/\\\/www.webdo.tn\\\/fr\\\/#\\\/schema\\\/logo\\\/image\\\/\"},\"sameAs\":[\"https:\\\/\\\/www.facebook.com\\\/webdotn\",\"https:\\\/\\\/x.com\\\/webdo_tn\"],\"description\":\"Webdo est un m\u00e9dia num\u00e9rique tunisien fond\u00e9 en 2010, sp\u00e9cialis\u00e9 dans l\u2019actualit\u00e9 nationale et internationale, l\u2019\u00e9conomie, la soci\u00e9t\u00e9 et les analyses politiques. Le site s\u2019adresse \u00e0 un large public francophone et couvre l\u2019information tunisienne en temps r\u00e9el.\",\"email\":\"redac@webdo.tn\",\"legalName\":\"YNJ SARL\",\"foundingDate\":\"2010-09-06\",\"numberOfEmployees\":{\"@type\":\"QuantitativeValue\",\"minValue\":\"11\",\"maxValue\":\"50\"}},{\"@type\":\"Person\",\"@id\":\"https:\\\/\\\/www.webdo.tn\\\/fr\\\/#\\\/schema\\\/person\\\/57c261717927697fcf719ab1058a8003\",\"name\":\"Maher Chaabane\",\"image\":{\"@type\":\"ImageObject\",\"inLanguage\":\"fr-FR\",\"@id\":\"https:\\\/\\\/www.webdo.tn\\\/fr\\\/wp-content\\\/uploads\\\/2026\\\/04\\\/maher-chaabane_avatar_2-96x96.jpg\",\"url\":\"https:\\\/\\\/www.webdo.tn\\\/fr\\\/wp-content\\\/uploads\\\/2026\\\/04\\\/maher-chaabane_avatar_2-96x96.jpg\",\"contentUrl\":\"https:\\\/\\\/www.webdo.tn\\\/fr\\\/wp-content\\\/uploads\\\/2026\\\/04\\\/maher-chaabane_avatar_2-96x96.jpg\",\"caption\":\"Maher Chaabane\"},\"description\":\"Maher Chaabane est journaliste et r\u00e9dacteur en chef de Webdo.tn depuis 2012. Il d\u00e9bute sa carri\u00e8re au sein du groupe Tunis Hebdo en 2000, o\u00f9 il couvre pendant plusieurs ann\u00e9es l\u2019actualit\u00e9 sportive et internationale, avant d\u2019occuper les fonctions de r\u00e9dacteur en chef adjoint. Fort de plus de deux d\u00e9cennies d\u2019exp\u00e9rience dans le journalisme, il supervise aujourd\u2019hui la production \u00e9ditoriale de Webdo et contribue activement \u00e0 la ligne du m\u00e9dia, en particulier sur les sujets d\u2019actualit\u00e9 nationale et internationale. https:\\\/\\\/www.facebook.com\\\/youssef.rc.92\",\"sameAs\":[\"https:\\\/\\\/www.facebook.com\\\/youssef.rc.92\"],\"knowsAbout\":[\"journalisme\",\"actualit\u00e9 internationale\",\"sport\",\"r\u00e9daction\",\"m\u00e9dias\",\"information\"],\"knowsLanguage\":[\"Fran\u00e7ais\",\"Arabe\"],\"jobTitle\":\"R\u00e9dacteur en chef\",\"worksFor\":\"Webdo.tn\",\"url\":\"https:\\\/\\\/www.webdo.tn\\\/fr\\\/actualite\\\/author\\\/maher-chaabane\\\/\"}]}<\/script>\n<!-- \/ Yoast SEO Premium plugin. -->","yoast_head_json":{"title":"Ahmed Ayoub Hafnaoui : Parcours d'un Champion stratosph\u00e9rique","description":"Il y a exactement deux ans, juste avant les Jeux olympiques de Tokyo, Ahmed Ayoub Hafnaoui, alors \u00e2g\u00e9 de 18 ans, \u00e9tait encore peu connu.","canonical":"https:\/\/www.webdo.tn\/fr\/actualite\/sport\/ahmed-ayoub-hafnaoui-parcours-d-un-champion-stratospherique\/207605\/","og_locale":"fr_FR","og_type":"article","og_title":"Ahmed Ayoub Hafnaoui : Parcours d'un Champion stratosph\u00e9rique","og_description":"Il y a exactement deux ans, juste avant les Jeux olympiques de Tokyo, Ahmed Ayoub Hafnaoui, alors \u00e2g\u00e9 de 18 ans, \u00e9tait encore peu connu.","og_url":"https:\/\/www.webdo.tn\/fr\/actualite\/sport\/ahmed-ayoub-hafnaoui-parcours-d-un-champion-stratospherique\/207605\/","og_site_name":"webdo","article_publisher":"https:\/\/www.facebook.com\/webdotn","article_author":"https:\/\/www.facebook.com\/youssef.rc.92","article_published_time":"2023-07-31T08:38:00+00:00","article_modified_time":"2025-05-20T22:59:49+00:00","og_image":[{"width":750,"height":400,"url":"https:\/\/www.webdo.tn\/fr\/wp-content\/uploads\/2023\/07\/0652dbb182838a58ec57194adfec8695.jpg","type":"image\/jpeg"}],"author":"Maher Chaabane","twitter_card":"summary_large_image","twitter_creator":"@webdo_tn","twitter_site":"@webdo_tn","twitter_misc":{"\u00c9crit par":"Maher Chaabane","Dur\u00e9e de lecture estim\u00e9e":"3 minutes"},"schema":{"@context":"https:\/\/schema.org","@graph":[{"@type":"NewsArticle","@id":"https:\/\/www.webdo.tn\/fr\/actualite\/sport\/ahmed-ayoub-hafnaoui-parcours-d-un-champion-stratospherique\/207605\/#article","isPartOf":{"@id":"https:\/\/www.webdo.tn\/fr\/actualite\/sport\/ahmed-ayoub-hafnaoui-parcours-d-un-champion-stratospherique\/207605\/"},"author":{"name":"Maher Chaabane","@id":"https:\/\/www.webdo.tn\/fr\/#\/schema\/person\/57c261717927697fcf719ab1058a8003"},"headline":"Ahmed Ayoub Hafnaoui : Parcours d&rsquo;un Champion stratosph\u00e9rique","datePublished":"2023-07-31T08:38:00+00:00","dateModified":"2025-05-20T22:59:49+00:00","mainEntityOfPage":{"@id":"https:\/\/www.webdo.tn\/fr\/actualite\/sport\/ahmed-ayoub-hafnaoui-parcours-d-un-champion-stratospherique\/207605\/"},"wordCount":665,"commentCount":0,"publisher":{"@id":"https:\/\/www.webdo.tn\/fr\/#organization"},"image":{"@id":"https:\/\/www.webdo.tn\/fr\/actualite\/sport\/ahmed-ayoub-hafnaoui-parcours-d-un-champion-stratospherique\/207605\/#primaryimage"},"thumbnailUrl":"https:\/\/www.webdo.tn\/fr\/wp-content\/uploads\/2023\/07\/0652dbb182838a58ec57194adfec8695.jpg","keywords":["ahmed ayoub hafnaoui","champion du monde","Fukuoka","m\u00e9dailles","natation"],"articleSection":["Sport"],"inLanguage":"fr-FR"},{"@type":"WebPage","@id":"https:\/\/www.webdo.tn\/fr\/actualite\/sport\/ahmed-ayoub-hafnaoui-parcours-d-un-champion-stratospherique\/207605\/","url":"https:\/\/www.webdo.tn\/fr\/actualite\/sport\/ahmed-ayoub-hafnaoui-parcours-d-un-champion-stratospherique\/207605\/","name":"Ahmed Ayoub Hafnaoui : Parcours d'un Champion stratosph\u00e9rique","isPartOf":{"@id":"https:\/\/www.webdo.tn\/fr\/#website"},"primaryImageOfPage":{"@id":"https:\/\/www.webdo.tn\/fr\/actualite\/sport\/ahmed-ayoub-hafnaoui-parcours-d-un-champion-stratospherique\/207605\/#primaryimage"},"image":{"@id":"https:\/\/www.webdo.tn\/fr\/actualite\/sport\/ahmed-ayoub-hafnaoui-parcours-d-un-champion-stratospherique\/207605\/#primaryimage"},"thumbnailUrl":"https:\/\/www.webdo.tn\/fr\/wp-content\/uploads\/2023\/07\/0652dbb182838a58ec57194adfec8695.jpg","datePublished":"2023-07-31T08:38:00+00:00","dateModified":"2025-05-20T22:59:49+00:00","description":"Il y a exactement deux ans, juste avant les Jeux olympiques de Tokyo, Ahmed Ayoub Hafnaoui, alors \u00e2g\u00e9 de 18 ans, \u00e9tait encore peu connu.","breadcrumb":{"@id":"https:\/\/www.webdo.tn\/fr\/actualite\/sport\/ahmed-ayoub-hafnaoui-parcours-d-un-champion-stratospherique\/207605\/#breadcrumb"},"inLanguage":"fr-FR","potentialAction":[{"@type":"ReadAction","target":["https:\/\/www.webdo.tn\/fr\/actualite\/sport\/ahmed-ayoub-hafnaoui-parcours-d-un-champion-stratospherique\/207605\/"]}]},{"@type":"ImageObject","inLanguage":"fr-FR","@id":"https:\/\/www.webdo.tn\/fr\/actualite\/sport\/ahmed-ayoub-hafnaoui-parcours-d-un-champion-stratospherique\/207605\/#primaryimage","url":"https:\/\/www.webdo.tn\/fr\/wp-content\/uploads\/2023\/07\/0652dbb182838a58ec57194adfec8695.jpg","contentUrl":"https:\/\/www.webdo.tn\/fr\/wp-content\/uploads\/2023\/07\/0652dbb182838a58ec57194adfec8695.jpg","width":750,"height":400,"caption":"Ahmed Ayoub Hafnaoui : Parcours d'un Champion stratosph\u00e9rique"},{"@type":"BreadcrumbList","@id":"https:\/\/www.webdo.tn\/fr\/actualite\/sport\/ahmed-ayoub-hafnaoui-parcours-d-un-champion-stratospherique\/207605\/#breadcrumb","itemListElement":[{"@type":"ListItem","position":1,"name":"Accueil","item":"https:\/\/www.webdo.tn\/fr\/"},{"@type":"ListItem","position":2,"name":"Ahmed Ayoub Hafnaoui : Parcours d&rsquo;un Champion stratosph\u00e9rique"}]},{"@type":"WebSite","@id":"https:\/\/www.webdo.tn\/fr\/#website","url":"https:\/\/www.webdo.tn\/fr\/","name":"webdo","description":"Tunisie - News en Tunisie et \u00e0 l&#039;international sur Webdo.tn","publisher":{"@id":"https:\/\/www.webdo.tn\/fr\/#organization"},"potentialAction":[{"@type":"SearchAction","target":{"@type":"EntryPoint","urlTemplate":"https:\/\/www.webdo.tn\/fr\/?s={search_term_string}"},"query-input":{"@type":"PropertyValueSpecification","valueRequired":true,"valueName":"search_term_string"}}],"inLanguage":"fr-FR"},{"@type":"Organization","@id":"https:\/\/www.webdo.tn\/fr\/#organization","name":"Webdo","alternateName":"Webdo.tn","url":"https:\/\/www.webdo.tn\/fr\/","logo":{"@type":"ImageObject","inLanguage":"fr-FR","@id":"https:\/\/www.webdo.tn\/fr\/#\/schema\/logo\/image\/","url":"https:\/\/www.webdo.tn\/fr\/wp-content\/uploads\/2025\/06\/Webdo-Tunisie_168377.jpg","contentUrl":"https:\/\/www.webdo.tn\/fr\/wp-content\/uploads\/2025\/06\/Webdo-Tunisie_168377.jpg","width":301,"height":301,"caption":"Webdo"},"image":{"@id":"https:\/\/www.webdo.tn\/fr\/#\/schema\/logo\/image\/"},"sameAs":["https:\/\/www.facebook.com\/webdotn","https:\/\/x.com\/webdo_tn"],"description":"Webdo est un m\u00e9dia num\u00e9rique tunisien fond\u00e9 en 2010, sp\u00e9cialis\u00e9 dans l\u2019actualit\u00e9 nationale et internationale, l\u2019\u00e9conomie, la soci\u00e9t\u00e9 et les analyses politiques. Le site s\u2019adresse \u00e0 un large public francophone et couvre l\u2019information tunisienne en temps r\u00e9el.","email":"redac@webdo.tn","legalName":"YNJ SARL","foundingDate":"2010-09-06","numberOfEmployees":{"@type":"QuantitativeValue","minValue":"11","maxValue":"50"}},{"@type":"Person","@id":"https:\/\/www.webdo.tn\/fr\/#\/schema\/person\/57c261717927697fcf719ab1058a8003","name":"Maher Chaabane","image":{"@type":"ImageObject","inLanguage":"fr-FR","@id":"https:\/\/www.webdo.tn\/fr\/wp-content\/uploads\/2026\/04\/maher-chaabane_avatar_2-96x96.jpg","url":"https:\/\/www.webdo.tn\/fr\/wp-content\/uploads\/2026\/04\/maher-chaabane_avatar_2-96x96.jpg","contentUrl":"https:\/\/www.webdo.tn\/fr\/wp-content\/uploads\/2026\/04\/maher-chaabane_avatar_2-96x96.jpg","caption":"Maher Chaabane"},"description":"Maher Chaabane est journaliste et r\u00e9dacteur en chef de Webdo.tn depuis 2012. Il d\u00e9bute sa carri\u00e8re au sein du groupe Tunis Hebdo en 2000, o\u00f9 il couvre pendant plusieurs ann\u00e9es l\u2019actualit\u00e9 sportive et internationale, avant d\u2019occuper les fonctions de r\u00e9dacteur en chef adjoint. Fort de plus de deux d\u00e9cennies d\u2019exp\u00e9rience dans le journalisme, il supervise aujourd\u2019hui la production \u00e9ditoriale de Webdo et contribue activement \u00e0 la ligne du m\u00e9dia, en particulier sur les sujets d\u2019actualit\u00e9 nationale et internationale. https:\/\/www.facebook.com\/youssef.rc.92","sameAs":["https:\/\/www.facebook.com\/youssef.rc.92"],"knowsAbout":["journalisme","actualit\u00e9 internationale","sport","r\u00e9daction","m\u00e9dias","information"],"knowsLanguage":["Fran\u00e7ais","Arabe"],"jobTitle":"R\u00e9dacteur en chef","worksFor":"Webdo.tn","url":"https:\/\/www.webdo.tn\/fr\/actualite\/author\/maher-chaabane\/"}]}},"_links":{"self":[{"href":"https:\/\/www.webdo.tn\/fr\/wp-json\/wp\/v2\/posts\/207605","targetHints":{"allow":["GET"]}}],"collection":[{"href":"https:\/\/www.webdo.tn\/fr\/wp-json\/wp\/v2\/posts"}],"about":[{"href":"https:\/\/www.webdo.tn\/fr\/wp-json\/wp\/v2\/types\/post"}],"author":[{"embeddable":true,"href":"https:\/\/www.webdo.tn\/fr\/wp-json\/wp\/v2\/users\/3189"}],"replies":[{"embeddable":true,"href":"https:\/\/www.webdo.tn\/fr\/wp-json\/wp\/v2\/comments?post=207605"}],"version-history":[{"count":0,"href":"https:\/\/www.webdo.tn\/fr\/wp-json\/wp\/v2\/posts\/207605\/revisions"}],"wp:featuredmedia":[{"embeddable":true,"href":"https:\/\/www.webdo.tn\/fr\/wp-json\/wp\/v2\/media\/249669"}],"wp:attachment":[{"href":"https:\/\/www.webdo.tn\/fr\/wp-json\/wp\/v2\/media?parent=207605"}],"wp:term":[{"taxonomy":"category","embeddable":true,"href":"https:\/\/www.webdo.tn\/fr\/wp-json\/wp\/v2\/categories?post=207605"},{"taxonomy":"post_tag","embeddable":true,"href":"https:\/\/www.webdo.tn\/fr\/wp-json\/wp\/v2\/tags?post=207605"}],"curies":[{"name":"wp","href":"https:\/\/api.w.org\/{rel}","templated":true}]}}