{"id":207602,"date":"2023-07-30T15:43:00","date_gmt":"2023-07-30T15:43:00","guid":{"rendered":"https:\/\/www.webdo.tn\/fr\/blog\/tunisie-80-mille-immigres-subsahariens-recenses-d-apres-le-mi\/207602\/"},"modified":"2023-07-30T15:43:00","modified_gmt":"2023-07-30T15:43:00","slug":"tunisie-80-mille-immigres-subsahariens-recenses-d-apres-le-mi","status":"publish","type":"post","link":"https:\/\/www.webdo.tn\/fr\/actualite\/national\/tunisie-80-mille-immigres-subsahariens-recenses-d-apres-le-mi\/207602\/","title":{"rendered":"Tunisie : 80 mille immigr\u00e9s subsahariens recens\u00e9s, d&rsquo;apr\u00e8s le MI"},"content":{"rendered":"<p>Le nombre d\u2019immigr\u00e9s subsahariens \u00a0recens\u00e9s en Tunisie est au environ des 80 mille, selon les d\u00e9clarations du ministre de l\u2019Int\u00e9rieur, Kamel Fkih, \u00e0 nos confr\u00e8res d&rsquo;Al-Hadath TV.<\/p>\n<p>\t\t\t\t\t\t\t\t\tParmi ces 80 mille, pr\u00e8s du cinqui\u00e8me (environ 17 mille)\u00a0se trouvent dans la ville de Sfax. De plus, Kamel Fkih a confi\u00e9\u00a0que 1 057 migrants africains en situation irr\u00e9guli\u00e8re ont volontairement quitt\u00e9 la Tunisie pour leur pays, alors qu\u2019environ 2 200 immigrants ont \u00e9t\u00e9 emp\u00each\u00e9s par les autorit\u00e9s d\u2019entrer dans le pays via les points de \u00a0passage frontaliers, au cours du premier semestre 2023.<\/p>\n<p>Le ministre de l\u2019Int\u00e9rieur a \u00e9galement expliqu\u00e9 que l\u2019Etat tunisien traite officiellement avec toutes les organisations affili\u00e9es aux Nations Unies et \u00e9galement avec les organisations concern\u00e9es par les affaires humanitaires et les immigr\u00e9s en Tunisie.<\/p>\n","protected":false},"excerpt":{"rendered":"<p>Le nombre d\u2019immigr\u00e9s subsahariens \u00a0recens\u00e9s en Tunisie est au environ des 80 mille, selon les d\u00e9clarations du ministre de l\u2019Int\u00e9rieur, Kamel Fkih, \u00e0 nos confr\u00e8r&#8230;<\/p>\n","protected":false},"author":3169,"featured_media":249666,"comment_status":"open","ping_status":"closed","sticky":false,"template":"","format":"standard","meta":{"footnotes":""},"categories":[44],"tags":[3046,7319,3377,2608],"class_list":["post-207602","post","type-post","status-publish","format-standard","has-post-thumbnail","hentry","category-national","tag-afrique","tag-immigres","tag-subsahariens","tag-tunisie"],"yoast_head":"<!-- This site is optimized with the Yoast SEO Premium plugin v27.4 (Yoast SEO v27.4) - https:\/\/yoast.com\/product\/yoast-seo-premium-wordpress\/ -->\n<title>Tunisie : 80 mille immigr\u00e9s subsahariens recens\u00e9s, d&#039;apr\u00e8s le MI<\/title>\n<meta name=\"description\" content=\"Le nombre d\u2019immigr\u00e9s subsahariens \u00a0recens\u00e9s en Tunisie est au environ des 80 mille, selon les d\u00e9clarations du ministre de l\u2019Int\u00e9rieur, Kamel Fkih, \u00e0 nos confr\u00e8r...\" \/>\n<link rel=\"canonical\" href=\"https:\/\/www.webdo.tn\/fr\/actualite\/national\/tunisie-80-mille-immigres-subsahariens-recenses-d-apres-le-mi\/207602\/\" \/>\n<meta property=\"og:locale\" content=\"fr_FR\" \/>\n<meta property=\"og:type\" content=\"article\" \/>\n<meta property=\"og:title\" content=\"Tunisie : 80 mille immigr\u00e9s subsahariens recens\u00e9s, d&#039;apr\u00e8s le MI\" \/>\n<meta property=\"og:description\" content=\"Le nombre d\u2019immigr\u00e9s subsahariens \u00a0recens\u00e9s en Tunisie est au environ des 80 mille, selon les d\u00e9clarations du ministre de l\u2019Int\u00e9rieur, Kamel Fkih, \u00e0 nos confr\u00e8r...\" \/>\n<meta property=\"og:url\" content=\"https:\/\/www.webdo.tn\/fr\/actualite\/national\/tunisie-80-mille-immigres-subsahariens-recenses-d-apres-le-mi\/207602\/\" \/>\n<meta property=\"og:site_name\" content=\"webdo\" \/>\n<meta property=\"article:publisher\" content=\"https:\/\/www.facebook.com\/webdotn\" \/>\n<meta property=\"article:published_time\" content=\"2023-07-30T15:43:00+00:00\" \/>\n<meta property=\"og:image\" content=\"https:\/\/www.webdo.tn\/fr\/wp-content\/uploads\/2023\/07\/6ba70557de6a3dd85b32481b589916b3.jpg\" \/>\n\t<meta property=\"og:image:width\" content=\"750\" \/>\n\t<meta property=\"og:image:height\" content=\"400\" \/>\n\t<meta property=\"og:image:type\" content=\"image\/jpeg\" \/>\n<meta name=\"author\" content=\"Webdo\" \/>\n<meta name=\"twitter:card\" content=\"summary_large_image\" \/>\n<meta name=\"twitter:creator\" content=\"@webdo_tn\" \/>\n<meta name=\"twitter:site\" content=\"@webdo_tn\" \/>\n<meta name=\"twitter:label1\" content=\"\u00c9crit par\" \/>\n\t<meta name=\"twitter:data1\" content=\"Webdo\" \/>\n\t<meta name=\"twitter:label2\" content=\"Dur\u00e9e de lecture estim\u00e9e\" \/>\n\t<meta name=\"twitter:data2\" content=\"1 minute\" \/>\n<script type=\"application\/ld+json\" class=\"yoast-schema-graph\">{\"@context\":\"https:\\\/\\\/schema.org\",\"@graph\":[{\"@type\":\"NewsArticle\",\"@id\":\"https:\\\/\\\/www.webdo.tn\\\/fr\\\/actualite\\\/national\\\/tunisie-80-mille-immigres-subsahariens-recenses-d-apres-le-mi\\\/207602\\\/#article\",\"isPartOf\":{\"@id\":\"https:\\\/\\\/www.webdo.tn\\\/fr\\\/actualite\\\/national\\\/tunisie-80-mille-immigres-subsahariens-recenses-d-apres-le-mi\\\/207602\\\/\"},\"author\":{\"name\":\"Webdo\",\"@id\":\"https:\\\/\\\/www.webdo.tn\\\/fr\\\/#\\\/schema\\\/person\\\/1f4e491e0907b413d61089e8eb573acc\"},\"headline\":\"Tunisie : 80 mille immigr\u00e9s subsahariens recens\u00e9s, d&rsquo;apr\u00e8s le MI\",\"datePublished\":\"2023-07-30T15:43:00+00:00\",\"mainEntityOfPage\":{\"@id\":\"https:\\\/\\\/www.webdo.tn\\\/fr\\\/actualite\\\/national\\\/tunisie-80-mille-immigres-subsahariens-recenses-d-apres-le-mi\\\/207602\\\/\"},\"wordCount\":154,\"commentCount\":0,\"publisher\":{\"@id\":\"https:\\\/\\\/www.webdo.tn\\\/fr\\\/#organization\"},\"image\":{\"@id\":\"https:\\\/\\\/www.webdo.tn\\\/fr\\\/actualite\\\/national\\\/tunisie-80-mille-immigres-subsahariens-recenses-d-apres-le-mi\\\/207602\\\/#primaryimage\"},\"thumbnailUrl\":\"https:\\\/\\\/www.webdo.tn\\\/fr\\\/wp-content\\\/uploads\\\/2023\\\/07\\\/6ba70557de6a3dd85b32481b589916b3.jpg\",\"keywords\":[\"Afrique\",\"immigr\u00e9s\",\"Subsahariens\",\"Tunisie\"],\"articleSection\":[\"National\"],\"inLanguage\":\"fr-FR\"},{\"@type\":\"WebPage\",\"@id\":\"https:\\\/\\\/www.webdo.tn\\\/fr\\\/actualite\\\/national\\\/tunisie-80-mille-immigres-subsahariens-recenses-d-apres-le-mi\\\/207602\\\/\",\"url\":\"https:\\\/\\\/www.webdo.tn\\\/fr\\\/actualite\\\/national\\\/tunisie-80-mille-immigres-subsahariens-recenses-d-apres-le-mi\\\/207602\\\/\",\"name\":\"Tunisie : 80 mille immigr\u00e9s subsahariens recens\u00e9s, d'apr\u00e8s le MI\",\"isPartOf\":{\"@id\":\"https:\\\/\\\/www.webdo.tn\\\/fr\\\/#website\"},\"primaryImageOfPage\":{\"@id\":\"https:\\\/\\\/www.webdo.tn\\\/fr\\\/actualite\\\/national\\\/tunisie-80-mille-immigres-subsahariens-recenses-d-apres-le-mi\\\/207602\\\/#primaryimage\"},\"image\":{\"@id\":\"https:\\\/\\\/www.webdo.tn\\\/fr\\\/actualite\\\/national\\\/tunisie-80-mille-immigres-subsahariens-recenses-d-apres-le-mi\\\/207602\\\/#primaryimage\"},\"thumbnailUrl\":\"https:\\\/\\\/www.webdo.tn\\\/fr\\\/wp-content\\\/uploads\\\/2023\\\/07\\\/6ba70557de6a3dd85b32481b589916b3.jpg\",\"datePublished\":\"2023-07-30T15:43:00+00:00\",\"description\":\"Le nombre d\u2019immigr\u00e9s subsahariens \u00a0recens\u00e9s en Tunisie est au environ des 80 mille, selon les d\u00e9clarations du ministre de l\u2019Int\u00e9rieur, Kamel Fkih, \u00e0 nos confr\u00e8r...\",\"breadcrumb\":{\"@id\":\"https:\\\/\\\/www.webdo.tn\\\/fr\\\/actualite\\\/national\\\/tunisie-80-mille-immigres-subsahariens-recenses-d-apres-le-mi\\\/207602\\\/#breadcrumb\"},\"inLanguage\":\"fr-FR\",\"potentialAction\":[{\"@type\":\"ReadAction\",\"target\":[\"https:\\\/\\\/www.webdo.tn\\\/fr\\\/actualite\\\/national\\\/tunisie-80-mille-immigres-subsahariens-recenses-d-apres-le-mi\\\/207602\\\/\"]}]},{\"@type\":\"ImageObject\",\"inLanguage\":\"fr-FR\",\"@id\":\"https:\\\/\\\/www.webdo.tn\\\/fr\\\/actualite\\\/national\\\/tunisie-80-mille-immigres-subsahariens-recenses-d-apres-le-mi\\\/207602\\\/#primaryimage\",\"url\":\"https:\\\/\\\/www.webdo.tn\\\/fr\\\/wp-content\\\/uploads\\\/2023\\\/07\\\/6ba70557de6a3dd85b32481b589916b3.jpg\",\"contentUrl\":\"https:\\\/\\\/www.webdo.tn\\\/fr\\\/wp-content\\\/uploads\\\/2023\\\/07\\\/6ba70557de6a3dd85b32481b589916b3.jpg\",\"width\":750,\"height\":400,\"caption\":\"Tunisie : 80 mille immigr\u00e9s subsahariens recens\u00e9s, d'apr\u00e8s le MI\"},{\"@type\":\"BreadcrumbList\",\"@id\":\"https:\\\/\\\/www.webdo.tn\\\/fr\\\/actualite\\\/national\\\/tunisie-80-mille-immigres-subsahariens-recenses-d-apres-le-mi\\\/207602\\\/#breadcrumb\",\"itemListElement\":[{\"@type\":\"ListItem\",\"position\":1,\"name\":\"Accueil\",\"item\":\"https:\\\/\\\/www.webdo.tn\\\/fr\\\/\"},{\"@type\":\"ListItem\",\"position\":2,\"name\":\"Tunisie : 80 mille immigr\u00e9s subsahariens recens\u00e9s, d&#8217;apr\u00e8s le MI\"}]},{\"@type\":\"WebSite\",\"@id\":\"https:\\\/\\\/www.webdo.tn\\\/fr\\\/#website\",\"url\":\"https:\\\/\\\/www.webdo.tn\\\/fr\\\/\",\"name\":\"webdo\",\"description\":\"Tunisie - News en Tunisie et \u00e0 l&#039;international sur Webdo.tn\",\"publisher\":{\"@id\":\"https:\\\/\\\/www.webdo.tn\\\/fr\\\/#organization\"},\"potentialAction\":[{\"@type\":\"SearchAction\",\"target\":{\"@type\":\"EntryPoint\",\"urlTemplate\":\"https:\\\/\\\/www.webdo.tn\\\/fr\\\/?s={search_term_string}\"},\"query-input\":{\"@type\":\"PropertyValueSpecification\",\"valueRequired\":true,\"valueName\":\"search_term_string\"}}],\"inLanguage\":\"fr-FR\"},{\"@type\":\"Organization\",\"@id\":\"https:\\\/\\\/www.webdo.tn\\\/fr\\\/#organization\",\"name\":\"Webdo\",\"alternateName\":\"Webdo.tn\",\"url\":\"https:\\\/\\\/www.webdo.tn\\\/fr\\\/\",\"logo\":{\"@type\":\"ImageObject\",\"inLanguage\":\"fr-FR\",\"@id\":\"https:\\\/\\\/www.webdo.tn\\\/fr\\\/#\\\/schema\\\/logo\\\/image\\\/\",\"url\":\"https:\\\/\\\/www.webdo.tn\\\/fr\\\/wp-content\\\/uploads\\\/2025\\\/06\\\/Webdo-Tunisie_168377.jpg\",\"contentUrl\":\"https:\\\/\\\/www.webdo.tn\\\/fr\\\/wp-content\\\/uploads\\\/2025\\\/06\\\/Webdo-Tunisie_168377.jpg\",\"width\":301,\"height\":301,\"caption\":\"Webdo\"},\"image\":{\"@id\":\"https:\\\/\\\/www.webdo.tn\\\/fr\\\/#\\\/schema\\\/logo\\\/image\\\/\"},\"sameAs\":[\"https:\\\/\\\/www.facebook.com\\\/webdotn\",\"https:\\\/\\\/x.com\\\/webdo_tn\"],\"description\":\"Webdo est un m\u00e9dia num\u00e9rique tunisien fond\u00e9 en 2010, sp\u00e9cialis\u00e9 dans l\u2019actualit\u00e9 nationale et internationale, l\u2019\u00e9conomie, la soci\u00e9t\u00e9 et les analyses politiques. Le site s\u2019adresse \u00e0 un large public francophone et couvre l\u2019information tunisienne en temps r\u00e9el.\",\"email\":\"redac@webdo.tn\",\"legalName\":\"YNJ SARL\",\"foundingDate\":\"2010-09-06\",\"numberOfEmployees\":{\"@type\":\"QuantitativeValue\",\"minValue\":\"11\",\"maxValue\":\"50\"}},{\"@type\":\"Person\",\"@id\":\"https:\\\/\\\/www.webdo.tn\\\/fr\\\/#\\\/schema\\\/person\\\/1f4e491e0907b413d61089e8eb573acc\",\"name\":\"Webdo\",\"image\":{\"@type\":\"ImageObject\",\"inLanguage\":\"fr-FR\",\"@id\":\"https:\\\/\\\/secure.gravatar.com\\\/avatar\\\/de97aeec1bb80978a9dbb127e47dfc88aaacb2f3c29aac907d8d3222e3495d49?s=96&d=mm&r=g\",\"url\":\"https:\\\/\\\/secure.gravatar.com\\\/avatar\\\/de97aeec1bb80978a9dbb127e47dfc88aaacb2f3c29aac907d8d3222e3495d49?s=96&d=mm&r=g\",\"contentUrl\":\"https:\\\/\\\/secure.gravatar.com\\\/avatar\\\/de97aeec1bb80978a9dbb127e47dfc88aaacb2f3c29aac907d8d3222e3495d49?s=96&d=mm&r=g\",\"caption\":\"Webdo\"},\"url\":\"https:\\\/\\\/www.webdo.tn\\\/fr\\\/actualite\\\/author\\\/webdo\\\/\"}]}<\/script>\n<!-- \/ Yoast SEO Premium plugin. -->","yoast_head_json":{"title":"Tunisie : 80 mille immigr\u00e9s subsahariens recens\u00e9s, d'apr\u00e8s le MI","description":"Le nombre d\u2019immigr\u00e9s subsahariens \u00a0recens\u00e9s en Tunisie est au environ des 80 mille, selon les d\u00e9clarations du ministre de l\u2019Int\u00e9rieur, Kamel Fkih, \u00e0 nos confr\u00e8r...","canonical":"https:\/\/www.webdo.tn\/fr\/actualite\/national\/tunisie-80-mille-immigres-subsahariens-recenses-d-apres-le-mi\/207602\/","og_locale":"fr_FR","og_type":"article","og_title":"Tunisie : 80 mille immigr\u00e9s subsahariens recens\u00e9s, d'apr\u00e8s le MI","og_description":"Le nombre d\u2019immigr\u00e9s subsahariens \u00a0recens\u00e9s en Tunisie est au environ des 80 mille, selon les d\u00e9clarations du ministre de l\u2019Int\u00e9rieur, Kamel Fkih, \u00e0 nos confr\u00e8r...","og_url":"https:\/\/www.webdo.tn\/fr\/actualite\/national\/tunisie-80-mille-immigres-subsahariens-recenses-d-apres-le-mi\/207602\/","og_site_name":"webdo","article_publisher":"https:\/\/www.facebook.com\/webdotn","article_published_time":"2023-07-30T15:43:00+00:00","og_image":[{"width":750,"height":400,"url":"https:\/\/www.webdo.tn\/fr\/wp-content\/uploads\/2023\/07\/6ba70557de6a3dd85b32481b589916b3.jpg","type":"image\/jpeg"}],"author":"Webdo","twitter_card":"summary_large_image","twitter_creator":"@webdo_tn","twitter_site":"@webdo_tn","twitter_misc":{"\u00c9crit par":"Webdo","Dur\u00e9e de lecture estim\u00e9e":"1 minute"},"schema":{"@context":"https:\/\/schema.org","@graph":[{"@type":"NewsArticle","@id":"https:\/\/www.webdo.tn\/fr\/actualite\/national\/tunisie-80-mille-immigres-subsahariens-recenses-d-apres-le-mi\/207602\/#article","isPartOf":{"@id":"https:\/\/www.webdo.tn\/fr\/actualite\/national\/tunisie-80-mille-immigres-subsahariens-recenses-d-apres-le-mi\/207602\/"},"author":{"name":"Webdo","@id":"https:\/\/www.webdo.tn\/fr\/#\/schema\/person\/1f4e491e0907b413d61089e8eb573acc"},"headline":"Tunisie : 80 mille immigr\u00e9s subsahariens recens\u00e9s, d&rsquo;apr\u00e8s le MI","datePublished":"2023-07-30T15:43:00+00:00","mainEntityOfPage":{"@id":"https:\/\/www.webdo.tn\/fr\/actualite\/national\/tunisie-80-mille-immigres-subsahariens-recenses-d-apres-le-mi\/207602\/"},"wordCount":154,"commentCount":0,"publisher":{"@id":"https:\/\/www.webdo.tn\/fr\/#organization"},"image":{"@id":"https:\/\/www.webdo.tn\/fr\/actualite\/national\/tunisie-80-mille-immigres-subsahariens-recenses-d-apres-le-mi\/207602\/#primaryimage"},"thumbnailUrl":"https:\/\/www.webdo.tn\/fr\/wp-content\/uploads\/2023\/07\/6ba70557de6a3dd85b32481b589916b3.jpg","keywords":["Afrique","immigr\u00e9s","Subsahariens","Tunisie"],"articleSection":["National"],"inLanguage":"fr-FR"},{"@type":"WebPage","@id":"https:\/\/www.webdo.tn\/fr\/actualite\/national\/tunisie-80-mille-immigres-subsahariens-recenses-d-apres-le-mi\/207602\/","url":"https:\/\/www.webdo.tn\/fr\/actualite\/national\/tunisie-80-mille-immigres-subsahariens-recenses-d-apres-le-mi\/207602\/","name":"Tunisie : 80 mille immigr\u00e9s subsahariens recens\u00e9s, d'apr\u00e8s le MI","isPartOf":{"@id":"https:\/\/www.webdo.tn\/fr\/#website"},"primaryImageOfPage":{"@id":"https:\/\/www.webdo.tn\/fr\/actualite\/national\/tunisie-80-mille-immigres-subsahariens-recenses-d-apres-le-mi\/207602\/#primaryimage"},"image":{"@id":"https:\/\/www.webdo.tn\/fr\/actualite\/national\/tunisie-80-mille-immigres-subsahariens-recenses-d-apres-le-mi\/207602\/#primaryimage"},"thumbnailUrl":"https:\/\/www.webdo.tn\/fr\/wp-content\/uploads\/2023\/07\/6ba70557de6a3dd85b32481b589916b3.jpg","datePublished":"2023-07-30T15:43:00+00:00","description":"Le nombre d\u2019immigr\u00e9s subsahariens \u00a0recens\u00e9s en Tunisie est au environ des 80 mille, selon les d\u00e9clarations du ministre de l\u2019Int\u00e9rieur, Kamel Fkih, \u00e0 nos confr\u00e8r...","breadcrumb":{"@id":"https:\/\/www.webdo.tn\/fr\/actualite\/national\/tunisie-80-mille-immigres-subsahariens-recenses-d-apres-le-mi\/207602\/#breadcrumb"},"inLanguage":"fr-FR","potentialAction":[{"@type":"ReadAction","target":["https:\/\/www.webdo.tn\/fr\/actualite\/national\/tunisie-80-mille-immigres-subsahariens-recenses-d-apres-le-mi\/207602\/"]}]},{"@type":"ImageObject","inLanguage":"fr-FR","@id":"https:\/\/www.webdo.tn\/fr\/actualite\/national\/tunisie-80-mille-immigres-subsahariens-recenses-d-apres-le-mi\/207602\/#primaryimage","url":"https:\/\/www.webdo.tn\/fr\/wp-content\/uploads\/2023\/07\/6ba70557de6a3dd85b32481b589916b3.jpg","contentUrl":"https:\/\/www.webdo.tn\/fr\/wp-content\/uploads\/2023\/07\/6ba70557de6a3dd85b32481b589916b3.jpg","width":750,"height":400,"caption":"Tunisie : 80 mille immigr\u00e9s subsahariens recens\u00e9s, d'apr\u00e8s le MI"},{"@type":"BreadcrumbList","@id":"https:\/\/www.webdo.tn\/fr\/actualite\/national\/tunisie-80-mille-immigres-subsahariens-recenses-d-apres-le-mi\/207602\/#breadcrumb","itemListElement":[{"@type":"ListItem","position":1,"name":"Accueil","item":"https:\/\/www.webdo.tn\/fr\/"},{"@type":"ListItem","position":2,"name":"Tunisie : 80 mille immigr\u00e9s subsahariens recens\u00e9s, d&#8217;apr\u00e8s le MI"}]},{"@type":"WebSite","@id":"https:\/\/www.webdo.tn\/fr\/#website","url":"https:\/\/www.webdo.tn\/fr\/","name":"webdo","description":"Tunisie - News en Tunisie et \u00e0 l&#039;international sur Webdo.tn","publisher":{"@id":"https:\/\/www.webdo.tn\/fr\/#organization"},"potentialAction":[{"@type":"SearchAction","target":{"@type":"EntryPoint","urlTemplate":"https:\/\/www.webdo.tn\/fr\/?s={search_term_string}"},"query-input":{"@type":"PropertyValueSpecification","valueRequired":true,"valueName":"search_term_string"}}],"inLanguage":"fr-FR"},{"@type":"Organization","@id":"https:\/\/www.webdo.tn\/fr\/#organization","name":"Webdo","alternateName":"Webdo.tn","url":"https:\/\/www.webdo.tn\/fr\/","logo":{"@type":"ImageObject","inLanguage":"fr-FR","@id":"https:\/\/www.webdo.tn\/fr\/#\/schema\/logo\/image\/","url":"https:\/\/www.webdo.tn\/fr\/wp-content\/uploads\/2025\/06\/Webdo-Tunisie_168377.jpg","contentUrl":"https:\/\/www.webdo.tn\/fr\/wp-content\/uploads\/2025\/06\/Webdo-Tunisie_168377.jpg","width":301,"height":301,"caption":"Webdo"},"image":{"@id":"https:\/\/www.webdo.tn\/fr\/#\/schema\/logo\/image\/"},"sameAs":["https:\/\/www.facebook.com\/webdotn","https:\/\/x.com\/webdo_tn"],"description":"Webdo est un m\u00e9dia num\u00e9rique tunisien fond\u00e9 en 2010, sp\u00e9cialis\u00e9 dans l\u2019actualit\u00e9 nationale et internationale, l\u2019\u00e9conomie, la soci\u00e9t\u00e9 et les analyses politiques. Le site s\u2019adresse \u00e0 un large public francophone et couvre l\u2019information tunisienne en temps r\u00e9el.","email":"redac@webdo.tn","legalName":"YNJ SARL","foundingDate":"2010-09-06","numberOfEmployees":{"@type":"QuantitativeValue","minValue":"11","maxValue":"50"}},{"@type":"Person","@id":"https:\/\/www.webdo.tn\/fr\/#\/schema\/person\/1f4e491e0907b413d61089e8eb573acc","name":"Webdo","image":{"@type":"ImageObject","inLanguage":"fr-FR","@id":"https:\/\/secure.gravatar.com\/avatar\/de97aeec1bb80978a9dbb127e47dfc88aaacb2f3c29aac907d8d3222e3495d49?s=96&d=mm&r=g","url":"https:\/\/secure.gravatar.com\/avatar\/de97aeec1bb80978a9dbb127e47dfc88aaacb2f3c29aac907d8d3222e3495d49?s=96&d=mm&r=g","contentUrl":"https:\/\/secure.gravatar.com\/avatar\/de97aeec1bb80978a9dbb127e47dfc88aaacb2f3c29aac907d8d3222e3495d49?s=96&d=mm&r=g","caption":"Webdo"},"url":"https:\/\/www.webdo.tn\/fr\/actualite\/author\/webdo\/"}]}},"_links":{"self":[{"href":"https:\/\/www.webdo.tn\/fr\/wp-json\/wp\/v2\/posts\/207602","targetHints":{"allow":["GET"]}}],"collection":[{"href":"https:\/\/www.webdo.tn\/fr\/wp-json\/wp\/v2\/posts"}],"about":[{"href":"https:\/\/www.webdo.tn\/fr\/wp-json\/wp\/v2\/types\/post"}],"author":[{"embeddable":true,"href":"https:\/\/www.webdo.tn\/fr\/wp-json\/wp\/v2\/users\/3169"}],"replies":[{"embeddable":true,"href":"https:\/\/www.webdo.tn\/fr\/wp-json\/wp\/v2\/comments?post=207602"}],"version-history":[{"count":0,"href":"https:\/\/www.webdo.tn\/fr\/wp-json\/wp\/v2\/posts\/207602\/revisions"}],"wp:featuredmedia":[{"embeddable":true,"href":"https:\/\/www.webdo.tn\/fr\/wp-json\/wp\/v2\/media\/249666"}],"wp:attachment":[{"href":"https:\/\/www.webdo.tn\/fr\/wp-json\/wp\/v2\/media?parent=207602"}],"wp:term":[{"taxonomy":"category","embeddable":true,"href":"https:\/\/www.webdo.tn\/fr\/wp-json\/wp\/v2\/categories?post=207602"},{"taxonomy":"post_tag","embeddable":true,"href":"https:\/\/www.webdo.tn\/fr\/wp-json\/wp\/v2\/tags?post=207602"}],"curies":[{"name":"wp","href":"https:\/\/api.w.org\/{rel}","templated":true}]}}