{"id":207598,"date":"2023-07-30T12:49:00","date_gmt":"2023-07-30T12:49:00","guid":{"rendered":"https:\/\/www.webdo.tn\/fr\/blog\/stratospherique-ayoub-hafnaoui-champion-du-monde-des-1500m-nage-libre\/207598\/"},"modified":"2023-07-30T12:49:00","modified_gmt":"2023-07-30T12:49:00","slug":"stratospherique-ayoub-hafnaoui-champion-du-monde-des-1500m-nage-libre","status":"publish","type":"post","link":"https:\/\/www.webdo.tn\/fr\/actualite\/sport\/stratospherique-ayoub-hafnaoui-champion-du-monde-des-1500m-nage-libre\/207598\/","title":{"rendered":"Stratosph\u00e9rique Ayoub Hafnaoui, champion du monde des 1500m nage libre"},"content":{"rendered":"<p>Nouvelle performance stratosph\u00e9rique de Ayoub Hafnaoui, ce dimanche 30 juillet 2023, en remportant la finale de 1500m nage libre des championnats du monde 2023.<\/p>\n<p>\t\t\t\t\t\t\t\t\tAyoub Hafnaoui a devanc\u00e9 l&rsquo;Am\u00e9ricain, Robert Finke, de cinq dixi\u00e8me de secondes, avec un chrono de 14&rsquo;31\u00a0\u00bb54. Il bat, par la m\u00eame occasion, le record de la comp\u00e9tition.<\/p>\n<p>Il est \u00e0 rappeler que le record du monde de cette discipline est de 14&rsquo;31\u00a0\u00bb02.<\/p>\n","protected":false},"excerpt":{"rendered":"<p>Nouvelle performance stratosph\u00e9rique de Ayoub Hafnaoui, ce dimanche 30 juillet 2023, en remportant la finale de 1500m nage libre des championnats du monde 2023.<\/p>\n","protected":false},"author":3169,"featured_media":249664,"comment_status":"open","ping_status":"closed","sticky":false,"template":"","format":"standard","meta":{"footnotes":""},"categories":[2593],"tags":[8151,7350,8152,3252,2608],"class_list":["post-207598","post","type-post","status-publish","format-standard","has-post-thumbnail","hentry","category-sport","tag-1500m","tag-ayoub-hafnaoui","tag-nage-libre","tag-natation","tag-tunisie"],"yoast_head":"<!-- This site is optimized with the Yoast SEO Premium plugin v27.4 (Yoast SEO v27.5) - https:\/\/yoast.com\/product\/yoast-seo-premium-wordpress\/ -->\n<title>Stratosph\u00e9rique Ayoub Hafnaoui, champion du monde des 1500m nage libre<\/title>\n<meta name=\"description\" content=\"Nouvelle performance stratosph\u00e9rique de Ayoub Hafnaoui, ce dimanche 30 juillet 2023, en remportant la finale de 1500m nage libre des championnats du monde 2023.\" \/>\n<link rel=\"canonical\" href=\"https:\/\/www.webdo.tn\/fr\/actualite\/sport\/stratospherique-ayoub-hafnaoui-champion-du-monde-des-1500m-nage-libre\/207598\/\" \/>\n<meta property=\"og:locale\" content=\"fr_FR\" \/>\n<meta property=\"og:type\" content=\"article\" \/>\n<meta property=\"og:title\" content=\"Stratosph\u00e9rique Ayoub Hafnaoui, champion du monde des 1500m nage libre\" \/>\n<meta property=\"og:description\" content=\"Nouvelle performance stratosph\u00e9rique de Ayoub Hafnaoui, ce dimanche 30 juillet 2023, en remportant la finale de 1500m nage libre des championnats du monde 2023.\" \/>\n<meta property=\"og:url\" content=\"https:\/\/www.webdo.tn\/fr\/actualite\/sport\/stratospherique-ayoub-hafnaoui-champion-du-monde-des-1500m-nage-libre\/207598\/\" \/>\n<meta property=\"og:site_name\" content=\"webdo\" \/>\n<meta property=\"article:publisher\" content=\"https:\/\/www.facebook.com\/webdotn\" \/>\n<meta property=\"article:published_time\" content=\"2023-07-30T12:49:00+00:00\" \/>\n<meta property=\"og:image\" content=\"https:\/\/www.webdo.tn\/fr\/wp-content\/uploads\/2023\/07\/6853ad33a768b46cec8d7187a7fd861c.webp\" \/>\n\t<meta property=\"og:image:width\" content=\"750\" \/>\n\t<meta property=\"og:image:height\" content=\"400\" \/>\n\t<meta property=\"og:image:type\" content=\"image\/webp\" \/>\n<meta name=\"author\" content=\"Webdo\" \/>\n<meta name=\"twitter:card\" content=\"summary_large_image\" \/>\n<meta name=\"twitter:creator\" content=\"@webdo_tn\" \/>\n<meta name=\"twitter:site\" content=\"@webdo_tn\" \/>\n<meta name=\"twitter:label1\" content=\"\u00c9crit par\" \/>\n\t<meta name=\"twitter:data1\" content=\"Webdo\" \/>\n<script type=\"application\/ld+json\" class=\"yoast-schema-graph\">{\"@context\":\"https:\\\/\\\/schema.org\",\"@graph\":[{\"@type\":\"NewsArticle\",\"@id\":\"https:\\\/\\\/www.webdo.tn\\\/fr\\\/actualite\\\/sport\\\/stratospherique-ayoub-hafnaoui-champion-du-monde-des-1500m-nage-libre\\\/207598\\\/#article\",\"isPartOf\":{\"@id\":\"https:\\\/\\\/www.webdo.tn\\\/fr\\\/actualite\\\/sport\\\/stratospherique-ayoub-hafnaoui-champion-du-monde-des-1500m-nage-libre\\\/207598\\\/\"},\"author\":{\"name\":\"Webdo\",\"@id\":\"https:\\\/\\\/www.webdo.tn\\\/fr\\\/#\\\/schema\\\/person\\\/1f4e491e0907b413d61089e8eb573acc\"},\"headline\":\"Stratosph\u00e9rique Ayoub Hafnaoui, champion du monde des 1500m nage libre\",\"datePublished\":\"2023-07-30T12:49:00+00:00\",\"mainEntityOfPage\":{\"@id\":\"https:\\\/\\\/www.webdo.tn\\\/fr\\\/actualite\\\/sport\\\/stratospherique-ayoub-hafnaoui-champion-du-monde-des-1500m-nage-libre\\\/207598\\\/\"},\"wordCount\":78,\"commentCount\":0,\"publisher\":{\"@id\":\"https:\\\/\\\/www.webdo.tn\\\/fr\\\/#organization\"},\"image\":{\"@id\":\"https:\\\/\\\/www.webdo.tn\\\/fr\\\/actualite\\\/sport\\\/stratospherique-ayoub-hafnaoui-champion-du-monde-des-1500m-nage-libre\\\/207598\\\/#primaryimage\"},\"thumbnailUrl\":\"https:\\\/\\\/www.webdo.tn\\\/fr\\\/wp-content\\\/uploads\\\/2023\\\/07\\\/6853ad33a768b46cec8d7187a7fd861c.webp\",\"keywords\":[\"1500m\",\"ayoub hafnaoui\",\"nage libre\",\"natation\",\"Tunisie\"],\"articleSection\":[\"Sport\"],\"inLanguage\":\"fr-FR\"},{\"@type\":\"WebPage\",\"@id\":\"https:\\\/\\\/www.webdo.tn\\\/fr\\\/actualite\\\/sport\\\/stratospherique-ayoub-hafnaoui-champion-du-monde-des-1500m-nage-libre\\\/207598\\\/\",\"url\":\"https:\\\/\\\/www.webdo.tn\\\/fr\\\/actualite\\\/sport\\\/stratospherique-ayoub-hafnaoui-champion-du-monde-des-1500m-nage-libre\\\/207598\\\/\",\"name\":\"Stratosph\u00e9rique Ayoub Hafnaoui, champion du monde des 1500m nage libre\",\"isPartOf\":{\"@id\":\"https:\\\/\\\/www.webdo.tn\\\/fr\\\/#website\"},\"primaryImageOfPage\":{\"@id\":\"https:\\\/\\\/www.webdo.tn\\\/fr\\\/actualite\\\/sport\\\/stratospherique-ayoub-hafnaoui-champion-du-monde-des-1500m-nage-libre\\\/207598\\\/#primaryimage\"},\"image\":{\"@id\":\"https:\\\/\\\/www.webdo.tn\\\/fr\\\/actualite\\\/sport\\\/stratospherique-ayoub-hafnaoui-champion-du-monde-des-1500m-nage-libre\\\/207598\\\/#primaryimage\"},\"thumbnailUrl\":\"https:\\\/\\\/www.webdo.tn\\\/fr\\\/wp-content\\\/uploads\\\/2023\\\/07\\\/6853ad33a768b46cec8d7187a7fd861c.webp\",\"datePublished\":\"2023-07-30T12:49:00+00:00\",\"description\":\"Nouvelle performance stratosph\u00e9rique de Ayoub Hafnaoui, ce dimanche 30 juillet 2023, en remportant la finale de 1500m nage libre des championnats du monde 2023.\",\"breadcrumb\":{\"@id\":\"https:\\\/\\\/www.webdo.tn\\\/fr\\\/actualite\\\/sport\\\/stratospherique-ayoub-hafnaoui-champion-du-monde-des-1500m-nage-libre\\\/207598\\\/#breadcrumb\"},\"inLanguage\":\"fr-FR\",\"potentialAction\":[{\"@type\":\"ReadAction\",\"target\":[\"https:\\\/\\\/www.webdo.tn\\\/fr\\\/actualite\\\/sport\\\/stratospherique-ayoub-hafnaoui-champion-du-monde-des-1500m-nage-libre\\\/207598\\\/\"]}]},{\"@type\":\"ImageObject\",\"inLanguage\":\"fr-FR\",\"@id\":\"https:\\\/\\\/www.webdo.tn\\\/fr\\\/actualite\\\/sport\\\/stratospherique-ayoub-hafnaoui-champion-du-monde-des-1500m-nage-libre\\\/207598\\\/#primaryimage\",\"url\":\"https:\\\/\\\/www.webdo.tn\\\/fr\\\/wp-content\\\/uploads\\\/2023\\\/07\\\/6853ad33a768b46cec8d7187a7fd861c.webp\",\"contentUrl\":\"https:\\\/\\\/www.webdo.tn\\\/fr\\\/wp-content\\\/uploads\\\/2023\\\/07\\\/6853ad33a768b46cec8d7187a7fd861c.webp\",\"width\":750,\"height\":400,\"caption\":\"Stratosph\u00e9rique Ayoub Hafnaoui, champion du monde des 1500m nage libre\"},{\"@type\":\"BreadcrumbList\",\"@id\":\"https:\\\/\\\/www.webdo.tn\\\/fr\\\/actualite\\\/sport\\\/stratospherique-ayoub-hafnaoui-champion-du-monde-des-1500m-nage-libre\\\/207598\\\/#breadcrumb\",\"itemListElement\":[{\"@type\":\"ListItem\",\"position\":1,\"name\":\"Accueil\",\"item\":\"https:\\\/\\\/www.webdo.tn\\\/fr\\\/\"},{\"@type\":\"ListItem\",\"position\":2,\"name\":\"Stratosph\u00e9rique Ayoub Hafnaoui, champion du monde des 1500m nage libre\"}]},{\"@type\":\"WebSite\",\"@id\":\"https:\\\/\\\/www.webdo.tn\\\/fr\\\/#website\",\"url\":\"https:\\\/\\\/www.webdo.tn\\\/fr\\\/\",\"name\":\"webdo\",\"description\":\"Tunisie - News en Tunisie et \u00e0 l&#039;international sur Webdo.tn\",\"publisher\":{\"@id\":\"https:\\\/\\\/www.webdo.tn\\\/fr\\\/#organization\"},\"potentialAction\":[{\"@type\":\"SearchAction\",\"target\":{\"@type\":\"EntryPoint\",\"urlTemplate\":\"https:\\\/\\\/www.webdo.tn\\\/fr\\\/?s={search_term_string}\"},\"query-input\":{\"@type\":\"PropertyValueSpecification\",\"valueRequired\":true,\"valueName\":\"search_term_string\"}}],\"inLanguage\":\"fr-FR\"},{\"@type\":\"Organization\",\"@id\":\"https:\\\/\\\/www.webdo.tn\\\/fr\\\/#organization\",\"name\":\"Webdo\",\"alternateName\":\"Webdo.tn\",\"url\":\"https:\\\/\\\/www.webdo.tn\\\/fr\\\/\",\"logo\":{\"@type\":\"ImageObject\",\"inLanguage\":\"fr-FR\",\"@id\":\"https:\\\/\\\/www.webdo.tn\\\/fr\\\/#\\\/schema\\\/logo\\\/image\\\/\",\"url\":\"https:\\\/\\\/www.webdo.tn\\\/fr\\\/wp-content\\\/uploads\\\/2025\\\/06\\\/Webdo-Tunisie_168377.jpg\",\"contentUrl\":\"https:\\\/\\\/www.webdo.tn\\\/fr\\\/wp-content\\\/uploads\\\/2025\\\/06\\\/Webdo-Tunisie_168377.jpg\",\"width\":301,\"height\":301,\"caption\":\"Webdo\"},\"image\":{\"@id\":\"https:\\\/\\\/www.webdo.tn\\\/fr\\\/#\\\/schema\\\/logo\\\/image\\\/\"},\"sameAs\":[\"https:\\\/\\\/www.facebook.com\\\/webdotn\",\"https:\\\/\\\/x.com\\\/webdo_tn\"],\"description\":\"Webdo est un m\u00e9dia num\u00e9rique tunisien fond\u00e9 en 2010, sp\u00e9cialis\u00e9 dans l\u2019actualit\u00e9 nationale et internationale, l\u2019\u00e9conomie, la soci\u00e9t\u00e9 et les analyses politiques. Le site s\u2019adresse \u00e0 un large public francophone et couvre l\u2019information tunisienne en temps r\u00e9el.\",\"email\":\"redac@webdo.tn\",\"legalName\":\"YNJ SARL\",\"foundingDate\":\"2010-09-06\",\"numberOfEmployees\":{\"@type\":\"QuantitativeValue\",\"minValue\":\"11\",\"maxValue\":\"50\"}},{\"@type\":\"Person\",\"@id\":\"https:\\\/\\\/www.webdo.tn\\\/fr\\\/#\\\/schema\\\/person\\\/1f4e491e0907b413d61089e8eb573acc\",\"name\":\"Webdo\",\"image\":{\"@type\":\"ImageObject\",\"inLanguage\":\"fr-FR\",\"@id\":\"https:\\\/\\\/secure.gravatar.com\\\/avatar\\\/de97aeec1bb80978a9dbb127e47dfc88aaacb2f3c29aac907d8d3222e3495d49?s=96&d=mm&r=g\",\"url\":\"https:\\\/\\\/secure.gravatar.com\\\/avatar\\\/de97aeec1bb80978a9dbb127e47dfc88aaacb2f3c29aac907d8d3222e3495d49?s=96&d=mm&r=g\",\"contentUrl\":\"https:\\\/\\\/secure.gravatar.com\\\/avatar\\\/de97aeec1bb80978a9dbb127e47dfc88aaacb2f3c29aac907d8d3222e3495d49?s=96&d=mm&r=g\",\"caption\":\"Webdo\"},\"url\":\"https:\\\/\\\/www.webdo.tn\\\/fr\\\/actualite\\\/author\\\/webdo\\\/\"}]}<\/script>\n<!-- \/ Yoast SEO Premium plugin. -->","yoast_head_json":{"title":"Stratosph\u00e9rique Ayoub Hafnaoui, champion du monde des 1500m nage libre","description":"Nouvelle performance stratosph\u00e9rique de Ayoub Hafnaoui, ce dimanche 30 juillet 2023, en remportant la finale de 1500m nage libre des championnats du monde 2023.","canonical":"https:\/\/www.webdo.tn\/fr\/actualite\/sport\/stratospherique-ayoub-hafnaoui-champion-du-monde-des-1500m-nage-libre\/207598\/","og_locale":"fr_FR","og_type":"article","og_title":"Stratosph\u00e9rique Ayoub Hafnaoui, champion du monde des 1500m nage libre","og_description":"Nouvelle performance stratosph\u00e9rique de Ayoub Hafnaoui, ce dimanche 30 juillet 2023, en remportant la finale de 1500m nage libre des championnats du monde 2023.","og_url":"https:\/\/www.webdo.tn\/fr\/actualite\/sport\/stratospherique-ayoub-hafnaoui-champion-du-monde-des-1500m-nage-libre\/207598\/","og_site_name":"webdo","article_publisher":"https:\/\/www.facebook.com\/webdotn","article_published_time":"2023-07-30T12:49:00+00:00","og_image":[{"width":750,"height":400,"url":"https:\/\/www.webdo.tn\/fr\/wp-content\/uploads\/2023\/07\/6853ad33a768b46cec8d7187a7fd861c.webp","type":"image\/webp"}],"author":"Webdo","twitter_card":"summary_large_image","twitter_creator":"@webdo_tn","twitter_site":"@webdo_tn","twitter_misc":{"\u00c9crit par":"Webdo"},"schema":{"@context":"https:\/\/schema.org","@graph":[{"@type":"NewsArticle","@id":"https:\/\/www.webdo.tn\/fr\/actualite\/sport\/stratospherique-ayoub-hafnaoui-champion-du-monde-des-1500m-nage-libre\/207598\/#article","isPartOf":{"@id":"https:\/\/www.webdo.tn\/fr\/actualite\/sport\/stratospherique-ayoub-hafnaoui-champion-du-monde-des-1500m-nage-libre\/207598\/"},"author":{"name":"Webdo","@id":"https:\/\/www.webdo.tn\/fr\/#\/schema\/person\/1f4e491e0907b413d61089e8eb573acc"},"headline":"Stratosph\u00e9rique Ayoub Hafnaoui, champion du monde des 1500m nage libre","datePublished":"2023-07-30T12:49:00+00:00","mainEntityOfPage":{"@id":"https:\/\/www.webdo.tn\/fr\/actualite\/sport\/stratospherique-ayoub-hafnaoui-champion-du-monde-des-1500m-nage-libre\/207598\/"},"wordCount":78,"commentCount":0,"publisher":{"@id":"https:\/\/www.webdo.tn\/fr\/#organization"},"image":{"@id":"https:\/\/www.webdo.tn\/fr\/actualite\/sport\/stratospherique-ayoub-hafnaoui-champion-du-monde-des-1500m-nage-libre\/207598\/#primaryimage"},"thumbnailUrl":"https:\/\/www.webdo.tn\/fr\/wp-content\/uploads\/2023\/07\/6853ad33a768b46cec8d7187a7fd861c.webp","keywords":["1500m","ayoub hafnaoui","nage libre","natation","Tunisie"],"articleSection":["Sport"],"inLanguage":"fr-FR"},{"@type":"WebPage","@id":"https:\/\/www.webdo.tn\/fr\/actualite\/sport\/stratospherique-ayoub-hafnaoui-champion-du-monde-des-1500m-nage-libre\/207598\/","url":"https:\/\/www.webdo.tn\/fr\/actualite\/sport\/stratospherique-ayoub-hafnaoui-champion-du-monde-des-1500m-nage-libre\/207598\/","name":"Stratosph\u00e9rique Ayoub Hafnaoui, champion du monde des 1500m nage libre","isPartOf":{"@id":"https:\/\/www.webdo.tn\/fr\/#website"},"primaryImageOfPage":{"@id":"https:\/\/www.webdo.tn\/fr\/actualite\/sport\/stratospherique-ayoub-hafnaoui-champion-du-monde-des-1500m-nage-libre\/207598\/#primaryimage"},"image":{"@id":"https:\/\/www.webdo.tn\/fr\/actualite\/sport\/stratospherique-ayoub-hafnaoui-champion-du-monde-des-1500m-nage-libre\/207598\/#primaryimage"},"thumbnailUrl":"https:\/\/www.webdo.tn\/fr\/wp-content\/uploads\/2023\/07\/6853ad33a768b46cec8d7187a7fd861c.webp","datePublished":"2023-07-30T12:49:00+00:00","description":"Nouvelle performance stratosph\u00e9rique de Ayoub Hafnaoui, ce dimanche 30 juillet 2023, en remportant la finale de 1500m nage libre des championnats du monde 2023.","breadcrumb":{"@id":"https:\/\/www.webdo.tn\/fr\/actualite\/sport\/stratospherique-ayoub-hafnaoui-champion-du-monde-des-1500m-nage-libre\/207598\/#breadcrumb"},"inLanguage":"fr-FR","potentialAction":[{"@type":"ReadAction","target":["https:\/\/www.webdo.tn\/fr\/actualite\/sport\/stratospherique-ayoub-hafnaoui-champion-du-monde-des-1500m-nage-libre\/207598\/"]}]},{"@type":"ImageObject","inLanguage":"fr-FR","@id":"https:\/\/www.webdo.tn\/fr\/actualite\/sport\/stratospherique-ayoub-hafnaoui-champion-du-monde-des-1500m-nage-libre\/207598\/#primaryimage","url":"https:\/\/www.webdo.tn\/fr\/wp-content\/uploads\/2023\/07\/6853ad33a768b46cec8d7187a7fd861c.webp","contentUrl":"https:\/\/www.webdo.tn\/fr\/wp-content\/uploads\/2023\/07\/6853ad33a768b46cec8d7187a7fd861c.webp","width":750,"height":400,"caption":"Stratosph\u00e9rique Ayoub Hafnaoui, champion du monde des 1500m nage libre"},{"@type":"BreadcrumbList","@id":"https:\/\/www.webdo.tn\/fr\/actualite\/sport\/stratospherique-ayoub-hafnaoui-champion-du-monde-des-1500m-nage-libre\/207598\/#breadcrumb","itemListElement":[{"@type":"ListItem","position":1,"name":"Accueil","item":"https:\/\/www.webdo.tn\/fr\/"},{"@type":"ListItem","position":2,"name":"Stratosph\u00e9rique Ayoub Hafnaoui, champion du monde des 1500m nage libre"}]},{"@type":"WebSite","@id":"https:\/\/www.webdo.tn\/fr\/#website","url":"https:\/\/www.webdo.tn\/fr\/","name":"webdo","description":"Tunisie - News en Tunisie et \u00e0 l&#039;international sur Webdo.tn","publisher":{"@id":"https:\/\/www.webdo.tn\/fr\/#organization"},"potentialAction":[{"@type":"SearchAction","target":{"@type":"EntryPoint","urlTemplate":"https:\/\/www.webdo.tn\/fr\/?s={search_term_string}"},"query-input":{"@type":"PropertyValueSpecification","valueRequired":true,"valueName":"search_term_string"}}],"inLanguage":"fr-FR"},{"@type":"Organization","@id":"https:\/\/www.webdo.tn\/fr\/#organization","name":"Webdo","alternateName":"Webdo.tn","url":"https:\/\/www.webdo.tn\/fr\/","logo":{"@type":"ImageObject","inLanguage":"fr-FR","@id":"https:\/\/www.webdo.tn\/fr\/#\/schema\/logo\/image\/","url":"https:\/\/www.webdo.tn\/fr\/wp-content\/uploads\/2025\/06\/Webdo-Tunisie_168377.jpg","contentUrl":"https:\/\/www.webdo.tn\/fr\/wp-content\/uploads\/2025\/06\/Webdo-Tunisie_168377.jpg","width":301,"height":301,"caption":"Webdo"},"image":{"@id":"https:\/\/www.webdo.tn\/fr\/#\/schema\/logo\/image\/"},"sameAs":["https:\/\/www.facebook.com\/webdotn","https:\/\/x.com\/webdo_tn"],"description":"Webdo est un m\u00e9dia num\u00e9rique tunisien fond\u00e9 en 2010, sp\u00e9cialis\u00e9 dans l\u2019actualit\u00e9 nationale et internationale, l\u2019\u00e9conomie, la soci\u00e9t\u00e9 et les analyses politiques. Le site s\u2019adresse \u00e0 un large public francophone et couvre l\u2019information tunisienne en temps r\u00e9el.","email":"redac@webdo.tn","legalName":"YNJ SARL","foundingDate":"2010-09-06","numberOfEmployees":{"@type":"QuantitativeValue","minValue":"11","maxValue":"50"}},{"@type":"Person","@id":"https:\/\/www.webdo.tn\/fr\/#\/schema\/person\/1f4e491e0907b413d61089e8eb573acc","name":"Webdo","image":{"@type":"ImageObject","inLanguage":"fr-FR","@id":"https:\/\/secure.gravatar.com\/avatar\/de97aeec1bb80978a9dbb127e47dfc88aaacb2f3c29aac907d8d3222e3495d49?s=96&d=mm&r=g","url":"https:\/\/secure.gravatar.com\/avatar\/de97aeec1bb80978a9dbb127e47dfc88aaacb2f3c29aac907d8d3222e3495d49?s=96&d=mm&r=g","contentUrl":"https:\/\/secure.gravatar.com\/avatar\/de97aeec1bb80978a9dbb127e47dfc88aaacb2f3c29aac907d8d3222e3495d49?s=96&d=mm&r=g","caption":"Webdo"},"url":"https:\/\/www.webdo.tn\/fr\/actualite\/author\/webdo\/"}]}},"_links":{"self":[{"href":"https:\/\/www.webdo.tn\/fr\/wp-json\/wp\/v2\/posts\/207598","targetHints":{"allow":["GET"]}}],"collection":[{"href":"https:\/\/www.webdo.tn\/fr\/wp-json\/wp\/v2\/posts"}],"about":[{"href":"https:\/\/www.webdo.tn\/fr\/wp-json\/wp\/v2\/types\/post"}],"author":[{"embeddable":true,"href":"https:\/\/www.webdo.tn\/fr\/wp-json\/wp\/v2\/users\/3169"}],"replies":[{"embeddable":true,"href":"https:\/\/www.webdo.tn\/fr\/wp-json\/wp\/v2\/comments?post=207598"}],"version-history":[{"count":0,"href":"https:\/\/www.webdo.tn\/fr\/wp-json\/wp\/v2\/posts\/207598\/revisions"}],"wp:featuredmedia":[{"embeddable":true,"href":"https:\/\/www.webdo.tn\/fr\/wp-json\/wp\/v2\/media\/249664"}],"wp:attachment":[{"href":"https:\/\/www.webdo.tn\/fr\/wp-json\/wp\/v2\/media?parent=207598"}],"wp:term":[{"taxonomy":"category","embeddable":true,"href":"https:\/\/www.webdo.tn\/fr\/wp-json\/wp\/v2\/categories?post=207598"},{"taxonomy":"post_tag","embeddable":true,"href":"https:\/\/www.webdo.tn\/fr\/wp-json\/wp\/v2\/tags?post=207598"}],"curies":[{"name":"wp","href":"https:\/\/api.w.org\/{rel}","templated":true}]}}