{"id":207591,"date":"2023-07-29T10:37:00","date_gmt":"2023-07-29T10:37:00","guid":{"rendered":"https:\/\/www.webdo.tn\/fr\/blog\/sadok-ben-mhenni-funerailles-aujourd-hui-au-djellaz\/207591\/"},"modified":"2023-07-29T10:37:00","modified_gmt":"2023-07-29T10:37:00","slug":"sadok-ben-mhenni-funerailles-aujourd-hui-au-djellaz","status":"publish","type":"post","link":"https:\/\/www.webdo.tn\/fr\/actualite\/chroniques\/sadok-ben-mhenni-funerailles-aujourd-hui-au-djellaz\/207591\/","title":{"rendered":"Sadok Ben Mhenni : Fun\u00e9railles aujourd&rsquo;hui au Djellaz"},"content":{"rendered":"<p>D\u00e9c\u00e9d\u00e9 hier, Sadok Ben Mhenni sera enterr\u00e9 ce samedi dans l&rsquo;apr\u00e8s-midi au cimeti\u00e8re du Djellaz.<\/p>\n<p>\t\t\t\t\t\t\t\t\tMilitant de gauche et ancien prisonnier politique, Sadok Ben Mhenni a particip\u00e9 \u00e0 toutes les grandes mobilisations depuis 2011.<\/p>\n<p>Avec sa fille, la regrett\u00e9e Lina Ben Mhenni, il a \u00e9galement pris part \u00e0 de nombreuses actions de la soci\u00e9t\u00e9 civile dont l&rsquo;une des plus r\u00e9centes consistait en la cr\u00e9ation de p\u00f4les de lecture dans les prisons.<\/p>\n<p>Apr\u00e8s sa lib\u00e9ration de prison au d\u00e9but des ann\u00e9es 1980, celui qui avait connu le p\u00e9nitencier de Borj Erroumi avait rejoint l&rsquo;Association pour le d\u00e9veloppement et l&rsquo;animation rurale avant de passer plusieurs ann\u00e9es au sein de l&rsquo;Agence de r\u00e9habilitation et de r\u00e9novation urbaine (ARRU). Il avait ensuite poursuivi sa carri\u00e8re au minist\u00e8re de l&rsquo;\u00c9quipement o\u00f9 il a men\u00e9 plusieurs missions.<\/p>\n<p>Toujours impliqu\u00e9 dans la vie associative, Sadok Ben Mhenni a particip\u00e9 \u00e0 de nombreux programmes de coop\u00e9ration, notamment avec l&rsquo;universit\u00e9 su\u00e9doise de Lund. Il y a peu, il fondait avec plusieurs compagnons de route, l&rsquo;Association Lina Ben Mhenni et engageait plusieurs projets en son sein.<\/p>\n<p>Traducteur vers la langue arabe de plusieurs essais et ouvrages litt\u00e9raires, Sadok Ben Mhenni est \u00e9galement l&rsquo;auteur d&rsquo;un ouvrage autobiographique dans lequel il revient sur ses ann\u00e9es de prison et son action militante au sein d&rsquo;El Amel Tounsi.<\/p>\n<p>Enfin, originaire de la ville d&rsquo;El May au centre de l&rsquo;\u00eele de Djerba,\u00a0 Ben Mhenni a men\u00e9 plusieurs actions associatives en faveur du patrimoine de l&rsquo;\u00eele qu&rsquo;il a largement contribu\u00e9 \u00e0 faire conna\u00eetre du grand public.<\/p>\n<p>Paix \u00e0 son \u00e2me et condol\u00e9ances attrist\u00e9es \u00e0 sa famille, en particulier son \u00e9pouse Amina Ben Ghorbal et son fils Amine Ben Mhenni.<\/p>\n","protected":false},"excerpt":{"rendered":"<p>D\u00e9c\u00e9d\u00e9 hier, Sadok Ben Mhenni sera enterr\u00e9 ce samedi dans l&rsquo;apr\u00e8s-midi au cimeti\u00e8re du Djellaz.<\/p>\n","protected":false},"author":3229,"featured_media":249660,"comment_status":"open","ping_status":"closed","sticky":false,"template":"","format":"standard","meta":{"footnotes":""},"categories":[2596],"tags":[2830,8148,8150,8149],"class_list":["post-207591","post","type-post","status-publish","format-standard","has-post-thumbnail","hentry","category-chroniques","tag-deces","tag-lina-ben-mhenni","tag-militant","tag-sadok-ben-mhenni"],"yoast_head":"<!-- This site is optimized with the Yoast SEO Premium plugin v27.5 (Yoast SEO v27.5) - https:\/\/yoast.com\/product\/yoast-seo-premium-wordpress\/ -->\n<title>Sadok Ben Mhenni : Fun\u00e9railles aujourd&#039;hui au Djellaz<\/title>\n<meta name=\"description\" content=\"D\u00e9c\u00e9d\u00e9 hier, Sadok Ben Mhenni sera enterr\u00e9 ce samedi dans l&#039;apr\u00e8s-midi au cimeti\u00e8re du Djellaz.\" \/>\n<link rel=\"canonical\" href=\"https:\/\/www.webdo.tn\/fr\/actualite\/chroniques\/sadok-ben-mhenni-funerailles-aujourd-hui-au-djellaz\/207591\/\" \/>\n<meta property=\"og:locale\" content=\"fr_FR\" \/>\n<meta property=\"og:type\" content=\"article\" \/>\n<meta property=\"og:title\" content=\"Sadok Ben Mhenni : Fun\u00e9railles aujourd&#039;hui au Djellaz\" \/>\n<meta property=\"og:description\" content=\"D\u00e9c\u00e9d\u00e9 hier, Sadok Ben Mhenni sera enterr\u00e9 ce samedi dans l&#039;apr\u00e8s-midi au cimeti\u00e8re du Djellaz.\" \/>\n<meta property=\"og:url\" content=\"https:\/\/www.webdo.tn\/fr\/actualite\/chroniques\/sadok-ben-mhenni-funerailles-aujourd-hui-au-djellaz\/207591\/\" \/>\n<meta property=\"og:site_name\" content=\"webdo\" \/>\n<meta property=\"article:publisher\" content=\"https:\/\/www.facebook.com\/webdotn\" \/>\n<meta property=\"article:author\" content=\"https:\/\/www.facebook.com\/hatem.bourial.2025\" \/>\n<meta property=\"article:published_time\" content=\"2023-07-29T10:37:00+00:00\" \/>\n<meta property=\"og:image\" content=\"https:\/\/www.webdo.tn\/fr\/wp-content\/uploads\/2023\/07\/2223a2908f0daa722edf171269988e14.jpg\" \/>\n\t<meta property=\"og:image:width\" content=\"750\" \/>\n\t<meta property=\"og:image:height\" content=\"400\" \/>\n\t<meta property=\"og:image:type\" content=\"image\/jpeg\" \/>\n<meta name=\"author\" content=\"Hatem Bourial\" \/>\n<meta name=\"twitter:card\" content=\"summary_large_image\" \/>\n<meta name=\"twitter:creator\" content=\"@webdo_tn\" \/>\n<meta name=\"twitter:site\" content=\"@webdo_tn\" \/>\n<meta name=\"twitter:label1\" content=\"\u00c9crit par\" \/>\n\t<meta name=\"twitter:data1\" content=\"Hatem Bourial\" \/>\n\t<meta name=\"twitter:label2\" content=\"Dur\u00e9e de lecture estim\u00e9e\" \/>\n\t<meta name=\"twitter:data2\" content=\"1 minute\" \/>\n<script type=\"application\/ld+json\" class=\"yoast-schema-graph\">{\"@context\":\"https:\\\/\\\/schema.org\",\"@graph\":[{\"@type\":\"NewsArticle\",\"@id\":\"https:\\\/\\\/www.webdo.tn\\\/fr\\\/actualite\\\/chroniques\\\/sadok-ben-mhenni-funerailles-aujourd-hui-au-djellaz\\\/207591\\\/#article\",\"isPartOf\":{\"@id\":\"https:\\\/\\\/www.webdo.tn\\\/fr\\\/actualite\\\/chroniques\\\/sadok-ben-mhenni-funerailles-aujourd-hui-au-djellaz\\\/207591\\\/\"},\"author\":{\"name\":\"Hatem Bourial\",\"@id\":\"https:\\\/\\\/www.webdo.tn\\\/fr\\\/#\\\/schema\\\/person\\\/6bc0beba2cd23aec27cb5df85ca2554f\"},\"headline\":\"Sadok Ben Mhenni : Fun\u00e9railles aujourd&rsquo;hui au Djellaz\",\"datePublished\":\"2023-07-29T10:37:00+00:00\",\"mainEntityOfPage\":{\"@id\":\"https:\\\/\\\/www.webdo.tn\\\/fr\\\/actualite\\\/chroniques\\\/sadok-ben-mhenni-funerailles-aujourd-hui-au-djellaz\\\/207591\\\/\"},\"wordCount\":316,\"commentCount\":0,\"publisher\":{\"@id\":\"https:\\\/\\\/www.webdo.tn\\\/fr\\\/#organization\"},\"image\":{\"@id\":\"https:\\\/\\\/www.webdo.tn\\\/fr\\\/actualite\\\/chroniques\\\/sadok-ben-mhenni-funerailles-aujourd-hui-au-djellaz\\\/207591\\\/#primaryimage\"},\"thumbnailUrl\":\"https:\\\/\\\/www.webdo.tn\\\/fr\\\/wp-content\\\/uploads\\\/2023\\\/07\\\/2223a2908f0daa722edf171269988e14.jpg\",\"keywords\":[\"D\u00e9c\u00e8s\",\"lina ben mhenni\",\"militant\",\"Sadok Ben Mhenni\"],\"articleSection\":[\"Chroniques\"],\"inLanguage\":\"fr-FR\"},{\"@type\":\"WebPage\",\"@id\":\"https:\\\/\\\/www.webdo.tn\\\/fr\\\/actualite\\\/chroniques\\\/sadok-ben-mhenni-funerailles-aujourd-hui-au-djellaz\\\/207591\\\/\",\"url\":\"https:\\\/\\\/www.webdo.tn\\\/fr\\\/actualite\\\/chroniques\\\/sadok-ben-mhenni-funerailles-aujourd-hui-au-djellaz\\\/207591\\\/\",\"name\":\"Sadok Ben Mhenni : Fun\u00e9railles aujourd'hui au Djellaz\",\"isPartOf\":{\"@id\":\"https:\\\/\\\/www.webdo.tn\\\/fr\\\/#website\"},\"primaryImageOfPage\":{\"@id\":\"https:\\\/\\\/www.webdo.tn\\\/fr\\\/actualite\\\/chroniques\\\/sadok-ben-mhenni-funerailles-aujourd-hui-au-djellaz\\\/207591\\\/#primaryimage\"},\"image\":{\"@id\":\"https:\\\/\\\/www.webdo.tn\\\/fr\\\/actualite\\\/chroniques\\\/sadok-ben-mhenni-funerailles-aujourd-hui-au-djellaz\\\/207591\\\/#primaryimage\"},\"thumbnailUrl\":\"https:\\\/\\\/www.webdo.tn\\\/fr\\\/wp-content\\\/uploads\\\/2023\\\/07\\\/2223a2908f0daa722edf171269988e14.jpg\",\"datePublished\":\"2023-07-29T10:37:00+00:00\",\"description\":\"D\u00e9c\u00e9d\u00e9 hier, Sadok Ben Mhenni sera enterr\u00e9 ce samedi dans l'apr\u00e8s-midi au cimeti\u00e8re du Djellaz.\",\"breadcrumb\":{\"@id\":\"https:\\\/\\\/www.webdo.tn\\\/fr\\\/actualite\\\/chroniques\\\/sadok-ben-mhenni-funerailles-aujourd-hui-au-djellaz\\\/207591\\\/#breadcrumb\"},\"inLanguage\":\"fr-FR\",\"potentialAction\":[{\"@type\":\"ReadAction\",\"target\":[\"https:\\\/\\\/www.webdo.tn\\\/fr\\\/actualite\\\/chroniques\\\/sadok-ben-mhenni-funerailles-aujourd-hui-au-djellaz\\\/207591\\\/\"]}]},{\"@type\":\"ImageObject\",\"inLanguage\":\"fr-FR\",\"@id\":\"https:\\\/\\\/www.webdo.tn\\\/fr\\\/actualite\\\/chroniques\\\/sadok-ben-mhenni-funerailles-aujourd-hui-au-djellaz\\\/207591\\\/#primaryimage\",\"url\":\"https:\\\/\\\/www.webdo.tn\\\/fr\\\/wp-content\\\/uploads\\\/2023\\\/07\\\/2223a2908f0daa722edf171269988e14.jpg\",\"contentUrl\":\"https:\\\/\\\/www.webdo.tn\\\/fr\\\/wp-content\\\/uploads\\\/2023\\\/07\\\/2223a2908f0daa722edf171269988e14.jpg\",\"width\":750,\"height\":400,\"caption\":\"Sadok Ben Mhenni : Fun\u00e9railles aujourd'hui au Djellaz\"},{\"@type\":\"BreadcrumbList\",\"@id\":\"https:\\\/\\\/www.webdo.tn\\\/fr\\\/actualite\\\/chroniques\\\/sadok-ben-mhenni-funerailles-aujourd-hui-au-djellaz\\\/207591\\\/#breadcrumb\",\"itemListElement\":[{\"@type\":\"ListItem\",\"position\":1,\"name\":\"Accueil\",\"item\":\"https:\\\/\\\/www.webdo.tn\\\/fr\\\/\"},{\"@type\":\"ListItem\",\"position\":2,\"name\":\"Sadok Ben Mhenni : Fun\u00e9railles aujourd&#8217;hui au Djellaz\"}]},{\"@type\":\"WebSite\",\"@id\":\"https:\\\/\\\/www.webdo.tn\\\/fr\\\/#website\",\"url\":\"https:\\\/\\\/www.webdo.tn\\\/fr\\\/\",\"name\":\"webdo\",\"description\":\"Tunisie - News en Tunisie et \u00e0 l&#039;international sur Webdo.tn\",\"publisher\":{\"@id\":\"https:\\\/\\\/www.webdo.tn\\\/fr\\\/#organization\"},\"potentialAction\":[{\"@type\":\"SearchAction\",\"target\":{\"@type\":\"EntryPoint\",\"urlTemplate\":\"https:\\\/\\\/www.webdo.tn\\\/fr\\\/?s={search_term_string}\"},\"query-input\":{\"@type\":\"PropertyValueSpecification\",\"valueRequired\":true,\"valueName\":\"search_term_string\"}}],\"inLanguage\":\"fr-FR\"},{\"@type\":\"Organization\",\"@id\":\"https:\\\/\\\/www.webdo.tn\\\/fr\\\/#organization\",\"name\":\"Webdo\",\"alternateName\":\"Webdo.tn\",\"url\":\"https:\\\/\\\/www.webdo.tn\\\/fr\\\/\",\"logo\":{\"@type\":\"ImageObject\",\"inLanguage\":\"fr-FR\",\"@id\":\"https:\\\/\\\/www.webdo.tn\\\/fr\\\/#\\\/schema\\\/logo\\\/image\\\/\",\"url\":\"https:\\\/\\\/www.webdo.tn\\\/fr\\\/wp-content\\\/uploads\\\/2025\\\/06\\\/Webdo-Tunisie_168377.jpg\",\"contentUrl\":\"https:\\\/\\\/www.webdo.tn\\\/fr\\\/wp-content\\\/uploads\\\/2025\\\/06\\\/Webdo-Tunisie_168377.jpg\",\"width\":301,\"height\":301,\"caption\":\"Webdo\"},\"image\":{\"@id\":\"https:\\\/\\\/www.webdo.tn\\\/fr\\\/#\\\/schema\\\/logo\\\/image\\\/\"},\"sameAs\":[\"https:\\\/\\\/www.facebook.com\\\/webdotn\",\"https:\\\/\\\/x.com\\\/webdo_tn\"],\"description\":\"Webdo est un m\u00e9dia num\u00e9rique tunisien fond\u00e9 en 2010, sp\u00e9cialis\u00e9 dans l\u2019actualit\u00e9 nationale et internationale, l\u2019\u00e9conomie, la soci\u00e9t\u00e9 et les analyses politiques. Le site s\u2019adresse \u00e0 un large public francophone et couvre l\u2019information tunisienne en temps r\u00e9el.\",\"email\":\"redac@webdo.tn\",\"legalName\":\"YNJ SARL\",\"foundingDate\":\"2010-09-06\",\"numberOfEmployees\":{\"@type\":\"QuantitativeValue\",\"minValue\":\"11\",\"maxValue\":\"50\"}},{\"@type\":\"Person\",\"@id\":\"https:\\\/\\\/www.webdo.tn\\\/fr\\\/#\\\/schema\\\/person\\\/6bc0beba2cd23aec27cb5df85ca2554f\",\"name\":\"Hatem Bourial\",\"image\":{\"@type\":\"ImageObject\",\"inLanguage\":\"fr-FR\",\"@id\":\"https:\\\/\\\/www.webdo.tn\\\/fr\\\/wp-content\\\/uploads\\\/2026\\\/04\\\/hatem-bourial_avatar-96x96.jpg\",\"url\":\"https:\\\/\\\/www.webdo.tn\\\/fr\\\/wp-content\\\/uploads\\\/2026\\\/04\\\/hatem-bourial_avatar-96x96.jpg\",\"contentUrl\":\"https:\\\/\\\/www.webdo.tn\\\/fr\\\/wp-content\\\/uploads\\\/2026\\\/04\\\/hatem-bourial_avatar-96x96.jpg\",\"caption\":\"Hatem Bourial\"},\"description\":\"Hatem Bourial est journaliste, \u00e9crivain et chroniqueur tunisien. Actif depuis plusieurs d\u00e9cennies, il s\u2019est impos\u00e9 comme un observateur attentif de la soci\u00e9t\u00e9 tunisienne, m\u00ealant dans ses \u00e9crits m\u00e9moire, culture et analyse du quotidien. Auteur de nombreux ouvrages, il d\u00e9veloppe une \u0153uvre \u00e0 la crois\u00e9e du r\u00e9cit, de la po\u00e9sie et de l\u2019observation sociologique. Parall\u00e8lement \u00e0 ses contributions dans la presse, il intervient r\u00e9guli\u00e8rement \u00e0 la radio et dans des espaces culturels, o\u00f9 il explore les enjeux li\u00e9s au patrimoine, \u00e0 l\u2019identit\u00e9 et aux transformations du monde contemporain. \u00c0 travers ses chroniques, Hatem Bourial propose une lecture sensible et approfondie de l\u2019actualit\u00e9, nourrie par une exp\u00e9rience journalistique et litt\u00e9raire reconnue. \ud83d\udd17 Facebook : https:\\\/\\\/www.facebook.com\\\/hatem.bourial.2025\",\"sameAs\":[\"https:\\\/\\\/www.facebook.com\\\/hatem.bourial.2025\",\"https:\\\/\\\/fr.wikipedia.org\\\/wiki\\\/Fichier:Hatem_Bourial.jpg\"],\"knowsAbout\":[\"Culture & patrimoine tunisien\",\"Chronique soci\u00e9tale\",\"Litt\u00e9rature & m\u00e9moire\",\"Cin\u00e9ma & critique culturelle\",\"Identit\u00e9 & mutations sociales\"],\"knowsLanguage\":[\"Arabe\",\"Fran\u00e7ais\",\"Anglais\",\"Italien\",\"Polonais\"],\"jobTitle\":\"Journaliste, \u00e9crivain et chroniqueur culturel\",\"worksFor\":\"Webdo\",\"url\":\"https:\\\/\\\/www.webdo.tn\\\/fr\\\/actualite\\\/author\\\/hatem-bourial-2\\\/\"}]}<\/script>\n<!-- \/ Yoast SEO Premium plugin. -->","yoast_head_json":{"title":"Sadok Ben Mhenni : Fun\u00e9railles aujourd'hui au Djellaz","description":"D\u00e9c\u00e9d\u00e9 hier, Sadok Ben Mhenni sera enterr\u00e9 ce samedi dans l'apr\u00e8s-midi au cimeti\u00e8re du Djellaz.","canonical":"https:\/\/www.webdo.tn\/fr\/actualite\/chroniques\/sadok-ben-mhenni-funerailles-aujourd-hui-au-djellaz\/207591\/","og_locale":"fr_FR","og_type":"article","og_title":"Sadok Ben Mhenni : Fun\u00e9railles aujourd'hui au Djellaz","og_description":"D\u00e9c\u00e9d\u00e9 hier, Sadok Ben Mhenni sera enterr\u00e9 ce samedi dans l'apr\u00e8s-midi au cimeti\u00e8re du Djellaz.","og_url":"https:\/\/www.webdo.tn\/fr\/actualite\/chroniques\/sadok-ben-mhenni-funerailles-aujourd-hui-au-djellaz\/207591\/","og_site_name":"webdo","article_publisher":"https:\/\/www.facebook.com\/webdotn","article_author":"https:\/\/www.facebook.com\/hatem.bourial.2025","article_published_time":"2023-07-29T10:37:00+00:00","og_image":[{"width":750,"height":400,"url":"https:\/\/www.webdo.tn\/fr\/wp-content\/uploads\/2023\/07\/2223a2908f0daa722edf171269988e14.jpg","type":"image\/jpeg"}],"author":"Hatem Bourial","twitter_card":"summary_large_image","twitter_creator":"@webdo_tn","twitter_site":"@webdo_tn","twitter_misc":{"\u00c9crit par":"Hatem Bourial","Dur\u00e9e de lecture estim\u00e9e":"1 minute"},"schema":{"@context":"https:\/\/schema.org","@graph":[{"@type":"NewsArticle","@id":"https:\/\/www.webdo.tn\/fr\/actualite\/chroniques\/sadok-ben-mhenni-funerailles-aujourd-hui-au-djellaz\/207591\/#article","isPartOf":{"@id":"https:\/\/www.webdo.tn\/fr\/actualite\/chroniques\/sadok-ben-mhenni-funerailles-aujourd-hui-au-djellaz\/207591\/"},"author":{"name":"Hatem Bourial","@id":"https:\/\/www.webdo.tn\/fr\/#\/schema\/person\/6bc0beba2cd23aec27cb5df85ca2554f"},"headline":"Sadok Ben Mhenni : Fun\u00e9railles aujourd&rsquo;hui au Djellaz","datePublished":"2023-07-29T10:37:00+00:00","mainEntityOfPage":{"@id":"https:\/\/www.webdo.tn\/fr\/actualite\/chroniques\/sadok-ben-mhenni-funerailles-aujourd-hui-au-djellaz\/207591\/"},"wordCount":316,"commentCount":0,"publisher":{"@id":"https:\/\/www.webdo.tn\/fr\/#organization"},"image":{"@id":"https:\/\/www.webdo.tn\/fr\/actualite\/chroniques\/sadok-ben-mhenni-funerailles-aujourd-hui-au-djellaz\/207591\/#primaryimage"},"thumbnailUrl":"https:\/\/www.webdo.tn\/fr\/wp-content\/uploads\/2023\/07\/2223a2908f0daa722edf171269988e14.jpg","keywords":["D\u00e9c\u00e8s","lina ben mhenni","militant","Sadok Ben Mhenni"],"articleSection":["Chroniques"],"inLanguage":"fr-FR"},{"@type":"WebPage","@id":"https:\/\/www.webdo.tn\/fr\/actualite\/chroniques\/sadok-ben-mhenni-funerailles-aujourd-hui-au-djellaz\/207591\/","url":"https:\/\/www.webdo.tn\/fr\/actualite\/chroniques\/sadok-ben-mhenni-funerailles-aujourd-hui-au-djellaz\/207591\/","name":"Sadok Ben Mhenni : Fun\u00e9railles aujourd'hui au Djellaz","isPartOf":{"@id":"https:\/\/www.webdo.tn\/fr\/#website"},"primaryImageOfPage":{"@id":"https:\/\/www.webdo.tn\/fr\/actualite\/chroniques\/sadok-ben-mhenni-funerailles-aujourd-hui-au-djellaz\/207591\/#primaryimage"},"image":{"@id":"https:\/\/www.webdo.tn\/fr\/actualite\/chroniques\/sadok-ben-mhenni-funerailles-aujourd-hui-au-djellaz\/207591\/#primaryimage"},"thumbnailUrl":"https:\/\/www.webdo.tn\/fr\/wp-content\/uploads\/2023\/07\/2223a2908f0daa722edf171269988e14.jpg","datePublished":"2023-07-29T10:37:00+00:00","description":"D\u00e9c\u00e9d\u00e9 hier, Sadok Ben Mhenni sera enterr\u00e9 ce samedi dans l'apr\u00e8s-midi au cimeti\u00e8re du Djellaz.","breadcrumb":{"@id":"https:\/\/www.webdo.tn\/fr\/actualite\/chroniques\/sadok-ben-mhenni-funerailles-aujourd-hui-au-djellaz\/207591\/#breadcrumb"},"inLanguage":"fr-FR","potentialAction":[{"@type":"ReadAction","target":["https:\/\/www.webdo.tn\/fr\/actualite\/chroniques\/sadok-ben-mhenni-funerailles-aujourd-hui-au-djellaz\/207591\/"]}]},{"@type":"ImageObject","inLanguage":"fr-FR","@id":"https:\/\/www.webdo.tn\/fr\/actualite\/chroniques\/sadok-ben-mhenni-funerailles-aujourd-hui-au-djellaz\/207591\/#primaryimage","url":"https:\/\/www.webdo.tn\/fr\/wp-content\/uploads\/2023\/07\/2223a2908f0daa722edf171269988e14.jpg","contentUrl":"https:\/\/www.webdo.tn\/fr\/wp-content\/uploads\/2023\/07\/2223a2908f0daa722edf171269988e14.jpg","width":750,"height":400,"caption":"Sadok Ben Mhenni : Fun\u00e9railles aujourd'hui au Djellaz"},{"@type":"BreadcrumbList","@id":"https:\/\/www.webdo.tn\/fr\/actualite\/chroniques\/sadok-ben-mhenni-funerailles-aujourd-hui-au-djellaz\/207591\/#breadcrumb","itemListElement":[{"@type":"ListItem","position":1,"name":"Accueil","item":"https:\/\/www.webdo.tn\/fr\/"},{"@type":"ListItem","position":2,"name":"Sadok Ben Mhenni : Fun\u00e9railles aujourd&#8217;hui au Djellaz"}]},{"@type":"WebSite","@id":"https:\/\/www.webdo.tn\/fr\/#website","url":"https:\/\/www.webdo.tn\/fr\/","name":"webdo","description":"Tunisie - News en Tunisie et \u00e0 l&#039;international sur Webdo.tn","publisher":{"@id":"https:\/\/www.webdo.tn\/fr\/#organization"},"potentialAction":[{"@type":"SearchAction","target":{"@type":"EntryPoint","urlTemplate":"https:\/\/www.webdo.tn\/fr\/?s={search_term_string}"},"query-input":{"@type":"PropertyValueSpecification","valueRequired":true,"valueName":"search_term_string"}}],"inLanguage":"fr-FR"},{"@type":"Organization","@id":"https:\/\/www.webdo.tn\/fr\/#organization","name":"Webdo","alternateName":"Webdo.tn","url":"https:\/\/www.webdo.tn\/fr\/","logo":{"@type":"ImageObject","inLanguage":"fr-FR","@id":"https:\/\/www.webdo.tn\/fr\/#\/schema\/logo\/image\/","url":"https:\/\/www.webdo.tn\/fr\/wp-content\/uploads\/2025\/06\/Webdo-Tunisie_168377.jpg","contentUrl":"https:\/\/www.webdo.tn\/fr\/wp-content\/uploads\/2025\/06\/Webdo-Tunisie_168377.jpg","width":301,"height":301,"caption":"Webdo"},"image":{"@id":"https:\/\/www.webdo.tn\/fr\/#\/schema\/logo\/image\/"},"sameAs":["https:\/\/www.facebook.com\/webdotn","https:\/\/x.com\/webdo_tn"],"description":"Webdo est un m\u00e9dia num\u00e9rique tunisien fond\u00e9 en 2010, sp\u00e9cialis\u00e9 dans l\u2019actualit\u00e9 nationale et internationale, l\u2019\u00e9conomie, la soci\u00e9t\u00e9 et les analyses politiques. Le site s\u2019adresse \u00e0 un large public francophone et couvre l\u2019information tunisienne en temps r\u00e9el.","email":"redac@webdo.tn","legalName":"YNJ SARL","foundingDate":"2010-09-06","numberOfEmployees":{"@type":"QuantitativeValue","minValue":"11","maxValue":"50"}},{"@type":"Person","@id":"https:\/\/www.webdo.tn\/fr\/#\/schema\/person\/6bc0beba2cd23aec27cb5df85ca2554f","name":"Hatem Bourial","image":{"@type":"ImageObject","inLanguage":"fr-FR","@id":"https:\/\/www.webdo.tn\/fr\/wp-content\/uploads\/2026\/04\/hatem-bourial_avatar-96x96.jpg","url":"https:\/\/www.webdo.tn\/fr\/wp-content\/uploads\/2026\/04\/hatem-bourial_avatar-96x96.jpg","contentUrl":"https:\/\/www.webdo.tn\/fr\/wp-content\/uploads\/2026\/04\/hatem-bourial_avatar-96x96.jpg","caption":"Hatem Bourial"},"description":"Hatem Bourial est journaliste, \u00e9crivain et chroniqueur tunisien. Actif depuis plusieurs d\u00e9cennies, il s\u2019est impos\u00e9 comme un observateur attentif de la soci\u00e9t\u00e9 tunisienne, m\u00ealant dans ses \u00e9crits m\u00e9moire, culture et analyse du quotidien. Auteur de nombreux ouvrages, il d\u00e9veloppe une \u0153uvre \u00e0 la crois\u00e9e du r\u00e9cit, de la po\u00e9sie et de l\u2019observation sociologique. Parall\u00e8lement \u00e0 ses contributions dans la presse, il intervient r\u00e9guli\u00e8rement \u00e0 la radio et dans des espaces culturels, o\u00f9 il explore les enjeux li\u00e9s au patrimoine, \u00e0 l\u2019identit\u00e9 et aux transformations du monde contemporain. \u00c0 travers ses chroniques, Hatem Bourial propose une lecture sensible et approfondie de l\u2019actualit\u00e9, nourrie par une exp\u00e9rience journalistique et litt\u00e9raire reconnue. \ud83d\udd17 Facebook : https:\/\/www.facebook.com\/hatem.bourial.2025","sameAs":["https:\/\/www.facebook.com\/hatem.bourial.2025","https:\/\/fr.wikipedia.org\/wiki\/Fichier:Hatem_Bourial.jpg"],"knowsAbout":["Culture & patrimoine tunisien","Chronique soci\u00e9tale","Litt\u00e9rature & m\u00e9moire","Cin\u00e9ma & critique culturelle","Identit\u00e9 & mutations sociales"],"knowsLanguage":["Arabe","Fran\u00e7ais","Anglais","Italien","Polonais"],"jobTitle":"Journaliste, \u00e9crivain et chroniqueur culturel","worksFor":"Webdo","url":"https:\/\/www.webdo.tn\/fr\/actualite\/author\/hatem-bourial-2\/"}]}},"_links":{"self":[{"href":"https:\/\/www.webdo.tn\/fr\/wp-json\/wp\/v2\/posts\/207591","targetHints":{"allow":["GET"]}}],"collection":[{"href":"https:\/\/www.webdo.tn\/fr\/wp-json\/wp\/v2\/posts"}],"about":[{"href":"https:\/\/www.webdo.tn\/fr\/wp-json\/wp\/v2\/types\/post"}],"author":[{"embeddable":true,"href":"https:\/\/www.webdo.tn\/fr\/wp-json\/wp\/v2\/users\/3229"}],"replies":[{"embeddable":true,"href":"https:\/\/www.webdo.tn\/fr\/wp-json\/wp\/v2\/comments?post=207591"}],"version-history":[{"count":0,"href":"https:\/\/www.webdo.tn\/fr\/wp-json\/wp\/v2\/posts\/207591\/revisions"}],"wp:featuredmedia":[{"embeddable":true,"href":"https:\/\/www.webdo.tn\/fr\/wp-json\/wp\/v2\/media\/249660"}],"wp:attachment":[{"href":"https:\/\/www.webdo.tn\/fr\/wp-json\/wp\/v2\/media?parent=207591"}],"wp:term":[{"taxonomy":"category","embeddable":true,"href":"https:\/\/www.webdo.tn\/fr\/wp-json\/wp\/v2\/categories?post=207591"},{"taxonomy":"post_tag","embeddable":true,"href":"https:\/\/www.webdo.tn\/fr\/wp-json\/wp\/v2\/tags?post=207591"}],"curies":[{"name":"wp","href":"https:\/\/api.w.org\/{rel}","templated":true}]}}