{"id":207588,"date":"2023-07-29T10:09:00","date_gmt":"2023-07-29T10:09:00","guid":{"rendered":"https:\/\/www.webdo.tn\/fr\/blog\/l-ambassadeur-des-etats-unis-en-visite-a-sousse-et-a-monastir\/207588\/"},"modified":"2025-05-20T21:58:07","modified_gmt":"2025-05-20T21:58:07","slug":"l-ambassadeur-des-etats-unis-en-visite-a-sousse-et-a-monastir","status":"publish","type":"post","link":"https:\/\/www.webdo.tn\/fr\/actualite\/national\/l-ambassadeur-des-etats-unis-en-visite-a-sousse-et-a-monastir\/207588\/","title":{"rendered":"L\u2019ambassadeur des Etats-Unis en visite \u00e0 Sousse et \u00e0 Monastir"},"content":{"rendered":"<p>L&rsquo;ambassadeur des Etats-Unis, Joey Hood a effectu\u00e9 une visite de deux jours \u00e0 Sousse et Monastir o\u00f9 il s&rsquo;est entretenu avec des responsables locaux, des partenaires et des participants \u00e0 des initiatives parrain\u00e9es par les Etats-Unis.<\/p>\n<p>\t\t\t\t\t\t\t\t\tL&rsquo;ambassadeur Joey Hood s&rsquo;est rendu \u00e0 Sousse et \u00e0 Monastir les 27 et 28 juillet. Au cours de sa visite, il a rencontr\u00e9 des fonctionnaires locaux, des innovateurs dans le domaine des technologies de l&rsquo;information et des affaires, des entrepreneurs, des agriculteurs, des anciens participants aux programmes d&rsquo;\u00e9change parrain\u00e9s par le gouvernement am\u00e9ricain et d&rsquo;autres b\u00e9n\u00e9ficiaires de l&rsquo;aide am\u00e9ricaine. \u00a0<\/p>\n<p>Il a soulign\u00e9 l&rsquo;engagement du gouvernement am\u00e9ricain \u00e0 soutenir la croissance du secteur priv\u00e9 par l&rsquo;entrepreneuriat et l&rsquo;adaptation au changement climatique. \u00a0<\/p>\n<p>Au cours de son d\u00e9placement, l&rsquo;ambassadeur Hood a rencontr\u00e9 le gouverneur de Sousse, Nabil Ferjani, et le gouverneur de Monastir, Mondher Ben Sik Ali, afin de conna\u00eetre leurs objectifs pour l&rsquo;\u00e9conomie locale, ainsi que les atouts \u00e9conomiques de la r\u00e9gion et les domaines susceptibles de faire l&rsquo;objet d&rsquo;une collaboration future.<\/p>\n<p>Il a \u00e9galement visit\u00e9 le Bureau de Probation de Sousse.\u00a0 Dans le cadre de son partenariat de longue date avec le minist\u00e8re de la Justice, l&rsquo;ambassade a apport\u00e9 son soutien \u00e0 la cr\u00e9ation de ce programme, qui offre des alternatives \u00e0 l&rsquo;incarc\u00e9ration pour aider \u00e0 r\u00e9habiliter les prisonniers, ainsi que pour r\u00e9duire la r\u00e9cidive et la surpopulation carc\u00e9rale.<\/p>\n<p>A Sousse, l&rsquo;ambassadeur Hood a \u00e9galement rencontr\u00e9 des \u00e9tudiants du centre de formation du minist\u00e8re de l&rsquo;Agriculture \u00e0 Chott Meriem et a visit\u00e9 une serre hydroponique ultramoderne, la premi\u00e8re de ce type en Tunisie.\u00a0 Cette serre hors-sol, financ\u00e9e par le gouvernement am\u00e9ricain, utilise 90 % d&rsquo;eau en moins, double le rendement et produit des r\u00e9coltes plus saines de laitues, de tomates, de haricots et de fraises. \u00a0<\/p>\n<p>L&rsquo;ambassadeur a visit\u00e9 Novation City, un centre informatique, commercial et industriel innovant, et a rencontr\u00e9 des propri\u00e9taires d&rsquo;entreprises et des entrepreneurs en herbe.\u00a0 Il a \u00e9galement particip\u00e9 \u00e0 une discussion anim\u00e9e avec d&rsquo;anciens \u00e9tudiants de programmes financ\u00e9s par le gouvernement am\u00e9ricain dans la r\u00e9gion, y compris des fondateurs de start-ups locales et des dirigeants de la communaut\u00e9 qui travaillent pour promouvoir les opportunit\u00e9s \u00e0 Sousse.<\/p>\n<p>A Monastir, l&rsquo;ambassadeur Hood a visit\u00e9 les entreprises textiles locales Yousstex International et Yousstex Wash, qui ont b\u00e9n\u00e9fici\u00e9 de l&rsquo;aide du gouvernement am\u00e9ricain pour am\u00e9liorer leur efficacit\u00e9. \u00a0<\/p>\n<p>Ces entreprises constituent deux exemples des plus de 49.000 petites entreprises tunisiennes \u00e0 travers le pays avec lesquelles le gouvernement am\u00e9ricain a travaill\u00e9 pour augmenter les ventes de plus de 610 millions de dollars, accro\u00eetre les exportations de plus de 243 millions de dollars, garantir 280 millions de dollars de nouveaux pr\u00eats, attirer 137 millions de dollars d&rsquo;investissements et cr\u00e9er plus de 56.000 nouveaux emplois.<\/p>\n","protected":false},"excerpt":{"rendered":"<p>L&rsquo;ambassadeur des Etats-Unis, Joey Hood a effectu\u00e9 une visite de deux jours \u00e0 Sousse et Monastir o\u00f9 il s&rsquo;est entretenu avec des responsables locaux, des partena&#8230;<\/p>\n","protected":false},"author":3162,"featured_media":249659,"comment_status":"open","ping_status":"closed","sticky":false,"template":"","format":"standard","meta":{"footnotes":""},"categories":[44],"tags":[3999,3035,4128,2692,2699],"class_list":["post-207588","post","type-post","status-publish","format-standard","has-post-thumbnail","hentry","category-national","tag-ambassadeur","tag-etats-unis","tag-joey-hood","tag-monastir","tag-sousse"],"yoast_head":"<!-- This site is optimized with the Yoast SEO Premium plugin v27.5 (Yoast SEO v27.5) - https:\/\/yoast.com\/product\/yoast-seo-premium-wordpress\/ -->\n<title>L\u2019ambassadeur des Etats-Unis en visite \u00e0 Sousse et \u00e0 Monastir<\/title>\n<meta name=\"description\" content=\"L&#039;ambassadeur des Etats-Unis, Joey Hood a effectu\u00e9 une visite de deux jours \u00e0 Sousse et Monastir o\u00f9 il s&#039;est entretenu avec des responsables locaux, des partena...\" \/>\n<link rel=\"canonical\" href=\"https:\/\/www.webdo.tn\/fr\/actualite\/national\/l-ambassadeur-des-etats-unis-en-visite-a-sousse-et-a-monastir\/207588\/\" \/>\n<meta property=\"og:locale\" content=\"fr_FR\" \/>\n<meta property=\"og:type\" content=\"article\" \/>\n<meta property=\"og:title\" content=\"L\u2019ambassadeur des Etats-Unis en visite \u00e0 Sousse et \u00e0 Monastir\" \/>\n<meta property=\"og:description\" content=\"L&#039;ambassadeur des Etats-Unis, Joey Hood a effectu\u00e9 une visite de deux jours \u00e0 Sousse et Monastir o\u00f9 il s&#039;est entretenu avec des responsables locaux, des partena...\" \/>\n<meta property=\"og:url\" content=\"https:\/\/www.webdo.tn\/fr\/actualite\/national\/l-ambassadeur-des-etats-unis-en-visite-a-sousse-et-a-monastir\/207588\/\" \/>\n<meta property=\"og:site_name\" content=\"webdo\" \/>\n<meta property=\"article:publisher\" content=\"https:\/\/www.facebook.com\/webdotn\" \/>\n<meta property=\"article:published_time\" content=\"2023-07-29T10:09:00+00:00\" \/>\n<meta property=\"article:modified_time\" content=\"2025-05-20T21:58:07+00:00\" \/>\n<meta property=\"og:image\" content=\"https:\/\/www.webdo.tn\/fr\/wp-content\/uploads\/2023\/07\/e89fd7d1611c93861f4b28d416bf5d4f.jpeg\" \/>\n\t<meta property=\"og:image:width\" content=\"750\" \/>\n\t<meta property=\"og:image:height\" content=\"400\" \/>\n\t<meta property=\"og:image:type\" content=\"image\/jpeg\" \/>\n<meta name=\"author\" content=\"MC\" \/>\n<meta name=\"twitter:card\" content=\"summary_large_image\" \/>\n<meta name=\"twitter:creator\" content=\"@webdo_tn\" \/>\n<meta name=\"twitter:site\" content=\"@webdo_tn\" \/>\n<meta name=\"twitter:label1\" content=\"\u00c9crit par\" \/>\n\t<meta name=\"twitter:data1\" content=\"MC\" \/>\n\t<meta name=\"twitter:label2\" content=\"Dur\u00e9e de lecture estim\u00e9e\" \/>\n\t<meta name=\"twitter:data2\" content=\"2 minutes\" \/>\n<script type=\"application\/ld+json\" class=\"yoast-schema-graph\">{\"@context\":\"https:\\\/\\\/schema.org\",\"@graph\":[{\"@type\":\"NewsArticle\",\"@id\":\"https:\\\/\\\/www.webdo.tn\\\/fr\\\/actualite\\\/national\\\/l-ambassadeur-des-etats-unis-en-visite-a-sousse-et-a-monastir\\\/207588\\\/#article\",\"isPartOf\":{\"@id\":\"https:\\\/\\\/www.webdo.tn\\\/fr\\\/actualite\\\/national\\\/l-ambassadeur-des-etats-unis-en-visite-a-sousse-et-a-monastir\\\/207588\\\/\"},\"author\":{\"name\":\"MC\",\"@id\":\"https:\\\/\\\/www.webdo.tn\\\/fr\\\/#\\\/schema\\\/person\\\/2c4929cbf5a809e3bd38617c6ce150f6\"},\"headline\":\"L\u2019ambassadeur des Etats-Unis en visite \u00e0 Sousse et \u00e0 Monastir\",\"datePublished\":\"2023-07-29T10:09:00+00:00\",\"dateModified\":\"2025-05-20T21:58:07+00:00\",\"mainEntityOfPage\":{\"@id\":\"https:\\\/\\\/www.webdo.tn\\\/fr\\\/actualite\\\/national\\\/l-ambassadeur-des-etats-unis-en-visite-a-sousse-et-a-monastir\\\/207588\\\/\"},\"wordCount\":496,\"commentCount\":0,\"publisher\":{\"@id\":\"https:\\\/\\\/www.webdo.tn\\\/fr\\\/#organization\"},\"image\":{\"@id\":\"https:\\\/\\\/www.webdo.tn\\\/fr\\\/actualite\\\/national\\\/l-ambassadeur-des-etats-unis-en-visite-a-sousse-et-a-monastir\\\/207588\\\/#primaryimage\"},\"thumbnailUrl\":\"https:\\\/\\\/www.webdo.tn\\\/fr\\\/wp-content\\\/uploads\\\/2023\\\/07\\\/e89fd7d1611c93861f4b28d416bf5d4f.jpeg\",\"keywords\":[\"Ambassadeur\",\"Etats-Unis\",\"Joey Hood\",\"Monastir\",\"Sousse\"],\"articleSection\":[\"National\"],\"inLanguage\":\"fr-FR\"},{\"@type\":\"WebPage\",\"@id\":\"https:\\\/\\\/www.webdo.tn\\\/fr\\\/actualite\\\/national\\\/l-ambassadeur-des-etats-unis-en-visite-a-sousse-et-a-monastir\\\/207588\\\/\",\"url\":\"https:\\\/\\\/www.webdo.tn\\\/fr\\\/actualite\\\/national\\\/l-ambassadeur-des-etats-unis-en-visite-a-sousse-et-a-monastir\\\/207588\\\/\",\"name\":\"L\u2019ambassadeur des Etats-Unis en visite \u00e0 Sousse et \u00e0 Monastir\",\"isPartOf\":{\"@id\":\"https:\\\/\\\/www.webdo.tn\\\/fr\\\/#website\"},\"primaryImageOfPage\":{\"@id\":\"https:\\\/\\\/www.webdo.tn\\\/fr\\\/actualite\\\/national\\\/l-ambassadeur-des-etats-unis-en-visite-a-sousse-et-a-monastir\\\/207588\\\/#primaryimage\"},\"image\":{\"@id\":\"https:\\\/\\\/www.webdo.tn\\\/fr\\\/actualite\\\/national\\\/l-ambassadeur-des-etats-unis-en-visite-a-sousse-et-a-monastir\\\/207588\\\/#primaryimage\"},\"thumbnailUrl\":\"https:\\\/\\\/www.webdo.tn\\\/fr\\\/wp-content\\\/uploads\\\/2023\\\/07\\\/e89fd7d1611c93861f4b28d416bf5d4f.jpeg\",\"datePublished\":\"2023-07-29T10:09:00+00:00\",\"dateModified\":\"2025-05-20T21:58:07+00:00\",\"description\":\"L'ambassadeur des Etats-Unis, Joey Hood a effectu\u00e9 une visite de deux jours \u00e0 Sousse et Monastir o\u00f9 il s'est entretenu avec des responsables locaux, des partena...\",\"breadcrumb\":{\"@id\":\"https:\\\/\\\/www.webdo.tn\\\/fr\\\/actualite\\\/national\\\/l-ambassadeur-des-etats-unis-en-visite-a-sousse-et-a-monastir\\\/207588\\\/#breadcrumb\"},\"inLanguage\":\"fr-FR\",\"potentialAction\":[{\"@type\":\"ReadAction\",\"target\":[\"https:\\\/\\\/www.webdo.tn\\\/fr\\\/actualite\\\/national\\\/l-ambassadeur-des-etats-unis-en-visite-a-sousse-et-a-monastir\\\/207588\\\/\"]}]},{\"@type\":\"ImageObject\",\"inLanguage\":\"fr-FR\",\"@id\":\"https:\\\/\\\/www.webdo.tn\\\/fr\\\/actualite\\\/national\\\/l-ambassadeur-des-etats-unis-en-visite-a-sousse-et-a-monastir\\\/207588\\\/#primaryimage\",\"url\":\"https:\\\/\\\/www.webdo.tn\\\/fr\\\/wp-content\\\/uploads\\\/2023\\\/07\\\/e89fd7d1611c93861f4b28d416bf5d4f.jpeg\",\"contentUrl\":\"https:\\\/\\\/www.webdo.tn\\\/fr\\\/wp-content\\\/uploads\\\/2023\\\/07\\\/e89fd7d1611c93861f4b28d416bf5d4f.jpeg\",\"width\":750,\"height\":400,\"caption\":\"L\u2019ambassadeur des Etats-Unis en visite \u00e0 Sousse et \u00e0 Monastir\"},{\"@type\":\"BreadcrumbList\",\"@id\":\"https:\\\/\\\/www.webdo.tn\\\/fr\\\/actualite\\\/national\\\/l-ambassadeur-des-etats-unis-en-visite-a-sousse-et-a-monastir\\\/207588\\\/#breadcrumb\",\"itemListElement\":[{\"@type\":\"ListItem\",\"position\":1,\"name\":\"Accueil\",\"item\":\"https:\\\/\\\/www.webdo.tn\\\/fr\\\/\"},{\"@type\":\"ListItem\",\"position\":2,\"name\":\"L\u2019ambassadeur des Etats-Unis en visite \u00e0 Sousse et \u00e0 Monastir\"}]},{\"@type\":\"WebSite\",\"@id\":\"https:\\\/\\\/www.webdo.tn\\\/fr\\\/#website\",\"url\":\"https:\\\/\\\/www.webdo.tn\\\/fr\\\/\",\"name\":\"webdo\",\"description\":\"Tunisie - News en Tunisie et \u00e0 l&#039;international sur Webdo.tn\",\"publisher\":{\"@id\":\"https:\\\/\\\/www.webdo.tn\\\/fr\\\/#organization\"},\"potentialAction\":[{\"@type\":\"SearchAction\",\"target\":{\"@type\":\"EntryPoint\",\"urlTemplate\":\"https:\\\/\\\/www.webdo.tn\\\/fr\\\/?s={search_term_string}\"},\"query-input\":{\"@type\":\"PropertyValueSpecification\",\"valueRequired\":true,\"valueName\":\"search_term_string\"}}],\"inLanguage\":\"fr-FR\"},{\"@type\":\"Organization\",\"@id\":\"https:\\\/\\\/www.webdo.tn\\\/fr\\\/#organization\",\"name\":\"Webdo\",\"alternateName\":\"Webdo.tn\",\"url\":\"https:\\\/\\\/www.webdo.tn\\\/fr\\\/\",\"logo\":{\"@type\":\"ImageObject\",\"inLanguage\":\"fr-FR\",\"@id\":\"https:\\\/\\\/www.webdo.tn\\\/fr\\\/#\\\/schema\\\/logo\\\/image\\\/\",\"url\":\"https:\\\/\\\/www.webdo.tn\\\/fr\\\/wp-content\\\/uploads\\\/2025\\\/06\\\/Webdo-Tunisie_168377.jpg\",\"contentUrl\":\"https:\\\/\\\/www.webdo.tn\\\/fr\\\/wp-content\\\/uploads\\\/2025\\\/06\\\/Webdo-Tunisie_168377.jpg\",\"width\":301,\"height\":301,\"caption\":\"Webdo\"},\"image\":{\"@id\":\"https:\\\/\\\/www.webdo.tn\\\/fr\\\/#\\\/schema\\\/logo\\\/image\\\/\"},\"sameAs\":[\"https:\\\/\\\/www.facebook.com\\\/webdotn\",\"https:\\\/\\\/x.com\\\/webdo_tn\"],\"description\":\"Webdo est un m\u00e9dia num\u00e9rique tunisien fond\u00e9 en 2010, sp\u00e9cialis\u00e9 dans l\u2019actualit\u00e9 nationale et internationale, l\u2019\u00e9conomie, la soci\u00e9t\u00e9 et les analyses politiques. Le site s\u2019adresse \u00e0 un large public francophone et couvre l\u2019information tunisienne en temps r\u00e9el.\",\"email\":\"redac@webdo.tn\",\"legalName\":\"YNJ SARL\",\"foundingDate\":\"2010-09-06\",\"numberOfEmployees\":{\"@type\":\"QuantitativeValue\",\"minValue\":\"11\",\"maxValue\":\"50\"}},{\"@type\":\"Person\",\"@id\":\"https:\\\/\\\/www.webdo.tn\\\/fr\\\/#\\\/schema\\\/person\\\/2c4929cbf5a809e3bd38617c6ce150f6\",\"name\":\"MC\",\"image\":{\"@type\":\"ImageObject\",\"inLanguage\":\"fr-FR\",\"@id\":\"https:\\\/\\\/secure.gravatar.com\\\/avatar\\\/a545bbb6f84efdd5553dbbc2895e3ca8f1d12c5215e00a041c9670b54aa9b18a?s=96&d=mm&r=g\",\"url\":\"https:\\\/\\\/secure.gravatar.com\\\/avatar\\\/a545bbb6f84efdd5553dbbc2895e3ca8f1d12c5215e00a041c9670b54aa9b18a?s=96&d=mm&r=g\",\"contentUrl\":\"https:\\\/\\\/secure.gravatar.com\\\/avatar\\\/a545bbb6f84efdd5553dbbc2895e3ca8f1d12c5215e00a041c9670b54aa9b18a?s=96&d=mm&r=g\",\"caption\":\"MC\"},\"url\":\"https:\\\/\\\/www.webdo.tn\\\/fr\\\/actualite\\\/author\\\/mc\\\/\"}]}<\/script>\n<!-- \/ Yoast SEO Premium plugin. -->","yoast_head_json":{"title":"L\u2019ambassadeur des Etats-Unis en visite \u00e0 Sousse et \u00e0 Monastir","description":"L'ambassadeur des Etats-Unis, Joey Hood a effectu\u00e9 une visite de deux jours \u00e0 Sousse et Monastir o\u00f9 il s'est entretenu avec des responsables locaux, des partena...","canonical":"https:\/\/www.webdo.tn\/fr\/actualite\/national\/l-ambassadeur-des-etats-unis-en-visite-a-sousse-et-a-monastir\/207588\/","og_locale":"fr_FR","og_type":"article","og_title":"L\u2019ambassadeur des Etats-Unis en visite \u00e0 Sousse et \u00e0 Monastir","og_description":"L'ambassadeur des Etats-Unis, Joey Hood a effectu\u00e9 une visite de deux jours \u00e0 Sousse et Monastir o\u00f9 il s'est entretenu avec des responsables locaux, des partena...","og_url":"https:\/\/www.webdo.tn\/fr\/actualite\/national\/l-ambassadeur-des-etats-unis-en-visite-a-sousse-et-a-monastir\/207588\/","og_site_name":"webdo","article_publisher":"https:\/\/www.facebook.com\/webdotn","article_published_time":"2023-07-29T10:09:00+00:00","article_modified_time":"2025-05-20T21:58:07+00:00","og_image":[{"width":750,"height":400,"url":"https:\/\/www.webdo.tn\/fr\/wp-content\/uploads\/2023\/07\/e89fd7d1611c93861f4b28d416bf5d4f.jpeg","type":"image\/jpeg"}],"author":"MC","twitter_card":"summary_large_image","twitter_creator":"@webdo_tn","twitter_site":"@webdo_tn","twitter_misc":{"\u00c9crit par":"MC","Dur\u00e9e de lecture estim\u00e9e":"2 minutes"},"schema":{"@context":"https:\/\/schema.org","@graph":[{"@type":"NewsArticle","@id":"https:\/\/www.webdo.tn\/fr\/actualite\/national\/l-ambassadeur-des-etats-unis-en-visite-a-sousse-et-a-monastir\/207588\/#article","isPartOf":{"@id":"https:\/\/www.webdo.tn\/fr\/actualite\/national\/l-ambassadeur-des-etats-unis-en-visite-a-sousse-et-a-monastir\/207588\/"},"author":{"name":"MC","@id":"https:\/\/www.webdo.tn\/fr\/#\/schema\/person\/2c4929cbf5a809e3bd38617c6ce150f6"},"headline":"L\u2019ambassadeur des Etats-Unis en visite \u00e0 Sousse et \u00e0 Monastir","datePublished":"2023-07-29T10:09:00+00:00","dateModified":"2025-05-20T21:58:07+00:00","mainEntityOfPage":{"@id":"https:\/\/www.webdo.tn\/fr\/actualite\/national\/l-ambassadeur-des-etats-unis-en-visite-a-sousse-et-a-monastir\/207588\/"},"wordCount":496,"commentCount":0,"publisher":{"@id":"https:\/\/www.webdo.tn\/fr\/#organization"},"image":{"@id":"https:\/\/www.webdo.tn\/fr\/actualite\/national\/l-ambassadeur-des-etats-unis-en-visite-a-sousse-et-a-monastir\/207588\/#primaryimage"},"thumbnailUrl":"https:\/\/www.webdo.tn\/fr\/wp-content\/uploads\/2023\/07\/e89fd7d1611c93861f4b28d416bf5d4f.jpeg","keywords":["Ambassadeur","Etats-Unis","Joey Hood","Monastir","Sousse"],"articleSection":["National"],"inLanguage":"fr-FR"},{"@type":"WebPage","@id":"https:\/\/www.webdo.tn\/fr\/actualite\/national\/l-ambassadeur-des-etats-unis-en-visite-a-sousse-et-a-monastir\/207588\/","url":"https:\/\/www.webdo.tn\/fr\/actualite\/national\/l-ambassadeur-des-etats-unis-en-visite-a-sousse-et-a-monastir\/207588\/","name":"L\u2019ambassadeur des Etats-Unis en visite \u00e0 Sousse et \u00e0 Monastir","isPartOf":{"@id":"https:\/\/www.webdo.tn\/fr\/#website"},"primaryImageOfPage":{"@id":"https:\/\/www.webdo.tn\/fr\/actualite\/national\/l-ambassadeur-des-etats-unis-en-visite-a-sousse-et-a-monastir\/207588\/#primaryimage"},"image":{"@id":"https:\/\/www.webdo.tn\/fr\/actualite\/national\/l-ambassadeur-des-etats-unis-en-visite-a-sousse-et-a-monastir\/207588\/#primaryimage"},"thumbnailUrl":"https:\/\/www.webdo.tn\/fr\/wp-content\/uploads\/2023\/07\/e89fd7d1611c93861f4b28d416bf5d4f.jpeg","datePublished":"2023-07-29T10:09:00+00:00","dateModified":"2025-05-20T21:58:07+00:00","description":"L'ambassadeur des Etats-Unis, Joey Hood a effectu\u00e9 une visite de deux jours \u00e0 Sousse et Monastir o\u00f9 il s'est entretenu avec des responsables locaux, des partena...","breadcrumb":{"@id":"https:\/\/www.webdo.tn\/fr\/actualite\/national\/l-ambassadeur-des-etats-unis-en-visite-a-sousse-et-a-monastir\/207588\/#breadcrumb"},"inLanguage":"fr-FR","potentialAction":[{"@type":"ReadAction","target":["https:\/\/www.webdo.tn\/fr\/actualite\/national\/l-ambassadeur-des-etats-unis-en-visite-a-sousse-et-a-monastir\/207588\/"]}]},{"@type":"ImageObject","inLanguage":"fr-FR","@id":"https:\/\/www.webdo.tn\/fr\/actualite\/national\/l-ambassadeur-des-etats-unis-en-visite-a-sousse-et-a-monastir\/207588\/#primaryimage","url":"https:\/\/www.webdo.tn\/fr\/wp-content\/uploads\/2023\/07\/e89fd7d1611c93861f4b28d416bf5d4f.jpeg","contentUrl":"https:\/\/www.webdo.tn\/fr\/wp-content\/uploads\/2023\/07\/e89fd7d1611c93861f4b28d416bf5d4f.jpeg","width":750,"height":400,"caption":"L\u2019ambassadeur des Etats-Unis en visite \u00e0 Sousse et \u00e0 Monastir"},{"@type":"BreadcrumbList","@id":"https:\/\/www.webdo.tn\/fr\/actualite\/national\/l-ambassadeur-des-etats-unis-en-visite-a-sousse-et-a-monastir\/207588\/#breadcrumb","itemListElement":[{"@type":"ListItem","position":1,"name":"Accueil","item":"https:\/\/www.webdo.tn\/fr\/"},{"@type":"ListItem","position":2,"name":"L\u2019ambassadeur des Etats-Unis en visite \u00e0 Sousse et \u00e0 Monastir"}]},{"@type":"WebSite","@id":"https:\/\/www.webdo.tn\/fr\/#website","url":"https:\/\/www.webdo.tn\/fr\/","name":"webdo","description":"Tunisie - News en Tunisie et \u00e0 l&#039;international sur Webdo.tn","publisher":{"@id":"https:\/\/www.webdo.tn\/fr\/#organization"},"potentialAction":[{"@type":"SearchAction","target":{"@type":"EntryPoint","urlTemplate":"https:\/\/www.webdo.tn\/fr\/?s={search_term_string}"},"query-input":{"@type":"PropertyValueSpecification","valueRequired":true,"valueName":"search_term_string"}}],"inLanguage":"fr-FR"},{"@type":"Organization","@id":"https:\/\/www.webdo.tn\/fr\/#organization","name":"Webdo","alternateName":"Webdo.tn","url":"https:\/\/www.webdo.tn\/fr\/","logo":{"@type":"ImageObject","inLanguage":"fr-FR","@id":"https:\/\/www.webdo.tn\/fr\/#\/schema\/logo\/image\/","url":"https:\/\/www.webdo.tn\/fr\/wp-content\/uploads\/2025\/06\/Webdo-Tunisie_168377.jpg","contentUrl":"https:\/\/www.webdo.tn\/fr\/wp-content\/uploads\/2025\/06\/Webdo-Tunisie_168377.jpg","width":301,"height":301,"caption":"Webdo"},"image":{"@id":"https:\/\/www.webdo.tn\/fr\/#\/schema\/logo\/image\/"},"sameAs":["https:\/\/www.facebook.com\/webdotn","https:\/\/x.com\/webdo_tn"],"description":"Webdo est un m\u00e9dia num\u00e9rique tunisien fond\u00e9 en 2010, sp\u00e9cialis\u00e9 dans l\u2019actualit\u00e9 nationale et internationale, l\u2019\u00e9conomie, la soci\u00e9t\u00e9 et les analyses politiques. Le site s\u2019adresse \u00e0 un large public francophone et couvre l\u2019information tunisienne en temps r\u00e9el.","email":"redac@webdo.tn","legalName":"YNJ SARL","foundingDate":"2010-09-06","numberOfEmployees":{"@type":"QuantitativeValue","minValue":"11","maxValue":"50"}},{"@type":"Person","@id":"https:\/\/www.webdo.tn\/fr\/#\/schema\/person\/2c4929cbf5a809e3bd38617c6ce150f6","name":"MC","image":{"@type":"ImageObject","inLanguage":"fr-FR","@id":"https:\/\/secure.gravatar.com\/avatar\/a545bbb6f84efdd5553dbbc2895e3ca8f1d12c5215e00a041c9670b54aa9b18a?s=96&d=mm&r=g","url":"https:\/\/secure.gravatar.com\/avatar\/a545bbb6f84efdd5553dbbc2895e3ca8f1d12c5215e00a041c9670b54aa9b18a?s=96&d=mm&r=g","contentUrl":"https:\/\/secure.gravatar.com\/avatar\/a545bbb6f84efdd5553dbbc2895e3ca8f1d12c5215e00a041c9670b54aa9b18a?s=96&d=mm&r=g","caption":"MC"},"url":"https:\/\/www.webdo.tn\/fr\/actualite\/author\/mc\/"}]}},"_links":{"self":[{"href":"https:\/\/www.webdo.tn\/fr\/wp-json\/wp\/v2\/posts\/207588","targetHints":{"allow":["GET"]}}],"collection":[{"href":"https:\/\/www.webdo.tn\/fr\/wp-json\/wp\/v2\/posts"}],"about":[{"href":"https:\/\/www.webdo.tn\/fr\/wp-json\/wp\/v2\/types\/post"}],"author":[{"embeddable":true,"href":"https:\/\/www.webdo.tn\/fr\/wp-json\/wp\/v2\/users\/3162"}],"replies":[{"embeddable":true,"href":"https:\/\/www.webdo.tn\/fr\/wp-json\/wp\/v2\/comments?post=207588"}],"version-history":[{"count":0,"href":"https:\/\/www.webdo.tn\/fr\/wp-json\/wp\/v2\/posts\/207588\/revisions"}],"wp:featuredmedia":[{"embeddable":true,"href":"https:\/\/www.webdo.tn\/fr\/wp-json\/wp\/v2\/media\/249659"}],"wp:attachment":[{"href":"https:\/\/www.webdo.tn\/fr\/wp-json\/wp\/v2\/media?parent=207588"}],"wp:term":[{"taxonomy":"category","embeddable":true,"href":"https:\/\/www.webdo.tn\/fr\/wp-json\/wp\/v2\/categories?post=207588"},{"taxonomy":"post_tag","embeddable":true,"href":"https:\/\/www.webdo.tn\/fr\/wp-json\/wp\/v2\/tags?post=207588"}],"curies":[{"name":"wp","href":"https:\/\/api.w.org\/{rel}","templated":true}]}}