{"id":207578,"date":"2023-07-28T20:35:00","date_gmt":"2023-07-28T20:35:00","guid":{"rendered":"https:\/\/www.webdo.tn\/fr\/blog\/l-arp-appelle-le-gouvernement-a-activer-la-diplomatie-economique-en-afrique\/207578\/"},"modified":"2023-07-28T20:35:00","modified_gmt":"2023-07-28T20:35:00","slug":"l-arp-appelle-le-gouvernement-a-activer-la-diplomatie-economique-en-afrique","status":"publish","type":"post","link":"https:\/\/www.webdo.tn\/fr\/actualite\/national\/l-arp-appelle-le-gouvernement-a-activer-la-diplomatie-economique-en-afrique\/207578\/","title":{"rendered":"L&rsquo;ARP appelle le gouvernement \u00e0 activer la diplomatie \u00e9conomique en Afrique"},"content":{"rendered":"<p>Les repr\u00e9sentants du peuple ont appel\u00e9, ce vendredi 28 juillet 2023, le gouvernement \u00e0 renforcer la position de la Tunisie sur le march\u00e9 africain, et ce afin de concurrencer la Chine, de la Turquie et du Maroc.<\/p>\n<p>\t\t\t\t\t\t\t\t\tEn ce sens, les \u00e9lus ont appelent \u00e0 activer la diplomatie \u00e9conomique,\u00a0afin d&rsquo;aider les hommes d&rsquo;affaires \u00e0 conqu\u00e9rir ce march\u00e9, en marge d&rsquo;une s\u00e9ance pl\u00e9ni\u00e8re, tenue pour examiner le projet de loi organique relative \u00e0 l&rsquo;approbation de l&rsquo;adh\u00e9sion de la R\u00e9publique tunisienne \u00e0 l&rsquo;accord institutif de l&rsquo;Africa Finance Corporation (AFC).<\/p>\n<p>De plus, les \u00e9lus ont recommand\u00e9 d&rsquo;acc\u00e9l\u00e9rer la r\u00e9vision du Code de change et de permettre aux banques tunisiennes d&rsquo;investir dans les capitaux des banques africaines. En ce sens, l&rsquo;une des propositons consistait \u00e0 ce que les\u00a0soci\u00e9t\u00e9s tunisiennes exportatrices recrutent\u00a0des dipl\u00f4m\u00e9s africains, qui ont \u00e9tudi\u00e9 en Tunisie, afin de les aider \u00e0 conqu\u00e9rir ce march\u00e9.<\/p>\n","protected":false},"excerpt":{"rendered":"<p>Les repr\u00e9sentants du peuple ont appel\u00e9, ce vendredi 28 juillet 2023, le gouvernement \u00e0 renforcer la position de la Tunisie sur le march\u00e9 africain, et ce afin de&#8230;<\/p>\n","protected":false},"author":3169,"featured_media":249656,"comment_status":"open","ping_status":"closed","sticky":false,"template":"","format":"standard","meta":{"footnotes":""},"categories":[44],"tags":[3046,2990,3154,2608],"class_list":["post-207578","post","type-post","status-publish","format-standard","has-post-thumbnail","hentry","category-national","tag-afrique","tag-diplomatie","tag-economie","tag-tunisie"],"yoast_head":"<!-- This site is optimized with the Yoast SEO Premium plugin v27.4 (Yoast SEO v27.5) - https:\/\/yoast.com\/product\/yoast-seo-premium-wordpress\/ -->\n<title>L&#039;ARP appelle le gouvernement \u00e0 activer la diplomatie \u00e9conomique en Afrique<\/title>\n<meta name=\"description\" content=\"Les repr\u00e9sentants du peuple ont appel\u00e9, ce vendredi 28 juillet 2023, le gouvernement \u00e0 renforcer la position de la Tunisie sur le march\u00e9 africain, et ce afin de...\" \/>\n<link rel=\"canonical\" href=\"https:\/\/www.webdo.tn\/fr\/actualite\/national\/l-arp-appelle-le-gouvernement-a-activer-la-diplomatie-economique-en-afrique\/207578\/\" \/>\n<meta property=\"og:locale\" content=\"fr_FR\" \/>\n<meta property=\"og:type\" content=\"article\" \/>\n<meta property=\"og:title\" content=\"L&#039;ARP appelle le gouvernement \u00e0 activer la diplomatie \u00e9conomique en Afrique\" \/>\n<meta property=\"og:description\" content=\"Les repr\u00e9sentants du peuple ont appel\u00e9, ce vendredi 28 juillet 2023, le gouvernement \u00e0 renforcer la position de la Tunisie sur le march\u00e9 africain, et ce afin de...\" \/>\n<meta property=\"og:url\" content=\"https:\/\/www.webdo.tn\/fr\/actualite\/national\/l-arp-appelle-le-gouvernement-a-activer-la-diplomatie-economique-en-afrique\/207578\/\" \/>\n<meta property=\"og:site_name\" content=\"webdo\" \/>\n<meta property=\"article:publisher\" content=\"https:\/\/www.facebook.com\/webdotn\" \/>\n<meta property=\"article:published_time\" content=\"2023-07-28T20:35:00+00:00\" \/>\n<meta property=\"og:image\" content=\"https:\/\/www.webdo.tn\/fr\/wp-content\/uploads\/2023\/07\/7594bc75093a289d6de309e0354b6d23.jpg\" \/>\n\t<meta property=\"og:image:width\" content=\"600\" \/>\n\t<meta property=\"og:image:height\" content=\"320\" \/>\n\t<meta property=\"og:image:type\" content=\"image\/jpeg\" \/>\n<meta name=\"author\" content=\"Webdo\" \/>\n<meta name=\"twitter:card\" content=\"summary_large_image\" \/>\n<meta name=\"twitter:creator\" content=\"@webdo_tn\" \/>\n<meta name=\"twitter:site\" content=\"@webdo_tn\" \/>\n<meta name=\"twitter:label1\" content=\"\u00c9crit par\" \/>\n\t<meta name=\"twitter:data1\" content=\"Webdo\" \/>\n\t<meta name=\"twitter:label2\" content=\"Dur\u00e9e de lecture estim\u00e9e\" \/>\n\t<meta name=\"twitter:data2\" content=\"1 minute\" \/>\n<script type=\"application\/ld+json\" class=\"yoast-schema-graph\">{\"@context\":\"https:\\\/\\\/schema.org\",\"@graph\":[{\"@type\":\"NewsArticle\",\"@id\":\"https:\\\/\\\/www.webdo.tn\\\/fr\\\/actualite\\\/national\\\/l-arp-appelle-le-gouvernement-a-activer-la-diplomatie-economique-en-afrique\\\/207578\\\/#article\",\"isPartOf\":{\"@id\":\"https:\\\/\\\/www.webdo.tn\\\/fr\\\/actualite\\\/national\\\/l-arp-appelle-le-gouvernement-a-activer-la-diplomatie-economique-en-afrique\\\/207578\\\/\"},\"author\":{\"name\":\"Webdo\",\"@id\":\"https:\\\/\\\/www.webdo.tn\\\/fr\\\/#\\\/schema\\\/person\\\/1f4e491e0907b413d61089e8eb573acc\"},\"headline\":\"L&rsquo;ARP appelle le gouvernement \u00e0 activer la diplomatie \u00e9conomique en Afrique\",\"datePublished\":\"2023-07-28T20:35:00+00:00\",\"mainEntityOfPage\":{\"@id\":\"https:\\\/\\\/www.webdo.tn\\\/fr\\\/actualite\\\/national\\\/l-arp-appelle-le-gouvernement-a-activer-la-diplomatie-economique-en-afrique\\\/207578\\\/\"},\"wordCount\":172,\"commentCount\":0,\"publisher\":{\"@id\":\"https:\\\/\\\/www.webdo.tn\\\/fr\\\/#organization\"},\"image\":{\"@id\":\"https:\\\/\\\/www.webdo.tn\\\/fr\\\/actualite\\\/national\\\/l-arp-appelle-le-gouvernement-a-activer-la-diplomatie-economique-en-afrique\\\/207578\\\/#primaryimage\"},\"thumbnailUrl\":\"https:\\\/\\\/www.webdo.tn\\\/fr\\\/wp-content\\\/uploads\\\/2023\\\/07\\\/7594bc75093a289d6de309e0354b6d23.jpg\",\"keywords\":[\"Afrique\",\"Diplomatie\",\"\u00e9conomie\",\"Tunisie\"],\"articleSection\":[\"National\"],\"inLanguage\":\"fr-FR\"},{\"@type\":\"WebPage\",\"@id\":\"https:\\\/\\\/www.webdo.tn\\\/fr\\\/actualite\\\/national\\\/l-arp-appelle-le-gouvernement-a-activer-la-diplomatie-economique-en-afrique\\\/207578\\\/\",\"url\":\"https:\\\/\\\/www.webdo.tn\\\/fr\\\/actualite\\\/national\\\/l-arp-appelle-le-gouvernement-a-activer-la-diplomatie-economique-en-afrique\\\/207578\\\/\",\"name\":\"L'ARP appelle le gouvernement \u00e0 activer la diplomatie \u00e9conomique en Afrique\",\"isPartOf\":{\"@id\":\"https:\\\/\\\/www.webdo.tn\\\/fr\\\/#website\"},\"primaryImageOfPage\":{\"@id\":\"https:\\\/\\\/www.webdo.tn\\\/fr\\\/actualite\\\/national\\\/l-arp-appelle-le-gouvernement-a-activer-la-diplomatie-economique-en-afrique\\\/207578\\\/#primaryimage\"},\"image\":{\"@id\":\"https:\\\/\\\/www.webdo.tn\\\/fr\\\/actualite\\\/national\\\/l-arp-appelle-le-gouvernement-a-activer-la-diplomatie-economique-en-afrique\\\/207578\\\/#primaryimage\"},\"thumbnailUrl\":\"https:\\\/\\\/www.webdo.tn\\\/fr\\\/wp-content\\\/uploads\\\/2023\\\/07\\\/7594bc75093a289d6de309e0354b6d23.jpg\",\"datePublished\":\"2023-07-28T20:35:00+00:00\",\"description\":\"Les repr\u00e9sentants du peuple ont appel\u00e9, ce vendredi 28 juillet 2023, le gouvernement \u00e0 renforcer la position de la Tunisie sur le march\u00e9 africain, et ce afin de...\",\"breadcrumb\":{\"@id\":\"https:\\\/\\\/www.webdo.tn\\\/fr\\\/actualite\\\/national\\\/l-arp-appelle-le-gouvernement-a-activer-la-diplomatie-economique-en-afrique\\\/207578\\\/#breadcrumb\"},\"inLanguage\":\"fr-FR\",\"potentialAction\":[{\"@type\":\"ReadAction\",\"target\":[\"https:\\\/\\\/www.webdo.tn\\\/fr\\\/actualite\\\/national\\\/l-arp-appelle-le-gouvernement-a-activer-la-diplomatie-economique-en-afrique\\\/207578\\\/\"]}]},{\"@type\":\"ImageObject\",\"inLanguage\":\"fr-FR\",\"@id\":\"https:\\\/\\\/www.webdo.tn\\\/fr\\\/actualite\\\/national\\\/l-arp-appelle-le-gouvernement-a-activer-la-diplomatie-economique-en-afrique\\\/207578\\\/#primaryimage\",\"url\":\"https:\\\/\\\/www.webdo.tn\\\/fr\\\/wp-content\\\/uploads\\\/2023\\\/07\\\/7594bc75093a289d6de309e0354b6d23.jpg\",\"contentUrl\":\"https:\\\/\\\/www.webdo.tn\\\/fr\\\/wp-content\\\/uploads\\\/2023\\\/07\\\/7594bc75093a289d6de309e0354b6d23.jpg\",\"width\":600,\"height\":320,\"caption\":\"L'ARP appelle le gouvernement \u00e0 activer la diplomatie \u00e9conomique en Afrique\"},{\"@type\":\"BreadcrumbList\",\"@id\":\"https:\\\/\\\/www.webdo.tn\\\/fr\\\/actualite\\\/national\\\/l-arp-appelle-le-gouvernement-a-activer-la-diplomatie-economique-en-afrique\\\/207578\\\/#breadcrumb\",\"itemListElement\":[{\"@type\":\"ListItem\",\"position\":1,\"name\":\"Accueil\",\"item\":\"https:\\\/\\\/www.webdo.tn\\\/fr\\\/\"},{\"@type\":\"ListItem\",\"position\":2,\"name\":\"L&#8217;ARP appelle le gouvernement \u00e0 activer la diplomatie \u00e9conomique en Afrique\"}]},{\"@type\":\"WebSite\",\"@id\":\"https:\\\/\\\/www.webdo.tn\\\/fr\\\/#website\",\"url\":\"https:\\\/\\\/www.webdo.tn\\\/fr\\\/\",\"name\":\"webdo\",\"description\":\"Tunisie - News en Tunisie et \u00e0 l&#039;international sur Webdo.tn\",\"publisher\":{\"@id\":\"https:\\\/\\\/www.webdo.tn\\\/fr\\\/#organization\"},\"potentialAction\":[{\"@type\":\"SearchAction\",\"target\":{\"@type\":\"EntryPoint\",\"urlTemplate\":\"https:\\\/\\\/www.webdo.tn\\\/fr\\\/?s={search_term_string}\"},\"query-input\":{\"@type\":\"PropertyValueSpecification\",\"valueRequired\":true,\"valueName\":\"search_term_string\"}}],\"inLanguage\":\"fr-FR\"},{\"@type\":\"Organization\",\"@id\":\"https:\\\/\\\/www.webdo.tn\\\/fr\\\/#organization\",\"name\":\"Webdo\",\"alternateName\":\"Webdo.tn\",\"url\":\"https:\\\/\\\/www.webdo.tn\\\/fr\\\/\",\"logo\":{\"@type\":\"ImageObject\",\"inLanguage\":\"fr-FR\",\"@id\":\"https:\\\/\\\/www.webdo.tn\\\/fr\\\/#\\\/schema\\\/logo\\\/image\\\/\",\"url\":\"https:\\\/\\\/www.webdo.tn\\\/fr\\\/wp-content\\\/uploads\\\/2025\\\/06\\\/Webdo-Tunisie_168377.jpg\",\"contentUrl\":\"https:\\\/\\\/www.webdo.tn\\\/fr\\\/wp-content\\\/uploads\\\/2025\\\/06\\\/Webdo-Tunisie_168377.jpg\",\"width\":301,\"height\":301,\"caption\":\"Webdo\"},\"image\":{\"@id\":\"https:\\\/\\\/www.webdo.tn\\\/fr\\\/#\\\/schema\\\/logo\\\/image\\\/\"},\"sameAs\":[\"https:\\\/\\\/www.facebook.com\\\/webdotn\",\"https:\\\/\\\/x.com\\\/webdo_tn\"],\"description\":\"Webdo est un m\u00e9dia num\u00e9rique tunisien fond\u00e9 en 2010, sp\u00e9cialis\u00e9 dans l\u2019actualit\u00e9 nationale et internationale, l\u2019\u00e9conomie, la soci\u00e9t\u00e9 et les analyses politiques. Le site s\u2019adresse \u00e0 un large public francophone et couvre l\u2019information tunisienne en temps r\u00e9el.\",\"email\":\"redac@webdo.tn\",\"legalName\":\"YNJ SARL\",\"foundingDate\":\"2010-09-06\",\"numberOfEmployees\":{\"@type\":\"QuantitativeValue\",\"minValue\":\"11\",\"maxValue\":\"50\"}},{\"@type\":\"Person\",\"@id\":\"https:\\\/\\\/www.webdo.tn\\\/fr\\\/#\\\/schema\\\/person\\\/1f4e491e0907b413d61089e8eb573acc\",\"name\":\"Webdo\",\"image\":{\"@type\":\"ImageObject\",\"inLanguage\":\"fr-FR\",\"@id\":\"https:\\\/\\\/secure.gravatar.com\\\/avatar\\\/de97aeec1bb80978a9dbb127e47dfc88aaacb2f3c29aac907d8d3222e3495d49?s=96&d=mm&r=g\",\"url\":\"https:\\\/\\\/secure.gravatar.com\\\/avatar\\\/de97aeec1bb80978a9dbb127e47dfc88aaacb2f3c29aac907d8d3222e3495d49?s=96&d=mm&r=g\",\"contentUrl\":\"https:\\\/\\\/secure.gravatar.com\\\/avatar\\\/de97aeec1bb80978a9dbb127e47dfc88aaacb2f3c29aac907d8d3222e3495d49?s=96&d=mm&r=g\",\"caption\":\"Webdo\"},\"url\":\"https:\\\/\\\/www.webdo.tn\\\/fr\\\/actualite\\\/author\\\/webdo\\\/\"}]}<\/script>\n<!-- \/ Yoast SEO Premium plugin. -->","yoast_head_json":{"title":"L'ARP appelle le gouvernement \u00e0 activer la diplomatie \u00e9conomique en Afrique","description":"Les repr\u00e9sentants du peuple ont appel\u00e9, ce vendredi 28 juillet 2023, le gouvernement \u00e0 renforcer la position de la Tunisie sur le march\u00e9 africain, et ce afin de...","canonical":"https:\/\/www.webdo.tn\/fr\/actualite\/national\/l-arp-appelle-le-gouvernement-a-activer-la-diplomatie-economique-en-afrique\/207578\/","og_locale":"fr_FR","og_type":"article","og_title":"L'ARP appelle le gouvernement \u00e0 activer la diplomatie \u00e9conomique en Afrique","og_description":"Les repr\u00e9sentants du peuple ont appel\u00e9, ce vendredi 28 juillet 2023, le gouvernement \u00e0 renforcer la position de la Tunisie sur le march\u00e9 africain, et ce afin de...","og_url":"https:\/\/www.webdo.tn\/fr\/actualite\/national\/l-arp-appelle-le-gouvernement-a-activer-la-diplomatie-economique-en-afrique\/207578\/","og_site_name":"webdo","article_publisher":"https:\/\/www.facebook.com\/webdotn","article_published_time":"2023-07-28T20:35:00+00:00","og_image":[{"width":600,"height":320,"url":"https:\/\/www.webdo.tn\/fr\/wp-content\/uploads\/2023\/07\/7594bc75093a289d6de309e0354b6d23.jpg","type":"image\/jpeg"}],"author":"Webdo","twitter_card":"summary_large_image","twitter_creator":"@webdo_tn","twitter_site":"@webdo_tn","twitter_misc":{"\u00c9crit par":"Webdo","Dur\u00e9e de lecture estim\u00e9e":"1 minute"},"schema":{"@context":"https:\/\/schema.org","@graph":[{"@type":"NewsArticle","@id":"https:\/\/www.webdo.tn\/fr\/actualite\/national\/l-arp-appelle-le-gouvernement-a-activer-la-diplomatie-economique-en-afrique\/207578\/#article","isPartOf":{"@id":"https:\/\/www.webdo.tn\/fr\/actualite\/national\/l-arp-appelle-le-gouvernement-a-activer-la-diplomatie-economique-en-afrique\/207578\/"},"author":{"name":"Webdo","@id":"https:\/\/www.webdo.tn\/fr\/#\/schema\/person\/1f4e491e0907b413d61089e8eb573acc"},"headline":"L&rsquo;ARP appelle le gouvernement \u00e0 activer la diplomatie \u00e9conomique en Afrique","datePublished":"2023-07-28T20:35:00+00:00","mainEntityOfPage":{"@id":"https:\/\/www.webdo.tn\/fr\/actualite\/national\/l-arp-appelle-le-gouvernement-a-activer-la-diplomatie-economique-en-afrique\/207578\/"},"wordCount":172,"commentCount":0,"publisher":{"@id":"https:\/\/www.webdo.tn\/fr\/#organization"},"image":{"@id":"https:\/\/www.webdo.tn\/fr\/actualite\/national\/l-arp-appelle-le-gouvernement-a-activer-la-diplomatie-economique-en-afrique\/207578\/#primaryimage"},"thumbnailUrl":"https:\/\/www.webdo.tn\/fr\/wp-content\/uploads\/2023\/07\/7594bc75093a289d6de309e0354b6d23.jpg","keywords":["Afrique","Diplomatie","\u00e9conomie","Tunisie"],"articleSection":["National"],"inLanguage":"fr-FR"},{"@type":"WebPage","@id":"https:\/\/www.webdo.tn\/fr\/actualite\/national\/l-arp-appelle-le-gouvernement-a-activer-la-diplomatie-economique-en-afrique\/207578\/","url":"https:\/\/www.webdo.tn\/fr\/actualite\/national\/l-arp-appelle-le-gouvernement-a-activer-la-diplomatie-economique-en-afrique\/207578\/","name":"L'ARP appelle le gouvernement \u00e0 activer la diplomatie \u00e9conomique en Afrique","isPartOf":{"@id":"https:\/\/www.webdo.tn\/fr\/#website"},"primaryImageOfPage":{"@id":"https:\/\/www.webdo.tn\/fr\/actualite\/national\/l-arp-appelle-le-gouvernement-a-activer-la-diplomatie-economique-en-afrique\/207578\/#primaryimage"},"image":{"@id":"https:\/\/www.webdo.tn\/fr\/actualite\/national\/l-arp-appelle-le-gouvernement-a-activer-la-diplomatie-economique-en-afrique\/207578\/#primaryimage"},"thumbnailUrl":"https:\/\/www.webdo.tn\/fr\/wp-content\/uploads\/2023\/07\/7594bc75093a289d6de309e0354b6d23.jpg","datePublished":"2023-07-28T20:35:00+00:00","description":"Les repr\u00e9sentants du peuple ont appel\u00e9, ce vendredi 28 juillet 2023, le gouvernement \u00e0 renforcer la position de la Tunisie sur le march\u00e9 africain, et ce afin de...","breadcrumb":{"@id":"https:\/\/www.webdo.tn\/fr\/actualite\/national\/l-arp-appelle-le-gouvernement-a-activer-la-diplomatie-economique-en-afrique\/207578\/#breadcrumb"},"inLanguage":"fr-FR","potentialAction":[{"@type":"ReadAction","target":["https:\/\/www.webdo.tn\/fr\/actualite\/national\/l-arp-appelle-le-gouvernement-a-activer-la-diplomatie-economique-en-afrique\/207578\/"]}]},{"@type":"ImageObject","inLanguage":"fr-FR","@id":"https:\/\/www.webdo.tn\/fr\/actualite\/national\/l-arp-appelle-le-gouvernement-a-activer-la-diplomatie-economique-en-afrique\/207578\/#primaryimage","url":"https:\/\/www.webdo.tn\/fr\/wp-content\/uploads\/2023\/07\/7594bc75093a289d6de309e0354b6d23.jpg","contentUrl":"https:\/\/www.webdo.tn\/fr\/wp-content\/uploads\/2023\/07\/7594bc75093a289d6de309e0354b6d23.jpg","width":600,"height":320,"caption":"L'ARP appelle le gouvernement \u00e0 activer la diplomatie \u00e9conomique en Afrique"},{"@type":"BreadcrumbList","@id":"https:\/\/www.webdo.tn\/fr\/actualite\/national\/l-arp-appelle-le-gouvernement-a-activer-la-diplomatie-economique-en-afrique\/207578\/#breadcrumb","itemListElement":[{"@type":"ListItem","position":1,"name":"Accueil","item":"https:\/\/www.webdo.tn\/fr\/"},{"@type":"ListItem","position":2,"name":"L&#8217;ARP appelle le gouvernement \u00e0 activer la diplomatie \u00e9conomique en Afrique"}]},{"@type":"WebSite","@id":"https:\/\/www.webdo.tn\/fr\/#website","url":"https:\/\/www.webdo.tn\/fr\/","name":"webdo","description":"Tunisie - News en Tunisie et \u00e0 l&#039;international sur Webdo.tn","publisher":{"@id":"https:\/\/www.webdo.tn\/fr\/#organization"},"potentialAction":[{"@type":"SearchAction","target":{"@type":"EntryPoint","urlTemplate":"https:\/\/www.webdo.tn\/fr\/?s={search_term_string}"},"query-input":{"@type":"PropertyValueSpecification","valueRequired":true,"valueName":"search_term_string"}}],"inLanguage":"fr-FR"},{"@type":"Organization","@id":"https:\/\/www.webdo.tn\/fr\/#organization","name":"Webdo","alternateName":"Webdo.tn","url":"https:\/\/www.webdo.tn\/fr\/","logo":{"@type":"ImageObject","inLanguage":"fr-FR","@id":"https:\/\/www.webdo.tn\/fr\/#\/schema\/logo\/image\/","url":"https:\/\/www.webdo.tn\/fr\/wp-content\/uploads\/2025\/06\/Webdo-Tunisie_168377.jpg","contentUrl":"https:\/\/www.webdo.tn\/fr\/wp-content\/uploads\/2025\/06\/Webdo-Tunisie_168377.jpg","width":301,"height":301,"caption":"Webdo"},"image":{"@id":"https:\/\/www.webdo.tn\/fr\/#\/schema\/logo\/image\/"},"sameAs":["https:\/\/www.facebook.com\/webdotn","https:\/\/x.com\/webdo_tn"],"description":"Webdo est un m\u00e9dia num\u00e9rique tunisien fond\u00e9 en 2010, sp\u00e9cialis\u00e9 dans l\u2019actualit\u00e9 nationale et internationale, l\u2019\u00e9conomie, la soci\u00e9t\u00e9 et les analyses politiques. Le site s\u2019adresse \u00e0 un large public francophone et couvre l\u2019information tunisienne en temps r\u00e9el.","email":"redac@webdo.tn","legalName":"YNJ SARL","foundingDate":"2010-09-06","numberOfEmployees":{"@type":"QuantitativeValue","minValue":"11","maxValue":"50"}},{"@type":"Person","@id":"https:\/\/www.webdo.tn\/fr\/#\/schema\/person\/1f4e491e0907b413d61089e8eb573acc","name":"Webdo","image":{"@type":"ImageObject","inLanguage":"fr-FR","@id":"https:\/\/secure.gravatar.com\/avatar\/de97aeec1bb80978a9dbb127e47dfc88aaacb2f3c29aac907d8d3222e3495d49?s=96&d=mm&r=g","url":"https:\/\/secure.gravatar.com\/avatar\/de97aeec1bb80978a9dbb127e47dfc88aaacb2f3c29aac907d8d3222e3495d49?s=96&d=mm&r=g","contentUrl":"https:\/\/secure.gravatar.com\/avatar\/de97aeec1bb80978a9dbb127e47dfc88aaacb2f3c29aac907d8d3222e3495d49?s=96&d=mm&r=g","caption":"Webdo"},"url":"https:\/\/www.webdo.tn\/fr\/actualite\/author\/webdo\/"}]}},"_links":{"self":[{"href":"https:\/\/www.webdo.tn\/fr\/wp-json\/wp\/v2\/posts\/207578","targetHints":{"allow":["GET"]}}],"collection":[{"href":"https:\/\/www.webdo.tn\/fr\/wp-json\/wp\/v2\/posts"}],"about":[{"href":"https:\/\/www.webdo.tn\/fr\/wp-json\/wp\/v2\/types\/post"}],"author":[{"embeddable":true,"href":"https:\/\/www.webdo.tn\/fr\/wp-json\/wp\/v2\/users\/3169"}],"replies":[{"embeddable":true,"href":"https:\/\/www.webdo.tn\/fr\/wp-json\/wp\/v2\/comments?post=207578"}],"version-history":[{"count":0,"href":"https:\/\/www.webdo.tn\/fr\/wp-json\/wp\/v2\/posts\/207578\/revisions"}],"wp:featuredmedia":[{"embeddable":true,"href":"https:\/\/www.webdo.tn\/fr\/wp-json\/wp\/v2\/media\/249656"}],"wp:attachment":[{"href":"https:\/\/www.webdo.tn\/fr\/wp-json\/wp\/v2\/media?parent=207578"}],"wp:term":[{"taxonomy":"category","embeddable":true,"href":"https:\/\/www.webdo.tn\/fr\/wp-json\/wp\/v2\/categories?post=207578"},{"taxonomy":"post_tag","embeddable":true,"href":"https:\/\/www.webdo.tn\/fr\/wp-json\/wp\/v2\/tags?post=207578"}],"curies":[{"name":"wp","href":"https:\/\/api.w.org\/{rel}","templated":true}]}}