{"id":207567,"date":"2023-07-28T12:45:00","date_gmt":"2023-07-28T12:45:00","guid":{"rendered":"https:\/\/www.webdo.tn\/fr\/blog\/tas-l-appel-du-cs-chebbien-rejete\/207567\/"},"modified":"2025-05-20T21:58:11","modified_gmt":"2025-05-20T21:58:11","slug":"tas-l-appel-du-cs-chebbien-rejete","status":"publish","type":"post","link":"https:\/\/www.webdo.tn\/fr\/actualite\/sport\/tas-l-appel-du-cs-chebbien-rejete\/207567\/","title":{"rendered":"TAS : L&rsquo;appel du CS Chebbien rejet\u00e9"},"content":{"rendered":"<p>La F\u00e9d\u00e9ration tunisienne de football (FTF) a annonc\u00e9, aujourd\u2019hui avoir obtenu gain de cause dans l\u2019affaire qui l\u2019oppose au Croissant Sportif Chebbien.<\/p>\n<p>\t\t\t\t\t\t\t\t\tLa FTF a annonc\u00e9 dans un communiqu\u00e9 que le Tribunal arbitral du sport (TAS) a d\u00e9cid\u00e9 de se d\u00e9clarer incomp\u00e9tent au regard de l&rsquo;appel form\u00e9 par le CS Chebbien, quant \u00e0 un \u00e9ventuel retour en Ligue 1.<\/p>\n<p>R\u00e9trograd\u00e9 en Ligue 2 au terme de la saison 2022-2023, le CSC avait contest\u00e9 sa descente, estimant avoir \u00e9t\u00e9 l\u00e9s\u00e9 \u00e0 plusieurs reprises au cours de la saison. Il s\u2019\u00e9tait dirig\u00e9 vers le TAS qui s\u2019est finalement d\u00e9clar\u00e9 incomp\u00e9tent pour juger cette affaire.<\/p>\n<p>Le TAS a r\u00e9pondu aux arguments avanc\u00e9s par la FTF. Le principal motif pour la FTF \u00e9tait l&rsquo;incomp\u00e9tence de cette instance dans ce dossier en raison de plusieurs consid\u00e9rations, a expliqu\u00e9 la FTF dans son communiqu\u00e9.<\/p>\n<p>Par ailleurs, le CS Chebbien est appel\u00e9 \u00e0 prendre en charge tous les frais d&rsquo;arbitrage sportif avec l&rsquo;obligation de transf\u00e9rer un montant de 5 mille francs suisses \u00e0 la FTF.<\/p>\n","protected":false},"excerpt":{"rendered":"<p>La F\u00e9d\u00e9ration tunisienne de football (FTF) a annonc\u00e9, aujourd\u2019hui avoir obtenu gain de cause dans l\u2019affaire qui l\u2019oppose au Croissant Sportif Chebbien.<\/p>\n","protected":false},"author":3162,"featured_media":249683,"comment_status":"open","ping_status":"closed","sticky":false,"template":"","format":"standard","meta":{"footnotes":""},"categories":[2593],"tags":[3277,8163,8162,3728,2777,6069],"class_list":["post-207567","post","type-post","status-publish","format-standard","has-post-thumbnail","hentry","category-sport","tag-arbitrage","tag-chebba","tag-cs-chebbien","tag-ftf","tag-ligue-1","tag-tas"],"yoast_head":"<!-- This site is optimized with the Yoast SEO Premium plugin v27.5 (Yoast SEO v27.5) - https:\/\/yoast.com\/product\/yoast-seo-premium-wordpress\/ -->\n<title>TAS : L&#039;appel du CS Chebbien rejet\u00e9<\/title>\n<meta name=\"description\" content=\"La F\u00e9d\u00e9ration tunisienne de football (FTF) a annonc\u00e9, aujourd\u2019hui avoir obtenu gain de cause dans l\u2019affaire qui l\u2019oppose au Croissant Sportif Chebbien.\" \/>\n<link rel=\"canonical\" href=\"https:\/\/www.webdo.tn\/fr\/actualite\/sport\/tas-l-appel-du-cs-chebbien-rejete\/207567\/\" \/>\n<meta property=\"og:locale\" content=\"fr_FR\" \/>\n<meta property=\"og:type\" content=\"article\" \/>\n<meta property=\"og:title\" content=\"TAS : L&#039;appel du CS Chebbien rejet\u00e9\" \/>\n<meta property=\"og:description\" content=\"La F\u00e9d\u00e9ration tunisienne de football (FTF) a annonc\u00e9, aujourd\u2019hui avoir obtenu gain de cause dans l\u2019affaire qui l\u2019oppose au Croissant Sportif Chebbien.\" \/>\n<meta property=\"og:url\" content=\"https:\/\/www.webdo.tn\/fr\/actualite\/sport\/tas-l-appel-du-cs-chebbien-rejete\/207567\/\" \/>\n<meta property=\"og:site_name\" content=\"webdo\" \/>\n<meta property=\"article:publisher\" content=\"https:\/\/www.facebook.com\/webdotn\" \/>\n<meta property=\"article:published_time\" content=\"2023-07-28T12:45:00+00:00\" \/>\n<meta property=\"article:modified_time\" content=\"2025-05-20T21:58:11+00:00\" \/>\n<meta property=\"og:image\" content=\"https:\/\/www.webdo.tn\/fr\/wp-content\/uploads\/2023\/07\/86afaa829422a22e4b0e420b99613b1f.jpg\" \/>\n\t<meta property=\"og:image:width\" content=\"750\" \/>\n\t<meta property=\"og:image:height\" content=\"400\" \/>\n\t<meta property=\"og:image:type\" content=\"image\/jpeg\" \/>\n<meta name=\"author\" content=\"MC\" \/>\n<meta name=\"twitter:card\" content=\"summary_large_image\" \/>\n<meta name=\"twitter:creator\" content=\"@webdo_tn\" \/>\n<meta name=\"twitter:site\" content=\"@webdo_tn\" \/>\n<meta name=\"twitter:label1\" content=\"\u00c9crit par\" \/>\n\t<meta name=\"twitter:data1\" content=\"MC\" \/>\n\t<meta name=\"twitter:label2\" content=\"Dur\u00e9e de lecture estim\u00e9e\" \/>\n\t<meta name=\"twitter:data2\" content=\"1 minute\" \/>\n<script type=\"application\/ld+json\" class=\"yoast-schema-graph\">{\"@context\":\"https:\\\/\\\/schema.org\",\"@graph\":[{\"@type\":\"NewsArticle\",\"@id\":\"https:\\\/\\\/www.webdo.tn\\\/fr\\\/actualite\\\/sport\\\/tas-l-appel-du-cs-chebbien-rejete\\\/207567\\\/#article\",\"isPartOf\":{\"@id\":\"https:\\\/\\\/www.webdo.tn\\\/fr\\\/actualite\\\/sport\\\/tas-l-appel-du-cs-chebbien-rejete\\\/207567\\\/\"},\"author\":{\"name\":\"MC\",\"@id\":\"https:\\\/\\\/www.webdo.tn\\\/fr\\\/#\\\/schema\\\/person\\\/2c4929cbf5a809e3bd38617c6ce150f6\"},\"headline\":\"TAS : L&rsquo;appel du CS Chebbien rejet\u00e9\",\"datePublished\":\"2023-07-28T12:45:00+00:00\",\"dateModified\":\"2025-05-20T21:58:11+00:00\",\"mainEntityOfPage\":{\"@id\":\"https:\\\/\\\/www.webdo.tn\\\/fr\\\/actualite\\\/sport\\\/tas-l-appel-du-cs-chebbien-rejete\\\/207567\\\/\"},\"wordCount\":191,\"commentCount\":0,\"publisher\":{\"@id\":\"https:\\\/\\\/www.webdo.tn\\\/fr\\\/#organization\"},\"image\":{\"@id\":\"https:\\\/\\\/www.webdo.tn\\\/fr\\\/actualite\\\/sport\\\/tas-l-appel-du-cs-chebbien-rejete\\\/207567\\\/#primaryimage\"},\"thumbnailUrl\":\"https:\\\/\\\/www.webdo.tn\\\/fr\\\/wp-content\\\/uploads\\\/2023\\\/07\\\/86afaa829422a22e4b0e420b99613b1f.jpg\",\"keywords\":[\"arbitrage\",\"chebba\",\"CS Chebbien\",\"FTF\",\"Ligue 1\",\"TAS\"],\"articleSection\":[\"Sport\"],\"inLanguage\":\"fr-FR\"},{\"@type\":\"WebPage\",\"@id\":\"https:\\\/\\\/www.webdo.tn\\\/fr\\\/actualite\\\/sport\\\/tas-l-appel-du-cs-chebbien-rejete\\\/207567\\\/\",\"url\":\"https:\\\/\\\/www.webdo.tn\\\/fr\\\/actualite\\\/sport\\\/tas-l-appel-du-cs-chebbien-rejete\\\/207567\\\/\",\"name\":\"TAS : L'appel du CS Chebbien rejet\u00e9\",\"isPartOf\":{\"@id\":\"https:\\\/\\\/www.webdo.tn\\\/fr\\\/#website\"},\"primaryImageOfPage\":{\"@id\":\"https:\\\/\\\/www.webdo.tn\\\/fr\\\/actualite\\\/sport\\\/tas-l-appel-du-cs-chebbien-rejete\\\/207567\\\/#primaryimage\"},\"image\":{\"@id\":\"https:\\\/\\\/www.webdo.tn\\\/fr\\\/actualite\\\/sport\\\/tas-l-appel-du-cs-chebbien-rejete\\\/207567\\\/#primaryimage\"},\"thumbnailUrl\":\"https:\\\/\\\/www.webdo.tn\\\/fr\\\/wp-content\\\/uploads\\\/2023\\\/07\\\/86afaa829422a22e4b0e420b99613b1f.jpg\",\"datePublished\":\"2023-07-28T12:45:00+00:00\",\"dateModified\":\"2025-05-20T21:58:11+00:00\",\"description\":\"La F\u00e9d\u00e9ration tunisienne de football (FTF) a annonc\u00e9, aujourd\u2019hui avoir obtenu gain de cause dans l\u2019affaire qui l\u2019oppose au Croissant Sportif Chebbien.\",\"breadcrumb\":{\"@id\":\"https:\\\/\\\/www.webdo.tn\\\/fr\\\/actualite\\\/sport\\\/tas-l-appel-du-cs-chebbien-rejete\\\/207567\\\/#breadcrumb\"},\"inLanguage\":\"fr-FR\",\"potentialAction\":[{\"@type\":\"ReadAction\",\"target\":[\"https:\\\/\\\/www.webdo.tn\\\/fr\\\/actualite\\\/sport\\\/tas-l-appel-du-cs-chebbien-rejete\\\/207567\\\/\"]}]},{\"@type\":\"ImageObject\",\"inLanguage\":\"fr-FR\",\"@id\":\"https:\\\/\\\/www.webdo.tn\\\/fr\\\/actualite\\\/sport\\\/tas-l-appel-du-cs-chebbien-rejete\\\/207567\\\/#primaryimage\",\"url\":\"https:\\\/\\\/www.webdo.tn\\\/fr\\\/wp-content\\\/uploads\\\/2023\\\/07\\\/86afaa829422a22e4b0e420b99613b1f.jpg\",\"contentUrl\":\"https:\\\/\\\/www.webdo.tn\\\/fr\\\/wp-content\\\/uploads\\\/2023\\\/07\\\/86afaa829422a22e4b0e420b99613b1f.jpg\",\"width\":750,\"height\":400,\"caption\":\"TAS : L'appel du CS Chebbien rejet\u00e9\"},{\"@type\":\"BreadcrumbList\",\"@id\":\"https:\\\/\\\/www.webdo.tn\\\/fr\\\/actualite\\\/sport\\\/tas-l-appel-du-cs-chebbien-rejete\\\/207567\\\/#breadcrumb\",\"itemListElement\":[{\"@type\":\"ListItem\",\"position\":1,\"name\":\"Accueil\",\"item\":\"https:\\\/\\\/www.webdo.tn\\\/fr\\\/\"},{\"@type\":\"ListItem\",\"position\":2,\"name\":\"TAS : L&rsquo;appel du CS Chebbien rejet\u00e9\"}]},{\"@type\":\"WebSite\",\"@id\":\"https:\\\/\\\/www.webdo.tn\\\/fr\\\/#website\",\"url\":\"https:\\\/\\\/www.webdo.tn\\\/fr\\\/\",\"name\":\"webdo\",\"description\":\"Tunisie - News en Tunisie et \u00e0 l&#039;international sur Webdo.tn\",\"publisher\":{\"@id\":\"https:\\\/\\\/www.webdo.tn\\\/fr\\\/#organization\"},\"potentialAction\":[{\"@type\":\"SearchAction\",\"target\":{\"@type\":\"EntryPoint\",\"urlTemplate\":\"https:\\\/\\\/www.webdo.tn\\\/fr\\\/?s={search_term_string}\"},\"query-input\":{\"@type\":\"PropertyValueSpecification\",\"valueRequired\":true,\"valueName\":\"search_term_string\"}}],\"inLanguage\":\"fr-FR\"},{\"@type\":\"Organization\",\"@id\":\"https:\\\/\\\/www.webdo.tn\\\/fr\\\/#organization\",\"name\":\"Webdo\",\"alternateName\":\"Webdo.tn\",\"url\":\"https:\\\/\\\/www.webdo.tn\\\/fr\\\/\",\"logo\":{\"@type\":\"ImageObject\",\"inLanguage\":\"fr-FR\",\"@id\":\"https:\\\/\\\/www.webdo.tn\\\/fr\\\/#\\\/schema\\\/logo\\\/image\\\/\",\"url\":\"https:\\\/\\\/www.webdo.tn\\\/fr\\\/wp-content\\\/uploads\\\/2025\\\/06\\\/Webdo-Tunisie_168377.jpg\",\"contentUrl\":\"https:\\\/\\\/www.webdo.tn\\\/fr\\\/wp-content\\\/uploads\\\/2025\\\/06\\\/Webdo-Tunisie_168377.jpg\",\"width\":301,\"height\":301,\"caption\":\"Webdo\"},\"image\":{\"@id\":\"https:\\\/\\\/www.webdo.tn\\\/fr\\\/#\\\/schema\\\/logo\\\/image\\\/\"},\"sameAs\":[\"https:\\\/\\\/www.facebook.com\\\/webdotn\",\"https:\\\/\\\/x.com\\\/webdo_tn\"],\"description\":\"Webdo est un m\u00e9dia num\u00e9rique tunisien fond\u00e9 en 2010, sp\u00e9cialis\u00e9 dans l\u2019actualit\u00e9 nationale et internationale, l\u2019\u00e9conomie, la soci\u00e9t\u00e9 et les analyses politiques. Le site s\u2019adresse \u00e0 un large public francophone et couvre l\u2019information tunisienne en temps r\u00e9el.\",\"email\":\"redac@webdo.tn\",\"legalName\":\"YNJ SARL\",\"foundingDate\":\"2010-09-06\",\"numberOfEmployees\":{\"@type\":\"QuantitativeValue\",\"minValue\":\"11\",\"maxValue\":\"50\"}},{\"@type\":\"Person\",\"@id\":\"https:\\\/\\\/www.webdo.tn\\\/fr\\\/#\\\/schema\\\/person\\\/2c4929cbf5a809e3bd38617c6ce150f6\",\"name\":\"MC\",\"image\":{\"@type\":\"ImageObject\",\"inLanguage\":\"fr-FR\",\"@id\":\"https:\\\/\\\/secure.gravatar.com\\\/avatar\\\/a545bbb6f84efdd5553dbbc2895e3ca8f1d12c5215e00a041c9670b54aa9b18a?s=96&d=mm&r=g\",\"url\":\"https:\\\/\\\/secure.gravatar.com\\\/avatar\\\/a545bbb6f84efdd5553dbbc2895e3ca8f1d12c5215e00a041c9670b54aa9b18a?s=96&d=mm&r=g\",\"contentUrl\":\"https:\\\/\\\/secure.gravatar.com\\\/avatar\\\/a545bbb6f84efdd5553dbbc2895e3ca8f1d12c5215e00a041c9670b54aa9b18a?s=96&d=mm&r=g\",\"caption\":\"MC\"},\"url\":\"https:\\\/\\\/www.webdo.tn\\\/fr\\\/actualite\\\/author\\\/mc\\\/\"}]}<\/script>\n<!-- \/ Yoast SEO Premium plugin. -->","yoast_head_json":{"title":"TAS : L'appel du CS Chebbien rejet\u00e9","description":"La F\u00e9d\u00e9ration tunisienne de football (FTF) a annonc\u00e9, aujourd\u2019hui avoir obtenu gain de cause dans l\u2019affaire qui l\u2019oppose au Croissant Sportif Chebbien.","canonical":"https:\/\/www.webdo.tn\/fr\/actualite\/sport\/tas-l-appel-du-cs-chebbien-rejete\/207567\/","og_locale":"fr_FR","og_type":"article","og_title":"TAS : L'appel du CS Chebbien rejet\u00e9","og_description":"La F\u00e9d\u00e9ration tunisienne de football (FTF) a annonc\u00e9, aujourd\u2019hui avoir obtenu gain de cause dans l\u2019affaire qui l\u2019oppose au Croissant Sportif Chebbien.","og_url":"https:\/\/www.webdo.tn\/fr\/actualite\/sport\/tas-l-appel-du-cs-chebbien-rejete\/207567\/","og_site_name":"webdo","article_publisher":"https:\/\/www.facebook.com\/webdotn","article_published_time":"2023-07-28T12:45:00+00:00","article_modified_time":"2025-05-20T21:58:11+00:00","og_image":[{"width":750,"height":400,"url":"https:\/\/www.webdo.tn\/fr\/wp-content\/uploads\/2023\/07\/86afaa829422a22e4b0e420b99613b1f.jpg","type":"image\/jpeg"}],"author":"MC","twitter_card":"summary_large_image","twitter_creator":"@webdo_tn","twitter_site":"@webdo_tn","twitter_misc":{"\u00c9crit par":"MC","Dur\u00e9e de lecture estim\u00e9e":"1 minute"},"schema":{"@context":"https:\/\/schema.org","@graph":[{"@type":"NewsArticle","@id":"https:\/\/www.webdo.tn\/fr\/actualite\/sport\/tas-l-appel-du-cs-chebbien-rejete\/207567\/#article","isPartOf":{"@id":"https:\/\/www.webdo.tn\/fr\/actualite\/sport\/tas-l-appel-du-cs-chebbien-rejete\/207567\/"},"author":{"name":"MC","@id":"https:\/\/www.webdo.tn\/fr\/#\/schema\/person\/2c4929cbf5a809e3bd38617c6ce150f6"},"headline":"TAS : L&rsquo;appel du CS Chebbien rejet\u00e9","datePublished":"2023-07-28T12:45:00+00:00","dateModified":"2025-05-20T21:58:11+00:00","mainEntityOfPage":{"@id":"https:\/\/www.webdo.tn\/fr\/actualite\/sport\/tas-l-appel-du-cs-chebbien-rejete\/207567\/"},"wordCount":191,"commentCount":0,"publisher":{"@id":"https:\/\/www.webdo.tn\/fr\/#organization"},"image":{"@id":"https:\/\/www.webdo.tn\/fr\/actualite\/sport\/tas-l-appel-du-cs-chebbien-rejete\/207567\/#primaryimage"},"thumbnailUrl":"https:\/\/www.webdo.tn\/fr\/wp-content\/uploads\/2023\/07\/86afaa829422a22e4b0e420b99613b1f.jpg","keywords":["arbitrage","chebba","CS Chebbien","FTF","Ligue 1","TAS"],"articleSection":["Sport"],"inLanguage":"fr-FR"},{"@type":"WebPage","@id":"https:\/\/www.webdo.tn\/fr\/actualite\/sport\/tas-l-appel-du-cs-chebbien-rejete\/207567\/","url":"https:\/\/www.webdo.tn\/fr\/actualite\/sport\/tas-l-appel-du-cs-chebbien-rejete\/207567\/","name":"TAS : L'appel du CS Chebbien rejet\u00e9","isPartOf":{"@id":"https:\/\/www.webdo.tn\/fr\/#website"},"primaryImageOfPage":{"@id":"https:\/\/www.webdo.tn\/fr\/actualite\/sport\/tas-l-appel-du-cs-chebbien-rejete\/207567\/#primaryimage"},"image":{"@id":"https:\/\/www.webdo.tn\/fr\/actualite\/sport\/tas-l-appel-du-cs-chebbien-rejete\/207567\/#primaryimage"},"thumbnailUrl":"https:\/\/www.webdo.tn\/fr\/wp-content\/uploads\/2023\/07\/86afaa829422a22e4b0e420b99613b1f.jpg","datePublished":"2023-07-28T12:45:00+00:00","dateModified":"2025-05-20T21:58:11+00:00","description":"La F\u00e9d\u00e9ration tunisienne de football (FTF) a annonc\u00e9, aujourd\u2019hui avoir obtenu gain de cause dans l\u2019affaire qui l\u2019oppose au Croissant Sportif Chebbien.","breadcrumb":{"@id":"https:\/\/www.webdo.tn\/fr\/actualite\/sport\/tas-l-appel-du-cs-chebbien-rejete\/207567\/#breadcrumb"},"inLanguage":"fr-FR","potentialAction":[{"@type":"ReadAction","target":["https:\/\/www.webdo.tn\/fr\/actualite\/sport\/tas-l-appel-du-cs-chebbien-rejete\/207567\/"]}]},{"@type":"ImageObject","inLanguage":"fr-FR","@id":"https:\/\/www.webdo.tn\/fr\/actualite\/sport\/tas-l-appel-du-cs-chebbien-rejete\/207567\/#primaryimage","url":"https:\/\/www.webdo.tn\/fr\/wp-content\/uploads\/2023\/07\/86afaa829422a22e4b0e420b99613b1f.jpg","contentUrl":"https:\/\/www.webdo.tn\/fr\/wp-content\/uploads\/2023\/07\/86afaa829422a22e4b0e420b99613b1f.jpg","width":750,"height":400,"caption":"TAS : L'appel du CS Chebbien rejet\u00e9"},{"@type":"BreadcrumbList","@id":"https:\/\/www.webdo.tn\/fr\/actualite\/sport\/tas-l-appel-du-cs-chebbien-rejete\/207567\/#breadcrumb","itemListElement":[{"@type":"ListItem","position":1,"name":"Accueil","item":"https:\/\/www.webdo.tn\/fr\/"},{"@type":"ListItem","position":2,"name":"TAS : L&rsquo;appel du CS Chebbien rejet\u00e9"}]},{"@type":"WebSite","@id":"https:\/\/www.webdo.tn\/fr\/#website","url":"https:\/\/www.webdo.tn\/fr\/","name":"webdo","description":"Tunisie - News en Tunisie et \u00e0 l&#039;international sur Webdo.tn","publisher":{"@id":"https:\/\/www.webdo.tn\/fr\/#organization"},"potentialAction":[{"@type":"SearchAction","target":{"@type":"EntryPoint","urlTemplate":"https:\/\/www.webdo.tn\/fr\/?s={search_term_string}"},"query-input":{"@type":"PropertyValueSpecification","valueRequired":true,"valueName":"search_term_string"}}],"inLanguage":"fr-FR"},{"@type":"Organization","@id":"https:\/\/www.webdo.tn\/fr\/#organization","name":"Webdo","alternateName":"Webdo.tn","url":"https:\/\/www.webdo.tn\/fr\/","logo":{"@type":"ImageObject","inLanguage":"fr-FR","@id":"https:\/\/www.webdo.tn\/fr\/#\/schema\/logo\/image\/","url":"https:\/\/www.webdo.tn\/fr\/wp-content\/uploads\/2025\/06\/Webdo-Tunisie_168377.jpg","contentUrl":"https:\/\/www.webdo.tn\/fr\/wp-content\/uploads\/2025\/06\/Webdo-Tunisie_168377.jpg","width":301,"height":301,"caption":"Webdo"},"image":{"@id":"https:\/\/www.webdo.tn\/fr\/#\/schema\/logo\/image\/"},"sameAs":["https:\/\/www.facebook.com\/webdotn","https:\/\/x.com\/webdo_tn"],"description":"Webdo est un m\u00e9dia num\u00e9rique tunisien fond\u00e9 en 2010, sp\u00e9cialis\u00e9 dans l\u2019actualit\u00e9 nationale et internationale, l\u2019\u00e9conomie, la soci\u00e9t\u00e9 et les analyses politiques. Le site s\u2019adresse \u00e0 un large public francophone et couvre l\u2019information tunisienne en temps r\u00e9el.","email":"redac@webdo.tn","legalName":"YNJ SARL","foundingDate":"2010-09-06","numberOfEmployees":{"@type":"QuantitativeValue","minValue":"11","maxValue":"50"}},{"@type":"Person","@id":"https:\/\/www.webdo.tn\/fr\/#\/schema\/person\/2c4929cbf5a809e3bd38617c6ce150f6","name":"MC","image":{"@type":"ImageObject","inLanguage":"fr-FR","@id":"https:\/\/secure.gravatar.com\/avatar\/a545bbb6f84efdd5553dbbc2895e3ca8f1d12c5215e00a041c9670b54aa9b18a?s=96&d=mm&r=g","url":"https:\/\/secure.gravatar.com\/avatar\/a545bbb6f84efdd5553dbbc2895e3ca8f1d12c5215e00a041c9670b54aa9b18a?s=96&d=mm&r=g","contentUrl":"https:\/\/secure.gravatar.com\/avatar\/a545bbb6f84efdd5553dbbc2895e3ca8f1d12c5215e00a041c9670b54aa9b18a?s=96&d=mm&r=g","caption":"MC"},"url":"https:\/\/www.webdo.tn\/fr\/actualite\/author\/mc\/"}]}},"_links":{"self":[{"href":"https:\/\/www.webdo.tn\/fr\/wp-json\/wp\/v2\/posts\/207567","targetHints":{"allow":["GET"]}}],"collection":[{"href":"https:\/\/www.webdo.tn\/fr\/wp-json\/wp\/v2\/posts"}],"about":[{"href":"https:\/\/www.webdo.tn\/fr\/wp-json\/wp\/v2\/types\/post"}],"author":[{"embeddable":true,"href":"https:\/\/www.webdo.tn\/fr\/wp-json\/wp\/v2\/users\/3162"}],"replies":[{"embeddable":true,"href":"https:\/\/www.webdo.tn\/fr\/wp-json\/wp\/v2\/comments?post=207567"}],"version-history":[{"count":0,"href":"https:\/\/www.webdo.tn\/fr\/wp-json\/wp\/v2\/posts\/207567\/revisions"}],"wp:featuredmedia":[{"embeddable":true,"href":"https:\/\/www.webdo.tn\/fr\/wp-json\/wp\/v2\/media\/249683"}],"wp:attachment":[{"href":"https:\/\/www.webdo.tn\/fr\/wp-json\/wp\/v2\/media?parent=207567"}],"wp:term":[{"taxonomy":"category","embeddable":true,"href":"https:\/\/www.webdo.tn\/fr\/wp-json\/wp\/v2\/categories?post=207567"},{"taxonomy":"post_tag","embeddable":true,"href":"https:\/\/www.webdo.tn\/fr\/wp-json\/wp\/v2\/tags?post=207567"}],"curies":[{"name":"wp","href":"https:\/\/api.w.org\/{rel}","templated":true}]}}