{"id":207561,"date":"2023-07-28T11:03:00","date_gmt":"2023-07-28T11:03:00","guid":{"rendered":"https:\/\/www.webdo.tn\/fr\/blog\/migration-la-tragedie-en-tunisie-doit-cesser-appelle-l-onu\/207561\/"},"modified":"2025-05-20T22:42:13","modified_gmt":"2025-05-20T22:42:13","slug":"migration-la-tragedie-en-tunisie-doit-cesser-appelle-l-onu","status":"publish","type":"post","link":"https:\/\/www.webdo.tn\/fr\/actualite\/national\/migration-la-tragedie-en-tunisie-doit-cesser-appelle-l-onu\/207561\/","title":{"rendered":"Migration : L&rsquo;ONU appelle \u00e0 stopper la trag\u00e9die en cours en Tunisie"},"content":{"rendered":"<p>Deux agences onusiennes ont exprim\u00e9 leur pr\u00e9occupation concernant la s\u00e9curit\u00e9 de centaines de migrants, r\u00e9fugi\u00e9s et demandeurs d&rsquo;asile en Tunisie, qui restent bloqu\u00e9s, selon elles, dans des conditions d\u00e9sastreuses apr\u00e8s leur \u00e9loignement vers des zones recul\u00e9es pr\u00e8s des fronti\u00e8res du pays avec la Libye et l&rsquo;Alg\u00e9rie.<\/p>\n<p>\t\t\t\t\t\t\t\t\t\u00ab Il est urgent de fournir une aide humanitaire essentielle et vitale pendant que des solutions urgentes et humaines sont trouv\u00e9es \u00bb, ont affirm\u00e9 l&rsquo;Agence des Nations Unies pour les r\u00e9fugi\u00e9s (HCR) et l&rsquo;Organisation internationale pour les migrations (OIM) dans un communiqu\u00e9 conjoint publi\u00e9 hier jeudi.\u00a0<\/p>\n<p>\u00ab Tragiquement, il y a d\u00e9j\u00e0 des rapports de pertes de vie parmi le groupe \u00bb, ont d\u00e9plor\u00e9 les deux agences, se disant \u00ab profond\u00e9ment attrist\u00e9es \u00bb par cette situation et pr\u00e9sentant \u00ab leurs condol\u00e9ances aux familles et aux communaut\u00e9s de ceux qui ont perdu la vie \u00bb, a-t-on communiqu\u00e9.\u00a0<\/p>\n<p>\u00ab Cette trag\u00e9die qui se d\u00e9roule doit cesser \u00bb, ont-elles dit, affirmant que \u00ab sauver des vies doit \u00eatre la priorit\u00e9 et les personnes bloqu\u00e9es doivent \u00eatre mises en s\u00e9curit\u00e9 \u00bb.<\/p>\n","protected":false},"excerpt":{"rendered":"<p>Deux agences onusiennes ont exprim\u00e9 leur pr\u00e9occupation concernant la s\u00e9curit\u00e9 de centaines de migrants, r\u00e9fugi\u00e9s et demandeurs d&rsquo;asile en Tunisie.<\/p>\n","protected":false},"author":3175,"featured_media":249686,"comment_status":"open","ping_status":"closed","sticky":false,"template":"","format":"standard","meta":{"footnotes":""},"categories":[44],"tags":[2615,2608,8164],"class_list":["post-207561","post","type-post","status-publish","format-standard","has-post-thumbnail","hentry","category-national","tag-migration","tag-tunisie","tag-un"],"yoast_head":"<!-- This site is optimized with the Yoast SEO Premium plugin v27.4 (Yoast SEO v27.4) - https:\/\/yoast.com\/product\/yoast-seo-premium-wordpress\/ -->\n<title>Migration : L&#039;ONU appelle \u00e0 stopper la trag\u00e9die en cours en Tunisie<\/title>\n<meta name=\"description\" content=\"Deux agences onusiennes ont exprim\u00e9 leur pr\u00e9occupation concernant la s\u00e9curit\u00e9 de centaines de migrants, r\u00e9fugi\u00e9s et demandeurs d&#039;asile en Tunisie.\" \/>\n<link rel=\"canonical\" href=\"https:\/\/www.webdo.tn\/fr\/actualite\/national\/migration-la-tragedie-en-tunisie-doit-cesser-appelle-l-onu\/207561\/\" \/>\n<meta property=\"og:locale\" content=\"fr_FR\" \/>\n<meta property=\"og:type\" content=\"article\" \/>\n<meta property=\"og:title\" content=\"Migration : L&#039;ONU appelle \u00e0 stopper la trag\u00e9die en cours en Tunisie\" \/>\n<meta property=\"og:description\" content=\"Deux agences onusiennes ont exprim\u00e9 leur pr\u00e9occupation concernant la s\u00e9curit\u00e9 de centaines de migrants, r\u00e9fugi\u00e9s et demandeurs d&#039;asile en Tunisie.\" \/>\n<meta property=\"og:url\" content=\"https:\/\/www.webdo.tn\/fr\/actualite\/national\/migration-la-tragedie-en-tunisie-doit-cesser-appelle-l-onu\/207561\/\" \/>\n<meta property=\"og:site_name\" content=\"webdo\" \/>\n<meta property=\"article:publisher\" content=\"https:\/\/www.facebook.com\/webdotn\" \/>\n<meta property=\"article:published_time\" content=\"2023-07-28T11:03:00+00:00\" \/>\n<meta property=\"article:modified_time\" content=\"2025-05-20T22:42:13+00:00\" \/>\n<meta property=\"og:image\" content=\"https:\/\/www.webdo.tn\/fr\/wp-content\/uploads\/2023\/07\/6ab70b54c2d67aafe96b8b352a4b010b.jpeg\" \/>\n\t<meta property=\"og:image:width\" content=\"670\" \/>\n\t<meta property=\"og:image:height\" content=\"357\" \/>\n\t<meta property=\"og:image:type\" content=\"image\/jpeg\" \/>\n<meta name=\"author\" content=\"CL\" \/>\n<meta name=\"twitter:card\" content=\"summary_large_image\" \/>\n<meta name=\"twitter:creator\" content=\"@webdo_tn\" \/>\n<meta name=\"twitter:site\" content=\"@webdo_tn\" \/>\n<meta name=\"twitter:label1\" content=\"\u00c9crit par\" \/>\n\t<meta name=\"twitter:data1\" content=\"CL\" \/>\n\t<meta name=\"twitter:label2\" content=\"Dur\u00e9e de lecture estim\u00e9e\" \/>\n\t<meta name=\"twitter:data2\" content=\"1 minute\" \/>\n<script type=\"application\/ld+json\" class=\"yoast-schema-graph\">{\"@context\":\"https:\\\/\\\/schema.org\",\"@graph\":[{\"@type\":\"NewsArticle\",\"@id\":\"https:\\\/\\\/www.webdo.tn\\\/fr\\\/actualite\\\/national\\\/migration-la-tragedie-en-tunisie-doit-cesser-appelle-l-onu\\\/207561\\\/#article\",\"isPartOf\":{\"@id\":\"https:\\\/\\\/www.webdo.tn\\\/fr\\\/actualite\\\/national\\\/migration-la-tragedie-en-tunisie-doit-cesser-appelle-l-onu\\\/207561\\\/\"},\"author\":{\"name\":\"CL\",\"@id\":\"https:\\\/\\\/www.webdo.tn\\\/fr\\\/#\\\/schema\\\/person\\\/f35b42a42c5e2511bbd282959d6385cc\"},\"headline\":\"Migration : L&rsquo;ONU appelle \u00e0 stopper la trag\u00e9die en cours en Tunisie\",\"datePublished\":\"2023-07-28T11:03:00+00:00\",\"dateModified\":\"2025-05-20T22:42:13+00:00\",\"mainEntityOfPage\":{\"@id\":\"https:\\\/\\\/www.webdo.tn\\\/fr\\\/actualite\\\/national\\\/migration-la-tragedie-en-tunisie-doit-cesser-appelle-l-onu\\\/207561\\\/\"},\"wordCount\":202,\"commentCount\":0,\"publisher\":{\"@id\":\"https:\\\/\\\/www.webdo.tn\\\/fr\\\/#organization\"},\"image\":{\"@id\":\"https:\\\/\\\/www.webdo.tn\\\/fr\\\/actualite\\\/national\\\/migration-la-tragedie-en-tunisie-doit-cesser-appelle-l-onu\\\/207561\\\/#primaryimage\"},\"thumbnailUrl\":\"https:\\\/\\\/www.webdo.tn\\\/fr\\\/wp-content\\\/uploads\\\/2023\\\/07\\\/6ab70b54c2d67aafe96b8b352a4b010b.jpeg\",\"keywords\":[\"Migration\",\"Tunisie\",\"UN\"],\"articleSection\":[\"National\"],\"inLanguage\":\"fr-FR\"},{\"@type\":\"WebPage\",\"@id\":\"https:\\\/\\\/www.webdo.tn\\\/fr\\\/actualite\\\/national\\\/migration-la-tragedie-en-tunisie-doit-cesser-appelle-l-onu\\\/207561\\\/\",\"url\":\"https:\\\/\\\/www.webdo.tn\\\/fr\\\/actualite\\\/national\\\/migration-la-tragedie-en-tunisie-doit-cesser-appelle-l-onu\\\/207561\\\/\",\"name\":\"Migration : L'ONU appelle \u00e0 stopper la trag\u00e9die en cours en Tunisie\",\"isPartOf\":{\"@id\":\"https:\\\/\\\/www.webdo.tn\\\/fr\\\/#website\"},\"primaryImageOfPage\":{\"@id\":\"https:\\\/\\\/www.webdo.tn\\\/fr\\\/actualite\\\/national\\\/migration-la-tragedie-en-tunisie-doit-cesser-appelle-l-onu\\\/207561\\\/#primaryimage\"},\"image\":{\"@id\":\"https:\\\/\\\/www.webdo.tn\\\/fr\\\/actualite\\\/national\\\/migration-la-tragedie-en-tunisie-doit-cesser-appelle-l-onu\\\/207561\\\/#primaryimage\"},\"thumbnailUrl\":\"https:\\\/\\\/www.webdo.tn\\\/fr\\\/wp-content\\\/uploads\\\/2023\\\/07\\\/6ab70b54c2d67aafe96b8b352a4b010b.jpeg\",\"datePublished\":\"2023-07-28T11:03:00+00:00\",\"dateModified\":\"2025-05-20T22:42:13+00:00\",\"description\":\"Deux agences onusiennes ont exprim\u00e9 leur pr\u00e9occupation concernant la s\u00e9curit\u00e9 de centaines de migrants, r\u00e9fugi\u00e9s et demandeurs d'asile en Tunisie.\",\"breadcrumb\":{\"@id\":\"https:\\\/\\\/www.webdo.tn\\\/fr\\\/actualite\\\/national\\\/migration-la-tragedie-en-tunisie-doit-cesser-appelle-l-onu\\\/207561\\\/#breadcrumb\"},\"inLanguage\":\"fr-FR\",\"potentialAction\":[{\"@type\":\"ReadAction\",\"target\":[\"https:\\\/\\\/www.webdo.tn\\\/fr\\\/actualite\\\/national\\\/migration-la-tragedie-en-tunisie-doit-cesser-appelle-l-onu\\\/207561\\\/\"]}]},{\"@type\":\"ImageObject\",\"inLanguage\":\"fr-FR\",\"@id\":\"https:\\\/\\\/www.webdo.tn\\\/fr\\\/actualite\\\/national\\\/migration-la-tragedie-en-tunisie-doit-cesser-appelle-l-onu\\\/207561\\\/#primaryimage\",\"url\":\"https:\\\/\\\/www.webdo.tn\\\/fr\\\/wp-content\\\/uploads\\\/2023\\\/07\\\/6ab70b54c2d67aafe96b8b352a4b010b.jpeg\",\"contentUrl\":\"https:\\\/\\\/www.webdo.tn\\\/fr\\\/wp-content\\\/uploads\\\/2023\\\/07\\\/6ab70b54c2d67aafe96b8b352a4b010b.jpeg\",\"width\":670,\"height\":357,\"caption\":\"Migration : L'ONU appelle \u00e0 stopper la trag\u00e9die en cours en Tunisie\"},{\"@type\":\"BreadcrumbList\",\"@id\":\"https:\\\/\\\/www.webdo.tn\\\/fr\\\/actualite\\\/national\\\/migration-la-tragedie-en-tunisie-doit-cesser-appelle-l-onu\\\/207561\\\/#breadcrumb\",\"itemListElement\":[{\"@type\":\"ListItem\",\"position\":1,\"name\":\"Accueil\",\"item\":\"https:\\\/\\\/www.webdo.tn\\\/fr\\\/\"},{\"@type\":\"ListItem\",\"position\":2,\"name\":\"Migration : L&#8217;ONU appelle \u00e0 stopper la trag\u00e9die en cours en Tunisie\"}]},{\"@type\":\"WebSite\",\"@id\":\"https:\\\/\\\/www.webdo.tn\\\/fr\\\/#website\",\"url\":\"https:\\\/\\\/www.webdo.tn\\\/fr\\\/\",\"name\":\"webdo\",\"description\":\"Tunisie - News en Tunisie et \u00e0 l&#039;international sur Webdo.tn\",\"publisher\":{\"@id\":\"https:\\\/\\\/www.webdo.tn\\\/fr\\\/#organization\"},\"potentialAction\":[{\"@type\":\"SearchAction\",\"target\":{\"@type\":\"EntryPoint\",\"urlTemplate\":\"https:\\\/\\\/www.webdo.tn\\\/fr\\\/?s={search_term_string}\"},\"query-input\":{\"@type\":\"PropertyValueSpecification\",\"valueRequired\":true,\"valueName\":\"search_term_string\"}}],\"inLanguage\":\"fr-FR\"},{\"@type\":\"Organization\",\"@id\":\"https:\\\/\\\/www.webdo.tn\\\/fr\\\/#organization\",\"name\":\"Webdo\",\"alternateName\":\"Webdo.tn\",\"url\":\"https:\\\/\\\/www.webdo.tn\\\/fr\\\/\",\"logo\":{\"@type\":\"ImageObject\",\"inLanguage\":\"fr-FR\",\"@id\":\"https:\\\/\\\/www.webdo.tn\\\/fr\\\/#\\\/schema\\\/logo\\\/image\\\/\",\"url\":\"https:\\\/\\\/www.webdo.tn\\\/fr\\\/wp-content\\\/uploads\\\/2025\\\/06\\\/Webdo-Tunisie_168377.jpg\",\"contentUrl\":\"https:\\\/\\\/www.webdo.tn\\\/fr\\\/wp-content\\\/uploads\\\/2025\\\/06\\\/Webdo-Tunisie_168377.jpg\",\"width\":301,\"height\":301,\"caption\":\"Webdo\"},\"image\":{\"@id\":\"https:\\\/\\\/www.webdo.tn\\\/fr\\\/#\\\/schema\\\/logo\\\/image\\\/\"},\"sameAs\":[\"https:\\\/\\\/www.facebook.com\\\/webdotn\",\"https:\\\/\\\/x.com\\\/webdo_tn\"],\"description\":\"Webdo est un m\u00e9dia num\u00e9rique tunisien fond\u00e9 en 2010, sp\u00e9cialis\u00e9 dans l\u2019actualit\u00e9 nationale et internationale, l\u2019\u00e9conomie, la soci\u00e9t\u00e9 et les analyses politiques. Le site s\u2019adresse \u00e0 un large public francophone et couvre l\u2019information tunisienne en temps r\u00e9el.\",\"email\":\"redac@webdo.tn\",\"legalName\":\"YNJ SARL\",\"foundingDate\":\"2010-09-06\",\"numberOfEmployees\":{\"@type\":\"QuantitativeValue\",\"minValue\":\"11\",\"maxValue\":\"50\"}},{\"@type\":\"Person\",\"@id\":\"https:\\\/\\\/www.webdo.tn\\\/fr\\\/#\\\/schema\\\/person\\\/f35b42a42c5e2511bbd282959d6385cc\",\"name\":\"CL\",\"image\":{\"@type\":\"ImageObject\",\"inLanguage\":\"fr-FR\",\"@id\":\"https:\\\/\\\/secure.gravatar.com\\\/avatar\\\/1447a49909b67aa657c488aec6512e1dd6143a480c1ecfee9b5b5cd74eb3b59e?s=96&d=mm&r=g\",\"url\":\"https:\\\/\\\/secure.gravatar.com\\\/avatar\\\/1447a49909b67aa657c488aec6512e1dd6143a480c1ecfee9b5b5cd74eb3b59e?s=96&d=mm&r=g\",\"contentUrl\":\"https:\\\/\\\/secure.gravatar.com\\\/avatar\\\/1447a49909b67aa657c488aec6512e1dd6143a480c1ecfee9b5b5cd74eb3b59e?s=96&d=mm&r=g\",\"caption\":\"CL\"},\"url\":\"https:\\\/\\\/www.webdo.tn\\\/fr\\\/actualite\\\/author\\\/cl\\\/\"}]}<\/script>\n<!-- \/ Yoast SEO Premium plugin. -->","yoast_head_json":{"title":"Migration : L'ONU appelle \u00e0 stopper la trag\u00e9die en cours en Tunisie","description":"Deux agences onusiennes ont exprim\u00e9 leur pr\u00e9occupation concernant la s\u00e9curit\u00e9 de centaines de migrants, r\u00e9fugi\u00e9s et demandeurs d'asile en Tunisie.","canonical":"https:\/\/www.webdo.tn\/fr\/actualite\/national\/migration-la-tragedie-en-tunisie-doit-cesser-appelle-l-onu\/207561\/","og_locale":"fr_FR","og_type":"article","og_title":"Migration : L'ONU appelle \u00e0 stopper la trag\u00e9die en cours en Tunisie","og_description":"Deux agences onusiennes ont exprim\u00e9 leur pr\u00e9occupation concernant la s\u00e9curit\u00e9 de centaines de migrants, r\u00e9fugi\u00e9s et demandeurs d'asile en Tunisie.","og_url":"https:\/\/www.webdo.tn\/fr\/actualite\/national\/migration-la-tragedie-en-tunisie-doit-cesser-appelle-l-onu\/207561\/","og_site_name":"webdo","article_publisher":"https:\/\/www.facebook.com\/webdotn","article_published_time":"2023-07-28T11:03:00+00:00","article_modified_time":"2025-05-20T22:42:13+00:00","og_image":[{"width":670,"height":357,"url":"https:\/\/www.webdo.tn\/fr\/wp-content\/uploads\/2023\/07\/6ab70b54c2d67aafe96b8b352a4b010b.jpeg","type":"image\/jpeg"}],"author":"CL","twitter_card":"summary_large_image","twitter_creator":"@webdo_tn","twitter_site":"@webdo_tn","twitter_misc":{"\u00c9crit par":"CL","Dur\u00e9e de lecture estim\u00e9e":"1 minute"},"schema":{"@context":"https:\/\/schema.org","@graph":[{"@type":"NewsArticle","@id":"https:\/\/www.webdo.tn\/fr\/actualite\/national\/migration-la-tragedie-en-tunisie-doit-cesser-appelle-l-onu\/207561\/#article","isPartOf":{"@id":"https:\/\/www.webdo.tn\/fr\/actualite\/national\/migration-la-tragedie-en-tunisie-doit-cesser-appelle-l-onu\/207561\/"},"author":{"name":"CL","@id":"https:\/\/www.webdo.tn\/fr\/#\/schema\/person\/f35b42a42c5e2511bbd282959d6385cc"},"headline":"Migration : L&rsquo;ONU appelle \u00e0 stopper la trag\u00e9die en cours en Tunisie","datePublished":"2023-07-28T11:03:00+00:00","dateModified":"2025-05-20T22:42:13+00:00","mainEntityOfPage":{"@id":"https:\/\/www.webdo.tn\/fr\/actualite\/national\/migration-la-tragedie-en-tunisie-doit-cesser-appelle-l-onu\/207561\/"},"wordCount":202,"commentCount":0,"publisher":{"@id":"https:\/\/www.webdo.tn\/fr\/#organization"},"image":{"@id":"https:\/\/www.webdo.tn\/fr\/actualite\/national\/migration-la-tragedie-en-tunisie-doit-cesser-appelle-l-onu\/207561\/#primaryimage"},"thumbnailUrl":"https:\/\/www.webdo.tn\/fr\/wp-content\/uploads\/2023\/07\/6ab70b54c2d67aafe96b8b352a4b010b.jpeg","keywords":["Migration","Tunisie","UN"],"articleSection":["National"],"inLanguage":"fr-FR"},{"@type":"WebPage","@id":"https:\/\/www.webdo.tn\/fr\/actualite\/national\/migration-la-tragedie-en-tunisie-doit-cesser-appelle-l-onu\/207561\/","url":"https:\/\/www.webdo.tn\/fr\/actualite\/national\/migration-la-tragedie-en-tunisie-doit-cesser-appelle-l-onu\/207561\/","name":"Migration : L'ONU appelle \u00e0 stopper la trag\u00e9die en cours en Tunisie","isPartOf":{"@id":"https:\/\/www.webdo.tn\/fr\/#website"},"primaryImageOfPage":{"@id":"https:\/\/www.webdo.tn\/fr\/actualite\/national\/migration-la-tragedie-en-tunisie-doit-cesser-appelle-l-onu\/207561\/#primaryimage"},"image":{"@id":"https:\/\/www.webdo.tn\/fr\/actualite\/national\/migration-la-tragedie-en-tunisie-doit-cesser-appelle-l-onu\/207561\/#primaryimage"},"thumbnailUrl":"https:\/\/www.webdo.tn\/fr\/wp-content\/uploads\/2023\/07\/6ab70b54c2d67aafe96b8b352a4b010b.jpeg","datePublished":"2023-07-28T11:03:00+00:00","dateModified":"2025-05-20T22:42:13+00:00","description":"Deux agences onusiennes ont exprim\u00e9 leur pr\u00e9occupation concernant la s\u00e9curit\u00e9 de centaines de migrants, r\u00e9fugi\u00e9s et demandeurs d'asile en Tunisie.","breadcrumb":{"@id":"https:\/\/www.webdo.tn\/fr\/actualite\/national\/migration-la-tragedie-en-tunisie-doit-cesser-appelle-l-onu\/207561\/#breadcrumb"},"inLanguage":"fr-FR","potentialAction":[{"@type":"ReadAction","target":["https:\/\/www.webdo.tn\/fr\/actualite\/national\/migration-la-tragedie-en-tunisie-doit-cesser-appelle-l-onu\/207561\/"]}]},{"@type":"ImageObject","inLanguage":"fr-FR","@id":"https:\/\/www.webdo.tn\/fr\/actualite\/national\/migration-la-tragedie-en-tunisie-doit-cesser-appelle-l-onu\/207561\/#primaryimage","url":"https:\/\/www.webdo.tn\/fr\/wp-content\/uploads\/2023\/07\/6ab70b54c2d67aafe96b8b352a4b010b.jpeg","contentUrl":"https:\/\/www.webdo.tn\/fr\/wp-content\/uploads\/2023\/07\/6ab70b54c2d67aafe96b8b352a4b010b.jpeg","width":670,"height":357,"caption":"Migration : L'ONU appelle \u00e0 stopper la trag\u00e9die en cours en Tunisie"},{"@type":"BreadcrumbList","@id":"https:\/\/www.webdo.tn\/fr\/actualite\/national\/migration-la-tragedie-en-tunisie-doit-cesser-appelle-l-onu\/207561\/#breadcrumb","itemListElement":[{"@type":"ListItem","position":1,"name":"Accueil","item":"https:\/\/www.webdo.tn\/fr\/"},{"@type":"ListItem","position":2,"name":"Migration : L&#8217;ONU appelle \u00e0 stopper la trag\u00e9die en cours en Tunisie"}]},{"@type":"WebSite","@id":"https:\/\/www.webdo.tn\/fr\/#website","url":"https:\/\/www.webdo.tn\/fr\/","name":"webdo","description":"Tunisie - News en Tunisie et \u00e0 l&#039;international sur Webdo.tn","publisher":{"@id":"https:\/\/www.webdo.tn\/fr\/#organization"},"potentialAction":[{"@type":"SearchAction","target":{"@type":"EntryPoint","urlTemplate":"https:\/\/www.webdo.tn\/fr\/?s={search_term_string}"},"query-input":{"@type":"PropertyValueSpecification","valueRequired":true,"valueName":"search_term_string"}}],"inLanguage":"fr-FR"},{"@type":"Organization","@id":"https:\/\/www.webdo.tn\/fr\/#organization","name":"Webdo","alternateName":"Webdo.tn","url":"https:\/\/www.webdo.tn\/fr\/","logo":{"@type":"ImageObject","inLanguage":"fr-FR","@id":"https:\/\/www.webdo.tn\/fr\/#\/schema\/logo\/image\/","url":"https:\/\/www.webdo.tn\/fr\/wp-content\/uploads\/2025\/06\/Webdo-Tunisie_168377.jpg","contentUrl":"https:\/\/www.webdo.tn\/fr\/wp-content\/uploads\/2025\/06\/Webdo-Tunisie_168377.jpg","width":301,"height":301,"caption":"Webdo"},"image":{"@id":"https:\/\/www.webdo.tn\/fr\/#\/schema\/logo\/image\/"},"sameAs":["https:\/\/www.facebook.com\/webdotn","https:\/\/x.com\/webdo_tn"],"description":"Webdo est un m\u00e9dia num\u00e9rique tunisien fond\u00e9 en 2010, sp\u00e9cialis\u00e9 dans l\u2019actualit\u00e9 nationale et internationale, l\u2019\u00e9conomie, la soci\u00e9t\u00e9 et les analyses politiques. Le site s\u2019adresse \u00e0 un large public francophone et couvre l\u2019information tunisienne en temps r\u00e9el.","email":"redac@webdo.tn","legalName":"YNJ SARL","foundingDate":"2010-09-06","numberOfEmployees":{"@type":"QuantitativeValue","minValue":"11","maxValue":"50"}},{"@type":"Person","@id":"https:\/\/www.webdo.tn\/fr\/#\/schema\/person\/f35b42a42c5e2511bbd282959d6385cc","name":"CL","image":{"@type":"ImageObject","inLanguage":"fr-FR","@id":"https:\/\/secure.gravatar.com\/avatar\/1447a49909b67aa657c488aec6512e1dd6143a480c1ecfee9b5b5cd74eb3b59e?s=96&d=mm&r=g","url":"https:\/\/secure.gravatar.com\/avatar\/1447a49909b67aa657c488aec6512e1dd6143a480c1ecfee9b5b5cd74eb3b59e?s=96&d=mm&r=g","contentUrl":"https:\/\/secure.gravatar.com\/avatar\/1447a49909b67aa657c488aec6512e1dd6143a480c1ecfee9b5b5cd74eb3b59e?s=96&d=mm&r=g","caption":"CL"},"url":"https:\/\/www.webdo.tn\/fr\/actualite\/author\/cl\/"}]}},"_links":{"self":[{"href":"https:\/\/www.webdo.tn\/fr\/wp-json\/wp\/v2\/posts\/207561","targetHints":{"allow":["GET"]}}],"collection":[{"href":"https:\/\/www.webdo.tn\/fr\/wp-json\/wp\/v2\/posts"}],"about":[{"href":"https:\/\/www.webdo.tn\/fr\/wp-json\/wp\/v2\/types\/post"}],"author":[{"embeddable":true,"href":"https:\/\/www.webdo.tn\/fr\/wp-json\/wp\/v2\/users\/3175"}],"replies":[{"embeddable":true,"href":"https:\/\/www.webdo.tn\/fr\/wp-json\/wp\/v2\/comments?post=207561"}],"version-history":[{"count":0,"href":"https:\/\/www.webdo.tn\/fr\/wp-json\/wp\/v2\/posts\/207561\/revisions"}],"wp:featuredmedia":[{"embeddable":true,"href":"https:\/\/www.webdo.tn\/fr\/wp-json\/wp\/v2\/media\/249686"}],"wp:attachment":[{"href":"https:\/\/www.webdo.tn\/fr\/wp-json\/wp\/v2\/media?parent=207561"}],"wp:term":[{"taxonomy":"category","embeddable":true,"href":"https:\/\/www.webdo.tn\/fr\/wp-json\/wp\/v2\/categories?post=207561"},{"taxonomy":"post_tag","embeddable":true,"href":"https:\/\/www.webdo.tn\/fr\/wp-json\/wp\/v2\/tags?post=207561"}],"curies":[{"name":"wp","href":"https:\/\/api.w.org\/{rel}","templated":true}]}}