{"id":207551,"date":"2023-07-28T08:36:00","date_gmt":"2023-07-28T08:36:00","guid":{"rendered":"https:\/\/www.webdo.tn\/fr\/blog\/la-tunisie-evoque-avec-la-russie-les-moyens-d-importer-des-cereales-a-des-prix-preferentiels\/207551\/"},"modified":"2025-05-20T22:42:11","modified_gmt":"2025-05-20T22:42:11","slug":"la-tunisie-evoque-avec-la-russie-les-moyens-d-importer-des-cereales-a-des-prix-preferentiels","status":"publish","type":"post","link":"https:\/\/www.webdo.tn\/fr\/actualite\/national\/la-tunisie-evoque-avec-la-russie-les-moyens-d-importer-des-cereales-a-des-prix-preferentiels\/207551\/","title":{"rendered":"La Tunisie \u00e9voque avec la Russie les moyens d\u2019importer des c\u00e9r\u00e9ales \u00e0 des prix pr\u00e9f\u00e9rentiels"},"content":{"rendered":"<p>Le ministre des Affaires \u00e9trang\u00e8res, de la Migration et des Tunisiens \u00e0 l&rsquo;\u00e9tranger, Nabil Ammar, s&rsquo;est entretenu, ce jeudi, \u00e0 Moscou avec son homologue russe Sergue\u00ef Lavrov, en marge du Forum \u00e9conomique et humanitaire, qui s&rsquo;est ouvert jeudi 27 juillet 2023, en Russie.<\/p>\n<p>\t\t\t\t\t\t\t\t\tAu cours de cette r\u00e9union, Nabil Ammar a soulign\u00e9 le besoin pour la Tunisie d&rsquo;importer des quantit\u00e9s importantes de c\u00e9r\u00e9ales et d&rsquo;engrais russes, invitant son homologue \u00e0 \u00ab\u00a0soutenir les efforts de la Tunisie en la mati\u00e8re afin d&rsquo;obtenir des prix pr\u00e9f\u00e9rentiels\u00a0\u00bb.<\/p>\n<p>A cette occasion, les deux ministres ont pass\u00e9 en revue les opportunit\u00e9s offertes pour renforcer la coop\u00e9ration dans divers domaines, intensifier le rythme des visites de haut niveau et \u0153uvrer \u00e0 la tenue, au plus vite, de la 8\u00e8 \u00e9dition de la commission gouvernementale mixte.<\/p>\n<p>Les deux parties sont convenues de renforcer la coop\u00e9ration bilat\u00e9rale afin de r\u00e9pondre aux aspirations des deux peuples et d&rsquo;intensifier les visites vers les deux sens.<br \/>\nLa Tunisie participe \u00e0 la deuxi\u00e8me \u00e9dition du Sommet Russie-Afrique, qui se d\u00e9roulera les 27 et 28 juillet, \u00e0 Saint-P\u00e9tersbourg (Russie).<\/p>\n<p>Le ministre des Affaires \u00e9trang\u00e8res, de la Migration et des Tunisiens \u00e0 l&rsquo;\u00e9tranger, Nabil Ammar, a \u00e9t\u00e9 charg\u00e9 par le pr\u00e9sident de la R\u00e9publique, Ka\u00efs Sa\u00efed, de pr\u00e9sider la d\u00e9l\u00e9gation tunisienne \u00e0 ce sommet, plac\u00e9 sous le slogan \u00ab\u00a0Pour la paix, la s\u00e9curit\u00e9 et le d\u00e9veloppement\u00a0\u00bb.<\/p>\n","protected":false},"excerpt":{"rendered":"<p>Le ministre des Affaires \u00e9trang\u00e8res, de la Migration et des Tunisiens \u00e0 l&rsquo;\u00e9tranger, Nabil Ammar, s&rsquo;est entretenu, ce jeudi, \u00e0 Moscou avec son homologue russe Se&#8230;<\/p>\n","protected":false},"author":3175,"featured_media":249678,"comment_status":"open","ping_status":"closed","sticky":false,"template":"","format":"standard","meta":{"footnotes":""},"categories":[44],"tags":[3415,3299,2608],"class_list":["post-207551","post","type-post","status-publish","format-standard","has-post-thumbnail","hentry","category-national","tag-cereales","tag-russie","tag-tunisie"],"yoast_head":"<!-- This site is optimized with the Yoast SEO Premium plugin v27.5 (Yoast SEO v27.5) - https:\/\/yoast.com\/product\/yoast-seo-premium-wordpress\/ -->\n<title>La Tunisie \u00e9voque avec la Russie les moyens d\u2019importer des c\u00e9r\u00e9ales \u00e0 des prix pr\u00e9f\u00e9rentiels<\/title>\n<meta name=\"description\" content=\"Le ministre des Affaires \u00e9trang\u00e8res, de la Migration et des Tunisiens \u00e0 l&#039;\u00e9tranger, Nabil Ammar, s&#039;est entretenu, ce jeudi, \u00e0 Moscou avec son homologue russe Se...\" \/>\n<link rel=\"canonical\" href=\"https:\/\/www.webdo.tn\/fr\/actualite\/national\/la-tunisie-evoque-avec-la-russie-les-moyens-d-importer-des-cereales-a-des-prix-preferentiels\/207551\/\" \/>\n<meta property=\"og:locale\" content=\"fr_FR\" \/>\n<meta property=\"og:type\" content=\"article\" \/>\n<meta property=\"og:title\" content=\"La Tunisie \u00e9voque avec la Russie les moyens d\u2019importer des c\u00e9r\u00e9ales \u00e0 des prix pr\u00e9f\u00e9rentiels\" \/>\n<meta property=\"og:description\" content=\"Le ministre des Affaires \u00e9trang\u00e8res, de la Migration et des Tunisiens \u00e0 l&#039;\u00e9tranger, Nabil Ammar, s&#039;est entretenu, ce jeudi, \u00e0 Moscou avec son homologue russe Se...\" \/>\n<meta property=\"og:url\" content=\"https:\/\/www.webdo.tn\/fr\/actualite\/national\/la-tunisie-evoque-avec-la-russie-les-moyens-d-importer-des-cereales-a-des-prix-preferentiels\/207551\/\" \/>\n<meta property=\"og:site_name\" content=\"webdo\" \/>\n<meta property=\"article:publisher\" content=\"https:\/\/www.facebook.com\/webdotn\" \/>\n<meta property=\"article:published_time\" content=\"2023-07-28T08:36:00+00:00\" \/>\n<meta property=\"article:modified_time\" content=\"2025-05-20T22:42:11+00:00\" \/>\n<meta property=\"og:image\" content=\"https:\/\/www.webdo.tn\/fr\/wp-content\/uploads\/2023\/07\/340dcc289fc6d846d58a9d4b0ae19587.jpg\" \/>\n\t<meta property=\"og:image:width\" content=\"750\" \/>\n\t<meta property=\"og:image:height\" content=\"400\" \/>\n\t<meta property=\"og:image:type\" content=\"image\/jpeg\" \/>\n<meta name=\"author\" content=\"CL\" \/>\n<meta name=\"twitter:card\" content=\"summary_large_image\" \/>\n<meta name=\"twitter:creator\" content=\"@webdo_tn\" \/>\n<meta name=\"twitter:site\" content=\"@webdo_tn\" \/>\n<meta name=\"twitter:label1\" content=\"\u00c9crit par\" \/>\n\t<meta name=\"twitter:data1\" content=\"CL\" \/>\n\t<meta name=\"twitter:label2\" content=\"Dur\u00e9e de lecture estim\u00e9e\" \/>\n\t<meta name=\"twitter:data2\" content=\"1 minute\" \/>\n<script type=\"application\/ld+json\" class=\"yoast-schema-graph\">{\"@context\":\"https:\\\/\\\/schema.org\",\"@graph\":[{\"@type\":\"NewsArticle\",\"@id\":\"https:\\\/\\\/www.webdo.tn\\\/fr\\\/actualite\\\/national\\\/la-tunisie-evoque-avec-la-russie-les-moyens-d-importer-des-cereales-a-des-prix-preferentiels\\\/207551\\\/#article\",\"isPartOf\":{\"@id\":\"https:\\\/\\\/www.webdo.tn\\\/fr\\\/actualite\\\/national\\\/la-tunisie-evoque-avec-la-russie-les-moyens-d-importer-des-cereales-a-des-prix-preferentiels\\\/207551\\\/\"},\"author\":{\"name\":\"CL\",\"@id\":\"https:\\\/\\\/www.webdo.tn\\\/fr\\\/#\\\/schema\\\/person\\\/f35b42a42c5e2511bbd282959d6385cc\"},\"headline\":\"La Tunisie \u00e9voque avec la Russie les moyens d\u2019importer des c\u00e9r\u00e9ales \u00e0 des prix pr\u00e9f\u00e9rentiels\",\"datePublished\":\"2023-07-28T08:36:00+00:00\",\"dateModified\":\"2025-05-20T22:42:11+00:00\",\"mainEntityOfPage\":{\"@id\":\"https:\\\/\\\/www.webdo.tn\\\/fr\\\/actualite\\\/national\\\/la-tunisie-evoque-avec-la-russie-les-moyens-d-importer-des-cereales-a-des-prix-preferentiels\\\/207551\\\/\"},\"wordCount\":262,\"commentCount\":0,\"publisher\":{\"@id\":\"https:\\\/\\\/www.webdo.tn\\\/fr\\\/#organization\"},\"image\":{\"@id\":\"https:\\\/\\\/www.webdo.tn\\\/fr\\\/actualite\\\/national\\\/la-tunisie-evoque-avec-la-russie-les-moyens-d-importer-des-cereales-a-des-prix-preferentiels\\\/207551\\\/#primaryimage\"},\"thumbnailUrl\":\"https:\\\/\\\/www.webdo.tn\\\/fr\\\/wp-content\\\/uploads\\\/2023\\\/07\\\/340dcc289fc6d846d58a9d4b0ae19587.jpg\",\"keywords\":[\"c\u00e9r\u00e9ales\",\"Russie\",\"Tunisie\"],\"articleSection\":[\"National\"],\"inLanguage\":\"fr-FR\"},{\"@type\":\"WebPage\",\"@id\":\"https:\\\/\\\/www.webdo.tn\\\/fr\\\/actualite\\\/national\\\/la-tunisie-evoque-avec-la-russie-les-moyens-d-importer-des-cereales-a-des-prix-preferentiels\\\/207551\\\/\",\"url\":\"https:\\\/\\\/www.webdo.tn\\\/fr\\\/actualite\\\/national\\\/la-tunisie-evoque-avec-la-russie-les-moyens-d-importer-des-cereales-a-des-prix-preferentiels\\\/207551\\\/\",\"name\":\"La Tunisie \u00e9voque avec la Russie les moyens d\u2019importer des c\u00e9r\u00e9ales \u00e0 des prix pr\u00e9f\u00e9rentiels\",\"isPartOf\":{\"@id\":\"https:\\\/\\\/www.webdo.tn\\\/fr\\\/#website\"},\"primaryImageOfPage\":{\"@id\":\"https:\\\/\\\/www.webdo.tn\\\/fr\\\/actualite\\\/national\\\/la-tunisie-evoque-avec-la-russie-les-moyens-d-importer-des-cereales-a-des-prix-preferentiels\\\/207551\\\/#primaryimage\"},\"image\":{\"@id\":\"https:\\\/\\\/www.webdo.tn\\\/fr\\\/actualite\\\/national\\\/la-tunisie-evoque-avec-la-russie-les-moyens-d-importer-des-cereales-a-des-prix-preferentiels\\\/207551\\\/#primaryimage\"},\"thumbnailUrl\":\"https:\\\/\\\/www.webdo.tn\\\/fr\\\/wp-content\\\/uploads\\\/2023\\\/07\\\/340dcc289fc6d846d58a9d4b0ae19587.jpg\",\"datePublished\":\"2023-07-28T08:36:00+00:00\",\"dateModified\":\"2025-05-20T22:42:11+00:00\",\"description\":\"Le ministre des Affaires \u00e9trang\u00e8res, de la Migration et des Tunisiens \u00e0 l'\u00e9tranger, Nabil Ammar, s'est entretenu, ce jeudi, \u00e0 Moscou avec son homologue russe Se...\",\"breadcrumb\":{\"@id\":\"https:\\\/\\\/www.webdo.tn\\\/fr\\\/actualite\\\/national\\\/la-tunisie-evoque-avec-la-russie-les-moyens-d-importer-des-cereales-a-des-prix-preferentiels\\\/207551\\\/#breadcrumb\"},\"inLanguage\":\"fr-FR\",\"potentialAction\":[{\"@type\":\"ReadAction\",\"target\":[\"https:\\\/\\\/www.webdo.tn\\\/fr\\\/actualite\\\/national\\\/la-tunisie-evoque-avec-la-russie-les-moyens-d-importer-des-cereales-a-des-prix-preferentiels\\\/207551\\\/\"]}]},{\"@type\":\"ImageObject\",\"inLanguage\":\"fr-FR\",\"@id\":\"https:\\\/\\\/www.webdo.tn\\\/fr\\\/actualite\\\/national\\\/la-tunisie-evoque-avec-la-russie-les-moyens-d-importer-des-cereales-a-des-prix-preferentiels\\\/207551\\\/#primaryimage\",\"url\":\"https:\\\/\\\/www.webdo.tn\\\/fr\\\/wp-content\\\/uploads\\\/2023\\\/07\\\/340dcc289fc6d846d58a9d4b0ae19587.jpg\",\"contentUrl\":\"https:\\\/\\\/www.webdo.tn\\\/fr\\\/wp-content\\\/uploads\\\/2023\\\/07\\\/340dcc289fc6d846d58a9d4b0ae19587.jpg\",\"width\":750,\"height\":400,\"caption\":\"La Tunisie \u00e9voque avec la Russie les moyens d\u2019importer des c\u00e9r\u00e9ales \u00e0 des prix pr\u00e9f\u00e9rentiels\"},{\"@type\":\"BreadcrumbList\",\"@id\":\"https:\\\/\\\/www.webdo.tn\\\/fr\\\/actualite\\\/national\\\/la-tunisie-evoque-avec-la-russie-les-moyens-d-importer-des-cereales-a-des-prix-preferentiels\\\/207551\\\/#breadcrumb\",\"itemListElement\":[{\"@type\":\"ListItem\",\"position\":1,\"name\":\"Accueil\",\"item\":\"https:\\\/\\\/www.webdo.tn\\\/fr\\\/\"},{\"@type\":\"ListItem\",\"position\":2,\"name\":\"La Tunisie \u00e9voque avec la Russie les moyens d\u2019importer des c\u00e9r\u00e9ales \u00e0 des prix pr\u00e9f\u00e9rentiels\"}]},{\"@type\":\"WebSite\",\"@id\":\"https:\\\/\\\/www.webdo.tn\\\/fr\\\/#website\",\"url\":\"https:\\\/\\\/www.webdo.tn\\\/fr\\\/\",\"name\":\"webdo\",\"description\":\"Tunisie - News en Tunisie et \u00e0 l&#039;international sur Webdo.tn\",\"publisher\":{\"@id\":\"https:\\\/\\\/www.webdo.tn\\\/fr\\\/#organization\"},\"potentialAction\":[{\"@type\":\"SearchAction\",\"target\":{\"@type\":\"EntryPoint\",\"urlTemplate\":\"https:\\\/\\\/www.webdo.tn\\\/fr\\\/?s={search_term_string}\"},\"query-input\":{\"@type\":\"PropertyValueSpecification\",\"valueRequired\":true,\"valueName\":\"search_term_string\"}}],\"inLanguage\":\"fr-FR\"},{\"@type\":\"Organization\",\"@id\":\"https:\\\/\\\/www.webdo.tn\\\/fr\\\/#organization\",\"name\":\"Webdo\",\"alternateName\":\"Webdo.tn\",\"url\":\"https:\\\/\\\/www.webdo.tn\\\/fr\\\/\",\"logo\":{\"@type\":\"ImageObject\",\"inLanguage\":\"fr-FR\",\"@id\":\"https:\\\/\\\/www.webdo.tn\\\/fr\\\/#\\\/schema\\\/logo\\\/image\\\/\",\"url\":\"https:\\\/\\\/www.webdo.tn\\\/fr\\\/wp-content\\\/uploads\\\/2025\\\/06\\\/Webdo-Tunisie_168377.jpg\",\"contentUrl\":\"https:\\\/\\\/www.webdo.tn\\\/fr\\\/wp-content\\\/uploads\\\/2025\\\/06\\\/Webdo-Tunisie_168377.jpg\",\"width\":301,\"height\":301,\"caption\":\"Webdo\"},\"image\":{\"@id\":\"https:\\\/\\\/www.webdo.tn\\\/fr\\\/#\\\/schema\\\/logo\\\/image\\\/\"},\"sameAs\":[\"https:\\\/\\\/www.facebook.com\\\/webdotn\",\"https:\\\/\\\/x.com\\\/webdo_tn\"],\"description\":\"Webdo est un m\u00e9dia num\u00e9rique tunisien fond\u00e9 en 2010, sp\u00e9cialis\u00e9 dans l\u2019actualit\u00e9 nationale et internationale, l\u2019\u00e9conomie, la soci\u00e9t\u00e9 et les analyses politiques. Le site s\u2019adresse \u00e0 un large public francophone et couvre l\u2019information tunisienne en temps r\u00e9el.\",\"email\":\"redac@webdo.tn\",\"legalName\":\"YNJ SARL\",\"foundingDate\":\"2010-09-06\",\"numberOfEmployees\":{\"@type\":\"QuantitativeValue\",\"minValue\":\"11\",\"maxValue\":\"50\"}},{\"@type\":\"Person\",\"@id\":\"https:\\\/\\\/www.webdo.tn\\\/fr\\\/#\\\/schema\\\/person\\\/f35b42a42c5e2511bbd282959d6385cc\",\"name\":\"CL\",\"image\":{\"@type\":\"ImageObject\",\"inLanguage\":\"fr-FR\",\"@id\":\"https:\\\/\\\/secure.gravatar.com\\\/avatar\\\/1447a49909b67aa657c488aec6512e1dd6143a480c1ecfee9b5b5cd74eb3b59e?s=96&d=mm&r=g\",\"url\":\"https:\\\/\\\/secure.gravatar.com\\\/avatar\\\/1447a49909b67aa657c488aec6512e1dd6143a480c1ecfee9b5b5cd74eb3b59e?s=96&d=mm&r=g\",\"contentUrl\":\"https:\\\/\\\/secure.gravatar.com\\\/avatar\\\/1447a49909b67aa657c488aec6512e1dd6143a480c1ecfee9b5b5cd74eb3b59e?s=96&d=mm&r=g\",\"caption\":\"CL\"},\"url\":\"https:\\\/\\\/www.webdo.tn\\\/fr\\\/actualite\\\/author\\\/cl\\\/\"}]}<\/script>\n<!-- \/ Yoast SEO Premium plugin. -->","yoast_head_json":{"title":"La Tunisie \u00e9voque avec la Russie les moyens d\u2019importer des c\u00e9r\u00e9ales \u00e0 des prix pr\u00e9f\u00e9rentiels","description":"Le ministre des Affaires \u00e9trang\u00e8res, de la Migration et des Tunisiens \u00e0 l'\u00e9tranger, Nabil Ammar, s'est entretenu, ce jeudi, \u00e0 Moscou avec son homologue russe Se...","canonical":"https:\/\/www.webdo.tn\/fr\/actualite\/national\/la-tunisie-evoque-avec-la-russie-les-moyens-d-importer-des-cereales-a-des-prix-preferentiels\/207551\/","og_locale":"fr_FR","og_type":"article","og_title":"La Tunisie \u00e9voque avec la Russie les moyens d\u2019importer des c\u00e9r\u00e9ales \u00e0 des prix pr\u00e9f\u00e9rentiels","og_description":"Le ministre des Affaires \u00e9trang\u00e8res, de la Migration et des Tunisiens \u00e0 l'\u00e9tranger, Nabil Ammar, s'est entretenu, ce jeudi, \u00e0 Moscou avec son homologue russe Se...","og_url":"https:\/\/www.webdo.tn\/fr\/actualite\/national\/la-tunisie-evoque-avec-la-russie-les-moyens-d-importer-des-cereales-a-des-prix-preferentiels\/207551\/","og_site_name":"webdo","article_publisher":"https:\/\/www.facebook.com\/webdotn","article_published_time":"2023-07-28T08:36:00+00:00","article_modified_time":"2025-05-20T22:42:11+00:00","og_image":[{"width":750,"height":400,"url":"https:\/\/www.webdo.tn\/fr\/wp-content\/uploads\/2023\/07\/340dcc289fc6d846d58a9d4b0ae19587.jpg","type":"image\/jpeg"}],"author":"CL","twitter_card":"summary_large_image","twitter_creator":"@webdo_tn","twitter_site":"@webdo_tn","twitter_misc":{"\u00c9crit par":"CL","Dur\u00e9e de lecture estim\u00e9e":"1 minute"},"schema":{"@context":"https:\/\/schema.org","@graph":[{"@type":"NewsArticle","@id":"https:\/\/www.webdo.tn\/fr\/actualite\/national\/la-tunisie-evoque-avec-la-russie-les-moyens-d-importer-des-cereales-a-des-prix-preferentiels\/207551\/#article","isPartOf":{"@id":"https:\/\/www.webdo.tn\/fr\/actualite\/national\/la-tunisie-evoque-avec-la-russie-les-moyens-d-importer-des-cereales-a-des-prix-preferentiels\/207551\/"},"author":{"name":"CL","@id":"https:\/\/www.webdo.tn\/fr\/#\/schema\/person\/f35b42a42c5e2511bbd282959d6385cc"},"headline":"La Tunisie \u00e9voque avec la Russie les moyens d\u2019importer des c\u00e9r\u00e9ales \u00e0 des prix pr\u00e9f\u00e9rentiels","datePublished":"2023-07-28T08:36:00+00:00","dateModified":"2025-05-20T22:42:11+00:00","mainEntityOfPage":{"@id":"https:\/\/www.webdo.tn\/fr\/actualite\/national\/la-tunisie-evoque-avec-la-russie-les-moyens-d-importer-des-cereales-a-des-prix-preferentiels\/207551\/"},"wordCount":262,"commentCount":0,"publisher":{"@id":"https:\/\/www.webdo.tn\/fr\/#organization"},"image":{"@id":"https:\/\/www.webdo.tn\/fr\/actualite\/national\/la-tunisie-evoque-avec-la-russie-les-moyens-d-importer-des-cereales-a-des-prix-preferentiels\/207551\/#primaryimage"},"thumbnailUrl":"https:\/\/www.webdo.tn\/fr\/wp-content\/uploads\/2023\/07\/340dcc289fc6d846d58a9d4b0ae19587.jpg","keywords":["c\u00e9r\u00e9ales","Russie","Tunisie"],"articleSection":["National"],"inLanguage":"fr-FR"},{"@type":"WebPage","@id":"https:\/\/www.webdo.tn\/fr\/actualite\/national\/la-tunisie-evoque-avec-la-russie-les-moyens-d-importer-des-cereales-a-des-prix-preferentiels\/207551\/","url":"https:\/\/www.webdo.tn\/fr\/actualite\/national\/la-tunisie-evoque-avec-la-russie-les-moyens-d-importer-des-cereales-a-des-prix-preferentiels\/207551\/","name":"La Tunisie \u00e9voque avec la Russie les moyens d\u2019importer des c\u00e9r\u00e9ales \u00e0 des prix pr\u00e9f\u00e9rentiels","isPartOf":{"@id":"https:\/\/www.webdo.tn\/fr\/#website"},"primaryImageOfPage":{"@id":"https:\/\/www.webdo.tn\/fr\/actualite\/national\/la-tunisie-evoque-avec-la-russie-les-moyens-d-importer-des-cereales-a-des-prix-preferentiels\/207551\/#primaryimage"},"image":{"@id":"https:\/\/www.webdo.tn\/fr\/actualite\/national\/la-tunisie-evoque-avec-la-russie-les-moyens-d-importer-des-cereales-a-des-prix-preferentiels\/207551\/#primaryimage"},"thumbnailUrl":"https:\/\/www.webdo.tn\/fr\/wp-content\/uploads\/2023\/07\/340dcc289fc6d846d58a9d4b0ae19587.jpg","datePublished":"2023-07-28T08:36:00+00:00","dateModified":"2025-05-20T22:42:11+00:00","description":"Le ministre des Affaires \u00e9trang\u00e8res, de la Migration et des Tunisiens \u00e0 l'\u00e9tranger, Nabil Ammar, s'est entretenu, ce jeudi, \u00e0 Moscou avec son homologue russe Se...","breadcrumb":{"@id":"https:\/\/www.webdo.tn\/fr\/actualite\/national\/la-tunisie-evoque-avec-la-russie-les-moyens-d-importer-des-cereales-a-des-prix-preferentiels\/207551\/#breadcrumb"},"inLanguage":"fr-FR","potentialAction":[{"@type":"ReadAction","target":["https:\/\/www.webdo.tn\/fr\/actualite\/national\/la-tunisie-evoque-avec-la-russie-les-moyens-d-importer-des-cereales-a-des-prix-preferentiels\/207551\/"]}]},{"@type":"ImageObject","inLanguage":"fr-FR","@id":"https:\/\/www.webdo.tn\/fr\/actualite\/national\/la-tunisie-evoque-avec-la-russie-les-moyens-d-importer-des-cereales-a-des-prix-preferentiels\/207551\/#primaryimage","url":"https:\/\/www.webdo.tn\/fr\/wp-content\/uploads\/2023\/07\/340dcc289fc6d846d58a9d4b0ae19587.jpg","contentUrl":"https:\/\/www.webdo.tn\/fr\/wp-content\/uploads\/2023\/07\/340dcc289fc6d846d58a9d4b0ae19587.jpg","width":750,"height":400,"caption":"La Tunisie \u00e9voque avec la Russie les moyens d\u2019importer des c\u00e9r\u00e9ales \u00e0 des prix pr\u00e9f\u00e9rentiels"},{"@type":"BreadcrumbList","@id":"https:\/\/www.webdo.tn\/fr\/actualite\/national\/la-tunisie-evoque-avec-la-russie-les-moyens-d-importer-des-cereales-a-des-prix-preferentiels\/207551\/#breadcrumb","itemListElement":[{"@type":"ListItem","position":1,"name":"Accueil","item":"https:\/\/www.webdo.tn\/fr\/"},{"@type":"ListItem","position":2,"name":"La Tunisie \u00e9voque avec la Russie les moyens d\u2019importer des c\u00e9r\u00e9ales \u00e0 des prix pr\u00e9f\u00e9rentiels"}]},{"@type":"WebSite","@id":"https:\/\/www.webdo.tn\/fr\/#website","url":"https:\/\/www.webdo.tn\/fr\/","name":"webdo","description":"Tunisie - News en Tunisie et \u00e0 l&#039;international sur Webdo.tn","publisher":{"@id":"https:\/\/www.webdo.tn\/fr\/#organization"},"potentialAction":[{"@type":"SearchAction","target":{"@type":"EntryPoint","urlTemplate":"https:\/\/www.webdo.tn\/fr\/?s={search_term_string}"},"query-input":{"@type":"PropertyValueSpecification","valueRequired":true,"valueName":"search_term_string"}}],"inLanguage":"fr-FR"},{"@type":"Organization","@id":"https:\/\/www.webdo.tn\/fr\/#organization","name":"Webdo","alternateName":"Webdo.tn","url":"https:\/\/www.webdo.tn\/fr\/","logo":{"@type":"ImageObject","inLanguage":"fr-FR","@id":"https:\/\/www.webdo.tn\/fr\/#\/schema\/logo\/image\/","url":"https:\/\/www.webdo.tn\/fr\/wp-content\/uploads\/2025\/06\/Webdo-Tunisie_168377.jpg","contentUrl":"https:\/\/www.webdo.tn\/fr\/wp-content\/uploads\/2025\/06\/Webdo-Tunisie_168377.jpg","width":301,"height":301,"caption":"Webdo"},"image":{"@id":"https:\/\/www.webdo.tn\/fr\/#\/schema\/logo\/image\/"},"sameAs":["https:\/\/www.facebook.com\/webdotn","https:\/\/x.com\/webdo_tn"],"description":"Webdo est un m\u00e9dia num\u00e9rique tunisien fond\u00e9 en 2010, sp\u00e9cialis\u00e9 dans l\u2019actualit\u00e9 nationale et internationale, l\u2019\u00e9conomie, la soci\u00e9t\u00e9 et les analyses politiques. Le site s\u2019adresse \u00e0 un large public francophone et couvre l\u2019information tunisienne en temps r\u00e9el.","email":"redac@webdo.tn","legalName":"YNJ SARL","foundingDate":"2010-09-06","numberOfEmployees":{"@type":"QuantitativeValue","minValue":"11","maxValue":"50"}},{"@type":"Person","@id":"https:\/\/www.webdo.tn\/fr\/#\/schema\/person\/f35b42a42c5e2511bbd282959d6385cc","name":"CL","image":{"@type":"ImageObject","inLanguage":"fr-FR","@id":"https:\/\/secure.gravatar.com\/avatar\/1447a49909b67aa657c488aec6512e1dd6143a480c1ecfee9b5b5cd74eb3b59e?s=96&d=mm&r=g","url":"https:\/\/secure.gravatar.com\/avatar\/1447a49909b67aa657c488aec6512e1dd6143a480c1ecfee9b5b5cd74eb3b59e?s=96&d=mm&r=g","contentUrl":"https:\/\/secure.gravatar.com\/avatar\/1447a49909b67aa657c488aec6512e1dd6143a480c1ecfee9b5b5cd74eb3b59e?s=96&d=mm&r=g","caption":"CL"},"url":"https:\/\/www.webdo.tn\/fr\/actualite\/author\/cl\/"}]}},"_links":{"self":[{"href":"https:\/\/www.webdo.tn\/fr\/wp-json\/wp\/v2\/posts\/207551","targetHints":{"allow":["GET"]}}],"collection":[{"href":"https:\/\/www.webdo.tn\/fr\/wp-json\/wp\/v2\/posts"}],"about":[{"href":"https:\/\/www.webdo.tn\/fr\/wp-json\/wp\/v2\/types\/post"}],"author":[{"embeddable":true,"href":"https:\/\/www.webdo.tn\/fr\/wp-json\/wp\/v2\/users\/3175"}],"replies":[{"embeddable":true,"href":"https:\/\/www.webdo.tn\/fr\/wp-json\/wp\/v2\/comments?post=207551"}],"version-history":[{"count":0,"href":"https:\/\/www.webdo.tn\/fr\/wp-json\/wp\/v2\/posts\/207551\/revisions"}],"wp:featuredmedia":[{"embeddable":true,"href":"https:\/\/www.webdo.tn\/fr\/wp-json\/wp\/v2\/media\/249678"}],"wp:attachment":[{"href":"https:\/\/www.webdo.tn\/fr\/wp-json\/wp\/v2\/media?parent=207551"}],"wp:term":[{"taxonomy":"category","embeddable":true,"href":"https:\/\/www.webdo.tn\/fr\/wp-json\/wp\/v2\/categories?post=207551"},{"taxonomy":"post_tag","embeddable":true,"href":"https:\/\/www.webdo.tn\/fr\/wp-json\/wp\/v2\/tags?post=207551"}],"curies":[{"name":"wp","href":"https:\/\/api.w.org\/{rel}","templated":true}]}}