{"id":207526,"date":"2023-07-27T11:25:00","date_gmt":"2023-07-27T11:25:00","guid":{"rendered":"https:\/\/www.webdo.tn\/fr\/blog\/la-tunisie-augmente-de-25-le-quota-des-etudiants-subsahariens\/207526\/"},"modified":"2025-05-20T22:51:08","modified_gmt":"2025-05-20T22:51:08","slug":"la-tunisie-augmente-de-25-le-quota-des-etudiants-subsahariens","status":"publish","type":"post","link":"https:\/\/www.webdo.tn\/fr\/actualite\/national\/la-tunisie-augmente-de-25-le-quota-des-etudiants-subsahariens\/207526\/","title":{"rendered":"La Tunisie augmente de 25% le quota des \u00e9tudiants subsahariens"},"content":{"rendered":"<p>Le ministre de l&rsquo;Enseignement sup\u00e9rieur et de la Recherche scientifique, Moncef Boukthir, a confirm\u00e9 lors de sa participation au sommet des chefs d&rsquo;\u00c9tat et de gouvernement africains sur le capital humain, tenu \u00e0 Dar es Salaam, la capitale tanzanienne, les 25 et 26 juillet en cours, la disposition de la Tunisie \u00e0 travailler avec tous ses partenaires pour exploiter son exp\u00e9rience et ses capacit\u00e9s dans le cadre de la solidarit\u00e9 africaine en mati\u00e8re de d\u00e9veloppement du capital humain.<\/p>\n<p>\t\t\t\t\t\t\t\t\tIl a \u00e9galement soulign\u00e9 la n\u00e9cessit\u00e9 d&rsquo;adopter une approche plus \u00e9quilibr\u00e9e en mati\u00e8re de mobilit\u00e9 des comp\u00e9tences entre le Nord et le Sud, compte tenu des grands d\u00e9fis auxquels l&rsquo;Afrique est confront\u00e9e, tels que le manque de ressources, la fuite des cerveaux et la concurrence f\u00e9roce pour attirer les talents.<\/p>\n<p>Dans ce sens, le ministre a annonc\u00e9 que la Tunisie a d\u00e9cid\u00e9 d&rsquo;augmenter le nombre d\u2019inscriptions r\u00e9serv\u00e9es aux \u00e9tudiants de tous les pays d&rsquo;Afrique subsaharienne pour l&rsquo;ann\u00e9e universitaire 2023-2024 de 25 % par rapport \u00e0 l&rsquo;ann\u00e9e universitaire pr\u00e9c\u00e9dente.\u00a0<\/p>\n<p>Il a soulign\u00e9 que la Tunisie s&rsquo;est engag\u00e9e \u00e0 offrir des opportunit\u00e9s de formation, des bourses d&rsquo;\u00e9tudes et des programmes d&rsquo;assistance technique \u00e0 plus de 40 pays africains en accordant plus de 1000 bourses d&rsquo;\u00e9tudes gratuites chaque ann\u00e9e aux \u00e9tudiants africains.<\/p>\n","protected":false},"excerpt":{"rendered":"<p>Le ministre de l&rsquo;Enseignement sup\u00e9rieur, Moncef Boukthir, a confirm\u00e9 la disposition de la Tunisie \u00e0 travailler avec tous ses partenaires pour exploiter son exp\u00e9&#8230;<\/p>\n","protected":false},"author":3175,"featured_media":278550,"comment_status":"open","ping_status":"closed","sticky":false,"template":"","format":"standard","meta":{"footnotes":""},"categories":[44],"tags":[3852,3377,2608],"class_list":["post-207526","post","type-post","status-publish","format-standard","has-post-thumbnail","hentry","category-national","tag-etudiants","tag-subsahariens","tag-tunisie"],"yoast_head":"<!-- This site is optimized with the Yoast SEO Premium plugin v27.4 (Yoast SEO v27.4) - https:\/\/yoast.com\/product\/yoast-seo-premium-wordpress\/ -->\n<title>La Tunisie augmente de 25% le quota des \u00e9tudiants subsahariens<\/title>\n<meta name=\"description\" content=\"Le ministre de l&#039;Enseignement sup\u00e9rieur, Moncef Boukthir, a confirm\u00e9 la disposition de la Tunisie \u00e0 travailler avec tous ses partenaires pour exploiter son exp\u00e9...\" \/>\n<link rel=\"canonical\" href=\"https:\/\/www.webdo.tn\/fr\/actualite\/national\/la-tunisie-augmente-de-25-le-quota-des-etudiants-subsahariens\/207526\/\" \/>\n<meta property=\"og:locale\" content=\"fr_FR\" \/>\n<meta property=\"og:type\" content=\"article\" \/>\n<meta property=\"og:title\" content=\"La Tunisie augmente de 25% le quota des \u00e9tudiants subsahariens\" \/>\n<meta property=\"og:description\" content=\"Le ministre de l&#039;Enseignement sup\u00e9rieur, Moncef Boukthir, a confirm\u00e9 la disposition de la Tunisie \u00e0 travailler avec tous ses partenaires pour exploiter son exp\u00e9...\" \/>\n<meta property=\"og:url\" content=\"https:\/\/www.webdo.tn\/fr\/actualite\/national\/la-tunisie-augmente-de-25-le-quota-des-etudiants-subsahariens\/207526\/\" \/>\n<meta property=\"og:site_name\" content=\"webdo\" \/>\n<meta property=\"article:publisher\" content=\"https:\/\/www.facebook.com\/webdotn\" \/>\n<meta property=\"article:published_time\" content=\"2023-07-27T11:25:00+00:00\" \/>\n<meta property=\"article:modified_time\" content=\"2025-05-20T22:51:08+00:00\" \/>\n<meta property=\"og:image\" content=\"https:\/\/www.webdo.tn\/fr\/wp-content\/uploads\/2023\/07\/04d6d96d28bde4d0a08c7d13cbf2249f.jpg\" \/>\n\t<meta property=\"og:image:width\" content=\"750\" \/>\n\t<meta property=\"og:image:height\" content=\"400\" \/>\n\t<meta property=\"og:image:type\" content=\"image\/jpeg\" \/>\n<meta name=\"author\" content=\"CL\" \/>\n<meta name=\"twitter:card\" content=\"summary_large_image\" \/>\n<meta name=\"twitter:creator\" content=\"@webdo_tn\" \/>\n<meta name=\"twitter:site\" content=\"@webdo_tn\" \/>\n<meta name=\"twitter:label1\" content=\"\u00c9crit par\" \/>\n\t<meta name=\"twitter:data1\" content=\"CL\" \/>\n\t<meta name=\"twitter:label2\" content=\"Dur\u00e9e de lecture estim\u00e9e\" \/>\n\t<meta name=\"twitter:data2\" content=\"1 minute\" \/>\n<script type=\"application\/ld+json\" class=\"yoast-schema-graph\">{\"@context\":\"https:\\\/\\\/schema.org\",\"@graph\":[{\"@type\":\"NewsArticle\",\"@id\":\"https:\\\/\\\/www.webdo.tn\\\/fr\\\/actualite\\\/national\\\/la-tunisie-augmente-de-25-le-quota-des-etudiants-subsahariens\\\/207526\\\/#article\",\"isPartOf\":{\"@id\":\"https:\\\/\\\/www.webdo.tn\\\/fr\\\/actualite\\\/national\\\/la-tunisie-augmente-de-25-le-quota-des-etudiants-subsahariens\\\/207526\\\/\"},\"author\":{\"name\":\"CL\",\"@id\":\"https:\\\/\\\/www.webdo.tn\\\/fr\\\/#\\\/schema\\\/person\\\/f35b42a42c5e2511bbd282959d6385cc\"},\"headline\":\"La Tunisie augmente de 25% le quota des \u00e9tudiants subsahariens\",\"datePublished\":\"2023-07-27T11:25:00+00:00\",\"dateModified\":\"2025-05-20T22:51:08+00:00\",\"mainEntityOfPage\":{\"@id\":\"https:\\\/\\\/www.webdo.tn\\\/fr\\\/actualite\\\/national\\\/la-tunisie-augmente-de-25-le-quota-des-etudiants-subsahariens\\\/207526\\\/\"},\"wordCount\":240,\"commentCount\":0,\"publisher\":{\"@id\":\"https:\\\/\\\/www.webdo.tn\\\/fr\\\/#organization\"},\"image\":{\"@id\":\"https:\\\/\\\/www.webdo.tn\\\/fr\\\/actualite\\\/national\\\/la-tunisie-augmente-de-25-le-quota-des-etudiants-subsahariens\\\/207526\\\/#primaryimage\"},\"thumbnailUrl\":\"https:\\\/\\\/www.webdo.tn\\\/fr\\\/wp-content\\\/uploads\\\/2023\\\/07\\\/04d6d96d28bde4d0a08c7d13cbf2249f.jpg\",\"keywords\":[\"\u00e9tudiants\",\"Subsahariens\",\"Tunisie\"],\"articleSection\":[\"National\"],\"inLanguage\":\"fr-FR\"},{\"@type\":\"WebPage\",\"@id\":\"https:\\\/\\\/www.webdo.tn\\\/fr\\\/actualite\\\/national\\\/la-tunisie-augmente-de-25-le-quota-des-etudiants-subsahariens\\\/207526\\\/\",\"url\":\"https:\\\/\\\/www.webdo.tn\\\/fr\\\/actualite\\\/national\\\/la-tunisie-augmente-de-25-le-quota-des-etudiants-subsahariens\\\/207526\\\/\",\"name\":\"La Tunisie augmente de 25% le quota des \u00e9tudiants subsahariens\",\"isPartOf\":{\"@id\":\"https:\\\/\\\/www.webdo.tn\\\/fr\\\/#website\"},\"primaryImageOfPage\":{\"@id\":\"https:\\\/\\\/www.webdo.tn\\\/fr\\\/actualite\\\/national\\\/la-tunisie-augmente-de-25-le-quota-des-etudiants-subsahariens\\\/207526\\\/#primaryimage\"},\"image\":{\"@id\":\"https:\\\/\\\/www.webdo.tn\\\/fr\\\/actualite\\\/national\\\/la-tunisie-augmente-de-25-le-quota-des-etudiants-subsahariens\\\/207526\\\/#primaryimage\"},\"thumbnailUrl\":\"https:\\\/\\\/www.webdo.tn\\\/fr\\\/wp-content\\\/uploads\\\/2023\\\/07\\\/04d6d96d28bde4d0a08c7d13cbf2249f.jpg\",\"datePublished\":\"2023-07-27T11:25:00+00:00\",\"dateModified\":\"2025-05-20T22:51:08+00:00\",\"description\":\"Le ministre de l'Enseignement sup\u00e9rieur, Moncef Boukthir, a confirm\u00e9 la disposition de la Tunisie \u00e0 travailler avec tous ses partenaires pour exploiter son exp\u00e9...\",\"breadcrumb\":{\"@id\":\"https:\\\/\\\/www.webdo.tn\\\/fr\\\/actualite\\\/national\\\/la-tunisie-augmente-de-25-le-quota-des-etudiants-subsahariens\\\/207526\\\/#breadcrumb\"},\"inLanguage\":\"fr-FR\",\"potentialAction\":[{\"@type\":\"ReadAction\",\"target\":[\"https:\\\/\\\/www.webdo.tn\\\/fr\\\/actualite\\\/national\\\/la-tunisie-augmente-de-25-le-quota-des-etudiants-subsahariens\\\/207526\\\/\"]}]},{\"@type\":\"ImageObject\",\"inLanguage\":\"fr-FR\",\"@id\":\"https:\\\/\\\/www.webdo.tn\\\/fr\\\/actualite\\\/national\\\/la-tunisie-augmente-de-25-le-quota-des-etudiants-subsahariens\\\/207526\\\/#primaryimage\",\"url\":\"https:\\\/\\\/www.webdo.tn\\\/fr\\\/wp-content\\\/uploads\\\/2023\\\/07\\\/04d6d96d28bde4d0a08c7d13cbf2249f.jpg\",\"contentUrl\":\"https:\\\/\\\/www.webdo.tn\\\/fr\\\/wp-content\\\/uploads\\\/2023\\\/07\\\/04d6d96d28bde4d0a08c7d13cbf2249f.jpg\",\"width\":750,\"height\":400,\"caption\":\"La Tunisie augmente de 25% le quota des \u00e9tudiants subsahariens\"},{\"@type\":\"BreadcrumbList\",\"@id\":\"https:\\\/\\\/www.webdo.tn\\\/fr\\\/actualite\\\/national\\\/la-tunisie-augmente-de-25-le-quota-des-etudiants-subsahariens\\\/207526\\\/#breadcrumb\",\"itemListElement\":[{\"@type\":\"ListItem\",\"position\":1,\"name\":\"Accueil\",\"item\":\"https:\\\/\\\/www.webdo.tn\\\/fr\\\/\"},{\"@type\":\"ListItem\",\"position\":2,\"name\":\"La Tunisie augmente de 25% le quota des \u00e9tudiants subsahariens\"}]},{\"@type\":\"WebSite\",\"@id\":\"https:\\\/\\\/www.webdo.tn\\\/fr\\\/#website\",\"url\":\"https:\\\/\\\/www.webdo.tn\\\/fr\\\/\",\"name\":\"webdo\",\"description\":\"Tunisie - News en Tunisie et \u00e0 l&#039;international sur Webdo.tn\",\"publisher\":{\"@id\":\"https:\\\/\\\/www.webdo.tn\\\/fr\\\/#organization\"},\"potentialAction\":[{\"@type\":\"SearchAction\",\"target\":{\"@type\":\"EntryPoint\",\"urlTemplate\":\"https:\\\/\\\/www.webdo.tn\\\/fr\\\/?s={search_term_string}\"},\"query-input\":{\"@type\":\"PropertyValueSpecification\",\"valueRequired\":true,\"valueName\":\"search_term_string\"}}],\"inLanguage\":\"fr-FR\"},{\"@type\":\"Organization\",\"@id\":\"https:\\\/\\\/www.webdo.tn\\\/fr\\\/#organization\",\"name\":\"Webdo\",\"alternateName\":\"Webdo.tn\",\"url\":\"https:\\\/\\\/www.webdo.tn\\\/fr\\\/\",\"logo\":{\"@type\":\"ImageObject\",\"inLanguage\":\"fr-FR\",\"@id\":\"https:\\\/\\\/www.webdo.tn\\\/fr\\\/#\\\/schema\\\/logo\\\/image\\\/\",\"url\":\"https:\\\/\\\/www.webdo.tn\\\/fr\\\/wp-content\\\/uploads\\\/2025\\\/06\\\/Webdo-Tunisie_168377.jpg\",\"contentUrl\":\"https:\\\/\\\/www.webdo.tn\\\/fr\\\/wp-content\\\/uploads\\\/2025\\\/06\\\/Webdo-Tunisie_168377.jpg\",\"width\":301,\"height\":301,\"caption\":\"Webdo\"},\"image\":{\"@id\":\"https:\\\/\\\/www.webdo.tn\\\/fr\\\/#\\\/schema\\\/logo\\\/image\\\/\"},\"sameAs\":[\"https:\\\/\\\/www.facebook.com\\\/webdotn\",\"https:\\\/\\\/x.com\\\/webdo_tn\"],\"description\":\"Webdo est un m\u00e9dia num\u00e9rique tunisien fond\u00e9 en 2010, sp\u00e9cialis\u00e9 dans l\u2019actualit\u00e9 nationale et internationale, l\u2019\u00e9conomie, la soci\u00e9t\u00e9 et les analyses politiques. Le site s\u2019adresse \u00e0 un large public francophone et couvre l\u2019information tunisienne en temps r\u00e9el.\",\"email\":\"redac@webdo.tn\",\"legalName\":\"YNJ SARL\",\"foundingDate\":\"2010-09-06\",\"numberOfEmployees\":{\"@type\":\"QuantitativeValue\",\"minValue\":\"11\",\"maxValue\":\"50\"}},{\"@type\":\"Person\",\"@id\":\"https:\\\/\\\/www.webdo.tn\\\/fr\\\/#\\\/schema\\\/person\\\/f35b42a42c5e2511bbd282959d6385cc\",\"name\":\"CL\",\"image\":{\"@type\":\"ImageObject\",\"inLanguage\":\"fr-FR\",\"@id\":\"https:\\\/\\\/secure.gravatar.com\\\/avatar\\\/1447a49909b67aa657c488aec6512e1dd6143a480c1ecfee9b5b5cd74eb3b59e?s=96&d=mm&r=g\",\"url\":\"https:\\\/\\\/secure.gravatar.com\\\/avatar\\\/1447a49909b67aa657c488aec6512e1dd6143a480c1ecfee9b5b5cd74eb3b59e?s=96&d=mm&r=g\",\"contentUrl\":\"https:\\\/\\\/secure.gravatar.com\\\/avatar\\\/1447a49909b67aa657c488aec6512e1dd6143a480c1ecfee9b5b5cd74eb3b59e?s=96&d=mm&r=g\",\"caption\":\"CL\"},\"url\":\"https:\\\/\\\/www.webdo.tn\\\/fr\\\/actualite\\\/author\\\/cl\\\/\"}]}<\/script>\n<!-- \/ Yoast SEO Premium plugin. -->","yoast_head_json":{"title":"La Tunisie augmente de 25% le quota des \u00e9tudiants subsahariens","description":"Le ministre de l'Enseignement sup\u00e9rieur, Moncef Boukthir, a confirm\u00e9 la disposition de la Tunisie \u00e0 travailler avec tous ses partenaires pour exploiter son exp\u00e9...","canonical":"https:\/\/www.webdo.tn\/fr\/actualite\/national\/la-tunisie-augmente-de-25-le-quota-des-etudiants-subsahariens\/207526\/","og_locale":"fr_FR","og_type":"article","og_title":"La Tunisie augmente de 25% le quota des \u00e9tudiants subsahariens","og_description":"Le ministre de l'Enseignement sup\u00e9rieur, Moncef Boukthir, a confirm\u00e9 la disposition de la Tunisie \u00e0 travailler avec tous ses partenaires pour exploiter son exp\u00e9...","og_url":"https:\/\/www.webdo.tn\/fr\/actualite\/national\/la-tunisie-augmente-de-25-le-quota-des-etudiants-subsahariens\/207526\/","og_site_name":"webdo","article_publisher":"https:\/\/www.facebook.com\/webdotn","article_published_time":"2023-07-27T11:25:00+00:00","article_modified_time":"2025-05-20T22:51:08+00:00","og_image":[{"width":750,"height":400,"url":"https:\/\/www.webdo.tn\/fr\/wp-content\/uploads\/2023\/07\/04d6d96d28bde4d0a08c7d13cbf2249f.jpg","type":"image\/jpeg"}],"author":"CL","twitter_card":"summary_large_image","twitter_creator":"@webdo_tn","twitter_site":"@webdo_tn","twitter_misc":{"\u00c9crit par":"CL","Dur\u00e9e de lecture estim\u00e9e":"1 minute"},"schema":{"@context":"https:\/\/schema.org","@graph":[{"@type":"NewsArticle","@id":"https:\/\/www.webdo.tn\/fr\/actualite\/national\/la-tunisie-augmente-de-25-le-quota-des-etudiants-subsahariens\/207526\/#article","isPartOf":{"@id":"https:\/\/www.webdo.tn\/fr\/actualite\/national\/la-tunisie-augmente-de-25-le-quota-des-etudiants-subsahariens\/207526\/"},"author":{"name":"CL","@id":"https:\/\/www.webdo.tn\/fr\/#\/schema\/person\/f35b42a42c5e2511bbd282959d6385cc"},"headline":"La Tunisie augmente de 25% le quota des \u00e9tudiants subsahariens","datePublished":"2023-07-27T11:25:00+00:00","dateModified":"2025-05-20T22:51:08+00:00","mainEntityOfPage":{"@id":"https:\/\/www.webdo.tn\/fr\/actualite\/national\/la-tunisie-augmente-de-25-le-quota-des-etudiants-subsahariens\/207526\/"},"wordCount":240,"commentCount":0,"publisher":{"@id":"https:\/\/www.webdo.tn\/fr\/#organization"},"image":{"@id":"https:\/\/www.webdo.tn\/fr\/actualite\/national\/la-tunisie-augmente-de-25-le-quota-des-etudiants-subsahariens\/207526\/#primaryimage"},"thumbnailUrl":"https:\/\/www.webdo.tn\/fr\/wp-content\/uploads\/2023\/07\/04d6d96d28bde4d0a08c7d13cbf2249f.jpg","keywords":["\u00e9tudiants","Subsahariens","Tunisie"],"articleSection":["National"],"inLanguage":"fr-FR"},{"@type":"WebPage","@id":"https:\/\/www.webdo.tn\/fr\/actualite\/national\/la-tunisie-augmente-de-25-le-quota-des-etudiants-subsahariens\/207526\/","url":"https:\/\/www.webdo.tn\/fr\/actualite\/national\/la-tunisie-augmente-de-25-le-quota-des-etudiants-subsahariens\/207526\/","name":"La Tunisie augmente de 25% le quota des \u00e9tudiants subsahariens","isPartOf":{"@id":"https:\/\/www.webdo.tn\/fr\/#website"},"primaryImageOfPage":{"@id":"https:\/\/www.webdo.tn\/fr\/actualite\/national\/la-tunisie-augmente-de-25-le-quota-des-etudiants-subsahariens\/207526\/#primaryimage"},"image":{"@id":"https:\/\/www.webdo.tn\/fr\/actualite\/national\/la-tunisie-augmente-de-25-le-quota-des-etudiants-subsahariens\/207526\/#primaryimage"},"thumbnailUrl":"https:\/\/www.webdo.tn\/fr\/wp-content\/uploads\/2023\/07\/04d6d96d28bde4d0a08c7d13cbf2249f.jpg","datePublished":"2023-07-27T11:25:00+00:00","dateModified":"2025-05-20T22:51:08+00:00","description":"Le ministre de l'Enseignement sup\u00e9rieur, Moncef Boukthir, a confirm\u00e9 la disposition de la Tunisie \u00e0 travailler avec tous ses partenaires pour exploiter son exp\u00e9...","breadcrumb":{"@id":"https:\/\/www.webdo.tn\/fr\/actualite\/national\/la-tunisie-augmente-de-25-le-quota-des-etudiants-subsahariens\/207526\/#breadcrumb"},"inLanguage":"fr-FR","potentialAction":[{"@type":"ReadAction","target":["https:\/\/www.webdo.tn\/fr\/actualite\/national\/la-tunisie-augmente-de-25-le-quota-des-etudiants-subsahariens\/207526\/"]}]},{"@type":"ImageObject","inLanguage":"fr-FR","@id":"https:\/\/www.webdo.tn\/fr\/actualite\/national\/la-tunisie-augmente-de-25-le-quota-des-etudiants-subsahariens\/207526\/#primaryimage","url":"https:\/\/www.webdo.tn\/fr\/wp-content\/uploads\/2023\/07\/04d6d96d28bde4d0a08c7d13cbf2249f.jpg","contentUrl":"https:\/\/www.webdo.tn\/fr\/wp-content\/uploads\/2023\/07\/04d6d96d28bde4d0a08c7d13cbf2249f.jpg","width":750,"height":400,"caption":"La Tunisie augmente de 25% le quota des \u00e9tudiants subsahariens"},{"@type":"BreadcrumbList","@id":"https:\/\/www.webdo.tn\/fr\/actualite\/national\/la-tunisie-augmente-de-25-le-quota-des-etudiants-subsahariens\/207526\/#breadcrumb","itemListElement":[{"@type":"ListItem","position":1,"name":"Accueil","item":"https:\/\/www.webdo.tn\/fr\/"},{"@type":"ListItem","position":2,"name":"La Tunisie augmente de 25% le quota des \u00e9tudiants subsahariens"}]},{"@type":"WebSite","@id":"https:\/\/www.webdo.tn\/fr\/#website","url":"https:\/\/www.webdo.tn\/fr\/","name":"webdo","description":"Tunisie - News en Tunisie et \u00e0 l&#039;international sur Webdo.tn","publisher":{"@id":"https:\/\/www.webdo.tn\/fr\/#organization"},"potentialAction":[{"@type":"SearchAction","target":{"@type":"EntryPoint","urlTemplate":"https:\/\/www.webdo.tn\/fr\/?s={search_term_string}"},"query-input":{"@type":"PropertyValueSpecification","valueRequired":true,"valueName":"search_term_string"}}],"inLanguage":"fr-FR"},{"@type":"Organization","@id":"https:\/\/www.webdo.tn\/fr\/#organization","name":"Webdo","alternateName":"Webdo.tn","url":"https:\/\/www.webdo.tn\/fr\/","logo":{"@type":"ImageObject","inLanguage":"fr-FR","@id":"https:\/\/www.webdo.tn\/fr\/#\/schema\/logo\/image\/","url":"https:\/\/www.webdo.tn\/fr\/wp-content\/uploads\/2025\/06\/Webdo-Tunisie_168377.jpg","contentUrl":"https:\/\/www.webdo.tn\/fr\/wp-content\/uploads\/2025\/06\/Webdo-Tunisie_168377.jpg","width":301,"height":301,"caption":"Webdo"},"image":{"@id":"https:\/\/www.webdo.tn\/fr\/#\/schema\/logo\/image\/"},"sameAs":["https:\/\/www.facebook.com\/webdotn","https:\/\/x.com\/webdo_tn"],"description":"Webdo est un m\u00e9dia num\u00e9rique tunisien fond\u00e9 en 2010, sp\u00e9cialis\u00e9 dans l\u2019actualit\u00e9 nationale et internationale, l\u2019\u00e9conomie, la soci\u00e9t\u00e9 et les analyses politiques. Le site s\u2019adresse \u00e0 un large public francophone et couvre l\u2019information tunisienne en temps r\u00e9el.","email":"redac@webdo.tn","legalName":"YNJ SARL","foundingDate":"2010-09-06","numberOfEmployees":{"@type":"QuantitativeValue","minValue":"11","maxValue":"50"}},{"@type":"Person","@id":"https:\/\/www.webdo.tn\/fr\/#\/schema\/person\/f35b42a42c5e2511bbd282959d6385cc","name":"CL","image":{"@type":"ImageObject","inLanguage":"fr-FR","@id":"https:\/\/secure.gravatar.com\/avatar\/1447a49909b67aa657c488aec6512e1dd6143a480c1ecfee9b5b5cd74eb3b59e?s=96&d=mm&r=g","url":"https:\/\/secure.gravatar.com\/avatar\/1447a49909b67aa657c488aec6512e1dd6143a480c1ecfee9b5b5cd74eb3b59e?s=96&d=mm&r=g","contentUrl":"https:\/\/secure.gravatar.com\/avatar\/1447a49909b67aa657c488aec6512e1dd6143a480c1ecfee9b5b5cd74eb3b59e?s=96&d=mm&r=g","caption":"CL"},"url":"https:\/\/www.webdo.tn\/fr\/actualite\/author\/cl\/"}]}},"_links":{"self":[{"href":"https:\/\/www.webdo.tn\/fr\/wp-json\/wp\/v2\/posts\/207526","targetHints":{"allow":["GET"]}}],"collection":[{"href":"https:\/\/www.webdo.tn\/fr\/wp-json\/wp\/v2\/posts"}],"about":[{"href":"https:\/\/www.webdo.tn\/fr\/wp-json\/wp\/v2\/types\/post"}],"author":[{"embeddable":true,"href":"https:\/\/www.webdo.tn\/fr\/wp-json\/wp\/v2\/users\/3175"}],"replies":[{"embeddable":true,"href":"https:\/\/www.webdo.tn\/fr\/wp-json\/wp\/v2\/comments?post=207526"}],"version-history":[{"count":0,"href":"https:\/\/www.webdo.tn\/fr\/wp-json\/wp\/v2\/posts\/207526\/revisions"}],"wp:featuredmedia":[{"embeddable":true,"href":"https:\/\/www.webdo.tn\/fr\/wp-json\/wp\/v2\/media\/278550"}],"wp:attachment":[{"href":"https:\/\/www.webdo.tn\/fr\/wp-json\/wp\/v2\/media?parent=207526"}],"wp:term":[{"taxonomy":"category","embeddable":true,"href":"https:\/\/www.webdo.tn\/fr\/wp-json\/wp\/v2\/categories?post=207526"},{"taxonomy":"post_tag","embeddable":true,"href":"https:\/\/www.webdo.tn\/fr\/wp-json\/wp\/v2\/tags?post=207526"}],"curies":[{"name":"wp","href":"https:\/\/api.w.org\/{rel}","templated":true}]}}