{"id":207525,"date":"2023-07-27T10:42:00","date_gmt":"2023-07-27T10:42:00","guid":{"rendered":"https:\/\/www.webdo.tn\/fr\/blog\/panne-au-niveau-du-pont-de-bizerte-le-trafic-commercial-redirige-vers-d-autres-ports\/207525\/"},"modified":"2025-05-20T22:59:42","modified_gmt":"2025-05-20T22:59:42","slug":"panne-au-niveau-du-pont-de-bizerte-le-trafic-commercial-redirige-vers-d-autres-ports","status":"publish","type":"post","link":"https:\/\/www.webdo.tn\/fr\/actualite\/national\/panne-au-niveau-du-pont-de-bizerte-le-trafic-commercial-redirige-vers-d-autres-ports\/207525\/","title":{"rendered":"Panne au niveau du pont de Bizerte : le trafic commercial redirig\u00e9 vers d\u2019autres ports"},"content":{"rendered":"<p>Interrompu apr\u00e8s l\u2019incendie qui a d\u00e9clar\u00e9, hier matin, dans une des stations de r\u00e9glage \u00e9lectrique, situ\u00e9e en bas de la cabine de contr\u00f4le du pont mobile de Bizerte, le trafic commercial a \u00e9t\u00e9 redirig\u00e9 vers d\u2019autres ports du pays.<\/p>\n<p>\t\t\t\t\t\t\t\t\tIntervenant ce matin sur les ondes de Jawhara FM, le Gouverneur de Bizerte, Samir Abdellaoui, a soulign\u00e9 que le trafic commercial est momentan\u00e9ment interrompu au port de Bizerte en raison de la panne qui s\u2019est produite dans la cabine de contr\u00f4le du pont.<\/p>\n<p>Le Gouverneur de la r\u00e9gion a d\u00e9clar\u00e9, dans le m\u00eame sens, qu\u2019un navire transportant du sucre, devant accoster au port de Bizerte, a \u00e9t\u00e9 redirig\u00e9 vers Rad\u00e8s.<\/p>\n<p>Le responsable a d\u00e9clar\u00e9, par ailleurs, que la d\u00e9cision de fermer le port de Bizerte devrait \u00eatre prise incessamment par le minist\u00e8re des Transports dans l\u2019attente de r\u00e9tablir la panne.<\/p>\n<p>Le Gouverneur a insist\u00e9 que la reprise du trafic ne sera effectu\u00e9 que si les services concern\u00e9s soient s\u00fbrs que la lev\u00e9e du pont ne pr\u00e9sente aucun risque.<\/p>\n<p>Samir Abdellaoui a soulign\u00e9, \u00e0 cet \u00e9gard, que la panne survenue au pont de Bizerte est l\u2019objet d\u2019un suivi continu de la part de Kais Saied qui a appel\u00e9 \u00e0 ce que l\u2019enqu\u00eate soit men\u00e9e avec diligence et le s\u00e9rieux requis.<\/p>\n<p>Ouverte aux v\u00e9hicules, hier, dans l\u2019apr\u00e8s midi, le pont levis a enregistr\u00e9 un trafic \u00e9touffant jusqu\u2019\u00e0 une heure tardive de la soir\u00e9e.<\/p>\n<p>Entr\u00e9 en exploitation en 1980, le pont de Bizerte fait face, depuis une vingtaine d\u2019ann\u00e9es, \u00e0 de s\u00e9rieux probl\u00e8mes de maintenance en plus d\u2019un trafic automobile et portuaire qui n\u2019est plus adapt\u00e9 \u00e0 cet ouvrage d\u2019art, devenu out of date.<\/p>\n","protected":false},"excerpt":{"rendered":"<p>Interrompu apr\u00e8s l\u2019incendie qui a d\u00e9clar\u00e9, hier matin, dans une des stations de r\u00e9glage \u00e9lectrique, situ\u00e9e en bas de la cabine de contr\u00f4le du pont mobile de Biz&#8230;<\/p>\n","protected":false},"author":3188,"featured_media":278548,"comment_status":"open","ping_status":"closed","sticky":false,"template":"","format":"standard","meta":{"footnotes":""},"categories":[44],"tags":[4747,7252],"class_list":["post-207525","post","type-post","status-publish","format-standard","has-post-thumbnail","hentry","category-national","tag-panne","tag-pont-de-bizerte"],"yoast_head":"<!-- This site is optimized with the Yoast SEO Premium plugin v27.5 (Yoast SEO v27.5) - https:\/\/yoast.com\/product\/yoast-seo-premium-wordpress\/ -->\n<title>Panne au niveau du pont de Bizerte : le trafic commercial redirig\u00e9 vers d\u2019autres ports<\/title>\n<meta name=\"description\" content=\"Interrompu apr\u00e8s l\u2019incendie qui a d\u00e9clar\u00e9, hier matin, dans une des stations de r\u00e9glage \u00e9lectrique, situ\u00e9e en bas de la cabine de contr\u00f4le du pont mobile de Biz...\" \/>\n<link rel=\"canonical\" href=\"https:\/\/www.webdo.tn\/fr\/actualite\/national\/panne-au-niveau-du-pont-de-bizerte-le-trafic-commercial-redirige-vers-d-autres-ports\/207525\/\" \/>\n<meta property=\"og:locale\" content=\"fr_FR\" \/>\n<meta property=\"og:type\" content=\"article\" \/>\n<meta property=\"og:title\" content=\"Panne au niveau du pont de Bizerte : le trafic commercial redirig\u00e9 vers d\u2019autres ports\" \/>\n<meta property=\"og:description\" content=\"Interrompu apr\u00e8s l\u2019incendie qui a d\u00e9clar\u00e9, hier matin, dans une des stations de r\u00e9glage \u00e9lectrique, situ\u00e9e en bas de la cabine de contr\u00f4le du pont mobile de Biz...\" \/>\n<meta property=\"og:url\" content=\"https:\/\/www.webdo.tn\/fr\/actualite\/national\/panne-au-niveau-du-pont-de-bizerte-le-trafic-commercial-redirige-vers-d-autres-ports\/207525\/\" \/>\n<meta property=\"og:site_name\" content=\"webdo\" \/>\n<meta property=\"article:publisher\" content=\"https:\/\/www.facebook.com\/webdotn\" \/>\n<meta property=\"article:published_time\" content=\"2023-07-27T10:42:00+00:00\" \/>\n<meta property=\"article:modified_time\" content=\"2025-05-20T22:59:42+00:00\" \/>\n<meta property=\"og:image\" content=\"https:\/\/www.webdo.tn\/fr\/wp-content\/uploads\/2023\/07\/ec33bc9d4bcfe82b098d230b6db1c34b.jpg\" \/>\n\t<meta property=\"og:image:width\" content=\"750\" \/>\n\t<meta property=\"og:image:height\" content=\"400\" \/>\n\t<meta property=\"og:image:type\" content=\"image\/jpeg\" \/>\n<meta name=\"author\" content=\"Ramzi\" \/>\n<meta name=\"twitter:card\" content=\"summary_large_image\" \/>\n<meta name=\"twitter:creator\" content=\"@webdo_tn\" \/>\n<meta name=\"twitter:site\" content=\"@webdo_tn\" \/>\n<meta name=\"twitter:label1\" content=\"\u00c9crit par\" \/>\n\t<meta name=\"twitter:data1\" content=\"Ramzi\" \/>\n\t<meta name=\"twitter:label2\" content=\"Dur\u00e9e de lecture estim\u00e9e\" \/>\n\t<meta name=\"twitter:data2\" content=\"2 minutes\" \/>\n<script type=\"application\/ld+json\" class=\"yoast-schema-graph\">{\"@context\":\"https:\\\/\\\/schema.org\",\"@graph\":[{\"@type\":\"NewsArticle\",\"@id\":\"https:\\\/\\\/www.webdo.tn\\\/fr\\\/actualite\\\/national\\\/panne-au-niveau-du-pont-de-bizerte-le-trafic-commercial-redirige-vers-d-autres-ports\\\/207525\\\/#article\",\"isPartOf\":{\"@id\":\"https:\\\/\\\/www.webdo.tn\\\/fr\\\/actualite\\\/national\\\/panne-au-niveau-du-pont-de-bizerte-le-trafic-commercial-redirige-vers-d-autres-ports\\\/207525\\\/\"},\"author\":{\"name\":\"Ramzi\",\"@id\":\"https:\\\/\\\/www.webdo.tn\\\/fr\\\/#\\\/schema\\\/person\\\/590cb5f81adcfde6385530fdbdf468e2\"},\"headline\":\"Panne au niveau du pont de Bizerte : le trafic commercial redirig\u00e9 vers d\u2019autres ports\",\"datePublished\":\"2023-07-27T10:42:00+00:00\",\"dateModified\":\"2025-05-20T22:59:42+00:00\",\"mainEntityOfPage\":{\"@id\":\"https:\\\/\\\/www.webdo.tn\\\/fr\\\/actualite\\\/national\\\/panne-au-niveau-du-pont-de-bizerte-le-trafic-commercial-redirige-vers-d-autres-ports\\\/207525\\\/\"},\"wordCount\":321,\"commentCount\":0,\"publisher\":{\"@id\":\"https:\\\/\\\/www.webdo.tn\\\/fr\\\/#organization\"},\"image\":{\"@id\":\"https:\\\/\\\/www.webdo.tn\\\/fr\\\/actualite\\\/national\\\/panne-au-niveau-du-pont-de-bizerte-le-trafic-commercial-redirige-vers-d-autres-ports\\\/207525\\\/#primaryimage\"},\"thumbnailUrl\":\"https:\\\/\\\/www.webdo.tn\\\/fr\\\/wp-content\\\/uploads\\\/2023\\\/07\\\/ec33bc9d4bcfe82b098d230b6db1c34b.jpg\",\"keywords\":[\"panne\",\"pont de bizerte\"],\"articleSection\":[\"National\"],\"inLanguage\":\"fr-FR\"},{\"@type\":\"WebPage\",\"@id\":\"https:\\\/\\\/www.webdo.tn\\\/fr\\\/actualite\\\/national\\\/panne-au-niveau-du-pont-de-bizerte-le-trafic-commercial-redirige-vers-d-autres-ports\\\/207525\\\/\",\"url\":\"https:\\\/\\\/www.webdo.tn\\\/fr\\\/actualite\\\/national\\\/panne-au-niveau-du-pont-de-bizerte-le-trafic-commercial-redirige-vers-d-autres-ports\\\/207525\\\/\",\"name\":\"Panne au niveau du pont de Bizerte : le trafic commercial redirig\u00e9 vers d\u2019autres ports\",\"isPartOf\":{\"@id\":\"https:\\\/\\\/www.webdo.tn\\\/fr\\\/#website\"},\"primaryImageOfPage\":{\"@id\":\"https:\\\/\\\/www.webdo.tn\\\/fr\\\/actualite\\\/national\\\/panne-au-niveau-du-pont-de-bizerte-le-trafic-commercial-redirige-vers-d-autres-ports\\\/207525\\\/#primaryimage\"},\"image\":{\"@id\":\"https:\\\/\\\/www.webdo.tn\\\/fr\\\/actualite\\\/national\\\/panne-au-niveau-du-pont-de-bizerte-le-trafic-commercial-redirige-vers-d-autres-ports\\\/207525\\\/#primaryimage\"},\"thumbnailUrl\":\"https:\\\/\\\/www.webdo.tn\\\/fr\\\/wp-content\\\/uploads\\\/2023\\\/07\\\/ec33bc9d4bcfe82b098d230b6db1c34b.jpg\",\"datePublished\":\"2023-07-27T10:42:00+00:00\",\"dateModified\":\"2025-05-20T22:59:42+00:00\",\"description\":\"Interrompu apr\u00e8s l\u2019incendie qui a d\u00e9clar\u00e9, hier matin, dans une des stations de r\u00e9glage \u00e9lectrique, situ\u00e9e en bas de la cabine de contr\u00f4le du pont mobile de Biz...\",\"breadcrumb\":{\"@id\":\"https:\\\/\\\/www.webdo.tn\\\/fr\\\/actualite\\\/national\\\/panne-au-niveau-du-pont-de-bizerte-le-trafic-commercial-redirige-vers-d-autres-ports\\\/207525\\\/#breadcrumb\"},\"inLanguage\":\"fr-FR\",\"potentialAction\":[{\"@type\":\"ReadAction\",\"target\":[\"https:\\\/\\\/www.webdo.tn\\\/fr\\\/actualite\\\/national\\\/panne-au-niveau-du-pont-de-bizerte-le-trafic-commercial-redirige-vers-d-autres-ports\\\/207525\\\/\"]}]},{\"@type\":\"ImageObject\",\"inLanguage\":\"fr-FR\",\"@id\":\"https:\\\/\\\/www.webdo.tn\\\/fr\\\/actualite\\\/national\\\/panne-au-niveau-du-pont-de-bizerte-le-trafic-commercial-redirige-vers-d-autres-ports\\\/207525\\\/#primaryimage\",\"url\":\"https:\\\/\\\/www.webdo.tn\\\/fr\\\/wp-content\\\/uploads\\\/2023\\\/07\\\/ec33bc9d4bcfe82b098d230b6db1c34b.jpg\",\"contentUrl\":\"https:\\\/\\\/www.webdo.tn\\\/fr\\\/wp-content\\\/uploads\\\/2023\\\/07\\\/ec33bc9d4bcfe82b098d230b6db1c34b.jpg\",\"width\":750,\"height\":400,\"caption\":\"Panne au niveau du pont de Bizerte : le trafic commercial redirig\u00e9 vers d\u2019autres ports\"},{\"@type\":\"BreadcrumbList\",\"@id\":\"https:\\\/\\\/www.webdo.tn\\\/fr\\\/actualite\\\/national\\\/panne-au-niveau-du-pont-de-bizerte-le-trafic-commercial-redirige-vers-d-autres-ports\\\/207525\\\/#breadcrumb\",\"itemListElement\":[{\"@type\":\"ListItem\",\"position\":1,\"name\":\"Accueil\",\"item\":\"https:\\\/\\\/www.webdo.tn\\\/fr\\\/\"},{\"@type\":\"ListItem\",\"position\":2,\"name\":\"Panne au niveau du pont de Bizerte : le trafic commercial redirig\u00e9 vers d\u2019autres ports\"}]},{\"@type\":\"WebSite\",\"@id\":\"https:\\\/\\\/www.webdo.tn\\\/fr\\\/#website\",\"url\":\"https:\\\/\\\/www.webdo.tn\\\/fr\\\/\",\"name\":\"webdo\",\"description\":\"Tunisie - News en Tunisie et \u00e0 l&#039;international sur Webdo.tn\",\"publisher\":{\"@id\":\"https:\\\/\\\/www.webdo.tn\\\/fr\\\/#organization\"},\"potentialAction\":[{\"@type\":\"SearchAction\",\"target\":{\"@type\":\"EntryPoint\",\"urlTemplate\":\"https:\\\/\\\/www.webdo.tn\\\/fr\\\/?s={search_term_string}\"},\"query-input\":{\"@type\":\"PropertyValueSpecification\",\"valueRequired\":true,\"valueName\":\"search_term_string\"}}],\"inLanguage\":\"fr-FR\"},{\"@type\":\"Organization\",\"@id\":\"https:\\\/\\\/www.webdo.tn\\\/fr\\\/#organization\",\"name\":\"Webdo\",\"alternateName\":\"Webdo.tn\",\"url\":\"https:\\\/\\\/www.webdo.tn\\\/fr\\\/\",\"logo\":{\"@type\":\"ImageObject\",\"inLanguage\":\"fr-FR\",\"@id\":\"https:\\\/\\\/www.webdo.tn\\\/fr\\\/#\\\/schema\\\/logo\\\/image\\\/\",\"url\":\"https:\\\/\\\/www.webdo.tn\\\/fr\\\/wp-content\\\/uploads\\\/2025\\\/06\\\/Webdo-Tunisie_168377.jpg\",\"contentUrl\":\"https:\\\/\\\/www.webdo.tn\\\/fr\\\/wp-content\\\/uploads\\\/2025\\\/06\\\/Webdo-Tunisie_168377.jpg\",\"width\":301,\"height\":301,\"caption\":\"Webdo\"},\"image\":{\"@id\":\"https:\\\/\\\/www.webdo.tn\\\/fr\\\/#\\\/schema\\\/logo\\\/image\\\/\"},\"sameAs\":[\"https:\\\/\\\/www.facebook.com\\\/webdotn\",\"https:\\\/\\\/x.com\\\/webdo_tn\"],\"description\":\"Webdo est un m\u00e9dia num\u00e9rique tunisien fond\u00e9 en 2010, sp\u00e9cialis\u00e9 dans l\u2019actualit\u00e9 nationale et internationale, l\u2019\u00e9conomie, la soci\u00e9t\u00e9 et les analyses politiques. Le site s\u2019adresse \u00e0 un large public francophone et couvre l\u2019information tunisienne en temps r\u00e9el.\",\"email\":\"redac@webdo.tn\",\"legalName\":\"YNJ SARL\",\"foundingDate\":\"2010-09-06\",\"numberOfEmployees\":{\"@type\":\"QuantitativeValue\",\"minValue\":\"11\",\"maxValue\":\"50\"}},{\"@type\":\"Person\",\"@id\":\"https:\\\/\\\/www.webdo.tn\\\/fr\\\/#\\\/schema\\\/person\\\/590cb5f81adcfde6385530fdbdf468e2\",\"name\":\"Ramzi\",\"image\":{\"@type\":\"ImageObject\",\"inLanguage\":\"fr-FR\",\"@id\":\"https:\\\/\\\/secure.gravatar.com\\\/avatar\\\/48df7d18915e10cf866ba8e27604c81ff9243fd52704a1d210c3e387e1cb8d87?s=96&d=mm&r=g\",\"url\":\"https:\\\/\\\/secure.gravatar.com\\\/avatar\\\/48df7d18915e10cf866ba8e27604c81ff9243fd52704a1d210c3e387e1cb8d87?s=96&d=mm&r=g\",\"contentUrl\":\"https:\\\/\\\/secure.gravatar.com\\\/avatar\\\/48df7d18915e10cf866ba8e27604c81ff9243fd52704a1d210c3e387e1cb8d87?s=96&d=mm&r=g\",\"caption\":\"Ramzi\"},\"url\":\"https:\\\/\\\/www.webdo.tn\\\/fr\\\/actualite\\\/author\\\/ramzi\\\/\"}]}<\/script>\n<!-- \/ Yoast SEO Premium plugin. -->","yoast_head_json":{"title":"Panne au niveau du pont de Bizerte : le trafic commercial redirig\u00e9 vers d\u2019autres ports","description":"Interrompu apr\u00e8s l\u2019incendie qui a d\u00e9clar\u00e9, hier matin, dans une des stations de r\u00e9glage \u00e9lectrique, situ\u00e9e en bas de la cabine de contr\u00f4le du pont mobile de Biz...","canonical":"https:\/\/www.webdo.tn\/fr\/actualite\/national\/panne-au-niveau-du-pont-de-bizerte-le-trafic-commercial-redirige-vers-d-autres-ports\/207525\/","og_locale":"fr_FR","og_type":"article","og_title":"Panne au niveau du pont de Bizerte : le trafic commercial redirig\u00e9 vers d\u2019autres ports","og_description":"Interrompu apr\u00e8s l\u2019incendie qui a d\u00e9clar\u00e9, hier matin, dans une des stations de r\u00e9glage \u00e9lectrique, situ\u00e9e en bas de la cabine de contr\u00f4le du pont mobile de Biz...","og_url":"https:\/\/www.webdo.tn\/fr\/actualite\/national\/panne-au-niveau-du-pont-de-bizerte-le-trafic-commercial-redirige-vers-d-autres-ports\/207525\/","og_site_name":"webdo","article_publisher":"https:\/\/www.facebook.com\/webdotn","article_published_time":"2023-07-27T10:42:00+00:00","article_modified_time":"2025-05-20T22:59:42+00:00","og_image":[{"width":750,"height":400,"url":"https:\/\/www.webdo.tn\/fr\/wp-content\/uploads\/2023\/07\/ec33bc9d4bcfe82b098d230b6db1c34b.jpg","type":"image\/jpeg"}],"author":"Ramzi","twitter_card":"summary_large_image","twitter_creator":"@webdo_tn","twitter_site":"@webdo_tn","twitter_misc":{"\u00c9crit par":"Ramzi","Dur\u00e9e de lecture estim\u00e9e":"2 minutes"},"schema":{"@context":"https:\/\/schema.org","@graph":[{"@type":"NewsArticle","@id":"https:\/\/www.webdo.tn\/fr\/actualite\/national\/panne-au-niveau-du-pont-de-bizerte-le-trafic-commercial-redirige-vers-d-autres-ports\/207525\/#article","isPartOf":{"@id":"https:\/\/www.webdo.tn\/fr\/actualite\/national\/panne-au-niveau-du-pont-de-bizerte-le-trafic-commercial-redirige-vers-d-autres-ports\/207525\/"},"author":{"name":"Ramzi","@id":"https:\/\/www.webdo.tn\/fr\/#\/schema\/person\/590cb5f81adcfde6385530fdbdf468e2"},"headline":"Panne au niveau du pont de Bizerte : le trafic commercial redirig\u00e9 vers d\u2019autres ports","datePublished":"2023-07-27T10:42:00+00:00","dateModified":"2025-05-20T22:59:42+00:00","mainEntityOfPage":{"@id":"https:\/\/www.webdo.tn\/fr\/actualite\/national\/panne-au-niveau-du-pont-de-bizerte-le-trafic-commercial-redirige-vers-d-autres-ports\/207525\/"},"wordCount":321,"commentCount":0,"publisher":{"@id":"https:\/\/www.webdo.tn\/fr\/#organization"},"image":{"@id":"https:\/\/www.webdo.tn\/fr\/actualite\/national\/panne-au-niveau-du-pont-de-bizerte-le-trafic-commercial-redirige-vers-d-autres-ports\/207525\/#primaryimage"},"thumbnailUrl":"https:\/\/www.webdo.tn\/fr\/wp-content\/uploads\/2023\/07\/ec33bc9d4bcfe82b098d230b6db1c34b.jpg","keywords":["panne","pont de bizerte"],"articleSection":["National"],"inLanguage":"fr-FR"},{"@type":"WebPage","@id":"https:\/\/www.webdo.tn\/fr\/actualite\/national\/panne-au-niveau-du-pont-de-bizerte-le-trafic-commercial-redirige-vers-d-autres-ports\/207525\/","url":"https:\/\/www.webdo.tn\/fr\/actualite\/national\/panne-au-niveau-du-pont-de-bizerte-le-trafic-commercial-redirige-vers-d-autres-ports\/207525\/","name":"Panne au niveau du pont de Bizerte : le trafic commercial redirig\u00e9 vers d\u2019autres ports","isPartOf":{"@id":"https:\/\/www.webdo.tn\/fr\/#website"},"primaryImageOfPage":{"@id":"https:\/\/www.webdo.tn\/fr\/actualite\/national\/panne-au-niveau-du-pont-de-bizerte-le-trafic-commercial-redirige-vers-d-autres-ports\/207525\/#primaryimage"},"image":{"@id":"https:\/\/www.webdo.tn\/fr\/actualite\/national\/panne-au-niveau-du-pont-de-bizerte-le-trafic-commercial-redirige-vers-d-autres-ports\/207525\/#primaryimage"},"thumbnailUrl":"https:\/\/www.webdo.tn\/fr\/wp-content\/uploads\/2023\/07\/ec33bc9d4bcfe82b098d230b6db1c34b.jpg","datePublished":"2023-07-27T10:42:00+00:00","dateModified":"2025-05-20T22:59:42+00:00","description":"Interrompu apr\u00e8s l\u2019incendie qui a d\u00e9clar\u00e9, hier matin, dans une des stations de r\u00e9glage \u00e9lectrique, situ\u00e9e en bas de la cabine de contr\u00f4le du pont mobile de Biz...","breadcrumb":{"@id":"https:\/\/www.webdo.tn\/fr\/actualite\/national\/panne-au-niveau-du-pont-de-bizerte-le-trafic-commercial-redirige-vers-d-autres-ports\/207525\/#breadcrumb"},"inLanguage":"fr-FR","potentialAction":[{"@type":"ReadAction","target":["https:\/\/www.webdo.tn\/fr\/actualite\/national\/panne-au-niveau-du-pont-de-bizerte-le-trafic-commercial-redirige-vers-d-autres-ports\/207525\/"]}]},{"@type":"ImageObject","inLanguage":"fr-FR","@id":"https:\/\/www.webdo.tn\/fr\/actualite\/national\/panne-au-niveau-du-pont-de-bizerte-le-trafic-commercial-redirige-vers-d-autres-ports\/207525\/#primaryimage","url":"https:\/\/www.webdo.tn\/fr\/wp-content\/uploads\/2023\/07\/ec33bc9d4bcfe82b098d230b6db1c34b.jpg","contentUrl":"https:\/\/www.webdo.tn\/fr\/wp-content\/uploads\/2023\/07\/ec33bc9d4bcfe82b098d230b6db1c34b.jpg","width":750,"height":400,"caption":"Panne au niveau du pont de Bizerte : le trafic commercial redirig\u00e9 vers d\u2019autres ports"},{"@type":"BreadcrumbList","@id":"https:\/\/www.webdo.tn\/fr\/actualite\/national\/panne-au-niveau-du-pont-de-bizerte-le-trafic-commercial-redirige-vers-d-autres-ports\/207525\/#breadcrumb","itemListElement":[{"@type":"ListItem","position":1,"name":"Accueil","item":"https:\/\/www.webdo.tn\/fr\/"},{"@type":"ListItem","position":2,"name":"Panne au niveau du pont de Bizerte : le trafic commercial redirig\u00e9 vers d\u2019autres ports"}]},{"@type":"WebSite","@id":"https:\/\/www.webdo.tn\/fr\/#website","url":"https:\/\/www.webdo.tn\/fr\/","name":"webdo","description":"Tunisie - News en Tunisie et \u00e0 l&#039;international sur Webdo.tn","publisher":{"@id":"https:\/\/www.webdo.tn\/fr\/#organization"},"potentialAction":[{"@type":"SearchAction","target":{"@type":"EntryPoint","urlTemplate":"https:\/\/www.webdo.tn\/fr\/?s={search_term_string}"},"query-input":{"@type":"PropertyValueSpecification","valueRequired":true,"valueName":"search_term_string"}}],"inLanguage":"fr-FR"},{"@type":"Organization","@id":"https:\/\/www.webdo.tn\/fr\/#organization","name":"Webdo","alternateName":"Webdo.tn","url":"https:\/\/www.webdo.tn\/fr\/","logo":{"@type":"ImageObject","inLanguage":"fr-FR","@id":"https:\/\/www.webdo.tn\/fr\/#\/schema\/logo\/image\/","url":"https:\/\/www.webdo.tn\/fr\/wp-content\/uploads\/2025\/06\/Webdo-Tunisie_168377.jpg","contentUrl":"https:\/\/www.webdo.tn\/fr\/wp-content\/uploads\/2025\/06\/Webdo-Tunisie_168377.jpg","width":301,"height":301,"caption":"Webdo"},"image":{"@id":"https:\/\/www.webdo.tn\/fr\/#\/schema\/logo\/image\/"},"sameAs":["https:\/\/www.facebook.com\/webdotn","https:\/\/x.com\/webdo_tn"],"description":"Webdo est un m\u00e9dia num\u00e9rique tunisien fond\u00e9 en 2010, sp\u00e9cialis\u00e9 dans l\u2019actualit\u00e9 nationale et internationale, l\u2019\u00e9conomie, la soci\u00e9t\u00e9 et les analyses politiques. Le site s\u2019adresse \u00e0 un large public francophone et couvre l\u2019information tunisienne en temps r\u00e9el.","email":"redac@webdo.tn","legalName":"YNJ SARL","foundingDate":"2010-09-06","numberOfEmployees":{"@type":"QuantitativeValue","minValue":"11","maxValue":"50"}},{"@type":"Person","@id":"https:\/\/www.webdo.tn\/fr\/#\/schema\/person\/590cb5f81adcfde6385530fdbdf468e2","name":"Ramzi","image":{"@type":"ImageObject","inLanguage":"fr-FR","@id":"https:\/\/secure.gravatar.com\/avatar\/48df7d18915e10cf866ba8e27604c81ff9243fd52704a1d210c3e387e1cb8d87?s=96&d=mm&r=g","url":"https:\/\/secure.gravatar.com\/avatar\/48df7d18915e10cf866ba8e27604c81ff9243fd52704a1d210c3e387e1cb8d87?s=96&d=mm&r=g","contentUrl":"https:\/\/secure.gravatar.com\/avatar\/48df7d18915e10cf866ba8e27604c81ff9243fd52704a1d210c3e387e1cb8d87?s=96&d=mm&r=g","caption":"Ramzi"},"url":"https:\/\/www.webdo.tn\/fr\/actualite\/author\/ramzi\/"}]}},"_links":{"self":[{"href":"https:\/\/www.webdo.tn\/fr\/wp-json\/wp\/v2\/posts\/207525","targetHints":{"allow":["GET"]}}],"collection":[{"href":"https:\/\/www.webdo.tn\/fr\/wp-json\/wp\/v2\/posts"}],"about":[{"href":"https:\/\/www.webdo.tn\/fr\/wp-json\/wp\/v2\/types\/post"}],"author":[{"embeddable":true,"href":"https:\/\/www.webdo.tn\/fr\/wp-json\/wp\/v2\/users\/3188"}],"replies":[{"embeddable":true,"href":"https:\/\/www.webdo.tn\/fr\/wp-json\/wp\/v2\/comments?post=207525"}],"version-history":[{"count":0,"href":"https:\/\/www.webdo.tn\/fr\/wp-json\/wp\/v2\/posts\/207525\/revisions"}],"wp:featuredmedia":[{"embeddable":true,"href":"https:\/\/www.webdo.tn\/fr\/wp-json\/wp\/v2\/media\/278548"}],"wp:attachment":[{"href":"https:\/\/www.webdo.tn\/fr\/wp-json\/wp\/v2\/media?parent=207525"}],"wp:term":[{"taxonomy":"category","embeddable":true,"href":"https:\/\/www.webdo.tn\/fr\/wp-json\/wp\/v2\/categories?post=207525"},{"taxonomy":"post_tag","embeddable":true,"href":"https:\/\/www.webdo.tn\/fr\/wp-json\/wp\/v2\/tags?post=207525"}],"curies":[{"name":"wp","href":"https:\/\/api.w.org\/{rel}","templated":true}]}}