{"id":207518,"date":"2023-07-27T08:20:00","date_gmt":"2023-07-27T08:20:00","guid":{"rendered":"https:\/\/www.webdo.tn\/fr\/blog\/meloni-a-washington-la-tunisie-a-l-ordre-du-jour\/207518\/"},"modified":"2025-05-20T22:51:08","modified_gmt":"2025-05-20T22:51:08","slug":"meloni-a-washington-la-tunisie-a-l-ordre-du-jour","status":"publish","type":"post","link":"https:\/\/www.webdo.tn\/fr\/actualite\/national\/meloni-a-washington-la-tunisie-a-l-ordre-du-jour\/207518\/","title":{"rendered":"Meloni \u00e0 Washington, la Tunisie \u00e0 l\u2019ordre du jour ?"},"content":{"rendered":"<p>La Premi\u00e8re ministre italienne Giorgia Meloni doit se rendre \u00e0 la Maison Blanche ce jeudi 27 juillet pour \u00e9changer avec le pr\u00e9sident am\u00e9ricain Joe Biden sur les d\u00e9fis s\u00e9curitaires et \u00e9nerg\u00e9tiques en M\u00e9diterran\u00e9e et, en particulier, sur la politique en Afrique, o\u00f9 l&rsquo;Italie cherche \u00e0 jouer un r\u00f4le plus actif, en partie pour contenir l&rsquo;immigration vers l&rsquo;Europe. La Tunisie sera-t-elle abord\u00e9e ?<\/p>\n<p>\t\t\t\t\t\t\t\t\tSelon des m\u00e9dias occidentaux, cette rencontre devrait, surtout, permettre de discuter du rapport \u00e9quilibr\u00e9 de Rome avec la Chine. L&rsquo;Italie avait surpris, rappelons-le, les Am\u00e9ricains et les Europ\u00e9ens en acceptant de devenir le premier pays du G7 \u00e0 rejoindre le programme d&rsquo;infrastructure chinois des nouvelles routes de la soie.\u00a0<\/p>\n<p>Sauf que la question migratoire sera \u00e9galement \u00e0 l\u2019ordre du jour. Alors que l\u2019Italie d\u00e9ploie tous les efforts pour am\u00e9liorer la situation \u00e9conomique de la Tunisie, surtout en ce qui concerne un \u00e9ventuel accord avec le Fonds mon\u00e9taire international (FMI). Pour Meloni ce sera une occasion de convaincre les Etats-Unis de l\u2019importance d\u2019aider la Tunisie durant cette phase d\u00e9licate.\u00a0<\/p>\n<p>La Premi\u00e8re ministre italienne avait d\u00e9clar\u00e9 que les efforts de son gouvernement visant \u00e0 aider la Tunisie \u00e0 surmonter sa crise \u00e9conomique b\u00e9n\u00e9ficient aux peuples des deux pays. S&rsquo;exprimant devant le parlement italien, elle fait part des efforts de son gouvernement pour aider la Tunisie \u00e0 obtenir d\u00e8s que possible un pr\u00eat de pr\u00e8s de 1,9 milliard de dollars du Fonds mon\u00e9taire international.<\/p>\n","protected":false},"excerpt":{"rendered":"<p>La Premi\u00e8re ministre italienne Giorgia Meloni doit se rendre \u00e0 la Maison Blanche ce jeudi 27 juillet pour \u00e9changer avec le pr\u00e9sident am\u00e9ricain Joe Biden sur les&#8230;<\/p>\n","protected":false},"author":3175,"featured_media":278546,"comment_status":"open","ping_status":"closed","sticky":false,"template":"","format":"standard","meta":{"footnotes":""},"categories":[44],"tags":[2660,6672,2608,3061],"class_list":["post-207518","post","type-post","status-publish","format-standard","has-post-thumbnail","hentry","category-national","tag-italie","tag-meloni","tag-tunisie","tag-usa"],"yoast_head":"<!-- This site is optimized with the Yoast SEO Premium plugin v27.5 (Yoast SEO v27.5) - https:\/\/yoast.com\/product\/yoast-seo-premium-wordpress\/ -->\n<title>Meloni \u00e0 Washington, la Tunisie \u00e0 l\u2019ordre du jour ?<\/title>\n<meta name=\"description\" content=\"La Premi\u00e8re ministre italienne Giorgia Meloni doit se rendre \u00e0 la Maison Blanche ce jeudi 27 juillet pour \u00e9changer avec le pr\u00e9sident am\u00e9ricain Joe Biden sur les...\" \/>\n<link rel=\"canonical\" href=\"https:\/\/www.webdo.tn\/fr\/actualite\/national\/meloni-a-washington-la-tunisie-a-l-ordre-du-jour\/207518\/\" \/>\n<meta property=\"og:locale\" content=\"fr_FR\" \/>\n<meta property=\"og:type\" content=\"article\" \/>\n<meta property=\"og:title\" content=\"Meloni \u00e0 Washington, la Tunisie \u00e0 l\u2019ordre du jour ?\" \/>\n<meta property=\"og:description\" content=\"La Premi\u00e8re ministre italienne Giorgia Meloni doit se rendre \u00e0 la Maison Blanche ce jeudi 27 juillet pour \u00e9changer avec le pr\u00e9sident am\u00e9ricain Joe Biden sur les...\" \/>\n<meta property=\"og:url\" content=\"https:\/\/www.webdo.tn\/fr\/actualite\/national\/meloni-a-washington-la-tunisie-a-l-ordre-du-jour\/207518\/\" \/>\n<meta property=\"og:site_name\" content=\"webdo\" \/>\n<meta property=\"article:publisher\" content=\"https:\/\/www.facebook.com\/webdotn\" \/>\n<meta property=\"article:published_time\" content=\"2023-07-27T08:20:00+00:00\" \/>\n<meta property=\"article:modified_time\" content=\"2025-05-20T22:51:08+00:00\" \/>\n<meta property=\"og:image\" content=\"https:\/\/www.webdo.tn\/fr\/wp-content\/uploads\/2023\/07\/d2d7aed96ddc9b3069b9a328eef4f25d.jpg\" \/>\n\t<meta property=\"og:image:width\" content=\"750\" \/>\n\t<meta property=\"og:image:height\" content=\"400\" \/>\n\t<meta property=\"og:image:type\" content=\"image\/jpeg\" \/>\n<meta name=\"author\" content=\"CL\" \/>\n<meta name=\"twitter:card\" content=\"summary_large_image\" \/>\n<meta name=\"twitter:creator\" content=\"@webdo_tn\" \/>\n<meta name=\"twitter:site\" content=\"@webdo_tn\" \/>\n<meta name=\"twitter:label1\" content=\"\u00c9crit par\" \/>\n\t<meta name=\"twitter:data1\" content=\"CL\" \/>\n\t<meta name=\"twitter:label2\" content=\"Dur\u00e9e de lecture estim\u00e9e\" \/>\n\t<meta name=\"twitter:data2\" content=\"1 minute\" \/>\n<script type=\"application\/ld+json\" class=\"yoast-schema-graph\">{\"@context\":\"https:\\\/\\\/schema.org\",\"@graph\":[{\"@type\":\"NewsArticle\",\"@id\":\"https:\\\/\\\/www.webdo.tn\\\/fr\\\/actualite\\\/national\\\/meloni-a-washington-la-tunisie-a-l-ordre-du-jour\\\/207518\\\/#article\",\"isPartOf\":{\"@id\":\"https:\\\/\\\/www.webdo.tn\\\/fr\\\/actualite\\\/national\\\/meloni-a-washington-la-tunisie-a-l-ordre-du-jour\\\/207518\\\/\"},\"author\":{\"name\":\"CL\",\"@id\":\"https:\\\/\\\/www.webdo.tn\\\/fr\\\/#\\\/schema\\\/person\\\/f35b42a42c5e2511bbd282959d6385cc\"},\"headline\":\"Meloni \u00e0 Washington, la Tunisie \u00e0 l\u2019ordre du jour ?\",\"datePublished\":\"2023-07-27T08:20:00+00:00\",\"dateModified\":\"2025-05-20T22:51:08+00:00\",\"mainEntityOfPage\":{\"@id\":\"https:\\\/\\\/www.webdo.tn\\\/fr\\\/actualite\\\/national\\\/meloni-a-washington-la-tunisie-a-l-ordre-du-jour\\\/207518\\\/\"},\"wordCount\":266,\"commentCount\":0,\"publisher\":{\"@id\":\"https:\\\/\\\/www.webdo.tn\\\/fr\\\/#organization\"},\"image\":{\"@id\":\"https:\\\/\\\/www.webdo.tn\\\/fr\\\/actualite\\\/national\\\/meloni-a-washington-la-tunisie-a-l-ordre-du-jour\\\/207518\\\/#primaryimage\"},\"thumbnailUrl\":\"https:\\\/\\\/www.webdo.tn\\\/fr\\\/wp-content\\\/uploads\\\/2023\\\/07\\\/d2d7aed96ddc9b3069b9a328eef4f25d.jpg\",\"keywords\":[\"Italie\",\"Meloni\",\"Tunisie\",\"USA\"],\"articleSection\":[\"National\"],\"inLanguage\":\"fr-FR\"},{\"@type\":\"WebPage\",\"@id\":\"https:\\\/\\\/www.webdo.tn\\\/fr\\\/actualite\\\/national\\\/meloni-a-washington-la-tunisie-a-l-ordre-du-jour\\\/207518\\\/\",\"url\":\"https:\\\/\\\/www.webdo.tn\\\/fr\\\/actualite\\\/national\\\/meloni-a-washington-la-tunisie-a-l-ordre-du-jour\\\/207518\\\/\",\"name\":\"Meloni \u00e0 Washington, la Tunisie \u00e0 l\u2019ordre du jour ?\",\"isPartOf\":{\"@id\":\"https:\\\/\\\/www.webdo.tn\\\/fr\\\/#website\"},\"primaryImageOfPage\":{\"@id\":\"https:\\\/\\\/www.webdo.tn\\\/fr\\\/actualite\\\/national\\\/meloni-a-washington-la-tunisie-a-l-ordre-du-jour\\\/207518\\\/#primaryimage\"},\"image\":{\"@id\":\"https:\\\/\\\/www.webdo.tn\\\/fr\\\/actualite\\\/national\\\/meloni-a-washington-la-tunisie-a-l-ordre-du-jour\\\/207518\\\/#primaryimage\"},\"thumbnailUrl\":\"https:\\\/\\\/www.webdo.tn\\\/fr\\\/wp-content\\\/uploads\\\/2023\\\/07\\\/d2d7aed96ddc9b3069b9a328eef4f25d.jpg\",\"datePublished\":\"2023-07-27T08:20:00+00:00\",\"dateModified\":\"2025-05-20T22:51:08+00:00\",\"description\":\"La Premi\u00e8re ministre italienne Giorgia Meloni doit se rendre \u00e0 la Maison Blanche ce jeudi 27 juillet pour \u00e9changer avec le pr\u00e9sident am\u00e9ricain Joe Biden sur les...\",\"breadcrumb\":{\"@id\":\"https:\\\/\\\/www.webdo.tn\\\/fr\\\/actualite\\\/national\\\/meloni-a-washington-la-tunisie-a-l-ordre-du-jour\\\/207518\\\/#breadcrumb\"},\"inLanguage\":\"fr-FR\",\"potentialAction\":[{\"@type\":\"ReadAction\",\"target\":[\"https:\\\/\\\/www.webdo.tn\\\/fr\\\/actualite\\\/national\\\/meloni-a-washington-la-tunisie-a-l-ordre-du-jour\\\/207518\\\/\"]}]},{\"@type\":\"ImageObject\",\"inLanguage\":\"fr-FR\",\"@id\":\"https:\\\/\\\/www.webdo.tn\\\/fr\\\/actualite\\\/national\\\/meloni-a-washington-la-tunisie-a-l-ordre-du-jour\\\/207518\\\/#primaryimage\",\"url\":\"https:\\\/\\\/www.webdo.tn\\\/fr\\\/wp-content\\\/uploads\\\/2023\\\/07\\\/d2d7aed96ddc9b3069b9a328eef4f25d.jpg\",\"contentUrl\":\"https:\\\/\\\/www.webdo.tn\\\/fr\\\/wp-content\\\/uploads\\\/2023\\\/07\\\/d2d7aed96ddc9b3069b9a328eef4f25d.jpg\",\"width\":750,\"height\":400,\"caption\":\"Meloni \u00e0 Washington, la Tunisie \u00e0 l\u2019ordre du jour ?\"},{\"@type\":\"BreadcrumbList\",\"@id\":\"https:\\\/\\\/www.webdo.tn\\\/fr\\\/actualite\\\/national\\\/meloni-a-washington-la-tunisie-a-l-ordre-du-jour\\\/207518\\\/#breadcrumb\",\"itemListElement\":[{\"@type\":\"ListItem\",\"position\":1,\"name\":\"Accueil\",\"item\":\"https:\\\/\\\/www.webdo.tn\\\/fr\\\/\"},{\"@type\":\"ListItem\",\"position\":2,\"name\":\"Meloni \u00e0 Washington, la Tunisie \u00e0 l\u2019ordre du jour ?\"}]},{\"@type\":\"WebSite\",\"@id\":\"https:\\\/\\\/www.webdo.tn\\\/fr\\\/#website\",\"url\":\"https:\\\/\\\/www.webdo.tn\\\/fr\\\/\",\"name\":\"webdo\",\"description\":\"Tunisie - News en Tunisie et \u00e0 l&#039;international sur Webdo.tn\",\"publisher\":{\"@id\":\"https:\\\/\\\/www.webdo.tn\\\/fr\\\/#organization\"},\"potentialAction\":[{\"@type\":\"SearchAction\",\"target\":{\"@type\":\"EntryPoint\",\"urlTemplate\":\"https:\\\/\\\/www.webdo.tn\\\/fr\\\/?s={search_term_string}\"},\"query-input\":{\"@type\":\"PropertyValueSpecification\",\"valueRequired\":true,\"valueName\":\"search_term_string\"}}],\"inLanguage\":\"fr-FR\"},{\"@type\":\"Organization\",\"@id\":\"https:\\\/\\\/www.webdo.tn\\\/fr\\\/#organization\",\"name\":\"Webdo\",\"alternateName\":\"Webdo.tn\",\"url\":\"https:\\\/\\\/www.webdo.tn\\\/fr\\\/\",\"logo\":{\"@type\":\"ImageObject\",\"inLanguage\":\"fr-FR\",\"@id\":\"https:\\\/\\\/www.webdo.tn\\\/fr\\\/#\\\/schema\\\/logo\\\/image\\\/\",\"url\":\"https:\\\/\\\/www.webdo.tn\\\/fr\\\/wp-content\\\/uploads\\\/2025\\\/06\\\/Webdo-Tunisie_168377.jpg\",\"contentUrl\":\"https:\\\/\\\/www.webdo.tn\\\/fr\\\/wp-content\\\/uploads\\\/2025\\\/06\\\/Webdo-Tunisie_168377.jpg\",\"width\":301,\"height\":301,\"caption\":\"Webdo\"},\"image\":{\"@id\":\"https:\\\/\\\/www.webdo.tn\\\/fr\\\/#\\\/schema\\\/logo\\\/image\\\/\"},\"sameAs\":[\"https:\\\/\\\/www.facebook.com\\\/webdotn\",\"https:\\\/\\\/x.com\\\/webdo_tn\"],\"description\":\"Webdo est un m\u00e9dia num\u00e9rique tunisien fond\u00e9 en 2010, sp\u00e9cialis\u00e9 dans l\u2019actualit\u00e9 nationale et internationale, l\u2019\u00e9conomie, la soci\u00e9t\u00e9 et les analyses politiques. Le site s\u2019adresse \u00e0 un large public francophone et couvre l\u2019information tunisienne en temps r\u00e9el.\",\"email\":\"redac@webdo.tn\",\"legalName\":\"YNJ SARL\",\"foundingDate\":\"2010-09-06\",\"numberOfEmployees\":{\"@type\":\"QuantitativeValue\",\"minValue\":\"11\",\"maxValue\":\"50\"}},{\"@type\":\"Person\",\"@id\":\"https:\\\/\\\/www.webdo.tn\\\/fr\\\/#\\\/schema\\\/person\\\/f35b42a42c5e2511bbd282959d6385cc\",\"name\":\"CL\",\"image\":{\"@type\":\"ImageObject\",\"inLanguage\":\"fr-FR\",\"@id\":\"https:\\\/\\\/secure.gravatar.com\\\/avatar\\\/1447a49909b67aa657c488aec6512e1dd6143a480c1ecfee9b5b5cd74eb3b59e?s=96&d=mm&r=g\",\"url\":\"https:\\\/\\\/secure.gravatar.com\\\/avatar\\\/1447a49909b67aa657c488aec6512e1dd6143a480c1ecfee9b5b5cd74eb3b59e?s=96&d=mm&r=g\",\"contentUrl\":\"https:\\\/\\\/secure.gravatar.com\\\/avatar\\\/1447a49909b67aa657c488aec6512e1dd6143a480c1ecfee9b5b5cd74eb3b59e?s=96&d=mm&r=g\",\"caption\":\"CL\"},\"url\":\"https:\\\/\\\/www.webdo.tn\\\/fr\\\/actualite\\\/author\\\/cl\\\/\"}]}<\/script>\n<!-- \/ Yoast SEO Premium plugin. -->","yoast_head_json":{"title":"Meloni \u00e0 Washington, la Tunisie \u00e0 l\u2019ordre du jour ?","description":"La Premi\u00e8re ministre italienne Giorgia Meloni doit se rendre \u00e0 la Maison Blanche ce jeudi 27 juillet pour \u00e9changer avec le pr\u00e9sident am\u00e9ricain Joe Biden sur les...","canonical":"https:\/\/www.webdo.tn\/fr\/actualite\/national\/meloni-a-washington-la-tunisie-a-l-ordre-du-jour\/207518\/","og_locale":"fr_FR","og_type":"article","og_title":"Meloni \u00e0 Washington, la Tunisie \u00e0 l\u2019ordre du jour ?","og_description":"La Premi\u00e8re ministre italienne Giorgia Meloni doit se rendre \u00e0 la Maison Blanche ce jeudi 27 juillet pour \u00e9changer avec le pr\u00e9sident am\u00e9ricain Joe Biden sur les...","og_url":"https:\/\/www.webdo.tn\/fr\/actualite\/national\/meloni-a-washington-la-tunisie-a-l-ordre-du-jour\/207518\/","og_site_name":"webdo","article_publisher":"https:\/\/www.facebook.com\/webdotn","article_published_time":"2023-07-27T08:20:00+00:00","article_modified_time":"2025-05-20T22:51:08+00:00","og_image":[{"width":750,"height":400,"url":"https:\/\/www.webdo.tn\/fr\/wp-content\/uploads\/2023\/07\/d2d7aed96ddc9b3069b9a328eef4f25d.jpg","type":"image\/jpeg"}],"author":"CL","twitter_card":"summary_large_image","twitter_creator":"@webdo_tn","twitter_site":"@webdo_tn","twitter_misc":{"\u00c9crit par":"CL","Dur\u00e9e de lecture estim\u00e9e":"1 minute"},"schema":{"@context":"https:\/\/schema.org","@graph":[{"@type":"NewsArticle","@id":"https:\/\/www.webdo.tn\/fr\/actualite\/national\/meloni-a-washington-la-tunisie-a-l-ordre-du-jour\/207518\/#article","isPartOf":{"@id":"https:\/\/www.webdo.tn\/fr\/actualite\/national\/meloni-a-washington-la-tunisie-a-l-ordre-du-jour\/207518\/"},"author":{"name":"CL","@id":"https:\/\/www.webdo.tn\/fr\/#\/schema\/person\/f35b42a42c5e2511bbd282959d6385cc"},"headline":"Meloni \u00e0 Washington, la Tunisie \u00e0 l\u2019ordre du jour ?","datePublished":"2023-07-27T08:20:00+00:00","dateModified":"2025-05-20T22:51:08+00:00","mainEntityOfPage":{"@id":"https:\/\/www.webdo.tn\/fr\/actualite\/national\/meloni-a-washington-la-tunisie-a-l-ordre-du-jour\/207518\/"},"wordCount":266,"commentCount":0,"publisher":{"@id":"https:\/\/www.webdo.tn\/fr\/#organization"},"image":{"@id":"https:\/\/www.webdo.tn\/fr\/actualite\/national\/meloni-a-washington-la-tunisie-a-l-ordre-du-jour\/207518\/#primaryimage"},"thumbnailUrl":"https:\/\/www.webdo.tn\/fr\/wp-content\/uploads\/2023\/07\/d2d7aed96ddc9b3069b9a328eef4f25d.jpg","keywords":["Italie","Meloni","Tunisie","USA"],"articleSection":["National"],"inLanguage":"fr-FR"},{"@type":"WebPage","@id":"https:\/\/www.webdo.tn\/fr\/actualite\/national\/meloni-a-washington-la-tunisie-a-l-ordre-du-jour\/207518\/","url":"https:\/\/www.webdo.tn\/fr\/actualite\/national\/meloni-a-washington-la-tunisie-a-l-ordre-du-jour\/207518\/","name":"Meloni \u00e0 Washington, la Tunisie \u00e0 l\u2019ordre du jour ?","isPartOf":{"@id":"https:\/\/www.webdo.tn\/fr\/#website"},"primaryImageOfPage":{"@id":"https:\/\/www.webdo.tn\/fr\/actualite\/national\/meloni-a-washington-la-tunisie-a-l-ordre-du-jour\/207518\/#primaryimage"},"image":{"@id":"https:\/\/www.webdo.tn\/fr\/actualite\/national\/meloni-a-washington-la-tunisie-a-l-ordre-du-jour\/207518\/#primaryimage"},"thumbnailUrl":"https:\/\/www.webdo.tn\/fr\/wp-content\/uploads\/2023\/07\/d2d7aed96ddc9b3069b9a328eef4f25d.jpg","datePublished":"2023-07-27T08:20:00+00:00","dateModified":"2025-05-20T22:51:08+00:00","description":"La Premi\u00e8re ministre italienne Giorgia Meloni doit se rendre \u00e0 la Maison Blanche ce jeudi 27 juillet pour \u00e9changer avec le pr\u00e9sident am\u00e9ricain Joe Biden sur les...","breadcrumb":{"@id":"https:\/\/www.webdo.tn\/fr\/actualite\/national\/meloni-a-washington-la-tunisie-a-l-ordre-du-jour\/207518\/#breadcrumb"},"inLanguage":"fr-FR","potentialAction":[{"@type":"ReadAction","target":["https:\/\/www.webdo.tn\/fr\/actualite\/national\/meloni-a-washington-la-tunisie-a-l-ordre-du-jour\/207518\/"]}]},{"@type":"ImageObject","inLanguage":"fr-FR","@id":"https:\/\/www.webdo.tn\/fr\/actualite\/national\/meloni-a-washington-la-tunisie-a-l-ordre-du-jour\/207518\/#primaryimage","url":"https:\/\/www.webdo.tn\/fr\/wp-content\/uploads\/2023\/07\/d2d7aed96ddc9b3069b9a328eef4f25d.jpg","contentUrl":"https:\/\/www.webdo.tn\/fr\/wp-content\/uploads\/2023\/07\/d2d7aed96ddc9b3069b9a328eef4f25d.jpg","width":750,"height":400,"caption":"Meloni \u00e0 Washington, la Tunisie \u00e0 l\u2019ordre du jour ?"},{"@type":"BreadcrumbList","@id":"https:\/\/www.webdo.tn\/fr\/actualite\/national\/meloni-a-washington-la-tunisie-a-l-ordre-du-jour\/207518\/#breadcrumb","itemListElement":[{"@type":"ListItem","position":1,"name":"Accueil","item":"https:\/\/www.webdo.tn\/fr\/"},{"@type":"ListItem","position":2,"name":"Meloni \u00e0 Washington, la Tunisie \u00e0 l\u2019ordre du jour ?"}]},{"@type":"WebSite","@id":"https:\/\/www.webdo.tn\/fr\/#website","url":"https:\/\/www.webdo.tn\/fr\/","name":"webdo","description":"Tunisie - News en Tunisie et \u00e0 l&#039;international sur Webdo.tn","publisher":{"@id":"https:\/\/www.webdo.tn\/fr\/#organization"},"potentialAction":[{"@type":"SearchAction","target":{"@type":"EntryPoint","urlTemplate":"https:\/\/www.webdo.tn\/fr\/?s={search_term_string}"},"query-input":{"@type":"PropertyValueSpecification","valueRequired":true,"valueName":"search_term_string"}}],"inLanguage":"fr-FR"},{"@type":"Organization","@id":"https:\/\/www.webdo.tn\/fr\/#organization","name":"Webdo","alternateName":"Webdo.tn","url":"https:\/\/www.webdo.tn\/fr\/","logo":{"@type":"ImageObject","inLanguage":"fr-FR","@id":"https:\/\/www.webdo.tn\/fr\/#\/schema\/logo\/image\/","url":"https:\/\/www.webdo.tn\/fr\/wp-content\/uploads\/2025\/06\/Webdo-Tunisie_168377.jpg","contentUrl":"https:\/\/www.webdo.tn\/fr\/wp-content\/uploads\/2025\/06\/Webdo-Tunisie_168377.jpg","width":301,"height":301,"caption":"Webdo"},"image":{"@id":"https:\/\/www.webdo.tn\/fr\/#\/schema\/logo\/image\/"},"sameAs":["https:\/\/www.facebook.com\/webdotn","https:\/\/x.com\/webdo_tn"],"description":"Webdo est un m\u00e9dia num\u00e9rique tunisien fond\u00e9 en 2010, sp\u00e9cialis\u00e9 dans l\u2019actualit\u00e9 nationale et internationale, l\u2019\u00e9conomie, la soci\u00e9t\u00e9 et les analyses politiques. Le site s\u2019adresse \u00e0 un large public francophone et couvre l\u2019information tunisienne en temps r\u00e9el.","email":"redac@webdo.tn","legalName":"YNJ SARL","foundingDate":"2010-09-06","numberOfEmployees":{"@type":"QuantitativeValue","minValue":"11","maxValue":"50"}},{"@type":"Person","@id":"https:\/\/www.webdo.tn\/fr\/#\/schema\/person\/f35b42a42c5e2511bbd282959d6385cc","name":"CL","image":{"@type":"ImageObject","inLanguage":"fr-FR","@id":"https:\/\/secure.gravatar.com\/avatar\/1447a49909b67aa657c488aec6512e1dd6143a480c1ecfee9b5b5cd74eb3b59e?s=96&d=mm&r=g","url":"https:\/\/secure.gravatar.com\/avatar\/1447a49909b67aa657c488aec6512e1dd6143a480c1ecfee9b5b5cd74eb3b59e?s=96&d=mm&r=g","contentUrl":"https:\/\/secure.gravatar.com\/avatar\/1447a49909b67aa657c488aec6512e1dd6143a480c1ecfee9b5b5cd74eb3b59e?s=96&d=mm&r=g","caption":"CL"},"url":"https:\/\/www.webdo.tn\/fr\/actualite\/author\/cl\/"}]}},"_links":{"self":[{"href":"https:\/\/www.webdo.tn\/fr\/wp-json\/wp\/v2\/posts\/207518","targetHints":{"allow":["GET"]}}],"collection":[{"href":"https:\/\/www.webdo.tn\/fr\/wp-json\/wp\/v2\/posts"}],"about":[{"href":"https:\/\/www.webdo.tn\/fr\/wp-json\/wp\/v2\/types\/post"}],"author":[{"embeddable":true,"href":"https:\/\/www.webdo.tn\/fr\/wp-json\/wp\/v2\/users\/3175"}],"replies":[{"embeddable":true,"href":"https:\/\/www.webdo.tn\/fr\/wp-json\/wp\/v2\/comments?post=207518"}],"version-history":[{"count":0,"href":"https:\/\/www.webdo.tn\/fr\/wp-json\/wp\/v2\/posts\/207518\/revisions"}],"wp:featuredmedia":[{"embeddable":true,"href":"https:\/\/www.webdo.tn\/fr\/wp-json\/wp\/v2\/media\/278546"}],"wp:attachment":[{"href":"https:\/\/www.webdo.tn\/fr\/wp-json\/wp\/v2\/media?parent=207518"}],"wp:term":[{"taxonomy":"category","embeddable":true,"href":"https:\/\/www.webdo.tn\/fr\/wp-json\/wp\/v2\/categories?post=207518"},{"taxonomy":"post_tag","embeddable":true,"href":"https:\/\/www.webdo.tn\/fr\/wp-json\/wp\/v2\/tags?post=207518"}],"curies":[{"name":"wp","href":"https:\/\/api.w.org\/{rel}","templated":true}]}}