{"id":207516,"date":"2023-07-27T07:48:00","date_gmt":"2023-07-27T07:48:00","guid":{"rendered":"https:\/\/www.webdo.tn\/fr\/blog\/tunisie-la-devaluation-du-dinar-responsable-de-la-penurie-des-medicaments\/207516\/"},"modified":"2025-05-20T22:51:07","modified_gmt":"2025-05-20T22:51:07","slug":"tunisie-la-devaluation-du-dinar-responsable-de-la-penurie-des-medicaments","status":"publish","type":"post","link":"https:\/\/www.webdo.tn\/fr\/actualite\/national\/tunisie-la-devaluation-du-dinar-responsable-de-la-penurie-des-medicaments\/207516\/","title":{"rendered":"La d\u00e9valuation du dinar responsable de la p\u00e9nurie des m\u00e9dicaments"},"content":{"rendered":"<p>La d\u00e9valuation du dinar, est l&rsquo;un des principaux facteurs responsables de la p\u00e9nurie des m\u00e9dicaments et de d\u00e9s\u00e9quilibre financier de la Pharmacie centrale de Tunisie (PCT) , outre entre autres, le d\u00e9ficit des caisses sociales (CNAM et CNSS) qui emp\u00eache les remboursements desquels d\u00e9pend la PCT, selon l&rsquo;Observatoire Tunisien de l&rsquo;Economie.<\/p>\n<p>\t\t\t\t\t\t\t\t\tDans une note publi\u00e9e mercredi, intitul\u00e9e, \u00ab\u00a0La p\u00e9nurie de m\u00e9dicaments est une crise aggrav\u00e9e par la d\u00e9valuation du dinar et la d\u00e9pendance du secteur pharmaceutique tunisien aux importations\u00a0\u00bb, l&rsquo; OTE a soulign\u00e9 que la d\u00e9valuation du dinar a fait augmenter le montant que la PCT doit payer pour acheter les m\u00eames m\u00e9dicaments \u00e0 l&rsquo;\u00e9tranger alors qu&rsquo;elle continue de les vendre aux m\u00eames prix qu&rsquo;avant, pour garantir l&rsquo;accessibilit\u00e9 financi\u00e8re aux m\u00e9dicaments.<\/p>\n<p>En effet, pr\u00e8s de 46% des besoins nationaux en m\u00e9dicaments sont couverts par les importations, ce qui accro\u00eet le co\u00fbt de cette d\u00e9valuation.\u00a0<\/p>\n<p>La d\u00e9valuation du dinar a donc caus\u00e9 une perte de 62% sur le r\u00e9sultat net de la PCT de l&rsquo;ann\u00e9e 2018 par rapport \u00e0 l&rsquo;ann\u00e9e 2017, passant de 144,8 millions de dinars \u00e0 -234,6 millions de dinars.<\/p>\n","protected":false},"excerpt":{"rendered":"<p>La d\u00e9valuation du dinar, est l&rsquo;un des principaux facteurs responsables de la p\u00e9nurie des m\u00e9dicaments et de d\u00e9s\u00e9quilibre financier de la Pharmacie centrale de Tu&#8230;<\/p>\n","protected":false},"author":3175,"featured_media":278541,"comment_status":"open","ping_status":"closed","sticky":false,"template":"","format":"standard","meta":{"footnotes":""},"categories":[44],"tags":[3280,3479,2608],"class_list":["post-207516","post","type-post","status-publish","format-standard","has-post-thumbnail","hentry","category-national","tag-dinar","tag-medicaments","tag-tunisie"],"yoast_head":"<!-- This site is optimized with the Yoast SEO Premium plugin v27.4 (Yoast SEO v27.5) - https:\/\/yoast.com\/product\/yoast-seo-premium-wordpress\/ -->\n<title>La d\u00e9valuation du dinar responsable de la p\u00e9nurie des m\u00e9dicaments<\/title>\n<meta name=\"description\" content=\"La d\u00e9valuation du dinar, est l&#039;un des principaux facteurs responsables de la p\u00e9nurie des m\u00e9dicaments et de d\u00e9s\u00e9quilibre financier de la Pharmacie centrale de Tu...\" \/>\n<link rel=\"canonical\" href=\"https:\/\/www.webdo.tn\/fr\/actualite\/national\/tunisie-la-devaluation-du-dinar-responsable-de-la-penurie-des-medicaments\/207516\/\" \/>\n<meta property=\"og:locale\" content=\"fr_FR\" \/>\n<meta property=\"og:type\" content=\"article\" \/>\n<meta property=\"og:title\" content=\"La d\u00e9valuation du dinar responsable de la p\u00e9nurie des m\u00e9dicaments\" \/>\n<meta property=\"og:description\" content=\"La d\u00e9valuation du dinar, est l&#039;un des principaux facteurs responsables de la p\u00e9nurie des m\u00e9dicaments et de d\u00e9s\u00e9quilibre financier de la Pharmacie centrale de Tu...\" \/>\n<meta property=\"og:url\" content=\"https:\/\/www.webdo.tn\/fr\/actualite\/national\/tunisie-la-devaluation-du-dinar-responsable-de-la-penurie-des-medicaments\/207516\/\" \/>\n<meta property=\"og:site_name\" content=\"webdo\" \/>\n<meta property=\"article:publisher\" content=\"https:\/\/www.facebook.com\/webdotn\" \/>\n<meta property=\"article:published_time\" content=\"2023-07-27T07:48:00+00:00\" \/>\n<meta property=\"article:modified_time\" content=\"2025-05-20T22:51:07+00:00\" \/>\n<meta property=\"og:image\" content=\"https:\/\/www.webdo.tn\/fr\/wp-content\/uploads\/2023\/07\/b849dc2f6eda9582372b26ab01e58e2f.jpg\" \/>\n\t<meta property=\"og:image:width\" content=\"750\" \/>\n\t<meta property=\"og:image:height\" content=\"400\" \/>\n\t<meta property=\"og:image:type\" content=\"image\/jpeg\" \/>\n<meta name=\"author\" content=\"CL\" \/>\n<meta name=\"twitter:card\" content=\"summary_large_image\" \/>\n<meta name=\"twitter:creator\" content=\"@webdo_tn\" \/>\n<meta name=\"twitter:site\" content=\"@webdo_tn\" \/>\n<meta name=\"twitter:label1\" content=\"\u00c9crit par\" \/>\n\t<meta name=\"twitter:data1\" content=\"CL\" \/>\n\t<meta name=\"twitter:label2\" content=\"Dur\u00e9e de lecture estim\u00e9e\" \/>\n\t<meta name=\"twitter:data2\" content=\"1 minute\" \/>\n<script type=\"application\/ld+json\" class=\"yoast-schema-graph\">{\"@context\":\"https:\\\/\\\/schema.org\",\"@graph\":[{\"@type\":\"NewsArticle\",\"@id\":\"https:\\\/\\\/www.webdo.tn\\\/fr\\\/actualite\\\/national\\\/tunisie-la-devaluation-du-dinar-responsable-de-la-penurie-des-medicaments\\\/207516\\\/#article\",\"isPartOf\":{\"@id\":\"https:\\\/\\\/www.webdo.tn\\\/fr\\\/actualite\\\/national\\\/tunisie-la-devaluation-du-dinar-responsable-de-la-penurie-des-medicaments\\\/207516\\\/\"},\"author\":{\"name\":\"CL\",\"@id\":\"https:\\\/\\\/www.webdo.tn\\\/fr\\\/#\\\/schema\\\/person\\\/f35b42a42c5e2511bbd282959d6385cc\"},\"headline\":\"La d\u00e9valuation du dinar responsable de la p\u00e9nurie des m\u00e9dicaments\",\"datePublished\":\"2023-07-27T07:48:00+00:00\",\"dateModified\":\"2025-05-20T22:51:07+00:00\",\"mainEntityOfPage\":{\"@id\":\"https:\\\/\\\/www.webdo.tn\\\/fr\\\/actualite\\\/national\\\/tunisie-la-devaluation-du-dinar-responsable-de-la-penurie-des-medicaments\\\/207516\\\/\"},\"wordCount\":224,\"commentCount\":0,\"publisher\":{\"@id\":\"https:\\\/\\\/www.webdo.tn\\\/fr\\\/#organization\"},\"image\":{\"@id\":\"https:\\\/\\\/www.webdo.tn\\\/fr\\\/actualite\\\/national\\\/tunisie-la-devaluation-du-dinar-responsable-de-la-penurie-des-medicaments\\\/207516\\\/#primaryimage\"},\"thumbnailUrl\":\"https:\\\/\\\/www.webdo.tn\\\/fr\\\/wp-content\\\/uploads\\\/2023\\\/07\\\/b849dc2f6eda9582372b26ab01e58e2f.jpg\",\"keywords\":[\"Dinar\",\"m\u00e9dicaments\",\"Tunisie\"],\"articleSection\":[\"National\"],\"inLanguage\":\"fr-FR\"},{\"@type\":\"WebPage\",\"@id\":\"https:\\\/\\\/www.webdo.tn\\\/fr\\\/actualite\\\/national\\\/tunisie-la-devaluation-du-dinar-responsable-de-la-penurie-des-medicaments\\\/207516\\\/\",\"url\":\"https:\\\/\\\/www.webdo.tn\\\/fr\\\/actualite\\\/national\\\/tunisie-la-devaluation-du-dinar-responsable-de-la-penurie-des-medicaments\\\/207516\\\/\",\"name\":\"La d\u00e9valuation du dinar responsable de la p\u00e9nurie des m\u00e9dicaments\",\"isPartOf\":{\"@id\":\"https:\\\/\\\/www.webdo.tn\\\/fr\\\/#website\"},\"primaryImageOfPage\":{\"@id\":\"https:\\\/\\\/www.webdo.tn\\\/fr\\\/actualite\\\/national\\\/tunisie-la-devaluation-du-dinar-responsable-de-la-penurie-des-medicaments\\\/207516\\\/#primaryimage\"},\"image\":{\"@id\":\"https:\\\/\\\/www.webdo.tn\\\/fr\\\/actualite\\\/national\\\/tunisie-la-devaluation-du-dinar-responsable-de-la-penurie-des-medicaments\\\/207516\\\/#primaryimage\"},\"thumbnailUrl\":\"https:\\\/\\\/www.webdo.tn\\\/fr\\\/wp-content\\\/uploads\\\/2023\\\/07\\\/b849dc2f6eda9582372b26ab01e58e2f.jpg\",\"datePublished\":\"2023-07-27T07:48:00+00:00\",\"dateModified\":\"2025-05-20T22:51:07+00:00\",\"description\":\"La d\u00e9valuation du dinar, est l'un des principaux facteurs responsables de la p\u00e9nurie des m\u00e9dicaments et de d\u00e9s\u00e9quilibre financier de la Pharmacie centrale de Tu...\",\"breadcrumb\":{\"@id\":\"https:\\\/\\\/www.webdo.tn\\\/fr\\\/actualite\\\/national\\\/tunisie-la-devaluation-du-dinar-responsable-de-la-penurie-des-medicaments\\\/207516\\\/#breadcrumb\"},\"inLanguage\":\"fr-FR\",\"potentialAction\":[{\"@type\":\"ReadAction\",\"target\":[\"https:\\\/\\\/www.webdo.tn\\\/fr\\\/actualite\\\/national\\\/tunisie-la-devaluation-du-dinar-responsable-de-la-penurie-des-medicaments\\\/207516\\\/\"]}]},{\"@type\":\"ImageObject\",\"inLanguage\":\"fr-FR\",\"@id\":\"https:\\\/\\\/www.webdo.tn\\\/fr\\\/actualite\\\/national\\\/tunisie-la-devaluation-du-dinar-responsable-de-la-penurie-des-medicaments\\\/207516\\\/#primaryimage\",\"url\":\"https:\\\/\\\/www.webdo.tn\\\/fr\\\/wp-content\\\/uploads\\\/2023\\\/07\\\/b849dc2f6eda9582372b26ab01e58e2f.jpg\",\"contentUrl\":\"https:\\\/\\\/www.webdo.tn\\\/fr\\\/wp-content\\\/uploads\\\/2023\\\/07\\\/b849dc2f6eda9582372b26ab01e58e2f.jpg\",\"width\":750,\"height\":400,\"caption\":\"La d\u00e9valuation du dinar responsable de la p\u00e9nurie des m\u00e9dicaments\"},{\"@type\":\"BreadcrumbList\",\"@id\":\"https:\\\/\\\/www.webdo.tn\\\/fr\\\/actualite\\\/national\\\/tunisie-la-devaluation-du-dinar-responsable-de-la-penurie-des-medicaments\\\/207516\\\/#breadcrumb\",\"itemListElement\":[{\"@type\":\"ListItem\",\"position\":1,\"name\":\"Accueil\",\"item\":\"https:\\\/\\\/www.webdo.tn\\\/fr\\\/\"},{\"@type\":\"ListItem\",\"position\":2,\"name\":\"La d\u00e9valuation du dinar responsable de la p\u00e9nurie des m\u00e9dicaments\"}]},{\"@type\":\"WebSite\",\"@id\":\"https:\\\/\\\/www.webdo.tn\\\/fr\\\/#website\",\"url\":\"https:\\\/\\\/www.webdo.tn\\\/fr\\\/\",\"name\":\"webdo\",\"description\":\"Tunisie - News en Tunisie et \u00e0 l&#039;international sur Webdo.tn\",\"publisher\":{\"@id\":\"https:\\\/\\\/www.webdo.tn\\\/fr\\\/#organization\"},\"potentialAction\":[{\"@type\":\"SearchAction\",\"target\":{\"@type\":\"EntryPoint\",\"urlTemplate\":\"https:\\\/\\\/www.webdo.tn\\\/fr\\\/?s={search_term_string}\"},\"query-input\":{\"@type\":\"PropertyValueSpecification\",\"valueRequired\":true,\"valueName\":\"search_term_string\"}}],\"inLanguage\":\"fr-FR\"},{\"@type\":\"Organization\",\"@id\":\"https:\\\/\\\/www.webdo.tn\\\/fr\\\/#organization\",\"name\":\"Webdo\",\"alternateName\":\"Webdo.tn\",\"url\":\"https:\\\/\\\/www.webdo.tn\\\/fr\\\/\",\"logo\":{\"@type\":\"ImageObject\",\"inLanguage\":\"fr-FR\",\"@id\":\"https:\\\/\\\/www.webdo.tn\\\/fr\\\/#\\\/schema\\\/logo\\\/image\\\/\",\"url\":\"https:\\\/\\\/www.webdo.tn\\\/fr\\\/wp-content\\\/uploads\\\/2025\\\/06\\\/Webdo-Tunisie_168377.jpg\",\"contentUrl\":\"https:\\\/\\\/www.webdo.tn\\\/fr\\\/wp-content\\\/uploads\\\/2025\\\/06\\\/Webdo-Tunisie_168377.jpg\",\"width\":301,\"height\":301,\"caption\":\"Webdo\"},\"image\":{\"@id\":\"https:\\\/\\\/www.webdo.tn\\\/fr\\\/#\\\/schema\\\/logo\\\/image\\\/\"},\"sameAs\":[\"https:\\\/\\\/www.facebook.com\\\/webdotn\",\"https:\\\/\\\/x.com\\\/webdo_tn\"],\"description\":\"Webdo est un m\u00e9dia num\u00e9rique tunisien fond\u00e9 en 2010, sp\u00e9cialis\u00e9 dans l\u2019actualit\u00e9 nationale et internationale, l\u2019\u00e9conomie, la soci\u00e9t\u00e9 et les analyses politiques. Le site s\u2019adresse \u00e0 un large public francophone et couvre l\u2019information tunisienne en temps r\u00e9el.\",\"email\":\"redac@webdo.tn\",\"legalName\":\"YNJ SARL\",\"foundingDate\":\"2010-09-06\",\"numberOfEmployees\":{\"@type\":\"QuantitativeValue\",\"minValue\":\"11\",\"maxValue\":\"50\"}},{\"@type\":\"Person\",\"@id\":\"https:\\\/\\\/www.webdo.tn\\\/fr\\\/#\\\/schema\\\/person\\\/f35b42a42c5e2511bbd282959d6385cc\",\"name\":\"CL\",\"image\":{\"@type\":\"ImageObject\",\"inLanguage\":\"fr-FR\",\"@id\":\"https:\\\/\\\/secure.gravatar.com\\\/avatar\\\/1447a49909b67aa657c488aec6512e1dd6143a480c1ecfee9b5b5cd74eb3b59e?s=96&d=mm&r=g\",\"url\":\"https:\\\/\\\/secure.gravatar.com\\\/avatar\\\/1447a49909b67aa657c488aec6512e1dd6143a480c1ecfee9b5b5cd74eb3b59e?s=96&d=mm&r=g\",\"contentUrl\":\"https:\\\/\\\/secure.gravatar.com\\\/avatar\\\/1447a49909b67aa657c488aec6512e1dd6143a480c1ecfee9b5b5cd74eb3b59e?s=96&d=mm&r=g\",\"caption\":\"CL\"},\"url\":\"https:\\\/\\\/www.webdo.tn\\\/fr\\\/actualite\\\/author\\\/cl\\\/\"}]}<\/script>\n<!-- \/ Yoast SEO Premium plugin. -->","yoast_head_json":{"title":"La d\u00e9valuation du dinar responsable de la p\u00e9nurie des m\u00e9dicaments","description":"La d\u00e9valuation du dinar, est l'un des principaux facteurs responsables de la p\u00e9nurie des m\u00e9dicaments et de d\u00e9s\u00e9quilibre financier de la Pharmacie centrale de Tu...","canonical":"https:\/\/www.webdo.tn\/fr\/actualite\/national\/tunisie-la-devaluation-du-dinar-responsable-de-la-penurie-des-medicaments\/207516\/","og_locale":"fr_FR","og_type":"article","og_title":"La d\u00e9valuation du dinar responsable de la p\u00e9nurie des m\u00e9dicaments","og_description":"La d\u00e9valuation du dinar, est l'un des principaux facteurs responsables de la p\u00e9nurie des m\u00e9dicaments et de d\u00e9s\u00e9quilibre financier de la Pharmacie centrale de Tu...","og_url":"https:\/\/www.webdo.tn\/fr\/actualite\/national\/tunisie-la-devaluation-du-dinar-responsable-de-la-penurie-des-medicaments\/207516\/","og_site_name":"webdo","article_publisher":"https:\/\/www.facebook.com\/webdotn","article_published_time":"2023-07-27T07:48:00+00:00","article_modified_time":"2025-05-20T22:51:07+00:00","og_image":[{"width":750,"height":400,"url":"https:\/\/www.webdo.tn\/fr\/wp-content\/uploads\/2023\/07\/b849dc2f6eda9582372b26ab01e58e2f.jpg","type":"image\/jpeg"}],"author":"CL","twitter_card":"summary_large_image","twitter_creator":"@webdo_tn","twitter_site":"@webdo_tn","twitter_misc":{"\u00c9crit par":"CL","Dur\u00e9e de lecture estim\u00e9e":"1 minute"},"schema":{"@context":"https:\/\/schema.org","@graph":[{"@type":"NewsArticle","@id":"https:\/\/www.webdo.tn\/fr\/actualite\/national\/tunisie-la-devaluation-du-dinar-responsable-de-la-penurie-des-medicaments\/207516\/#article","isPartOf":{"@id":"https:\/\/www.webdo.tn\/fr\/actualite\/national\/tunisie-la-devaluation-du-dinar-responsable-de-la-penurie-des-medicaments\/207516\/"},"author":{"name":"CL","@id":"https:\/\/www.webdo.tn\/fr\/#\/schema\/person\/f35b42a42c5e2511bbd282959d6385cc"},"headline":"La d\u00e9valuation du dinar responsable de la p\u00e9nurie des m\u00e9dicaments","datePublished":"2023-07-27T07:48:00+00:00","dateModified":"2025-05-20T22:51:07+00:00","mainEntityOfPage":{"@id":"https:\/\/www.webdo.tn\/fr\/actualite\/national\/tunisie-la-devaluation-du-dinar-responsable-de-la-penurie-des-medicaments\/207516\/"},"wordCount":224,"commentCount":0,"publisher":{"@id":"https:\/\/www.webdo.tn\/fr\/#organization"},"image":{"@id":"https:\/\/www.webdo.tn\/fr\/actualite\/national\/tunisie-la-devaluation-du-dinar-responsable-de-la-penurie-des-medicaments\/207516\/#primaryimage"},"thumbnailUrl":"https:\/\/www.webdo.tn\/fr\/wp-content\/uploads\/2023\/07\/b849dc2f6eda9582372b26ab01e58e2f.jpg","keywords":["Dinar","m\u00e9dicaments","Tunisie"],"articleSection":["National"],"inLanguage":"fr-FR"},{"@type":"WebPage","@id":"https:\/\/www.webdo.tn\/fr\/actualite\/national\/tunisie-la-devaluation-du-dinar-responsable-de-la-penurie-des-medicaments\/207516\/","url":"https:\/\/www.webdo.tn\/fr\/actualite\/national\/tunisie-la-devaluation-du-dinar-responsable-de-la-penurie-des-medicaments\/207516\/","name":"La d\u00e9valuation du dinar responsable de la p\u00e9nurie des m\u00e9dicaments","isPartOf":{"@id":"https:\/\/www.webdo.tn\/fr\/#website"},"primaryImageOfPage":{"@id":"https:\/\/www.webdo.tn\/fr\/actualite\/national\/tunisie-la-devaluation-du-dinar-responsable-de-la-penurie-des-medicaments\/207516\/#primaryimage"},"image":{"@id":"https:\/\/www.webdo.tn\/fr\/actualite\/national\/tunisie-la-devaluation-du-dinar-responsable-de-la-penurie-des-medicaments\/207516\/#primaryimage"},"thumbnailUrl":"https:\/\/www.webdo.tn\/fr\/wp-content\/uploads\/2023\/07\/b849dc2f6eda9582372b26ab01e58e2f.jpg","datePublished":"2023-07-27T07:48:00+00:00","dateModified":"2025-05-20T22:51:07+00:00","description":"La d\u00e9valuation du dinar, est l'un des principaux facteurs responsables de la p\u00e9nurie des m\u00e9dicaments et de d\u00e9s\u00e9quilibre financier de la Pharmacie centrale de Tu...","breadcrumb":{"@id":"https:\/\/www.webdo.tn\/fr\/actualite\/national\/tunisie-la-devaluation-du-dinar-responsable-de-la-penurie-des-medicaments\/207516\/#breadcrumb"},"inLanguage":"fr-FR","potentialAction":[{"@type":"ReadAction","target":["https:\/\/www.webdo.tn\/fr\/actualite\/national\/tunisie-la-devaluation-du-dinar-responsable-de-la-penurie-des-medicaments\/207516\/"]}]},{"@type":"ImageObject","inLanguage":"fr-FR","@id":"https:\/\/www.webdo.tn\/fr\/actualite\/national\/tunisie-la-devaluation-du-dinar-responsable-de-la-penurie-des-medicaments\/207516\/#primaryimage","url":"https:\/\/www.webdo.tn\/fr\/wp-content\/uploads\/2023\/07\/b849dc2f6eda9582372b26ab01e58e2f.jpg","contentUrl":"https:\/\/www.webdo.tn\/fr\/wp-content\/uploads\/2023\/07\/b849dc2f6eda9582372b26ab01e58e2f.jpg","width":750,"height":400,"caption":"La d\u00e9valuation du dinar responsable de la p\u00e9nurie des m\u00e9dicaments"},{"@type":"BreadcrumbList","@id":"https:\/\/www.webdo.tn\/fr\/actualite\/national\/tunisie-la-devaluation-du-dinar-responsable-de-la-penurie-des-medicaments\/207516\/#breadcrumb","itemListElement":[{"@type":"ListItem","position":1,"name":"Accueil","item":"https:\/\/www.webdo.tn\/fr\/"},{"@type":"ListItem","position":2,"name":"La d\u00e9valuation du dinar responsable de la p\u00e9nurie des m\u00e9dicaments"}]},{"@type":"WebSite","@id":"https:\/\/www.webdo.tn\/fr\/#website","url":"https:\/\/www.webdo.tn\/fr\/","name":"webdo","description":"Tunisie - News en Tunisie et \u00e0 l&#039;international sur Webdo.tn","publisher":{"@id":"https:\/\/www.webdo.tn\/fr\/#organization"},"potentialAction":[{"@type":"SearchAction","target":{"@type":"EntryPoint","urlTemplate":"https:\/\/www.webdo.tn\/fr\/?s={search_term_string}"},"query-input":{"@type":"PropertyValueSpecification","valueRequired":true,"valueName":"search_term_string"}}],"inLanguage":"fr-FR"},{"@type":"Organization","@id":"https:\/\/www.webdo.tn\/fr\/#organization","name":"Webdo","alternateName":"Webdo.tn","url":"https:\/\/www.webdo.tn\/fr\/","logo":{"@type":"ImageObject","inLanguage":"fr-FR","@id":"https:\/\/www.webdo.tn\/fr\/#\/schema\/logo\/image\/","url":"https:\/\/www.webdo.tn\/fr\/wp-content\/uploads\/2025\/06\/Webdo-Tunisie_168377.jpg","contentUrl":"https:\/\/www.webdo.tn\/fr\/wp-content\/uploads\/2025\/06\/Webdo-Tunisie_168377.jpg","width":301,"height":301,"caption":"Webdo"},"image":{"@id":"https:\/\/www.webdo.tn\/fr\/#\/schema\/logo\/image\/"},"sameAs":["https:\/\/www.facebook.com\/webdotn","https:\/\/x.com\/webdo_tn"],"description":"Webdo est un m\u00e9dia num\u00e9rique tunisien fond\u00e9 en 2010, sp\u00e9cialis\u00e9 dans l\u2019actualit\u00e9 nationale et internationale, l\u2019\u00e9conomie, la soci\u00e9t\u00e9 et les analyses politiques. Le site s\u2019adresse \u00e0 un large public francophone et couvre l\u2019information tunisienne en temps r\u00e9el.","email":"redac@webdo.tn","legalName":"YNJ SARL","foundingDate":"2010-09-06","numberOfEmployees":{"@type":"QuantitativeValue","minValue":"11","maxValue":"50"}},{"@type":"Person","@id":"https:\/\/www.webdo.tn\/fr\/#\/schema\/person\/f35b42a42c5e2511bbd282959d6385cc","name":"CL","image":{"@type":"ImageObject","inLanguage":"fr-FR","@id":"https:\/\/secure.gravatar.com\/avatar\/1447a49909b67aa657c488aec6512e1dd6143a480c1ecfee9b5b5cd74eb3b59e?s=96&d=mm&r=g","url":"https:\/\/secure.gravatar.com\/avatar\/1447a49909b67aa657c488aec6512e1dd6143a480c1ecfee9b5b5cd74eb3b59e?s=96&d=mm&r=g","contentUrl":"https:\/\/secure.gravatar.com\/avatar\/1447a49909b67aa657c488aec6512e1dd6143a480c1ecfee9b5b5cd74eb3b59e?s=96&d=mm&r=g","caption":"CL"},"url":"https:\/\/www.webdo.tn\/fr\/actualite\/author\/cl\/"}]}},"_links":{"self":[{"href":"https:\/\/www.webdo.tn\/fr\/wp-json\/wp\/v2\/posts\/207516","targetHints":{"allow":["GET"]}}],"collection":[{"href":"https:\/\/www.webdo.tn\/fr\/wp-json\/wp\/v2\/posts"}],"about":[{"href":"https:\/\/www.webdo.tn\/fr\/wp-json\/wp\/v2\/types\/post"}],"author":[{"embeddable":true,"href":"https:\/\/www.webdo.tn\/fr\/wp-json\/wp\/v2\/users\/3175"}],"replies":[{"embeddable":true,"href":"https:\/\/www.webdo.tn\/fr\/wp-json\/wp\/v2\/comments?post=207516"}],"version-history":[{"count":0,"href":"https:\/\/www.webdo.tn\/fr\/wp-json\/wp\/v2\/posts\/207516\/revisions"}],"wp:featuredmedia":[{"embeddable":true,"href":"https:\/\/www.webdo.tn\/fr\/wp-json\/wp\/v2\/media\/278541"}],"wp:attachment":[{"href":"https:\/\/www.webdo.tn\/fr\/wp-json\/wp\/v2\/media?parent=207516"}],"wp:term":[{"taxonomy":"category","embeddable":true,"href":"https:\/\/www.webdo.tn\/fr\/wp-json\/wp\/v2\/categories?post=207516"},{"taxonomy":"post_tag","embeddable":true,"href":"https:\/\/www.webdo.tn\/fr\/wp-json\/wp\/v2\/tags?post=207516"}],"curies":[{"name":"wp","href":"https:\/\/api.w.org\/{rel}","templated":true}]}}