{"id":207514,"date":"2023-07-26T20:20:00","date_gmt":"2023-07-26T20:20:00","guid":{"rendered":"https:\/\/www.webdo.tn\/fr\/blog\/le-parlement-reporte-deux-seances-de-dialogue-avec-le-gouvernement\/207514\/"},"modified":"2025-05-20T22:51:05","modified_gmt":"2025-05-20T22:51:05","slug":"le-parlement-reporte-deux-seances-de-dialogue-avec-le-gouvernement","status":"publish","type":"post","link":"https:\/\/www.webdo.tn\/fr\/actualite\/national\/le-parlement-reporte-deux-seances-de-dialogue-avec-le-gouvernement\/207514\/","title":{"rendered":"Le Parlement reporte deux s\u00e9ances de dialogue avec le gouvernement"},"content":{"rendered":"<p>Le bureau de l&rsquo;Assembl\u00e9e des repr\u00e9sentants du peuple (ARP) a d\u00e9cid\u00e9, mercredi, de reporter deux s\u00e9ances de dialogue avec le gouvernement, initialement pr\u00e9vues les 27 et 28 juillet.<\/p>\n<p>\t\t\t\t\t\t\t\t\tLe ministre de l&rsquo;Agriculture, des Ressources hydrauliques et de la P\u00eache ainsi que le ministre du Commerce et du d\u00e9veloppement des exportations devraient \u00eatre auditionn\u00e9s.<\/p>\n<p>Le bureau du Parlement r\u00e9uni, ce mercredi, au Palais du Bardo, sous la pr\u00e9sidence de Brahim Bouderbala \u00ab\u00a0a examin\u00e9 deux demandes formul\u00e9es par les deux ministres cit\u00e9s au sujet du report des deux pl\u00e9ni\u00e8res, en raison de leurs engagements professionnels\u00a0\u00bb, indique un communiqu\u00e9.<\/p>\n","protected":false},"excerpt":{"rendered":"<p>Le bureau de l&rsquo;Assembl\u00e9e des repr\u00e9sentants du peuple (ARP) a d\u00e9cid\u00e9, mercredi, de reporter deux s\u00e9ances de dialogue avec le gouvernement, initialement pr\u00e9vues l&#8230;<\/p>\n","protected":false},"author":3175,"featured_media":278538,"comment_status":"open","ping_status":"closed","sticky":false,"template":"","format":"standard","meta":{"footnotes":""},"categories":[44],"tags":[2813,2651,2608],"class_list":["post-207514","post","type-post","status-publish","format-standard","has-post-thumbnail","hentry","category-national","tag-arp","tag-gouvernement","tag-tunisie"],"yoast_head":"<!-- This site is optimized with the Yoast SEO Premium plugin v27.5 (Yoast SEO v27.5) - https:\/\/yoast.com\/product\/yoast-seo-premium-wordpress\/ -->\n<title>Le Parlement reporte deux s\u00e9ances de dialogue avec le gouvernement<\/title>\n<meta name=\"description\" content=\"Le bureau de l&#039;Assembl\u00e9e des repr\u00e9sentants du peuple (ARP) a d\u00e9cid\u00e9, mercredi, de reporter deux s\u00e9ances de dialogue avec le gouvernement, initialement pr\u00e9vues l...\" \/>\n<link rel=\"canonical\" href=\"https:\/\/www.webdo.tn\/fr\/actualite\/national\/le-parlement-reporte-deux-seances-de-dialogue-avec-le-gouvernement\/207514\/\" \/>\n<meta property=\"og:locale\" content=\"fr_FR\" \/>\n<meta property=\"og:type\" content=\"article\" \/>\n<meta property=\"og:title\" content=\"Le Parlement reporte deux s\u00e9ances de dialogue avec le gouvernement\" \/>\n<meta property=\"og:description\" content=\"Le bureau de l&#039;Assembl\u00e9e des repr\u00e9sentants du peuple (ARP) a d\u00e9cid\u00e9, mercredi, de reporter deux s\u00e9ances de dialogue avec le gouvernement, initialement pr\u00e9vues l...\" \/>\n<meta property=\"og:url\" content=\"https:\/\/www.webdo.tn\/fr\/actualite\/national\/le-parlement-reporte-deux-seances-de-dialogue-avec-le-gouvernement\/207514\/\" \/>\n<meta property=\"og:site_name\" content=\"webdo\" \/>\n<meta property=\"article:publisher\" content=\"https:\/\/www.facebook.com\/webdotn\" \/>\n<meta property=\"article:published_time\" content=\"2023-07-26T20:20:00+00:00\" \/>\n<meta property=\"article:modified_time\" content=\"2025-05-20T22:51:05+00:00\" \/>\n<meta property=\"og:image\" content=\"https:\/\/www.webdo.tn\/fr\/wp-content\/uploads\/2023\/07\/0ce9db92067ed8470ff93e66b8783925.jpg\" \/>\n\t<meta property=\"og:image:width\" content=\"750\" \/>\n\t<meta property=\"og:image:height\" content=\"400\" \/>\n\t<meta property=\"og:image:type\" content=\"image\/jpeg\" \/>\n<meta name=\"author\" content=\"CL\" \/>\n<meta name=\"twitter:card\" content=\"summary_large_image\" \/>\n<meta name=\"twitter:creator\" content=\"@webdo_tn\" \/>\n<meta name=\"twitter:site\" content=\"@webdo_tn\" \/>\n<meta name=\"twitter:label1\" content=\"\u00c9crit par\" \/>\n\t<meta name=\"twitter:data1\" content=\"CL\" \/>\n\t<meta name=\"twitter:label2\" content=\"Dur\u00e9e de lecture estim\u00e9e\" \/>\n\t<meta name=\"twitter:data2\" content=\"1 minute\" \/>\n<script type=\"application\/ld+json\" class=\"yoast-schema-graph\">{\"@context\":\"https:\\\/\\\/schema.org\",\"@graph\":[{\"@type\":\"NewsArticle\",\"@id\":\"https:\\\/\\\/www.webdo.tn\\\/fr\\\/actualite\\\/national\\\/le-parlement-reporte-deux-seances-de-dialogue-avec-le-gouvernement\\\/207514\\\/#article\",\"isPartOf\":{\"@id\":\"https:\\\/\\\/www.webdo.tn\\\/fr\\\/actualite\\\/national\\\/le-parlement-reporte-deux-seances-de-dialogue-avec-le-gouvernement\\\/207514\\\/\"},\"author\":{\"name\":\"CL\",\"@id\":\"https:\\\/\\\/www.webdo.tn\\\/fr\\\/#\\\/schema\\\/person\\\/f35b42a42c5e2511bbd282959d6385cc\"},\"headline\":\"Le Parlement reporte deux s\u00e9ances de dialogue avec le gouvernement\",\"datePublished\":\"2023-07-26T20:20:00+00:00\",\"dateModified\":\"2025-05-20T22:51:05+00:00\",\"mainEntityOfPage\":{\"@id\":\"https:\\\/\\\/www.webdo.tn\\\/fr\\\/actualite\\\/national\\\/le-parlement-reporte-deux-seances-de-dialogue-avec-le-gouvernement\\\/207514\\\/\"},\"wordCount\":121,\"commentCount\":0,\"publisher\":{\"@id\":\"https:\\\/\\\/www.webdo.tn\\\/fr\\\/#organization\"},\"image\":{\"@id\":\"https:\\\/\\\/www.webdo.tn\\\/fr\\\/actualite\\\/national\\\/le-parlement-reporte-deux-seances-de-dialogue-avec-le-gouvernement\\\/207514\\\/#primaryimage\"},\"thumbnailUrl\":\"https:\\\/\\\/www.webdo.tn\\\/fr\\\/wp-content\\\/uploads\\\/2023\\\/07\\\/0ce9db92067ed8470ff93e66b8783925.jpg\",\"keywords\":[\"ARP\",\"gouvernement\",\"Tunisie\"],\"articleSection\":[\"National\"],\"inLanguage\":\"fr-FR\"},{\"@type\":\"WebPage\",\"@id\":\"https:\\\/\\\/www.webdo.tn\\\/fr\\\/actualite\\\/national\\\/le-parlement-reporte-deux-seances-de-dialogue-avec-le-gouvernement\\\/207514\\\/\",\"url\":\"https:\\\/\\\/www.webdo.tn\\\/fr\\\/actualite\\\/national\\\/le-parlement-reporte-deux-seances-de-dialogue-avec-le-gouvernement\\\/207514\\\/\",\"name\":\"Le Parlement reporte deux s\u00e9ances de dialogue avec le gouvernement\",\"isPartOf\":{\"@id\":\"https:\\\/\\\/www.webdo.tn\\\/fr\\\/#website\"},\"primaryImageOfPage\":{\"@id\":\"https:\\\/\\\/www.webdo.tn\\\/fr\\\/actualite\\\/national\\\/le-parlement-reporte-deux-seances-de-dialogue-avec-le-gouvernement\\\/207514\\\/#primaryimage\"},\"image\":{\"@id\":\"https:\\\/\\\/www.webdo.tn\\\/fr\\\/actualite\\\/national\\\/le-parlement-reporte-deux-seances-de-dialogue-avec-le-gouvernement\\\/207514\\\/#primaryimage\"},\"thumbnailUrl\":\"https:\\\/\\\/www.webdo.tn\\\/fr\\\/wp-content\\\/uploads\\\/2023\\\/07\\\/0ce9db92067ed8470ff93e66b8783925.jpg\",\"datePublished\":\"2023-07-26T20:20:00+00:00\",\"dateModified\":\"2025-05-20T22:51:05+00:00\",\"description\":\"Le bureau de l'Assembl\u00e9e des repr\u00e9sentants du peuple (ARP) a d\u00e9cid\u00e9, mercredi, de reporter deux s\u00e9ances de dialogue avec le gouvernement, initialement pr\u00e9vues l...\",\"breadcrumb\":{\"@id\":\"https:\\\/\\\/www.webdo.tn\\\/fr\\\/actualite\\\/national\\\/le-parlement-reporte-deux-seances-de-dialogue-avec-le-gouvernement\\\/207514\\\/#breadcrumb\"},\"inLanguage\":\"fr-FR\",\"potentialAction\":[{\"@type\":\"ReadAction\",\"target\":[\"https:\\\/\\\/www.webdo.tn\\\/fr\\\/actualite\\\/national\\\/le-parlement-reporte-deux-seances-de-dialogue-avec-le-gouvernement\\\/207514\\\/\"]}]},{\"@type\":\"ImageObject\",\"inLanguage\":\"fr-FR\",\"@id\":\"https:\\\/\\\/www.webdo.tn\\\/fr\\\/actualite\\\/national\\\/le-parlement-reporte-deux-seances-de-dialogue-avec-le-gouvernement\\\/207514\\\/#primaryimage\",\"url\":\"https:\\\/\\\/www.webdo.tn\\\/fr\\\/wp-content\\\/uploads\\\/2023\\\/07\\\/0ce9db92067ed8470ff93e66b8783925.jpg\",\"contentUrl\":\"https:\\\/\\\/www.webdo.tn\\\/fr\\\/wp-content\\\/uploads\\\/2023\\\/07\\\/0ce9db92067ed8470ff93e66b8783925.jpg\",\"width\":750,\"height\":400,\"caption\":\"Le Parlement reporte deux s\u00e9ances de dialogue avec le gouvernement\"},{\"@type\":\"BreadcrumbList\",\"@id\":\"https:\\\/\\\/www.webdo.tn\\\/fr\\\/actualite\\\/national\\\/le-parlement-reporte-deux-seances-de-dialogue-avec-le-gouvernement\\\/207514\\\/#breadcrumb\",\"itemListElement\":[{\"@type\":\"ListItem\",\"position\":1,\"name\":\"Accueil\",\"item\":\"https:\\\/\\\/www.webdo.tn\\\/fr\\\/\"},{\"@type\":\"ListItem\",\"position\":2,\"name\":\"Le Parlement reporte deux s\u00e9ances de dialogue avec le gouvernement\"}]},{\"@type\":\"WebSite\",\"@id\":\"https:\\\/\\\/www.webdo.tn\\\/fr\\\/#website\",\"url\":\"https:\\\/\\\/www.webdo.tn\\\/fr\\\/\",\"name\":\"webdo\",\"description\":\"Tunisie - News en Tunisie et \u00e0 l&#039;international sur Webdo.tn\",\"publisher\":{\"@id\":\"https:\\\/\\\/www.webdo.tn\\\/fr\\\/#organization\"},\"potentialAction\":[{\"@type\":\"SearchAction\",\"target\":{\"@type\":\"EntryPoint\",\"urlTemplate\":\"https:\\\/\\\/www.webdo.tn\\\/fr\\\/?s={search_term_string}\"},\"query-input\":{\"@type\":\"PropertyValueSpecification\",\"valueRequired\":true,\"valueName\":\"search_term_string\"}}],\"inLanguage\":\"fr-FR\"},{\"@type\":\"Organization\",\"@id\":\"https:\\\/\\\/www.webdo.tn\\\/fr\\\/#organization\",\"name\":\"Webdo\",\"alternateName\":\"Webdo.tn\",\"url\":\"https:\\\/\\\/www.webdo.tn\\\/fr\\\/\",\"logo\":{\"@type\":\"ImageObject\",\"inLanguage\":\"fr-FR\",\"@id\":\"https:\\\/\\\/www.webdo.tn\\\/fr\\\/#\\\/schema\\\/logo\\\/image\\\/\",\"url\":\"https:\\\/\\\/www.webdo.tn\\\/fr\\\/wp-content\\\/uploads\\\/2025\\\/06\\\/Webdo-Tunisie_168377.jpg\",\"contentUrl\":\"https:\\\/\\\/www.webdo.tn\\\/fr\\\/wp-content\\\/uploads\\\/2025\\\/06\\\/Webdo-Tunisie_168377.jpg\",\"width\":301,\"height\":301,\"caption\":\"Webdo\"},\"image\":{\"@id\":\"https:\\\/\\\/www.webdo.tn\\\/fr\\\/#\\\/schema\\\/logo\\\/image\\\/\"},\"sameAs\":[\"https:\\\/\\\/www.facebook.com\\\/webdotn\",\"https:\\\/\\\/x.com\\\/webdo_tn\"],\"description\":\"Webdo est un m\u00e9dia num\u00e9rique tunisien fond\u00e9 en 2010, sp\u00e9cialis\u00e9 dans l\u2019actualit\u00e9 nationale et internationale, l\u2019\u00e9conomie, la soci\u00e9t\u00e9 et les analyses politiques. Le site s\u2019adresse \u00e0 un large public francophone et couvre l\u2019information tunisienne en temps r\u00e9el.\",\"email\":\"redac@webdo.tn\",\"legalName\":\"YNJ SARL\",\"foundingDate\":\"2010-09-06\",\"numberOfEmployees\":{\"@type\":\"QuantitativeValue\",\"minValue\":\"11\",\"maxValue\":\"50\"}},{\"@type\":\"Person\",\"@id\":\"https:\\\/\\\/www.webdo.tn\\\/fr\\\/#\\\/schema\\\/person\\\/f35b42a42c5e2511bbd282959d6385cc\",\"name\":\"CL\",\"image\":{\"@type\":\"ImageObject\",\"inLanguage\":\"fr-FR\",\"@id\":\"https:\\\/\\\/secure.gravatar.com\\\/avatar\\\/1447a49909b67aa657c488aec6512e1dd6143a480c1ecfee9b5b5cd74eb3b59e?s=96&d=mm&r=g\",\"url\":\"https:\\\/\\\/secure.gravatar.com\\\/avatar\\\/1447a49909b67aa657c488aec6512e1dd6143a480c1ecfee9b5b5cd74eb3b59e?s=96&d=mm&r=g\",\"contentUrl\":\"https:\\\/\\\/secure.gravatar.com\\\/avatar\\\/1447a49909b67aa657c488aec6512e1dd6143a480c1ecfee9b5b5cd74eb3b59e?s=96&d=mm&r=g\",\"caption\":\"CL\"},\"url\":\"https:\\\/\\\/www.webdo.tn\\\/fr\\\/actualite\\\/author\\\/cl\\\/\"}]}<\/script>\n<!-- \/ Yoast SEO Premium plugin. -->","yoast_head_json":{"title":"Le Parlement reporte deux s\u00e9ances de dialogue avec le gouvernement","description":"Le bureau de l'Assembl\u00e9e des repr\u00e9sentants du peuple (ARP) a d\u00e9cid\u00e9, mercredi, de reporter deux s\u00e9ances de dialogue avec le gouvernement, initialement pr\u00e9vues l...","canonical":"https:\/\/www.webdo.tn\/fr\/actualite\/national\/le-parlement-reporte-deux-seances-de-dialogue-avec-le-gouvernement\/207514\/","og_locale":"fr_FR","og_type":"article","og_title":"Le Parlement reporte deux s\u00e9ances de dialogue avec le gouvernement","og_description":"Le bureau de l'Assembl\u00e9e des repr\u00e9sentants du peuple (ARP) a d\u00e9cid\u00e9, mercredi, de reporter deux s\u00e9ances de dialogue avec le gouvernement, initialement pr\u00e9vues l...","og_url":"https:\/\/www.webdo.tn\/fr\/actualite\/national\/le-parlement-reporte-deux-seances-de-dialogue-avec-le-gouvernement\/207514\/","og_site_name":"webdo","article_publisher":"https:\/\/www.facebook.com\/webdotn","article_published_time":"2023-07-26T20:20:00+00:00","article_modified_time":"2025-05-20T22:51:05+00:00","og_image":[{"width":750,"height":400,"url":"https:\/\/www.webdo.tn\/fr\/wp-content\/uploads\/2023\/07\/0ce9db92067ed8470ff93e66b8783925.jpg","type":"image\/jpeg"}],"author":"CL","twitter_card":"summary_large_image","twitter_creator":"@webdo_tn","twitter_site":"@webdo_tn","twitter_misc":{"\u00c9crit par":"CL","Dur\u00e9e de lecture estim\u00e9e":"1 minute"},"schema":{"@context":"https:\/\/schema.org","@graph":[{"@type":"NewsArticle","@id":"https:\/\/www.webdo.tn\/fr\/actualite\/national\/le-parlement-reporte-deux-seances-de-dialogue-avec-le-gouvernement\/207514\/#article","isPartOf":{"@id":"https:\/\/www.webdo.tn\/fr\/actualite\/national\/le-parlement-reporte-deux-seances-de-dialogue-avec-le-gouvernement\/207514\/"},"author":{"name":"CL","@id":"https:\/\/www.webdo.tn\/fr\/#\/schema\/person\/f35b42a42c5e2511bbd282959d6385cc"},"headline":"Le Parlement reporte deux s\u00e9ances de dialogue avec le gouvernement","datePublished":"2023-07-26T20:20:00+00:00","dateModified":"2025-05-20T22:51:05+00:00","mainEntityOfPage":{"@id":"https:\/\/www.webdo.tn\/fr\/actualite\/national\/le-parlement-reporte-deux-seances-de-dialogue-avec-le-gouvernement\/207514\/"},"wordCount":121,"commentCount":0,"publisher":{"@id":"https:\/\/www.webdo.tn\/fr\/#organization"},"image":{"@id":"https:\/\/www.webdo.tn\/fr\/actualite\/national\/le-parlement-reporte-deux-seances-de-dialogue-avec-le-gouvernement\/207514\/#primaryimage"},"thumbnailUrl":"https:\/\/www.webdo.tn\/fr\/wp-content\/uploads\/2023\/07\/0ce9db92067ed8470ff93e66b8783925.jpg","keywords":["ARP","gouvernement","Tunisie"],"articleSection":["National"],"inLanguage":"fr-FR"},{"@type":"WebPage","@id":"https:\/\/www.webdo.tn\/fr\/actualite\/national\/le-parlement-reporte-deux-seances-de-dialogue-avec-le-gouvernement\/207514\/","url":"https:\/\/www.webdo.tn\/fr\/actualite\/national\/le-parlement-reporte-deux-seances-de-dialogue-avec-le-gouvernement\/207514\/","name":"Le Parlement reporte deux s\u00e9ances de dialogue avec le gouvernement","isPartOf":{"@id":"https:\/\/www.webdo.tn\/fr\/#website"},"primaryImageOfPage":{"@id":"https:\/\/www.webdo.tn\/fr\/actualite\/national\/le-parlement-reporte-deux-seances-de-dialogue-avec-le-gouvernement\/207514\/#primaryimage"},"image":{"@id":"https:\/\/www.webdo.tn\/fr\/actualite\/national\/le-parlement-reporte-deux-seances-de-dialogue-avec-le-gouvernement\/207514\/#primaryimage"},"thumbnailUrl":"https:\/\/www.webdo.tn\/fr\/wp-content\/uploads\/2023\/07\/0ce9db92067ed8470ff93e66b8783925.jpg","datePublished":"2023-07-26T20:20:00+00:00","dateModified":"2025-05-20T22:51:05+00:00","description":"Le bureau de l'Assembl\u00e9e des repr\u00e9sentants du peuple (ARP) a d\u00e9cid\u00e9, mercredi, de reporter deux s\u00e9ances de dialogue avec le gouvernement, initialement pr\u00e9vues l...","breadcrumb":{"@id":"https:\/\/www.webdo.tn\/fr\/actualite\/national\/le-parlement-reporte-deux-seances-de-dialogue-avec-le-gouvernement\/207514\/#breadcrumb"},"inLanguage":"fr-FR","potentialAction":[{"@type":"ReadAction","target":["https:\/\/www.webdo.tn\/fr\/actualite\/national\/le-parlement-reporte-deux-seances-de-dialogue-avec-le-gouvernement\/207514\/"]}]},{"@type":"ImageObject","inLanguage":"fr-FR","@id":"https:\/\/www.webdo.tn\/fr\/actualite\/national\/le-parlement-reporte-deux-seances-de-dialogue-avec-le-gouvernement\/207514\/#primaryimage","url":"https:\/\/www.webdo.tn\/fr\/wp-content\/uploads\/2023\/07\/0ce9db92067ed8470ff93e66b8783925.jpg","contentUrl":"https:\/\/www.webdo.tn\/fr\/wp-content\/uploads\/2023\/07\/0ce9db92067ed8470ff93e66b8783925.jpg","width":750,"height":400,"caption":"Le Parlement reporte deux s\u00e9ances de dialogue avec le gouvernement"},{"@type":"BreadcrumbList","@id":"https:\/\/www.webdo.tn\/fr\/actualite\/national\/le-parlement-reporte-deux-seances-de-dialogue-avec-le-gouvernement\/207514\/#breadcrumb","itemListElement":[{"@type":"ListItem","position":1,"name":"Accueil","item":"https:\/\/www.webdo.tn\/fr\/"},{"@type":"ListItem","position":2,"name":"Le Parlement reporte deux s\u00e9ances de dialogue avec le gouvernement"}]},{"@type":"WebSite","@id":"https:\/\/www.webdo.tn\/fr\/#website","url":"https:\/\/www.webdo.tn\/fr\/","name":"webdo","description":"Tunisie - News en Tunisie et \u00e0 l&#039;international sur Webdo.tn","publisher":{"@id":"https:\/\/www.webdo.tn\/fr\/#organization"},"potentialAction":[{"@type":"SearchAction","target":{"@type":"EntryPoint","urlTemplate":"https:\/\/www.webdo.tn\/fr\/?s={search_term_string}"},"query-input":{"@type":"PropertyValueSpecification","valueRequired":true,"valueName":"search_term_string"}}],"inLanguage":"fr-FR"},{"@type":"Organization","@id":"https:\/\/www.webdo.tn\/fr\/#organization","name":"Webdo","alternateName":"Webdo.tn","url":"https:\/\/www.webdo.tn\/fr\/","logo":{"@type":"ImageObject","inLanguage":"fr-FR","@id":"https:\/\/www.webdo.tn\/fr\/#\/schema\/logo\/image\/","url":"https:\/\/www.webdo.tn\/fr\/wp-content\/uploads\/2025\/06\/Webdo-Tunisie_168377.jpg","contentUrl":"https:\/\/www.webdo.tn\/fr\/wp-content\/uploads\/2025\/06\/Webdo-Tunisie_168377.jpg","width":301,"height":301,"caption":"Webdo"},"image":{"@id":"https:\/\/www.webdo.tn\/fr\/#\/schema\/logo\/image\/"},"sameAs":["https:\/\/www.facebook.com\/webdotn","https:\/\/x.com\/webdo_tn"],"description":"Webdo est un m\u00e9dia num\u00e9rique tunisien fond\u00e9 en 2010, sp\u00e9cialis\u00e9 dans l\u2019actualit\u00e9 nationale et internationale, l\u2019\u00e9conomie, la soci\u00e9t\u00e9 et les analyses politiques. Le site s\u2019adresse \u00e0 un large public francophone et couvre l\u2019information tunisienne en temps r\u00e9el.","email":"redac@webdo.tn","legalName":"YNJ SARL","foundingDate":"2010-09-06","numberOfEmployees":{"@type":"QuantitativeValue","minValue":"11","maxValue":"50"}},{"@type":"Person","@id":"https:\/\/www.webdo.tn\/fr\/#\/schema\/person\/f35b42a42c5e2511bbd282959d6385cc","name":"CL","image":{"@type":"ImageObject","inLanguage":"fr-FR","@id":"https:\/\/secure.gravatar.com\/avatar\/1447a49909b67aa657c488aec6512e1dd6143a480c1ecfee9b5b5cd74eb3b59e?s=96&d=mm&r=g","url":"https:\/\/secure.gravatar.com\/avatar\/1447a49909b67aa657c488aec6512e1dd6143a480c1ecfee9b5b5cd74eb3b59e?s=96&d=mm&r=g","contentUrl":"https:\/\/secure.gravatar.com\/avatar\/1447a49909b67aa657c488aec6512e1dd6143a480c1ecfee9b5b5cd74eb3b59e?s=96&d=mm&r=g","caption":"CL"},"url":"https:\/\/www.webdo.tn\/fr\/actualite\/author\/cl\/"}]}},"_links":{"self":[{"href":"https:\/\/www.webdo.tn\/fr\/wp-json\/wp\/v2\/posts\/207514","targetHints":{"allow":["GET"]}}],"collection":[{"href":"https:\/\/www.webdo.tn\/fr\/wp-json\/wp\/v2\/posts"}],"about":[{"href":"https:\/\/www.webdo.tn\/fr\/wp-json\/wp\/v2\/types\/post"}],"author":[{"embeddable":true,"href":"https:\/\/www.webdo.tn\/fr\/wp-json\/wp\/v2\/users\/3175"}],"replies":[{"embeddable":true,"href":"https:\/\/www.webdo.tn\/fr\/wp-json\/wp\/v2\/comments?post=207514"}],"version-history":[{"count":0,"href":"https:\/\/www.webdo.tn\/fr\/wp-json\/wp\/v2\/posts\/207514\/revisions"}],"wp:featuredmedia":[{"embeddable":true,"href":"https:\/\/www.webdo.tn\/fr\/wp-json\/wp\/v2\/media\/278538"}],"wp:attachment":[{"href":"https:\/\/www.webdo.tn\/fr\/wp-json\/wp\/v2\/media?parent=207514"}],"wp:term":[{"taxonomy":"category","embeddable":true,"href":"https:\/\/www.webdo.tn\/fr\/wp-json\/wp\/v2\/categories?post=207514"},{"taxonomy":"post_tag","embeddable":true,"href":"https:\/\/www.webdo.tn\/fr\/wp-json\/wp\/v2\/tags?post=207514"}],"curies":[{"name":"wp","href":"https:\/\/api.w.org\/{rel}","templated":true}]}}