{"id":207510,"date":"2023-07-26T19:21:00","date_gmt":"2023-07-26T19:21:00","guid":{"rendered":"https:\/\/www.webdo.tn\/fr\/blog\/sinead-o-connor-decede-a-l-age-de-56-ans\/207510\/"},"modified":"2025-05-20T22:51:05","modified_gmt":"2025-05-20T22:51:05","slug":"sinead-o-connor-decede-a-l-age-de-56-ans","status":"publish","type":"post","link":"https:\/\/www.webdo.tn\/fr\/actualite\/culture\/sinead-o-connor-decede-a-l-age-de-56-ans\/207510\/","title":{"rendered":"Sin\u00e9ad O&rsquo;Connor d\u00e9c\u00e8de \u00e0 l\u2019\u00e2ge de 56 ans"},"content":{"rendered":"<p>La c\u00e9l\u00e8bre chanteuse irlandaise Sin\u00e9ad O&rsquo;Connor connue pour Nothing Compares 2 U est morte, ce mercredi 26 juillet 2023, \u00e0 l&rsquo;\u00e2ge de 56 ans.<\/p>\n<p>\t\t\t\t\t\t\t\t\tC\u2019est le m\u00e9dia local The Irish Times qui annonce la triste nouvelle, qui survient un an apr\u00e8s la mort de son fils, Shane \u00e0 l&rsquo;\u00e2ge de 17 ans, qui avait mis fin \u00e0 ses jours apr\u00e8s s&rsquo;\u00eatre \u00e9chapp\u00e9 de l&rsquo;h\u00f4pital o\u00f9 il \u00e9tait suivi pour tendances suicidaires.\u00a0<\/p>\n<p>\u00c0 l&rsquo;\u00e9poque, l&rsquo;artiste irlandaise avait elle-m\u00eame \u00e9t\u00e9 hospitalis\u00e9e apr\u00e8s avoir laiss\u00e9 entendre sur les r\u00e9seaux sociaux qu&rsquo;elle comptait mettre fin \u00e0 ses jours.<\/p>\n<p>Toujours tr\u00e8s affect\u00e9e par la mort de son fils, Sin\u00e9ad O&rsquo;Connor lui avait r\u00e9cemment rendu hommage sur Twitter. \u00ab\u00a0Je vis comme une cr\u00e9ature nocturne morte-vivante depuis. Il \u00e9tait l&rsquo;amour de ma vie, la lumi\u00e8re de mon \u00e2me\u00a0\u00bb, rapporte BFM TV.<\/p>\n","protected":false},"excerpt":{"rendered":"<p>La c\u00e9l\u00e8bre chanteuse irlandaise Sin\u00e9ad O&rsquo;Connor connue pour Nothing Compares 2 U est morte, ce mercredi 26 juillet 2023, \u00e0 l&rsquo;\u00e2ge de 56 ans.<\/p>\n","protected":false},"author":3175,"featured_media":278537,"comment_status":"open","ping_status":"closed","sticky":false,"template":"","format":"standard","meta":{"footnotes":""},"categories":[2594],"tags":[9076,2830,9634],"class_list":["post-207510","post","type-post","status-publish","format-standard","has-post-thumbnail","hentry","category-culture","tag-chanteuse","tag-deces","tag-sinead-oconnor"],"yoast_head":"<!-- This site is optimized with the Yoast SEO Premium plugin v27.5 (Yoast SEO v27.5) - https:\/\/yoast.com\/product\/yoast-seo-premium-wordpress\/ -->\n<title>Sin\u00e9ad O&#039;Connor d\u00e9c\u00e8de \u00e0 l\u2019\u00e2ge de 56 ans<\/title>\n<meta name=\"description\" content=\"La c\u00e9l\u00e8bre chanteuse irlandaise Sin\u00e9ad O&#039;Connor connue pour Nothing Compares 2 U est morte, ce mercredi 26 juillet 2023, \u00e0 l&#039;\u00e2ge de 56 ans.\" \/>\n<link rel=\"canonical\" href=\"https:\/\/www.webdo.tn\/fr\/actualite\/culture\/sinead-o-connor-decede-a-l-age-de-56-ans\/207510\/\" \/>\n<meta property=\"og:locale\" content=\"fr_FR\" \/>\n<meta property=\"og:type\" content=\"article\" \/>\n<meta property=\"og:title\" content=\"Sin\u00e9ad O&#039;Connor d\u00e9c\u00e8de \u00e0 l\u2019\u00e2ge de 56 ans\" \/>\n<meta property=\"og:description\" content=\"La c\u00e9l\u00e8bre chanteuse irlandaise Sin\u00e9ad O&#039;Connor connue pour Nothing Compares 2 U est morte, ce mercredi 26 juillet 2023, \u00e0 l&#039;\u00e2ge de 56 ans.\" \/>\n<meta property=\"og:url\" content=\"https:\/\/www.webdo.tn\/fr\/actualite\/culture\/sinead-o-connor-decede-a-l-age-de-56-ans\/207510\/\" \/>\n<meta property=\"og:site_name\" content=\"webdo\" \/>\n<meta property=\"article:publisher\" content=\"https:\/\/www.facebook.com\/webdotn\" \/>\n<meta property=\"article:published_time\" content=\"2023-07-26T19:21:00+00:00\" \/>\n<meta property=\"article:modified_time\" content=\"2025-05-20T22:51:05+00:00\" \/>\n<meta property=\"og:image\" content=\"https:\/\/www.webdo.tn\/fr\/wp-content\/uploads\/2023\/07\/1f3fd3a7e7a9b22d48958a69886e6b2d.jpg\" \/>\n\t<meta property=\"og:image:width\" content=\"750\" \/>\n\t<meta property=\"og:image:height\" content=\"400\" \/>\n\t<meta property=\"og:image:type\" content=\"image\/jpeg\" \/>\n<meta name=\"author\" content=\"CL\" \/>\n<meta name=\"twitter:card\" content=\"summary_large_image\" \/>\n<meta name=\"twitter:creator\" content=\"@webdo_tn\" \/>\n<meta name=\"twitter:site\" content=\"@webdo_tn\" \/>\n<meta name=\"twitter:label1\" content=\"\u00c9crit par\" \/>\n\t<meta name=\"twitter:data1\" content=\"CL\" \/>\n\t<meta name=\"twitter:label2\" content=\"Dur\u00e9e de lecture estim\u00e9e\" \/>\n\t<meta name=\"twitter:data2\" content=\"1 minute\" \/>\n<script type=\"application\/ld+json\" class=\"yoast-schema-graph\">{\"@context\":\"https:\\\/\\\/schema.org\",\"@graph\":[{\"@type\":\"NewsArticle\",\"@id\":\"https:\\\/\\\/www.webdo.tn\\\/fr\\\/actualite\\\/culture\\\/sinead-o-connor-decede-a-l-age-de-56-ans\\\/207510\\\/#article\",\"isPartOf\":{\"@id\":\"https:\\\/\\\/www.webdo.tn\\\/fr\\\/actualite\\\/culture\\\/sinead-o-connor-decede-a-l-age-de-56-ans\\\/207510\\\/\"},\"author\":{\"name\":\"CL\",\"@id\":\"https:\\\/\\\/www.webdo.tn\\\/fr\\\/#\\\/schema\\\/person\\\/f35b42a42c5e2511bbd282959d6385cc\"},\"headline\":\"Sin\u00e9ad O&rsquo;Connor d\u00e9c\u00e8de \u00e0 l\u2019\u00e2ge de 56 ans\",\"datePublished\":\"2023-07-26T19:21:00+00:00\",\"dateModified\":\"2025-05-20T22:51:05+00:00\",\"mainEntityOfPage\":{\"@id\":\"https:\\\/\\\/www.webdo.tn\\\/fr\\\/actualite\\\/culture\\\/sinead-o-connor-decede-a-l-age-de-56-ans\\\/207510\\\/\"},\"wordCount\":163,\"commentCount\":0,\"publisher\":{\"@id\":\"https:\\\/\\\/www.webdo.tn\\\/fr\\\/#organization\"},\"image\":{\"@id\":\"https:\\\/\\\/www.webdo.tn\\\/fr\\\/actualite\\\/culture\\\/sinead-o-connor-decede-a-l-age-de-56-ans\\\/207510\\\/#primaryimage\"},\"thumbnailUrl\":\"https:\\\/\\\/www.webdo.tn\\\/fr\\\/wp-content\\\/uploads\\\/2023\\\/07\\\/1f3fd3a7e7a9b22d48958a69886e6b2d.jpg\",\"keywords\":[\"chanteuse\",\"D\u00e9c\u00e8s\",\"Sin\u00e9ad O'Connor\"],\"articleSection\":[\"Culture\"],\"inLanguage\":\"fr-FR\"},{\"@type\":\"WebPage\",\"@id\":\"https:\\\/\\\/www.webdo.tn\\\/fr\\\/actualite\\\/culture\\\/sinead-o-connor-decede-a-l-age-de-56-ans\\\/207510\\\/\",\"url\":\"https:\\\/\\\/www.webdo.tn\\\/fr\\\/actualite\\\/culture\\\/sinead-o-connor-decede-a-l-age-de-56-ans\\\/207510\\\/\",\"name\":\"Sin\u00e9ad O'Connor d\u00e9c\u00e8de \u00e0 l\u2019\u00e2ge de 56 ans\",\"isPartOf\":{\"@id\":\"https:\\\/\\\/www.webdo.tn\\\/fr\\\/#website\"},\"primaryImageOfPage\":{\"@id\":\"https:\\\/\\\/www.webdo.tn\\\/fr\\\/actualite\\\/culture\\\/sinead-o-connor-decede-a-l-age-de-56-ans\\\/207510\\\/#primaryimage\"},\"image\":{\"@id\":\"https:\\\/\\\/www.webdo.tn\\\/fr\\\/actualite\\\/culture\\\/sinead-o-connor-decede-a-l-age-de-56-ans\\\/207510\\\/#primaryimage\"},\"thumbnailUrl\":\"https:\\\/\\\/www.webdo.tn\\\/fr\\\/wp-content\\\/uploads\\\/2023\\\/07\\\/1f3fd3a7e7a9b22d48958a69886e6b2d.jpg\",\"datePublished\":\"2023-07-26T19:21:00+00:00\",\"dateModified\":\"2025-05-20T22:51:05+00:00\",\"description\":\"La c\u00e9l\u00e8bre chanteuse irlandaise Sin\u00e9ad O'Connor connue pour Nothing Compares 2 U est morte, ce mercredi 26 juillet 2023, \u00e0 l'\u00e2ge de 56 ans.\",\"breadcrumb\":{\"@id\":\"https:\\\/\\\/www.webdo.tn\\\/fr\\\/actualite\\\/culture\\\/sinead-o-connor-decede-a-l-age-de-56-ans\\\/207510\\\/#breadcrumb\"},\"inLanguage\":\"fr-FR\",\"potentialAction\":[{\"@type\":\"ReadAction\",\"target\":[\"https:\\\/\\\/www.webdo.tn\\\/fr\\\/actualite\\\/culture\\\/sinead-o-connor-decede-a-l-age-de-56-ans\\\/207510\\\/\"]}]},{\"@type\":\"ImageObject\",\"inLanguage\":\"fr-FR\",\"@id\":\"https:\\\/\\\/www.webdo.tn\\\/fr\\\/actualite\\\/culture\\\/sinead-o-connor-decede-a-l-age-de-56-ans\\\/207510\\\/#primaryimage\",\"url\":\"https:\\\/\\\/www.webdo.tn\\\/fr\\\/wp-content\\\/uploads\\\/2023\\\/07\\\/1f3fd3a7e7a9b22d48958a69886e6b2d.jpg\",\"contentUrl\":\"https:\\\/\\\/www.webdo.tn\\\/fr\\\/wp-content\\\/uploads\\\/2023\\\/07\\\/1f3fd3a7e7a9b22d48958a69886e6b2d.jpg\",\"width\":750,\"height\":400,\"caption\":\"Sin\u00e9ad O'Connor d\u00e9c\u00e8de \u00e0 l\u2019\u00e2ge de 56 ans\"},{\"@type\":\"BreadcrumbList\",\"@id\":\"https:\\\/\\\/www.webdo.tn\\\/fr\\\/actualite\\\/culture\\\/sinead-o-connor-decede-a-l-age-de-56-ans\\\/207510\\\/#breadcrumb\",\"itemListElement\":[{\"@type\":\"ListItem\",\"position\":1,\"name\":\"Accueil\",\"item\":\"https:\\\/\\\/www.webdo.tn\\\/fr\\\/\"},{\"@type\":\"ListItem\",\"position\":2,\"name\":\"Sin\u00e9ad O&rsquo;Connor d\u00e9c\u00e8de \u00e0 l\u2019\u00e2ge de 56 ans\"}]},{\"@type\":\"WebSite\",\"@id\":\"https:\\\/\\\/www.webdo.tn\\\/fr\\\/#website\",\"url\":\"https:\\\/\\\/www.webdo.tn\\\/fr\\\/\",\"name\":\"webdo\",\"description\":\"Tunisie - News en Tunisie et \u00e0 l&#039;international sur Webdo.tn\",\"publisher\":{\"@id\":\"https:\\\/\\\/www.webdo.tn\\\/fr\\\/#organization\"},\"potentialAction\":[{\"@type\":\"SearchAction\",\"target\":{\"@type\":\"EntryPoint\",\"urlTemplate\":\"https:\\\/\\\/www.webdo.tn\\\/fr\\\/?s={search_term_string}\"},\"query-input\":{\"@type\":\"PropertyValueSpecification\",\"valueRequired\":true,\"valueName\":\"search_term_string\"}}],\"inLanguage\":\"fr-FR\"},{\"@type\":\"Organization\",\"@id\":\"https:\\\/\\\/www.webdo.tn\\\/fr\\\/#organization\",\"name\":\"Webdo\",\"alternateName\":\"Webdo.tn\",\"url\":\"https:\\\/\\\/www.webdo.tn\\\/fr\\\/\",\"logo\":{\"@type\":\"ImageObject\",\"inLanguage\":\"fr-FR\",\"@id\":\"https:\\\/\\\/www.webdo.tn\\\/fr\\\/#\\\/schema\\\/logo\\\/image\\\/\",\"url\":\"https:\\\/\\\/www.webdo.tn\\\/fr\\\/wp-content\\\/uploads\\\/2025\\\/06\\\/Webdo-Tunisie_168377.jpg\",\"contentUrl\":\"https:\\\/\\\/www.webdo.tn\\\/fr\\\/wp-content\\\/uploads\\\/2025\\\/06\\\/Webdo-Tunisie_168377.jpg\",\"width\":301,\"height\":301,\"caption\":\"Webdo\"},\"image\":{\"@id\":\"https:\\\/\\\/www.webdo.tn\\\/fr\\\/#\\\/schema\\\/logo\\\/image\\\/\"},\"sameAs\":[\"https:\\\/\\\/www.facebook.com\\\/webdotn\",\"https:\\\/\\\/x.com\\\/webdo_tn\"],\"description\":\"Webdo est un m\u00e9dia num\u00e9rique tunisien fond\u00e9 en 2010, sp\u00e9cialis\u00e9 dans l\u2019actualit\u00e9 nationale et internationale, l\u2019\u00e9conomie, la soci\u00e9t\u00e9 et les analyses politiques. Le site s\u2019adresse \u00e0 un large public francophone et couvre l\u2019information tunisienne en temps r\u00e9el.\",\"email\":\"redac@webdo.tn\",\"legalName\":\"YNJ SARL\",\"foundingDate\":\"2010-09-06\",\"numberOfEmployees\":{\"@type\":\"QuantitativeValue\",\"minValue\":\"11\",\"maxValue\":\"50\"}},{\"@type\":\"Person\",\"@id\":\"https:\\\/\\\/www.webdo.tn\\\/fr\\\/#\\\/schema\\\/person\\\/f35b42a42c5e2511bbd282959d6385cc\",\"name\":\"CL\",\"image\":{\"@type\":\"ImageObject\",\"inLanguage\":\"fr-FR\",\"@id\":\"https:\\\/\\\/secure.gravatar.com\\\/avatar\\\/1447a49909b67aa657c488aec6512e1dd6143a480c1ecfee9b5b5cd74eb3b59e?s=96&d=mm&r=g\",\"url\":\"https:\\\/\\\/secure.gravatar.com\\\/avatar\\\/1447a49909b67aa657c488aec6512e1dd6143a480c1ecfee9b5b5cd74eb3b59e?s=96&d=mm&r=g\",\"contentUrl\":\"https:\\\/\\\/secure.gravatar.com\\\/avatar\\\/1447a49909b67aa657c488aec6512e1dd6143a480c1ecfee9b5b5cd74eb3b59e?s=96&d=mm&r=g\",\"caption\":\"CL\"},\"url\":\"https:\\\/\\\/www.webdo.tn\\\/fr\\\/actualite\\\/author\\\/cl\\\/\"}]}<\/script>\n<!-- \/ Yoast SEO Premium plugin. -->","yoast_head_json":{"title":"Sin\u00e9ad O'Connor d\u00e9c\u00e8de \u00e0 l\u2019\u00e2ge de 56 ans","description":"La c\u00e9l\u00e8bre chanteuse irlandaise Sin\u00e9ad O'Connor connue pour Nothing Compares 2 U est morte, ce mercredi 26 juillet 2023, \u00e0 l'\u00e2ge de 56 ans.","canonical":"https:\/\/www.webdo.tn\/fr\/actualite\/culture\/sinead-o-connor-decede-a-l-age-de-56-ans\/207510\/","og_locale":"fr_FR","og_type":"article","og_title":"Sin\u00e9ad O'Connor d\u00e9c\u00e8de \u00e0 l\u2019\u00e2ge de 56 ans","og_description":"La c\u00e9l\u00e8bre chanteuse irlandaise Sin\u00e9ad O'Connor connue pour Nothing Compares 2 U est morte, ce mercredi 26 juillet 2023, \u00e0 l'\u00e2ge de 56 ans.","og_url":"https:\/\/www.webdo.tn\/fr\/actualite\/culture\/sinead-o-connor-decede-a-l-age-de-56-ans\/207510\/","og_site_name":"webdo","article_publisher":"https:\/\/www.facebook.com\/webdotn","article_published_time":"2023-07-26T19:21:00+00:00","article_modified_time":"2025-05-20T22:51:05+00:00","og_image":[{"width":750,"height":400,"url":"https:\/\/www.webdo.tn\/fr\/wp-content\/uploads\/2023\/07\/1f3fd3a7e7a9b22d48958a69886e6b2d.jpg","type":"image\/jpeg"}],"author":"CL","twitter_card":"summary_large_image","twitter_creator":"@webdo_tn","twitter_site":"@webdo_tn","twitter_misc":{"\u00c9crit par":"CL","Dur\u00e9e de lecture estim\u00e9e":"1 minute"},"schema":{"@context":"https:\/\/schema.org","@graph":[{"@type":"NewsArticle","@id":"https:\/\/www.webdo.tn\/fr\/actualite\/culture\/sinead-o-connor-decede-a-l-age-de-56-ans\/207510\/#article","isPartOf":{"@id":"https:\/\/www.webdo.tn\/fr\/actualite\/culture\/sinead-o-connor-decede-a-l-age-de-56-ans\/207510\/"},"author":{"name":"CL","@id":"https:\/\/www.webdo.tn\/fr\/#\/schema\/person\/f35b42a42c5e2511bbd282959d6385cc"},"headline":"Sin\u00e9ad O&rsquo;Connor d\u00e9c\u00e8de \u00e0 l\u2019\u00e2ge de 56 ans","datePublished":"2023-07-26T19:21:00+00:00","dateModified":"2025-05-20T22:51:05+00:00","mainEntityOfPage":{"@id":"https:\/\/www.webdo.tn\/fr\/actualite\/culture\/sinead-o-connor-decede-a-l-age-de-56-ans\/207510\/"},"wordCount":163,"commentCount":0,"publisher":{"@id":"https:\/\/www.webdo.tn\/fr\/#organization"},"image":{"@id":"https:\/\/www.webdo.tn\/fr\/actualite\/culture\/sinead-o-connor-decede-a-l-age-de-56-ans\/207510\/#primaryimage"},"thumbnailUrl":"https:\/\/www.webdo.tn\/fr\/wp-content\/uploads\/2023\/07\/1f3fd3a7e7a9b22d48958a69886e6b2d.jpg","keywords":["chanteuse","D\u00e9c\u00e8s","Sin\u00e9ad O'Connor"],"articleSection":["Culture"],"inLanguage":"fr-FR"},{"@type":"WebPage","@id":"https:\/\/www.webdo.tn\/fr\/actualite\/culture\/sinead-o-connor-decede-a-l-age-de-56-ans\/207510\/","url":"https:\/\/www.webdo.tn\/fr\/actualite\/culture\/sinead-o-connor-decede-a-l-age-de-56-ans\/207510\/","name":"Sin\u00e9ad O'Connor d\u00e9c\u00e8de \u00e0 l\u2019\u00e2ge de 56 ans","isPartOf":{"@id":"https:\/\/www.webdo.tn\/fr\/#website"},"primaryImageOfPage":{"@id":"https:\/\/www.webdo.tn\/fr\/actualite\/culture\/sinead-o-connor-decede-a-l-age-de-56-ans\/207510\/#primaryimage"},"image":{"@id":"https:\/\/www.webdo.tn\/fr\/actualite\/culture\/sinead-o-connor-decede-a-l-age-de-56-ans\/207510\/#primaryimage"},"thumbnailUrl":"https:\/\/www.webdo.tn\/fr\/wp-content\/uploads\/2023\/07\/1f3fd3a7e7a9b22d48958a69886e6b2d.jpg","datePublished":"2023-07-26T19:21:00+00:00","dateModified":"2025-05-20T22:51:05+00:00","description":"La c\u00e9l\u00e8bre chanteuse irlandaise Sin\u00e9ad O'Connor connue pour Nothing Compares 2 U est morte, ce mercredi 26 juillet 2023, \u00e0 l'\u00e2ge de 56 ans.","breadcrumb":{"@id":"https:\/\/www.webdo.tn\/fr\/actualite\/culture\/sinead-o-connor-decede-a-l-age-de-56-ans\/207510\/#breadcrumb"},"inLanguage":"fr-FR","potentialAction":[{"@type":"ReadAction","target":["https:\/\/www.webdo.tn\/fr\/actualite\/culture\/sinead-o-connor-decede-a-l-age-de-56-ans\/207510\/"]}]},{"@type":"ImageObject","inLanguage":"fr-FR","@id":"https:\/\/www.webdo.tn\/fr\/actualite\/culture\/sinead-o-connor-decede-a-l-age-de-56-ans\/207510\/#primaryimage","url":"https:\/\/www.webdo.tn\/fr\/wp-content\/uploads\/2023\/07\/1f3fd3a7e7a9b22d48958a69886e6b2d.jpg","contentUrl":"https:\/\/www.webdo.tn\/fr\/wp-content\/uploads\/2023\/07\/1f3fd3a7e7a9b22d48958a69886e6b2d.jpg","width":750,"height":400,"caption":"Sin\u00e9ad O'Connor d\u00e9c\u00e8de \u00e0 l\u2019\u00e2ge de 56 ans"},{"@type":"BreadcrumbList","@id":"https:\/\/www.webdo.tn\/fr\/actualite\/culture\/sinead-o-connor-decede-a-l-age-de-56-ans\/207510\/#breadcrumb","itemListElement":[{"@type":"ListItem","position":1,"name":"Accueil","item":"https:\/\/www.webdo.tn\/fr\/"},{"@type":"ListItem","position":2,"name":"Sin\u00e9ad O&rsquo;Connor d\u00e9c\u00e8de \u00e0 l\u2019\u00e2ge de 56 ans"}]},{"@type":"WebSite","@id":"https:\/\/www.webdo.tn\/fr\/#website","url":"https:\/\/www.webdo.tn\/fr\/","name":"webdo","description":"Tunisie - News en Tunisie et \u00e0 l&#039;international sur Webdo.tn","publisher":{"@id":"https:\/\/www.webdo.tn\/fr\/#organization"},"potentialAction":[{"@type":"SearchAction","target":{"@type":"EntryPoint","urlTemplate":"https:\/\/www.webdo.tn\/fr\/?s={search_term_string}"},"query-input":{"@type":"PropertyValueSpecification","valueRequired":true,"valueName":"search_term_string"}}],"inLanguage":"fr-FR"},{"@type":"Organization","@id":"https:\/\/www.webdo.tn\/fr\/#organization","name":"Webdo","alternateName":"Webdo.tn","url":"https:\/\/www.webdo.tn\/fr\/","logo":{"@type":"ImageObject","inLanguage":"fr-FR","@id":"https:\/\/www.webdo.tn\/fr\/#\/schema\/logo\/image\/","url":"https:\/\/www.webdo.tn\/fr\/wp-content\/uploads\/2025\/06\/Webdo-Tunisie_168377.jpg","contentUrl":"https:\/\/www.webdo.tn\/fr\/wp-content\/uploads\/2025\/06\/Webdo-Tunisie_168377.jpg","width":301,"height":301,"caption":"Webdo"},"image":{"@id":"https:\/\/www.webdo.tn\/fr\/#\/schema\/logo\/image\/"},"sameAs":["https:\/\/www.facebook.com\/webdotn","https:\/\/x.com\/webdo_tn"],"description":"Webdo est un m\u00e9dia num\u00e9rique tunisien fond\u00e9 en 2010, sp\u00e9cialis\u00e9 dans l\u2019actualit\u00e9 nationale et internationale, l\u2019\u00e9conomie, la soci\u00e9t\u00e9 et les analyses politiques. Le site s\u2019adresse \u00e0 un large public francophone et couvre l\u2019information tunisienne en temps r\u00e9el.","email":"redac@webdo.tn","legalName":"YNJ SARL","foundingDate":"2010-09-06","numberOfEmployees":{"@type":"QuantitativeValue","minValue":"11","maxValue":"50"}},{"@type":"Person","@id":"https:\/\/www.webdo.tn\/fr\/#\/schema\/person\/f35b42a42c5e2511bbd282959d6385cc","name":"CL","image":{"@type":"ImageObject","inLanguage":"fr-FR","@id":"https:\/\/secure.gravatar.com\/avatar\/1447a49909b67aa657c488aec6512e1dd6143a480c1ecfee9b5b5cd74eb3b59e?s=96&d=mm&r=g","url":"https:\/\/secure.gravatar.com\/avatar\/1447a49909b67aa657c488aec6512e1dd6143a480c1ecfee9b5b5cd74eb3b59e?s=96&d=mm&r=g","contentUrl":"https:\/\/secure.gravatar.com\/avatar\/1447a49909b67aa657c488aec6512e1dd6143a480c1ecfee9b5b5cd74eb3b59e?s=96&d=mm&r=g","caption":"CL"},"url":"https:\/\/www.webdo.tn\/fr\/actualite\/author\/cl\/"}]}},"_links":{"self":[{"href":"https:\/\/www.webdo.tn\/fr\/wp-json\/wp\/v2\/posts\/207510","targetHints":{"allow":["GET"]}}],"collection":[{"href":"https:\/\/www.webdo.tn\/fr\/wp-json\/wp\/v2\/posts"}],"about":[{"href":"https:\/\/www.webdo.tn\/fr\/wp-json\/wp\/v2\/types\/post"}],"author":[{"embeddable":true,"href":"https:\/\/www.webdo.tn\/fr\/wp-json\/wp\/v2\/users\/3175"}],"replies":[{"embeddable":true,"href":"https:\/\/www.webdo.tn\/fr\/wp-json\/wp\/v2\/comments?post=207510"}],"version-history":[{"count":0,"href":"https:\/\/www.webdo.tn\/fr\/wp-json\/wp\/v2\/posts\/207510\/revisions"}],"wp:featuredmedia":[{"embeddable":true,"href":"https:\/\/www.webdo.tn\/fr\/wp-json\/wp\/v2\/media\/278537"}],"wp:attachment":[{"href":"https:\/\/www.webdo.tn\/fr\/wp-json\/wp\/v2\/media?parent=207510"}],"wp:term":[{"taxonomy":"category","embeddable":true,"href":"https:\/\/www.webdo.tn\/fr\/wp-json\/wp\/v2\/categories?post=207510"},{"taxonomy":"post_tag","embeddable":true,"href":"https:\/\/www.webdo.tn\/fr\/wp-json\/wp\/v2\/tags?post=207510"}],"curies":[{"name":"wp","href":"https:\/\/api.w.org\/{rel}","templated":true}]}}