{"id":207507,"date":"2023-07-26T18:26:00","date_gmt":"2023-07-26T18:26:00","guid":{"rendered":"https:\/\/www.webdo.tn\/fr\/blog\/tunisie-tous-les-incendies-maitrises-selon-l-interieur\/207507\/"},"modified":"2025-05-20T22:42:14","modified_gmt":"2025-05-20T22:42:14","slug":"tunisie-tous-les-incendies-maitrises-selon-l-interieur","status":"publish","type":"post","link":"https:\/\/www.webdo.tn\/fr\/actualite\/national\/tunisie-tous-les-incendies-maitrises-selon-l-interieur\/207507\/","title":{"rendered":"Tunisie : Tous les incendies ma\u00eetris\u00e9s, selon l\u2019Int\u00e9rieur"},"content":{"rendered":"<p>Le ministre de l&rsquo;Int\u00e9rieur Kamel Feki a affirm\u00e9, lors d&rsquo;une s\u00e9ance pl\u00e9ni\u00e8re \u00e0 l&rsquo;Assembl\u00e9e des Repr\u00e9sentants du Peuple (ARP), que tous les incendies d\u00e9clar\u00e9s dans les diff\u00e9rentes r\u00e9gions du pays ont \u00e9t\u00e9 maitris\u00e9s, notamment \u00e0 Tabarka, Jendouba, B\u00e9ja, Bizerte et mont Semama.<\/p>\n<p>\t\t\t\t\t\t\t\t\tLors d&rsquo;une s\u00e9ance d&rsquo;audition pr\u00e9sid\u00e9e par Ibrahim Bouderbala, le ministre a pr\u00e9sent\u00e9 les diff\u00e9rentes activit\u00e9s de don d\u00e9partement notamment au sujet des incendies, de la migration irr\u00e9guli\u00e8re, de la s\u00e9curit\u00e9 nationale et des orientations strat\u00e9giques durant la prochaine p\u00e9riode.<\/p>\n<p>Feki a ajout\u00e9 , lors de son allocution, que le courage des agents de la direction g\u00e9n\u00e9rale de la protection civile, de la garde nationale, de l&rsquo;arm\u00e9e nationale qui se sont intervenus efficacement et est derri\u00e8re la r\u00e9ussite des op\u00e9rations de sauvetage et de maitrise des incendies. Selon Feki aucune perte humaine n&rsquo;a \u00e9t\u00e9 enregistr\u00e9e.<\/p>\n<p>\u00a0\u00bb Douze (12) personnes ont \u00e9t\u00e9 asphyxi\u00e9es \u00e0 cause des fum\u00e9es et ont \u00e9t\u00e9 prises en charge par les services de soin \u00a0\u00bb a indiqu\u00e9 Feki soulignant que les 600 habitants \u00e9vacu\u00e9s des zones touch\u00e9es par les incendies, sont rentr\u00e9s chez eux.<\/p>\n<p>Le ministre a, \u00e0 cette occasion, salu\u00e9 les membres de l&rsquo;arm\u00e9e alg\u00e9rienne et l&rsquo;\u00e9quipe espagnole qui ont contribu\u00e9 aux op\u00e9rations de maitrise des incendies.<\/p>\n","protected":false},"excerpt":{"rendered":"<p>Le ministre de l&rsquo;Int\u00e9rieur Kamel Feki a affirm\u00e9, lors d&rsquo;une s\u00e9ance pl\u00e9ni\u00e8re \u00e0 l&rsquo;Assembl\u00e9e des Repr\u00e9sentants du Peuple (ARP), que tous les incendies d\u00e9clar\u00e9s dan&#8230;<\/p>\n","protected":false},"author":3175,"featured_media":249696,"comment_status":"open","ping_status":"closed","sticky":false,"template":"","format":"standard","meta":{"footnotes":""},"categories":[44],"tags":[8021,2608],"class_list":["post-207507","post","type-post","status-publish","format-standard","has-post-thumbnail","hentry","category-national","tag-incendies","tag-tunisie"],"yoast_head":"<!-- This site is optimized with the Yoast SEO Premium plugin v27.5 (Yoast SEO v27.5) - https:\/\/yoast.com\/product\/yoast-seo-premium-wordpress\/ -->\n<title>Tunisie : Tous les incendies ma\u00eetris\u00e9s, selon l\u2019Int\u00e9rieur<\/title>\n<meta name=\"description\" content=\"Le ministre de l&#039;Int\u00e9rieur Kamel Feki a affirm\u00e9, lors d&#039;une s\u00e9ance pl\u00e9ni\u00e8re \u00e0 l&#039;Assembl\u00e9e des Repr\u00e9sentants du Peuple (ARP), que tous les incendies d\u00e9clar\u00e9s dan...\" \/>\n<link rel=\"canonical\" href=\"https:\/\/www.webdo.tn\/fr\/actualite\/national\/tunisie-tous-les-incendies-maitrises-selon-l-interieur\/207507\/\" \/>\n<meta property=\"og:locale\" content=\"fr_FR\" \/>\n<meta property=\"og:type\" content=\"article\" \/>\n<meta property=\"og:title\" content=\"Tunisie : Tous les incendies ma\u00eetris\u00e9s, selon l\u2019Int\u00e9rieur\" \/>\n<meta property=\"og:description\" content=\"Le ministre de l&#039;Int\u00e9rieur Kamel Feki a affirm\u00e9, lors d&#039;une s\u00e9ance pl\u00e9ni\u00e8re \u00e0 l&#039;Assembl\u00e9e des Repr\u00e9sentants du Peuple (ARP), que tous les incendies d\u00e9clar\u00e9s dan...\" \/>\n<meta property=\"og:url\" content=\"https:\/\/www.webdo.tn\/fr\/actualite\/national\/tunisie-tous-les-incendies-maitrises-selon-l-interieur\/207507\/\" \/>\n<meta property=\"og:site_name\" content=\"webdo\" \/>\n<meta property=\"article:publisher\" content=\"https:\/\/www.facebook.com\/webdotn\" \/>\n<meta property=\"article:published_time\" content=\"2023-07-26T18:26:00+00:00\" \/>\n<meta property=\"article:modified_time\" content=\"2025-05-20T22:42:14+00:00\" \/>\n<meta property=\"og:image\" content=\"https:\/\/www.webdo.tn\/fr\/wp-content\/uploads\/2023\/07\/5164a8eaf972b5dad7ee9466f0e5d7e0.jpg\" \/>\n\t<meta property=\"og:image:width\" content=\"750\" \/>\n\t<meta property=\"og:image:height\" content=\"400\" \/>\n\t<meta property=\"og:image:type\" content=\"image\/jpeg\" \/>\n<meta name=\"author\" content=\"CL\" \/>\n<meta name=\"twitter:card\" content=\"summary_large_image\" \/>\n<meta name=\"twitter:creator\" content=\"@webdo_tn\" \/>\n<meta name=\"twitter:site\" content=\"@webdo_tn\" \/>\n<meta name=\"twitter:label1\" content=\"\u00c9crit par\" \/>\n\t<meta name=\"twitter:data1\" content=\"CL\" \/>\n\t<meta name=\"twitter:label2\" content=\"Dur\u00e9e de lecture estim\u00e9e\" \/>\n\t<meta name=\"twitter:data2\" content=\"1 minute\" \/>\n<script type=\"application\/ld+json\" class=\"yoast-schema-graph\">{\"@context\":\"https:\\\/\\\/schema.org\",\"@graph\":[{\"@type\":\"NewsArticle\",\"@id\":\"https:\\\/\\\/www.webdo.tn\\\/fr\\\/actualite\\\/national\\\/tunisie-tous-les-incendies-maitrises-selon-l-interieur\\\/207507\\\/#article\",\"isPartOf\":{\"@id\":\"https:\\\/\\\/www.webdo.tn\\\/fr\\\/actualite\\\/national\\\/tunisie-tous-les-incendies-maitrises-selon-l-interieur\\\/207507\\\/\"},\"author\":{\"name\":\"CL\",\"@id\":\"https:\\\/\\\/www.webdo.tn\\\/fr\\\/#\\\/schema\\\/person\\\/f35b42a42c5e2511bbd282959d6385cc\"},\"headline\":\"Tunisie : Tous les incendies ma\u00eetris\u00e9s, selon l\u2019Int\u00e9rieur\",\"datePublished\":\"2023-07-26T18:26:00+00:00\",\"dateModified\":\"2025-05-20T22:42:14+00:00\",\"mainEntityOfPage\":{\"@id\":\"https:\\\/\\\/www.webdo.tn\\\/fr\\\/actualite\\\/national\\\/tunisie-tous-les-incendies-maitrises-selon-l-interieur\\\/207507\\\/\"},\"wordCount\":252,\"commentCount\":0,\"publisher\":{\"@id\":\"https:\\\/\\\/www.webdo.tn\\\/fr\\\/#organization\"},\"image\":{\"@id\":\"https:\\\/\\\/www.webdo.tn\\\/fr\\\/actualite\\\/national\\\/tunisie-tous-les-incendies-maitrises-selon-l-interieur\\\/207507\\\/#primaryimage\"},\"thumbnailUrl\":\"https:\\\/\\\/www.webdo.tn\\\/fr\\\/wp-content\\\/uploads\\\/2023\\\/07\\\/5164a8eaf972b5dad7ee9466f0e5d7e0.jpg\",\"keywords\":[\"Incendies\",\"Tunisie\"],\"articleSection\":[\"National\"],\"inLanguage\":\"fr-FR\"},{\"@type\":\"WebPage\",\"@id\":\"https:\\\/\\\/www.webdo.tn\\\/fr\\\/actualite\\\/national\\\/tunisie-tous-les-incendies-maitrises-selon-l-interieur\\\/207507\\\/\",\"url\":\"https:\\\/\\\/www.webdo.tn\\\/fr\\\/actualite\\\/national\\\/tunisie-tous-les-incendies-maitrises-selon-l-interieur\\\/207507\\\/\",\"name\":\"Tunisie : Tous les incendies ma\u00eetris\u00e9s, selon l\u2019Int\u00e9rieur\",\"isPartOf\":{\"@id\":\"https:\\\/\\\/www.webdo.tn\\\/fr\\\/#website\"},\"primaryImageOfPage\":{\"@id\":\"https:\\\/\\\/www.webdo.tn\\\/fr\\\/actualite\\\/national\\\/tunisie-tous-les-incendies-maitrises-selon-l-interieur\\\/207507\\\/#primaryimage\"},\"image\":{\"@id\":\"https:\\\/\\\/www.webdo.tn\\\/fr\\\/actualite\\\/national\\\/tunisie-tous-les-incendies-maitrises-selon-l-interieur\\\/207507\\\/#primaryimage\"},\"thumbnailUrl\":\"https:\\\/\\\/www.webdo.tn\\\/fr\\\/wp-content\\\/uploads\\\/2023\\\/07\\\/5164a8eaf972b5dad7ee9466f0e5d7e0.jpg\",\"datePublished\":\"2023-07-26T18:26:00+00:00\",\"dateModified\":\"2025-05-20T22:42:14+00:00\",\"description\":\"Le ministre de l'Int\u00e9rieur Kamel Feki a affirm\u00e9, lors d'une s\u00e9ance pl\u00e9ni\u00e8re \u00e0 l'Assembl\u00e9e des Repr\u00e9sentants du Peuple (ARP), que tous les incendies d\u00e9clar\u00e9s dan...\",\"breadcrumb\":{\"@id\":\"https:\\\/\\\/www.webdo.tn\\\/fr\\\/actualite\\\/national\\\/tunisie-tous-les-incendies-maitrises-selon-l-interieur\\\/207507\\\/#breadcrumb\"},\"inLanguage\":\"fr-FR\",\"potentialAction\":[{\"@type\":\"ReadAction\",\"target\":[\"https:\\\/\\\/www.webdo.tn\\\/fr\\\/actualite\\\/national\\\/tunisie-tous-les-incendies-maitrises-selon-l-interieur\\\/207507\\\/\"]}]},{\"@type\":\"ImageObject\",\"inLanguage\":\"fr-FR\",\"@id\":\"https:\\\/\\\/www.webdo.tn\\\/fr\\\/actualite\\\/national\\\/tunisie-tous-les-incendies-maitrises-selon-l-interieur\\\/207507\\\/#primaryimage\",\"url\":\"https:\\\/\\\/www.webdo.tn\\\/fr\\\/wp-content\\\/uploads\\\/2023\\\/07\\\/5164a8eaf972b5dad7ee9466f0e5d7e0.jpg\",\"contentUrl\":\"https:\\\/\\\/www.webdo.tn\\\/fr\\\/wp-content\\\/uploads\\\/2023\\\/07\\\/5164a8eaf972b5dad7ee9466f0e5d7e0.jpg\",\"width\":750,\"height\":400,\"caption\":\"Tunisie : Tous les incendies ma\u00eetris\u00e9s, selon l\u2019Int\u00e9rieur\"},{\"@type\":\"BreadcrumbList\",\"@id\":\"https:\\\/\\\/www.webdo.tn\\\/fr\\\/actualite\\\/national\\\/tunisie-tous-les-incendies-maitrises-selon-l-interieur\\\/207507\\\/#breadcrumb\",\"itemListElement\":[{\"@type\":\"ListItem\",\"position\":1,\"name\":\"Accueil\",\"item\":\"https:\\\/\\\/www.webdo.tn\\\/fr\\\/\"},{\"@type\":\"ListItem\",\"position\":2,\"name\":\"Tunisie : Tous les incendies ma\u00eetris\u00e9s, selon l\u2019Int\u00e9rieur\"}]},{\"@type\":\"WebSite\",\"@id\":\"https:\\\/\\\/www.webdo.tn\\\/fr\\\/#website\",\"url\":\"https:\\\/\\\/www.webdo.tn\\\/fr\\\/\",\"name\":\"webdo\",\"description\":\"Tunisie - News en Tunisie et \u00e0 l&#039;international sur Webdo.tn\",\"publisher\":{\"@id\":\"https:\\\/\\\/www.webdo.tn\\\/fr\\\/#organization\"},\"potentialAction\":[{\"@type\":\"SearchAction\",\"target\":{\"@type\":\"EntryPoint\",\"urlTemplate\":\"https:\\\/\\\/www.webdo.tn\\\/fr\\\/?s={search_term_string}\"},\"query-input\":{\"@type\":\"PropertyValueSpecification\",\"valueRequired\":true,\"valueName\":\"search_term_string\"}}],\"inLanguage\":\"fr-FR\"},{\"@type\":\"Organization\",\"@id\":\"https:\\\/\\\/www.webdo.tn\\\/fr\\\/#organization\",\"name\":\"Webdo\",\"alternateName\":\"Webdo.tn\",\"url\":\"https:\\\/\\\/www.webdo.tn\\\/fr\\\/\",\"logo\":{\"@type\":\"ImageObject\",\"inLanguage\":\"fr-FR\",\"@id\":\"https:\\\/\\\/www.webdo.tn\\\/fr\\\/#\\\/schema\\\/logo\\\/image\\\/\",\"url\":\"https:\\\/\\\/www.webdo.tn\\\/fr\\\/wp-content\\\/uploads\\\/2025\\\/06\\\/Webdo-Tunisie_168377.jpg\",\"contentUrl\":\"https:\\\/\\\/www.webdo.tn\\\/fr\\\/wp-content\\\/uploads\\\/2025\\\/06\\\/Webdo-Tunisie_168377.jpg\",\"width\":301,\"height\":301,\"caption\":\"Webdo\"},\"image\":{\"@id\":\"https:\\\/\\\/www.webdo.tn\\\/fr\\\/#\\\/schema\\\/logo\\\/image\\\/\"},\"sameAs\":[\"https:\\\/\\\/www.facebook.com\\\/webdotn\",\"https:\\\/\\\/x.com\\\/webdo_tn\"],\"description\":\"Webdo est un m\u00e9dia num\u00e9rique tunisien fond\u00e9 en 2010, sp\u00e9cialis\u00e9 dans l\u2019actualit\u00e9 nationale et internationale, l\u2019\u00e9conomie, la soci\u00e9t\u00e9 et les analyses politiques. Le site s\u2019adresse \u00e0 un large public francophone et couvre l\u2019information tunisienne en temps r\u00e9el.\",\"email\":\"redac@webdo.tn\",\"legalName\":\"YNJ SARL\",\"foundingDate\":\"2010-09-06\",\"numberOfEmployees\":{\"@type\":\"QuantitativeValue\",\"minValue\":\"11\",\"maxValue\":\"50\"}},{\"@type\":\"Person\",\"@id\":\"https:\\\/\\\/www.webdo.tn\\\/fr\\\/#\\\/schema\\\/person\\\/f35b42a42c5e2511bbd282959d6385cc\",\"name\":\"CL\",\"image\":{\"@type\":\"ImageObject\",\"inLanguage\":\"fr-FR\",\"@id\":\"https:\\\/\\\/secure.gravatar.com\\\/avatar\\\/1447a49909b67aa657c488aec6512e1dd6143a480c1ecfee9b5b5cd74eb3b59e?s=96&d=mm&r=g\",\"url\":\"https:\\\/\\\/secure.gravatar.com\\\/avatar\\\/1447a49909b67aa657c488aec6512e1dd6143a480c1ecfee9b5b5cd74eb3b59e?s=96&d=mm&r=g\",\"contentUrl\":\"https:\\\/\\\/secure.gravatar.com\\\/avatar\\\/1447a49909b67aa657c488aec6512e1dd6143a480c1ecfee9b5b5cd74eb3b59e?s=96&d=mm&r=g\",\"caption\":\"CL\"},\"url\":\"https:\\\/\\\/www.webdo.tn\\\/fr\\\/actualite\\\/author\\\/cl\\\/\"}]}<\/script>\n<!-- \/ Yoast SEO Premium plugin. -->","yoast_head_json":{"title":"Tunisie : Tous les incendies ma\u00eetris\u00e9s, selon l\u2019Int\u00e9rieur","description":"Le ministre de l'Int\u00e9rieur Kamel Feki a affirm\u00e9, lors d'une s\u00e9ance pl\u00e9ni\u00e8re \u00e0 l'Assembl\u00e9e des Repr\u00e9sentants du Peuple (ARP), que tous les incendies d\u00e9clar\u00e9s dan...","canonical":"https:\/\/www.webdo.tn\/fr\/actualite\/national\/tunisie-tous-les-incendies-maitrises-selon-l-interieur\/207507\/","og_locale":"fr_FR","og_type":"article","og_title":"Tunisie : Tous les incendies ma\u00eetris\u00e9s, selon l\u2019Int\u00e9rieur","og_description":"Le ministre de l'Int\u00e9rieur Kamel Feki a affirm\u00e9, lors d'une s\u00e9ance pl\u00e9ni\u00e8re \u00e0 l'Assembl\u00e9e des Repr\u00e9sentants du Peuple (ARP), que tous les incendies d\u00e9clar\u00e9s dan...","og_url":"https:\/\/www.webdo.tn\/fr\/actualite\/national\/tunisie-tous-les-incendies-maitrises-selon-l-interieur\/207507\/","og_site_name":"webdo","article_publisher":"https:\/\/www.facebook.com\/webdotn","article_published_time":"2023-07-26T18:26:00+00:00","article_modified_time":"2025-05-20T22:42:14+00:00","og_image":[{"width":750,"height":400,"url":"https:\/\/www.webdo.tn\/fr\/wp-content\/uploads\/2023\/07\/5164a8eaf972b5dad7ee9466f0e5d7e0.jpg","type":"image\/jpeg"}],"author":"CL","twitter_card":"summary_large_image","twitter_creator":"@webdo_tn","twitter_site":"@webdo_tn","twitter_misc":{"\u00c9crit par":"CL","Dur\u00e9e de lecture estim\u00e9e":"1 minute"},"schema":{"@context":"https:\/\/schema.org","@graph":[{"@type":"NewsArticle","@id":"https:\/\/www.webdo.tn\/fr\/actualite\/national\/tunisie-tous-les-incendies-maitrises-selon-l-interieur\/207507\/#article","isPartOf":{"@id":"https:\/\/www.webdo.tn\/fr\/actualite\/national\/tunisie-tous-les-incendies-maitrises-selon-l-interieur\/207507\/"},"author":{"name":"CL","@id":"https:\/\/www.webdo.tn\/fr\/#\/schema\/person\/f35b42a42c5e2511bbd282959d6385cc"},"headline":"Tunisie : Tous les incendies ma\u00eetris\u00e9s, selon l\u2019Int\u00e9rieur","datePublished":"2023-07-26T18:26:00+00:00","dateModified":"2025-05-20T22:42:14+00:00","mainEntityOfPage":{"@id":"https:\/\/www.webdo.tn\/fr\/actualite\/national\/tunisie-tous-les-incendies-maitrises-selon-l-interieur\/207507\/"},"wordCount":252,"commentCount":0,"publisher":{"@id":"https:\/\/www.webdo.tn\/fr\/#organization"},"image":{"@id":"https:\/\/www.webdo.tn\/fr\/actualite\/national\/tunisie-tous-les-incendies-maitrises-selon-l-interieur\/207507\/#primaryimage"},"thumbnailUrl":"https:\/\/www.webdo.tn\/fr\/wp-content\/uploads\/2023\/07\/5164a8eaf972b5dad7ee9466f0e5d7e0.jpg","keywords":["Incendies","Tunisie"],"articleSection":["National"],"inLanguage":"fr-FR"},{"@type":"WebPage","@id":"https:\/\/www.webdo.tn\/fr\/actualite\/national\/tunisie-tous-les-incendies-maitrises-selon-l-interieur\/207507\/","url":"https:\/\/www.webdo.tn\/fr\/actualite\/national\/tunisie-tous-les-incendies-maitrises-selon-l-interieur\/207507\/","name":"Tunisie : Tous les incendies ma\u00eetris\u00e9s, selon l\u2019Int\u00e9rieur","isPartOf":{"@id":"https:\/\/www.webdo.tn\/fr\/#website"},"primaryImageOfPage":{"@id":"https:\/\/www.webdo.tn\/fr\/actualite\/national\/tunisie-tous-les-incendies-maitrises-selon-l-interieur\/207507\/#primaryimage"},"image":{"@id":"https:\/\/www.webdo.tn\/fr\/actualite\/national\/tunisie-tous-les-incendies-maitrises-selon-l-interieur\/207507\/#primaryimage"},"thumbnailUrl":"https:\/\/www.webdo.tn\/fr\/wp-content\/uploads\/2023\/07\/5164a8eaf972b5dad7ee9466f0e5d7e0.jpg","datePublished":"2023-07-26T18:26:00+00:00","dateModified":"2025-05-20T22:42:14+00:00","description":"Le ministre de l'Int\u00e9rieur Kamel Feki a affirm\u00e9, lors d'une s\u00e9ance pl\u00e9ni\u00e8re \u00e0 l'Assembl\u00e9e des Repr\u00e9sentants du Peuple (ARP), que tous les incendies d\u00e9clar\u00e9s dan...","breadcrumb":{"@id":"https:\/\/www.webdo.tn\/fr\/actualite\/national\/tunisie-tous-les-incendies-maitrises-selon-l-interieur\/207507\/#breadcrumb"},"inLanguage":"fr-FR","potentialAction":[{"@type":"ReadAction","target":["https:\/\/www.webdo.tn\/fr\/actualite\/national\/tunisie-tous-les-incendies-maitrises-selon-l-interieur\/207507\/"]}]},{"@type":"ImageObject","inLanguage":"fr-FR","@id":"https:\/\/www.webdo.tn\/fr\/actualite\/national\/tunisie-tous-les-incendies-maitrises-selon-l-interieur\/207507\/#primaryimage","url":"https:\/\/www.webdo.tn\/fr\/wp-content\/uploads\/2023\/07\/5164a8eaf972b5dad7ee9466f0e5d7e0.jpg","contentUrl":"https:\/\/www.webdo.tn\/fr\/wp-content\/uploads\/2023\/07\/5164a8eaf972b5dad7ee9466f0e5d7e0.jpg","width":750,"height":400,"caption":"Tunisie : Tous les incendies ma\u00eetris\u00e9s, selon l\u2019Int\u00e9rieur"},{"@type":"BreadcrumbList","@id":"https:\/\/www.webdo.tn\/fr\/actualite\/national\/tunisie-tous-les-incendies-maitrises-selon-l-interieur\/207507\/#breadcrumb","itemListElement":[{"@type":"ListItem","position":1,"name":"Accueil","item":"https:\/\/www.webdo.tn\/fr\/"},{"@type":"ListItem","position":2,"name":"Tunisie : Tous les incendies ma\u00eetris\u00e9s, selon l\u2019Int\u00e9rieur"}]},{"@type":"WebSite","@id":"https:\/\/www.webdo.tn\/fr\/#website","url":"https:\/\/www.webdo.tn\/fr\/","name":"webdo","description":"Tunisie - News en Tunisie et \u00e0 l&#039;international sur Webdo.tn","publisher":{"@id":"https:\/\/www.webdo.tn\/fr\/#organization"},"potentialAction":[{"@type":"SearchAction","target":{"@type":"EntryPoint","urlTemplate":"https:\/\/www.webdo.tn\/fr\/?s={search_term_string}"},"query-input":{"@type":"PropertyValueSpecification","valueRequired":true,"valueName":"search_term_string"}}],"inLanguage":"fr-FR"},{"@type":"Organization","@id":"https:\/\/www.webdo.tn\/fr\/#organization","name":"Webdo","alternateName":"Webdo.tn","url":"https:\/\/www.webdo.tn\/fr\/","logo":{"@type":"ImageObject","inLanguage":"fr-FR","@id":"https:\/\/www.webdo.tn\/fr\/#\/schema\/logo\/image\/","url":"https:\/\/www.webdo.tn\/fr\/wp-content\/uploads\/2025\/06\/Webdo-Tunisie_168377.jpg","contentUrl":"https:\/\/www.webdo.tn\/fr\/wp-content\/uploads\/2025\/06\/Webdo-Tunisie_168377.jpg","width":301,"height":301,"caption":"Webdo"},"image":{"@id":"https:\/\/www.webdo.tn\/fr\/#\/schema\/logo\/image\/"},"sameAs":["https:\/\/www.facebook.com\/webdotn","https:\/\/x.com\/webdo_tn"],"description":"Webdo est un m\u00e9dia num\u00e9rique tunisien fond\u00e9 en 2010, sp\u00e9cialis\u00e9 dans l\u2019actualit\u00e9 nationale et internationale, l\u2019\u00e9conomie, la soci\u00e9t\u00e9 et les analyses politiques. Le site s\u2019adresse \u00e0 un large public francophone et couvre l\u2019information tunisienne en temps r\u00e9el.","email":"redac@webdo.tn","legalName":"YNJ SARL","foundingDate":"2010-09-06","numberOfEmployees":{"@type":"QuantitativeValue","minValue":"11","maxValue":"50"}},{"@type":"Person","@id":"https:\/\/www.webdo.tn\/fr\/#\/schema\/person\/f35b42a42c5e2511bbd282959d6385cc","name":"CL","image":{"@type":"ImageObject","inLanguage":"fr-FR","@id":"https:\/\/secure.gravatar.com\/avatar\/1447a49909b67aa657c488aec6512e1dd6143a480c1ecfee9b5b5cd74eb3b59e?s=96&d=mm&r=g","url":"https:\/\/secure.gravatar.com\/avatar\/1447a49909b67aa657c488aec6512e1dd6143a480c1ecfee9b5b5cd74eb3b59e?s=96&d=mm&r=g","contentUrl":"https:\/\/secure.gravatar.com\/avatar\/1447a49909b67aa657c488aec6512e1dd6143a480c1ecfee9b5b5cd74eb3b59e?s=96&d=mm&r=g","caption":"CL"},"url":"https:\/\/www.webdo.tn\/fr\/actualite\/author\/cl\/"}]}},"_links":{"self":[{"href":"https:\/\/www.webdo.tn\/fr\/wp-json\/wp\/v2\/posts\/207507","targetHints":{"allow":["GET"]}}],"collection":[{"href":"https:\/\/www.webdo.tn\/fr\/wp-json\/wp\/v2\/posts"}],"about":[{"href":"https:\/\/www.webdo.tn\/fr\/wp-json\/wp\/v2\/types\/post"}],"author":[{"embeddable":true,"href":"https:\/\/www.webdo.tn\/fr\/wp-json\/wp\/v2\/users\/3175"}],"replies":[{"embeddable":true,"href":"https:\/\/www.webdo.tn\/fr\/wp-json\/wp\/v2\/comments?post=207507"}],"version-history":[{"count":0,"href":"https:\/\/www.webdo.tn\/fr\/wp-json\/wp\/v2\/posts\/207507\/revisions"}],"wp:featuredmedia":[{"embeddable":true,"href":"https:\/\/www.webdo.tn\/fr\/wp-json\/wp\/v2\/media\/249696"}],"wp:attachment":[{"href":"https:\/\/www.webdo.tn\/fr\/wp-json\/wp\/v2\/media?parent=207507"}],"wp:term":[{"taxonomy":"category","embeddable":true,"href":"https:\/\/www.webdo.tn\/fr\/wp-json\/wp\/v2\/categories?post=207507"},{"taxonomy":"post_tag","embeddable":true,"href":"https:\/\/www.webdo.tn\/fr\/wp-json\/wp\/v2\/tags?post=207507"}],"curies":[{"name":"wp","href":"https:\/\/api.w.org\/{rel}","templated":true}]}}