{"id":207501,"date":"2023-07-26T12:43:00","date_gmt":"2023-07-26T12:43:00","guid":{"rendered":"https:\/\/www.webdo.tn\/fr\/blog\/natation-ayoub-hafnaoui-champion-du-monde-du-800m\/207501\/"},"modified":"2025-05-20T21:58:13","modified_gmt":"2025-05-20T21:58:13","slug":"natation-ayoub-hafnaoui-champion-du-monde-du-800m","status":"publish","type":"post","link":"https:\/\/www.webdo.tn\/fr\/actualite\/sport\/natation-ayoub-hafnaoui-champion-du-monde-du-800m\/207501\/","title":{"rendered":"Natation : Ayoub Hafnaoui champion du monde du 800m"},"content":{"rendered":"<p>Ahmed Ayoub Hafnaoui a d\u00e9croch\u00e9, aujourd\u2019hui la m\u00e9daille d&rsquo;or du 800 m\u00e8tres Nage libre au championnat du monde de Fukuoka au Japon.<\/p>\n<p>\t\t\t\t\t\t\t\t\tAyoub Hafnaoui a termin\u00e9 la course en t\u00eate apr\u00e8s avoir r\u00e9alis\u00e9 un temps 7:37:00, devant l&rsquo;Australien S. Short (champion du monde du 400m) et l&rsquo;Am\u00e9ricain B. Finke.<\/p>\n<p>Rappelons que le champion tunisien de natation, Ahmed Ayoub Hafnaoui, a remport\u00e9 la m\u00e9daille d&rsquo;argent du 400 m nage libre, dimanche dernier, lors des m\u00eames Championnats du monde de natation.<\/p>\n","protected":false},"excerpt":{"rendered":"<p>Ahmed Ayoub Hafnaoui a d\u00e9croch\u00e9, aujourd\u2019hui la m\u00e9daille d&rsquo;or du 800 m\u00e8tres Nage libre au championnat du monde de Fukuoka au Japon.<\/p>\n","protected":false},"author":3162,"featured_media":249692,"comment_status":"open","ping_status":"closed","sticky":false,"template":"","format":"standard","meta":{"footnotes":""},"categories":[2593],"tags":[7350,4785,2961,3252],"class_list":["post-207501","post","type-post","status-publish","format-standard","has-post-thumbnail","hentry","category-sport","tag-ayoub-hafnaoui","tag-championnat-du-monde","tag-japon","tag-natation"],"yoast_head":"<!-- This site is optimized with the Yoast SEO Premium plugin v27.5 (Yoast SEO v27.5) - https:\/\/yoast.com\/product\/yoast-seo-premium-wordpress\/ -->\n<title>Natation : Ayoub Hafnaoui champion du monde du 800m<\/title>\n<meta name=\"description\" content=\"Ahmed Ayoub Hafnaoui a d\u00e9croch\u00e9, aujourd\u2019hui la m\u00e9daille d&#039;or du 800 m\u00e8tres Nage libre au championnat du monde de Fukuoka au Japon.\" \/>\n<link rel=\"canonical\" href=\"https:\/\/www.webdo.tn\/fr\/actualite\/sport\/natation-ayoub-hafnaoui-champion-du-monde-du-800m\/207501\/\" \/>\n<meta property=\"og:locale\" content=\"fr_FR\" \/>\n<meta property=\"og:type\" content=\"article\" \/>\n<meta property=\"og:title\" content=\"Natation : Ayoub Hafnaoui champion du monde du 800m\" \/>\n<meta property=\"og:description\" content=\"Ahmed Ayoub Hafnaoui a d\u00e9croch\u00e9, aujourd\u2019hui la m\u00e9daille d&#039;or du 800 m\u00e8tres Nage libre au championnat du monde de Fukuoka au Japon.\" \/>\n<meta property=\"og:url\" content=\"https:\/\/www.webdo.tn\/fr\/actualite\/sport\/natation-ayoub-hafnaoui-champion-du-monde-du-800m\/207501\/\" \/>\n<meta property=\"og:site_name\" content=\"webdo\" \/>\n<meta property=\"article:publisher\" content=\"https:\/\/www.facebook.com\/webdotn\" \/>\n<meta property=\"article:published_time\" content=\"2023-07-26T12:43:00+00:00\" \/>\n<meta property=\"article:modified_time\" content=\"2025-05-20T21:58:13+00:00\" \/>\n<meta property=\"og:image\" content=\"https:\/\/www.webdo.tn\/fr\/wp-content\/uploads\/2023\/07\/ee806849f37805138172c882adac602d.jpg\" \/>\n\t<meta property=\"og:image:width\" content=\"750\" \/>\n\t<meta property=\"og:image:height\" content=\"400\" \/>\n\t<meta property=\"og:image:type\" content=\"image\/jpeg\" \/>\n<meta name=\"author\" content=\"MC\" \/>\n<meta name=\"twitter:card\" content=\"summary_large_image\" \/>\n<meta name=\"twitter:creator\" content=\"@webdo_tn\" \/>\n<meta name=\"twitter:site\" content=\"@webdo_tn\" \/>\n<meta name=\"twitter:label1\" content=\"\u00c9crit par\" \/>\n\t<meta name=\"twitter:data1\" content=\"MC\" \/>\n<script type=\"application\/ld+json\" class=\"yoast-schema-graph\">{\"@context\":\"https:\\\/\\\/schema.org\",\"@graph\":[{\"@type\":\"NewsArticle\",\"@id\":\"https:\\\/\\\/www.webdo.tn\\\/fr\\\/actualite\\\/sport\\\/natation-ayoub-hafnaoui-champion-du-monde-du-800m\\\/207501\\\/#article\",\"isPartOf\":{\"@id\":\"https:\\\/\\\/www.webdo.tn\\\/fr\\\/actualite\\\/sport\\\/natation-ayoub-hafnaoui-champion-du-monde-du-800m\\\/207501\\\/\"},\"author\":{\"name\":\"MC\",\"@id\":\"https:\\\/\\\/www.webdo.tn\\\/fr\\\/#\\\/schema\\\/person\\\/2c4929cbf5a809e3bd38617c6ce150f6\"},\"headline\":\"Natation : Ayoub Hafnaoui champion du monde du 800m\",\"datePublished\":\"2023-07-26T12:43:00+00:00\",\"dateModified\":\"2025-05-20T21:58:13+00:00\",\"mainEntityOfPage\":{\"@id\":\"https:\\\/\\\/www.webdo.tn\\\/fr\\\/actualite\\\/sport\\\/natation-ayoub-hafnaoui-champion-du-monde-du-800m\\\/207501\\\/\"},\"wordCount\":98,\"commentCount\":0,\"publisher\":{\"@id\":\"https:\\\/\\\/www.webdo.tn\\\/fr\\\/#organization\"},\"image\":{\"@id\":\"https:\\\/\\\/www.webdo.tn\\\/fr\\\/actualite\\\/sport\\\/natation-ayoub-hafnaoui-champion-du-monde-du-800m\\\/207501\\\/#primaryimage\"},\"thumbnailUrl\":\"https:\\\/\\\/www.webdo.tn\\\/fr\\\/wp-content\\\/uploads\\\/2023\\\/07\\\/ee806849f37805138172c882adac602d.jpg\",\"keywords\":[\"ayoub hafnaoui\",\"championnat du monde\",\"Japon\",\"natation\"],\"articleSection\":[\"Sport\"],\"inLanguage\":\"fr-FR\"},{\"@type\":\"WebPage\",\"@id\":\"https:\\\/\\\/www.webdo.tn\\\/fr\\\/actualite\\\/sport\\\/natation-ayoub-hafnaoui-champion-du-monde-du-800m\\\/207501\\\/\",\"url\":\"https:\\\/\\\/www.webdo.tn\\\/fr\\\/actualite\\\/sport\\\/natation-ayoub-hafnaoui-champion-du-monde-du-800m\\\/207501\\\/\",\"name\":\"Natation : Ayoub Hafnaoui champion du monde du 800m\",\"isPartOf\":{\"@id\":\"https:\\\/\\\/www.webdo.tn\\\/fr\\\/#website\"},\"primaryImageOfPage\":{\"@id\":\"https:\\\/\\\/www.webdo.tn\\\/fr\\\/actualite\\\/sport\\\/natation-ayoub-hafnaoui-champion-du-monde-du-800m\\\/207501\\\/#primaryimage\"},\"image\":{\"@id\":\"https:\\\/\\\/www.webdo.tn\\\/fr\\\/actualite\\\/sport\\\/natation-ayoub-hafnaoui-champion-du-monde-du-800m\\\/207501\\\/#primaryimage\"},\"thumbnailUrl\":\"https:\\\/\\\/www.webdo.tn\\\/fr\\\/wp-content\\\/uploads\\\/2023\\\/07\\\/ee806849f37805138172c882adac602d.jpg\",\"datePublished\":\"2023-07-26T12:43:00+00:00\",\"dateModified\":\"2025-05-20T21:58:13+00:00\",\"description\":\"Ahmed Ayoub Hafnaoui a d\u00e9croch\u00e9, aujourd\u2019hui la m\u00e9daille d'or du 800 m\u00e8tres Nage libre au championnat du monde de Fukuoka au Japon.\",\"breadcrumb\":{\"@id\":\"https:\\\/\\\/www.webdo.tn\\\/fr\\\/actualite\\\/sport\\\/natation-ayoub-hafnaoui-champion-du-monde-du-800m\\\/207501\\\/#breadcrumb\"},\"inLanguage\":\"fr-FR\",\"potentialAction\":[{\"@type\":\"ReadAction\",\"target\":[\"https:\\\/\\\/www.webdo.tn\\\/fr\\\/actualite\\\/sport\\\/natation-ayoub-hafnaoui-champion-du-monde-du-800m\\\/207501\\\/\"]}]},{\"@type\":\"ImageObject\",\"inLanguage\":\"fr-FR\",\"@id\":\"https:\\\/\\\/www.webdo.tn\\\/fr\\\/actualite\\\/sport\\\/natation-ayoub-hafnaoui-champion-du-monde-du-800m\\\/207501\\\/#primaryimage\",\"url\":\"https:\\\/\\\/www.webdo.tn\\\/fr\\\/wp-content\\\/uploads\\\/2023\\\/07\\\/ee806849f37805138172c882adac602d.jpg\",\"contentUrl\":\"https:\\\/\\\/www.webdo.tn\\\/fr\\\/wp-content\\\/uploads\\\/2023\\\/07\\\/ee806849f37805138172c882adac602d.jpg\",\"width\":750,\"height\":400,\"caption\":\"Natation : Ayoub Hafnaoui champion du monde du 800m\"},{\"@type\":\"BreadcrumbList\",\"@id\":\"https:\\\/\\\/www.webdo.tn\\\/fr\\\/actualite\\\/sport\\\/natation-ayoub-hafnaoui-champion-du-monde-du-800m\\\/207501\\\/#breadcrumb\",\"itemListElement\":[{\"@type\":\"ListItem\",\"position\":1,\"name\":\"Accueil\",\"item\":\"https:\\\/\\\/www.webdo.tn\\\/fr\\\/\"},{\"@type\":\"ListItem\",\"position\":2,\"name\":\"Natation : Ayoub Hafnaoui champion du monde du 800m\"}]},{\"@type\":\"WebSite\",\"@id\":\"https:\\\/\\\/www.webdo.tn\\\/fr\\\/#website\",\"url\":\"https:\\\/\\\/www.webdo.tn\\\/fr\\\/\",\"name\":\"webdo\",\"description\":\"Tunisie - News en Tunisie et \u00e0 l&#039;international sur Webdo.tn\",\"publisher\":{\"@id\":\"https:\\\/\\\/www.webdo.tn\\\/fr\\\/#organization\"},\"potentialAction\":[{\"@type\":\"SearchAction\",\"target\":{\"@type\":\"EntryPoint\",\"urlTemplate\":\"https:\\\/\\\/www.webdo.tn\\\/fr\\\/?s={search_term_string}\"},\"query-input\":{\"@type\":\"PropertyValueSpecification\",\"valueRequired\":true,\"valueName\":\"search_term_string\"}}],\"inLanguage\":\"fr-FR\"},{\"@type\":\"Organization\",\"@id\":\"https:\\\/\\\/www.webdo.tn\\\/fr\\\/#organization\",\"name\":\"Webdo\",\"alternateName\":\"Webdo.tn\",\"url\":\"https:\\\/\\\/www.webdo.tn\\\/fr\\\/\",\"logo\":{\"@type\":\"ImageObject\",\"inLanguage\":\"fr-FR\",\"@id\":\"https:\\\/\\\/www.webdo.tn\\\/fr\\\/#\\\/schema\\\/logo\\\/image\\\/\",\"url\":\"https:\\\/\\\/www.webdo.tn\\\/fr\\\/wp-content\\\/uploads\\\/2025\\\/06\\\/Webdo-Tunisie_168377.jpg\",\"contentUrl\":\"https:\\\/\\\/www.webdo.tn\\\/fr\\\/wp-content\\\/uploads\\\/2025\\\/06\\\/Webdo-Tunisie_168377.jpg\",\"width\":301,\"height\":301,\"caption\":\"Webdo\"},\"image\":{\"@id\":\"https:\\\/\\\/www.webdo.tn\\\/fr\\\/#\\\/schema\\\/logo\\\/image\\\/\"},\"sameAs\":[\"https:\\\/\\\/www.facebook.com\\\/webdotn\",\"https:\\\/\\\/x.com\\\/webdo_tn\"],\"description\":\"Webdo est un m\u00e9dia num\u00e9rique tunisien fond\u00e9 en 2010, sp\u00e9cialis\u00e9 dans l\u2019actualit\u00e9 nationale et internationale, l\u2019\u00e9conomie, la soci\u00e9t\u00e9 et les analyses politiques. Le site s\u2019adresse \u00e0 un large public francophone et couvre l\u2019information tunisienne en temps r\u00e9el.\",\"email\":\"redac@webdo.tn\",\"legalName\":\"YNJ SARL\",\"foundingDate\":\"2010-09-06\",\"numberOfEmployees\":{\"@type\":\"QuantitativeValue\",\"minValue\":\"11\",\"maxValue\":\"50\"}},{\"@type\":\"Person\",\"@id\":\"https:\\\/\\\/www.webdo.tn\\\/fr\\\/#\\\/schema\\\/person\\\/2c4929cbf5a809e3bd38617c6ce150f6\",\"name\":\"MC\",\"image\":{\"@type\":\"ImageObject\",\"inLanguage\":\"fr-FR\",\"@id\":\"https:\\\/\\\/secure.gravatar.com\\\/avatar\\\/a545bbb6f84efdd5553dbbc2895e3ca8f1d12c5215e00a041c9670b54aa9b18a?s=96&d=mm&r=g\",\"url\":\"https:\\\/\\\/secure.gravatar.com\\\/avatar\\\/a545bbb6f84efdd5553dbbc2895e3ca8f1d12c5215e00a041c9670b54aa9b18a?s=96&d=mm&r=g\",\"contentUrl\":\"https:\\\/\\\/secure.gravatar.com\\\/avatar\\\/a545bbb6f84efdd5553dbbc2895e3ca8f1d12c5215e00a041c9670b54aa9b18a?s=96&d=mm&r=g\",\"caption\":\"MC\"},\"url\":\"https:\\\/\\\/www.webdo.tn\\\/fr\\\/actualite\\\/author\\\/mc\\\/\"}]}<\/script>\n<!-- \/ Yoast SEO Premium plugin. -->","yoast_head_json":{"title":"Natation : Ayoub Hafnaoui champion du monde du 800m","description":"Ahmed Ayoub Hafnaoui a d\u00e9croch\u00e9, aujourd\u2019hui la m\u00e9daille d'or du 800 m\u00e8tres Nage libre au championnat du monde de Fukuoka au Japon.","canonical":"https:\/\/www.webdo.tn\/fr\/actualite\/sport\/natation-ayoub-hafnaoui-champion-du-monde-du-800m\/207501\/","og_locale":"fr_FR","og_type":"article","og_title":"Natation : Ayoub Hafnaoui champion du monde du 800m","og_description":"Ahmed Ayoub Hafnaoui a d\u00e9croch\u00e9, aujourd\u2019hui la m\u00e9daille d'or du 800 m\u00e8tres Nage libre au championnat du monde de Fukuoka au Japon.","og_url":"https:\/\/www.webdo.tn\/fr\/actualite\/sport\/natation-ayoub-hafnaoui-champion-du-monde-du-800m\/207501\/","og_site_name":"webdo","article_publisher":"https:\/\/www.facebook.com\/webdotn","article_published_time":"2023-07-26T12:43:00+00:00","article_modified_time":"2025-05-20T21:58:13+00:00","og_image":[{"width":750,"height":400,"url":"https:\/\/www.webdo.tn\/fr\/wp-content\/uploads\/2023\/07\/ee806849f37805138172c882adac602d.jpg","type":"image\/jpeg"}],"author":"MC","twitter_card":"summary_large_image","twitter_creator":"@webdo_tn","twitter_site":"@webdo_tn","twitter_misc":{"\u00c9crit par":"MC"},"schema":{"@context":"https:\/\/schema.org","@graph":[{"@type":"NewsArticle","@id":"https:\/\/www.webdo.tn\/fr\/actualite\/sport\/natation-ayoub-hafnaoui-champion-du-monde-du-800m\/207501\/#article","isPartOf":{"@id":"https:\/\/www.webdo.tn\/fr\/actualite\/sport\/natation-ayoub-hafnaoui-champion-du-monde-du-800m\/207501\/"},"author":{"name":"MC","@id":"https:\/\/www.webdo.tn\/fr\/#\/schema\/person\/2c4929cbf5a809e3bd38617c6ce150f6"},"headline":"Natation : Ayoub Hafnaoui champion du monde du 800m","datePublished":"2023-07-26T12:43:00+00:00","dateModified":"2025-05-20T21:58:13+00:00","mainEntityOfPage":{"@id":"https:\/\/www.webdo.tn\/fr\/actualite\/sport\/natation-ayoub-hafnaoui-champion-du-monde-du-800m\/207501\/"},"wordCount":98,"commentCount":0,"publisher":{"@id":"https:\/\/www.webdo.tn\/fr\/#organization"},"image":{"@id":"https:\/\/www.webdo.tn\/fr\/actualite\/sport\/natation-ayoub-hafnaoui-champion-du-monde-du-800m\/207501\/#primaryimage"},"thumbnailUrl":"https:\/\/www.webdo.tn\/fr\/wp-content\/uploads\/2023\/07\/ee806849f37805138172c882adac602d.jpg","keywords":["ayoub hafnaoui","championnat du monde","Japon","natation"],"articleSection":["Sport"],"inLanguage":"fr-FR"},{"@type":"WebPage","@id":"https:\/\/www.webdo.tn\/fr\/actualite\/sport\/natation-ayoub-hafnaoui-champion-du-monde-du-800m\/207501\/","url":"https:\/\/www.webdo.tn\/fr\/actualite\/sport\/natation-ayoub-hafnaoui-champion-du-monde-du-800m\/207501\/","name":"Natation : Ayoub Hafnaoui champion du monde du 800m","isPartOf":{"@id":"https:\/\/www.webdo.tn\/fr\/#website"},"primaryImageOfPage":{"@id":"https:\/\/www.webdo.tn\/fr\/actualite\/sport\/natation-ayoub-hafnaoui-champion-du-monde-du-800m\/207501\/#primaryimage"},"image":{"@id":"https:\/\/www.webdo.tn\/fr\/actualite\/sport\/natation-ayoub-hafnaoui-champion-du-monde-du-800m\/207501\/#primaryimage"},"thumbnailUrl":"https:\/\/www.webdo.tn\/fr\/wp-content\/uploads\/2023\/07\/ee806849f37805138172c882adac602d.jpg","datePublished":"2023-07-26T12:43:00+00:00","dateModified":"2025-05-20T21:58:13+00:00","description":"Ahmed Ayoub Hafnaoui a d\u00e9croch\u00e9, aujourd\u2019hui la m\u00e9daille d'or du 800 m\u00e8tres Nage libre au championnat du monde de Fukuoka au Japon.","breadcrumb":{"@id":"https:\/\/www.webdo.tn\/fr\/actualite\/sport\/natation-ayoub-hafnaoui-champion-du-monde-du-800m\/207501\/#breadcrumb"},"inLanguage":"fr-FR","potentialAction":[{"@type":"ReadAction","target":["https:\/\/www.webdo.tn\/fr\/actualite\/sport\/natation-ayoub-hafnaoui-champion-du-monde-du-800m\/207501\/"]}]},{"@type":"ImageObject","inLanguage":"fr-FR","@id":"https:\/\/www.webdo.tn\/fr\/actualite\/sport\/natation-ayoub-hafnaoui-champion-du-monde-du-800m\/207501\/#primaryimage","url":"https:\/\/www.webdo.tn\/fr\/wp-content\/uploads\/2023\/07\/ee806849f37805138172c882adac602d.jpg","contentUrl":"https:\/\/www.webdo.tn\/fr\/wp-content\/uploads\/2023\/07\/ee806849f37805138172c882adac602d.jpg","width":750,"height":400,"caption":"Natation : Ayoub Hafnaoui champion du monde du 800m"},{"@type":"BreadcrumbList","@id":"https:\/\/www.webdo.tn\/fr\/actualite\/sport\/natation-ayoub-hafnaoui-champion-du-monde-du-800m\/207501\/#breadcrumb","itemListElement":[{"@type":"ListItem","position":1,"name":"Accueil","item":"https:\/\/www.webdo.tn\/fr\/"},{"@type":"ListItem","position":2,"name":"Natation : Ayoub Hafnaoui champion du monde du 800m"}]},{"@type":"WebSite","@id":"https:\/\/www.webdo.tn\/fr\/#website","url":"https:\/\/www.webdo.tn\/fr\/","name":"webdo","description":"Tunisie - News en Tunisie et \u00e0 l&#039;international sur Webdo.tn","publisher":{"@id":"https:\/\/www.webdo.tn\/fr\/#organization"},"potentialAction":[{"@type":"SearchAction","target":{"@type":"EntryPoint","urlTemplate":"https:\/\/www.webdo.tn\/fr\/?s={search_term_string}"},"query-input":{"@type":"PropertyValueSpecification","valueRequired":true,"valueName":"search_term_string"}}],"inLanguage":"fr-FR"},{"@type":"Organization","@id":"https:\/\/www.webdo.tn\/fr\/#organization","name":"Webdo","alternateName":"Webdo.tn","url":"https:\/\/www.webdo.tn\/fr\/","logo":{"@type":"ImageObject","inLanguage":"fr-FR","@id":"https:\/\/www.webdo.tn\/fr\/#\/schema\/logo\/image\/","url":"https:\/\/www.webdo.tn\/fr\/wp-content\/uploads\/2025\/06\/Webdo-Tunisie_168377.jpg","contentUrl":"https:\/\/www.webdo.tn\/fr\/wp-content\/uploads\/2025\/06\/Webdo-Tunisie_168377.jpg","width":301,"height":301,"caption":"Webdo"},"image":{"@id":"https:\/\/www.webdo.tn\/fr\/#\/schema\/logo\/image\/"},"sameAs":["https:\/\/www.facebook.com\/webdotn","https:\/\/x.com\/webdo_tn"],"description":"Webdo est un m\u00e9dia num\u00e9rique tunisien fond\u00e9 en 2010, sp\u00e9cialis\u00e9 dans l\u2019actualit\u00e9 nationale et internationale, l\u2019\u00e9conomie, la soci\u00e9t\u00e9 et les analyses politiques. Le site s\u2019adresse \u00e0 un large public francophone et couvre l\u2019information tunisienne en temps r\u00e9el.","email":"redac@webdo.tn","legalName":"YNJ SARL","foundingDate":"2010-09-06","numberOfEmployees":{"@type":"QuantitativeValue","minValue":"11","maxValue":"50"}},{"@type":"Person","@id":"https:\/\/www.webdo.tn\/fr\/#\/schema\/person\/2c4929cbf5a809e3bd38617c6ce150f6","name":"MC","image":{"@type":"ImageObject","inLanguage":"fr-FR","@id":"https:\/\/secure.gravatar.com\/avatar\/a545bbb6f84efdd5553dbbc2895e3ca8f1d12c5215e00a041c9670b54aa9b18a?s=96&d=mm&r=g","url":"https:\/\/secure.gravatar.com\/avatar\/a545bbb6f84efdd5553dbbc2895e3ca8f1d12c5215e00a041c9670b54aa9b18a?s=96&d=mm&r=g","contentUrl":"https:\/\/secure.gravatar.com\/avatar\/a545bbb6f84efdd5553dbbc2895e3ca8f1d12c5215e00a041c9670b54aa9b18a?s=96&d=mm&r=g","caption":"MC"},"url":"https:\/\/www.webdo.tn\/fr\/actualite\/author\/mc\/"}]}},"_links":{"self":[{"href":"https:\/\/www.webdo.tn\/fr\/wp-json\/wp\/v2\/posts\/207501","targetHints":{"allow":["GET"]}}],"collection":[{"href":"https:\/\/www.webdo.tn\/fr\/wp-json\/wp\/v2\/posts"}],"about":[{"href":"https:\/\/www.webdo.tn\/fr\/wp-json\/wp\/v2\/types\/post"}],"author":[{"embeddable":true,"href":"https:\/\/www.webdo.tn\/fr\/wp-json\/wp\/v2\/users\/3162"}],"replies":[{"embeddable":true,"href":"https:\/\/www.webdo.tn\/fr\/wp-json\/wp\/v2\/comments?post=207501"}],"version-history":[{"count":0,"href":"https:\/\/www.webdo.tn\/fr\/wp-json\/wp\/v2\/posts\/207501\/revisions"}],"wp:featuredmedia":[{"embeddable":true,"href":"https:\/\/www.webdo.tn\/fr\/wp-json\/wp\/v2\/media\/249692"}],"wp:attachment":[{"href":"https:\/\/www.webdo.tn\/fr\/wp-json\/wp\/v2\/media?parent=207501"}],"wp:term":[{"taxonomy":"category","embeddable":true,"href":"https:\/\/www.webdo.tn\/fr\/wp-json\/wp\/v2\/categories?post=207501"},{"taxonomy":"post_tag","embeddable":true,"href":"https:\/\/www.webdo.tn\/fr\/wp-json\/wp\/v2\/tags?post=207501"}],"curies":[{"name":"wp","href":"https:\/\/api.w.org\/{rel}","templated":true}]}}