{"id":207500,"date":"2023-07-26T12:18:00","date_gmt":"2023-07-26T12:18:00","guid":{"rendered":"https:\/\/www.webdo.tn\/fr\/blog\/behind-the-mountains-de-mohamed-ben-attia-a-la-mostra-de-venise\/207500\/"},"modified":"2025-05-20T22:57:04","modified_gmt":"2025-05-20T22:57:04","slug":"behind-the-mountains-de-mohamed-ben-attia-a-la-mostra-de-venise","status":"publish","type":"post","link":"https:\/\/www.webdo.tn\/fr\/actualite\/culture\/behind-the-mountains-de-mohamed-ben-attia-a-la-mostra-de-venise\/207500\/","title":{"rendered":"\u00ab Behind the mountains \u00bb, de Mohamed Ben Attia, \u00e0 la Mostra de Venise"},"content":{"rendered":"<p>C\u2019est dans la section \u00ab Orizzonti \u00bb (\u00ab Horizons \u00bb), de la 80\u00e8me Mostra de Venise qui aura lieu au Lido de Venise du 30 ao\u00fbt au 9 septembre 2023, que le film de notre compatriote Mohamed Ben Attia, \u00ab Behind The Mountains \u00bb (\u00ab Au-del\u00e0 des montagnes \u00bb ou \u00ab Oura El Jbel \u00bb, son titre en arabe), figurera parmi 17 films s\u00e9lectionn\u00e9s.<\/p>\n<p>\t\t\t\t\t\t\t\t\tIl sera projet\u00e9 en premi\u00e8re mondiale dans la section \u00ab Orizzonti \u00bb qui est une comp\u00e9tition internationale \u00ab d\u00e9di\u00e9e aux films qui repr\u00e9sentent les derni\u00e8res tendances esth\u00e9tiques et expressives, avec une attention particuli\u00e8re aux premiers films, aux jeunes talents, aux longs m\u00e9trages ind\u00e9pendants et au cin\u00e9ma moins connu \u00bb, lit-on sur le site de la Mostra de Venise.<\/p>\n<p>Parmi les principaux acteurs au casting de cette fiction, Majd Mastoura, Samer Bisharat, Walid Bouchhioua, Selma Zeghidi, Helmi Dridi et Wissem Belgharek.<\/p>\n<p>Ce long m\u00e9trage de fiction (98\u2019) est une coproduction entre la Tunisie (Nomadis Images), la Belgique, la France, l\u2019Italie, l\u2019Arabie Saoudite et le Qatar. La compagnie fran\u00e7aise \u201cLuxbox\u201d assure la vente internationale du film.<\/p>\n<p>C&rsquo;est le troisi\u00e8me long-m\u00e9trage de Ben Attia, apr\u00e8s \u00ab Inhebek Hedi \u00bb (2016) et \u00ab Weldi \u00bb (2018).\u00a0<\/p>\n<p>Quant au film en soi, il s\u2019agit de l\u2019histoire de Rafik qui, apr\u00e8s avoir pass\u00e9 quatre ans en prison, n\u2019a qu\u2019un seul plan en t\u00eate : emmener son fils derri\u00e8re les montagnes et lui montrer sa d\u00e9couverte \u00e9tonnante\u2026<\/p>\n<p>Il est \u00e0 rappeler que les sections du 80\u00e8me \u00a0 Festival International du Film de Venise sont \u00ab Venezia 80 Comp\u00e9tition \u00bb qui constitue la comp\u00e9tition internationale, \u00ab Hors Comp\u00e9tition \u00bb, \u00ab Orizzonti \u00bb, \u00ab Orizzonti Extra \u00bb, \u00ab Venice Classics \u00bb (les classiques du cin\u00e9ma mondial), \u00ab Venice Immersive \u00bb, en plus d\u2019une projection sp\u00e9ciale.<\/p>\n","protected":false},"excerpt":{"rendered":"<p>Le film de notre compatriote Mohamed Ben Attia, \u00ab Behind The Mountains \u00bb (\u00ab Au-del\u00e0 des montagnes \u00bb ou \u00ab Oura El Jbel \u00bb, son titre en arabe), figurera parmi 17&#8230;<\/p>\n","protected":false},"author":3185,"featured_media":249694,"comment_status":"open","ping_status":"closed","sticky":false,"template":"","format":"standard","meta":{"footnotes":""},"categories":[2594],"tags":[6037,6038,8172],"class_list":["post-207500","post","type-post","status-publish","format-standard","has-post-thumbnail","hentry","category-culture","tag-behind-the-mountains","tag-mohamed-ben-attia","tag-mostra-de-venise"],"yoast_head":"<!-- This site is optimized with the Yoast SEO Premium plugin v27.5 (Yoast SEO v27.5) - https:\/\/yoast.com\/product\/yoast-seo-premium-wordpress\/ -->\n<title>\u00ab Behind the mountains \u00bb, de Mohamed Ben Attia, \u00e0 la Mostra de Venise<\/title>\n<meta name=\"description\" content=\"Le film de notre compatriote Mohamed Ben Attia, \u00ab Behind The Mountains \u00bb (\u00ab Au-del\u00e0 des montagnes \u00bb ou \u00ab Oura El Jbel \u00bb, son titre en arabe), figurera parmi 17...\" \/>\n<link rel=\"canonical\" href=\"https:\/\/www.webdo.tn\/fr\/actualite\/culture\/behind-the-mountains-de-mohamed-ben-attia-a-la-mostra-de-venise\/207500\/\" \/>\n<meta property=\"og:locale\" content=\"fr_FR\" \/>\n<meta property=\"og:type\" content=\"article\" \/>\n<meta property=\"og:title\" content=\"\u00ab Behind the mountains \u00bb, de Mohamed Ben Attia, \u00e0 la Mostra de Venise\" \/>\n<meta property=\"og:description\" content=\"Le film de notre compatriote Mohamed Ben Attia, \u00ab Behind The Mountains \u00bb (\u00ab Au-del\u00e0 des montagnes \u00bb ou \u00ab Oura El Jbel \u00bb, son titre en arabe), figurera parmi 17...\" \/>\n<meta property=\"og:url\" content=\"https:\/\/www.webdo.tn\/fr\/actualite\/culture\/behind-the-mountains-de-mohamed-ben-attia-a-la-mostra-de-venise\/207500\/\" \/>\n<meta property=\"og:site_name\" content=\"webdo\" \/>\n<meta property=\"article:publisher\" content=\"https:\/\/www.facebook.com\/webdotn\" \/>\n<meta property=\"article:published_time\" content=\"2023-07-26T12:18:00+00:00\" \/>\n<meta property=\"article:modified_time\" content=\"2025-05-20T22:57:04+00:00\" \/>\n<meta property=\"og:image\" content=\"https:\/\/www.webdo.tn\/fr\/wp-content\/uploads\/2023\/07\/3f6bee6843b4fb502bc8d44b75cbd334.jpg\" \/>\n\t<meta property=\"og:image:width\" content=\"680\" \/>\n\t<meta property=\"og:image:height\" content=\"363\" \/>\n\t<meta property=\"og:image:type\" content=\"image\/jpeg\" \/>\n<meta name=\"author\" content=\"WDA\" \/>\n<meta name=\"twitter:card\" content=\"summary_large_image\" \/>\n<meta name=\"twitter:creator\" content=\"@webdo_tn\" \/>\n<meta name=\"twitter:site\" content=\"@webdo_tn\" \/>\n<meta name=\"twitter:label1\" content=\"\u00c9crit par\" \/>\n\t<meta name=\"twitter:data1\" content=\"WDA\" \/>\n\t<meta name=\"twitter:label2\" content=\"Dur\u00e9e de lecture estim\u00e9e\" \/>\n\t<meta name=\"twitter:data2\" content=\"1 minute\" \/>\n<script type=\"application\/ld+json\" class=\"yoast-schema-graph\">{\"@context\":\"https:\\\/\\\/schema.org\",\"@graph\":[{\"@type\":\"NewsArticle\",\"@id\":\"https:\\\/\\\/www.webdo.tn\\\/fr\\\/actualite\\\/culture\\\/behind-the-mountains-de-mohamed-ben-attia-a-la-mostra-de-venise\\\/207500\\\/#article\",\"isPartOf\":{\"@id\":\"https:\\\/\\\/www.webdo.tn\\\/fr\\\/actualite\\\/culture\\\/behind-the-mountains-de-mohamed-ben-attia-a-la-mostra-de-venise\\\/207500\\\/\"},\"author\":{\"name\":\"WDA\",\"@id\":\"https:\\\/\\\/www.webdo.tn\\\/fr\\\/#\\\/schema\\\/person\\\/ae999f6cc68c323955dd7bb23b41f2dd\"},\"headline\":\"\u00ab Behind the mountains \u00bb, de Mohamed Ben Attia, \u00e0 la Mostra de Venise\",\"datePublished\":\"2023-07-26T12:18:00+00:00\",\"dateModified\":\"2025-05-20T22:57:04+00:00\",\"mainEntityOfPage\":{\"@id\":\"https:\\\/\\\/www.webdo.tn\\\/fr\\\/actualite\\\/culture\\\/behind-the-mountains-de-mohamed-ben-attia-a-la-mostra-de-venise\\\/207500\\\/\"},\"wordCount\":297,\"commentCount\":0,\"publisher\":{\"@id\":\"https:\\\/\\\/www.webdo.tn\\\/fr\\\/#organization\"},\"image\":{\"@id\":\"https:\\\/\\\/www.webdo.tn\\\/fr\\\/actualite\\\/culture\\\/behind-the-mountains-de-mohamed-ben-attia-a-la-mostra-de-venise\\\/207500\\\/#primaryimage\"},\"thumbnailUrl\":\"https:\\\/\\\/www.webdo.tn\\\/fr\\\/wp-content\\\/uploads\\\/2023\\\/07\\\/3f6bee6843b4fb502bc8d44b75cbd334.jpg\",\"keywords\":[\"Behind the mountains\",\"Mohamed Ben Attia\",\"Mostra de Venise\"],\"articleSection\":[\"Culture\"],\"inLanguage\":\"fr-FR\"},{\"@type\":\"WebPage\",\"@id\":\"https:\\\/\\\/www.webdo.tn\\\/fr\\\/actualite\\\/culture\\\/behind-the-mountains-de-mohamed-ben-attia-a-la-mostra-de-venise\\\/207500\\\/\",\"url\":\"https:\\\/\\\/www.webdo.tn\\\/fr\\\/actualite\\\/culture\\\/behind-the-mountains-de-mohamed-ben-attia-a-la-mostra-de-venise\\\/207500\\\/\",\"name\":\"\u00ab Behind the mountains \u00bb, de Mohamed Ben Attia, \u00e0 la Mostra de Venise\",\"isPartOf\":{\"@id\":\"https:\\\/\\\/www.webdo.tn\\\/fr\\\/#website\"},\"primaryImageOfPage\":{\"@id\":\"https:\\\/\\\/www.webdo.tn\\\/fr\\\/actualite\\\/culture\\\/behind-the-mountains-de-mohamed-ben-attia-a-la-mostra-de-venise\\\/207500\\\/#primaryimage\"},\"image\":{\"@id\":\"https:\\\/\\\/www.webdo.tn\\\/fr\\\/actualite\\\/culture\\\/behind-the-mountains-de-mohamed-ben-attia-a-la-mostra-de-venise\\\/207500\\\/#primaryimage\"},\"thumbnailUrl\":\"https:\\\/\\\/www.webdo.tn\\\/fr\\\/wp-content\\\/uploads\\\/2023\\\/07\\\/3f6bee6843b4fb502bc8d44b75cbd334.jpg\",\"datePublished\":\"2023-07-26T12:18:00+00:00\",\"dateModified\":\"2025-05-20T22:57:04+00:00\",\"description\":\"Le film de notre compatriote Mohamed Ben Attia, \u00ab Behind The Mountains \u00bb (\u00ab Au-del\u00e0 des montagnes \u00bb ou \u00ab Oura El Jbel \u00bb, son titre en arabe), figurera parmi 17...\",\"breadcrumb\":{\"@id\":\"https:\\\/\\\/www.webdo.tn\\\/fr\\\/actualite\\\/culture\\\/behind-the-mountains-de-mohamed-ben-attia-a-la-mostra-de-venise\\\/207500\\\/#breadcrumb\"},\"inLanguage\":\"fr-FR\",\"potentialAction\":[{\"@type\":\"ReadAction\",\"target\":[\"https:\\\/\\\/www.webdo.tn\\\/fr\\\/actualite\\\/culture\\\/behind-the-mountains-de-mohamed-ben-attia-a-la-mostra-de-venise\\\/207500\\\/\"]}]},{\"@type\":\"ImageObject\",\"inLanguage\":\"fr-FR\",\"@id\":\"https:\\\/\\\/www.webdo.tn\\\/fr\\\/actualite\\\/culture\\\/behind-the-mountains-de-mohamed-ben-attia-a-la-mostra-de-venise\\\/207500\\\/#primaryimage\",\"url\":\"https:\\\/\\\/www.webdo.tn\\\/fr\\\/wp-content\\\/uploads\\\/2023\\\/07\\\/3f6bee6843b4fb502bc8d44b75cbd334.jpg\",\"contentUrl\":\"https:\\\/\\\/www.webdo.tn\\\/fr\\\/wp-content\\\/uploads\\\/2023\\\/07\\\/3f6bee6843b4fb502bc8d44b75cbd334.jpg\",\"width\":680,\"height\":363,\"caption\":\"\u00ab Behind the mountains \u00bb, de Mohamed Ben Attia, \u00e0 la Mostra de Venise\"},{\"@type\":\"BreadcrumbList\",\"@id\":\"https:\\\/\\\/www.webdo.tn\\\/fr\\\/actualite\\\/culture\\\/behind-the-mountains-de-mohamed-ben-attia-a-la-mostra-de-venise\\\/207500\\\/#breadcrumb\",\"itemListElement\":[{\"@type\":\"ListItem\",\"position\":1,\"name\":\"Accueil\",\"item\":\"https:\\\/\\\/www.webdo.tn\\\/fr\\\/\"},{\"@type\":\"ListItem\",\"position\":2,\"name\":\"\u00ab Behind the mountains \u00bb, de Mohamed Ben Attia, \u00e0 la Mostra de Venise\"}]},{\"@type\":\"WebSite\",\"@id\":\"https:\\\/\\\/www.webdo.tn\\\/fr\\\/#website\",\"url\":\"https:\\\/\\\/www.webdo.tn\\\/fr\\\/\",\"name\":\"webdo\",\"description\":\"Tunisie - News en Tunisie et \u00e0 l&#039;international sur Webdo.tn\",\"publisher\":{\"@id\":\"https:\\\/\\\/www.webdo.tn\\\/fr\\\/#organization\"},\"potentialAction\":[{\"@type\":\"SearchAction\",\"target\":{\"@type\":\"EntryPoint\",\"urlTemplate\":\"https:\\\/\\\/www.webdo.tn\\\/fr\\\/?s={search_term_string}\"},\"query-input\":{\"@type\":\"PropertyValueSpecification\",\"valueRequired\":true,\"valueName\":\"search_term_string\"}}],\"inLanguage\":\"fr-FR\"},{\"@type\":\"Organization\",\"@id\":\"https:\\\/\\\/www.webdo.tn\\\/fr\\\/#organization\",\"name\":\"Webdo\",\"alternateName\":\"Webdo.tn\",\"url\":\"https:\\\/\\\/www.webdo.tn\\\/fr\\\/\",\"logo\":{\"@type\":\"ImageObject\",\"inLanguage\":\"fr-FR\",\"@id\":\"https:\\\/\\\/www.webdo.tn\\\/fr\\\/#\\\/schema\\\/logo\\\/image\\\/\",\"url\":\"https:\\\/\\\/www.webdo.tn\\\/fr\\\/wp-content\\\/uploads\\\/2025\\\/06\\\/Webdo-Tunisie_168377.jpg\",\"contentUrl\":\"https:\\\/\\\/www.webdo.tn\\\/fr\\\/wp-content\\\/uploads\\\/2025\\\/06\\\/Webdo-Tunisie_168377.jpg\",\"width\":301,\"height\":301,\"caption\":\"Webdo\"},\"image\":{\"@id\":\"https:\\\/\\\/www.webdo.tn\\\/fr\\\/#\\\/schema\\\/logo\\\/image\\\/\"},\"sameAs\":[\"https:\\\/\\\/www.facebook.com\\\/webdotn\",\"https:\\\/\\\/x.com\\\/webdo_tn\"],\"description\":\"Webdo est un m\u00e9dia num\u00e9rique tunisien fond\u00e9 en 2010, sp\u00e9cialis\u00e9 dans l\u2019actualit\u00e9 nationale et internationale, l\u2019\u00e9conomie, la soci\u00e9t\u00e9 et les analyses politiques. Le site s\u2019adresse \u00e0 un large public francophone et couvre l\u2019information tunisienne en temps r\u00e9el.\",\"email\":\"redac@webdo.tn\",\"legalName\":\"YNJ SARL\",\"foundingDate\":\"2010-09-06\",\"numberOfEmployees\":{\"@type\":\"QuantitativeValue\",\"minValue\":\"11\",\"maxValue\":\"50\"}},{\"@type\":\"Person\",\"@id\":\"https:\\\/\\\/www.webdo.tn\\\/fr\\\/#\\\/schema\\\/person\\\/ae999f6cc68c323955dd7bb23b41f2dd\",\"name\":\"WDA\",\"image\":{\"@type\":\"ImageObject\",\"inLanguage\":\"fr-FR\",\"@id\":\"https:\\\/\\\/secure.gravatar.com\\\/avatar\\\/008e9c4da3bbf467e76fbd05ea8a140d6f047be3ff32b495e3a42ecd99d95622?s=96&d=mm&r=g\",\"url\":\"https:\\\/\\\/secure.gravatar.com\\\/avatar\\\/008e9c4da3bbf467e76fbd05ea8a140d6f047be3ff32b495e3a42ecd99d95622?s=96&d=mm&r=g\",\"contentUrl\":\"https:\\\/\\\/secure.gravatar.com\\\/avatar\\\/008e9c4da3bbf467e76fbd05ea8a140d6f047be3ff32b495e3a42ecd99d95622?s=96&d=mm&r=g\",\"caption\":\"WDA\"},\"url\":\"https:\\\/\\\/www.webdo.tn\\\/fr\\\/actualite\\\/author\\\/wda\\\/\"}]}<\/script>\n<!-- \/ Yoast SEO Premium plugin. -->","yoast_head_json":{"title":"\u00ab Behind the mountains \u00bb, de Mohamed Ben Attia, \u00e0 la Mostra de Venise","description":"Le film de notre compatriote Mohamed Ben Attia, \u00ab Behind The Mountains \u00bb (\u00ab Au-del\u00e0 des montagnes \u00bb ou \u00ab Oura El Jbel \u00bb, son titre en arabe), figurera parmi 17...","canonical":"https:\/\/www.webdo.tn\/fr\/actualite\/culture\/behind-the-mountains-de-mohamed-ben-attia-a-la-mostra-de-venise\/207500\/","og_locale":"fr_FR","og_type":"article","og_title":"\u00ab Behind the mountains \u00bb, de Mohamed Ben Attia, \u00e0 la Mostra de Venise","og_description":"Le film de notre compatriote Mohamed Ben Attia, \u00ab Behind The Mountains \u00bb (\u00ab Au-del\u00e0 des montagnes \u00bb ou \u00ab Oura El Jbel \u00bb, son titre en arabe), figurera parmi 17...","og_url":"https:\/\/www.webdo.tn\/fr\/actualite\/culture\/behind-the-mountains-de-mohamed-ben-attia-a-la-mostra-de-venise\/207500\/","og_site_name":"webdo","article_publisher":"https:\/\/www.facebook.com\/webdotn","article_published_time":"2023-07-26T12:18:00+00:00","article_modified_time":"2025-05-20T22:57:04+00:00","og_image":[{"width":680,"height":363,"url":"https:\/\/www.webdo.tn\/fr\/wp-content\/uploads\/2023\/07\/3f6bee6843b4fb502bc8d44b75cbd334.jpg","type":"image\/jpeg"}],"author":"WDA","twitter_card":"summary_large_image","twitter_creator":"@webdo_tn","twitter_site":"@webdo_tn","twitter_misc":{"\u00c9crit par":"WDA","Dur\u00e9e de lecture estim\u00e9e":"1 minute"},"schema":{"@context":"https:\/\/schema.org","@graph":[{"@type":"NewsArticle","@id":"https:\/\/www.webdo.tn\/fr\/actualite\/culture\/behind-the-mountains-de-mohamed-ben-attia-a-la-mostra-de-venise\/207500\/#article","isPartOf":{"@id":"https:\/\/www.webdo.tn\/fr\/actualite\/culture\/behind-the-mountains-de-mohamed-ben-attia-a-la-mostra-de-venise\/207500\/"},"author":{"name":"WDA","@id":"https:\/\/www.webdo.tn\/fr\/#\/schema\/person\/ae999f6cc68c323955dd7bb23b41f2dd"},"headline":"\u00ab Behind the mountains \u00bb, de Mohamed Ben Attia, \u00e0 la Mostra de Venise","datePublished":"2023-07-26T12:18:00+00:00","dateModified":"2025-05-20T22:57:04+00:00","mainEntityOfPage":{"@id":"https:\/\/www.webdo.tn\/fr\/actualite\/culture\/behind-the-mountains-de-mohamed-ben-attia-a-la-mostra-de-venise\/207500\/"},"wordCount":297,"commentCount":0,"publisher":{"@id":"https:\/\/www.webdo.tn\/fr\/#organization"},"image":{"@id":"https:\/\/www.webdo.tn\/fr\/actualite\/culture\/behind-the-mountains-de-mohamed-ben-attia-a-la-mostra-de-venise\/207500\/#primaryimage"},"thumbnailUrl":"https:\/\/www.webdo.tn\/fr\/wp-content\/uploads\/2023\/07\/3f6bee6843b4fb502bc8d44b75cbd334.jpg","keywords":["Behind the mountains","Mohamed Ben Attia","Mostra de Venise"],"articleSection":["Culture"],"inLanguage":"fr-FR"},{"@type":"WebPage","@id":"https:\/\/www.webdo.tn\/fr\/actualite\/culture\/behind-the-mountains-de-mohamed-ben-attia-a-la-mostra-de-venise\/207500\/","url":"https:\/\/www.webdo.tn\/fr\/actualite\/culture\/behind-the-mountains-de-mohamed-ben-attia-a-la-mostra-de-venise\/207500\/","name":"\u00ab Behind the mountains \u00bb, de Mohamed Ben Attia, \u00e0 la Mostra de Venise","isPartOf":{"@id":"https:\/\/www.webdo.tn\/fr\/#website"},"primaryImageOfPage":{"@id":"https:\/\/www.webdo.tn\/fr\/actualite\/culture\/behind-the-mountains-de-mohamed-ben-attia-a-la-mostra-de-venise\/207500\/#primaryimage"},"image":{"@id":"https:\/\/www.webdo.tn\/fr\/actualite\/culture\/behind-the-mountains-de-mohamed-ben-attia-a-la-mostra-de-venise\/207500\/#primaryimage"},"thumbnailUrl":"https:\/\/www.webdo.tn\/fr\/wp-content\/uploads\/2023\/07\/3f6bee6843b4fb502bc8d44b75cbd334.jpg","datePublished":"2023-07-26T12:18:00+00:00","dateModified":"2025-05-20T22:57:04+00:00","description":"Le film de notre compatriote Mohamed Ben Attia, \u00ab Behind The Mountains \u00bb (\u00ab Au-del\u00e0 des montagnes \u00bb ou \u00ab Oura El Jbel \u00bb, son titre en arabe), figurera parmi 17...","breadcrumb":{"@id":"https:\/\/www.webdo.tn\/fr\/actualite\/culture\/behind-the-mountains-de-mohamed-ben-attia-a-la-mostra-de-venise\/207500\/#breadcrumb"},"inLanguage":"fr-FR","potentialAction":[{"@type":"ReadAction","target":["https:\/\/www.webdo.tn\/fr\/actualite\/culture\/behind-the-mountains-de-mohamed-ben-attia-a-la-mostra-de-venise\/207500\/"]}]},{"@type":"ImageObject","inLanguage":"fr-FR","@id":"https:\/\/www.webdo.tn\/fr\/actualite\/culture\/behind-the-mountains-de-mohamed-ben-attia-a-la-mostra-de-venise\/207500\/#primaryimage","url":"https:\/\/www.webdo.tn\/fr\/wp-content\/uploads\/2023\/07\/3f6bee6843b4fb502bc8d44b75cbd334.jpg","contentUrl":"https:\/\/www.webdo.tn\/fr\/wp-content\/uploads\/2023\/07\/3f6bee6843b4fb502bc8d44b75cbd334.jpg","width":680,"height":363,"caption":"\u00ab Behind the mountains \u00bb, de Mohamed Ben Attia, \u00e0 la Mostra de Venise"},{"@type":"BreadcrumbList","@id":"https:\/\/www.webdo.tn\/fr\/actualite\/culture\/behind-the-mountains-de-mohamed-ben-attia-a-la-mostra-de-venise\/207500\/#breadcrumb","itemListElement":[{"@type":"ListItem","position":1,"name":"Accueil","item":"https:\/\/www.webdo.tn\/fr\/"},{"@type":"ListItem","position":2,"name":"\u00ab Behind the mountains \u00bb, de Mohamed Ben Attia, \u00e0 la Mostra de Venise"}]},{"@type":"WebSite","@id":"https:\/\/www.webdo.tn\/fr\/#website","url":"https:\/\/www.webdo.tn\/fr\/","name":"webdo","description":"Tunisie - News en Tunisie et \u00e0 l&#039;international sur Webdo.tn","publisher":{"@id":"https:\/\/www.webdo.tn\/fr\/#organization"},"potentialAction":[{"@type":"SearchAction","target":{"@type":"EntryPoint","urlTemplate":"https:\/\/www.webdo.tn\/fr\/?s={search_term_string}"},"query-input":{"@type":"PropertyValueSpecification","valueRequired":true,"valueName":"search_term_string"}}],"inLanguage":"fr-FR"},{"@type":"Organization","@id":"https:\/\/www.webdo.tn\/fr\/#organization","name":"Webdo","alternateName":"Webdo.tn","url":"https:\/\/www.webdo.tn\/fr\/","logo":{"@type":"ImageObject","inLanguage":"fr-FR","@id":"https:\/\/www.webdo.tn\/fr\/#\/schema\/logo\/image\/","url":"https:\/\/www.webdo.tn\/fr\/wp-content\/uploads\/2025\/06\/Webdo-Tunisie_168377.jpg","contentUrl":"https:\/\/www.webdo.tn\/fr\/wp-content\/uploads\/2025\/06\/Webdo-Tunisie_168377.jpg","width":301,"height":301,"caption":"Webdo"},"image":{"@id":"https:\/\/www.webdo.tn\/fr\/#\/schema\/logo\/image\/"},"sameAs":["https:\/\/www.facebook.com\/webdotn","https:\/\/x.com\/webdo_tn"],"description":"Webdo est un m\u00e9dia num\u00e9rique tunisien fond\u00e9 en 2010, sp\u00e9cialis\u00e9 dans l\u2019actualit\u00e9 nationale et internationale, l\u2019\u00e9conomie, la soci\u00e9t\u00e9 et les analyses politiques. Le site s\u2019adresse \u00e0 un large public francophone et couvre l\u2019information tunisienne en temps r\u00e9el.","email":"redac@webdo.tn","legalName":"YNJ SARL","foundingDate":"2010-09-06","numberOfEmployees":{"@type":"QuantitativeValue","minValue":"11","maxValue":"50"}},{"@type":"Person","@id":"https:\/\/www.webdo.tn\/fr\/#\/schema\/person\/ae999f6cc68c323955dd7bb23b41f2dd","name":"WDA","image":{"@type":"ImageObject","inLanguage":"fr-FR","@id":"https:\/\/secure.gravatar.com\/avatar\/008e9c4da3bbf467e76fbd05ea8a140d6f047be3ff32b495e3a42ecd99d95622?s=96&d=mm&r=g","url":"https:\/\/secure.gravatar.com\/avatar\/008e9c4da3bbf467e76fbd05ea8a140d6f047be3ff32b495e3a42ecd99d95622?s=96&d=mm&r=g","contentUrl":"https:\/\/secure.gravatar.com\/avatar\/008e9c4da3bbf467e76fbd05ea8a140d6f047be3ff32b495e3a42ecd99d95622?s=96&d=mm&r=g","caption":"WDA"},"url":"https:\/\/www.webdo.tn\/fr\/actualite\/author\/wda\/"}]}},"_links":{"self":[{"href":"https:\/\/www.webdo.tn\/fr\/wp-json\/wp\/v2\/posts\/207500","targetHints":{"allow":["GET"]}}],"collection":[{"href":"https:\/\/www.webdo.tn\/fr\/wp-json\/wp\/v2\/posts"}],"about":[{"href":"https:\/\/www.webdo.tn\/fr\/wp-json\/wp\/v2\/types\/post"}],"author":[{"embeddable":true,"href":"https:\/\/www.webdo.tn\/fr\/wp-json\/wp\/v2\/users\/3185"}],"replies":[{"embeddable":true,"href":"https:\/\/www.webdo.tn\/fr\/wp-json\/wp\/v2\/comments?post=207500"}],"version-history":[{"count":0,"href":"https:\/\/www.webdo.tn\/fr\/wp-json\/wp\/v2\/posts\/207500\/revisions"}],"wp:featuredmedia":[{"embeddable":true,"href":"https:\/\/www.webdo.tn\/fr\/wp-json\/wp\/v2\/media\/249694"}],"wp:attachment":[{"href":"https:\/\/www.webdo.tn\/fr\/wp-json\/wp\/v2\/media?parent=207500"}],"wp:term":[{"taxonomy":"category","embeddable":true,"href":"https:\/\/www.webdo.tn\/fr\/wp-json\/wp\/v2\/categories?post=207500"},{"taxonomy":"post_tag","embeddable":true,"href":"https:\/\/www.webdo.tn\/fr\/wp-json\/wp\/v2\/tags?post=207500"}],"curies":[{"name":"wp","href":"https:\/\/api.w.org\/{rel}","templated":true}]}}