{"id":207496,"date":"2023-07-26T11:06:00","date_gmt":"2023-07-26T11:06:00","guid":{"rendered":"https:\/\/www.webdo.tn\/fr\/blog\/puis-je-voyager-en-espagne-avec-un-visa-schengen-delivre-par-la-france\/207496\/"},"modified":"2025-05-20T22:57:55","modified_gmt":"2025-05-20T22:57:55","slug":"puis-je-voyager-en-espagne-avec-un-visa-schengen-delivre-par-la-france","status":"publish","type":"post","link":"https:\/\/www.webdo.tn\/fr\/actualite\/international\/puis-je-voyager-en-espagne-avec-un-visa-schengen-delivre-par-la-france\/207496\/","title":{"rendered":"Puis-je voyager en Espagne avec un visa Schengen d\u00e9livr\u00e9 par la France ?"},"content":{"rendered":"<p>L\u2019une des r\u00e8gles fondamentales de l\u2019espace Schengen stipule que les voyageurs doivent entrer dans la zone par le pays qui a d\u00e9livr\u00e9 leur visa. Cette mesure vise \u00e0 garantir une certaine coh\u00e9rence dans les proc\u00e9dures d\u2019entr\u00e9e et de contr\u00f4le aux fronti\u00e8res.<\/p>\n<p>\t\t\t\t\t\t\t\t\tLe titulaire d\u2019un visa Schengen d\u00e9livr\u00e9 par la France a-t-il la libert\u00e9 d\u2019entrer dans les 27 pays de l\u2019espace Schengen sans passer par la France ?<\/p>\n<p>La r\u00e9ponse est non. En effet, il est obligatoire de choisir le pays qui a \u00e9mis le visa comme premi\u00e8re destination avant de se rendre dans tout autre pays de l\u2019espace Schengen.<\/p>\n<p>Cette exigence s\u2019applique \u00e0 tous les d\u00e9tenteurs de visas Schengen, quel que soit le pays \u00e9metteur du visa. Que vous soyez Tunisien, Marocain, Ivoirien ou Omanais.<\/p>\n<p>L\u2019ambassade du Sultanat d\u2019Oman \u00e0 Berlin a r\u00e9cemment \u00e9mis un avertissement essentiel \u00e0 l\u2019attention de tous les ressortissants omanais titulaires de visas Schengen.<\/p>\n<p>Elle leur a signifi\u00e9 qu\u2019il est obligatoire de choisir le pays qui a \u00e9mis le visa comme premi\u00e8re destination avant de se rendre dans tout autre pays de l\u2019espace Schengen.<\/p>\n<p>En tant que titulaire d\u2019un visa Schengen, il est primordial de respecter cette r\u00e8gle impos\u00e9e par l\u2019Union europ\u00e9enne. Vous devez faire du pays de d\u00e9livrance de votre visa votre premi\u00e8re destination pour pouvoir l\u2019utiliser pleinement et profiter de votre voyage en Europe.<\/p>\n<p>Opter pour le pays de d\u00e9livrance de votre visa Schengen comme point d\u2019entr\u00e9e pr\u00e9sente de nombreux avantages. Tout d\u2019abord, cela facilite vos d\u00e9marches d\u2019entr\u00e9e sur le territoire, car les autorit\u00e9s consulaires sont d\u00e9j\u00e0 famili\u00e8res avec votre dossier.<\/p>\n<p>De plus, cela contribue \u00e0 fluidifier les contr\u00f4les \u00e0 la fronti\u00e8re, vous \u00e9vitant ainsi de potentielles complications lors de votre arriv\u00e9e.<\/p>\n<p>En conclusion, si vous \u00eates d\u00e9tenteur d\u2019un visa Schengen en cours de validit\u00e9, n\u2019oubliez pas de choisir le pays qui a d\u00e9livr\u00e9 votre visa comme premi\u00e8re destination lors de votre voyage en Europe.<\/p>\n","protected":false},"excerpt":{"rendered":"<p>L\u2019une des r\u00e8gles fondamentales de l\u2019espace Schengen stipule que les voyageurs doivent entrer dans la zone par le pays qui a d\u00e9livr\u00e9 leur visa.<\/p>\n","protected":false},"author":3188,"featured_media":249689,"comment_status":"open","ping_status":"closed","sticky":false,"template":"","format":"standard","meta":{"footnotes":""},"categories":[2598],"tags":[3276,2998,6378],"class_list":["post-207496","post","type-post","status-publish","format-standard","has-post-thumbnail","hentry","category-international","tag-espagne","tag-france","tag-visa-schengen"],"yoast_head":"<!-- This site is optimized with the Yoast SEO Premium plugin v27.4 (Yoast SEO v27.5) - https:\/\/yoast.com\/product\/yoast-seo-premium-wordpress\/ -->\n<title>Puis-je voyager en Espagne avec un visa Schengen d\u00e9livr\u00e9 par la France ?<\/title>\n<meta name=\"description\" content=\"L\u2019une des r\u00e8gles fondamentales de l\u2019espace Schengen stipule que les voyageurs doivent entrer dans la zone par le pays qui a d\u00e9livr\u00e9 leur visa.\" \/>\n<link rel=\"canonical\" href=\"https:\/\/www.webdo.tn\/fr\/actualite\/international\/puis-je-voyager-en-espagne-avec-un-visa-schengen-delivre-par-la-france\/207496\/\" \/>\n<meta property=\"og:locale\" content=\"fr_FR\" \/>\n<meta property=\"og:type\" content=\"article\" \/>\n<meta property=\"og:title\" content=\"Puis-je voyager en Espagne avec un visa Schengen d\u00e9livr\u00e9 par la France ?\" \/>\n<meta property=\"og:description\" content=\"L\u2019une des r\u00e8gles fondamentales de l\u2019espace Schengen stipule que les voyageurs doivent entrer dans la zone par le pays qui a d\u00e9livr\u00e9 leur visa.\" \/>\n<meta property=\"og:url\" content=\"https:\/\/www.webdo.tn\/fr\/actualite\/international\/puis-je-voyager-en-espagne-avec-un-visa-schengen-delivre-par-la-france\/207496\/\" \/>\n<meta property=\"og:site_name\" content=\"webdo\" \/>\n<meta property=\"article:publisher\" content=\"https:\/\/www.facebook.com\/webdotn\" \/>\n<meta property=\"article:published_time\" content=\"2023-07-26T11:06:00+00:00\" \/>\n<meta property=\"article:modified_time\" content=\"2025-05-20T22:57:55+00:00\" \/>\n<meta property=\"og:image\" content=\"https:\/\/www.webdo.tn\/fr\/wp-content\/uploads\/2023\/07\/7badd4086a1016a382c98fc4a337543d.jpg\" \/>\n\t<meta property=\"og:image:width\" content=\"750\" \/>\n\t<meta property=\"og:image:height\" content=\"400\" \/>\n\t<meta property=\"og:image:type\" content=\"image\/jpeg\" \/>\n<meta name=\"author\" content=\"Ramzi\" \/>\n<meta name=\"twitter:card\" content=\"summary_large_image\" \/>\n<meta name=\"twitter:creator\" content=\"@webdo_tn\" \/>\n<meta name=\"twitter:site\" content=\"@webdo_tn\" \/>\n<meta name=\"twitter:label1\" content=\"\u00c9crit par\" \/>\n\t<meta name=\"twitter:data1\" content=\"Ramzi\" \/>\n\t<meta name=\"twitter:label2\" content=\"Dur\u00e9e de lecture estim\u00e9e\" \/>\n\t<meta name=\"twitter:data2\" content=\"2 minutes\" \/>\n<script type=\"application\/ld+json\" class=\"yoast-schema-graph\">{\"@context\":\"https:\\\/\\\/schema.org\",\"@graph\":[{\"@type\":\"NewsArticle\",\"@id\":\"https:\\\/\\\/www.webdo.tn\\\/fr\\\/actualite\\\/international\\\/puis-je-voyager-en-espagne-avec-un-visa-schengen-delivre-par-la-france\\\/207496\\\/#article\",\"isPartOf\":{\"@id\":\"https:\\\/\\\/www.webdo.tn\\\/fr\\\/actualite\\\/international\\\/puis-je-voyager-en-espagne-avec-un-visa-schengen-delivre-par-la-france\\\/207496\\\/\"},\"author\":{\"name\":\"Ramzi\",\"@id\":\"https:\\\/\\\/www.webdo.tn\\\/fr\\\/#\\\/schema\\\/person\\\/590cb5f81adcfde6385530fdbdf468e2\"},\"headline\":\"Puis-je voyager en Espagne avec un visa Schengen d\u00e9livr\u00e9 par la France ?\",\"datePublished\":\"2023-07-26T11:06:00+00:00\",\"dateModified\":\"2025-05-20T22:57:55+00:00\",\"mainEntityOfPage\":{\"@id\":\"https:\\\/\\\/www.webdo.tn\\\/fr\\\/actualite\\\/international\\\/puis-je-voyager-en-espagne-avec-un-visa-schengen-delivre-par-la-france\\\/207496\\\/\"},\"wordCount\":369,\"commentCount\":0,\"publisher\":{\"@id\":\"https:\\\/\\\/www.webdo.tn\\\/fr\\\/#organization\"},\"image\":{\"@id\":\"https:\\\/\\\/www.webdo.tn\\\/fr\\\/actualite\\\/international\\\/puis-je-voyager-en-espagne-avec-un-visa-schengen-delivre-par-la-france\\\/207496\\\/#primaryimage\"},\"thumbnailUrl\":\"https:\\\/\\\/www.webdo.tn\\\/fr\\\/wp-content\\\/uploads\\\/2023\\\/07\\\/7badd4086a1016a382c98fc4a337543d.jpg\",\"keywords\":[\"Espagne\",\"france\",\"visa Schengen\"],\"articleSection\":[\"International\"],\"inLanguage\":\"fr-FR\"},{\"@type\":\"WebPage\",\"@id\":\"https:\\\/\\\/www.webdo.tn\\\/fr\\\/actualite\\\/international\\\/puis-je-voyager-en-espagne-avec-un-visa-schengen-delivre-par-la-france\\\/207496\\\/\",\"url\":\"https:\\\/\\\/www.webdo.tn\\\/fr\\\/actualite\\\/international\\\/puis-je-voyager-en-espagne-avec-un-visa-schengen-delivre-par-la-france\\\/207496\\\/\",\"name\":\"Puis-je voyager en Espagne avec un visa Schengen d\u00e9livr\u00e9 par la France ?\",\"isPartOf\":{\"@id\":\"https:\\\/\\\/www.webdo.tn\\\/fr\\\/#website\"},\"primaryImageOfPage\":{\"@id\":\"https:\\\/\\\/www.webdo.tn\\\/fr\\\/actualite\\\/international\\\/puis-je-voyager-en-espagne-avec-un-visa-schengen-delivre-par-la-france\\\/207496\\\/#primaryimage\"},\"image\":{\"@id\":\"https:\\\/\\\/www.webdo.tn\\\/fr\\\/actualite\\\/international\\\/puis-je-voyager-en-espagne-avec-un-visa-schengen-delivre-par-la-france\\\/207496\\\/#primaryimage\"},\"thumbnailUrl\":\"https:\\\/\\\/www.webdo.tn\\\/fr\\\/wp-content\\\/uploads\\\/2023\\\/07\\\/7badd4086a1016a382c98fc4a337543d.jpg\",\"datePublished\":\"2023-07-26T11:06:00+00:00\",\"dateModified\":\"2025-05-20T22:57:55+00:00\",\"description\":\"L\u2019une des r\u00e8gles fondamentales de l\u2019espace Schengen stipule que les voyageurs doivent entrer dans la zone par le pays qui a d\u00e9livr\u00e9 leur visa.\",\"breadcrumb\":{\"@id\":\"https:\\\/\\\/www.webdo.tn\\\/fr\\\/actualite\\\/international\\\/puis-je-voyager-en-espagne-avec-un-visa-schengen-delivre-par-la-france\\\/207496\\\/#breadcrumb\"},\"inLanguage\":\"fr-FR\",\"potentialAction\":[{\"@type\":\"ReadAction\",\"target\":[\"https:\\\/\\\/www.webdo.tn\\\/fr\\\/actualite\\\/international\\\/puis-je-voyager-en-espagne-avec-un-visa-schengen-delivre-par-la-france\\\/207496\\\/\"]}]},{\"@type\":\"ImageObject\",\"inLanguage\":\"fr-FR\",\"@id\":\"https:\\\/\\\/www.webdo.tn\\\/fr\\\/actualite\\\/international\\\/puis-je-voyager-en-espagne-avec-un-visa-schengen-delivre-par-la-france\\\/207496\\\/#primaryimage\",\"url\":\"https:\\\/\\\/www.webdo.tn\\\/fr\\\/wp-content\\\/uploads\\\/2023\\\/07\\\/7badd4086a1016a382c98fc4a337543d.jpg\",\"contentUrl\":\"https:\\\/\\\/www.webdo.tn\\\/fr\\\/wp-content\\\/uploads\\\/2023\\\/07\\\/7badd4086a1016a382c98fc4a337543d.jpg\",\"width\":750,\"height\":400,\"caption\":\"Puis-je voyager en Espagne avec un visa Schengen d\u00e9livr\u00e9 par la France ?\"},{\"@type\":\"BreadcrumbList\",\"@id\":\"https:\\\/\\\/www.webdo.tn\\\/fr\\\/actualite\\\/international\\\/puis-je-voyager-en-espagne-avec-un-visa-schengen-delivre-par-la-france\\\/207496\\\/#breadcrumb\",\"itemListElement\":[{\"@type\":\"ListItem\",\"position\":1,\"name\":\"Accueil\",\"item\":\"https:\\\/\\\/www.webdo.tn\\\/fr\\\/\"},{\"@type\":\"ListItem\",\"position\":2,\"name\":\"Puis-je voyager en Espagne avec un visa Schengen d\u00e9livr\u00e9 par la France ?\"}]},{\"@type\":\"WebSite\",\"@id\":\"https:\\\/\\\/www.webdo.tn\\\/fr\\\/#website\",\"url\":\"https:\\\/\\\/www.webdo.tn\\\/fr\\\/\",\"name\":\"webdo\",\"description\":\"Tunisie - News en Tunisie et \u00e0 l&#039;international sur Webdo.tn\",\"publisher\":{\"@id\":\"https:\\\/\\\/www.webdo.tn\\\/fr\\\/#organization\"},\"potentialAction\":[{\"@type\":\"SearchAction\",\"target\":{\"@type\":\"EntryPoint\",\"urlTemplate\":\"https:\\\/\\\/www.webdo.tn\\\/fr\\\/?s={search_term_string}\"},\"query-input\":{\"@type\":\"PropertyValueSpecification\",\"valueRequired\":true,\"valueName\":\"search_term_string\"}}],\"inLanguage\":\"fr-FR\"},{\"@type\":\"Organization\",\"@id\":\"https:\\\/\\\/www.webdo.tn\\\/fr\\\/#organization\",\"name\":\"Webdo\",\"alternateName\":\"Webdo.tn\",\"url\":\"https:\\\/\\\/www.webdo.tn\\\/fr\\\/\",\"logo\":{\"@type\":\"ImageObject\",\"inLanguage\":\"fr-FR\",\"@id\":\"https:\\\/\\\/www.webdo.tn\\\/fr\\\/#\\\/schema\\\/logo\\\/image\\\/\",\"url\":\"https:\\\/\\\/www.webdo.tn\\\/fr\\\/wp-content\\\/uploads\\\/2025\\\/06\\\/Webdo-Tunisie_168377.jpg\",\"contentUrl\":\"https:\\\/\\\/www.webdo.tn\\\/fr\\\/wp-content\\\/uploads\\\/2025\\\/06\\\/Webdo-Tunisie_168377.jpg\",\"width\":301,\"height\":301,\"caption\":\"Webdo\"},\"image\":{\"@id\":\"https:\\\/\\\/www.webdo.tn\\\/fr\\\/#\\\/schema\\\/logo\\\/image\\\/\"},\"sameAs\":[\"https:\\\/\\\/www.facebook.com\\\/webdotn\",\"https:\\\/\\\/x.com\\\/webdo_tn\"],\"description\":\"Webdo est un m\u00e9dia num\u00e9rique tunisien fond\u00e9 en 2010, sp\u00e9cialis\u00e9 dans l\u2019actualit\u00e9 nationale et internationale, l\u2019\u00e9conomie, la soci\u00e9t\u00e9 et les analyses politiques. Le site s\u2019adresse \u00e0 un large public francophone et couvre l\u2019information tunisienne en temps r\u00e9el.\",\"email\":\"redac@webdo.tn\",\"legalName\":\"YNJ SARL\",\"foundingDate\":\"2010-09-06\",\"numberOfEmployees\":{\"@type\":\"QuantitativeValue\",\"minValue\":\"11\",\"maxValue\":\"50\"}},{\"@type\":\"Person\",\"@id\":\"https:\\\/\\\/www.webdo.tn\\\/fr\\\/#\\\/schema\\\/person\\\/590cb5f81adcfde6385530fdbdf468e2\",\"name\":\"Ramzi\",\"image\":{\"@type\":\"ImageObject\",\"inLanguage\":\"fr-FR\",\"@id\":\"https:\\\/\\\/secure.gravatar.com\\\/avatar\\\/48df7d18915e10cf866ba8e27604c81ff9243fd52704a1d210c3e387e1cb8d87?s=96&d=mm&r=g\",\"url\":\"https:\\\/\\\/secure.gravatar.com\\\/avatar\\\/48df7d18915e10cf866ba8e27604c81ff9243fd52704a1d210c3e387e1cb8d87?s=96&d=mm&r=g\",\"contentUrl\":\"https:\\\/\\\/secure.gravatar.com\\\/avatar\\\/48df7d18915e10cf866ba8e27604c81ff9243fd52704a1d210c3e387e1cb8d87?s=96&d=mm&r=g\",\"caption\":\"Ramzi\"},\"url\":\"https:\\\/\\\/www.webdo.tn\\\/fr\\\/actualite\\\/author\\\/ramzi\\\/\"}]}<\/script>\n<!-- \/ Yoast SEO Premium plugin. -->","yoast_head_json":{"title":"Puis-je voyager en Espagne avec un visa Schengen d\u00e9livr\u00e9 par la France ?","description":"L\u2019une des r\u00e8gles fondamentales de l\u2019espace Schengen stipule que les voyageurs doivent entrer dans la zone par le pays qui a d\u00e9livr\u00e9 leur visa.","canonical":"https:\/\/www.webdo.tn\/fr\/actualite\/international\/puis-je-voyager-en-espagne-avec-un-visa-schengen-delivre-par-la-france\/207496\/","og_locale":"fr_FR","og_type":"article","og_title":"Puis-je voyager en Espagne avec un visa Schengen d\u00e9livr\u00e9 par la France ?","og_description":"L\u2019une des r\u00e8gles fondamentales de l\u2019espace Schengen stipule que les voyageurs doivent entrer dans la zone par le pays qui a d\u00e9livr\u00e9 leur visa.","og_url":"https:\/\/www.webdo.tn\/fr\/actualite\/international\/puis-je-voyager-en-espagne-avec-un-visa-schengen-delivre-par-la-france\/207496\/","og_site_name":"webdo","article_publisher":"https:\/\/www.facebook.com\/webdotn","article_published_time":"2023-07-26T11:06:00+00:00","article_modified_time":"2025-05-20T22:57:55+00:00","og_image":[{"width":750,"height":400,"url":"https:\/\/www.webdo.tn\/fr\/wp-content\/uploads\/2023\/07\/7badd4086a1016a382c98fc4a337543d.jpg","type":"image\/jpeg"}],"author":"Ramzi","twitter_card":"summary_large_image","twitter_creator":"@webdo_tn","twitter_site":"@webdo_tn","twitter_misc":{"\u00c9crit par":"Ramzi","Dur\u00e9e de lecture estim\u00e9e":"2 minutes"},"schema":{"@context":"https:\/\/schema.org","@graph":[{"@type":"NewsArticle","@id":"https:\/\/www.webdo.tn\/fr\/actualite\/international\/puis-je-voyager-en-espagne-avec-un-visa-schengen-delivre-par-la-france\/207496\/#article","isPartOf":{"@id":"https:\/\/www.webdo.tn\/fr\/actualite\/international\/puis-je-voyager-en-espagne-avec-un-visa-schengen-delivre-par-la-france\/207496\/"},"author":{"name":"Ramzi","@id":"https:\/\/www.webdo.tn\/fr\/#\/schema\/person\/590cb5f81adcfde6385530fdbdf468e2"},"headline":"Puis-je voyager en Espagne avec un visa Schengen d\u00e9livr\u00e9 par la France ?","datePublished":"2023-07-26T11:06:00+00:00","dateModified":"2025-05-20T22:57:55+00:00","mainEntityOfPage":{"@id":"https:\/\/www.webdo.tn\/fr\/actualite\/international\/puis-je-voyager-en-espagne-avec-un-visa-schengen-delivre-par-la-france\/207496\/"},"wordCount":369,"commentCount":0,"publisher":{"@id":"https:\/\/www.webdo.tn\/fr\/#organization"},"image":{"@id":"https:\/\/www.webdo.tn\/fr\/actualite\/international\/puis-je-voyager-en-espagne-avec-un-visa-schengen-delivre-par-la-france\/207496\/#primaryimage"},"thumbnailUrl":"https:\/\/www.webdo.tn\/fr\/wp-content\/uploads\/2023\/07\/7badd4086a1016a382c98fc4a337543d.jpg","keywords":["Espagne","france","visa Schengen"],"articleSection":["International"],"inLanguage":"fr-FR"},{"@type":"WebPage","@id":"https:\/\/www.webdo.tn\/fr\/actualite\/international\/puis-je-voyager-en-espagne-avec-un-visa-schengen-delivre-par-la-france\/207496\/","url":"https:\/\/www.webdo.tn\/fr\/actualite\/international\/puis-je-voyager-en-espagne-avec-un-visa-schengen-delivre-par-la-france\/207496\/","name":"Puis-je voyager en Espagne avec un visa Schengen d\u00e9livr\u00e9 par la France ?","isPartOf":{"@id":"https:\/\/www.webdo.tn\/fr\/#website"},"primaryImageOfPage":{"@id":"https:\/\/www.webdo.tn\/fr\/actualite\/international\/puis-je-voyager-en-espagne-avec-un-visa-schengen-delivre-par-la-france\/207496\/#primaryimage"},"image":{"@id":"https:\/\/www.webdo.tn\/fr\/actualite\/international\/puis-je-voyager-en-espagne-avec-un-visa-schengen-delivre-par-la-france\/207496\/#primaryimage"},"thumbnailUrl":"https:\/\/www.webdo.tn\/fr\/wp-content\/uploads\/2023\/07\/7badd4086a1016a382c98fc4a337543d.jpg","datePublished":"2023-07-26T11:06:00+00:00","dateModified":"2025-05-20T22:57:55+00:00","description":"L\u2019une des r\u00e8gles fondamentales de l\u2019espace Schengen stipule que les voyageurs doivent entrer dans la zone par le pays qui a d\u00e9livr\u00e9 leur visa.","breadcrumb":{"@id":"https:\/\/www.webdo.tn\/fr\/actualite\/international\/puis-je-voyager-en-espagne-avec-un-visa-schengen-delivre-par-la-france\/207496\/#breadcrumb"},"inLanguage":"fr-FR","potentialAction":[{"@type":"ReadAction","target":["https:\/\/www.webdo.tn\/fr\/actualite\/international\/puis-je-voyager-en-espagne-avec-un-visa-schengen-delivre-par-la-france\/207496\/"]}]},{"@type":"ImageObject","inLanguage":"fr-FR","@id":"https:\/\/www.webdo.tn\/fr\/actualite\/international\/puis-je-voyager-en-espagne-avec-un-visa-schengen-delivre-par-la-france\/207496\/#primaryimage","url":"https:\/\/www.webdo.tn\/fr\/wp-content\/uploads\/2023\/07\/7badd4086a1016a382c98fc4a337543d.jpg","contentUrl":"https:\/\/www.webdo.tn\/fr\/wp-content\/uploads\/2023\/07\/7badd4086a1016a382c98fc4a337543d.jpg","width":750,"height":400,"caption":"Puis-je voyager en Espagne avec un visa Schengen d\u00e9livr\u00e9 par la France ?"},{"@type":"BreadcrumbList","@id":"https:\/\/www.webdo.tn\/fr\/actualite\/international\/puis-je-voyager-en-espagne-avec-un-visa-schengen-delivre-par-la-france\/207496\/#breadcrumb","itemListElement":[{"@type":"ListItem","position":1,"name":"Accueil","item":"https:\/\/www.webdo.tn\/fr\/"},{"@type":"ListItem","position":2,"name":"Puis-je voyager en Espagne avec un visa Schengen d\u00e9livr\u00e9 par la France ?"}]},{"@type":"WebSite","@id":"https:\/\/www.webdo.tn\/fr\/#website","url":"https:\/\/www.webdo.tn\/fr\/","name":"webdo","description":"Tunisie - News en Tunisie et \u00e0 l&#039;international sur Webdo.tn","publisher":{"@id":"https:\/\/www.webdo.tn\/fr\/#organization"},"potentialAction":[{"@type":"SearchAction","target":{"@type":"EntryPoint","urlTemplate":"https:\/\/www.webdo.tn\/fr\/?s={search_term_string}"},"query-input":{"@type":"PropertyValueSpecification","valueRequired":true,"valueName":"search_term_string"}}],"inLanguage":"fr-FR"},{"@type":"Organization","@id":"https:\/\/www.webdo.tn\/fr\/#organization","name":"Webdo","alternateName":"Webdo.tn","url":"https:\/\/www.webdo.tn\/fr\/","logo":{"@type":"ImageObject","inLanguage":"fr-FR","@id":"https:\/\/www.webdo.tn\/fr\/#\/schema\/logo\/image\/","url":"https:\/\/www.webdo.tn\/fr\/wp-content\/uploads\/2025\/06\/Webdo-Tunisie_168377.jpg","contentUrl":"https:\/\/www.webdo.tn\/fr\/wp-content\/uploads\/2025\/06\/Webdo-Tunisie_168377.jpg","width":301,"height":301,"caption":"Webdo"},"image":{"@id":"https:\/\/www.webdo.tn\/fr\/#\/schema\/logo\/image\/"},"sameAs":["https:\/\/www.facebook.com\/webdotn","https:\/\/x.com\/webdo_tn"],"description":"Webdo est un m\u00e9dia num\u00e9rique tunisien fond\u00e9 en 2010, sp\u00e9cialis\u00e9 dans l\u2019actualit\u00e9 nationale et internationale, l\u2019\u00e9conomie, la soci\u00e9t\u00e9 et les analyses politiques. Le site s\u2019adresse \u00e0 un large public francophone et couvre l\u2019information tunisienne en temps r\u00e9el.","email":"redac@webdo.tn","legalName":"YNJ SARL","foundingDate":"2010-09-06","numberOfEmployees":{"@type":"QuantitativeValue","minValue":"11","maxValue":"50"}},{"@type":"Person","@id":"https:\/\/www.webdo.tn\/fr\/#\/schema\/person\/590cb5f81adcfde6385530fdbdf468e2","name":"Ramzi","image":{"@type":"ImageObject","inLanguage":"fr-FR","@id":"https:\/\/secure.gravatar.com\/avatar\/48df7d18915e10cf866ba8e27604c81ff9243fd52704a1d210c3e387e1cb8d87?s=96&d=mm&r=g","url":"https:\/\/secure.gravatar.com\/avatar\/48df7d18915e10cf866ba8e27604c81ff9243fd52704a1d210c3e387e1cb8d87?s=96&d=mm&r=g","contentUrl":"https:\/\/secure.gravatar.com\/avatar\/48df7d18915e10cf866ba8e27604c81ff9243fd52704a1d210c3e387e1cb8d87?s=96&d=mm&r=g","caption":"Ramzi"},"url":"https:\/\/www.webdo.tn\/fr\/actualite\/author\/ramzi\/"}]}},"_links":{"self":[{"href":"https:\/\/www.webdo.tn\/fr\/wp-json\/wp\/v2\/posts\/207496","targetHints":{"allow":["GET"]}}],"collection":[{"href":"https:\/\/www.webdo.tn\/fr\/wp-json\/wp\/v2\/posts"}],"about":[{"href":"https:\/\/www.webdo.tn\/fr\/wp-json\/wp\/v2\/types\/post"}],"author":[{"embeddable":true,"href":"https:\/\/www.webdo.tn\/fr\/wp-json\/wp\/v2\/users\/3188"}],"replies":[{"embeddable":true,"href":"https:\/\/www.webdo.tn\/fr\/wp-json\/wp\/v2\/comments?post=207496"}],"version-history":[{"count":0,"href":"https:\/\/www.webdo.tn\/fr\/wp-json\/wp\/v2\/posts\/207496\/revisions"}],"wp:featuredmedia":[{"embeddable":true,"href":"https:\/\/www.webdo.tn\/fr\/wp-json\/wp\/v2\/media\/249689"}],"wp:attachment":[{"href":"https:\/\/www.webdo.tn\/fr\/wp-json\/wp\/v2\/media?parent=207496"}],"wp:term":[{"taxonomy":"category","embeddable":true,"href":"https:\/\/www.webdo.tn\/fr\/wp-json\/wp\/v2\/categories?post=207496"},{"taxonomy":"post_tag","embeddable":true,"href":"https:\/\/www.webdo.tn\/fr\/wp-json\/wp\/v2\/tags?post=207496"}],"curies":[{"name":"wp","href":"https:\/\/api.w.org\/{rel}","templated":true}]}}