{"id":207494,"date":"2023-07-26T10:33:00","date_gmt":"2023-07-26T10:33:00","guid":{"rendered":"https:\/\/www.webdo.tn\/fr\/blog\/melloula-huit-foyers-d-incendie-encore-actifs\/207494\/"},"modified":"2025-05-20T21:58:12","modified_gmt":"2025-05-20T21:58:12","slug":"melloula-huit-foyers-d-incendie-encore-actifs","status":"publish","type":"post","link":"https:\/\/www.webdo.tn\/fr\/actualite\/regions\/melloula-huit-foyers-d-incendie-encore-actifs\/207494\/","title":{"rendered":"Melloula : Huit foyers d&rsquo;incendie encore actifs"},"content":{"rendered":"<p>La situation n\u2019est pas encore totalement ma\u00eetris\u00e9e en ce qui concerne les incendies qui se sont d\u00e9clench\u00e9s dans plusieurs gouvernorats.<\/p>\n<p>\t\t\t\t\t\t\t\t\tAu total, 14 incendies se sont d\u00e9clar\u00e9s simultan\u00e9ment dans huit gouvernorats, a fait savoir, ce mercredi 26 juillet, le Colonel-major, Moez Triaa, porte-parole de l&rsquo;Office de la Protection civile.<\/p>\n<p>Dans une d\u00e9claration accord\u00e9e \u00e0 Mosaique fm, il a indiqu\u00e9 que tout est mis en \u0153uvre pour ma\u00eetriser ces 14 incendies sachant que dans certaines r\u00e9gions des poches de feu restent actives comme c&rsquo;est le cas \u00e0 Jendouba et B\u00e9ja. Si certains incendies ont \u00e9t\u00e9 totalement ma\u00eetris\u00e9s, huit incendies sont encore \u00e0 ma\u00eetriser.<\/p>\n<p>Dans ce contexte, la Tunisie a demand\u00e9 \u00e0 ses partenaires de l\u2019Union europ\u00e9enne une aide technique.<\/p>\n<p>Le centre de coordination des op\u00e9rations, \u00e0 Bruxelles, a re\u00e7u une demande d\u2019aide depuis le 18 juillet et l\u2019Espagne a d\u00e9cid\u00e9 d\u2019envoyer une \u00e9quipe logistique, arriv\u00e9e, hier \u00e0 l\u2019a\u00e9roport de Tabarka et ce, en attendant l\u2019arriv\u00e9e de deux avions Canadair sp\u00e9cialis\u00e9s dans la lutte a\u00e9rienne contre les incendies.<\/p>\n","protected":false},"excerpt":{"rendered":"<p>La situation n\u2019est pas encore totalement ma\u00eetris\u00e9e en ce qui concerne les incendies qui se sont d\u00e9clench\u00e9s dans plusieurs gouvernorats.<\/p>\n","protected":false},"author":3162,"featured_media":249688,"comment_status":"open","ping_status":"closed","sticky":false,"template":"","format":"standard","meta":{"footnotes":""},"categories":[2595],"tags":[3089,8166],"class_list":["post-207494","post","type-post","status-publish","format-standard","has-post-thumbnail","hentry","category-regions","tag-incendie","tag-melloula"],"yoast_head":"<!-- This site is optimized with the Yoast SEO Premium plugin v27.5 (Yoast SEO v27.5) - https:\/\/yoast.com\/product\/yoast-seo-premium-wordpress\/ -->\n<title>Melloula : Huit foyers d&#039;incendie encore actifs<\/title>\n<meta name=\"description\" content=\"La situation n\u2019est pas encore totalement ma\u00eetris\u00e9e en ce qui concerne les incendies qui se sont d\u00e9clench\u00e9s dans plusieurs gouvernorats.\" \/>\n<link rel=\"canonical\" href=\"https:\/\/www.webdo.tn\/fr\/actualite\/regions\/melloula-huit-foyers-d-incendie-encore-actifs\/207494\/\" \/>\n<meta property=\"og:locale\" content=\"fr_FR\" \/>\n<meta property=\"og:type\" content=\"article\" \/>\n<meta property=\"og:title\" content=\"Melloula : Huit foyers d&#039;incendie encore actifs\" \/>\n<meta property=\"og:description\" content=\"La situation n\u2019est pas encore totalement ma\u00eetris\u00e9e en ce qui concerne les incendies qui se sont d\u00e9clench\u00e9s dans plusieurs gouvernorats.\" \/>\n<meta property=\"og:url\" content=\"https:\/\/www.webdo.tn\/fr\/actualite\/regions\/melloula-huit-foyers-d-incendie-encore-actifs\/207494\/\" \/>\n<meta property=\"og:site_name\" content=\"webdo\" \/>\n<meta property=\"article:publisher\" content=\"https:\/\/www.facebook.com\/webdotn\" \/>\n<meta property=\"article:published_time\" content=\"2023-07-26T10:33:00+00:00\" \/>\n<meta property=\"article:modified_time\" content=\"2025-05-20T21:58:12+00:00\" \/>\n<meta property=\"og:image\" content=\"https:\/\/www.webdo.tn\/fr\/wp-content\/uploads\/2023\/07\/c108b925c547c59fe12f442689c340e6.jpg\" \/>\n\t<meta property=\"og:image:width\" content=\"619\" \/>\n\t<meta property=\"og:image:height\" content=\"330\" \/>\n\t<meta property=\"og:image:type\" content=\"image\/jpeg\" \/>\n<meta name=\"author\" content=\"MC\" \/>\n<meta name=\"twitter:card\" content=\"summary_large_image\" \/>\n<meta name=\"twitter:creator\" content=\"@webdo_tn\" \/>\n<meta name=\"twitter:site\" content=\"@webdo_tn\" \/>\n<meta name=\"twitter:label1\" content=\"\u00c9crit par\" \/>\n\t<meta name=\"twitter:data1\" content=\"MC\" \/>\n\t<meta name=\"twitter:label2\" content=\"Dur\u00e9e de lecture estim\u00e9e\" \/>\n\t<meta name=\"twitter:data2\" content=\"1 minute\" \/>\n<script type=\"application\/ld+json\" class=\"yoast-schema-graph\">{\"@context\":\"https:\\\/\\\/schema.org\",\"@graph\":[{\"@type\":\"NewsArticle\",\"@id\":\"https:\\\/\\\/www.webdo.tn\\\/fr\\\/actualite\\\/regions\\\/melloula-huit-foyers-d-incendie-encore-actifs\\\/207494\\\/#article\",\"isPartOf\":{\"@id\":\"https:\\\/\\\/www.webdo.tn\\\/fr\\\/actualite\\\/regions\\\/melloula-huit-foyers-d-incendie-encore-actifs\\\/207494\\\/\"},\"author\":{\"name\":\"MC\",\"@id\":\"https:\\\/\\\/www.webdo.tn\\\/fr\\\/#\\\/schema\\\/person\\\/2c4929cbf5a809e3bd38617c6ce150f6\"},\"headline\":\"Melloula : Huit foyers d&rsquo;incendie encore actifs\",\"datePublished\":\"2023-07-26T10:33:00+00:00\",\"dateModified\":\"2025-05-20T21:58:12+00:00\",\"mainEntityOfPage\":{\"@id\":\"https:\\\/\\\/www.webdo.tn\\\/fr\\\/actualite\\\/regions\\\/melloula-huit-foyers-d-incendie-encore-actifs\\\/207494\\\/\"},\"wordCount\":197,\"commentCount\":0,\"publisher\":{\"@id\":\"https:\\\/\\\/www.webdo.tn\\\/fr\\\/#organization\"},\"image\":{\"@id\":\"https:\\\/\\\/www.webdo.tn\\\/fr\\\/actualite\\\/regions\\\/melloula-huit-foyers-d-incendie-encore-actifs\\\/207494\\\/#primaryimage\"},\"thumbnailUrl\":\"https:\\\/\\\/www.webdo.tn\\\/fr\\\/wp-content\\\/uploads\\\/2023\\\/07\\\/c108b925c547c59fe12f442689c340e6.jpg\",\"keywords\":[\"incendie\",\"Melloula\"],\"articleSection\":[\"regions\"],\"inLanguage\":\"fr-FR\"},{\"@type\":\"WebPage\",\"@id\":\"https:\\\/\\\/www.webdo.tn\\\/fr\\\/actualite\\\/regions\\\/melloula-huit-foyers-d-incendie-encore-actifs\\\/207494\\\/\",\"url\":\"https:\\\/\\\/www.webdo.tn\\\/fr\\\/actualite\\\/regions\\\/melloula-huit-foyers-d-incendie-encore-actifs\\\/207494\\\/\",\"name\":\"Melloula : Huit foyers d'incendie encore actifs\",\"isPartOf\":{\"@id\":\"https:\\\/\\\/www.webdo.tn\\\/fr\\\/#website\"},\"primaryImageOfPage\":{\"@id\":\"https:\\\/\\\/www.webdo.tn\\\/fr\\\/actualite\\\/regions\\\/melloula-huit-foyers-d-incendie-encore-actifs\\\/207494\\\/#primaryimage\"},\"image\":{\"@id\":\"https:\\\/\\\/www.webdo.tn\\\/fr\\\/actualite\\\/regions\\\/melloula-huit-foyers-d-incendie-encore-actifs\\\/207494\\\/#primaryimage\"},\"thumbnailUrl\":\"https:\\\/\\\/www.webdo.tn\\\/fr\\\/wp-content\\\/uploads\\\/2023\\\/07\\\/c108b925c547c59fe12f442689c340e6.jpg\",\"datePublished\":\"2023-07-26T10:33:00+00:00\",\"dateModified\":\"2025-05-20T21:58:12+00:00\",\"description\":\"La situation n\u2019est pas encore totalement ma\u00eetris\u00e9e en ce qui concerne les incendies qui se sont d\u00e9clench\u00e9s dans plusieurs gouvernorats.\",\"breadcrumb\":{\"@id\":\"https:\\\/\\\/www.webdo.tn\\\/fr\\\/actualite\\\/regions\\\/melloula-huit-foyers-d-incendie-encore-actifs\\\/207494\\\/#breadcrumb\"},\"inLanguage\":\"fr-FR\",\"potentialAction\":[{\"@type\":\"ReadAction\",\"target\":[\"https:\\\/\\\/www.webdo.tn\\\/fr\\\/actualite\\\/regions\\\/melloula-huit-foyers-d-incendie-encore-actifs\\\/207494\\\/\"]}]},{\"@type\":\"ImageObject\",\"inLanguage\":\"fr-FR\",\"@id\":\"https:\\\/\\\/www.webdo.tn\\\/fr\\\/actualite\\\/regions\\\/melloula-huit-foyers-d-incendie-encore-actifs\\\/207494\\\/#primaryimage\",\"url\":\"https:\\\/\\\/www.webdo.tn\\\/fr\\\/wp-content\\\/uploads\\\/2023\\\/07\\\/c108b925c547c59fe12f442689c340e6.jpg\",\"contentUrl\":\"https:\\\/\\\/www.webdo.tn\\\/fr\\\/wp-content\\\/uploads\\\/2023\\\/07\\\/c108b925c547c59fe12f442689c340e6.jpg\",\"width\":619,\"height\":330,\"caption\":\"Melloula : Huit foyers d'incendie encore actifs\"},{\"@type\":\"BreadcrumbList\",\"@id\":\"https:\\\/\\\/www.webdo.tn\\\/fr\\\/actualite\\\/regions\\\/melloula-huit-foyers-d-incendie-encore-actifs\\\/207494\\\/#breadcrumb\",\"itemListElement\":[{\"@type\":\"ListItem\",\"position\":1,\"name\":\"Accueil\",\"item\":\"https:\\\/\\\/www.webdo.tn\\\/fr\\\/\"},{\"@type\":\"ListItem\",\"position\":2,\"name\":\"Melloula : Huit foyers d&rsquo;incendie encore actifs\"}]},{\"@type\":\"WebSite\",\"@id\":\"https:\\\/\\\/www.webdo.tn\\\/fr\\\/#website\",\"url\":\"https:\\\/\\\/www.webdo.tn\\\/fr\\\/\",\"name\":\"webdo\",\"description\":\"Tunisie - News en Tunisie et \u00e0 l&#039;international sur Webdo.tn\",\"publisher\":{\"@id\":\"https:\\\/\\\/www.webdo.tn\\\/fr\\\/#organization\"},\"potentialAction\":[{\"@type\":\"SearchAction\",\"target\":{\"@type\":\"EntryPoint\",\"urlTemplate\":\"https:\\\/\\\/www.webdo.tn\\\/fr\\\/?s={search_term_string}\"},\"query-input\":{\"@type\":\"PropertyValueSpecification\",\"valueRequired\":true,\"valueName\":\"search_term_string\"}}],\"inLanguage\":\"fr-FR\"},{\"@type\":\"Organization\",\"@id\":\"https:\\\/\\\/www.webdo.tn\\\/fr\\\/#organization\",\"name\":\"Webdo\",\"alternateName\":\"Webdo.tn\",\"url\":\"https:\\\/\\\/www.webdo.tn\\\/fr\\\/\",\"logo\":{\"@type\":\"ImageObject\",\"inLanguage\":\"fr-FR\",\"@id\":\"https:\\\/\\\/www.webdo.tn\\\/fr\\\/#\\\/schema\\\/logo\\\/image\\\/\",\"url\":\"https:\\\/\\\/www.webdo.tn\\\/fr\\\/wp-content\\\/uploads\\\/2025\\\/06\\\/Webdo-Tunisie_168377.jpg\",\"contentUrl\":\"https:\\\/\\\/www.webdo.tn\\\/fr\\\/wp-content\\\/uploads\\\/2025\\\/06\\\/Webdo-Tunisie_168377.jpg\",\"width\":301,\"height\":301,\"caption\":\"Webdo\"},\"image\":{\"@id\":\"https:\\\/\\\/www.webdo.tn\\\/fr\\\/#\\\/schema\\\/logo\\\/image\\\/\"},\"sameAs\":[\"https:\\\/\\\/www.facebook.com\\\/webdotn\",\"https:\\\/\\\/x.com\\\/webdo_tn\"],\"description\":\"Webdo est un m\u00e9dia num\u00e9rique tunisien fond\u00e9 en 2010, sp\u00e9cialis\u00e9 dans l\u2019actualit\u00e9 nationale et internationale, l\u2019\u00e9conomie, la soci\u00e9t\u00e9 et les analyses politiques. Le site s\u2019adresse \u00e0 un large public francophone et couvre l\u2019information tunisienne en temps r\u00e9el.\",\"email\":\"redac@webdo.tn\",\"legalName\":\"YNJ SARL\",\"foundingDate\":\"2010-09-06\",\"numberOfEmployees\":{\"@type\":\"QuantitativeValue\",\"minValue\":\"11\",\"maxValue\":\"50\"}},{\"@type\":\"Person\",\"@id\":\"https:\\\/\\\/www.webdo.tn\\\/fr\\\/#\\\/schema\\\/person\\\/2c4929cbf5a809e3bd38617c6ce150f6\",\"name\":\"MC\",\"image\":{\"@type\":\"ImageObject\",\"inLanguage\":\"fr-FR\",\"@id\":\"https:\\\/\\\/secure.gravatar.com\\\/avatar\\\/a545bbb6f84efdd5553dbbc2895e3ca8f1d12c5215e00a041c9670b54aa9b18a?s=96&d=mm&r=g\",\"url\":\"https:\\\/\\\/secure.gravatar.com\\\/avatar\\\/a545bbb6f84efdd5553dbbc2895e3ca8f1d12c5215e00a041c9670b54aa9b18a?s=96&d=mm&r=g\",\"contentUrl\":\"https:\\\/\\\/secure.gravatar.com\\\/avatar\\\/a545bbb6f84efdd5553dbbc2895e3ca8f1d12c5215e00a041c9670b54aa9b18a?s=96&d=mm&r=g\",\"caption\":\"MC\"},\"url\":\"https:\\\/\\\/www.webdo.tn\\\/fr\\\/actualite\\\/author\\\/mc\\\/\"}]}<\/script>\n<!-- \/ Yoast SEO Premium plugin. -->","yoast_head_json":{"title":"Melloula : Huit foyers d'incendie encore actifs","description":"La situation n\u2019est pas encore totalement ma\u00eetris\u00e9e en ce qui concerne les incendies qui se sont d\u00e9clench\u00e9s dans plusieurs gouvernorats.","canonical":"https:\/\/www.webdo.tn\/fr\/actualite\/regions\/melloula-huit-foyers-d-incendie-encore-actifs\/207494\/","og_locale":"fr_FR","og_type":"article","og_title":"Melloula : Huit foyers d'incendie encore actifs","og_description":"La situation n\u2019est pas encore totalement ma\u00eetris\u00e9e en ce qui concerne les incendies qui se sont d\u00e9clench\u00e9s dans plusieurs gouvernorats.","og_url":"https:\/\/www.webdo.tn\/fr\/actualite\/regions\/melloula-huit-foyers-d-incendie-encore-actifs\/207494\/","og_site_name":"webdo","article_publisher":"https:\/\/www.facebook.com\/webdotn","article_published_time":"2023-07-26T10:33:00+00:00","article_modified_time":"2025-05-20T21:58:12+00:00","og_image":[{"width":619,"height":330,"url":"https:\/\/www.webdo.tn\/fr\/wp-content\/uploads\/2023\/07\/c108b925c547c59fe12f442689c340e6.jpg","type":"image\/jpeg"}],"author":"MC","twitter_card":"summary_large_image","twitter_creator":"@webdo_tn","twitter_site":"@webdo_tn","twitter_misc":{"\u00c9crit par":"MC","Dur\u00e9e de lecture estim\u00e9e":"1 minute"},"schema":{"@context":"https:\/\/schema.org","@graph":[{"@type":"NewsArticle","@id":"https:\/\/www.webdo.tn\/fr\/actualite\/regions\/melloula-huit-foyers-d-incendie-encore-actifs\/207494\/#article","isPartOf":{"@id":"https:\/\/www.webdo.tn\/fr\/actualite\/regions\/melloula-huit-foyers-d-incendie-encore-actifs\/207494\/"},"author":{"name":"MC","@id":"https:\/\/www.webdo.tn\/fr\/#\/schema\/person\/2c4929cbf5a809e3bd38617c6ce150f6"},"headline":"Melloula : Huit foyers d&rsquo;incendie encore actifs","datePublished":"2023-07-26T10:33:00+00:00","dateModified":"2025-05-20T21:58:12+00:00","mainEntityOfPage":{"@id":"https:\/\/www.webdo.tn\/fr\/actualite\/regions\/melloula-huit-foyers-d-incendie-encore-actifs\/207494\/"},"wordCount":197,"commentCount":0,"publisher":{"@id":"https:\/\/www.webdo.tn\/fr\/#organization"},"image":{"@id":"https:\/\/www.webdo.tn\/fr\/actualite\/regions\/melloula-huit-foyers-d-incendie-encore-actifs\/207494\/#primaryimage"},"thumbnailUrl":"https:\/\/www.webdo.tn\/fr\/wp-content\/uploads\/2023\/07\/c108b925c547c59fe12f442689c340e6.jpg","keywords":["incendie","Melloula"],"articleSection":["regions"],"inLanguage":"fr-FR"},{"@type":"WebPage","@id":"https:\/\/www.webdo.tn\/fr\/actualite\/regions\/melloula-huit-foyers-d-incendie-encore-actifs\/207494\/","url":"https:\/\/www.webdo.tn\/fr\/actualite\/regions\/melloula-huit-foyers-d-incendie-encore-actifs\/207494\/","name":"Melloula : Huit foyers d'incendie encore actifs","isPartOf":{"@id":"https:\/\/www.webdo.tn\/fr\/#website"},"primaryImageOfPage":{"@id":"https:\/\/www.webdo.tn\/fr\/actualite\/regions\/melloula-huit-foyers-d-incendie-encore-actifs\/207494\/#primaryimage"},"image":{"@id":"https:\/\/www.webdo.tn\/fr\/actualite\/regions\/melloula-huit-foyers-d-incendie-encore-actifs\/207494\/#primaryimage"},"thumbnailUrl":"https:\/\/www.webdo.tn\/fr\/wp-content\/uploads\/2023\/07\/c108b925c547c59fe12f442689c340e6.jpg","datePublished":"2023-07-26T10:33:00+00:00","dateModified":"2025-05-20T21:58:12+00:00","description":"La situation n\u2019est pas encore totalement ma\u00eetris\u00e9e en ce qui concerne les incendies qui se sont d\u00e9clench\u00e9s dans plusieurs gouvernorats.","breadcrumb":{"@id":"https:\/\/www.webdo.tn\/fr\/actualite\/regions\/melloula-huit-foyers-d-incendie-encore-actifs\/207494\/#breadcrumb"},"inLanguage":"fr-FR","potentialAction":[{"@type":"ReadAction","target":["https:\/\/www.webdo.tn\/fr\/actualite\/regions\/melloula-huit-foyers-d-incendie-encore-actifs\/207494\/"]}]},{"@type":"ImageObject","inLanguage":"fr-FR","@id":"https:\/\/www.webdo.tn\/fr\/actualite\/regions\/melloula-huit-foyers-d-incendie-encore-actifs\/207494\/#primaryimage","url":"https:\/\/www.webdo.tn\/fr\/wp-content\/uploads\/2023\/07\/c108b925c547c59fe12f442689c340e6.jpg","contentUrl":"https:\/\/www.webdo.tn\/fr\/wp-content\/uploads\/2023\/07\/c108b925c547c59fe12f442689c340e6.jpg","width":619,"height":330,"caption":"Melloula : Huit foyers d'incendie encore actifs"},{"@type":"BreadcrumbList","@id":"https:\/\/www.webdo.tn\/fr\/actualite\/regions\/melloula-huit-foyers-d-incendie-encore-actifs\/207494\/#breadcrumb","itemListElement":[{"@type":"ListItem","position":1,"name":"Accueil","item":"https:\/\/www.webdo.tn\/fr\/"},{"@type":"ListItem","position":2,"name":"Melloula : Huit foyers d&rsquo;incendie encore actifs"}]},{"@type":"WebSite","@id":"https:\/\/www.webdo.tn\/fr\/#website","url":"https:\/\/www.webdo.tn\/fr\/","name":"webdo","description":"Tunisie - News en Tunisie et \u00e0 l&#039;international sur Webdo.tn","publisher":{"@id":"https:\/\/www.webdo.tn\/fr\/#organization"},"potentialAction":[{"@type":"SearchAction","target":{"@type":"EntryPoint","urlTemplate":"https:\/\/www.webdo.tn\/fr\/?s={search_term_string}"},"query-input":{"@type":"PropertyValueSpecification","valueRequired":true,"valueName":"search_term_string"}}],"inLanguage":"fr-FR"},{"@type":"Organization","@id":"https:\/\/www.webdo.tn\/fr\/#organization","name":"Webdo","alternateName":"Webdo.tn","url":"https:\/\/www.webdo.tn\/fr\/","logo":{"@type":"ImageObject","inLanguage":"fr-FR","@id":"https:\/\/www.webdo.tn\/fr\/#\/schema\/logo\/image\/","url":"https:\/\/www.webdo.tn\/fr\/wp-content\/uploads\/2025\/06\/Webdo-Tunisie_168377.jpg","contentUrl":"https:\/\/www.webdo.tn\/fr\/wp-content\/uploads\/2025\/06\/Webdo-Tunisie_168377.jpg","width":301,"height":301,"caption":"Webdo"},"image":{"@id":"https:\/\/www.webdo.tn\/fr\/#\/schema\/logo\/image\/"},"sameAs":["https:\/\/www.facebook.com\/webdotn","https:\/\/x.com\/webdo_tn"],"description":"Webdo est un m\u00e9dia num\u00e9rique tunisien fond\u00e9 en 2010, sp\u00e9cialis\u00e9 dans l\u2019actualit\u00e9 nationale et internationale, l\u2019\u00e9conomie, la soci\u00e9t\u00e9 et les analyses politiques. Le site s\u2019adresse \u00e0 un large public francophone et couvre l\u2019information tunisienne en temps r\u00e9el.","email":"redac@webdo.tn","legalName":"YNJ SARL","foundingDate":"2010-09-06","numberOfEmployees":{"@type":"QuantitativeValue","minValue":"11","maxValue":"50"}},{"@type":"Person","@id":"https:\/\/www.webdo.tn\/fr\/#\/schema\/person\/2c4929cbf5a809e3bd38617c6ce150f6","name":"MC","image":{"@type":"ImageObject","inLanguage":"fr-FR","@id":"https:\/\/secure.gravatar.com\/avatar\/a545bbb6f84efdd5553dbbc2895e3ca8f1d12c5215e00a041c9670b54aa9b18a?s=96&d=mm&r=g","url":"https:\/\/secure.gravatar.com\/avatar\/a545bbb6f84efdd5553dbbc2895e3ca8f1d12c5215e00a041c9670b54aa9b18a?s=96&d=mm&r=g","contentUrl":"https:\/\/secure.gravatar.com\/avatar\/a545bbb6f84efdd5553dbbc2895e3ca8f1d12c5215e00a041c9670b54aa9b18a?s=96&d=mm&r=g","caption":"MC"},"url":"https:\/\/www.webdo.tn\/fr\/actualite\/author\/mc\/"}]}},"_links":{"self":[{"href":"https:\/\/www.webdo.tn\/fr\/wp-json\/wp\/v2\/posts\/207494","targetHints":{"allow":["GET"]}}],"collection":[{"href":"https:\/\/www.webdo.tn\/fr\/wp-json\/wp\/v2\/posts"}],"about":[{"href":"https:\/\/www.webdo.tn\/fr\/wp-json\/wp\/v2\/types\/post"}],"author":[{"embeddable":true,"href":"https:\/\/www.webdo.tn\/fr\/wp-json\/wp\/v2\/users\/3162"}],"replies":[{"embeddable":true,"href":"https:\/\/www.webdo.tn\/fr\/wp-json\/wp\/v2\/comments?post=207494"}],"version-history":[{"count":0,"href":"https:\/\/www.webdo.tn\/fr\/wp-json\/wp\/v2\/posts\/207494\/revisions"}],"wp:featuredmedia":[{"embeddable":true,"href":"https:\/\/www.webdo.tn\/fr\/wp-json\/wp\/v2\/media\/249688"}],"wp:attachment":[{"href":"https:\/\/www.webdo.tn\/fr\/wp-json\/wp\/v2\/media?parent=207494"}],"wp:term":[{"taxonomy":"category","embeddable":true,"href":"https:\/\/www.webdo.tn\/fr\/wp-json\/wp\/v2\/categories?post=207494"},{"taxonomy":"post_tag","embeddable":true,"href":"https:\/\/www.webdo.tn\/fr\/wp-json\/wp\/v2\/tags?post=207494"}],"curies":[{"name":"wp","href":"https:\/\/api.w.org\/{rel}","templated":true}]}}