{"id":207474,"date":"2023-07-25T11:42:00","date_gmt":"2023-07-25T11:42:00","guid":{"rendered":"https:\/\/www.webdo.tn\/fr\/blog\/incendies-evacuation-de-plus-de-100-personnes-a-melloula\/207474\/"},"modified":"2025-05-20T22:42:15","modified_gmt":"2025-05-20T22:42:15","slug":"incendies-evacuation-de-plus-de-100-personnes-a-melloula","status":"publish","type":"post","link":"https:\/\/www.webdo.tn\/fr\/actualite\/regions\/incendies-evacuation-de-plus-de-100-personnes-a-melloula\/207474\/","title":{"rendered":"Incendies : Evacuation de plus de 100 personnes \u00e0 Melloula"},"content":{"rendered":"<p>Plus de 150 victimes des incendies d\u00e9clar\u00e9s, hier lundi, dans plusieurs localit\u00e9s de Tabarka dont Melloula Ouled Yahya et Ain Sobh ont \u00e9t\u00e9 pris en charge par l&rsquo;h\u00f4pital r\u00e9gional de Tabarka, a fait savoir la directrice r\u00e9gionale de la sant\u00e9 \u00e0 Jendouba Khaouther Nahdi.<\/p>\n<p>\t\t\t\t\t\t\t\t\tSelon la m\u00eame source, plus de 100 personnes des habitants de Melloula ont \u00e9t\u00e9 \u00e9vacu\u00e9es hier soir apr\u00e8s la propagation du feu vers les habitations.<\/p>\n<p>Les autorit\u00e9s r\u00e9gionales et locales onth\u00e9berg\u00e9 les sinistr\u00e9s dans des centres priv\u00e9s, a indiqu\u00e9 le premier d\u00e9l\u00e9gu\u00e9 Taieb Dridi.<\/p>\n<p>Parall\u00e8lement au reprise des flammes, les autorit\u00e9s r\u00e9gionales ont ferm\u00e9 le poste frontalier de Melloula apr\u00e8s sa r\u00e9ouverture jeudi 20 juillet dernier.<\/p>\n<p>Les unit\u00e9s de la protection civile et militaire poursuivent leurs efforts avec le soutien des habitants locaux pour maitriser les incendies.<\/p>\n","protected":false},"excerpt":{"rendered":"<p>Plus de 150 victimes des incendies d\u00e9clar\u00e9s, hier lundi, dans plusieurs localit\u00e9s de Tabarka dont Melloula Ouled Yahya et Ain Sobh ont \u00e9t\u00e9 pris en charge par l&rsquo;&#8230;<\/p>\n","protected":false},"author":3175,"featured_media":249709,"comment_status":"open","ping_status":"closed","sticky":false,"template":"","format":"standard","meta":{"footnotes":""},"categories":[2595],"tags":[8021,8166,2608],"class_list":["post-207474","post","type-post","status-publish","format-standard","has-post-thumbnail","hentry","category-regions","tag-incendies","tag-melloula","tag-tunisie"],"yoast_head":"<!-- This site is optimized with the Yoast SEO Premium plugin v27.5 (Yoast SEO v27.5) - https:\/\/yoast.com\/product\/yoast-seo-premium-wordpress\/ -->\n<title>Incendies : Evacuation de plus de 100 personnes \u00e0 Melloula<\/title>\n<meta name=\"description\" content=\"Plus de 150 victimes des incendies d\u00e9clar\u00e9s, hier lundi, dans plusieurs localit\u00e9s de Tabarka dont Melloula Ouled Yahya et Ain Sobh ont \u00e9t\u00e9 pris en charge par l&#039;...\" \/>\n<link rel=\"canonical\" href=\"https:\/\/www.webdo.tn\/fr\/actualite\/regions\/incendies-evacuation-de-plus-de-100-personnes-a-melloula\/207474\/\" \/>\n<meta property=\"og:locale\" content=\"fr_FR\" \/>\n<meta property=\"og:type\" content=\"article\" \/>\n<meta property=\"og:title\" content=\"Incendies : Evacuation de plus de 100 personnes \u00e0 Melloula\" \/>\n<meta property=\"og:description\" content=\"Plus de 150 victimes des incendies d\u00e9clar\u00e9s, hier lundi, dans plusieurs localit\u00e9s de Tabarka dont Melloula Ouled Yahya et Ain Sobh ont \u00e9t\u00e9 pris en charge par l&#039;...\" \/>\n<meta property=\"og:url\" content=\"https:\/\/www.webdo.tn\/fr\/actualite\/regions\/incendies-evacuation-de-plus-de-100-personnes-a-melloula\/207474\/\" \/>\n<meta property=\"og:site_name\" content=\"webdo\" \/>\n<meta property=\"article:publisher\" content=\"https:\/\/www.facebook.com\/webdotn\" \/>\n<meta property=\"article:published_time\" content=\"2023-07-25T11:42:00+00:00\" \/>\n<meta property=\"article:modified_time\" content=\"2025-05-20T22:42:15+00:00\" \/>\n<meta property=\"og:image\" content=\"https:\/\/www.webdo.tn\/fr\/wp-content\/uploads\/2023\/07\/557bd120a264fb9c7ddfbe9e4af8360f.jpg\" \/>\n\t<meta property=\"og:image:width\" content=\"600\" \/>\n\t<meta property=\"og:image:height\" content=\"320\" \/>\n\t<meta property=\"og:image:type\" content=\"image\/jpeg\" \/>\n<meta name=\"author\" content=\"CL\" \/>\n<meta name=\"twitter:card\" content=\"summary_large_image\" \/>\n<meta name=\"twitter:creator\" content=\"@webdo_tn\" \/>\n<meta name=\"twitter:site\" content=\"@webdo_tn\" \/>\n<meta name=\"twitter:label1\" content=\"\u00c9crit par\" \/>\n\t<meta name=\"twitter:data1\" content=\"CL\" \/>\n\t<meta name=\"twitter:label2\" content=\"Dur\u00e9e de lecture estim\u00e9e\" \/>\n\t<meta name=\"twitter:data2\" content=\"1 minute\" \/>\n<script type=\"application\/ld+json\" class=\"yoast-schema-graph\">{\"@context\":\"https:\\\/\\\/schema.org\",\"@graph\":[{\"@type\":\"NewsArticle\",\"@id\":\"https:\\\/\\\/www.webdo.tn\\\/fr\\\/actualite\\\/regions\\\/incendies-evacuation-de-plus-de-100-personnes-a-melloula\\\/207474\\\/#article\",\"isPartOf\":{\"@id\":\"https:\\\/\\\/www.webdo.tn\\\/fr\\\/actualite\\\/regions\\\/incendies-evacuation-de-plus-de-100-personnes-a-melloula\\\/207474\\\/\"},\"author\":{\"name\":\"CL\",\"@id\":\"https:\\\/\\\/www.webdo.tn\\\/fr\\\/#\\\/schema\\\/person\\\/f35b42a42c5e2511bbd282959d6385cc\"},\"headline\":\"Incendies : Evacuation de plus de 100 personnes \u00e0 Melloula\",\"datePublished\":\"2023-07-25T11:42:00+00:00\",\"dateModified\":\"2025-05-20T22:42:15+00:00\",\"mainEntityOfPage\":{\"@id\":\"https:\\\/\\\/www.webdo.tn\\\/fr\\\/actualite\\\/regions\\\/incendies-evacuation-de-plus-de-100-personnes-a-melloula\\\/207474\\\/\"},\"wordCount\":157,\"commentCount\":0,\"publisher\":{\"@id\":\"https:\\\/\\\/www.webdo.tn\\\/fr\\\/#organization\"},\"image\":{\"@id\":\"https:\\\/\\\/www.webdo.tn\\\/fr\\\/actualite\\\/regions\\\/incendies-evacuation-de-plus-de-100-personnes-a-melloula\\\/207474\\\/#primaryimage\"},\"thumbnailUrl\":\"https:\\\/\\\/www.webdo.tn\\\/fr\\\/wp-content\\\/uploads\\\/2023\\\/07\\\/557bd120a264fb9c7ddfbe9e4af8360f.jpg\",\"keywords\":[\"Incendies\",\"Melloula\",\"Tunisie\"],\"articleSection\":[\"regions\"],\"inLanguage\":\"fr-FR\"},{\"@type\":\"WebPage\",\"@id\":\"https:\\\/\\\/www.webdo.tn\\\/fr\\\/actualite\\\/regions\\\/incendies-evacuation-de-plus-de-100-personnes-a-melloula\\\/207474\\\/\",\"url\":\"https:\\\/\\\/www.webdo.tn\\\/fr\\\/actualite\\\/regions\\\/incendies-evacuation-de-plus-de-100-personnes-a-melloula\\\/207474\\\/\",\"name\":\"Incendies : Evacuation de plus de 100 personnes \u00e0 Melloula\",\"isPartOf\":{\"@id\":\"https:\\\/\\\/www.webdo.tn\\\/fr\\\/#website\"},\"primaryImageOfPage\":{\"@id\":\"https:\\\/\\\/www.webdo.tn\\\/fr\\\/actualite\\\/regions\\\/incendies-evacuation-de-plus-de-100-personnes-a-melloula\\\/207474\\\/#primaryimage\"},\"image\":{\"@id\":\"https:\\\/\\\/www.webdo.tn\\\/fr\\\/actualite\\\/regions\\\/incendies-evacuation-de-plus-de-100-personnes-a-melloula\\\/207474\\\/#primaryimage\"},\"thumbnailUrl\":\"https:\\\/\\\/www.webdo.tn\\\/fr\\\/wp-content\\\/uploads\\\/2023\\\/07\\\/557bd120a264fb9c7ddfbe9e4af8360f.jpg\",\"datePublished\":\"2023-07-25T11:42:00+00:00\",\"dateModified\":\"2025-05-20T22:42:15+00:00\",\"description\":\"Plus de 150 victimes des incendies d\u00e9clar\u00e9s, hier lundi, dans plusieurs localit\u00e9s de Tabarka dont Melloula Ouled Yahya et Ain Sobh ont \u00e9t\u00e9 pris en charge par l'...\",\"breadcrumb\":{\"@id\":\"https:\\\/\\\/www.webdo.tn\\\/fr\\\/actualite\\\/regions\\\/incendies-evacuation-de-plus-de-100-personnes-a-melloula\\\/207474\\\/#breadcrumb\"},\"inLanguage\":\"fr-FR\",\"potentialAction\":[{\"@type\":\"ReadAction\",\"target\":[\"https:\\\/\\\/www.webdo.tn\\\/fr\\\/actualite\\\/regions\\\/incendies-evacuation-de-plus-de-100-personnes-a-melloula\\\/207474\\\/\"]}]},{\"@type\":\"ImageObject\",\"inLanguage\":\"fr-FR\",\"@id\":\"https:\\\/\\\/www.webdo.tn\\\/fr\\\/actualite\\\/regions\\\/incendies-evacuation-de-plus-de-100-personnes-a-melloula\\\/207474\\\/#primaryimage\",\"url\":\"https:\\\/\\\/www.webdo.tn\\\/fr\\\/wp-content\\\/uploads\\\/2023\\\/07\\\/557bd120a264fb9c7ddfbe9e4af8360f.jpg\",\"contentUrl\":\"https:\\\/\\\/www.webdo.tn\\\/fr\\\/wp-content\\\/uploads\\\/2023\\\/07\\\/557bd120a264fb9c7ddfbe9e4af8360f.jpg\",\"width\":600,\"height\":320,\"caption\":\"Incendies : Evacuation de plus de 100 personnes \u00e0 Melloula\"},{\"@type\":\"BreadcrumbList\",\"@id\":\"https:\\\/\\\/www.webdo.tn\\\/fr\\\/actualite\\\/regions\\\/incendies-evacuation-de-plus-de-100-personnes-a-melloula\\\/207474\\\/#breadcrumb\",\"itemListElement\":[{\"@type\":\"ListItem\",\"position\":1,\"name\":\"Accueil\",\"item\":\"https:\\\/\\\/www.webdo.tn\\\/fr\\\/\"},{\"@type\":\"ListItem\",\"position\":2,\"name\":\"Incendies : Evacuation de plus de 100 personnes \u00e0 Melloula\"}]},{\"@type\":\"WebSite\",\"@id\":\"https:\\\/\\\/www.webdo.tn\\\/fr\\\/#website\",\"url\":\"https:\\\/\\\/www.webdo.tn\\\/fr\\\/\",\"name\":\"webdo\",\"description\":\"Tunisie - News en Tunisie et \u00e0 l&#039;international sur Webdo.tn\",\"publisher\":{\"@id\":\"https:\\\/\\\/www.webdo.tn\\\/fr\\\/#organization\"},\"potentialAction\":[{\"@type\":\"SearchAction\",\"target\":{\"@type\":\"EntryPoint\",\"urlTemplate\":\"https:\\\/\\\/www.webdo.tn\\\/fr\\\/?s={search_term_string}\"},\"query-input\":{\"@type\":\"PropertyValueSpecification\",\"valueRequired\":true,\"valueName\":\"search_term_string\"}}],\"inLanguage\":\"fr-FR\"},{\"@type\":\"Organization\",\"@id\":\"https:\\\/\\\/www.webdo.tn\\\/fr\\\/#organization\",\"name\":\"Webdo\",\"alternateName\":\"Webdo.tn\",\"url\":\"https:\\\/\\\/www.webdo.tn\\\/fr\\\/\",\"logo\":{\"@type\":\"ImageObject\",\"inLanguage\":\"fr-FR\",\"@id\":\"https:\\\/\\\/www.webdo.tn\\\/fr\\\/#\\\/schema\\\/logo\\\/image\\\/\",\"url\":\"https:\\\/\\\/www.webdo.tn\\\/fr\\\/wp-content\\\/uploads\\\/2025\\\/06\\\/Webdo-Tunisie_168377.jpg\",\"contentUrl\":\"https:\\\/\\\/www.webdo.tn\\\/fr\\\/wp-content\\\/uploads\\\/2025\\\/06\\\/Webdo-Tunisie_168377.jpg\",\"width\":301,\"height\":301,\"caption\":\"Webdo\"},\"image\":{\"@id\":\"https:\\\/\\\/www.webdo.tn\\\/fr\\\/#\\\/schema\\\/logo\\\/image\\\/\"},\"sameAs\":[\"https:\\\/\\\/www.facebook.com\\\/webdotn\",\"https:\\\/\\\/x.com\\\/webdo_tn\"],\"description\":\"Webdo est un m\u00e9dia num\u00e9rique tunisien fond\u00e9 en 2010, sp\u00e9cialis\u00e9 dans l\u2019actualit\u00e9 nationale et internationale, l\u2019\u00e9conomie, la soci\u00e9t\u00e9 et les analyses politiques. Le site s\u2019adresse \u00e0 un large public francophone et couvre l\u2019information tunisienne en temps r\u00e9el.\",\"email\":\"redac@webdo.tn\",\"legalName\":\"YNJ SARL\",\"foundingDate\":\"2010-09-06\",\"numberOfEmployees\":{\"@type\":\"QuantitativeValue\",\"minValue\":\"11\",\"maxValue\":\"50\"}},{\"@type\":\"Person\",\"@id\":\"https:\\\/\\\/www.webdo.tn\\\/fr\\\/#\\\/schema\\\/person\\\/f35b42a42c5e2511bbd282959d6385cc\",\"name\":\"CL\",\"image\":{\"@type\":\"ImageObject\",\"inLanguage\":\"fr-FR\",\"@id\":\"https:\\\/\\\/secure.gravatar.com\\\/avatar\\\/1447a49909b67aa657c488aec6512e1dd6143a480c1ecfee9b5b5cd74eb3b59e?s=96&d=mm&r=g\",\"url\":\"https:\\\/\\\/secure.gravatar.com\\\/avatar\\\/1447a49909b67aa657c488aec6512e1dd6143a480c1ecfee9b5b5cd74eb3b59e?s=96&d=mm&r=g\",\"contentUrl\":\"https:\\\/\\\/secure.gravatar.com\\\/avatar\\\/1447a49909b67aa657c488aec6512e1dd6143a480c1ecfee9b5b5cd74eb3b59e?s=96&d=mm&r=g\",\"caption\":\"CL\"},\"url\":\"https:\\\/\\\/www.webdo.tn\\\/fr\\\/actualite\\\/author\\\/cl\\\/\"}]}<\/script>\n<!-- \/ Yoast SEO Premium plugin. -->","yoast_head_json":{"title":"Incendies : Evacuation de plus de 100 personnes \u00e0 Melloula","description":"Plus de 150 victimes des incendies d\u00e9clar\u00e9s, hier lundi, dans plusieurs localit\u00e9s de Tabarka dont Melloula Ouled Yahya et Ain Sobh ont \u00e9t\u00e9 pris en charge par l'...","canonical":"https:\/\/www.webdo.tn\/fr\/actualite\/regions\/incendies-evacuation-de-plus-de-100-personnes-a-melloula\/207474\/","og_locale":"fr_FR","og_type":"article","og_title":"Incendies : Evacuation de plus de 100 personnes \u00e0 Melloula","og_description":"Plus de 150 victimes des incendies d\u00e9clar\u00e9s, hier lundi, dans plusieurs localit\u00e9s de Tabarka dont Melloula Ouled Yahya et Ain Sobh ont \u00e9t\u00e9 pris en charge par l'...","og_url":"https:\/\/www.webdo.tn\/fr\/actualite\/regions\/incendies-evacuation-de-plus-de-100-personnes-a-melloula\/207474\/","og_site_name":"webdo","article_publisher":"https:\/\/www.facebook.com\/webdotn","article_published_time":"2023-07-25T11:42:00+00:00","article_modified_time":"2025-05-20T22:42:15+00:00","og_image":[{"width":600,"height":320,"url":"https:\/\/www.webdo.tn\/fr\/wp-content\/uploads\/2023\/07\/557bd120a264fb9c7ddfbe9e4af8360f.jpg","type":"image\/jpeg"}],"author":"CL","twitter_card":"summary_large_image","twitter_creator":"@webdo_tn","twitter_site":"@webdo_tn","twitter_misc":{"\u00c9crit par":"CL","Dur\u00e9e de lecture estim\u00e9e":"1 minute"},"schema":{"@context":"https:\/\/schema.org","@graph":[{"@type":"NewsArticle","@id":"https:\/\/www.webdo.tn\/fr\/actualite\/regions\/incendies-evacuation-de-plus-de-100-personnes-a-melloula\/207474\/#article","isPartOf":{"@id":"https:\/\/www.webdo.tn\/fr\/actualite\/regions\/incendies-evacuation-de-plus-de-100-personnes-a-melloula\/207474\/"},"author":{"name":"CL","@id":"https:\/\/www.webdo.tn\/fr\/#\/schema\/person\/f35b42a42c5e2511bbd282959d6385cc"},"headline":"Incendies : Evacuation de plus de 100 personnes \u00e0 Melloula","datePublished":"2023-07-25T11:42:00+00:00","dateModified":"2025-05-20T22:42:15+00:00","mainEntityOfPage":{"@id":"https:\/\/www.webdo.tn\/fr\/actualite\/regions\/incendies-evacuation-de-plus-de-100-personnes-a-melloula\/207474\/"},"wordCount":157,"commentCount":0,"publisher":{"@id":"https:\/\/www.webdo.tn\/fr\/#organization"},"image":{"@id":"https:\/\/www.webdo.tn\/fr\/actualite\/regions\/incendies-evacuation-de-plus-de-100-personnes-a-melloula\/207474\/#primaryimage"},"thumbnailUrl":"https:\/\/www.webdo.tn\/fr\/wp-content\/uploads\/2023\/07\/557bd120a264fb9c7ddfbe9e4af8360f.jpg","keywords":["Incendies","Melloula","Tunisie"],"articleSection":["regions"],"inLanguage":"fr-FR"},{"@type":"WebPage","@id":"https:\/\/www.webdo.tn\/fr\/actualite\/regions\/incendies-evacuation-de-plus-de-100-personnes-a-melloula\/207474\/","url":"https:\/\/www.webdo.tn\/fr\/actualite\/regions\/incendies-evacuation-de-plus-de-100-personnes-a-melloula\/207474\/","name":"Incendies : Evacuation de plus de 100 personnes \u00e0 Melloula","isPartOf":{"@id":"https:\/\/www.webdo.tn\/fr\/#website"},"primaryImageOfPage":{"@id":"https:\/\/www.webdo.tn\/fr\/actualite\/regions\/incendies-evacuation-de-plus-de-100-personnes-a-melloula\/207474\/#primaryimage"},"image":{"@id":"https:\/\/www.webdo.tn\/fr\/actualite\/regions\/incendies-evacuation-de-plus-de-100-personnes-a-melloula\/207474\/#primaryimage"},"thumbnailUrl":"https:\/\/www.webdo.tn\/fr\/wp-content\/uploads\/2023\/07\/557bd120a264fb9c7ddfbe9e4af8360f.jpg","datePublished":"2023-07-25T11:42:00+00:00","dateModified":"2025-05-20T22:42:15+00:00","description":"Plus de 150 victimes des incendies d\u00e9clar\u00e9s, hier lundi, dans plusieurs localit\u00e9s de Tabarka dont Melloula Ouled Yahya et Ain Sobh ont \u00e9t\u00e9 pris en charge par l'...","breadcrumb":{"@id":"https:\/\/www.webdo.tn\/fr\/actualite\/regions\/incendies-evacuation-de-plus-de-100-personnes-a-melloula\/207474\/#breadcrumb"},"inLanguage":"fr-FR","potentialAction":[{"@type":"ReadAction","target":["https:\/\/www.webdo.tn\/fr\/actualite\/regions\/incendies-evacuation-de-plus-de-100-personnes-a-melloula\/207474\/"]}]},{"@type":"ImageObject","inLanguage":"fr-FR","@id":"https:\/\/www.webdo.tn\/fr\/actualite\/regions\/incendies-evacuation-de-plus-de-100-personnes-a-melloula\/207474\/#primaryimage","url":"https:\/\/www.webdo.tn\/fr\/wp-content\/uploads\/2023\/07\/557bd120a264fb9c7ddfbe9e4af8360f.jpg","contentUrl":"https:\/\/www.webdo.tn\/fr\/wp-content\/uploads\/2023\/07\/557bd120a264fb9c7ddfbe9e4af8360f.jpg","width":600,"height":320,"caption":"Incendies : Evacuation de plus de 100 personnes \u00e0 Melloula"},{"@type":"BreadcrumbList","@id":"https:\/\/www.webdo.tn\/fr\/actualite\/regions\/incendies-evacuation-de-plus-de-100-personnes-a-melloula\/207474\/#breadcrumb","itemListElement":[{"@type":"ListItem","position":1,"name":"Accueil","item":"https:\/\/www.webdo.tn\/fr\/"},{"@type":"ListItem","position":2,"name":"Incendies : Evacuation de plus de 100 personnes \u00e0 Melloula"}]},{"@type":"WebSite","@id":"https:\/\/www.webdo.tn\/fr\/#website","url":"https:\/\/www.webdo.tn\/fr\/","name":"webdo","description":"Tunisie - News en Tunisie et \u00e0 l&#039;international sur Webdo.tn","publisher":{"@id":"https:\/\/www.webdo.tn\/fr\/#organization"},"potentialAction":[{"@type":"SearchAction","target":{"@type":"EntryPoint","urlTemplate":"https:\/\/www.webdo.tn\/fr\/?s={search_term_string}"},"query-input":{"@type":"PropertyValueSpecification","valueRequired":true,"valueName":"search_term_string"}}],"inLanguage":"fr-FR"},{"@type":"Organization","@id":"https:\/\/www.webdo.tn\/fr\/#organization","name":"Webdo","alternateName":"Webdo.tn","url":"https:\/\/www.webdo.tn\/fr\/","logo":{"@type":"ImageObject","inLanguage":"fr-FR","@id":"https:\/\/www.webdo.tn\/fr\/#\/schema\/logo\/image\/","url":"https:\/\/www.webdo.tn\/fr\/wp-content\/uploads\/2025\/06\/Webdo-Tunisie_168377.jpg","contentUrl":"https:\/\/www.webdo.tn\/fr\/wp-content\/uploads\/2025\/06\/Webdo-Tunisie_168377.jpg","width":301,"height":301,"caption":"Webdo"},"image":{"@id":"https:\/\/www.webdo.tn\/fr\/#\/schema\/logo\/image\/"},"sameAs":["https:\/\/www.facebook.com\/webdotn","https:\/\/x.com\/webdo_tn"],"description":"Webdo est un m\u00e9dia num\u00e9rique tunisien fond\u00e9 en 2010, sp\u00e9cialis\u00e9 dans l\u2019actualit\u00e9 nationale et internationale, l\u2019\u00e9conomie, la soci\u00e9t\u00e9 et les analyses politiques. Le site s\u2019adresse \u00e0 un large public francophone et couvre l\u2019information tunisienne en temps r\u00e9el.","email":"redac@webdo.tn","legalName":"YNJ SARL","foundingDate":"2010-09-06","numberOfEmployees":{"@type":"QuantitativeValue","minValue":"11","maxValue":"50"}},{"@type":"Person","@id":"https:\/\/www.webdo.tn\/fr\/#\/schema\/person\/f35b42a42c5e2511bbd282959d6385cc","name":"CL","image":{"@type":"ImageObject","inLanguage":"fr-FR","@id":"https:\/\/secure.gravatar.com\/avatar\/1447a49909b67aa657c488aec6512e1dd6143a480c1ecfee9b5b5cd74eb3b59e?s=96&d=mm&r=g","url":"https:\/\/secure.gravatar.com\/avatar\/1447a49909b67aa657c488aec6512e1dd6143a480c1ecfee9b5b5cd74eb3b59e?s=96&d=mm&r=g","contentUrl":"https:\/\/secure.gravatar.com\/avatar\/1447a49909b67aa657c488aec6512e1dd6143a480c1ecfee9b5b5cd74eb3b59e?s=96&d=mm&r=g","caption":"CL"},"url":"https:\/\/www.webdo.tn\/fr\/actualite\/author\/cl\/"}]}},"_links":{"self":[{"href":"https:\/\/www.webdo.tn\/fr\/wp-json\/wp\/v2\/posts\/207474","targetHints":{"allow":["GET"]}}],"collection":[{"href":"https:\/\/www.webdo.tn\/fr\/wp-json\/wp\/v2\/posts"}],"about":[{"href":"https:\/\/www.webdo.tn\/fr\/wp-json\/wp\/v2\/types\/post"}],"author":[{"embeddable":true,"href":"https:\/\/www.webdo.tn\/fr\/wp-json\/wp\/v2\/users\/3175"}],"replies":[{"embeddable":true,"href":"https:\/\/www.webdo.tn\/fr\/wp-json\/wp\/v2\/comments?post=207474"}],"version-history":[{"count":0,"href":"https:\/\/www.webdo.tn\/fr\/wp-json\/wp\/v2\/posts\/207474\/revisions"}],"wp:featuredmedia":[{"embeddable":true,"href":"https:\/\/www.webdo.tn\/fr\/wp-json\/wp\/v2\/media\/249709"}],"wp:attachment":[{"href":"https:\/\/www.webdo.tn\/fr\/wp-json\/wp\/v2\/media?parent=207474"}],"wp:term":[{"taxonomy":"category","embeddable":true,"href":"https:\/\/www.webdo.tn\/fr\/wp-json\/wp\/v2\/categories?post=207474"},{"taxonomy":"post_tag","embeddable":true,"href":"https:\/\/www.webdo.tn\/fr\/wp-json\/wp\/v2\/tags?post=207474"}],"curies":[{"name":"wp","href":"https:\/\/api.w.org\/{rel}","templated":true}]}}