{"id":207473,"date":"2023-07-25T11:00:00","date_gmt":"2023-07-25T11:00:00","guid":{"rendered":"https:\/\/www.webdo.tn\/fr\/blog\/aoussou-rituels-traditions-et-memoire-antique\/207473\/"},"modified":"2023-07-25T11:00:00","modified_gmt":"2023-07-25T11:00:00","slug":"aoussou-rituels-traditions-et-memoire-antique","status":"publish","type":"post","link":"https:\/\/www.webdo.tn\/fr\/actualite\/chroniques\/aoussou-rituels-traditions-et-memoire-antique\/207473\/","title":{"rendered":"Aoussou : Rituels, traditions et m\u00e9moire antique"},"content":{"rendered":"<p>Mois de la canicule, Aoussou est accueilli par des rituels qui remonteraient \u00e0 l&rsquo;Antiquit\u00e9. Comment une procession \u00e0 Sousse et plusieurs coutumes font de cette saison, une singularit\u00e9 tunisienne.<\/p>\n<p>C&rsquo;est le 25 juillet que, selon le calendrier agricole tunisien, nous c\u00e9l\u00e9brons l&rsquo;av\u00e9nement de la saison d&rsquo;Aoussou dont l&rsquo;\u00e9tymologie renverrait \u00e0 Augustus. Des rituels persistants et peut-\u00eatre quelques r\u00e9miniscences antiques accompagnent cette c\u00e9l\u00e9bration qui pourrait \u00eatre li\u00e9e \u00e0 Neptune.\u00a0<\/p>\n<p>Le calendrier traditionnel tunisien a des origines juliennes puisqu&rsquo;il a \u00e9t\u00e9 introduit par Jules C\u00e9sar. Parmi les saisons de ce calendrier, celle de Aoussou est la plus chaude de l&rsquo;ann\u00e9e\u00a0<\/p>\n<p>Consid\u00e9r\u00e9e comme la saison de la canicule, Aoussou se divise en deux sous-saisons qui durent chacune une vingtaine de jours et se d\u00e9roulent de juillet \u00e0 septembre.<\/p>\n<p>La premi\u00e8re se nomme Toulou&rsquo; Aoussou (la mont\u00e9e de la canicule). Elle est suivie par Roujou&rsquo; Aoussou (la d\u00e9croissance de la canicule) qui d\u00e9bouche sur le d\u00e9but de l&rsquo;automne traditionnel.<\/p>\n<p>Un premier point concerne l&rsquo;\u00e9tymologie du terme Aoussou. Pour les uns, ce mot proviendrait de \u00ab\u00a0Augustus\u00a0\u00bb, le nom du mois d&rsquo;ao\u00fbt en latin. Pour d&rsquo;autres sources, ce serait plut\u00f4t une corruption de \u00ab\u00a0Oc\u00e9an\u00a0\u00bb, autre appellation de Neptune, le dieu de la mer.\u00a0<\/p>\n<p>En ce sens, dans les r\u00e9gions du Sahel tunisien, on parle de Baba Aoussou, ce qui pour certains anthropologues pourrait renvoyer \u00e0 Neptune.<\/p>\n<p>Ainsi, les f\u00eates populaires qui accompagnent l&rsquo;entr\u00e9e d&rsquo;Aoussou seraient reli\u00e9es \u00e0 l&rsquo;ancien culte de Neptune, figure tut\u00e9laire de certaines villes de l&rsquo;Antiquit\u00e9.<\/p>\n<p>Avec le passage du temps, la c\u00e9l\u00e9bration paienne aurait ainsi perdu son sens premier mais se serait transmise. Ainsi, le carnaval de Sousse \u00e0 l&rsquo;occasion d&rsquo; Aoussou serait une lointaine r\u00e9miniscence de l&rsquo;Antiquit\u00e9.<\/p>\n<p>Plusieurs rituels accompagnent l&rsquo;entr\u00e9e d&rsquo;Aoussou. M\u00eame si elles ont relativement perdu de leur vivacit\u00e9, ces coutumes soulignent que la p\u00e9riode d&rsquo;Aoussou est celle de soins pr\u00e9ventifs et de rituels li\u00e9s \u00e0 la mer. En ce sens, on fait des ablutions avec de l&rsquo;eau de mer, on se baigne, on se lave le corps pour se pr\u00e9munir de toute maladie.<\/p>\n<p>On prononce une formule propitiatoire: \u00ab\u00a0Ya Baba Aoussou nehhi edda elli nhessou\u00a0\u00bb ce qui signifie \u00a0\u00bb Aoussou enleve le mal que je ressens\u00a0\u00bb. On s&rsquo;adresse aussi \u00e0 \u00ab\u00a0bhar Aoussou\u00a0\u00bb c&rsquo;est \u00e0 dire la mer d&rsquo;Aoussou dans laquelle on prend des bains quasiment rituels.<\/p>\n<p>Pour Aoussou, on recherche \u00e0 nager dans sept vagues successives. On emm\u00e8ne aussi les b\u00eates de somme \u00e0 la mer pour les asperger d&rsquo;eau et les faire entrer dans les flots.<\/p>\n<p>La tradition voulait qu&rsquo;on entre collectivement dans la mer, en famille et aussi avec les animaux. Comme soulign\u00e9, les baigneurs visent sept vagues successives distinctes. Dans la mer, ils lancent des brass\u00e9es d&rsquo;eau qui retombent ensuite comme de l&rsquo;eau de pluie.<\/p>\n<p>Par ailleurs, les nuages qu&rsquo;on voit, sont aussi annonciateurs d&rsquo;une ann\u00e9e f\u00e9conde.\u00a0<\/p>\n<p>Les rites d&rsquo;Aoussou sont pour l&rsquo;essentiel destin\u00e9s \u00e0 \u00e9loigner le mal, la maladie, les sortil\u00e8ges. Ils sont fortement li\u00e9s \u00e0 la mer.<\/p>\n<p>Par ailleurs, pour Aoussou, on mange une assida au miel; cette bouillie de semoule est mang\u00e9e t\u00f4t puis on n&rsquo;ingurgite plus rien croyant que le corps serait ainsi purifi\u00e9.<\/p>\n<p>Par ailleurs, c&rsquo;est en p\u00e9riode de Aoussou qu&rsquo;on r\u00e9colte certaines vari\u00e9t\u00e9s de miel.<\/p>\n<p>Cette f\u00eate aurait ainsi des racines tr\u00e8s lointaines, souligne l&rsquo;arriv\u00e9e de la canicule et s&rsquo;accompagne de nombreux rituels li\u00e9s \u00e0 la mer. Cette survivance reli\u00e9e \u00e0 l&rsquo;antiquit\u00e9 est l&rsquo;une des continuit\u00e9s invisibles qui nous renvoient \u00e0 notre pass\u00e9 antique.<\/p>\n<p>\u00a0<\/p>\n<p>H.B.<\/p>\n","protected":false},"excerpt":{"rendered":"<p>Mois de la canicule, Aoussou est accueilli par des rituels qui remonteraient \u00e0 l&rsquo;Antiquit\u00e9. Comment une procession \u00e0 Sousse et plusieurs coutumes font de cette&#8230;<\/p>\n","protected":false},"author":3229,"featured_media":249707,"comment_status":"open","ping_status":"closed","sticky":false,"template":"","format":"standard","meta":{"footnotes":""},"categories":[2596],"tags":[6072,6003,5930,6002,2608],"class_list":["post-207473","post","type-post","status-publish","format-standard","has-post-thumbnail","hentry","category-chroniques","tag-aoussou","tag-billet","tag-canicule","tag-hatem-bourial","tag-tunisie"],"yoast_head":"<!-- This site is optimized with the Yoast SEO Premium plugin v27.5 (Yoast SEO v27.5) - https:\/\/yoast.com\/product\/yoast-seo-premium-wordpress\/ -->\n<title>Aoussou : Rituels, traditions et m\u00e9moire antique<\/title>\n<meta name=\"description\" content=\"Mois de la canicule, Aoussou est accueilli par des rituels qui remonteraient \u00e0 l&#039;Antiquit\u00e9. Comment une procession \u00e0 Sousse et plusieurs coutumes font de cette...\" \/>\n<link rel=\"canonical\" href=\"https:\/\/www.webdo.tn\/fr\/actualite\/chroniques\/aoussou-rituels-traditions-et-memoire-antique\/207473\/\" \/>\n<meta property=\"og:locale\" content=\"fr_FR\" \/>\n<meta property=\"og:type\" content=\"article\" \/>\n<meta property=\"og:title\" content=\"Aoussou : Rituels, traditions et m\u00e9moire antique\" \/>\n<meta property=\"og:description\" content=\"Mois de la canicule, Aoussou est accueilli par des rituels qui remonteraient \u00e0 l&#039;Antiquit\u00e9. Comment une procession \u00e0 Sousse et plusieurs coutumes font de cette...\" \/>\n<meta property=\"og:url\" content=\"https:\/\/www.webdo.tn\/fr\/actualite\/chroniques\/aoussou-rituels-traditions-et-memoire-antique\/207473\/\" \/>\n<meta property=\"og:site_name\" content=\"webdo\" \/>\n<meta property=\"article:publisher\" content=\"https:\/\/www.facebook.com\/webdotn\" \/>\n<meta property=\"article:author\" content=\"https:\/\/www.facebook.com\/hatem.bourial.2025\" \/>\n<meta property=\"article:published_time\" content=\"2023-07-25T11:00:00+00:00\" \/>\n<meta property=\"og:image\" content=\"https:\/\/www.webdo.tn\/fr\/wp-content\/uploads\/2023\/07\/b4508b4e76ad5908831b980a00ae532e.jpg\" \/>\n\t<meta property=\"og:image:width\" content=\"720\" \/>\n\t<meta property=\"og:image:height\" content=\"384\" \/>\n\t<meta property=\"og:image:type\" content=\"image\/jpeg\" \/>\n<meta name=\"author\" content=\"Hatem Bourial\" \/>\n<meta name=\"twitter:card\" content=\"summary_large_image\" \/>\n<meta name=\"twitter:creator\" content=\"@webdo_tn\" \/>\n<meta name=\"twitter:site\" content=\"@webdo_tn\" \/>\n<meta name=\"twitter:label1\" content=\"\u00c9crit par\" \/>\n\t<meta name=\"twitter:data1\" content=\"Hatem Bourial\" \/>\n\t<meta name=\"twitter:label2\" content=\"Dur\u00e9e de lecture estim\u00e9e\" \/>\n\t<meta name=\"twitter:data2\" content=\"3 minutes\" \/>\n<script type=\"application\/ld+json\" class=\"yoast-schema-graph\">{\"@context\":\"https:\\\/\\\/schema.org\",\"@graph\":[{\"@type\":\"NewsArticle\",\"@id\":\"https:\\\/\\\/www.webdo.tn\\\/fr\\\/actualite\\\/chroniques\\\/aoussou-rituels-traditions-et-memoire-antique\\\/207473\\\/#article\",\"isPartOf\":{\"@id\":\"https:\\\/\\\/www.webdo.tn\\\/fr\\\/actualite\\\/chroniques\\\/aoussou-rituels-traditions-et-memoire-antique\\\/207473\\\/\"},\"author\":{\"name\":\"Hatem Bourial\",\"@id\":\"https:\\\/\\\/www.webdo.tn\\\/fr\\\/#\\\/schema\\\/person\\\/6bc0beba2cd23aec27cb5df85ca2554f\"},\"headline\":\"Aoussou : Rituels, traditions et m\u00e9moire antique\",\"datePublished\":\"2023-07-25T11:00:00+00:00\",\"mainEntityOfPage\":{\"@id\":\"https:\\\/\\\/www.webdo.tn\\\/fr\\\/actualite\\\/chroniques\\\/aoussou-rituels-traditions-et-memoire-antique\\\/207473\\\/\"},\"wordCount\":647,\"commentCount\":0,\"publisher\":{\"@id\":\"https:\\\/\\\/www.webdo.tn\\\/fr\\\/#organization\"},\"image\":{\"@id\":\"https:\\\/\\\/www.webdo.tn\\\/fr\\\/actualite\\\/chroniques\\\/aoussou-rituels-traditions-et-memoire-antique\\\/207473\\\/#primaryimage\"},\"thumbnailUrl\":\"https:\\\/\\\/www.webdo.tn\\\/fr\\\/wp-content\\\/uploads\\\/2023\\\/07\\\/b4508b4e76ad5908831b980a00ae532e.jpg\",\"keywords\":[\"Aoussou\",\"Billet\",\"Canicule\",\"hatem bourial\",\"Tunisie\"],\"articleSection\":[\"Chroniques\"],\"inLanguage\":\"fr-FR\"},{\"@type\":\"WebPage\",\"@id\":\"https:\\\/\\\/www.webdo.tn\\\/fr\\\/actualite\\\/chroniques\\\/aoussou-rituels-traditions-et-memoire-antique\\\/207473\\\/\",\"url\":\"https:\\\/\\\/www.webdo.tn\\\/fr\\\/actualite\\\/chroniques\\\/aoussou-rituels-traditions-et-memoire-antique\\\/207473\\\/\",\"name\":\"Aoussou : Rituels, traditions et m\u00e9moire antique\",\"isPartOf\":{\"@id\":\"https:\\\/\\\/www.webdo.tn\\\/fr\\\/#website\"},\"primaryImageOfPage\":{\"@id\":\"https:\\\/\\\/www.webdo.tn\\\/fr\\\/actualite\\\/chroniques\\\/aoussou-rituels-traditions-et-memoire-antique\\\/207473\\\/#primaryimage\"},\"image\":{\"@id\":\"https:\\\/\\\/www.webdo.tn\\\/fr\\\/actualite\\\/chroniques\\\/aoussou-rituels-traditions-et-memoire-antique\\\/207473\\\/#primaryimage\"},\"thumbnailUrl\":\"https:\\\/\\\/www.webdo.tn\\\/fr\\\/wp-content\\\/uploads\\\/2023\\\/07\\\/b4508b4e76ad5908831b980a00ae532e.jpg\",\"datePublished\":\"2023-07-25T11:00:00+00:00\",\"description\":\"Mois de la canicule, Aoussou est accueilli par des rituels qui remonteraient \u00e0 l'Antiquit\u00e9. Comment une procession \u00e0 Sousse et plusieurs coutumes font de cette...\",\"breadcrumb\":{\"@id\":\"https:\\\/\\\/www.webdo.tn\\\/fr\\\/actualite\\\/chroniques\\\/aoussou-rituels-traditions-et-memoire-antique\\\/207473\\\/#breadcrumb\"},\"inLanguage\":\"fr-FR\",\"potentialAction\":[{\"@type\":\"ReadAction\",\"target\":[\"https:\\\/\\\/www.webdo.tn\\\/fr\\\/actualite\\\/chroniques\\\/aoussou-rituels-traditions-et-memoire-antique\\\/207473\\\/\"]}]},{\"@type\":\"ImageObject\",\"inLanguage\":\"fr-FR\",\"@id\":\"https:\\\/\\\/www.webdo.tn\\\/fr\\\/actualite\\\/chroniques\\\/aoussou-rituels-traditions-et-memoire-antique\\\/207473\\\/#primaryimage\",\"url\":\"https:\\\/\\\/www.webdo.tn\\\/fr\\\/wp-content\\\/uploads\\\/2023\\\/07\\\/b4508b4e76ad5908831b980a00ae532e.jpg\",\"contentUrl\":\"https:\\\/\\\/www.webdo.tn\\\/fr\\\/wp-content\\\/uploads\\\/2023\\\/07\\\/b4508b4e76ad5908831b980a00ae532e.jpg\",\"width\":720,\"height\":384,\"caption\":\"Aoussou : Rituels, traditions et m\u00e9moire antique\"},{\"@type\":\"BreadcrumbList\",\"@id\":\"https:\\\/\\\/www.webdo.tn\\\/fr\\\/actualite\\\/chroniques\\\/aoussou-rituels-traditions-et-memoire-antique\\\/207473\\\/#breadcrumb\",\"itemListElement\":[{\"@type\":\"ListItem\",\"position\":1,\"name\":\"Accueil\",\"item\":\"https:\\\/\\\/www.webdo.tn\\\/fr\\\/\"},{\"@type\":\"ListItem\",\"position\":2,\"name\":\"Aoussou : Rituels, traditions et m\u00e9moire antique\"}]},{\"@type\":\"WebSite\",\"@id\":\"https:\\\/\\\/www.webdo.tn\\\/fr\\\/#website\",\"url\":\"https:\\\/\\\/www.webdo.tn\\\/fr\\\/\",\"name\":\"webdo\",\"description\":\"Tunisie - News en Tunisie et \u00e0 l&#039;international sur Webdo.tn\",\"publisher\":{\"@id\":\"https:\\\/\\\/www.webdo.tn\\\/fr\\\/#organization\"},\"potentialAction\":[{\"@type\":\"SearchAction\",\"target\":{\"@type\":\"EntryPoint\",\"urlTemplate\":\"https:\\\/\\\/www.webdo.tn\\\/fr\\\/?s={search_term_string}\"},\"query-input\":{\"@type\":\"PropertyValueSpecification\",\"valueRequired\":true,\"valueName\":\"search_term_string\"}}],\"inLanguage\":\"fr-FR\"},{\"@type\":\"Organization\",\"@id\":\"https:\\\/\\\/www.webdo.tn\\\/fr\\\/#organization\",\"name\":\"Webdo\",\"alternateName\":\"Webdo.tn\",\"url\":\"https:\\\/\\\/www.webdo.tn\\\/fr\\\/\",\"logo\":{\"@type\":\"ImageObject\",\"inLanguage\":\"fr-FR\",\"@id\":\"https:\\\/\\\/www.webdo.tn\\\/fr\\\/#\\\/schema\\\/logo\\\/image\\\/\",\"url\":\"https:\\\/\\\/www.webdo.tn\\\/fr\\\/wp-content\\\/uploads\\\/2025\\\/06\\\/Webdo-Tunisie_168377.jpg\",\"contentUrl\":\"https:\\\/\\\/www.webdo.tn\\\/fr\\\/wp-content\\\/uploads\\\/2025\\\/06\\\/Webdo-Tunisie_168377.jpg\",\"width\":301,\"height\":301,\"caption\":\"Webdo\"},\"image\":{\"@id\":\"https:\\\/\\\/www.webdo.tn\\\/fr\\\/#\\\/schema\\\/logo\\\/image\\\/\"},\"sameAs\":[\"https:\\\/\\\/www.facebook.com\\\/webdotn\",\"https:\\\/\\\/x.com\\\/webdo_tn\"],\"description\":\"Webdo est un m\u00e9dia num\u00e9rique tunisien fond\u00e9 en 2010, sp\u00e9cialis\u00e9 dans l\u2019actualit\u00e9 nationale et internationale, l\u2019\u00e9conomie, la soci\u00e9t\u00e9 et les analyses politiques. Le site s\u2019adresse \u00e0 un large public francophone et couvre l\u2019information tunisienne en temps r\u00e9el.\",\"email\":\"redac@webdo.tn\",\"legalName\":\"YNJ SARL\",\"foundingDate\":\"2010-09-06\",\"numberOfEmployees\":{\"@type\":\"QuantitativeValue\",\"minValue\":\"11\",\"maxValue\":\"50\"}},{\"@type\":\"Person\",\"@id\":\"https:\\\/\\\/www.webdo.tn\\\/fr\\\/#\\\/schema\\\/person\\\/6bc0beba2cd23aec27cb5df85ca2554f\",\"name\":\"Hatem Bourial\",\"image\":{\"@type\":\"ImageObject\",\"inLanguage\":\"fr-FR\",\"@id\":\"https:\\\/\\\/www.webdo.tn\\\/fr\\\/wp-content\\\/uploads\\\/2026\\\/04\\\/hatem-bourial_avatar-96x96.jpg\",\"url\":\"https:\\\/\\\/www.webdo.tn\\\/fr\\\/wp-content\\\/uploads\\\/2026\\\/04\\\/hatem-bourial_avatar-96x96.jpg\",\"contentUrl\":\"https:\\\/\\\/www.webdo.tn\\\/fr\\\/wp-content\\\/uploads\\\/2026\\\/04\\\/hatem-bourial_avatar-96x96.jpg\",\"caption\":\"Hatem Bourial\"},\"description\":\"Hatem Bourial est journaliste, \u00e9crivain et chroniqueur tunisien. Actif depuis plusieurs d\u00e9cennies, il s\u2019est impos\u00e9 comme un observateur attentif de la soci\u00e9t\u00e9 tunisienne, m\u00ealant dans ses \u00e9crits m\u00e9moire, culture et analyse du quotidien. Auteur de nombreux ouvrages, il d\u00e9veloppe une \u0153uvre \u00e0 la crois\u00e9e du r\u00e9cit, de la po\u00e9sie et de l\u2019observation sociologique. Parall\u00e8lement \u00e0 ses contributions dans la presse, il intervient r\u00e9guli\u00e8rement \u00e0 la radio et dans des espaces culturels, o\u00f9 il explore les enjeux li\u00e9s au patrimoine, \u00e0 l\u2019identit\u00e9 et aux transformations du monde contemporain. \u00c0 travers ses chroniques, Hatem Bourial propose une lecture sensible et approfondie de l\u2019actualit\u00e9, nourrie par une exp\u00e9rience journalistique et litt\u00e9raire reconnue. \ud83d\udd17 Facebook : https:\\\/\\\/www.facebook.com\\\/hatem.bourial.2025\",\"sameAs\":[\"https:\\\/\\\/www.facebook.com\\\/hatem.bourial.2025\",\"https:\\\/\\\/fr.wikipedia.org\\\/wiki\\\/Fichier:Hatem_Bourial.jpg\"],\"knowsAbout\":[\"Culture & patrimoine tunisien\",\"Chronique soci\u00e9tale\",\"Litt\u00e9rature & m\u00e9moire\",\"Cin\u00e9ma & critique culturelle\",\"Identit\u00e9 & mutations sociales\"],\"knowsLanguage\":[\"Arabe\",\"Fran\u00e7ais\",\"Anglais\",\"Italien\",\"Polonais\"],\"jobTitle\":\"Journaliste, \u00e9crivain et chroniqueur culturel\",\"worksFor\":\"Webdo\",\"url\":\"https:\\\/\\\/www.webdo.tn\\\/fr\\\/actualite\\\/author\\\/hatem-bourial-2\\\/\"}]}<\/script>\n<!-- \/ Yoast SEO Premium plugin. -->","yoast_head_json":{"title":"Aoussou : Rituels, traditions et m\u00e9moire antique","description":"Mois de la canicule, Aoussou est accueilli par des rituels qui remonteraient \u00e0 l'Antiquit\u00e9. Comment une procession \u00e0 Sousse et plusieurs coutumes font de cette...","canonical":"https:\/\/www.webdo.tn\/fr\/actualite\/chroniques\/aoussou-rituels-traditions-et-memoire-antique\/207473\/","og_locale":"fr_FR","og_type":"article","og_title":"Aoussou : Rituels, traditions et m\u00e9moire antique","og_description":"Mois de la canicule, Aoussou est accueilli par des rituels qui remonteraient \u00e0 l'Antiquit\u00e9. Comment une procession \u00e0 Sousse et plusieurs coutumes font de cette...","og_url":"https:\/\/www.webdo.tn\/fr\/actualite\/chroniques\/aoussou-rituels-traditions-et-memoire-antique\/207473\/","og_site_name":"webdo","article_publisher":"https:\/\/www.facebook.com\/webdotn","article_author":"https:\/\/www.facebook.com\/hatem.bourial.2025","article_published_time":"2023-07-25T11:00:00+00:00","og_image":[{"width":720,"height":384,"url":"https:\/\/www.webdo.tn\/fr\/wp-content\/uploads\/2023\/07\/b4508b4e76ad5908831b980a00ae532e.jpg","type":"image\/jpeg"}],"author":"Hatem Bourial","twitter_card":"summary_large_image","twitter_creator":"@webdo_tn","twitter_site":"@webdo_tn","twitter_misc":{"\u00c9crit par":"Hatem Bourial","Dur\u00e9e de lecture estim\u00e9e":"3 minutes"},"schema":{"@context":"https:\/\/schema.org","@graph":[{"@type":"NewsArticle","@id":"https:\/\/www.webdo.tn\/fr\/actualite\/chroniques\/aoussou-rituels-traditions-et-memoire-antique\/207473\/#article","isPartOf":{"@id":"https:\/\/www.webdo.tn\/fr\/actualite\/chroniques\/aoussou-rituels-traditions-et-memoire-antique\/207473\/"},"author":{"name":"Hatem Bourial","@id":"https:\/\/www.webdo.tn\/fr\/#\/schema\/person\/6bc0beba2cd23aec27cb5df85ca2554f"},"headline":"Aoussou : Rituels, traditions et m\u00e9moire antique","datePublished":"2023-07-25T11:00:00+00:00","mainEntityOfPage":{"@id":"https:\/\/www.webdo.tn\/fr\/actualite\/chroniques\/aoussou-rituels-traditions-et-memoire-antique\/207473\/"},"wordCount":647,"commentCount":0,"publisher":{"@id":"https:\/\/www.webdo.tn\/fr\/#organization"},"image":{"@id":"https:\/\/www.webdo.tn\/fr\/actualite\/chroniques\/aoussou-rituels-traditions-et-memoire-antique\/207473\/#primaryimage"},"thumbnailUrl":"https:\/\/www.webdo.tn\/fr\/wp-content\/uploads\/2023\/07\/b4508b4e76ad5908831b980a00ae532e.jpg","keywords":["Aoussou","Billet","Canicule","hatem bourial","Tunisie"],"articleSection":["Chroniques"],"inLanguage":"fr-FR"},{"@type":"WebPage","@id":"https:\/\/www.webdo.tn\/fr\/actualite\/chroniques\/aoussou-rituels-traditions-et-memoire-antique\/207473\/","url":"https:\/\/www.webdo.tn\/fr\/actualite\/chroniques\/aoussou-rituels-traditions-et-memoire-antique\/207473\/","name":"Aoussou : Rituels, traditions et m\u00e9moire antique","isPartOf":{"@id":"https:\/\/www.webdo.tn\/fr\/#website"},"primaryImageOfPage":{"@id":"https:\/\/www.webdo.tn\/fr\/actualite\/chroniques\/aoussou-rituels-traditions-et-memoire-antique\/207473\/#primaryimage"},"image":{"@id":"https:\/\/www.webdo.tn\/fr\/actualite\/chroniques\/aoussou-rituels-traditions-et-memoire-antique\/207473\/#primaryimage"},"thumbnailUrl":"https:\/\/www.webdo.tn\/fr\/wp-content\/uploads\/2023\/07\/b4508b4e76ad5908831b980a00ae532e.jpg","datePublished":"2023-07-25T11:00:00+00:00","description":"Mois de la canicule, Aoussou est accueilli par des rituels qui remonteraient \u00e0 l'Antiquit\u00e9. Comment une procession \u00e0 Sousse et plusieurs coutumes font de cette...","breadcrumb":{"@id":"https:\/\/www.webdo.tn\/fr\/actualite\/chroniques\/aoussou-rituels-traditions-et-memoire-antique\/207473\/#breadcrumb"},"inLanguage":"fr-FR","potentialAction":[{"@type":"ReadAction","target":["https:\/\/www.webdo.tn\/fr\/actualite\/chroniques\/aoussou-rituels-traditions-et-memoire-antique\/207473\/"]}]},{"@type":"ImageObject","inLanguage":"fr-FR","@id":"https:\/\/www.webdo.tn\/fr\/actualite\/chroniques\/aoussou-rituels-traditions-et-memoire-antique\/207473\/#primaryimage","url":"https:\/\/www.webdo.tn\/fr\/wp-content\/uploads\/2023\/07\/b4508b4e76ad5908831b980a00ae532e.jpg","contentUrl":"https:\/\/www.webdo.tn\/fr\/wp-content\/uploads\/2023\/07\/b4508b4e76ad5908831b980a00ae532e.jpg","width":720,"height":384,"caption":"Aoussou : Rituels, traditions et m\u00e9moire antique"},{"@type":"BreadcrumbList","@id":"https:\/\/www.webdo.tn\/fr\/actualite\/chroniques\/aoussou-rituels-traditions-et-memoire-antique\/207473\/#breadcrumb","itemListElement":[{"@type":"ListItem","position":1,"name":"Accueil","item":"https:\/\/www.webdo.tn\/fr\/"},{"@type":"ListItem","position":2,"name":"Aoussou : Rituels, traditions et m\u00e9moire antique"}]},{"@type":"WebSite","@id":"https:\/\/www.webdo.tn\/fr\/#website","url":"https:\/\/www.webdo.tn\/fr\/","name":"webdo","description":"Tunisie - News en Tunisie et \u00e0 l&#039;international sur Webdo.tn","publisher":{"@id":"https:\/\/www.webdo.tn\/fr\/#organization"},"potentialAction":[{"@type":"SearchAction","target":{"@type":"EntryPoint","urlTemplate":"https:\/\/www.webdo.tn\/fr\/?s={search_term_string}"},"query-input":{"@type":"PropertyValueSpecification","valueRequired":true,"valueName":"search_term_string"}}],"inLanguage":"fr-FR"},{"@type":"Organization","@id":"https:\/\/www.webdo.tn\/fr\/#organization","name":"Webdo","alternateName":"Webdo.tn","url":"https:\/\/www.webdo.tn\/fr\/","logo":{"@type":"ImageObject","inLanguage":"fr-FR","@id":"https:\/\/www.webdo.tn\/fr\/#\/schema\/logo\/image\/","url":"https:\/\/www.webdo.tn\/fr\/wp-content\/uploads\/2025\/06\/Webdo-Tunisie_168377.jpg","contentUrl":"https:\/\/www.webdo.tn\/fr\/wp-content\/uploads\/2025\/06\/Webdo-Tunisie_168377.jpg","width":301,"height":301,"caption":"Webdo"},"image":{"@id":"https:\/\/www.webdo.tn\/fr\/#\/schema\/logo\/image\/"},"sameAs":["https:\/\/www.facebook.com\/webdotn","https:\/\/x.com\/webdo_tn"],"description":"Webdo est un m\u00e9dia num\u00e9rique tunisien fond\u00e9 en 2010, sp\u00e9cialis\u00e9 dans l\u2019actualit\u00e9 nationale et internationale, l\u2019\u00e9conomie, la soci\u00e9t\u00e9 et les analyses politiques. Le site s\u2019adresse \u00e0 un large public francophone et couvre l\u2019information tunisienne en temps r\u00e9el.","email":"redac@webdo.tn","legalName":"YNJ SARL","foundingDate":"2010-09-06","numberOfEmployees":{"@type":"QuantitativeValue","minValue":"11","maxValue":"50"}},{"@type":"Person","@id":"https:\/\/www.webdo.tn\/fr\/#\/schema\/person\/6bc0beba2cd23aec27cb5df85ca2554f","name":"Hatem Bourial","image":{"@type":"ImageObject","inLanguage":"fr-FR","@id":"https:\/\/www.webdo.tn\/fr\/wp-content\/uploads\/2026\/04\/hatem-bourial_avatar-96x96.jpg","url":"https:\/\/www.webdo.tn\/fr\/wp-content\/uploads\/2026\/04\/hatem-bourial_avatar-96x96.jpg","contentUrl":"https:\/\/www.webdo.tn\/fr\/wp-content\/uploads\/2026\/04\/hatem-bourial_avatar-96x96.jpg","caption":"Hatem Bourial"},"description":"Hatem Bourial est journaliste, \u00e9crivain et chroniqueur tunisien. Actif depuis plusieurs d\u00e9cennies, il s\u2019est impos\u00e9 comme un observateur attentif de la soci\u00e9t\u00e9 tunisienne, m\u00ealant dans ses \u00e9crits m\u00e9moire, culture et analyse du quotidien. Auteur de nombreux ouvrages, il d\u00e9veloppe une \u0153uvre \u00e0 la crois\u00e9e du r\u00e9cit, de la po\u00e9sie et de l\u2019observation sociologique. Parall\u00e8lement \u00e0 ses contributions dans la presse, il intervient r\u00e9guli\u00e8rement \u00e0 la radio et dans des espaces culturels, o\u00f9 il explore les enjeux li\u00e9s au patrimoine, \u00e0 l\u2019identit\u00e9 et aux transformations du monde contemporain. \u00c0 travers ses chroniques, Hatem Bourial propose une lecture sensible et approfondie de l\u2019actualit\u00e9, nourrie par une exp\u00e9rience journalistique et litt\u00e9raire reconnue. \ud83d\udd17 Facebook : https:\/\/www.facebook.com\/hatem.bourial.2025","sameAs":["https:\/\/www.facebook.com\/hatem.bourial.2025","https:\/\/fr.wikipedia.org\/wiki\/Fichier:Hatem_Bourial.jpg"],"knowsAbout":["Culture & patrimoine tunisien","Chronique soci\u00e9tale","Litt\u00e9rature & m\u00e9moire","Cin\u00e9ma & critique culturelle","Identit\u00e9 & mutations sociales"],"knowsLanguage":["Arabe","Fran\u00e7ais","Anglais","Italien","Polonais"],"jobTitle":"Journaliste, \u00e9crivain et chroniqueur culturel","worksFor":"Webdo","url":"https:\/\/www.webdo.tn\/fr\/actualite\/author\/hatem-bourial-2\/"}]}},"_links":{"self":[{"href":"https:\/\/www.webdo.tn\/fr\/wp-json\/wp\/v2\/posts\/207473","targetHints":{"allow":["GET"]}}],"collection":[{"href":"https:\/\/www.webdo.tn\/fr\/wp-json\/wp\/v2\/posts"}],"about":[{"href":"https:\/\/www.webdo.tn\/fr\/wp-json\/wp\/v2\/types\/post"}],"author":[{"embeddable":true,"href":"https:\/\/www.webdo.tn\/fr\/wp-json\/wp\/v2\/users\/3229"}],"replies":[{"embeddable":true,"href":"https:\/\/www.webdo.tn\/fr\/wp-json\/wp\/v2\/comments?post=207473"}],"version-history":[{"count":0,"href":"https:\/\/www.webdo.tn\/fr\/wp-json\/wp\/v2\/posts\/207473\/revisions"}],"wp:featuredmedia":[{"embeddable":true,"href":"https:\/\/www.webdo.tn\/fr\/wp-json\/wp\/v2\/media\/249707"}],"wp:attachment":[{"href":"https:\/\/www.webdo.tn\/fr\/wp-json\/wp\/v2\/media?parent=207473"}],"wp:term":[{"taxonomy":"category","embeddable":true,"href":"https:\/\/www.webdo.tn\/fr\/wp-json\/wp\/v2\/categories?post=207473"},{"taxonomy":"post_tag","embeddable":true,"href":"https:\/\/www.webdo.tn\/fr\/wp-json\/wp\/v2\/tags?post=207473"}],"curies":[{"name":"wp","href":"https:\/\/api.w.org\/{rel}","templated":true}]}}