{"id":207472,"date":"2023-07-25T10:39:00","date_gmt":"2023-07-25T10:39:00","guid":{"rendered":"https:\/\/www.webdo.tn\/fr\/blog\/matabbia-est-de-retour-sicile-tunisie-et-siciliens-des-deux-rives\/207472\/"},"modified":"2023-07-25T10:39:00","modified_gmt":"2023-07-25T10:39:00","slug":"matabbia-est-de-retour-sicile-tunisie-et-siciliens-des-deux-rives","status":"publish","type":"post","link":"https:\/\/www.webdo.tn\/fr\/actualite\/culture\/matabbia-est-de-retour-sicile-tunisie-et-siciliens-des-deux-rives\/207472\/","title":{"rendered":"\u00ab\u00a0Matabbia\u00a0\u00bb est de retour : Sicile, Tunisie et Siciliens des deux rives"},"content":{"rendered":"<p>Durant trois jours, du 29 septembre au 1er octobre, Tunis accueillera la deuxi\u00e8me \u00e9dition de \u00ab\u00a0Matabbia\u00a0\u00bb, une manifestation consacr\u00e9e aux Siciliens entre les deux rives de la M\u00e9diterran\u00e9e.<\/p>\n<p>La deuxi\u00e8me \u00e9dition de la manifestation culturelle \u00ab\u00a0Matabbia\u00a0\u00bb aura lieu du 29 septembre au 1er octobre \u00e0 Tunis, avec la participation de plusieurs Siciliens de Tunisie et de Tunisiens de Sicile. La premi\u00e8re \u00e9dition de cette rencontre avait eu lieu en ao\u00fbt dernier \u00e0 Marsala, en Sicile avec la participation de nombreux cin\u00e9astes et \u00e9crivains.\u00a0<\/p>\n<p>Cette deuxi\u00e8me \u00e9dition se d\u00e9roulera sur trois jours avec un programme qui sera d\u00e9velopp\u00e9 sur trois axes compl\u00e9mentaires et comprendra des rencontres intellectuelles, des expositions et des spectacles. Des visites sur les lieux de la m\u00e9moire sicilienne \u00e0 Tunis, sont \u00e9galement inscrites au programme.\u00a0<\/p>\n<p>Le premier volet de \u00ab\u00a0Matabbia\u00a0\u00bb s&rsquo;int\u00e9ressera \u00e0 la presse \u00e0 travers l&rsquo;\u00e9vocation du journal \u00ab\u00a0Simpaticuni\u00a0\u00bb, une gazette litt\u00e9raire et humoristique parue de 1911 \u00e0 1933. Une exposition permettra \u00e9galement de d\u00e9couvrir ce journal paru il y a plus d&rsquo;un si\u00e8cle. L&rsquo;architecture des Italiens en Tunisie et la peinture de Sylvain Monteleone seront les deux autres axes de \u00ab\u00a0Matabbia\u00a0\u00bb 2023 et feront \u00e9galement l&rsquo;objet d&rsquo;expositions.\u00a0<\/p>\n<p>Les matin\u00e9es des trois journ\u00e9es du 29 septembre au 1er octobre seront consacr\u00e9es aux rencontres et d\u00e9bats alors qu&rsquo;un programme de visites permettra de d\u00e9couvrir plusieurs aspects de la pr\u00e9sence sicilienne \u00e0 Tunis. Enfin, une table ronde mod\u00e9r\u00e9e par Alfonso Campisi, aura lieu et permettra de croiser les regards de Siciliens n\u00e9s en Tunisie et de Tunisiens. Une soir\u00e9e musicale et un spectacle de th\u00e9\u00e2tre compl\u00e9teront le programme.\u00a0<\/p>\n<p>La deuxi\u00e8me \u00e9dition de \u00ab\u00a0Matabbia\u00a0\u00bb s&rsquo;annonce prometteuse et devrait confirmer le succ\u00e8s de la manifestation ant\u00e9rieure qui avait eu lieu \u00e0 Marsala, en ao\u00fbt 2022.\u00a0<br \/>\nC&rsquo;est \u00e0 l&rsquo;initiative de la Banca marsalese della memoria (BMDM) et de la Chaire des \u00e9tudes siciliennes de l&rsquo;universit\u00e9 de la Manouba que la ville de Marsala avait accueilli du 19 au 21 ao\u00fbt 2022, une importante rencontre consacr\u00e9e au patrimoine vivant des Siciliens en Tunisie.\u00a0<\/p>\n<p>Joliment intitul\u00e9e \u00ab\u00a0Matabbia\u00a0\u00bb, cette rencontre se r\u00e9f\u00e8re \u00e0 un terme dialectal tunisien pass\u00e9 dans le parler des Siciliens de Tunisie avec une l\u00e9g\u00e8re alt\u00e9ration. Cette expression renvoie en effet \u00e0 notre \u00ab\u00a0Madhabiya\u00a0\u00bb et a la m\u00eame signification de \u00ab\u00a0vouloir ou d\u00e9sirer quelque chose\u00a0\u00bb.<\/p>\n<p>\u00a0<\/p>\n<p>H.B.<\/p>\n","protected":false},"excerpt":{"rendered":"<p>Durant trois jours, du 29 septembre au 1er octobre, Tunis accueillera la deuxi\u00e8me \u00e9dition de  Matabbia , une manifestation consacr\u00e9e aux Siciliens entre les deu&#8230;<\/p>\n","protected":false},"author":3229,"featured_media":249705,"comment_status":"open","ping_status":"closed","sticky":false,"template":"","format":"standard","meta":{"footnotes":""},"categories":[2594],"tags":[5596,8176,2608],"class_list":["post-207472","post","type-post","status-publish","format-standard","has-post-thumbnail","hentry","category-culture","tag-culture","tag-matabbia","tag-tunisie"],"yoast_head":"<!-- This site is optimized with the Yoast SEO Premium plugin v27.4 (Yoast SEO v27.5) - https:\/\/yoast.com\/product\/yoast-seo-premium-wordpress\/ -->\n<title>Matabbia est de retour : Sicile, Tunisie et Siciliens des deux rives<\/title>\n<meta name=\"description\" content=\"Durant trois jours, du 29 septembre au 1er octobre, Tunis accueillera la deuxi\u00e8me \u00e9dition de Matabbia , une manifestation consacr\u00e9e aux Siciliens entre les deu...\" \/>\n<link rel=\"canonical\" href=\"https:\/\/www.webdo.tn\/fr\/actualite\/culture\/matabbia-est-de-retour-sicile-tunisie-et-siciliens-des-deux-rives\/207472\/\" \/>\n<meta property=\"og:locale\" content=\"fr_FR\" \/>\n<meta property=\"og:type\" content=\"article\" \/>\n<meta property=\"og:title\" content=\"&quot;Matabbia&quot; est de retour : Sicile, Tunisie et Siciliens des deux rives\" \/>\n<meta property=\"og:description\" content=\"Durant trois jours, du 29 septembre au 1er octobre, Tunis accueillera la deuxi\u00e8me \u00e9dition de Matabbia , une manifestation consacr\u00e9e aux Siciliens entre les deu...\" \/>\n<meta property=\"og:url\" content=\"https:\/\/www.webdo.tn\/fr\/actualite\/culture\/matabbia-est-de-retour-sicile-tunisie-et-siciliens-des-deux-rives\/207472\/\" \/>\n<meta property=\"og:site_name\" content=\"webdo\" \/>\n<meta property=\"article:publisher\" content=\"https:\/\/www.facebook.com\/webdotn\" \/>\n<meta property=\"article:author\" content=\"https:\/\/www.facebook.com\/hatem.bourial.2025\" \/>\n<meta property=\"article:published_time\" content=\"2023-07-25T10:39:00+00:00\" \/>\n<meta property=\"og:image\" content=\"https:\/\/www.webdo.tn\/fr\/wp-content\/uploads\/2023\/07\/31618d6f32962b5747920f498b987071.jpg\" \/>\n\t<meta property=\"og:image:width\" content=\"720\" \/>\n\t<meta property=\"og:image:height\" content=\"384\" \/>\n\t<meta property=\"og:image:type\" content=\"image\/jpeg\" \/>\n<meta name=\"author\" content=\"Hatem Bourial\" \/>\n<meta name=\"twitter:card\" content=\"summary_large_image\" \/>\n<meta name=\"twitter:creator\" content=\"@webdo_tn\" \/>\n<meta name=\"twitter:site\" content=\"@webdo_tn\" \/>\n<meta name=\"twitter:label1\" content=\"\u00c9crit par\" \/>\n\t<meta name=\"twitter:data1\" content=\"Hatem Bourial\" \/>\n\t<meta name=\"twitter:label2\" content=\"Dur\u00e9e de lecture estim\u00e9e\" \/>\n\t<meta name=\"twitter:data2\" content=\"2 minutes\" \/>\n<script type=\"application\/ld+json\" class=\"yoast-schema-graph\">{\"@context\":\"https:\\\/\\\/schema.org\",\"@graph\":[{\"@type\":\"NewsArticle\",\"@id\":\"https:\\\/\\\/www.webdo.tn\\\/fr\\\/actualite\\\/culture\\\/matabbia-est-de-retour-sicile-tunisie-et-siciliens-des-deux-rives\\\/207472\\\/#article\",\"isPartOf\":{\"@id\":\"https:\\\/\\\/www.webdo.tn\\\/fr\\\/actualite\\\/culture\\\/matabbia-est-de-retour-sicile-tunisie-et-siciliens-des-deux-rives\\\/207472\\\/\"},\"author\":{\"name\":\"Hatem Bourial\",\"@id\":\"https:\\\/\\\/www.webdo.tn\\\/fr\\\/#\\\/schema\\\/person\\\/6bc0beba2cd23aec27cb5df85ca2554f\"},\"headline\":\"\u00ab\u00a0Matabbia\u00a0\u00bb est de retour : Sicile, Tunisie et Siciliens des deux rives\",\"datePublished\":\"2023-07-25T10:39:00+00:00\",\"mainEntityOfPage\":{\"@id\":\"https:\\\/\\\/www.webdo.tn\\\/fr\\\/actualite\\\/culture\\\/matabbia-est-de-retour-sicile-tunisie-et-siciliens-des-deux-rives\\\/207472\\\/\"},\"wordCount\":419,\"commentCount\":0,\"publisher\":{\"@id\":\"https:\\\/\\\/www.webdo.tn\\\/fr\\\/#organization\"},\"image\":{\"@id\":\"https:\\\/\\\/www.webdo.tn\\\/fr\\\/actualite\\\/culture\\\/matabbia-est-de-retour-sicile-tunisie-et-siciliens-des-deux-rives\\\/207472\\\/#primaryimage\"},\"thumbnailUrl\":\"https:\\\/\\\/www.webdo.tn\\\/fr\\\/wp-content\\\/uploads\\\/2023\\\/07\\\/31618d6f32962b5747920f498b987071.jpg\",\"keywords\":[\"culture\",\"Matabbia\",\"Tunisie\"],\"articleSection\":[\"Culture\"],\"inLanguage\":\"fr-FR\"},{\"@type\":\"WebPage\",\"@id\":\"https:\\\/\\\/www.webdo.tn\\\/fr\\\/actualite\\\/culture\\\/matabbia-est-de-retour-sicile-tunisie-et-siciliens-des-deux-rives\\\/207472\\\/\",\"url\":\"https:\\\/\\\/www.webdo.tn\\\/fr\\\/actualite\\\/culture\\\/matabbia-est-de-retour-sicile-tunisie-et-siciliens-des-deux-rives\\\/207472\\\/\",\"name\":\"Matabbia est de retour : Sicile, Tunisie et Siciliens des deux rives\",\"isPartOf\":{\"@id\":\"https:\\\/\\\/www.webdo.tn\\\/fr\\\/#website\"},\"primaryImageOfPage\":{\"@id\":\"https:\\\/\\\/www.webdo.tn\\\/fr\\\/actualite\\\/culture\\\/matabbia-est-de-retour-sicile-tunisie-et-siciliens-des-deux-rives\\\/207472\\\/#primaryimage\"},\"image\":{\"@id\":\"https:\\\/\\\/www.webdo.tn\\\/fr\\\/actualite\\\/culture\\\/matabbia-est-de-retour-sicile-tunisie-et-siciliens-des-deux-rives\\\/207472\\\/#primaryimage\"},\"thumbnailUrl\":\"https:\\\/\\\/www.webdo.tn\\\/fr\\\/wp-content\\\/uploads\\\/2023\\\/07\\\/31618d6f32962b5747920f498b987071.jpg\",\"datePublished\":\"2023-07-25T10:39:00+00:00\",\"description\":\"Durant trois jours, du 29 septembre au 1er octobre, Tunis accueillera la deuxi\u00e8me \u00e9dition de Matabbia , une manifestation consacr\u00e9e aux Siciliens entre les deu...\",\"breadcrumb\":{\"@id\":\"https:\\\/\\\/www.webdo.tn\\\/fr\\\/actualite\\\/culture\\\/matabbia-est-de-retour-sicile-tunisie-et-siciliens-des-deux-rives\\\/207472\\\/#breadcrumb\"},\"inLanguage\":\"fr-FR\",\"potentialAction\":[{\"@type\":\"ReadAction\",\"target\":[\"https:\\\/\\\/www.webdo.tn\\\/fr\\\/actualite\\\/culture\\\/matabbia-est-de-retour-sicile-tunisie-et-siciliens-des-deux-rives\\\/207472\\\/\"]}]},{\"@type\":\"ImageObject\",\"inLanguage\":\"fr-FR\",\"@id\":\"https:\\\/\\\/www.webdo.tn\\\/fr\\\/actualite\\\/culture\\\/matabbia-est-de-retour-sicile-tunisie-et-siciliens-des-deux-rives\\\/207472\\\/#primaryimage\",\"url\":\"https:\\\/\\\/www.webdo.tn\\\/fr\\\/wp-content\\\/uploads\\\/2023\\\/07\\\/31618d6f32962b5747920f498b987071.jpg\",\"contentUrl\":\"https:\\\/\\\/www.webdo.tn\\\/fr\\\/wp-content\\\/uploads\\\/2023\\\/07\\\/31618d6f32962b5747920f498b987071.jpg\",\"width\":720,\"height\":384,\"caption\":\"\\\"Matabbia\\\" est de retour : Sicile, Tunisie et Siciliens des deux rives\"},{\"@type\":\"BreadcrumbList\",\"@id\":\"https:\\\/\\\/www.webdo.tn\\\/fr\\\/actualite\\\/culture\\\/matabbia-est-de-retour-sicile-tunisie-et-siciliens-des-deux-rives\\\/207472\\\/#breadcrumb\",\"itemListElement\":[{\"@type\":\"ListItem\",\"position\":1,\"name\":\"Accueil\",\"item\":\"https:\\\/\\\/www.webdo.tn\\\/fr\\\/\"},{\"@type\":\"ListItem\",\"position\":2,\"name\":\"\u00ab\u00a0Matabbia\u00a0\u00bb est de retour : Sicile, Tunisie et Siciliens des deux rives\"}]},{\"@type\":\"WebSite\",\"@id\":\"https:\\\/\\\/www.webdo.tn\\\/fr\\\/#website\",\"url\":\"https:\\\/\\\/www.webdo.tn\\\/fr\\\/\",\"name\":\"webdo\",\"description\":\"Tunisie - News en Tunisie et \u00e0 l&#039;international sur Webdo.tn\",\"publisher\":{\"@id\":\"https:\\\/\\\/www.webdo.tn\\\/fr\\\/#organization\"},\"potentialAction\":[{\"@type\":\"SearchAction\",\"target\":{\"@type\":\"EntryPoint\",\"urlTemplate\":\"https:\\\/\\\/www.webdo.tn\\\/fr\\\/?s={search_term_string}\"},\"query-input\":{\"@type\":\"PropertyValueSpecification\",\"valueRequired\":true,\"valueName\":\"search_term_string\"}}],\"inLanguage\":\"fr-FR\"},{\"@type\":\"Organization\",\"@id\":\"https:\\\/\\\/www.webdo.tn\\\/fr\\\/#organization\",\"name\":\"Webdo\",\"alternateName\":\"Webdo.tn\",\"url\":\"https:\\\/\\\/www.webdo.tn\\\/fr\\\/\",\"logo\":{\"@type\":\"ImageObject\",\"inLanguage\":\"fr-FR\",\"@id\":\"https:\\\/\\\/www.webdo.tn\\\/fr\\\/#\\\/schema\\\/logo\\\/image\\\/\",\"url\":\"https:\\\/\\\/www.webdo.tn\\\/fr\\\/wp-content\\\/uploads\\\/2025\\\/06\\\/Webdo-Tunisie_168377.jpg\",\"contentUrl\":\"https:\\\/\\\/www.webdo.tn\\\/fr\\\/wp-content\\\/uploads\\\/2025\\\/06\\\/Webdo-Tunisie_168377.jpg\",\"width\":301,\"height\":301,\"caption\":\"Webdo\"},\"image\":{\"@id\":\"https:\\\/\\\/www.webdo.tn\\\/fr\\\/#\\\/schema\\\/logo\\\/image\\\/\"},\"sameAs\":[\"https:\\\/\\\/www.facebook.com\\\/webdotn\",\"https:\\\/\\\/x.com\\\/webdo_tn\"],\"description\":\"Webdo est un m\u00e9dia num\u00e9rique tunisien fond\u00e9 en 2010, sp\u00e9cialis\u00e9 dans l\u2019actualit\u00e9 nationale et internationale, l\u2019\u00e9conomie, la soci\u00e9t\u00e9 et les analyses politiques. Le site s\u2019adresse \u00e0 un large public francophone et couvre l\u2019information tunisienne en temps r\u00e9el.\",\"email\":\"redac@webdo.tn\",\"legalName\":\"YNJ SARL\",\"foundingDate\":\"2010-09-06\",\"numberOfEmployees\":{\"@type\":\"QuantitativeValue\",\"minValue\":\"11\",\"maxValue\":\"50\"}},{\"@type\":\"Person\",\"@id\":\"https:\\\/\\\/www.webdo.tn\\\/fr\\\/#\\\/schema\\\/person\\\/6bc0beba2cd23aec27cb5df85ca2554f\",\"name\":\"Hatem Bourial\",\"image\":{\"@type\":\"ImageObject\",\"inLanguage\":\"fr-FR\",\"@id\":\"https:\\\/\\\/www.webdo.tn\\\/fr\\\/wp-content\\\/uploads\\\/2026\\\/04\\\/hatem-bourial_avatar-96x96.jpg\",\"url\":\"https:\\\/\\\/www.webdo.tn\\\/fr\\\/wp-content\\\/uploads\\\/2026\\\/04\\\/hatem-bourial_avatar-96x96.jpg\",\"contentUrl\":\"https:\\\/\\\/www.webdo.tn\\\/fr\\\/wp-content\\\/uploads\\\/2026\\\/04\\\/hatem-bourial_avatar-96x96.jpg\",\"caption\":\"Hatem Bourial\"},\"description\":\"Hatem Bourial est journaliste, \u00e9crivain et chroniqueur tunisien. Actif depuis plusieurs d\u00e9cennies, il s\u2019est impos\u00e9 comme un observateur attentif de la soci\u00e9t\u00e9 tunisienne, m\u00ealant dans ses \u00e9crits m\u00e9moire, culture et analyse du quotidien. Auteur de nombreux ouvrages, il d\u00e9veloppe une \u0153uvre \u00e0 la crois\u00e9e du r\u00e9cit, de la po\u00e9sie et de l\u2019observation sociologique. Parall\u00e8lement \u00e0 ses contributions dans la presse, il intervient r\u00e9guli\u00e8rement \u00e0 la radio et dans des espaces culturels, o\u00f9 il explore les enjeux li\u00e9s au patrimoine, \u00e0 l\u2019identit\u00e9 et aux transformations du monde contemporain. \u00c0 travers ses chroniques, Hatem Bourial propose une lecture sensible et approfondie de l\u2019actualit\u00e9, nourrie par une exp\u00e9rience journalistique et litt\u00e9raire reconnue. \ud83d\udd17 Facebook : https:\\\/\\\/www.facebook.com\\\/hatem.bourial.2025\",\"sameAs\":[\"https:\\\/\\\/www.facebook.com\\\/hatem.bourial.2025\",\"https:\\\/\\\/fr.wikipedia.org\\\/wiki\\\/Fichier:Hatem_Bourial.jpg\"],\"knowsAbout\":[\"Culture & patrimoine tunisien\",\"Chronique soci\u00e9tale\",\"Litt\u00e9rature & m\u00e9moire\",\"Cin\u00e9ma & critique culturelle\",\"Identit\u00e9 & mutations sociales\"],\"knowsLanguage\":[\"Arabe\",\"Fran\u00e7ais\",\"Anglais\",\"Italien\",\"Polonais\"],\"jobTitle\":\"Journaliste, \u00e9crivain et chroniqueur culturel\",\"worksFor\":\"Webdo\",\"url\":\"https:\\\/\\\/www.webdo.tn\\\/fr\\\/actualite\\\/author\\\/hatem-bourial-2\\\/\"}]}<\/script>\n<!-- \/ Yoast SEO Premium plugin. -->","yoast_head_json":{"title":"Matabbia est de retour : Sicile, Tunisie et Siciliens des deux rives","description":"Durant trois jours, du 29 septembre au 1er octobre, Tunis accueillera la deuxi\u00e8me \u00e9dition de Matabbia , une manifestation consacr\u00e9e aux Siciliens entre les deu...","canonical":"https:\/\/www.webdo.tn\/fr\/actualite\/culture\/matabbia-est-de-retour-sicile-tunisie-et-siciliens-des-deux-rives\/207472\/","og_locale":"fr_FR","og_type":"article","og_title":"\"Matabbia\" est de retour : Sicile, Tunisie et Siciliens des deux rives","og_description":"Durant trois jours, du 29 septembre au 1er octobre, Tunis accueillera la deuxi\u00e8me \u00e9dition de Matabbia , une manifestation consacr\u00e9e aux Siciliens entre les deu...","og_url":"https:\/\/www.webdo.tn\/fr\/actualite\/culture\/matabbia-est-de-retour-sicile-tunisie-et-siciliens-des-deux-rives\/207472\/","og_site_name":"webdo","article_publisher":"https:\/\/www.facebook.com\/webdotn","article_author":"https:\/\/www.facebook.com\/hatem.bourial.2025","article_published_time":"2023-07-25T10:39:00+00:00","og_image":[{"width":720,"height":384,"url":"https:\/\/www.webdo.tn\/fr\/wp-content\/uploads\/2023\/07\/31618d6f32962b5747920f498b987071.jpg","type":"image\/jpeg"}],"author":"Hatem Bourial","twitter_card":"summary_large_image","twitter_creator":"@webdo_tn","twitter_site":"@webdo_tn","twitter_misc":{"\u00c9crit par":"Hatem Bourial","Dur\u00e9e de lecture estim\u00e9e":"2 minutes"},"schema":{"@context":"https:\/\/schema.org","@graph":[{"@type":"NewsArticle","@id":"https:\/\/www.webdo.tn\/fr\/actualite\/culture\/matabbia-est-de-retour-sicile-tunisie-et-siciliens-des-deux-rives\/207472\/#article","isPartOf":{"@id":"https:\/\/www.webdo.tn\/fr\/actualite\/culture\/matabbia-est-de-retour-sicile-tunisie-et-siciliens-des-deux-rives\/207472\/"},"author":{"name":"Hatem Bourial","@id":"https:\/\/www.webdo.tn\/fr\/#\/schema\/person\/6bc0beba2cd23aec27cb5df85ca2554f"},"headline":"\u00ab\u00a0Matabbia\u00a0\u00bb est de retour : Sicile, Tunisie et Siciliens des deux rives","datePublished":"2023-07-25T10:39:00+00:00","mainEntityOfPage":{"@id":"https:\/\/www.webdo.tn\/fr\/actualite\/culture\/matabbia-est-de-retour-sicile-tunisie-et-siciliens-des-deux-rives\/207472\/"},"wordCount":419,"commentCount":0,"publisher":{"@id":"https:\/\/www.webdo.tn\/fr\/#organization"},"image":{"@id":"https:\/\/www.webdo.tn\/fr\/actualite\/culture\/matabbia-est-de-retour-sicile-tunisie-et-siciliens-des-deux-rives\/207472\/#primaryimage"},"thumbnailUrl":"https:\/\/www.webdo.tn\/fr\/wp-content\/uploads\/2023\/07\/31618d6f32962b5747920f498b987071.jpg","keywords":["culture","Matabbia","Tunisie"],"articleSection":["Culture"],"inLanguage":"fr-FR"},{"@type":"WebPage","@id":"https:\/\/www.webdo.tn\/fr\/actualite\/culture\/matabbia-est-de-retour-sicile-tunisie-et-siciliens-des-deux-rives\/207472\/","url":"https:\/\/www.webdo.tn\/fr\/actualite\/culture\/matabbia-est-de-retour-sicile-tunisie-et-siciliens-des-deux-rives\/207472\/","name":"Matabbia est de retour : Sicile, Tunisie et Siciliens des deux rives","isPartOf":{"@id":"https:\/\/www.webdo.tn\/fr\/#website"},"primaryImageOfPage":{"@id":"https:\/\/www.webdo.tn\/fr\/actualite\/culture\/matabbia-est-de-retour-sicile-tunisie-et-siciliens-des-deux-rives\/207472\/#primaryimage"},"image":{"@id":"https:\/\/www.webdo.tn\/fr\/actualite\/culture\/matabbia-est-de-retour-sicile-tunisie-et-siciliens-des-deux-rives\/207472\/#primaryimage"},"thumbnailUrl":"https:\/\/www.webdo.tn\/fr\/wp-content\/uploads\/2023\/07\/31618d6f32962b5747920f498b987071.jpg","datePublished":"2023-07-25T10:39:00+00:00","description":"Durant trois jours, du 29 septembre au 1er octobre, Tunis accueillera la deuxi\u00e8me \u00e9dition de Matabbia , une manifestation consacr\u00e9e aux Siciliens entre les deu...","breadcrumb":{"@id":"https:\/\/www.webdo.tn\/fr\/actualite\/culture\/matabbia-est-de-retour-sicile-tunisie-et-siciliens-des-deux-rives\/207472\/#breadcrumb"},"inLanguage":"fr-FR","potentialAction":[{"@type":"ReadAction","target":["https:\/\/www.webdo.tn\/fr\/actualite\/culture\/matabbia-est-de-retour-sicile-tunisie-et-siciliens-des-deux-rives\/207472\/"]}]},{"@type":"ImageObject","inLanguage":"fr-FR","@id":"https:\/\/www.webdo.tn\/fr\/actualite\/culture\/matabbia-est-de-retour-sicile-tunisie-et-siciliens-des-deux-rives\/207472\/#primaryimage","url":"https:\/\/www.webdo.tn\/fr\/wp-content\/uploads\/2023\/07\/31618d6f32962b5747920f498b987071.jpg","contentUrl":"https:\/\/www.webdo.tn\/fr\/wp-content\/uploads\/2023\/07\/31618d6f32962b5747920f498b987071.jpg","width":720,"height":384,"caption":"\"Matabbia\" est de retour : Sicile, Tunisie et Siciliens des deux rives"},{"@type":"BreadcrumbList","@id":"https:\/\/www.webdo.tn\/fr\/actualite\/culture\/matabbia-est-de-retour-sicile-tunisie-et-siciliens-des-deux-rives\/207472\/#breadcrumb","itemListElement":[{"@type":"ListItem","position":1,"name":"Accueil","item":"https:\/\/www.webdo.tn\/fr\/"},{"@type":"ListItem","position":2,"name":"\u00ab\u00a0Matabbia\u00a0\u00bb est de retour : Sicile, Tunisie et Siciliens des deux rives"}]},{"@type":"WebSite","@id":"https:\/\/www.webdo.tn\/fr\/#website","url":"https:\/\/www.webdo.tn\/fr\/","name":"webdo","description":"Tunisie - News en Tunisie et \u00e0 l&#039;international sur Webdo.tn","publisher":{"@id":"https:\/\/www.webdo.tn\/fr\/#organization"},"potentialAction":[{"@type":"SearchAction","target":{"@type":"EntryPoint","urlTemplate":"https:\/\/www.webdo.tn\/fr\/?s={search_term_string}"},"query-input":{"@type":"PropertyValueSpecification","valueRequired":true,"valueName":"search_term_string"}}],"inLanguage":"fr-FR"},{"@type":"Organization","@id":"https:\/\/www.webdo.tn\/fr\/#organization","name":"Webdo","alternateName":"Webdo.tn","url":"https:\/\/www.webdo.tn\/fr\/","logo":{"@type":"ImageObject","inLanguage":"fr-FR","@id":"https:\/\/www.webdo.tn\/fr\/#\/schema\/logo\/image\/","url":"https:\/\/www.webdo.tn\/fr\/wp-content\/uploads\/2025\/06\/Webdo-Tunisie_168377.jpg","contentUrl":"https:\/\/www.webdo.tn\/fr\/wp-content\/uploads\/2025\/06\/Webdo-Tunisie_168377.jpg","width":301,"height":301,"caption":"Webdo"},"image":{"@id":"https:\/\/www.webdo.tn\/fr\/#\/schema\/logo\/image\/"},"sameAs":["https:\/\/www.facebook.com\/webdotn","https:\/\/x.com\/webdo_tn"],"description":"Webdo est un m\u00e9dia num\u00e9rique tunisien fond\u00e9 en 2010, sp\u00e9cialis\u00e9 dans l\u2019actualit\u00e9 nationale et internationale, l\u2019\u00e9conomie, la soci\u00e9t\u00e9 et les analyses politiques. Le site s\u2019adresse \u00e0 un large public francophone et couvre l\u2019information tunisienne en temps r\u00e9el.","email":"redac@webdo.tn","legalName":"YNJ SARL","foundingDate":"2010-09-06","numberOfEmployees":{"@type":"QuantitativeValue","minValue":"11","maxValue":"50"}},{"@type":"Person","@id":"https:\/\/www.webdo.tn\/fr\/#\/schema\/person\/6bc0beba2cd23aec27cb5df85ca2554f","name":"Hatem Bourial","image":{"@type":"ImageObject","inLanguage":"fr-FR","@id":"https:\/\/www.webdo.tn\/fr\/wp-content\/uploads\/2026\/04\/hatem-bourial_avatar-96x96.jpg","url":"https:\/\/www.webdo.tn\/fr\/wp-content\/uploads\/2026\/04\/hatem-bourial_avatar-96x96.jpg","contentUrl":"https:\/\/www.webdo.tn\/fr\/wp-content\/uploads\/2026\/04\/hatem-bourial_avatar-96x96.jpg","caption":"Hatem Bourial"},"description":"Hatem Bourial est journaliste, \u00e9crivain et chroniqueur tunisien. Actif depuis plusieurs d\u00e9cennies, il s\u2019est impos\u00e9 comme un observateur attentif de la soci\u00e9t\u00e9 tunisienne, m\u00ealant dans ses \u00e9crits m\u00e9moire, culture et analyse du quotidien. Auteur de nombreux ouvrages, il d\u00e9veloppe une \u0153uvre \u00e0 la crois\u00e9e du r\u00e9cit, de la po\u00e9sie et de l\u2019observation sociologique. Parall\u00e8lement \u00e0 ses contributions dans la presse, il intervient r\u00e9guli\u00e8rement \u00e0 la radio et dans des espaces culturels, o\u00f9 il explore les enjeux li\u00e9s au patrimoine, \u00e0 l\u2019identit\u00e9 et aux transformations du monde contemporain. \u00c0 travers ses chroniques, Hatem Bourial propose une lecture sensible et approfondie de l\u2019actualit\u00e9, nourrie par une exp\u00e9rience journalistique et litt\u00e9raire reconnue. \ud83d\udd17 Facebook : https:\/\/www.facebook.com\/hatem.bourial.2025","sameAs":["https:\/\/www.facebook.com\/hatem.bourial.2025","https:\/\/fr.wikipedia.org\/wiki\/Fichier:Hatem_Bourial.jpg"],"knowsAbout":["Culture & patrimoine tunisien","Chronique soci\u00e9tale","Litt\u00e9rature & m\u00e9moire","Cin\u00e9ma & critique culturelle","Identit\u00e9 & mutations sociales"],"knowsLanguage":["Arabe","Fran\u00e7ais","Anglais","Italien","Polonais"],"jobTitle":"Journaliste, \u00e9crivain et chroniqueur culturel","worksFor":"Webdo","url":"https:\/\/www.webdo.tn\/fr\/actualite\/author\/hatem-bourial-2\/"}]}},"_links":{"self":[{"href":"https:\/\/www.webdo.tn\/fr\/wp-json\/wp\/v2\/posts\/207472","targetHints":{"allow":["GET"]}}],"collection":[{"href":"https:\/\/www.webdo.tn\/fr\/wp-json\/wp\/v2\/posts"}],"about":[{"href":"https:\/\/www.webdo.tn\/fr\/wp-json\/wp\/v2\/types\/post"}],"author":[{"embeddable":true,"href":"https:\/\/www.webdo.tn\/fr\/wp-json\/wp\/v2\/users\/3229"}],"replies":[{"embeddable":true,"href":"https:\/\/www.webdo.tn\/fr\/wp-json\/wp\/v2\/comments?post=207472"}],"version-history":[{"count":0,"href":"https:\/\/www.webdo.tn\/fr\/wp-json\/wp\/v2\/posts\/207472\/revisions"}],"wp:featuredmedia":[{"embeddable":true,"href":"https:\/\/www.webdo.tn\/fr\/wp-json\/wp\/v2\/media\/249705"}],"wp:attachment":[{"href":"https:\/\/www.webdo.tn\/fr\/wp-json\/wp\/v2\/media?parent=207472"}],"wp:term":[{"taxonomy":"category","embeddable":true,"href":"https:\/\/www.webdo.tn\/fr\/wp-json\/wp\/v2\/categories?post=207472"},{"taxonomy":"post_tag","embeddable":true,"href":"https:\/\/www.webdo.tn\/fr\/wp-json\/wp\/v2\/tags?post=207472"}],"curies":[{"name":"wp","href":"https:\/\/api.w.org\/{rel}","templated":true}]}}