{"id":207471,"date":"2023-07-25T10:33:00","date_gmt":"2023-07-25T10:33:00","guid":{"rendered":"https:\/\/www.webdo.tn\/fr\/blog\/coupure-de-l-electricite-le-cri-de-detresse-d-une-mere-a-raoued\/207471\/"},"modified":"2025-05-20T22:57:56","modified_gmt":"2025-05-20T22:57:56","slug":"coupure-de-l-electricite-le-cri-de-detresse-d-une-mere-a-raoued","status":"publish","type":"post","link":"https:\/\/www.webdo.tn\/fr\/actualite\/regions\/coupure-de-l-electricite-le-cri-de-detresse-d-une-mere-a-raoued\/207471\/","title":{"rendered":"Coupure d\u2019\u00e9lectricit\u00e9 : Le cri de d\u00e9tresse d\u2019une m\u00e8re \u00e0 Raoued"},"content":{"rendered":"<p>Sa fille de 7 ans est sous machine et elle risque de passer de vie \u00e0 tr\u00e9pas en raison de la coupure de l\u2019\u00e9lectricit\u00e9.<\/p>\n<p>\t\t\t\t\t\t\t\t\tIntervenant en ce moment-m\u00eame \u00e0 Mosa\u00efque FM, la m\u00e8re de l\u2019enfant lance un appel urgent \u00e0 la STEG afin de r\u00e9tablir l\u2019\u00e9lectricit\u00e9, coup\u00e9e depuis hier \u00e0 l\u2019aube (3h00) jusqu\u2019\u00e0 l\u2019\u00e9criture de ce propos.<\/p>\n<p>Dans l\u2019impossibilit\u00e9 de la transporter \u00e0 l\u2019h\u00f4pital sur conseil de son m\u00e9decin traitant, la m\u00e8re implore les responsables de la STEG d\u2019intervenir pour \u00e9viter que l\u2019irr\u00e9parable ne se produise.<\/p>\n<p>La famille est domicili\u00e9e \u00e0 Raoued, pr\u00e8s de l\u2019arrondissement municipal Sidi Amor.<\/p>\n<p>Ramzi<\/p>\n","protected":false},"excerpt":{"rendered":"<p>Sa fille de 7 ans est sous machine et elle risque de passer de vie \u00e0 tr\u00e9pas en raison de la coupure de l\u2019\u00e9lectricit\u00e9.<\/p>\n","protected":false},"author":3188,"featured_media":249704,"comment_status":"open","ping_status":"closed","sticky":false,"template":"","format":"standard","meta":{"footnotes":""},"categories":[2595],"tags":[3765,3949,2608],"class_list":["post-207471","post","type-post","status-publish","format-standard","has-post-thumbnail","hentry","category-regions","tag-electricite","tag-raoued","tag-tunisie"],"yoast_head":"<!-- This site is optimized with the Yoast SEO Premium plugin v27.4 (Yoast SEO v27.5) - https:\/\/yoast.com\/product\/yoast-seo-premium-wordpress\/ -->\n<title>Coupure d\u2019\u00e9lectricit\u00e9 : Le cri de d\u00e9tresse d\u2019une m\u00e8re \u00e0 Raoued<\/title>\n<meta name=\"description\" content=\"Sa fille de 7 ans est sous machine et elle risque de passer de vie \u00e0 tr\u00e9pas en raison de la coupure de l\u2019\u00e9lectricit\u00e9.\" \/>\n<link rel=\"canonical\" href=\"https:\/\/www.webdo.tn\/fr\/actualite\/regions\/coupure-de-l-electricite-le-cri-de-detresse-d-une-mere-a-raoued\/207471\/\" \/>\n<meta property=\"og:locale\" content=\"fr_FR\" \/>\n<meta property=\"og:type\" content=\"article\" \/>\n<meta property=\"og:title\" content=\"Coupure d\u2019\u00e9lectricit\u00e9 : Le cri de d\u00e9tresse d\u2019une m\u00e8re \u00e0 Raoued\" \/>\n<meta property=\"og:description\" content=\"Sa fille de 7 ans est sous machine et elle risque de passer de vie \u00e0 tr\u00e9pas en raison de la coupure de l\u2019\u00e9lectricit\u00e9.\" \/>\n<meta property=\"og:url\" content=\"https:\/\/www.webdo.tn\/fr\/actualite\/regions\/coupure-de-l-electricite-le-cri-de-detresse-d-une-mere-a-raoued\/207471\/\" \/>\n<meta property=\"og:site_name\" content=\"webdo\" \/>\n<meta property=\"article:publisher\" content=\"https:\/\/www.facebook.com\/webdotn\" \/>\n<meta property=\"article:published_time\" content=\"2023-07-25T10:33:00+00:00\" \/>\n<meta property=\"article:modified_time\" content=\"2025-05-20T22:57:56+00:00\" \/>\n<meta property=\"og:image\" content=\"https:\/\/www.webdo.tn\/fr\/wp-content\/uploads\/2023\/07\/6bc2393ec3a1ef5c9cea0ac3d2bb32fe.jpg\" \/>\n\t<meta property=\"og:image:width\" content=\"750\" \/>\n\t<meta property=\"og:image:height\" content=\"400\" \/>\n\t<meta property=\"og:image:type\" content=\"image\/jpeg\" \/>\n<meta name=\"author\" content=\"Ramzi\" \/>\n<meta name=\"twitter:card\" content=\"summary_large_image\" \/>\n<meta name=\"twitter:creator\" content=\"@webdo_tn\" \/>\n<meta name=\"twitter:site\" content=\"@webdo_tn\" \/>\n<meta name=\"twitter:label1\" content=\"\u00c9crit par\" \/>\n\t<meta name=\"twitter:data1\" content=\"Ramzi\" \/>\n\t<meta name=\"twitter:label2\" content=\"Dur\u00e9e de lecture estim\u00e9e\" \/>\n\t<meta name=\"twitter:data2\" content=\"1 minute\" \/>\n<script type=\"application\/ld+json\" class=\"yoast-schema-graph\">{\"@context\":\"https:\\\/\\\/schema.org\",\"@graph\":[{\"@type\":\"NewsArticle\",\"@id\":\"https:\\\/\\\/www.webdo.tn\\\/fr\\\/actualite\\\/regions\\\/coupure-de-l-electricite-le-cri-de-detresse-d-une-mere-a-raoued\\\/207471\\\/#article\",\"isPartOf\":{\"@id\":\"https:\\\/\\\/www.webdo.tn\\\/fr\\\/actualite\\\/regions\\\/coupure-de-l-electricite-le-cri-de-detresse-d-une-mere-a-raoued\\\/207471\\\/\"},\"author\":{\"name\":\"Ramzi\",\"@id\":\"https:\\\/\\\/www.webdo.tn\\\/fr\\\/#\\\/schema\\\/person\\\/590cb5f81adcfde6385530fdbdf468e2\"},\"headline\":\"Coupure d\u2019\u00e9lectricit\u00e9 : Le cri de d\u00e9tresse d\u2019une m\u00e8re \u00e0 Raoued\",\"datePublished\":\"2023-07-25T10:33:00+00:00\",\"dateModified\":\"2025-05-20T22:57:56+00:00\",\"mainEntityOfPage\":{\"@id\":\"https:\\\/\\\/www.webdo.tn\\\/fr\\\/actualite\\\/regions\\\/coupure-de-l-electricite-le-cri-de-detresse-d-une-mere-a-raoued\\\/207471\\\/\"},\"wordCount\":127,\"commentCount\":0,\"publisher\":{\"@id\":\"https:\\\/\\\/www.webdo.tn\\\/fr\\\/#organization\"},\"image\":{\"@id\":\"https:\\\/\\\/www.webdo.tn\\\/fr\\\/actualite\\\/regions\\\/coupure-de-l-electricite-le-cri-de-detresse-d-une-mere-a-raoued\\\/207471\\\/#primaryimage\"},\"thumbnailUrl\":\"https:\\\/\\\/www.webdo.tn\\\/fr\\\/wp-content\\\/uploads\\\/2023\\\/07\\\/6bc2393ec3a1ef5c9cea0ac3d2bb32fe.jpg\",\"keywords\":[\"\u00e9lectricit\u00e9\",\"raoued\",\"Tunisie\"],\"articleSection\":[\"regions\"],\"inLanguage\":\"fr-FR\"},{\"@type\":\"WebPage\",\"@id\":\"https:\\\/\\\/www.webdo.tn\\\/fr\\\/actualite\\\/regions\\\/coupure-de-l-electricite-le-cri-de-detresse-d-une-mere-a-raoued\\\/207471\\\/\",\"url\":\"https:\\\/\\\/www.webdo.tn\\\/fr\\\/actualite\\\/regions\\\/coupure-de-l-electricite-le-cri-de-detresse-d-une-mere-a-raoued\\\/207471\\\/\",\"name\":\"Coupure d\u2019\u00e9lectricit\u00e9 : Le cri de d\u00e9tresse d\u2019une m\u00e8re \u00e0 Raoued\",\"isPartOf\":{\"@id\":\"https:\\\/\\\/www.webdo.tn\\\/fr\\\/#website\"},\"primaryImageOfPage\":{\"@id\":\"https:\\\/\\\/www.webdo.tn\\\/fr\\\/actualite\\\/regions\\\/coupure-de-l-electricite-le-cri-de-detresse-d-une-mere-a-raoued\\\/207471\\\/#primaryimage\"},\"image\":{\"@id\":\"https:\\\/\\\/www.webdo.tn\\\/fr\\\/actualite\\\/regions\\\/coupure-de-l-electricite-le-cri-de-detresse-d-une-mere-a-raoued\\\/207471\\\/#primaryimage\"},\"thumbnailUrl\":\"https:\\\/\\\/www.webdo.tn\\\/fr\\\/wp-content\\\/uploads\\\/2023\\\/07\\\/6bc2393ec3a1ef5c9cea0ac3d2bb32fe.jpg\",\"datePublished\":\"2023-07-25T10:33:00+00:00\",\"dateModified\":\"2025-05-20T22:57:56+00:00\",\"description\":\"Sa fille de 7 ans est sous machine et elle risque de passer de vie \u00e0 tr\u00e9pas en raison de la coupure de l\u2019\u00e9lectricit\u00e9.\",\"breadcrumb\":{\"@id\":\"https:\\\/\\\/www.webdo.tn\\\/fr\\\/actualite\\\/regions\\\/coupure-de-l-electricite-le-cri-de-detresse-d-une-mere-a-raoued\\\/207471\\\/#breadcrumb\"},\"inLanguage\":\"fr-FR\",\"potentialAction\":[{\"@type\":\"ReadAction\",\"target\":[\"https:\\\/\\\/www.webdo.tn\\\/fr\\\/actualite\\\/regions\\\/coupure-de-l-electricite-le-cri-de-detresse-d-une-mere-a-raoued\\\/207471\\\/\"]}]},{\"@type\":\"ImageObject\",\"inLanguage\":\"fr-FR\",\"@id\":\"https:\\\/\\\/www.webdo.tn\\\/fr\\\/actualite\\\/regions\\\/coupure-de-l-electricite-le-cri-de-detresse-d-une-mere-a-raoued\\\/207471\\\/#primaryimage\",\"url\":\"https:\\\/\\\/www.webdo.tn\\\/fr\\\/wp-content\\\/uploads\\\/2023\\\/07\\\/6bc2393ec3a1ef5c9cea0ac3d2bb32fe.jpg\",\"contentUrl\":\"https:\\\/\\\/www.webdo.tn\\\/fr\\\/wp-content\\\/uploads\\\/2023\\\/07\\\/6bc2393ec3a1ef5c9cea0ac3d2bb32fe.jpg\",\"width\":750,\"height\":400,\"caption\":\"Coupure d\u2019\u00e9lectricit\u00e9 : Le cri de d\u00e9tresse d\u2019une m\u00e8re \u00e0 Raoued\"},{\"@type\":\"BreadcrumbList\",\"@id\":\"https:\\\/\\\/www.webdo.tn\\\/fr\\\/actualite\\\/regions\\\/coupure-de-l-electricite-le-cri-de-detresse-d-une-mere-a-raoued\\\/207471\\\/#breadcrumb\",\"itemListElement\":[{\"@type\":\"ListItem\",\"position\":1,\"name\":\"Accueil\",\"item\":\"https:\\\/\\\/www.webdo.tn\\\/fr\\\/\"},{\"@type\":\"ListItem\",\"position\":2,\"name\":\"Coupure d\u2019\u00e9lectricit\u00e9 : Le cri de d\u00e9tresse d\u2019une m\u00e8re \u00e0 Raoued\"}]},{\"@type\":\"WebSite\",\"@id\":\"https:\\\/\\\/www.webdo.tn\\\/fr\\\/#website\",\"url\":\"https:\\\/\\\/www.webdo.tn\\\/fr\\\/\",\"name\":\"webdo\",\"description\":\"Tunisie - News en Tunisie et \u00e0 l&#039;international sur Webdo.tn\",\"publisher\":{\"@id\":\"https:\\\/\\\/www.webdo.tn\\\/fr\\\/#organization\"},\"potentialAction\":[{\"@type\":\"SearchAction\",\"target\":{\"@type\":\"EntryPoint\",\"urlTemplate\":\"https:\\\/\\\/www.webdo.tn\\\/fr\\\/?s={search_term_string}\"},\"query-input\":{\"@type\":\"PropertyValueSpecification\",\"valueRequired\":true,\"valueName\":\"search_term_string\"}}],\"inLanguage\":\"fr-FR\"},{\"@type\":\"Organization\",\"@id\":\"https:\\\/\\\/www.webdo.tn\\\/fr\\\/#organization\",\"name\":\"Webdo\",\"alternateName\":\"Webdo.tn\",\"url\":\"https:\\\/\\\/www.webdo.tn\\\/fr\\\/\",\"logo\":{\"@type\":\"ImageObject\",\"inLanguage\":\"fr-FR\",\"@id\":\"https:\\\/\\\/www.webdo.tn\\\/fr\\\/#\\\/schema\\\/logo\\\/image\\\/\",\"url\":\"https:\\\/\\\/www.webdo.tn\\\/fr\\\/wp-content\\\/uploads\\\/2025\\\/06\\\/Webdo-Tunisie_168377.jpg\",\"contentUrl\":\"https:\\\/\\\/www.webdo.tn\\\/fr\\\/wp-content\\\/uploads\\\/2025\\\/06\\\/Webdo-Tunisie_168377.jpg\",\"width\":301,\"height\":301,\"caption\":\"Webdo\"},\"image\":{\"@id\":\"https:\\\/\\\/www.webdo.tn\\\/fr\\\/#\\\/schema\\\/logo\\\/image\\\/\"},\"sameAs\":[\"https:\\\/\\\/www.facebook.com\\\/webdotn\",\"https:\\\/\\\/x.com\\\/webdo_tn\"],\"description\":\"Webdo est un m\u00e9dia num\u00e9rique tunisien fond\u00e9 en 2010, sp\u00e9cialis\u00e9 dans l\u2019actualit\u00e9 nationale et internationale, l\u2019\u00e9conomie, la soci\u00e9t\u00e9 et les analyses politiques. Le site s\u2019adresse \u00e0 un large public francophone et couvre l\u2019information tunisienne en temps r\u00e9el.\",\"email\":\"redac@webdo.tn\",\"legalName\":\"YNJ SARL\",\"foundingDate\":\"2010-09-06\",\"numberOfEmployees\":{\"@type\":\"QuantitativeValue\",\"minValue\":\"11\",\"maxValue\":\"50\"}},{\"@type\":\"Person\",\"@id\":\"https:\\\/\\\/www.webdo.tn\\\/fr\\\/#\\\/schema\\\/person\\\/590cb5f81adcfde6385530fdbdf468e2\",\"name\":\"Ramzi\",\"image\":{\"@type\":\"ImageObject\",\"inLanguage\":\"fr-FR\",\"@id\":\"https:\\\/\\\/secure.gravatar.com\\\/avatar\\\/48df7d18915e10cf866ba8e27604c81ff9243fd52704a1d210c3e387e1cb8d87?s=96&d=mm&r=g\",\"url\":\"https:\\\/\\\/secure.gravatar.com\\\/avatar\\\/48df7d18915e10cf866ba8e27604c81ff9243fd52704a1d210c3e387e1cb8d87?s=96&d=mm&r=g\",\"contentUrl\":\"https:\\\/\\\/secure.gravatar.com\\\/avatar\\\/48df7d18915e10cf866ba8e27604c81ff9243fd52704a1d210c3e387e1cb8d87?s=96&d=mm&r=g\",\"caption\":\"Ramzi\"},\"url\":\"https:\\\/\\\/www.webdo.tn\\\/fr\\\/actualite\\\/author\\\/ramzi\\\/\"}]}<\/script>\n<!-- \/ Yoast SEO Premium plugin. -->","yoast_head_json":{"title":"Coupure d\u2019\u00e9lectricit\u00e9 : Le cri de d\u00e9tresse d\u2019une m\u00e8re \u00e0 Raoued","description":"Sa fille de 7 ans est sous machine et elle risque de passer de vie \u00e0 tr\u00e9pas en raison de la coupure de l\u2019\u00e9lectricit\u00e9.","canonical":"https:\/\/www.webdo.tn\/fr\/actualite\/regions\/coupure-de-l-electricite-le-cri-de-detresse-d-une-mere-a-raoued\/207471\/","og_locale":"fr_FR","og_type":"article","og_title":"Coupure d\u2019\u00e9lectricit\u00e9 : Le cri de d\u00e9tresse d\u2019une m\u00e8re \u00e0 Raoued","og_description":"Sa fille de 7 ans est sous machine et elle risque de passer de vie \u00e0 tr\u00e9pas en raison de la coupure de l\u2019\u00e9lectricit\u00e9.","og_url":"https:\/\/www.webdo.tn\/fr\/actualite\/regions\/coupure-de-l-electricite-le-cri-de-detresse-d-une-mere-a-raoued\/207471\/","og_site_name":"webdo","article_publisher":"https:\/\/www.facebook.com\/webdotn","article_published_time":"2023-07-25T10:33:00+00:00","article_modified_time":"2025-05-20T22:57:56+00:00","og_image":[{"width":750,"height":400,"url":"https:\/\/www.webdo.tn\/fr\/wp-content\/uploads\/2023\/07\/6bc2393ec3a1ef5c9cea0ac3d2bb32fe.jpg","type":"image\/jpeg"}],"author":"Ramzi","twitter_card":"summary_large_image","twitter_creator":"@webdo_tn","twitter_site":"@webdo_tn","twitter_misc":{"\u00c9crit par":"Ramzi","Dur\u00e9e de lecture estim\u00e9e":"1 minute"},"schema":{"@context":"https:\/\/schema.org","@graph":[{"@type":"NewsArticle","@id":"https:\/\/www.webdo.tn\/fr\/actualite\/regions\/coupure-de-l-electricite-le-cri-de-detresse-d-une-mere-a-raoued\/207471\/#article","isPartOf":{"@id":"https:\/\/www.webdo.tn\/fr\/actualite\/regions\/coupure-de-l-electricite-le-cri-de-detresse-d-une-mere-a-raoued\/207471\/"},"author":{"name":"Ramzi","@id":"https:\/\/www.webdo.tn\/fr\/#\/schema\/person\/590cb5f81adcfde6385530fdbdf468e2"},"headline":"Coupure d\u2019\u00e9lectricit\u00e9 : Le cri de d\u00e9tresse d\u2019une m\u00e8re \u00e0 Raoued","datePublished":"2023-07-25T10:33:00+00:00","dateModified":"2025-05-20T22:57:56+00:00","mainEntityOfPage":{"@id":"https:\/\/www.webdo.tn\/fr\/actualite\/regions\/coupure-de-l-electricite-le-cri-de-detresse-d-une-mere-a-raoued\/207471\/"},"wordCount":127,"commentCount":0,"publisher":{"@id":"https:\/\/www.webdo.tn\/fr\/#organization"},"image":{"@id":"https:\/\/www.webdo.tn\/fr\/actualite\/regions\/coupure-de-l-electricite-le-cri-de-detresse-d-une-mere-a-raoued\/207471\/#primaryimage"},"thumbnailUrl":"https:\/\/www.webdo.tn\/fr\/wp-content\/uploads\/2023\/07\/6bc2393ec3a1ef5c9cea0ac3d2bb32fe.jpg","keywords":["\u00e9lectricit\u00e9","raoued","Tunisie"],"articleSection":["regions"],"inLanguage":"fr-FR"},{"@type":"WebPage","@id":"https:\/\/www.webdo.tn\/fr\/actualite\/regions\/coupure-de-l-electricite-le-cri-de-detresse-d-une-mere-a-raoued\/207471\/","url":"https:\/\/www.webdo.tn\/fr\/actualite\/regions\/coupure-de-l-electricite-le-cri-de-detresse-d-une-mere-a-raoued\/207471\/","name":"Coupure d\u2019\u00e9lectricit\u00e9 : Le cri de d\u00e9tresse d\u2019une m\u00e8re \u00e0 Raoued","isPartOf":{"@id":"https:\/\/www.webdo.tn\/fr\/#website"},"primaryImageOfPage":{"@id":"https:\/\/www.webdo.tn\/fr\/actualite\/regions\/coupure-de-l-electricite-le-cri-de-detresse-d-une-mere-a-raoued\/207471\/#primaryimage"},"image":{"@id":"https:\/\/www.webdo.tn\/fr\/actualite\/regions\/coupure-de-l-electricite-le-cri-de-detresse-d-une-mere-a-raoued\/207471\/#primaryimage"},"thumbnailUrl":"https:\/\/www.webdo.tn\/fr\/wp-content\/uploads\/2023\/07\/6bc2393ec3a1ef5c9cea0ac3d2bb32fe.jpg","datePublished":"2023-07-25T10:33:00+00:00","dateModified":"2025-05-20T22:57:56+00:00","description":"Sa fille de 7 ans est sous machine et elle risque de passer de vie \u00e0 tr\u00e9pas en raison de la coupure de l\u2019\u00e9lectricit\u00e9.","breadcrumb":{"@id":"https:\/\/www.webdo.tn\/fr\/actualite\/regions\/coupure-de-l-electricite-le-cri-de-detresse-d-une-mere-a-raoued\/207471\/#breadcrumb"},"inLanguage":"fr-FR","potentialAction":[{"@type":"ReadAction","target":["https:\/\/www.webdo.tn\/fr\/actualite\/regions\/coupure-de-l-electricite-le-cri-de-detresse-d-une-mere-a-raoued\/207471\/"]}]},{"@type":"ImageObject","inLanguage":"fr-FR","@id":"https:\/\/www.webdo.tn\/fr\/actualite\/regions\/coupure-de-l-electricite-le-cri-de-detresse-d-une-mere-a-raoued\/207471\/#primaryimage","url":"https:\/\/www.webdo.tn\/fr\/wp-content\/uploads\/2023\/07\/6bc2393ec3a1ef5c9cea0ac3d2bb32fe.jpg","contentUrl":"https:\/\/www.webdo.tn\/fr\/wp-content\/uploads\/2023\/07\/6bc2393ec3a1ef5c9cea0ac3d2bb32fe.jpg","width":750,"height":400,"caption":"Coupure d\u2019\u00e9lectricit\u00e9 : Le cri de d\u00e9tresse d\u2019une m\u00e8re \u00e0 Raoued"},{"@type":"BreadcrumbList","@id":"https:\/\/www.webdo.tn\/fr\/actualite\/regions\/coupure-de-l-electricite-le-cri-de-detresse-d-une-mere-a-raoued\/207471\/#breadcrumb","itemListElement":[{"@type":"ListItem","position":1,"name":"Accueil","item":"https:\/\/www.webdo.tn\/fr\/"},{"@type":"ListItem","position":2,"name":"Coupure d\u2019\u00e9lectricit\u00e9 : Le cri de d\u00e9tresse d\u2019une m\u00e8re \u00e0 Raoued"}]},{"@type":"WebSite","@id":"https:\/\/www.webdo.tn\/fr\/#website","url":"https:\/\/www.webdo.tn\/fr\/","name":"webdo","description":"Tunisie - News en Tunisie et \u00e0 l&#039;international sur Webdo.tn","publisher":{"@id":"https:\/\/www.webdo.tn\/fr\/#organization"},"potentialAction":[{"@type":"SearchAction","target":{"@type":"EntryPoint","urlTemplate":"https:\/\/www.webdo.tn\/fr\/?s={search_term_string}"},"query-input":{"@type":"PropertyValueSpecification","valueRequired":true,"valueName":"search_term_string"}}],"inLanguage":"fr-FR"},{"@type":"Organization","@id":"https:\/\/www.webdo.tn\/fr\/#organization","name":"Webdo","alternateName":"Webdo.tn","url":"https:\/\/www.webdo.tn\/fr\/","logo":{"@type":"ImageObject","inLanguage":"fr-FR","@id":"https:\/\/www.webdo.tn\/fr\/#\/schema\/logo\/image\/","url":"https:\/\/www.webdo.tn\/fr\/wp-content\/uploads\/2025\/06\/Webdo-Tunisie_168377.jpg","contentUrl":"https:\/\/www.webdo.tn\/fr\/wp-content\/uploads\/2025\/06\/Webdo-Tunisie_168377.jpg","width":301,"height":301,"caption":"Webdo"},"image":{"@id":"https:\/\/www.webdo.tn\/fr\/#\/schema\/logo\/image\/"},"sameAs":["https:\/\/www.facebook.com\/webdotn","https:\/\/x.com\/webdo_tn"],"description":"Webdo est un m\u00e9dia num\u00e9rique tunisien fond\u00e9 en 2010, sp\u00e9cialis\u00e9 dans l\u2019actualit\u00e9 nationale et internationale, l\u2019\u00e9conomie, la soci\u00e9t\u00e9 et les analyses politiques. Le site s\u2019adresse \u00e0 un large public francophone et couvre l\u2019information tunisienne en temps r\u00e9el.","email":"redac@webdo.tn","legalName":"YNJ SARL","foundingDate":"2010-09-06","numberOfEmployees":{"@type":"QuantitativeValue","minValue":"11","maxValue":"50"}},{"@type":"Person","@id":"https:\/\/www.webdo.tn\/fr\/#\/schema\/person\/590cb5f81adcfde6385530fdbdf468e2","name":"Ramzi","image":{"@type":"ImageObject","inLanguage":"fr-FR","@id":"https:\/\/secure.gravatar.com\/avatar\/48df7d18915e10cf866ba8e27604c81ff9243fd52704a1d210c3e387e1cb8d87?s=96&d=mm&r=g","url":"https:\/\/secure.gravatar.com\/avatar\/48df7d18915e10cf866ba8e27604c81ff9243fd52704a1d210c3e387e1cb8d87?s=96&d=mm&r=g","contentUrl":"https:\/\/secure.gravatar.com\/avatar\/48df7d18915e10cf866ba8e27604c81ff9243fd52704a1d210c3e387e1cb8d87?s=96&d=mm&r=g","caption":"Ramzi"},"url":"https:\/\/www.webdo.tn\/fr\/actualite\/author\/ramzi\/"}]}},"_links":{"self":[{"href":"https:\/\/www.webdo.tn\/fr\/wp-json\/wp\/v2\/posts\/207471","targetHints":{"allow":["GET"]}}],"collection":[{"href":"https:\/\/www.webdo.tn\/fr\/wp-json\/wp\/v2\/posts"}],"about":[{"href":"https:\/\/www.webdo.tn\/fr\/wp-json\/wp\/v2\/types\/post"}],"author":[{"embeddable":true,"href":"https:\/\/www.webdo.tn\/fr\/wp-json\/wp\/v2\/users\/3188"}],"replies":[{"embeddable":true,"href":"https:\/\/www.webdo.tn\/fr\/wp-json\/wp\/v2\/comments?post=207471"}],"version-history":[{"count":0,"href":"https:\/\/www.webdo.tn\/fr\/wp-json\/wp\/v2\/posts\/207471\/revisions"}],"wp:featuredmedia":[{"embeddable":true,"href":"https:\/\/www.webdo.tn\/fr\/wp-json\/wp\/v2\/media\/249704"}],"wp:attachment":[{"href":"https:\/\/www.webdo.tn\/fr\/wp-json\/wp\/v2\/media?parent=207471"}],"wp:term":[{"taxonomy":"category","embeddable":true,"href":"https:\/\/www.webdo.tn\/fr\/wp-json\/wp\/v2\/categories?post=207471"},{"taxonomy":"post_tag","embeddable":true,"href":"https:\/\/www.webdo.tn\/fr\/wp-json\/wp\/v2\/tags?post=207471"}],"curies":[{"name":"wp","href":"https:\/\/api.w.org\/{rel}","templated":true}]}}