{"id":207460,"date":"2023-07-24T20:17:00","date_gmt":"2023-07-24T20:17:00","guid":{"rendered":"https:\/\/www.webdo.tn\/fr\/blog\/incendie-de-melloula-les-habitants-evacues-l-armee-mobilisee\/207460\/"},"modified":"2025-05-20T21:58:15","modified_gmt":"2025-05-20T21:58:15","slug":"incendie-de-melloula-les-habitants-evacues-l-armee-mobilisee","status":"publish","type":"post","link":"https:\/\/www.webdo.tn\/fr\/actualite\/regions\/incendie-de-melloula-les-habitants-evacues-l-armee-mobilisee\/207460\/","title":{"rendered":"Incendie de Melloula : Les habitants \u00e9vacu\u00e9s, l\u2019arm\u00e9e mobilis\u00e9e"},"content":{"rendered":"<p>La r\u00e9gion de Melloula, dans la r\u00e9gion de Tabarka, est en proie \u00e0 un incendie ravageur qui s\u2019est d\u00e9clar\u00e9 le 18 juillet dernier avant d\u2019\u00eatre ma\u00eetris\u00e9. Mais le feu a repris n\u00e9cessitant cette fois l\u2019\u00e9vacuation des habitants.<\/p>\n<p>\t\t\t\t\t\t\t\t\tL\u2019incendie qui ravage la r\u00e9gion de Melloula (gouvernorat de Jendouba) a pouss\u00e9 la Cheffe du gouvernement, Najla Bouden a chambouler son emploi du temps. Elle a d\u00e9cid\u00e9, ce lundi 24 juillet, de suspendre toutes les r\u00e9unions minist\u00e9rielles et de mettre en place d&rsquo;une cellule de crise au sein de la pr\u00e9sidence du Gouvernement.<\/p>\n<p>Cette cellule de crise vise \u00e0 coordonner les efforts de toutes les parties intervenantes pour maitriser les flammes et prot\u00e9ger les citoyens et leurs biens sachant que l\u2019incendie, bien qu\u2019ayant \u00e9t\u00e9 ma\u00eetris\u00e9, samedi, a repris de plus belle aujourd\u2019hui et ravag\u00e9 de grandes surfaces foresti\u00e8res.<\/p>\n<p>Cette reprise de l\u2019incendie est due \u00e0 des vents tr\u00e8s forts qui se sont lev\u00e9s dans la r\u00e9gion. En raison de cette grave situation, la Direction de la Protection civile a entrepris d\u2019\u00e9vacuer tous les habitants de la zone de Melloula.<\/p>\n<p>Evacuation par bus<\/p>\n<p>Pour \u00e9vacuer les habitants, la soci\u00e9t\u00e9 r\u00e9gionale de transport de Jendouba a mobilis\u00e9 neuf bus. De son c\u00f4t\u00e9, l&rsquo;Office de l&rsquo;aviation civile et des a\u00e9roports (OACA) a renforc\u00e9 les efforts d\u00e9ploy\u00e9s par la protection civile, en mobilisant des camions de pompiers de grande capacit\u00e9.<\/p>\n<p>Ces v\u00e9hicules prendront la direction de la ville de Tabarka, \u00e0 partir des a\u00e9roports de Tunis-Carthage, de Sfax, de Tina, de Tozeur, de Nafta et de Gafsa Ksar.<\/p>\n<p>Le d\u00e9partement du Transport a fait savoir, aussi, que l&rsquo;Office national des postes frontaliers terrestres (ONPFT) a, \u00e0 son tour, accueilli un nombre des habitants, au poste frontalier de Melloula.<\/p>\n<p>L\u2019arm\u00e9e mobilis\u00e9e<\/p>\n<p>De son c\u00f4t\u00e9, le minist\u00e8re de la D\u00e9fense nationale a annonc\u00e9, dans un communiqu\u00e9 publi\u00e9 aujourd\u2019hui, que des unit\u00e9s militaires sont intervenues aujourd\u2019hui, pour secourir les habitants de la r\u00e9gion. Certains ont \u00e9t\u00e9 \u00e9vacu\u00e9s par la marine, d\u2019autres ont \u00e9t\u00e9 transf\u00e9r\u00e9s vers des zones \u00e9loign\u00e9es de l\u2019incendie ravageur.<\/p>\n<p>Les unit\u00e9s de l&rsquo;Arm\u00e9e nationale (Arm\u00e9e de terre, Arm\u00e9e de l&rsquo;air et Marine tunisienne) restent mobilis\u00e9es dans la r\u00e9gion de Melloula pour ma\u00eetriser les flammes et porter secours aux habitants.<\/p>\n<p>L&rsquo;Arm\u00e9e de l&rsquo;air a effectu\u00e9, aujourd&rsquo;hui huit survols a\u00e9riens \u00e0 l&rsquo;aide d&rsquo;h\u00e9licopt\u00e8res militaires et d&rsquo;appareil C130 pour \u00e9teindre les incendies qui se sont d\u00e9clar\u00e9s pr\u00e8s de l&rsquo;a\u00e9roport de Tabarka, souligne le minist\u00e8re de la D\u00e9fense nationale.<\/p>\n","protected":false},"excerpt":{"rendered":"<p>La r\u00e9gion de Melloula, dans la r\u00e9gion de Tabarka, est en proie \u00e0 un incendie ravageur qui s\u2019est d\u00e9clar\u00e9 le 18 juillet dernier avant d\u2019\u00eatre ma\u00eetris\u00e9. Mais le feu&#8230;<\/p>\n","protected":false},"author":3162,"featured_media":249701,"comment_status":"open","ping_status":"closed","sticky":false,"template":"","format":"standard","meta":{"footnotes":""},"categories":[2595],"tags":[4479,3089,8166],"class_list":["post-207460","post","type-post","status-publish","format-standard","has-post-thumbnail","hentry","category-regions","tag-armee","tag-incendie","tag-melloula"],"yoast_head":"<!-- This site is optimized with the Yoast SEO Premium plugin v27.5 (Yoast SEO v27.5) - https:\/\/yoast.com\/product\/yoast-seo-premium-wordpress\/ -->\n<title>Incendie de Melloula : Les habitants \u00e9vacu\u00e9s, l\u2019arm\u00e9e mobilis\u00e9e<\/title>\n<meta name=\"description\" content=\"La r\u00e9gion de Melloula, dans la r\u00e9gion de Tabarka, est en proie \u00e0 un incendie ravageur qui s\u2019est d\u00e9clar\u00e9 le 18 juillet dernier avant d\u2019\u00eatre ma\u00eetris\u00e9. Mais le feu...\" \/>\n<link rel=\"canonical\" href=\"https:\/\/www.webdo.tn\/fr\/actualite\/regions\/incendie-de-melloula-les-habitants-evacues-l-armee-mobilisee\/207460\/\" \/>\n<meta property=\"og:locale\" content=\"fr_FR\" \/>\n<meta property=\"og:type\" content=\"article\" \/>\n<meta property=\"og:title\" content=\"Incendie de Melloula : Les habitants \u00e9vacu\u00e9s, l\u2019arm\u00e9e mobilis\u00e9e\" \/>\n<meta property=\"og:description\" content=\"La r\u00e9gion de Melloula, dans la r\u00e9gion de Tabarka, est en proie \u00e0 un incendie ravageur qui s\u2019est d\u00e9clar\u00e9 le 18 juillet dernier avant d\u2019\u00eatre ma\u00eetris\u00e9. Mais le feu...\" \/>\n<meta property=\"og:url\" content=\"https:\/\/www.webdo.tn\/fr\/actualite\/regions\/incendie-de-melloula-les-habitants-evacues-l-armee-mobilisee\/207460\/\" \/>\n<meta property=\"og:site_name\" content=\"webdo\" \/>\n<meta property=\"article:publisher\" content=\"https:\/\/www.facebook.com\/webdotn\" \/>\n<meta property=\"article:published_time\" content=\"2023-07-24T20:17:00+00:00\" \/>\n<meta property=\"article:modified_time\" content=\"2025-05-20T21:58:15+00:00\" \/>\n<meta property=\"og:image\" content=\"https:\/\/www.webdo.tn\/fr\/wp-content\/uploads\/2023\/07\/134cd700df77b4c75f9d9f5ec1280e90.jpeg\" \/>\n\t<meta property=\"og:image:width\" content=\"650\" \/>\n\t<meta property=\"og:image:height\" content=\"347\" \/>\n\t<meta property=\"og:image:type\" content=\"image\/jpeg\" \/>\n<meta name=\"author\" content=\"MC\" \/>\n<meta name=\"twitter:card\" content=\"summary_large_image\" \/>\n<meta name=\"twitter:creator\" content=\"@webdo_tn\" \/>\n<meta name=\"twitter:site\" content=\"@webdo_tn\" \/>\n<meta name=\"twitter:label1\" content=\"\u00c9crit par\" \/>\n\t<meta name=\"twitter:data1\" content=\"MC\" \/>\n\t<meta name=\"twitter:label2\" content=\"Dur\u00e9e de lecture estim\u00e9e\" \/>\n\t<meta name=\"twitter:data2\" content=\"2 minutes\" \/>\n<script type=\"application\/ld+json\" class=\"yoast-schema-graph\">{\"@context\":\"https:\\\/\\\/schema.org\",\"@graph\":[{\"@type\":\"NewsArticle\",\"@id\":\"https:\\\/\\\/www.webdo.tn\\\/fr\\\/actualite\\\/regions\\\/incendie-de-melloula-les-habitants-evacues-l-armee-mobilisee\\\/207460\\\/#article\",\"isPartOf\":{\"@id\":\"https:\\\/\\\/www.webdo.tn\\\/fr\\\/actualite\\\/regions\\\/incendie-de-melloula-les-habitants-evacues-l-armee-mobilisee\\\/207460\\\/\"},\"author\":{\"name\":\"MC\",\"@id\":\"https:\\\/\\\/www.webdo.tn\\\/fr\\\/#\\\/schema\\\/person\\\/2c4929cbf5a809e3bd38617c6ce150f6\"},\"headline\":\"Incendie de Melloula : Les habitants \u00e9vacu\u00e9s, l\u2019arm\u00e9e mobilis\u00e9e\",\"datePublished\":\"2023-07-24T20:17:00+00:00\",\"dateModified\":\"2025-05-20T21:58:15+00:00\",\"mainEntityOfPage\":{\"@id\":\"https:\\\/\\\/www.webdo.tn\\\/fr\\\/actualite\\\/regions\\\/incendie-de-melloula-les-habitants-evacues-l-armee-mobilisee\\\/207460\\\/\"},\"wordCount\":481,\"commentCount\":0,\"publisher\":{\"@id\":\"https:\\\/\\\/www.webdo.tn\\\/fr\\\/#organization\"},\"image\":{\"@id\":\"https:\\\/\\\/www.webdo.tn\\\/fr\\\/actualite\\\/regions\\\/incendie-de-melloula-les-habitants-evacues-l-armee-mobilisee\\\/207460\\\/#primaryimage\"},\"thumbnailUrl\":\"https:\\\/\\\/www.webdo.tn\\\/fr\\\/wp-content\\\/uploads\\\/2023\\\/07\\\/134cd700df77b4c75f9d9f5ec1280e90.jpeg\",\"keywords\":[\"arm\u00e9e\",\"incendie\",\"Melloula\"],\"articleSection\":[\"regions\"],\"inLanguage\":\"fr-FR\"},{\"@type\":\"WebPage\",\"@id\":\"https:\\\/\\\/www.webdo.tn\\\/fr\\\/actualite\\\/regions\\\/incendie-de-melloula-les-habitants-evacues-l-armee-mobilisee\\\/207460\\\/\",\"url\":\"https:\\\/\\\/www.webdo.tn\\\/fr\\\/actualite\\\/regions\\\/incendie-de-melloula-les-habitants-evacues-l-armee-mobilisee\\\/207460\\\/\",\"name\":\"Incendie de Melloula : Les habitants \u00e9vacu\u00e9s, l\u2019arm\u00e9e mobilis\u00e9e\",\"isPartOf\":{\"@id\":\"https:\\\/\\\/www.webdo.tn\\\/fr\\\/#website\"},\"primaryImageOfPage\":{\"@id\":\"https:\\\/\\\/www.webdo.tn\\\/fr\\\/actualite\\\/regions\\\/incendie-de-melloula-les-habitants-evacues-l-armee-mobilisee\\\/207460\\\/#primaryimage\"},\"image\":{\"@id\":\"https:\\\/\\\/www.webdo.tn\\\/fr\\\/actualite\\\/regions\\\/incendie-de-melloula-les-habitants-evacues-l-armee-mobilisee\\\/207460\\\/#primaryimage\"},\"thumbnailUrl\":\"https:\\\/\\\/www.webdo.tn\\\/fr\\\/wp-content\\\/uploads\\\/2023\\\/07\\\/134cd700df77b4c75f9d9f5ec1280e90.jpeg\",\"datePublished\":\"2023-07-24T20:17:00+00:00\",\"dateModified\":\"2025-05-20T21:58:15+00:00\",\"description\":\"La r\u00e9gion de Melloula, dans la r\u00e9gion de Tabarka, est en proie \u00e0 un incendie ravageur qui s\u2019est d\u00e9clar\u00e9 le 18 juillet dernier avant d\u2019\u00eatre ma\u00eetris\u00e9. Mais le feu...\",\"breadcrumb\":{\"@id\":\"https:\\\/\\\/www.webdo.tn\\\/fr\\\/actualite\\\/regions\\\/incendie-de-melloula-les-habitants-evacues-l-armee-mobilisee\\\/207460\\\/#breadcrumb\"},\"inLanguage\":\"fr-FR\",\"potentialAction\":[{\"@type\":\"ReadAction\",\"target\":[\"https:\\\/\\\/www.webdo.tn\\\/fr\\\/actualite\\\/regions\\\/incendie-de-melloula-les-habitants-evacues-l-armee-mobilisee\\\/207460\\\/\"]}]},{\"@type\":\"ImageObject\",\"inLanguage\":\"fr-FR\",\"@id\":\"https:\\\/\\\/www.webdo.tn\\\/fr\\\/actualite\\\/regions\\\/incendie-de-melloula-les-habitants-evacues-l-armee-mobilisee\\\/207460\\\/#primaryimage\",\"url\":\"https:\\\/\\\/www.webdo.tn\\\/fr\\\/wp-content\\\/uploads\\\/2023\\\/07\\\/134cd700df77b4c75f9d9f5ec1280e90.jpeg\",\"contentUrl\":\"https:\\\/\\\/www.webdo.tn\\\/fr\\\/wp-content\\\/uploads\\\/2023\\\/07\\\/134cd700df77b4c75f9d9f5ec1280e90.jpeg\",\"width\":650,\"height\":347,\"caption\":\"Incendie de Melloula : Les habitants \u00e9vacu\u00e9s, l\u2019arm\u00e9e mobilis\u00e9e\"},{\"@type\":\"BreadcrumbList\",\"@id\":\"https:\\\/\\\/www.webdo.tn\\\/fr\\\/actualite\\\/regions\\\/incendie-de-melloula-les-habitants-evacues-l-armee-mobilisee\\\/207460\\\/#breadcrumb\",\"itemListElement\":[{\"@type\":\"ListItem\",\"position\":1,\"name\":\"Accueil\",\"item\":\"https:\\\/\\\/www.webdo.tn\\\/fr\\\/\"},{\"@type\":\"ListItem\",\"position\":2,\"name\":\"Incendie de Melloula : Les habitants \u00e9vacu\u00e9s, l\u2019arm\u00e9e mobilis\u00e9e\"}]},{\"@type\":\"WebSite\",\"@id\":\"https:\\\/\\\/www.webdo.tn\\\/fr\\\/#website\",\"url\":\"https:\\\/\\\/www.webdo.tn\\\/fr\\\/\",\"name\":\"webdo\",\"description\":\"Tunisie - News en Tunisie et \u00e0 l&#039;international sur Webdo.tn\",\"publisher\":{\"@id\":\"https:\\\/\\\/www.webdo.tn\\\/fr\\\/#organization\"},\"potentialAction\":[{\"@type\":\"SearchAction\",\"target\":{\"@type\":\"EntryPoint\",\"urlTemplate\":\"https:\\\/\\\/www.webdo.tn\\\/fr\\\/?s={search_term_string}\"},\"query-input\":{\"@type\":\"PropertyValueSpecification\",\"valueRequired\":true,\"valueName\":\"search_term_string\"}}],\"inLanguage\":\"fr-FR\"},{\"@type\":\"Organization\",\"@id\":\"https:\\\/\\\/www.webdo.tn\\\/fr\\\/#organization\",\"name\":\"Webdo\",\"alternateName\":\"Webdo.tn\",\"url\":\"https:\\\/\\\/www.webdo.tn\\\/fr\\\/\",\"logo\":{\"@type\":\"ImageObject\",\"inLanguage\":\"fr-FR\",\"@id\":\"https:\\\/\\\/www.webdo.tn\\\/fr\\\/#\\\/schema\\\/logo\\\/image\\\/\",\"url\":\"https:\\\/\\\/www.webdo.tn\\\/fr\\\/wp-content\\\/uploads\\\/2025\\\/06\\\/Webdo-Tunisie_168377.jpg\",\"contentUrl\":\"https:\\\/\\\/www.webdo.tn\\\/fr\\\/wp-content\\\/uploads\\\/2025\\\/06\\\/Webdo-Tunisie_168377.jpg\",\"width\":301,\"height\":301,\"caption\":\"Webdo\"},\"image\":{\"@id\":\"https:\\\/\\\/www.webdo.tn\\\/fr\\\/#\\\/schema\\\/logo\\\/image\\\/\"},\"sameAs\":[\"https:\\\/\\\/www.facebook.com\\\/webdotn\",\"https:\\\/\\\/x.com\\\/webdo_tn\"],\"description\":\"Webdo est un m\u00e9dia num\u00e9rique tunisien fond\u00e9 en 2010, sp\u00e9cialis\u00e9 dans l\u2019actualit\u00e9 nationale et internationale, l\u2019\u00e9conomie, la soci\u00e9t\u00e9 et les analyses politiques. Le site s\u2019adresse \u00e0 un large public francophone et couvre l\u2019information tunisienne en temps r\u00e9el.\",\"email\":\"redac@webdo.tn\",\"legalName\":\"YNJ SARL\",\"foundingDate\":\"2010-09-06\",\"numberOfEmployees\":{\"@type\":\"QuantitativeValue\",\"minValue\":\"11\",\"maxValue\":\"50\"}},{\"@type\":\"Person\",\"@id\":\"https:\\\/\\\/www.webdo.tn\\\/fr\\\/#\\\/schema\\\/person\\\/2c4929cbf5a809e3bd38617c6ce150f6\",\"name\":\"MC\",\"image\":{\"@type\":\"ImageObject\",\"inLanguage\":\"fr-FR\",\"@id\":\"https:\\\/\\\/secure.gravatar.com\\\/avatar\\\/a545bbb6f84efdd5553dbbc2895e3ca8f1d12c5215e00a041c9670b54aa9b18a?s=96&d=mm&r=g\",\"url\":\"https:\\\/\\\/secure.gravatar.com\\\/avatar\\\/a545bbb6f84efdd5553dbbc2895e3ca8f1d12c5215e00a041c9670b54aa9b18a?s=96&d=mm&r=g\",\"contentUrl\":\"https:\\\/\\\/secure.gravatar.com\\\/avatar\\\/a545bbb6f84efdd5553dbbc2895e3ca8f1d12c5215e00a041c9670b54aa9b18a?s=96&d=mm&r=g\",\"caption\":\"MC\"},\"url\":\"https:\\\/\\\/www.webdo.tn\\\/fr\\\/actualite\\\/author\\\/mc\\\/\"}]}<\/script>\n<!-- \/ Yoast SEO Premium plugin. -->","yoast_head_json":{"title":"Incendie de Melloula : Les habitants \u00e9vacu\u00e9s, l\u2019arm\u00e9e mobilis\u00e9e","description":"La r\u00e9gion de Melloula, dans la r\u00e9gion de Tabarka, est en proie \u00e0 un incendie ravageur qui s\u2019est d\u00e9clar\u00e9 le 18 juillet dernier avant d\u2019\u00eatre ma\u00eetris\u00e9. Mais le feu...","canonical":"https:\/\/www.webdo.tn\/fr\/actualite\/regions\/incendie-de-melloula-les-habitants-evacues-l-armee-mobilisee\/207460\/","og_locale":"fr_FR","og_type":"article","og_title":"Incendie de Melloula : Les habitants \u00e9vacu\u00e9s, l\u2019arm\u00e9e mobilis\u00e9e","og_description":"La r\u00e9gion de Melloula, dans la r\u00e9gion de Tabarka, est en proie \u00e0 un incendie ravageur qui s\u2019est d\u00e9clar\u00e9 le 18 juillet dernier avant d\u2019\u00eatre ma\u00eetris\u00e9. Mais le feu...","og_url":"https:\/\/www.webdo.tn\/fr\/actualite\/regions\/incendie-de-melloula-les-habitants-evacues-l-armee-mobilisee\/207460\/","og_site_name":"webdo","article_publisher":"https:\/\/www.facebook.com\/webdotn","article_published_time":"2023-07-24T20:17:00+00:00","article_modified_time":"2025-05-20T21:58:15+00:00","og_image":[{"width":650,"height":347,"url":"https:\/\/www.webdo.tn\/fr\/wp-content\/uploads\/2023\/07\/134cd700df77b4c75f9d9f5ec1280e90.jpeg","type":"image\/jpeg"}],"author":"MC","twitter_card":"summary_large_image","twitter_creator":"@webdo_tn","twitter_site":"@webdo_tn","twitter_misc":{"\u00c9crit par":"MC","Dur\u00e9e de lecture estim\u00e9e":"2 minutes"},"schema":{"@context":"https:\/\/schema.org","@graph":[{"@type":"NewsArticle","@id":"https:\/\/www.webdo.tn\/fr\/actualite\/regions\/incendie-de-melloula-les-habitants-evacues-l-armee-mobilisee\/207460\/#article","isPartOf":{"@id":"https:\/\/www.webdo.tn\/fr\/actualite\/regions\/incendie-de-melloula-les-habitants-evacues-l-armee-mobilisee\/207460\/"},"author":{"name":"MC","@id":"https:\/\/www.webdo.tn\/fr\/#\/schema\/person\/2c4929cbf5a809e3bd38617c6ce150f6"},"headline":"Incendie de Melloula : Les habitants \u00e9vacu\u00e9s, l\u2019arm\u00e9e mobilis\u00e9e","datePublished":"2023-07-24T20:17:00+00:00","dateModified":"2025-05-20T21:58:15+00:00","mainEntityOfPage":{"@id":"https:\/\/www.webdo.tn\/fr\/actualite\/regions\/incendie-de-melloula-les-habitants-evacues-l-armee-mobilisee\/207460\/"},"wordCount":481,"commentCount":0,"publisher":{"@id":"https:\/\/www.webdo.tn\/fr\/#organization"},"image":{"@id":"https:\/\/www.webdo.tn\/fr\/actualite\/regions\/incendie-de-melloula-les-habitants-evacues-l-armee-mobilisee\/207460\/#primaryimage"},"thumbnailUrl":"https:\/\/www.webdo.tn\/fr\/wp-content\/uploads\/2023\/07\/134cd700df77b4c75f9d9f5ec1280e90.jpeg","keywords":["arm\u00e9e","incendie","Melloula"],"articleSection":["regions"],"inLanguage":"fr-FR"},{"@type":"WebPage","@id":"https:\/\/www.webdo.tn\/fr\/actualite\/regions\/incendie-de-melloula-les-habitants-evacues-l-armee-mobilisee\/207460\/","url":"https:\/\/www.webdo.tn\/fr\/actualite\/regions\/incendie-de-melloula-les-habitants-evacues-l-armee-mobilisee\/207460\/","name":"Incendie de Melloula : Les habitants \u00e9vacu\u00e9s, l\u2019arm\u00e9e mobilis\u00e9e","isPartOf":{"@id":"https:\/\/www.webdo.tn\/fr\/#website"},"primaryImageOfPage":{"@id":"https:\/\/www.webdo.tn\/fr\/actualite\/regions\/incendie-de-melloula-les-habitants-evacues-l-armee-mobilisee\/207460\/#primaryimage"},"image":{"@id":"https:\/\/www.webdo.tn\/fr\/actualite\/regions\/incendie-de-melloula-les-habitants-evacues-l-armee-mobilisee\/207460\/#primaryimage"},"thumbnailUrl":"https:\/\/www.webdo.tn\/fr\/wp-content\/uploads\/2023\/07\/134cd700df77b4c75f9d9f5ec1280e90.jpeg","datePublished":"2023-07-24T20:17:00+00:00","dateModified":"2025-05-20T21:58:15+00:00","description":"La r\u00e9gion de Melloula, dans la r\u00e9gion de Tabarka, est en proie \u00e0 un incendie ravageur qui s\u2019est d\u00e9clar\u00e9 le 18 juillet dernier avant d\u2019\u00eatre ma\u00eetris\u00e9. Mais le feu...","breadcrumb":{"@id":"https:\/\/www.webdo.tn\/fr\/actualite\/regions\/incendie-de-melloula-les-habitants-evacues-l-armee-mobilisee\/207460\/#breadcrumb"},"inLanguage":"fr-FR","potentialAction":[{"@type":"ReadAction","target":["https:\/\/www.webdo.tn\/fr\/actualite\/regions\/incendie-de-melloula-les-habitants-evacues-l-armee-mobilisee\/207460\/"]}]},{"@type":"ImageObject","inLanguage":"fr-FR","@id":"https:\/\/www.webdo.tn\/fr\/actualite\/regions\/incendie-de-melloula-les-habitants-evacues-l-armee-mobilisee\/207460\/#primaryimage","url":"https:\/\/www.webdo.tn\/fr\/wp-content\/uploads\/2023\/07\/134cd700df77b4c75f9d9f5ec1280e90.jpeg","contentUrl":"https:\/\/www.webdo.tn\/fr\/wp-content\/uploads\/2023\/07\/134cd700df77b4c75f9d9f5ec1280e90.jpeg","width":650,"height":347,"caption":"Incendie de Melloula : Les habitants \u00e9vacu\u00e9s, l\u2019arm\u00e9e mobilis\u00e9e"},{"@type":"BreadcrumbList","@id":"https:\/\/www.webdo.tn\/fr\/actualite\/regions\/incendie-de-melloula-les-habitants-evacues-l-armee-mobilisee\/207460\/#breadcrumb","itemListElement":[{"@type":"ListItem","position":1,"name":"Accueil","item":"https:\/\/www.webdo.tn\/fr\/"},{"@type":"ListItem","position":2,"name":"Incendie de Melloula : Les habitants \u00e9vacu\u00e9s, l\u2019arm\u00e9e mobilis\u00e9e"}]},{"@type":"WebSite","@id":"https:\/\/www.webdo.tn\/fr\/#website","url":"https:\/\/www.webdo.tn\/fr\/","name":"webdo","description":"Tunisie - News en Tunisie et \u00e0 l&#039;international sur Webdo.tn","publisher":{"@id":"https:\/\/www.webdo.tn\/fr\/#organization"},"potentialAction":[{"@type":"SearchAction","target":{"@type":"EntryPoint","urlTemplate":"https:\/\/www.webdo.tn\/fr\/?s={search_term_string}"},"query-input":{"@type":"PropertyValueSpecification","valueRequired":true,"valueName":"search_term_string"}}],"inLanguage":"fr-FR"},{"@type":"Organization","@id":"https:\/\/www.webdo.tn\/fr\/#organization","name":"Webdo","alternateName":"Webdo.tn","url":"https:\/\/www.webdo.tn\/fr\/","logo":{"@type":"ImageObject","inLanguage":"fr-FR","@id":"https:\/\/www.webdo.tn\/fr\/#\/schema\/logo\/image\/","url":"https:\/\/www.webdo.tn\/fr\/wp-content\/uploads\/2025\/06\/Webdo-Tunisie_168377.jpg","contentUrl":"https:\/\/www.webdo.tn\/fr\/wp-content\/uploads\/2025\/06\/Webdo-Tunisie_168377.jpg","width":301,"height":301,"caption":"Webdo"},"image":{"@id":"https:\/\/www.webdo.tn\/fr\/#\/schema\/logo\/image\/"},"sameAs":["https:\/\/www.facebook.com\/webdotn","https:\/\/x.com\/webdo_tn"],"description":"Webdo est un m\u00e9dia num\u00e9rique tunisien fond\u00e9 en 2010, sp\u00e9cialis\u00e9 dans l\u2019actualit\u00e9 nationale et internationale, l\u2019\u00e9conomie, la soci\u00e9t\u00e9 et les analyses politiques. Le site s\u2019adresse \u00e0 un large public francophone et couvre l\u2019information tunisienne en temps r\u00e9el.","email":"redac@webdo.tn","legalName":"YNJ SARL","foundingDate":"2010-09-06","numberOfEmployees":{"@type":"QuantitativeValue","minValue":"11","maxValue":"50"}},{"@type":"Person","@id":"https:\/\/www.webdo.tn\/fr\/#\/schema\/person\/2c4929cbf5a809e3bd38617c6ce150f6","name":"MC","image":{"@type":"ImageObject","inLanguage":"fr-FR","@id":"https:\/\/secure.gravatar.com\/avatar\/a545bbb6f84efdd5553dbbc2895e3ca8f1d12c5215e00a041c9670b54aa9b18a?s=96&d=mm&r=g","url":"https:\/\/secure.gravatar.com\/avatar\/a545bbb6f84efdd5553dbbc2895e3ca8f1d12c5215e00a041c9670b54aa9b18a?s=96&d=mm&r=g","contentUrl":"https:\/\/secure.gravatar.com\/avatar\/a545bbb6f84efdd5553dbbc2895e3ca8f1d12c5215e00a041c9670b54aa9b18a?s=96&d=mm&r=g","caption":"MC"},"url":"https:\/\/www.webdo.tn\/fr\/actualite\/author\/mc\/"}]}},"_links":{"self":[{"href":"https:\/\/www.webdo.tn\/fr\/wp-json\/wp\/v2\/posts\/207460","targetHints":{"allow":["GET"]}}],"collection":[{"href":"https:\/\/www.webdo.tn\/fr\/wp-json\/wp\/v2\/posts"}],"about":[{"href":"https:\/\/www.webdo.tn\/fr\/wp-json\/wp\/v2\/types\/post"}],"author":[{"embeddable":true,"href":"https:\/\/www.webdo.tn\/fr\/wp-json\/wp\/v2\/users\/3162"}],"replies":[{"embeddable":true,"href":"https:\/\/www.webdo.tn\/fr\/wp-json\/wp\/v2\/comments?post=207460"}],"version-history":[{"count":0,"href":"https:\/\/www.webdo.tn\/fr\/wp-json\/wp\/v2\/posts\/207460\/revisions"}],"wp:featuredmedia":[{"embeddable":true,"href":"https:\/\/www.webdo.tn\/fr\/wp-json\/wp\/v2\/media\/249701"}],"wp:attachment":[{"href":"https:\/\/www.webdo.tn\/fr\/wp-json\/wp\/v2\/media?parent=207460"}],"wp:term":[{"taxonomy":"category","embeddable":true,"href":"https:\/\/www.webdo.tn\/fr\/wp-json\/wp\/v2\/categories?post=207460"},{"taxonomy":"post_tag","embeddable":true,"href":"https:\/\/www.webdo.tn\/fr\/wp-json\/wp\/v2\/tags?post=207460"}],"curies":[{"name":"wp","href":"https:\/\/api.w.org\/{rel}","templated":true}]}}