{"id":207452,"date":"2023-07-24T15:48:00","date_gmt":"2023-07-24T15:48:00","guid":{"rendered":"https:\/\/www.webdo.tn\/fr\/blog\/bct-int-convention-pour-la-generalisation-des-services-de-paiement-electronique\/207452\/"},"modified":"2025-05-20T22:57:16","modified_gmt":"2025-05-20T22:57:16","slug":"bct-int-convention-pour-la-generalisation-des-services-de-paiement-electronique","status":"publish","type":"post","link":"https:\/\/www.webdo.tn\/fr\/actualite\/national\/bct-int-convention-pour-la-generalisation-des-services-de-paiement-electronique\/207452\/","title":{"rendered":"BCT &#8211; INT : convention pour la g\u00e9n\u00e9ralisation des services de paiement \u00e9lectronique"},"content":{"rendered":"<p>La Banque centrale de Tunisie (BCT) et l\u2019Instance nationale des T\u00e9l\u00e9communications (INT) viennent de signer, derni\u00e8rement, une convention, d\u00e9terminant les fondements de coop\u00e9ration entre les deux parties, en  vue d\u2019assurer les services de paiement \u00e9lectronique d\u2019une mani\u00e8re s\u00fbre et continue.<\/p>\n<p>\t\t\t\t\t\t\t\t\tDans un communiqu\u00e9 publi\u00e9 aujourd\u2019hui lundi 24 juillet 2023, l\u2019Instance pr\u00e9cise que cette convention a \u00e9t\u00e9 sign\u00e9e par le gouverneur de la BCT, Marouane Abbassi, et le pr\u00e9sident de l\u2019INT, Mohamed Tahar Missaoui, en pr\u00e9sence du ministre des Technologies de la Communication, Nizar Ben N\u00e9ji.<\/p>\n<p>La convention vise \u00ab \u00e0 promouvoir le paiement \u00e9lectronique et \u00e0 le g\u00e9n\u00e9raliser, en optant pour les meilleures pratiques internationales, et ce, en vue de renforcer l\u2019inclusion financi\u00e8re, et de contribuer \u00e0 r\u00e9aliser une croissance \u00e9conomique durable \u00bb lit-on dans ce communiqu\u00e9.<\/p>\n<p>Elle vise aussi \u00ab \u00e0 d\u00e9velopper des strat\u00e9gies conjointes, adapt\u00e9es aux domaines de comp\u00e9tences de chaque partie, \u00e0 \u00e9changer les informations, et \u00e0 cog\u00e9rer les services de paiement \u00e9lectronique \u00bb.<\/p>\n<p>Elle concerne, \u00e9galement, l\u2019aide technique et la gestion des crises, en vue de garantir des services de qualit\u00e9.<\/p>\n","protected":false},"excerpt":{"rendered":"<p>La Banque centrale de Tunisie (BCT) et l\u2019Instance nationale des T\u00e9l\u00e9communications (INT) viennent de signer, jeudi 20 juillet, une convention, d\u00e9terminant les f&#8230;<\/p>\n","protected":false},"author":3185,"featured_media":278528,"comment_status":"open","ping_status":"closed","sticky":false,"template":"","format":"standard","meta":{"footnotes":""},"categories":[44],"tags":[2807,4590,8240],"class_list":["post-207452","post","type-post","status-publish","format-standard","has-post-thumbnail","hentry","category-national","tag-bct","tag-convention","tag-int"],"yoast_head":"<!-- This site is optimized with the Yoast SEO Premium plugin v27.4 (Yoast SEO v27.5) - https:\/\/yoast.com\/product\/yoast-seo-premium-wordpress\/ -->\n<title>BCT - INT : convention pour la g\u00e9n\u00e9ralisation des services de paiement \u00e9lectronique<\/title>\n<meta name=\"description\" content=\"La Banque centrale de Tunisie (BCT) et l\u2019Instance nationale des T\u00e9l\u00e9communications (INT) viennent de signer, jeudi 20 juillet, une convention, d\u00e9terminant les f...\" \/>\n<link rel=\"canonical\" href=\"https:\/\/www.webdo.tn\/fr\/actualite\/national\/bct-int-convention-pour-la-generalisation-des-services-de-paiement-electronique\/207452\/\" \/>\n<meta property=\"og:locale\" content=\"fr_FR\" \/>\n<meta property=\"og:type\" content=\"article\" \/>\n<meta property=\"og:title\" content=\"BCT - INT : convention pour la g\u00e9n\u00e9ralisation des services de paiement \u00e9lectronique\" \/>\n<meta property=\"og:description\" content=\"La Banque centrale de Tunisie (BCT) et l\u2019Instance nationale des T\u00e9l\u00e9communications (INT) viennent de signer, jeudi 20 juillet, une convention, d\u00e9terminant les f...\" \/>\n<meta property=\"og:url\" content=\"https:\/\/www.webdo.tn\/fr\/actualite\/national\/bct-int-convention-pour-la-generalisation-des-services-de-paiement-electronique\/207452\/\" \/>\n<meta property=\"og:site_name\" content=\"webdo\" \/>\n<meta property=\"article:publisher\" content=\"https:\/\/www.facebook.com\/webdotn\" \/>\n<meta property=\"article:published_time\" content=\"2023-07-24T15:48:00+00:00\" \/>\n<meta property=\"article:modified_time\" content=\"2025-05-20T22:57:16+00:00\" \/>\n<meta property=\"og:image\" content=\"https:\/\/www.webdo.tn\/fr\/wp-content\/uploads\/2023\/07\/8a7896306849ddcd6af2c4df5eccad37.jpg\" \/>\n\t<meta property=\"og:image:width\" content=\"750\" \/>\n\t<meta property=\"og:image:height\" content=\"400\" \/>\n\t<meta property=\"og:image:type\" content=\"image\/jpeg\" \/>\n<meta name=\"author\" content=\"WDA\" \/>\n<meta name=\"twitter:card\" content=\"summary_large_image\" \/>\n<meta name=\"twitter:creator\" content=\"@webdo_tn\" \/>\n<meta name=\"twitter:site\" content=\"@webdo_tn\" \/>\n<meta name=\"twitter:label1\" content=\"\u00c9crit par\" \/>\n\t<meta name=\"twitter:data1\" content=\"WDA\" \/>\n\t<meta name=\"twitter:label2\" content=\"Dur\u00e9e de lecture estim\u00e9e\" \/>\n\t<meta name=\"twitter:data2\" content=\"1 minute\" \/>\n<script type=\"application\/ld+json\" class=\"yoast-schema-graph\">{\"@context\":\"https:\\\/\\\/schema.org\",\"@graph\":[{\"@type\":\"NewsArticle\",\"@id\":\"https:\\\/\\\/www.webdo.tn\\\/fr\\\/actualite\\\/national\\\/bct-int-convention-pour-la-generalisation-des-services-de-paiement-electronique\\\/207452\\\/#article\",\"isPartOf\":{\"@id\":\"https:\\\/\\\/www.webdo.tn\\\/fr\\\/actualite\\\/national\\\/bct-int-convention-pour-la-generalisation-des-services-de-paiement-electronique\\\/207452\\\/\"},\"author\":{\"name\":\"WDA\",\"@id\":\"https:\\\/\\\/www.webdo.tn\\\/fr\\\/#\\\/schema\\\/person\\\/ae999f6cc68c323955dd7bb23b41f2dd\"},\"headline\":\"BCT &#8211; INT : convention pour la g\u00e9n\u00e9ralisation des services de paiement \u00e9lectronique\",\"datePublished\":\"2023-07-24T15:48:00+00:00\",\"dateModified\":\"2025-05-20T22:57:16+00:00\",\"mainEntityOfPage\":{\"@id\":\"https:\\\/\\\/www.webdo.tn\\\/fr\\\/actualite\\\/national\\\/bct-int-convention-pour-la-generalisation-des-services-de-paiement-electronique\\\/207452\\\/\"},\"wordCount\":206,\"commentCount\":0,\"publisher\":{\"@id\":\"https:\\\/\\\/www.webdo.tn\\\/fr\\\/#organization\"},\"image\":{\"@id\":\"https:\\\/\\\/www.webdo.tn\\\/fr\\\/actualite\\\/national\\\/bct-int-convention-pour-la-generalisation-des-services-de-paiement-electronique\\\/207452\\\/#primaryimage\"},\"thumbnailUrl\":\"https:\\\/\\\/www.webdo.tn\\\/fr\\\/wp-content\\\/uploads\\\/2023\\\/07\\\/8a7896306849ddcd6af2c4df5eccad37.jpg\",\"keywords\":[\"BCT\",\"convention\",\"int\"],\"articleSection\":[\"National\"],\"inLanguage\":\"fr-FR\"},{\"@type\":\"WebPage\",\"@id\":\"https:\\\/\\\/www.webdo.tn\\\/fr\\\/actualite\\\/national\\\/bct-int-convention-pour-la-generalisation-des-services-de-paiement-electronique\\\/207452\\\/\",\"url\":\"https:\\\/\\\/www.webdo.tn\\\/fr\\\/actualite\\\/national\\\/bct-int-convention-pour-la-generalisation-des-services-de-paiement-electronique\\\/207452\\\/\",\"name\":\"BCT - INT : convention pour la g\u00e9n\u00e9ralisation des services de paiement \u00e9lectronique\",\"isPartOf\":{\"@id\":\"https:\\\/\\\/www.webdo.tn\\\/fr\\\/#website\"},\"primaryImageOfPage\":{\"@id\":\"https:\\\/\\\/www.webdo.tn\\\/fr\\\/actualite\\\/national\\\/bct-int-convention-pour-la-generalisation-des-services-de-paiement-electronique\\\/207452\\\/#primaryimage\"},\"image\":{\"@id\":\"https:\\\/\\\/www.webdo.tn\\\/fr\\\/actualite\\\/national\\\/bct-int-convention-pour-la-generalisation-des-services-de-paiement-electronique\\\/207452\\\/#primaryimage\"},\"thumbnailUrl\":\"https:\\\/\\\/www.webdo.tn\\\/fr\\\/wp-content\\\/uploads\\\/2023\\\/07\\\/8a7896306849ddcd6af2c4df5eccad37.jpg\",\"datePublished\":\"2023-07-24T15:48:00+00:00\",\"dateModified\":\"2025-05-20T22:57:16+00:00\",\"description\":\"La Banque centrale de Tunisie (BCT) et l\u2019Instance nationale des T\u00e9l\u00e9communications (INT) viennent de signer, jeudi 20 juillet, une convention, d\u00e9terminant les f...\",\"breadcrumb\":{\"@id\":\"https:\\\/\\\/www.webdo.tn\\\/fr\\\/actualite\\\/national\\\/bct-int-convention-pour-la-generalisation-des-services-de-paiement-electronique\\\/207452\\\/#breadcrumb\"},\"inLanguage\":\"fr-FR\",\"potentialAction\":[{\"@type\":\"ReadAction\",\"target\":[\"https:\\\/\\\/www.webdo.tn\\\/fr\\\/actualite\\\/national\\\/bct-int-convention-pour-la-generalisation-des-services-de-paiement-electronique\\\/207452\\\/\"]}]},{\"@type\":\"ImageObject\",\"inLanguage\":\"fr-FR\",\"@id\":\"https:\\\/\\\/www.webdo.tn\\\/fr\\\/actualite\\\/national\\\/bct-int-convention-pour-la-generalisation-des-services-de-paiement-electronique\\\/207452\\\/#primaryimage\",\"url\":\"https:\\\/\\\/www.webdo.tn\\\/fr\\\/wp-content\\\/uploads\\\/2023\\\/07\\\/8a7896306849ddcd6af2c4df5eccad37.jpg\",\"contentUrl\":\"https:\\\/\\\/www.webdo.tn\\\/fr\\\/wp-content\\\/uploads\\\/2023\\\/07\\\/8a7896306849ddcd6af2c4df5eccad37.jpg\",\"width\":750,\"height\":400,\"caption\":\"BCT - INT : convention pour la g\u00e9n\u00e9ralisation des services de paiement \u00e9lectronique\"},{\"@type\":\"BreadcrumbList\",\"@id\":\"https:\\\/\\\/www.webdo.tn\\\/fr\\\/actualite\\\/national\\\/bct-int-convention-pour-la-generalisation-des-services-de-paiement-electronique\\\/207452\\\/#breadcrumb\",\"itemListElement\":[{\"@type\":\"ListItem\",\"position\":1,\"name\":\"Accueil\",\"item\":\"https:\\\/\\\/www.webdo.tn\\\/fr\\\/\"},{\"@type\":\"ListItem\",\"position\":2,\"name\":\"BCT &#8211; INT : convention pour la g\u00e9n\u00e9ralisation des services de paiement \u00e9lectronique\"}]},{\"@type\":\"WebSite\",\"@id\":\"https:\\\/\\\/www.webdo.tn\\\/fr\\\/#website\",\"url\":\"https:\\\/\\\/www.webdo.tn\\\/fr\\\/\",\"name\":\"webdo\",\"description\":\"Tunisie - News en Tunisie et \u00e0 l&#039;international sur Webdo.tn\",\"publisher\":{\"@id\":\"https:\\\/\\\/www.webdo.tn\\\/fr\\\/#organization\"},\"potentialAction\":[{\"@type\":\"SearchAction\",\"target\":{\"@type\":\"EntryPoint\",\"urlTemplate\":\"https:\\\/\\\/www.webdo.tn\\\/fr\\\/?s={search_term_string}\"},\"query-input\":{\"@type\":\"PropertyValueSpecification\",\"valueRequired\":true,\"valueName\":\"search_term_string\"}}],\"inLanguage\":\"fr-FR\"},{\"@type\":\"Organization\",\"@id\":\"https:\\\/\\\/www.webdo.tn\\\/fr\\\/#organization\",\"name\":\"Webdo\",\"alternateName\":\"Webdo.tn\",\"url\":\"https:\\\/\\\/www.webdo.tn\\\/fr\\\/\",\"logo\":{\"@type\":\"ImageObject\",\"inLanguage\":\"fr-FR\",\"@id\":\"https:\\\/\\\/www.webdo.tn\\\/fr\\\/#\\\/schema\\\/logo\\\/image\\\/\",\"url\":\"https:\\\/\\\/www.webdo.tn\\\/fr\\\/wp-content\\\/uploads\\\/2025\\\/06\\\/Webdo-Tunisie_168377.jpg\",\"contentUrl\":\"https:\\\/\\\/www.webdo.tn\\\/fr\\\/wp-content\\\/uploads\\\/2025\\\/06\\\/Webdo-Tunisie_168377.jpg\",\"width\":301,\"height\":301,\"caption\":\"Webdo\"},\"image\":{\"@id\":\"https:\\\/\\\/www.webdo.tn\\\/fr\\\/#\\\/schema\\\/logo\\\/image\\\/\"},\"sameAs\":[\"https:\\\/\\\/www.facebook.com\\\/webdotn\",\"https:\\\/\\\/x.com\\\/webdo_tn\"],\"description\":\"Webdo est un m\u00e9dia num\u00e9rique tunisien fond\u00e9 en 2010, sp\u00e9cialis\u00e9 dans l\u2019actualit\u00e9 nationale et internationale, l\u2019\u00e9conomie, la soci\u00e9t\u00e9 et les analyses politiques. Le site s\u2019adresse \u00e0 un large public francophone et couvre l\u2019information tunisienne en temps r\u00e9el.\",\"email\":\"redac@webdo.tn\",\"legalName\":\"YNJ SARL\",\"foundingDate\":\"2010-09-06\",\"numberOfEmployees\":{\"@type\":\"QuantitativeValue\",\"minValue\":\"11\",\"maxValue\":\"50\"}},{\"@type\":\"Person\",\"@id\":\"https:\\\/\\\/www.webdo.tn\\\/fr\\\/#\\\/schema\\\/person\\\/ae999f6cc68c323955dd7bb23b41f2dd\",\"name\":\"WDA\",\"image\":{\"@type\":\"ImageObject\",\"inLanguage\":\"fr-FR\",\"@id\":\"https:\\\/\\\/secure.gravatar.com\\\/avatar\\\/008e9c4da3bbf467e76fbd05ea8a140d6f047be3ff32b495e3a42ecd99d95622?s=96&d=mm&r=g\",\"url\":\"https:\\\/\\\/secure.gravatar.com\\\/avatar\\\/008e9c4da3bbf467e76fbd05ea8a140d6f047be3ff32b495e3a42ecd99d95622?s=96&d=mm&r=g\",\"contentUrl\":\"https:\\\/\\\/secure.gravatar.com\\\/avatar\\\/008e9c4da3bbf467e76fbd05ea8a140d6f047be3ff32b495e3a42ecd99d95622?s=96&d=mm&r=g\",\"caption\":\"WDA\"},\"url\":\"https:\\\/\\\/www.webdo.tn\\\/fr\\\/actualite\\\/author\\\/wda\\\/\"}]}<\/script>\n<!-- \/ Yoast SEO Premium plugin. -->","yoast_head_json":{"title":"BCT - INT : convention pour la g\u00e9n\u00e9ralisation des services de paiement \u00e9lectronique","description":"La Banque centrale de Tunisie (BCT) et l\u2019Instance nationale des T\u00e9l\u00e9communications (INT) viennent de signer, jeudi 20 juillet, une convention, d\u00e9terminant les f...","canonical":"https:\/\/www.webdo.tn\/fr\/actualite\/national\/bct-int-convention-pour-la-generalisation-des-services-de-paiement-electronique\/207452\/","og_locale":"fr_FR","og_type":"article","og_title":"BCT - INT : convention pour la g\u00e9n\u00e9ralisation des services de paiement \u00e9lectronique","og_description":"La Banque centrale de Tunisie (BCT) et l\u2019Instance nationale des T\u00e9l\u00e9communications (INT) viennent de signer, jeudi 20 juillet, une convention, d\u00e9terminant les f...","og_url":"https:\/\/www.webdo.tn\/fr\/actualite\/national\/bct-int-convention-pour-la-generalisation-des-services-de-paiement-electronique\/207452\/","og_site_name":"webdo","article_publisher":"https:\/\/www.facebook.com\/webdotn","article_published_time":"2023-07-24T15:48:00+00:00","article_modified_time":"2025-05-20T22:57:16+00:00","og_image":[{"width":750,"height":400,"url":"https:\/\/www.webdo.tn\/fr\/wp-content\/uploads\/2023\/07\/8a7896306849ddcd6af2c4df5eccad37.jpg","type":"image\/jpeg"}],"author":"WDA","twitter_card":"summary_large_image","twitter_creator":"@webdo_tn","twitter_site":"@webdo_tn","twitter_misc":{"\u00c9crit par":"WDA","Dur\u00e9e de lecture estim\u00e9e":"1 minute"},"schema":{"@context":"https:\/\/schema.org","@graph":[{"@type":"NewsArticle","@id":"https:\/\/www.webdo.tn\/fr\/actualite\/national\/bct-int-convention-pour-la-generalisation-des-services-de-paiement-electronique\/207452\/#article","isPartOf":{"@id":"https:\/\/www.webdo.tn\/fr\/actualite\/national\/bct-int-convention-pour-la-generalisation-des-services-de-paiement-electronique\/207452\/"},"author":{"name":"WDA","@id":"https:\/\/www.webdo.tn\/fr\/#\/schema\/person\/ae999f6cc68c323955dd7bb23b41f2dd"},"headline":"BCT &#8211; INT : convention pour la g\u00e9n\u00e9ralisation des services de paiement \u00e9lectronique","datePublished":"2023-07-24T15:48:00+00:00","dateModified":"2025-05-20T22:57:16+00:00","mainEntityOfPage":{"@id":"https:\/\/www.webdo.tn\/fr\/actualite\/national\/bct-int-convention-pour-la-generalisation-des-services-de-paiement-electronique\/207452\/"},"wordCount":206,"commentCount":0,"publisher":{"@id":"https:\/\/www.webdo.tn\/fr\/#organization"},"image":{"@id":"https:\/\/www.webdo.tn\/fr\/actualite\/national\/bct-int-convention-pour-la-generalisation-des-services-de-paiement-electronique\/207452\/#primaryimage"},"thumbnailUrl":"https:\/\/www.webdo.tn\/fr\/wp-content\/uploads\/2023\/07\/8a7896306849ddcd6af2c4df5eccad37.jpg","keywords":["BCT","convention","int"],"articleSection":["National"],"inLanguage":"fr-FR"},{"@type":"WebPage","@id":"https:\/\/www.webdo.tn\/fr\/actualite\/national\/bct-int-convention-pour-la-generalisation-des-services-de-paiement-electronique\/207452\/","url":"https:\/\/www.webdo.tn\/fr\/actualite\/national\/bct-int-convention-pour-la-generalisation-des-services-de-paiement-electronique\/207452\/","name":"BCT - INT : convention pour la g\u00e9n\u00e9ralisation des services de paiement \u00e9lectronique","isPartOf":{"@id":"https:\/\/www.webdo.tn\/fr\/#website"},"primaryImageOfPage":{"@id":"https:\/\/www.webdo.tn\/fr\/actualite\/national\/bct-int-convention-pour-la-generalisation-des-services-de-paiement-electronique\/207452\/#primaryimage"},"image":{"@id":"https:\/\/www.webdo.tn\/fr\/actualite\/national\/bct-int-convention-pour-la-generalisation-des-services-de-paiement-electronique\/207452\/#primaryimage"},"thumbnailUrl":"https:\/\/www.webdo.tn\/fr\/wp-content\/uploads\/2023\/07\/8a7896306849ddcd6af2c4df5eccad37.jpg","datePublished":"2023-07-24T15:48:00+00:00","dateModified":"2025-05-20T22:57:16+00:00","description":"La Banque centrale de Tunisie (BCT) et l\u2019Instance nationale des T\u00e9l\u00e9communications (INT) viennent de signer, jeudi 20 juillet, une convention, d\u00e9terminant les f...","breadcrumb":{"@id":"https:\/\/www.webdo.tn\/fr\/actualite\/national\/bct-int-convention-pour-la-generalisation-des-services-de-paiement-electronique\/207452\/#breadcrumb"},"inLanguage":"fr-FR","potentialAction":[{"@type":"ReadAction","target":["https:\/\/www.webdo.tn\/fr\/actualite\/national\/bct-int-convention-pour-la-generalisation-des-services-de-paiement-electronique\/207452\/"]}]},{"@type":"ImageObject","inLanguage":"fr-FR","@id":"https:\/\/www.webdo.tn\/fr\/actualite\/national\/bct-int-convention-pour-la-generalisation-des-services-de-paiement-electronique\/207452\/#primaryimage","url":"https:\/\/www.webdo.tn\/fr\/wp-content\/uploads\/2023\/07\/8a7896306849ddcd6af2c4df5eccad37.jpg","contentUrl":"https:\/\/www.webdo.tn\/fr\/wp-content\/uploads\/2023\/07\/8a7896306849ddcd6af2c4df5eccad37.jpg","width":750,"height":400,"caption":"BCT - INT : convention pour la g\u00e9n\u00e9ralisation des services de paiement \u00e9lectronique"},{"@type":"BreadcrumbList","@id":"https:\/\/www.webdo.tn\/fr\/actualite\/national\/bct-int-convention-pour-la-generalisation-des-services-de-paiement-electronique\/207452\/#breadcrumb","itemListElement":[{"@type":"ListItem","position":1,"name":"Accueil","item":"https:\/\/www.webdo.tn\/fr\/"},{"@type":"ListItem","position":2,"name":"BCT &#8211; INT : convention pour la g\u00e9n\u00e9ralisation des services de paiement \u00e9lectronique"}]},{"@type":"WebSite","@id":"https:\/\/www.webdo.tn\/fr\/#website","url":"https:\/\/www.webdo.tn\/fr\/","name":"webdo","description":"Tunisie - News en Tunisie et \u00e0 l&#039;international sur Webdo.tn","publisher":{"@id":"https:\/\/www.webdo.tn\/fr\/#organization"},"potentialAction":[{"@type":"SearchAction","target":{"@type":"EntryPoint","urlTemplate":"https:\/\/www.webdo.tn\/fr\/?s={search_term_string}"},"query-input":{"@type":"PropertyValueSpecification","valueRequired":true,"valueName":"search_term_string"}}],"inLanguage":"fr-FR"},{"@type":"Organization","@id":"https:\/\/www.webdo.tn\/fr\/#organization","name":"Webdo","alternateName":"Webdo.tn","url":"https:\/\/www.webdo.tn\/fr\/","logo":{"@type":"ImageObject","inLanguage":"fr-FR","@id":"https:\/\/www.webdo.tn\/fr\/#\/schema\/logo\/image\/","url":"https:\/\/www.webdo.tn\/fr\/wp-content\/uploads\/2025\/06\/Webdo-Tunisie_168377.jpg","contentUrl":"https:\/\/www.webdo.tn\/fr\/wp-content\/uploads\/2025\/06\/Webdo-Tunisie_168377.jpg","width":301,"height":301,"caption":"Webdo"},"image":{"@id":"https:\/\/www.webdo.tn\/fr\/#\/schema\/logo\/image\/"},"sameAs":["https:\/\/www.facebook.com\/webdotn","https:\/\/x.com\/webdo_tn"],"description":"Webdo est un m\u00e9dia num\u00e9rique tunisien fond\u00e9 en 2010, sp\u00e9cialis\u00e9 dans l\u2019actualit\u00e9 nationale et internationale, l\u2019\u00e9conomie, la soci\u00e9t\u00e9 et les analyses politiques. Le site s\u2019adresse \u00e0 un large public francophone et couvre l\u2019information tunisienne en temps r\u00e9el.","email":"redac@webdo.tn","legalName":"YNJ SARL","foundingDate":"2010-09-06","numberOfEmployees":{"@type":"QuantitativeValue","minValue":"11","maxValue":"50"}},{"@type":"Person","@id":"https:\/\/www.webdo.tn\/fr\/#\/schema\/person\/ae999f6cc68c323955dd7bb23b41f2dd","name":"WDA","image":{"@type":"ImageObject","inLanguage":"fr-FR","@id":"https:\/\/secure.gravatar.com\/avatar\/008e9c4da3bbf467e76fbd05ea8a140d6f047be3ff32b495e3a42ecd99d95622?s=96&d=mm&r=g","url":"https:\/\/secure.gravatar.com\/avatar\/008e9c4da3bbf467e76fbd05ea8a140d6f047be3ff32b495e3a42ecd99d95622?s=96&d=mm&r=g","contentUrl":"https:\/\/secure.gravatar.com\/avatar\/008e9c4da3bbf467e76fbd05ea8a140d6f047be3ff32b495e3a42ecd99d95622?s=96&d=mm&r=g","caption":"WDA"},"url":"https:\/\/www.webdo.tn\/fr\/actualite\/author\/wda\/"}]}},"_links":{"self":[{"href":"https:\/\/www.webdo.tn\/fr\/wp-json\/wp\/v2\/posts\/207452","targetHints":{"allow":["GET"]}}],"collection":[{"href":"https:\/\/www.webdo.tn\/fr\/wp-json\/wp\/v2\/posts"}],"about":[{"href":"https:\/\/www.webdo.tn\/fr\/wp-json\/wp\/v2\/types\/post"}],"author":[{"embeddable":true,"href":"https:\/\/www.webdo.tn\/fr\/wp-json\/wp\/v2\/users\/3185"}],"replies":[{"embeddable":true,"href":"https:\/\/www.webdo.tn\/fr\/wp-json\/wp\/v2\/comments?post=207452"}],"version-history":[{"count":0,"href":"https:\/\/www.webdo.tn\/fr\/wp-json\/wp\/v2\/posts\/207452\/revisions"}],"wp:featuredmedia":[{"embeddable":true,"href":"https:\/\/www.webdo.tn\/fr\/wp-json\/wp\/v2\/media\/278528"}],"wp:attachment":[{"href":"https:\/\/www.webdo.tn\/fr\/wp-json\/wp\/v2\/media?parent=207452"}],"wp:term":[{"taxonomy":"category","embeddable":true,"href":"https:\/\/www.webdo.tn\/fr\/wp-json\/wp\/v2\/categories?post=207452"},{"taxonomy":"post_tag","embeddable":true,"href":"https:\/\/www.webdo.tn\/fr\/wp-json\/wp\/v2\/tags?post=207452"}],"curies":[{"name":"wp","href":"https:\/\/api.w.org\/{rel}","templated":true}]}}