{"id":207450,"date":"2023-07-24T14:55:00","date_gmt":"2023-07-24T14:55:00","guid":{"rendered":"https:\/\/www.webdo.tn\/fr\/blog\/l-incendie-de-melloula-reprend-et-evacuation-des-habitants\/207450\/"},"modified":"2025-05-20T22:57:16","modified_gmt":"2025-05-20T22:57:16","slug":"l-incendie-de-melloula-reprend-et-evacuation-des-habitants","status":"publish","type":"post","link":"https:\/\/www.webdo.tn\/fr\/actualite\/regions\/l-incendie-de-melloula-reprend-et-evacuation-des-habitants\/207450\/","title":{"rendered":"L\u2019incendie de Melloula reprend et \u00e9vacuation des habitants"},"content":{"rendered":"<p>Bien qu\u2019ayant \u00e9t\u00e9 ma\u00eetris\u00e9, selon le communiqu\u00e9 de la Direction r\u00e9gionale de la Protection civile de Jendouba publi\u00e9 samedi dernier, l\u2019incendie de Melloula, dans la r\u00e9gion de Tabarka, a repris de plus belle aujourd\u2019hui et ravag\u00e9 de grandes surfaces foresti\u00e8res.<\/p>\n<p>\t\t\t\t\t\t\t\t\tCette reprise de l\u2019incendie est due \u00e0 des vents tr\u00e8s forts qui se sont lev\u00e9s dans la r\u00e9gion.<\/p>\n<p>En raison de cette grave situation, ladite Direction de la Protection civile a entrepris d\u2019\u00e9vacuer tous les habitants de la zone de Melloula, selon un communiqu\u00e9 qu\u2019elle a diffus\u00e9 aujourd\u2019hui lundi 24 juillet 2023.<\/p>\n<p>Dans la plupart des cas, la reprise de feu ne peut \u00eatre due qu\u2019\u00e0 des cendres ou des flammes qui couvent souvent sous les d\u00e9combres ou dans les troncs d\u2019arbres et ont \u00e9t\u00e9 raviv\u00e9es par la force des vents, provoquant la d\u00e9claration de cet incendie.<\/p>\n","protected":false},"excerpt":{"rendered":"<p>L\u2019incendie de Melloula, dans la r\u00e9gion de Tabarka, a repris de plus belle aujourd\u2019hui et ravag\u00e9 de grandes surfaces foresti\u00e8res.<\/p>\n","protected":false},"author":3185,"featured_media":278519,"comment_status":"open","ping_status":"closed","sticky":false,"template":"","format":"standard","meta":{"footnotes":""},"categories":[2595],"tags":[3089,8166,4671],"class_list":["post-207450","post","type-post","status-publish","format-standard","has-post-thumbnail","hentry","category-regions","tag-incendie","tag-melloula","tag-vents"],"yoast_head":"<!-- This site is optimized with the Yoast SEO Premium plugin v27.5 (Yoast SEO v27.5) - https:\/\/yoast.com\/product\/yoast-seo-premium-wordpress\/ -->\n<title>L\u2019incendie de Melloula reprend et \u00e9vacuation des habitants<\/title>\n<meta name=\"description\" content=\"L\u2019incendie de Melloula, dans la r\u00e9gion de Tabarka, a repris de plus belle aujourd\u2019hui et ravag\u00e9 de grandes surfaces foresti\u00e8res.\" \/>\n<link rel=\"canonical\" href=\"https:\/\/www.webdo.tn\/fr\/actualite\/regions\/l-incendie-de-melloula-reprend-et-evacuation-des-habitants\/207450\/\" \/>\n<meta property=\"og:locale\" content=\"fr_FR\" \/>\n<meta property=\"og:type\" content=\"article\" \/>\n<meta property=\"og:title\" content=\"L\u2019incendie de Melloula reprend et \u00e9vacuation des habitants\" \/>\n<meta property=\"og:description\" content=\"L\u2019incendie de Melloula, dans la r\u00e9gion de Tabarka, a repris de plus belle aujourd\u2019hui et ravag\u00e9 de grandes surfaces foresti\u00e8res.\" \/>\n<meta property=\"og:url\" content=\"https:\/\/www.webdo.tn\/fr\/actualite\/regions\/l-incendie-de-melloula-reprend-et-evacuation-des-habitants\/207450\/\" \/>\n<meta property=\"og:site_name\" content=\"webdo\" \/>\n<meta property=\"article:publisher\" content=\"https:\/\/www.facebook.com\/webdotn\" \/>\n<meta property=\"article:published_time\" content=\"2023-07-24T14:55:00+00:00\" \/>\n<meta property=\"article:modified_time\" content=\"2025-05-20T22:57:16+00:00\" \/>\n<meta property=\"og:image\" content=\"https:\/\/www.webdo.tn\/fr\/wp-content\/uploads\/2023\/07\/be7db90941446d7f2a19406213684249.jpg\" \/>\n\t<meta property=\"og:image:width\" content=\"750\" \/>\n\t<meta property=\"og:image:height\" content=\"400\" \/>\n\t<meta property=\"og:image:type\" content=\"image\/jpeg\" \/>\n<meta name=\"author\" content=\"WDA\" \/>\n<meta name=\"twitter:card\" content=\"summary_large_image\" \/>\n<meta name=\"twitter:creator\" content=\"@webdo_tn\" \/>\n<meta name=\"twitter:site\" content=\"@webdo_tn\" \/>\n<meta name=\"twitter:label1\" content=\"\u00c9crit par\" \/>\n\t<meta name=\"twitter:data1\" content=\"WDA\" \/>\n\t<meta name=\"twitter:label2\" content=\"Dur\u00e9e de lecture estim\u00e9e\" \/>\n\t<meta name=\"twitter:data2\" content=\"1 minute\" \/>\n<script type=\"application\/ld+json\" class=\"yoast-schema-graph\">{\"@context\":\"https:\\\/\\\/schema.org\",\"@graph\":[{\"@type\":\"NewsArticle\",\"@id\":\"https:\\\/\\\/www.webdo.tn\\\/fr\\\/actualite\\\/regions\\\/l-incendie-de-melloula-reprend-et-evacuation-des-habitants\\\/207450\\\/#article\",\"isPartOf\":{\"@id\":\"https:\\\/\\\/www.webdo.tn\\\/fr\\\/actualite\\\/regions\\\/l-incendie-de-melloula-reprend-et-evacuation-des-habitants\\\/207450\\\/\"},\"author\":{\"name\":\"WDA\",\"@id\":\"https:\\\/\\\/www.webdo.tn\\\/fr\\\/#\\\/schema\\\/person\\\/ae999f6cc68c323955dd7bb23b41f2dd\"},\"headline\":\"L\u2019incendie de Melloula reprend et \u00e9vacuation des habitants\",\"datePublished\":\"2023-07-24T14:55:00+00:00\",\"dateModified\":\"2025-05-20T22:57:16+00:00\",\"mainEntityOfPage\":{\"@id\":\"https:\\\/\\\/www.webdo.tn\\\/fr\\\/actualite\\\/regions\\\/l-incendie-de-melloula-reprend-et-evacuation-des-habitants\\\/207450\\\/\"},\"wordCount\":161,\"commentCount\":0,\"publisher\":{\"@id\":\"https:\\\/\\\/www.webdo.tn\\\/fr\\\/#organization\"},\"image\":{\"@id\":\"https:\\\/\\\/www.webdo.tn\\\/fr\\\/actualite\\\/regions\\\/l-incendie-de-melloula-reprend-et-evacuation-des-habitants\\\/207450\\\/#primaryimage\"},\"thumbnailUrl\":\"https:\\\/\\\/www.webdo.tn\\\/fr\\\/wp-content\\\/uploads\\\/2023\\\/07\\\/be7db90941446d7f2a19406213684249.jpg\",\"keywords\":[\"incendie\",\"Melloula\",\"Vents\"],\"articleSection\":[\"regions\"],\"inLanguage\":\"fr-FR\"},{\"@type\":\"WebPage\",\"@id\":\"https:\\\/\\\/www.webdo.tn\\\/fr\\\/actualite\\\/regions\\\/l-incendie-de-melloula-reprend-et-evacuation-des-habitants\\\/207450\\\/\",\"url\":\"https:\\\/\\\/www.webdo.tn\\\/fr\\\/actualite\\\/regions\\\/l-incendie-de-melloula-reprend-et-evacuation-des-habitants\\\/207450\\\/\",\"name\":\"L\u2019incendie de Melloula reprend et \u00e9vacuation des habitants\",\"isPartOf\":{\"@id\":\"https:\\\/\\\/www.webdo.tn\\\/fr\\\/#website\"},\"primaryImageOfPage\":{\"@id\":\"https:\\\/\\\/www.webdo.tn\\\/fr\\\/actualite\\\/regions\\\/l-incendie-de-melloula-reprend-et-evacuation-des-habitants\\\/207450\\\/#primaryimage\"},\"image\":{\"@id\":\"https:\\\/\\\/www.webdo.tn\\\/fr\\\/actualite\\\/regions\\\/l-incendie-de-melloula-reprend-et-evacuation-des-habitants\\\/207450\\\/#primaryimage\"},\"thumbnailUrl\":\"https:\\\/\\\/www.webdo.tn\\\/fr\\\/wp-content\\\/uploads\\\/2023\\\/07\\\/be7db90941446d7f2a19406213684249.jpg\",\"datePublished\":\"2023-07-24T14:55:00+00:00\",\"dateModified\":\"2025-05-20T22:57:16+00:00\",\"description\":\"L\u2019incendie de Melloula, dans la r\u00e9gion de Tabarka, a repris de plus belle aujourd\u2019hui et ravag\u00e9 de grandes surfaces foresti\u00e8res.\",\"breadcrumb\":{\"@id\":\"https:\\\/\\\/www.webdo.tn\\\/fr\\\/actualite\\\/regions\\\/l-incendie-de-melloula-reprend-et-evacuation-des-habitants\\\/207450\\\/#breadcrumb\"},\"inLanguage\":\"fr-FR\",\"potentialAction\":[{\"@type\":\"ReadAction\",\"target\":[\"https:\\\/\\\/www.webdo.tn\\\/fr\\\/actualite\\\/regions\\\/l-incendie-de-melloula-reprend-et-evacuation-des-habitants\\\/207450\\\/\"]}]},{\"@type\":\"ImageObject\",\"inLanguage\":\"fr-FR\",\"@id\":\"https:\\\/\\\/www.webdo.tn\\\/fr\\\/actualite\\\/regions\\\/l-incendie-de-melloula-reprend-et-evacuation-des-habitants\\\/207450\\\/#primaryimage\",\"url\":\"https:\\\/\\\/www.webdo.tn\\\/fr\\\/wp-content\\\/uploads\\\/2023\\\/07\\\/be7db90941446d7f2a19406213684249.jpg\",\"contentUrl\":\"https:\\\/\\\/www.webdo.tn\\\/fr\\\/wp-content\\\/uploads\\\/2023\\\/07\\\/be7db90941446d7f2a19406213684249.jpg\",\"width\":750,\"height\":400,\"caption\":\"L\u2019incendie de Melloula reprend et \u00e9vacuation des habitants\"},{\"@type\":\"BreadcrumbList\",\"@id\":\"https:\\\/\\\/www.webdo.tn\\\/fr\\\/actualite\\\/regions\\\/l-incendie-de-melloula-reprend-et-evacuation-des-habitants\\\/207450\\\/#breadcrumb\",\"itemListElement\":[{\"@type\":\"ListItem\",\"position\":1,\"name\":\"Accueil\",\"item\":\"https:\\\/\\\/www.webdo.tn\\\/fr\\\/\"},{\"@type\":\"ListItem\",\"position\":2,\"name\":\"L\u2019incendie de Melloula reprend et \u00e9vacuation des habitants\"}]},{\"@type\":\"WebSite\",\"@id\":\"https:\\\/\\\/www.webdo.tn\\\/fr\\\/#website\",\"url\":\"https:\\\/\\\/www.webdo.tn\\\/fr\\\/\",\"name\":\"webdo\",\"description\":\"Tunisie - News en Tunisie et \u00e0 l&#039;international sur Webdo.tn\",\"publisher\":{\"@id\":\"https:\\\/\\\/www.webdo.tn\\\/fr\\\/#organization\"},\"potentialAction\":[{\"@type\":\"SearchAction\",\"target\":{\"@type\":\"EntryPoint\",\"urlTemplate\":\"https:\\\/\\\/www.webdo.tn\\\/fr\\\/?s={search_term_string}\"},\"query-input\":{\"@type\":\"PropertyValueSpecification\",\"valueRequired\":true,\"valueName\":\"search_term_string\"}}],\"inLanguage\":\"fr-FR\"},{\"@type\":\"Organization\",\"@id\":\"https:\\\/\\\/www.webdo.tn\\\/fr\\\/#organization\",\"name\":\"Webdo\",\"alternateName\":\"Webdo.tn\",\"url\":\"https:\\\/\\\/www.webdo.tn\\\/fr\\\/\",\"logo\":{\"@type\":\"ImageObject\",\"inLanguage\":\"fr-FR\",\"@id\":\"https:\\\/\\\/www.webdo.tn\\\/fr\\\/#\\\/schema\\\/logo\\\/image\\\/\",\"url\":\"https:\\\/\\\/www.webdo.tn\\\/fr\\\/wp-content\\\/uploads\\\/2025\\\/06\\\/Webdo-Tunisie_168377.jpg\",\"contentUrl\":\"https:\\\/\\\/www.webdo.tn\\\/fr\\\/wp-content\\\/uploads\\\/2025\\\/06\\\/Webdo-Tunisie_168377.jpg\",\"width\":301,\"height\":301,\"caption\":\"Webdo\"},\"image\":{\"@id\":\"https:\\\/\\\/www.webdo.tn\\\/fr\\\/#\\\/schema\\\/logo\\\/image\\\/\"},\"sameAs\":[\"https:\\\/\\\/www.facebook.com\\\/webdotn\",\"https:\\\/\\\/x.com\\\/webdo_tn\"],\"description\":\"Webdo est un m\u00e9dia num\u00e9rique tunisien fond\u00e9 en 2010, sp\u00e9cialis\u00e9 dans l\u2019actualit\u00e9 nationale et internationale, l\u2019\u00e9conomie, la soci\u00e9t\u00e9 et les analyses politiques. Le site s\u2019adresse \u00e0 un large public francophone et couvre l\u2019information tunisienne en temps r\u00e9el.\",\"email\":\"redac@webdo.tn\",\"legalName\":\"YNJ SARL\",\"foundingDate\":\"2010-09-06\",\"numberOfEmployees\":{\"@type\":\"QuantitativeValue\",\"minValue\":\"11\",\"maxValue\":\"50\"}},{\"@type\":\"Person\",\"@id\":\"https:\\\/\\\/www.webdo.tn\\\/fr\\\/#\\\/schema\\\/person\\\/ae999f6cc68c323955dd7bb23b41f2dd\",\"name\":\"WDA\",\"image\":{\"@type\":\"ImageObject\",\"inLanguage\":\"fr-FR\",\"@id\":\"https:\\\/\\\/secure.gravatar.com\\\/avatar\\\/008e9c4da3bbf467e76fbd05ea8a140d6f047be3ff32b495e3a42ecd99d95622?s=96&d=mm&r=g\",\"url\":\"https:\\\/\\\/secure.gravatar.com\\\/avatar\\\/008e9c4da3bbf467e76fbd05ea8a140d6f047be3ff32b495e3a42ecd99d95622?s=96&d=mm&r=g\",\"contentUrl\":\"https:\\\/\\\/secure.gravatar.com\\\/avatar\\\/008e9c4da3bbf467e76fbd05ea8a140d6f047be3ff32b495e3a42ecd99d95622?s=96&d=mm&r=g\",\"caption\":\"WDA\"},\"url\":\"https:\\\/\\\/www.webdo.tn\\\/fr\\\/actualite\\\/author\\\/wda\\\/\"}]}<\/script>\n<!-- \/ Yoast SEO Premium plugin. -->","yoast_head_json":{"title":"L\u2019incendie de Melloula reprend et \u00e9vacuation des habitants","description":"L\u2019incendie de Melloula, dans la r\u00e9gion de Tabarka, a repris de plus belle aujourd\u2019hui et ravag\u00e9 de grandes surfaces foresti\u00e8res.","canonical":"https:\/\/www.webdo.tn\/fr\/actualite\/regions\/l-incendie-de-melloula-reprend-et-evacuation-des-habitants\/207450\/","og_locale":"fr_FR","og_type":"article","og_title":"L\u2019incendie de Melloula reprend et \u00e9vacuation des habitants","og_description":"L\u2019incendie de Melloula, dans la r\u00e9gion de Tabarka, a repris de plus belle aujourd\u2019hui et ravag\u00e9 de grandes surfaces foresti\u00e8res.","og_url":"https:\/\/www.webdo.tn\/fr\/actualite\/regions\/l-incendie-de-melloula-reprend-et-evacuation-des-habitants\/207450\/","og_site_name":"webdo","article_publisher":"https:\/\/www.facebook.com\/webdotn","article_published_time":"2023-07-24T14:55:00+00:00","article_modified_time":"2025-05-20T22:57:16+00:00","og_image":[{"width":750,"height":400,"url":"https:\/\/www.webdo.tn\/fr\/wp-content\/uploads\/2023\/07\/be7db90941446d7f2a19406213684249.jpg","type":"image\/jpeg"}],"author":"WDA","twitter_card":"summary_large_image","twitter_creator":"@webdo_tn","twitter_site":"@webdo_tn","twitter_misc":{"\u00c9crit par":"WDA","Dur\u00e9e de lecture estim\u00e9e":"1 minute"},"schema":{"@context":"https:\/\/schema.org","@graph":[{"@type":"NewsArticle","@id":"https:\/\/www.webdo.tn\/fr\/actualite\/regions\/l-incendie-de-melloula-reprend-et-evacuation-des-habitants\/207450\/#article","isPartOf":{"@id":"https:\/\/www.webdo.tn\/fr\/actualite\/regions\/l-incendie-de-melloula-reprend-et-evacuation-des-habitants\/207450\/"},"author":{"name":"WDA","@id":"https:\/\/www.webdo.tn\/fr\/#\/schema\/person\/ae999f6cc68c323955dd7bb23b41f2dd"},"headline":"L\u2019incendie de Melloula reprend et \u00e9vacuation des habitants","datePublished":"2023-07-24T14:55:00+00:00","dateModified":"2025-05-20T22:57:16+00:00","mainEntityOfPage":{"@id":"https:\/\/www.webdo.tn\/fr\/actualite\/regions\/l-incendie-de-melloula-reprend-et-evacuation-des-habitants\/207450\/"},"wordCount":161,"commentCount":0,"publisher":{"@id":"https:\/\/www.webdo.tn\/fr\/#organization"},"image":{"@id":"https:\/\/www.webdo.tn\/fr\/actualite\/regions\/l-incendie-de-melloula-reprend-et-evacuation-des-habitants\/207450\/#primaryimage"},"thumbnailUrl":"https:\/\/www.webdo.tn\/fr\/wp-content\/uploads\/2023\/07\/be7db90941446d7f2a19406213684249.jpg","keywords":["incendie","Melloula","Vents"],"articleSection":["regions"],"inLanguage":"fr-FR"},{"@type":"WebPage","@id":"https:\/\/www.webdo.tn\/fr\/actualite\/regions\/l-incendie-de-melloula-reprend-et-evacuation-des-habitants\/207450\/","url":"https:\/\/www.webdo.tn\/fr\/actualite\/regions\/l-incendie-de-melloula-reprend-et-evacuation-des-habitants\/207450\/","name":"L\u2019incendie de Melloula reprend et \u00e9vacuation des habitants","isPartOf":{"@id":"https:\/\/www.webdo.tn\/fr\/#website"},"primaryImageOfPage":{"@id":"https:\/\/www.webdo.tn\/fr\/actualite\/regions\/l-incendie-de-melloula-reprend-et-evacuation-des-habitants\/207450\/#primaryimage"},"image":{"@id":"https:\/\/www.webdo.tn\/fr\/actualite\/regions\/l-incendie-de-melloula-reprend-et-evacuation-des-habitants\/207450\/#primaryimage"},"thumbnailUrl":"https:\/\/www.webdo.tn\/fr\/wp-content\/uploads\/2023\/07\/be7db90941446d7f2a19406213684249.jpg","datePublished":"2023-07-24T14:55:00+00:00","dateModified":"2025-05-20T22:57:16+00:00","description":"L\u2019incendie de Melloula, dans la r\u00e9gion de Tabarka, a repris de plus belle aujourd\u2019hui et ravag\u00e9 de grandes surfaces foresti\u00e8res.","breadcrumb":{"@id":"https:\/\/www.webdo.tn\/fr\/actualite\/regions\/l-incendie-de-melloula-reprend-et-evacuation-des-habitants\/207450\/#breadcrumb"},"inLanguage":"fr-FR","potentialAction":[{"@type":"ReadAction","target":["https:\/\/www.webdo.tn\/fr\/actualite\/regions\/l-incendie-de-melloula-reprend-et-evacuation-des-habitants\/207450\/"]}]},{"@type":"ImageObject","inLanguage":"fr-FR","@id":"https:\/\/www.webdo.tn\/fr\/actualite\/regions\/l-incendie-de-melloula-reprend-et-evacuation-des-habitants\/207450\/#primaryimage","url":"https:\/\/www.webdo.tn\/fr\/wp-content\/uploads\/2023\/07\/be7db90941446d7f2a19406213684249.jpg","contentUrl":"https:\/\/www.webdo.tn\/fr\/wp-content\/uploads\/2023\/07\/be7db90941446d7f2a19406213684249.jpg","width":750,"height":400,"caption":"L\u2019incendie de Melloula reprend et \u00e9vacuation des habitants"},{"@type":"BreadcrumbList","@id":"https:\/\/www.webdo.tn\/fr\/actualite\/regions\/l-incendie-de-melloula-reprend-et-evacuation-des-habitants\/207450\/#breadcrumb","itemListElement":[{"@type":"ListItem","position":1,"name":"Accueil","item":"https:\/\/www.webdo.tn\/fr\/"},{"@type":"ListItem","position":2,"name":"L\u2019incendie de Melloula reprend et \u00e9vacuation des habitants"}]},{"@type":"WebSite","@id":"https:\/\/www.webdo.tn\/fr\/#website","url":"https:\/\/www.webdo.tn\/fr\/","name":"webdo","description":"Tunisie - News en Tunisie et \u00e0 l&#039;international sur Webdo.tn","publisher":{"@id":"https:\/\/www.webdo.tn\/fr\/#organization"},"potentialAction":[{"@type":"SearchAction","target":{"@type":"EntryPoint","urlTemplate":"https:\/\/www.webdo.tn\/fr\/?s={search_term_string}"},"query-input":{"@type":"PropertyValueSpecification","valueRequired":true,"valueName":"search_term_string"}}],"inLanguage":"fr-FR"},{"@type":"Organization","@id":"https:\/\/www.webdo.tn\/fr\/#organization","name":"Webdo","alternateName":"Webdo.tn","url":"https:\/\/www.webdo.tn\/fr\/","logo":{"@type":"ImageObject","inLanguage":"fr-FR","@id":"https:\/\/www.webdo.tn\/fr\/#\/schema\/logo\/image\/","url":"https:\/\/www.webdo.tn\/fr\/wp-content\/uploads\/2025\/06\/Webdo-Tunisie_168377.jpg","contentUrl":"https:\/\/www.webdo.tn\/fr\/wp-content\/uploads\/2025\/06\/Webdo-Tunisie_168377.jpg","width":301,"height":301,"caption":"Webdo"},"image":{"@id":"https:\/\/www.webdo.tn\/fr\/#\/schema\/logo\/image\/"},"sameAs":["https:\/\/www.facebook.com\/webdotn","https:\/\/x.com\/webdo_tn"],"description":"Webdo est un m\u00e9dia num\u00e9rique tunisien fond\u00e9 en 2010, sp\u00e9cialis\u00e9 dans l\u2019actualit\u00e9 nationale et internationale, l\u2019\u00e9conomie, la soci\u00e9t\u00e9 et les analyses politiques. Le site s\u2019adresse \u00e0 un large public francophone et couvre l\u2019information tunisienne en temps r\u00e9el.","email":"redac@webdo.tn","legalName":"YNJ SARL","foundingDate":"2010-09-06","numberOfEmployees":{"@type":"QuantitativeValue","minValue":"11","maxValue":"50"}},{"@type":"Person","@id":"https:\/\/www.webdo.tn\/fr\/#\/schema\/person\/ae999f6cc68c323955dd7bb23b41f2dd","name":"WDA","image":{"@type":"ImageObject","inLanguage":"fr-FR","@id":"https:\/\/secure.gravatar.com\/avatar\/008e9c4da3bbf467e76fbd05ea8a140d6f047be3ff32b495e3a42ecd99d95622?s=96&d=mm&r=g","url":"https:\/\/secure.gravatar.com\/avatar\/008e9c4da3bbf467e76fbd05ea8a140d6f047be3ff32b495e3a42ecd99d95622?s=96&d=mm&r=g","contentUrl":"https:\/\/secure.gravatar.com\/avatar\/008e9c4da3bbf467e76fbd05ea8a140d6f047be3ff32b495e3a42ecd99d95622?s=96&d=mm&r=g","caption":"WDA"},"url":"https:\/\/www.webdo.tn\/fr\/actualite\/author\/wda\/"}]}},"_links":{"self":[{"href":"https:\/\/www.webdo.tn\/fr\/wp-json\/wp\/v2\/posts\/207450","targetHints":{"allow":["GET"]}}],"collection":[{"href":"https:\/\/www.webdo.tn\/fr\/wp-json\/wp\/v2\/posts"}],"about":[{"href":"https:\/\/www.webdo.tn\/fr\/wp-json\/wp\/v2\/types\/post"}],"author":[{"embeddable":true,"href":"https:\/\/www.webdo.tn\/fr\/wp-json\/wp\/v2\/users\/3185"}],"replies":[{"embeddable":true,"href":"https:\/\/www.webdo.tn\/fr\/wp-json\/wp\/v2\/comments?post=207450"}],"version-history":[{"count":0,"href":"https:\/\/www.webdo.tn\/fr\/wp-json\/wp\/v2\/posts\/207450\/revisions"}],"wp:featuredmedia":[{"embeddable":true,"href":"https:\/\/www.webdo.tn\/fr\/wp-json\/wp\/v2\/media\/278519"}],"wp:attachment":[{"href":"https:\/\/www.webdo.tn\/fr\/wp-json\/wp\/v2\/media?parent=207450"}],"wp:term":[{"taxonomy":"category","embeddable":true,"href":"https:\/\/www.webdo.tn\/fr\/wp-json\/wp\/v2\/categories?post=207450"},{"taxonomy":"post_tag","embeddable":true,"href":"https:\/\/www.webdo.tn\/fr\/wp-json\/wp\/v2\/tags?post=207450"}],"curies":[{"name":"wp","href":"https:\/\/api.w.org\/{rel}","templated":true}]}}