{"id":207448,"date":"2023-07-24T14:07:00","date_gmt":"2023-07-24T14:07:00","guid":{"rendered":"https:\/\/www.webdo.tn\/fr\/blog\/a-rome-rencontre-entre-k-saied-et-s-mattarella\/207448\/"},"modified":"2025-05-20T22:57:16","modified_gmt":"2025-05-20T22:57:16","slug":"a-rome-rencontre-entre-k-saied-et-s-mattarella","status":"publish","type":"post","link":"https:\/\/www.webdo.tn\/fr\/actualite\/national\/a-rome-rencontre-entre-k-saied-et-s-mattarella\/207448\/","title":{"rendered":"A Rome, rencontre entre K. Sa\u00efed et S. Mattarella"},"content":{"rendered":"<p>Le pr\u00e9sident de la R\u00e9publique, Ka\u00efs Sa\u00efed, a \u00e9t\u00e9 re\u00e7u, aujourd\u2019hui lundi, par son homologue italien, Sergio Mattarella, au palais du Quirinal, \u00e0 Rome.<\/p>\n<p>\t\t\t\t\t\t\t\t\tSa\u00efed s&rsquo;est f\u00e9licit\u00e9, lors de cette rencontre, des relations d&rsquo;amiti\u00e9 solides et historiques qui unissent les deux pays, saluant les principes et les valeurs partag\u00e9s par les deux peuples, selon un communiqu\u00e9 de la pr\u00e9sidence de la R\u00e9publique.<\/p>\n<p>Il a, aussi, soulign\u00e9 la volont\u00e9 sinc\u00e8re et la d\u00e9termination forte des deux pays \u00e0 renforcer les opportunit\u00e9s de partenariat et de coop\u00e9ration bilat\u00e9rale, non seulement dans le domaine de la migration, mais aussi dans d&rsquo;autres secteurs tels que les \u00e9nergies renouvelables, la sant\u00e9, le dessalement d&rsquo;eau de mer et l&rsquo;\u00e9change scientifique, culturel et sportif, ajoute la m\u00eame source.<\/p>\n<p>Le pr\u00e9sident de la R\u00e9publique a, \u00e9galement, affirm\u00e9 que la s\u00e9rie de rencontres bilat\u00e9rales de haut niveau t\u00e9moigne de la profondeur des liens entre les deux peuples et les deux pays, et refl\u00e8te leurs aspirations communes \u00e0 construire un nouvel avenir, non seulement pour la r\u00e9gion, mais aussi pour toute l&rsquo;humanit\u00e9.<\/p>\n<p>Il a, en outre, exprim\u00e9 la volont\u00e9 de la Tunisie de concr\u00e9tiser et de mettre \u00e0 jour les accords sign\u00e9s avec l&rsquo;Italie.<\/p>\n<p>La Tunisie est pr\u00eate, a-t-il dit, \u00e0 renforcer ses partenariats commerciaux et d&rsquo;investissement avec l&rsquo;Italie, \u00e0 les \u00e9largir et \u00e0 fournir toutes les conditions favorables aux acteurs \u00e9conomiques pour exercer leurs activit\u00e9s dans un climat favorable.<\/p>\n<p>La rencontre a, notamment, \u00e9t\u00e9 l&rsquo;occasion d&rsquo;aborder la question de la migration irr\u00e9guli\u00e8re et la n\u00e9cessit\u00e9 de travailler main dans la main pour \u00e9liminer les v\u00e9ritables causes de ce ph\u00e9nom\u00e8ne et de lutter contre les r\u00e9seaux de trafiquants d&rsquo;\u00eatres humains dans les deux rives de la M\u00e9diterran\u00e9e.<\/p>\n<p>Le Pr\u00e9sident de la R\u00e9publique s&rsquo;est f\u00e9licit\u00e9 des r\u00e9sultats de la conf\u00e9rence internationale sur le d\u00e9veloppement et la migration, pour \u00e9laborer des visions collectives et non conventionnelles de la migration inhumaine.<\/p>\n<p>Les deux chefs d&rsquo;Etat ont \u00e9galement discut\u00e9 d&rsquo;autres questions li\u00e9es aux relations de la Tunisie avec l&rsquo;Union europ\u00e9enne et ses partenaires internationaux, ainsi que de plusieurs questions r\u00e9gionales et internationales d&rsquo;int\u00e9r\u00eat commun, selon la m\u00eame source.<\/p>\n","protected":false},"excerpt":{"rendered":"<p>Le pr\u00e9sident de la R\u00e9publique, Ka\u00efs Sa\u00efed, a \u00e9t\u00e9 re\u00e7u, aujourd\u2019hui lundi, par son homologue italien, Sergio Mattarella, au palais du Quirinal, \u00e0 Rome.<\/p>\n","protected":false},"author":3185,"featured_media":278521,"comment_status":"open","ping_status":"closed","sticky":false,"template":"","format":"standard","meta":{"footnotes":""},"categories":[44],"tags":[9626,7287,3418],"class_list":["post-207448","post","type-post","status-publish","format-standard","has-post-thumbnail","hentry","category-national","tag-mattarella","tag-rencontre","tag-saied"],"yoast_head":"<!-- This site is optimized with the Yoast SEO Premium plugin v27.5 (Yoast SEO v27.5) - https:\/\/yoast.com\/product\/yoast-seo-premium-wordpress\/ -->\n<title>A Rome, rencontre entre K. Sa\u00efed et S. Mattarella<\/title>\n<meta name=\"description\" content=\"Le pr\u00e9sident de la R\u00e9publique, Ka\u00efs Sa\u00efed, a \u00e9t\u00e9 re\u00e7u, aujourd\u2019hui lundi, par son homologue italien, Sergio Mattarella, au palais du Quirinal, \u00e0 Rome.\" \/>\n<link rel=\"canonical\" href=\"https:\/\/www.webdo.tn\/fr\/actualite\/national\/a-rome-rencontre-entre-k-saied-et-s-mattarella\/207448\/\" \/>\n<meta property=\"og:locale\" content=\"fr_FR\" \/>\n<meta property=\"og:type\" content=\"article\" \/>\n<meta property=\"og:title\" content=\"A Rome, rencontre entre K. Sa\u00efed et S. Mattarella\" \/>\n<meta property=\"og:description\" content=\"Le pr\u00e9sident de la R\u00e9publique, Ka\u00efs Sa\u00efed, a \u00e9t\u00e9 re\u00e7u, aujourd\u2019hui lundi, par son homologue italien, Sergio Mattarella, au palais du Quirinal, \u00e0 Rome.\" \/>\n<meta property=\"og:url\" content=\"https:\/\/www.webdo.tn\/fr\/actualite\/national\/a-rome-rencontre-entre-k-saied-et-s-mattarella\/207448\/\" \/>\n<meta property=\"og:site_name\" content=\"webdo\" \/>\n<meta property=\"article:publisher\" content=\"https:\/\/www.facebook.com\/webdotn\" \/>\n<meta property=\"article:published_time\" content=\"2023-07-24T14:07:00+00:00\" \/>\n<meta property=\"article:modified_time\" content=\"2025-05-20T22:57:16+00:00\" \/>\n<meta property=\"og:image\" content=\"https:\/\/www.webdo.tn\/fr\/wp-content\/uploads\/2023\/07\/3be19c4e5f43a0c5b302abda0b73bb25.jpg\" \/>\n\t<meta property=\"og:image:width\" content=\"750\" \/>\n\t<meta property=\"og:image:height\" content=\"400\" \/>\n\t<meta property=\"og:image:type\" content=\"image\/jpeg\" \/>\n<meta name=\"author\" content=\"WDA\" \/>\n<meta name=\"twitter:card\" content=\"summary_large_image\" \/>\n<meta name=\"twitter:creator\" content=\"@webdo_tn\" \/>\n<meta name=\"twitter:site\" content=\"@webdo_tn\" \/>\n<meta name=\"twitter:label1\" content=\"\u00c9crit par\" \/>\n\t<meta name=\"twitter:data1\" content=\"WDA\" \/>\n\t<meta name=\"twitter:label2\" content=\"Dur\u00e9e de lecture estim\u00e9e\" \/>\n\t<meta name=\"twitter:data2\" content=\"2 minutes\" \/>\n<script type=\"application\/ld+json\" class=\"yoast-schema-graph\">{\"@context\":\"https:\\\/\\\/schema.org\",\"@graph\":[{\"@type\":\"NewsArticle\",\"@id\":\"https:\\\/\\\/www.webdo.tn\\\/fr\\\/actualite\\\/national\\\/a-rome-rencontre-entre-k-saied-et-s-mattarella\\\/207448\\\/#article\",\"isPartOf\":{\"@id\":\"https:\\\/\\\/www.webdo.tn\\\/fr\\\/actualite\\\/national\\\/a-rome-rencontre-entre-k-saied-et-s-mattarella\\\/207448\\\/\"},\"author\":{\"name\":\"WDA\",\"@id\":\"https:\\\/\\\/www.webdo.tn\\\/fr\\\/#\\\/schema\\\/person\\\/ae999f6cc68c323955dd7bb23b41f2dd\"},\"headline\":\"A Rome, rencontre entre K. Sa\u00efed et S. Mattarella\",\"datePublished\":\"2023-07-24T14:07:00+00:00\",\"dateModified\":\"2025-05-20T22:57:16+00:00\",\"mainEntityOfPage\":{\"@id\":\"https:\\\/\\\/www.webdo.tn\\\/fr\\\/actualite\\\/national\\\/a-rome-rencontre-entre-k-saied-et-s-mattarella\\\/207448\\\/\"},\"wordCount\":413,\"commentCount\":0,\"publisher\":{\"@id\":\"https:\\\/\\\/www.webdo.tn\\\/fr\\\/#organization\"},\"image\":{\"@id\":\"https:\\\/\\\/www.webdo.tn\\\/fr\\\/actualite\\\/national\\\/a-rome-rencontre-entre-k-saied-et-s-mattarella\\\/207448\\\/#primaryimage\"},\"thumbnailUrl\":\"https:\\\/\\\/www.webdo.tn\\\/fr\\\/wp-content\\\/uploads\\\/2023\\\/07\\\/3be19c4e5f43a0c5b302abda0b73bb25.jpg\",\"keywords\":[\"Mattarella\",\"Rencontre\",\"Saied\"],\"articleSection\":[\"National\"],\"inLanguage\":\"fr-FR\"},{\"@type\":\"WebPage\",\"@id\":\"https:\\\/\\\/www.webdo.tn\\\/fr\\\/actualite\\\/national\\\/a-rome-rencontre-entre-k-saied-et-s-mattarella\\\/207448\\\/\",\"url\":\"https:\\\/\\\/www.webdo.tn\\\/fr\\\/actualite\\\/national\\\/a-rome-rencontre-entre-k-saied-et-s-mattarella\\\/207448\\\/\",\"name\":\"A Rome, rencontre entre K. Sa\u00efed et S. Mattarella\",\"isPartOf\":{\"@id\":\"https:\\\/\\\/www.webdo.tn\\\/fr\\\/#website\"},\"primaryImageOfPage\":{\"@id\":\"https:\\\/\\\/www.webdo.tn\\\/fr\\\/actualite\\\/national\\\/a-rome-rencontre-entre-k-saied-et-s-mattarella\\\/207448\\\/#primaryimage\"},\"image\":{\"@id\":\"https:\\\/\\\/www.webdo.tn\\\/fr\\\/actualite\\\/national\\\/a-rome-rencontre-entre-k-saied-et-s-mattarella\\\/207448\\\/#primaryimage\"},\"thumbnailUrl\":\"https:\\\/\\\/www.webdo.tn\\\/fr\\\/wp-content\\\/uploads\\\/2023\\\/07\\\/3be19c4e5f43a0c5b302abda0b73bb25.jpg\",\"datePublished\":\"2023-07-24T14:07:00+00:00\",\"dateModified\":\"2025-05-20T22:57:16+00:00\",\"description\":\"Le pr\u00e9sident de la R\u00e9publique, Ka\u00efs Sa\u00efed, a \u00e9t\u00e9 re\u00e7u, aujourd\u2019hui lundi, par son homologue italien, Sergio Mattarella, au palais du Quirinal, \u00e0 Rome.\",\"breadcrumb\":{\"@id\":\"https:\\\/\\\/www.webdo.tn\\\/fr\\\/actualite\\\/national\\\/a-rome-rencontre-entre-k-saied-et-s-mattarella\\\/207448\\\/#breadcrumb\"},\"inLanguage\":\"fr-FR\",\"potentialAction\":[{\"@type\":\"ReadAction\",\"target\":[\"https:\\\/\\\/www.webdo.tn\\\/fr\\\/actualite\\\/national\\\/a-rome-rencontre-entre-k-saied-et-s-mattarella\\\/207448\\\/\"]}]},{\"@type\":\"ImageObject\",\"inLanguage\":\"fr-FR\",\"@id\":\"https:\\\/\\\/www.webdo.tn\\\/fr\\\/actualite\\\/national\\\/a-rome-rencontre-entre-k-saied-et-s-mattarella\\\/207448\\\/#primaryimage\",\"url\":\"https:\\\/\\\/www.webdo.tn\\\/fr\\\/wp-content\\\/uploads\\\/2023\\\/07\\\/3be19c4e5f43a0c5b302abda0b73bb25.jpg\",\"contentUrl\":\"https:\\\/\\\/www.webdo.tn\\\/fr\\\/wp-content\\\/uploads\\\/2023\\\/07\\\/3be19c4e5f43a0c5b302abda0b73bb25.jpg\",\"width\":750,\"height\":400,\"caption\":\"A Rome, rencontre entre K. Sa\u00efed et S. Mattarella\"},{\"@type\":\"BreadcrumbList\",\"@id\":\"https:\\\/\\\/www.webdo.tn\\\/fr\\\/actualite\\\/national\\\/a-rome-rencontre-entre-k-saied-et-s-mattarella\\\/207448\\\/#breadcrumb\",\"itemListElement\":[{\"@type\":\"ListItem\",\"position\":1,\"name\":\"Accueil\",\"item\":\"https:\\\/\\\/www.webdo.tn\\\/fr\\\/\"},{\"@type\":\"ListItem\",\"position\":2,\"name\":\"A Rome, rencontre entre K. Sa\u00efed et S. Mattarella\"}]},{\"@type\":\"WebSite\",\"@id\":\"https:\\\/\\\/www.webdo.tn\\\/fr\\\/#website\",\"url\":\"https:\\\/\\\/www.webdo.tn\\\/fr\\\/\",\"name\":\"webdo\",\"description\":\"Tunisie - News en Tunisie et \u00e0 l&#039;international sur Webdo.tn\",\"publisher\":{\"@id\":\"https:\\\/\\\/www.webdo.tn\\\/fr\\\/#organization\"},\"potentialAction\":[{\"@type\":\"SearchAction\",\"target\":{\"@type\":\"EntryPoint\",\"urlTemplate\":\"https:\\\/\\\/www.webdo.tn\\\/fr\\\/?s={search_term_string}\"},\"query-input\":{\"@type\":\"PropertyValueSpecification\",\"valueRequired\":true,\"valueName\":\"search_term_string\"}}],\"inLanguage\":\"fr-FR\"},{\"@type\":\"Organization\",\"@id\":\"https:\\\/\\\/www.webdo.tn\\\/fr\\\/#organization\",\"name\":\"Webdo\",\"alternateName\":\"Webdo.tn\",\"url\":\"https:\\\/\\\/www.webdo.tn\\\/fr\\\/\",\"logo\":{\"@type\":\"ImageObject\",\"inLanguage\":\"fr-FR\",\"@id\":\"https:\\\/\\\/www.webdo.tn\\\/fr\\\/#\\\/schema\\\/logo\\\/image\\\/\",\"url\":\"https:\\\/\\\/www.webdo.tn\\\/fr\\\/wp-content\\\/uploads\\\/2025\\\/06\\\/Webdo-Tunisie_168377.jpg\",\"contentUrl\":\"https:\\\/\\\/www.webdo.tn\\\/fr\\\/wp-content\\\/uploads\\\/2025\\\/06\\\/Webdo-Tunisie_168377.jpg\",\"width\":301,\"height\":301,\"caption\":\"Webdo\"},\"image\":{\"@id\":\"https:\\\/\\\/www.webdo.tn\\\/fr\\\/#\\\/schema\\\/logo\\\/image\\\/\"},\"sameAs\":[\"https:\\\/\\\/www.facebook.com\\\/webdotn\",\"https:\\\/\\\/x.com\\\/webdo_tn\"],\"description\":\"Webdo est un m\u00e9dia num\u00e9rique tunisien fond\u00e9 en 2010, sp\u00e9cialis\u00e9 dans l\u2019actualit\u00e9 nationale et internationale, l\u2019\u00e9conomie, la soci\u00e9t\u00e9 et les analyses politiques. Le site s\u2019adresse \u00e0 un large public francophone et couvre l\u2019information tunisienne en temps r\u00e9el.\",\"email\":\"redac@webdo.tn\",\"legalName\":\"YNJ SARL\",\"foundingDate\":\"2010-09-06\",\"numberOfEmployees\":{\"@type\":\"QuantitativeValue\",\"minValue\":\"11\",\"maxValue\":\"50\"}},{\"@type\":\"Person\",\"@id\":\"https:\\\/\\\/www.webdo.tn\\\/fr\\\/#\\\/schema\\\/person\\\/ae999f6cc68c323955dd7bb23b41f2dd\",\"name\":\"WDA\",\"image\":{\"@type\":\"ImageObject\",\"inLanguage\":\"fr-FR\",\"@id\":\"https:\\\/\\\/secure.gravatar.com\\\/avatar\\\/008e9c4da3bbf467e76fbd05ea8a140d6f047be3ff32b495e3a42ecd99d95622?s=96&d=mm&r=g\",\"url\":\"https:\\\/\\\/secure.gravatar.com\\\/avatar\\\/008e9c4da3bbf467e76fbd05ea8a140d6f047be3ff32b495e3a42ecd99d95622?s=96&d=mm&r=g\",\"contentUrl\":\"https:\\\/\\\/secure.gravatar.com\\\/avatar\\\/008e9c4da3bbf467e76fbd05ea8a140d6f047be3ff32b495e3a42ecd99d95622?s=96&d=mm&r=g\",\"caption\":\"WDA\"},\"url\":\"https:\\\/\\\/www.webdo.tn\\\/fr\\\/actualite\\\/author\\\/wda\\\/\"}]}<\/script>\n<!-- \/ Yoast SEO Premium plugin. -->","yoast_head_json":{"title":"A Rome, rencontre entre K. Sa\u00efed et S. Mattarella","description":"Le pr\u00e9sident de la R\u00e9publique, Ka\u00efs Sa\u00efed, a \u00e9t\u00e9 re\u00e7u, aujourd\u2019hui lundi, par son homologue italien, Sergio Mattarella, au palais du Quirinal, \u00e0 Rome.","canonical":"https:\/\/www.webdo.tn\/fr\/actualite\/national\/a-rome-rencontre-entre-k-saied-et-s-mattarella\/207448\/","og_locale":"fr_FR","og_type":"article","og_title":"A Rome, rencontre entre K. Sa\u00efed et S. Mattarella","og_description":"Le pr\u00e9sident de la R\u00e9publique, Ka\u00efs Sa\u00efed, a \u00e9t\u00e9 re\u00e7u, aujourd\u2019hui lundi, par son homologue italien, Sergio Mattarella, au palais du Quirinal, \u00e0 Rome.","og_url":"https:\/\/www.webdo.tn\/fr\/actualite\/national\/a-rome-rencontre-entre-k-saied-et-s-mattarella\/207448\/","og_site_name":"webdo","article_publisher":"https:\/\/www.facebook.com\/webdotn","article_published_time":"2023-07-24T14:07:00+00:00","article_modified_time":"2025-05-20T22:57:16+00:00","og_image":[{"width":750,"height":400,"url":"https:\/\/www.webdo.tn\/fr\/wp-content\/uploads\/2023\/07\/3be19c4e5f43a0c5b302abda0b73bb25.jpg","type":"image\/jpeg"}],"author":"WDA","twitter_card":"summary_large_image","twitter_creator":"@webdo_tn","twitter_site":"@webdo_tn","twitter_misc":{"\u00c9crit par":"WDA","Dur\u00e9e de lecture estim\u00e9e":"2 minutes"},"schema":{"@context":"https:\/\/schema.org","@graph":[{"@type":"NewsArticle","@id":"https:\/\/www.webdo.tn\/fr\/actualite\/national\/a-rome-rencontre-entre-k-saied-et-s-mattarella\/207448\/#article","isPartOf":{"@id":"https:\/\/www.webdo.tn\/fr\/actualite\/national\/a-rome-rencontre-entre-k-saied-et-s-mattarella\/207448\/"},"author":{"name":"WDA","@id":"https:\/\/www.webdo.tn\/fr\/#\/schema\/person\/ae999f6cc68c323955dd7bb23b41f2dd"},"headline":"A Rome, rencontre entre K. Sa\u00efed et S. Mattarella","datePublished":"2023-07-24T14:07:00+00:00","dateModified":"2025-05-20T22:57:16+00:00","mainEntityOfPage":{"@id":"https:\/\/www.webdo.tn\/fr\/actualite\/national\/a-rome-rencontre-entre-k-saied-et-s-mattarella\/207448\/"},"wordCount":413,"commentCount":0,"publisher":{"@id":"https:\/\/www.webdo.tn\/fr\/#organization"},"image":{"@id":"https:\/\/www.webdo.tn\/fr\/actualite\/national\/a-rome-rencontre-entre-k-saied-et-s-mattarella\/207448\/#primaryimage"},"thumbnailUrl":"https:\/\/www.webdo.tn\/fr\/wp-content\/uploads\/2023\/07\/3be19c4e5f43a0c5b302abda0b73bb25.jpg","keywords":["Mattarella","Rencontre","Saied"],"articleSection":["National"],"inLanguage":"fr-FR"},{"@type":"WebPage","@id":"https:\/\/www.webdo.tn\/fr\/actualite\/national\/a-rome-rencontre-entre-k-saied-et-s-mattarella\/207448\/","url":"https:\/\/www.webdo.tn\/fr\/actualite\/national\/a-rome-rencontre-entre-k-saied-et-s-mattarella\/207448\/","name":"A Rome, rencontre entre K. Sa\u00efed et S. Mattarella","isPartOf":{"@id":"https:\/\/www.webdo.tn\/fr\/#website"},"primaryImageOfPage":{"@id":"https:\/\/www.webdo.tn\/fr\/actualite\/national\/a-rome-rencontre-entre-k-saied-et-s-mattarella\/207448\/#primaryimage"},"image":{"@id":"https:\/\/www.webdo.tn\/fr\/actualite\/national\/a-rome-rencontre-entre-k-saied-et-s-mattarella\/207448\/#primaryimage"},"thumbnailUrl":"https:\/\/www.webdo.tn\/fr\/wp-content\/uploads\/2023\/07\/3be19c4e5f43a0c5b302abda0b73bb25.jpg","datePublished":"2023-07-24T14:07:00+00:00","dateModified":"2025-05-20T22:57:16+00:00","description":"Le pr\u00e9sident de la R\u00e9publique, Ka\u00efs Sa\u00efed, a \u00e9t\u00e9 re\u00e7u, aujourd\u2019hui lundi, par son homologue italien, Sergio Mattarella, au palais du Quirinal, \u00e0 Rome.","breadcrumb":{"@id":"https:\/\/www.webdo.tn\/fr\/actualite\/national\/a-rome-rencontre-entre-k-saied-et-s-mattarella\/207448\/#breadcrumb"},"inLanguage":"fr-FR","potentialAction":[{"@type":"ReadAction","target":["https:\/\/www.webdo.tn\/fr\/actualite\/national\/a-rome-rencontre-entre-k-saied-et-s-mattarella\/207448\/"]}]},{"@type":"ImageObject","inLanguage":"fr-FR","@id":"https:\/\/www.webdo.tn\/fr\/actualite\/national\/a-rome-rencontre-entre-k-saied-et-s-mattarella\/207448\/#primaryimage","url":"https:\/\/www.webdo.tn\/fr\/wp-content\/uploads\/2023\/07\/3be19c4e5f43a0c5b302abda0b73bb25.jpg","contentUrl":"https:\/\/www.webdo.tn\/fr\/wp-content\/uploads\/2023\/07\/3be19c4e5f43a0c5b302abda0b73bb25.jpg","width":750,"height":400,"caption":"A Rome, rencontre entre K. Sa\u00efed et S. Mattarella"},{"@type":"BreadcrumbList","@id":"https:\/\/www.webdo.tn\/fr\/actualite\/national\/a-rome-rencontre-entre-k-saied-et-s-mattarella\/207448\/#breadcrumb","itemListElement":[{"@type":"ListItem","position":1,"name":"Accueil","item":"https:\/\/www.webdo.tn\/fr\/"},{"@type":"ListItem","position":2,"name":"A Rome, rencontre entre K. Sa\u00efed et S. Mattarella"}]},{"@type":"WebSite","@id":"https:\/\/www.webdo.tn\/fr\/#website","url":"https:\/\/www.webdo.tn\/fr\/","name":"webdo","description":"Tunisie - News en Tunisie et \u00e0 l&#039;international sur Webdo.tn","publisher":{"@id":"https:\/\/www.webdo.tn\/fr\/#organization"},"potentialAction":[{"@type":"SearchAction","target":{"@type":"EntryPoint","urlTemplate":"https:\/\/www.webdo.tn\/fr\/?s={search_term_string}"},"query-input":{"@type":"PropertyValueSpecification","valueRequired":true,"valueName":"search_term_string"}}],"inLanguage":"fr-FR"},{"@type":"Organization","@id":"https:\/\/www.webdo.tn\/fr\/#organization","name":"Webdo","alternateName":"Webdo.tn","url":"https:\/\/www.webdo.tn\/fr\/","logo":{"@type":"ImageObject","inLanguage":"fr-FR","@id":"https:\/\/www.webdo.tn\/fr\/#\/schema\/logo\/image\/","url":"https:\/\/www.webdo.tn\/fr\/wp-content\/uploads\/2025\/06\/Webdo-Tunisie_168377.jpg","contentUrl":"https:\/\/www.webdo.tn\/fr\/wp-content\/uploads\/2025\/06\/Webdo-Tunisie_168377.jpg","width":301,"height":301,"caption":"Webdo"},"image":{"@id":"https:\/\/www.webdo.tn\/fr\/#\/schema\/logo\/image\/"},"sameAs":["https:\/\/www.facebook.com\/webdotn","https:\/\/x.com\/webdo_tn"],"description":"Webdo est un m\u00e9dia num\u00e9rique tunisien fond\u00e9 en 2010, sp\u00e9cialis\u00e9 dans l\u2019actualit\u00e9 nationale et internationale, l\u2019\u00e9conomie, la soci\u00e9t\u00e9 et les analyses politiques. Le site s\u2019adresse \u00e0 un large public francophone et couvre l\u2019information tunisienne en temps r\u00e9el.","email":"redac@webdo.tn","legalName":"YNJ SARL","foundingDate":"2010-09-06","numberOfEmployees":{"@type":"QuantitativeValue","minValue":"11","maxValue":"50"}},{"@type":"Person","@id":"https:\/\/www.webdo.tn\/fr\/#\/schema\/person\/ae999f6cc68c323955dd7bb23b41f2dd","name":"WDA","image":{"@type":"ImageObject","inLanguage":"fr-FR","@id":"https:\/\/secure.gravatar.com\/avatar\/008e9c4da3bbf467e76fbd05ea8a140d6f047be3ff32b495e3a42ecd99d95622?s=96&d=mm&r=g","url":"https:\/\/secure.gravatar.com\/avatar\/008e9c4da3bbf467e76fbd05ea8a140d6f047be3ff32b495e3a42ecd99d95622?s=96&d=mm&r=g","contentUrl":"https:\/\/secure.gravatar.com\/avatar\/008e9c4da3bbf467e76fbd05ea8a140d6f047be3ff32b495e3a42ecd99d95622?s=96&d=mm&r=g","caption":"WDA"},"url":"https:\/\/www.webdo.tn\/fr\/actualite\/author\/wda\/"}]}},"_links":{"self":[{"href":"https:\/\/www.webdo.tn\/fr\/wp-json\/wp\/v2\/posts\/207448","targetHints":{"allow":["GET"]}}],"collection":[{"href":"https:\/\/www.webdo.tn\/fr\/wp-json\/wp\/v2\/posts"}],"about":[{"href":"https:\/\/www.webdo.tn\/fr\/wp-json\/wp\/v2\/types\/post"}],"author":[{"embeddable":true,"href":"https:\/\/www.webdo.tn\/fr\/wp-json\/wp\/v2\/users\/3185"}],"replies":[{"embeddable":true,"href":"https:\/\/www.webdo.tn\/fr\/wp-json\/wp\/v2\/comments?post=207448"}],"version-history":[{"count":0,"href":"https:\/\/www.webdo.tn\/fr\/wp-json\/wp\/v2\/posts\/207448\/revisions"}],"wp:featuredmedia":[{"embeddable":true,"href":"https:\/\/www.webdo.tn\/fr\/wp-json\/wp\/v2\/media\/278521"}],"wp:attachment":[{"href":"https:\/\/www.webdo.tn\/fr\/wp-json\/wp\/v2\/media?parent=207448"}],"wp:term":[{"taxonomy":"category","embeddable":true,"href":"https:\/\/www.webdo.tn\/fr\/wp-json\/wp\/v2\/categories?post=207448"},{"taxonomy":"post_tag","embeddable":true,"href":"https:\/\/www.webdo.tn\/fr\/wp-json\/wp\/v2\/tags?post=207448"}],"curies":[{"name":"wp","href":"https:\/\/api.w.org\/{rel}","templated":true}]}}