{"id":207447,"date":"2023-07-24T12:58:00","date_gmt":"2023-07-24T12:58:00","guid":{"rendered":"https:\/\/www.webdo.tn\/fr\/blog\/gff-2023-marwan-hamed\/207447\/"},"modified":"2025-05-21T08:57:07","modified_gmt":"2025-05-21T08:57:07","slug":"gff-2023-marwan-hamed","status":"publish","type":"post","link":"https:\/\/www.webdo.tn\/fr\/actualite\/culture\/gff-2023-marwan-hamed\/207447\/","title":{"rendered":"Le Festival du Film d&rsquo;El Gouna rend hommage au r\u00e9alisateur Marwan Hamed pour l&rsquo;ensemble de sa carri\u00e8re."},"content":{"rendered":"<div class=\"single-body entry-content typography-copy\" itemprop=\"articleBody\">\n<p style=\"font-weight: bold; text-align: justify\">\n\t\t\t\t\t\t\t\t\tEl Gouna 2023 &#8211; Le Festival du Film d&rsquo;El Gouna (GFF) a le privil\u00e8ge de d\u00e9cerner son Prix d&rsquo;Honneur pour l&rsquo;ensemble  de sa carri\u00e8re  au r\u00e9alisateur \u00e9gyptien Marwan Hamed.\n\t\t\t\t\t\t\t\t<\/p>\n<div class=\"coprs\" style=\"text-align: center\"><\/div>\n<div class=\"coprs\" style=\"text-align: justify\">\n<p><span>Cette distinction prestigieuse c\u00e9l\u00e8bre les contributions substantielles de Marwan Hamed aux industries du cin\u00e9ma \u00e9gyptien et arabe, d\u00e9montr\u00e9es \u00e0 travers son \u0153uvre vari\u00e9e et influente. Les films de Hamed ont r\u00e9volutionn\u00e9 la narration visuelle et ont \u00e9tabli de nouvelles normes pour les effets audiovisuels dans le cin\u00e9ma \u00e9gyptien moderne. Hamed a connu un succ\u00e8s remarquable \u00e0 la fois sur le plan artistique et commercial. Ses \u0153uvres sont devenues synonymes d&rsquo;authenticit\u00e9 et d&rsquo;accomplissements.<\/span><\/p>\n<p><span>En recevant le prix, Marwan Hamed a exprim\u00e9 une joie profonde et une gratitude sinc\u00e8re envers le Festival de Gouna et ses organisateurs. Il a d\u00e9di\u00e9 cet honneur prestigieux \u00e0 son p\u00e8re, le c\u00e9l\u00e8bre \u00e9crivain Wahid Hamed, et \u00e0 sa m\u00e8re, la figure m\u00e9diatique estim\u00e9e Zeinab Swaydan.<\/span><\/p>\n<p><span>Marwan Hamed a \u00e9galement remerci\u00e9 ses mentors, producteurs et coll\u00e8gues artistes qui l&rsquo;ont aid\u00e9 dans son parcours artistique. Il a chaleureusement remerci\u00e9 ceux qui ont plac\u00e9 leur confiance en lui et ont particip\u00e9 \u00e0 ses films, que ce soit devant ou derri\u00e8re la cam\u00e9ra.<\/span><\/p>\n<p><span>Intishal Al Timimi, le directeur du Festival du Film d&rsquo;El Gouna, a d\u00e9clar\u00e9 : <em>\u00ab\u00a0Nous sommes ravis et honor\u00e9s que le cin\u00e9aste distingu\u00e9, Marwan Hamed, ait gracieusement accept\u00e9 d&rsquo;\u00eatre le laur\u00e9at du Prix d&rsquo;Honneur pour l&rsquo;ensemble de la carri\u00e8re du Festival du Film d&rsquo;El Gouna cette ann\u00e9e.\u00a0\u00bb <\/em>Al Timimi a ajout\u00e9 :<em> \u00ab\u00a0L&rsquo;industrie du cin\u00e9ma a \u00e9t\u00e9 grandement enrichie par les contributions remarquables de Hamed, laissant une empreinte durable et inspirant des g\u00e9n\u00e9rations de cin\u00e9astes. L&rsquo;\u00e9quipe du Festival du Film d&rsquo;El Gouna r\u00e9affirme de tout c\u0153ur son enthousiasme pour c\u00e9l\u00e9brer son remarquable parcours cin\u00e9matographique et sa vision artistique.<\/em>\u00ab\u00a0<\/span><\/p>\n<p><span>Amr Mansi, le directeur ex\u00e9cutif du Festival du Film d&rsquo;El Gouna, a soulign\u00e9 : \u00ab\u00a0<em>Ce prix incarne parfaitement la vision du festival de c\u00e9l\u00e9brer un talent exceptionnel ayant un impact profond sur le cin\u00e9ma \u00e9gyptien et arabe.\u00a0\u00bb <\/em>Mansi a ajout\u00e9 <em>: \u00ab\u00a0La brillance artistique et le talent inn\u00e9 de Hamed en tant que r\u00e9alisateur sont \u00e9vidents dans chaque projet qu&rsquo;il entreprend, laissant une empreinte ind\u00e9l\u00e9bile sur le cin\u00e9ma. Avec une combinaison exceptionnelle de reconnaissance critique et de succ\u00e8s commercial, les films de Hamed offrent syst\u00e9matiquement au public un plaisir cin\u00e9matographique pur qui r\u00e9sonne longtemps apr\u00e8s.<\/em>\u00ab\u00a0<\/span><\/p>\n<p><strong><span>Un aper\u00e7u succinct de Marwan Hamed :<\/span><\/strong><\/p>\n<p><span>Le parcours artistique de Marwan Hamed a prosp\u00e9r\u00e9 au cours de deux d\u00e9cennies, mettant en avant son immense talent dans la r\u00e9alisation de films, la production cin\u00e9matographique et t\u00e9l\u00e9visuelle. Au-del\u00e0 de ses r\u00e9alisations dans le monde des longs m\u00e9trages, il a \u00e9galement d\u00e9montr\u00e9 son savoir-faire en r\u00e9alisant de nombreuses publicit\u00e9s t\u00e9l\u00e9vis\u00e9es et en cr\u00e9ant des documentaires courts percutants.<\/span><\/p>\n<p><span>En 1999, Marwan Hamed est dipl\u00f4m\u00e9 de l&rsquo;Institut Sup\u00e9rieur du Cin\u00e9ma, marquant le d\u00e9but d&rsquo;un voyage remarquable qui a commenc\u00e9 avec son captivant court m\u00e9trage<em> Lilly<\/em>, adapt\u00e9 d&rsquo;une nouvelle de Yusuf Idris. Le succ\u00e8s immense du film a r\u00e9sonn\u00e9 dans le monde entier, lui valant de nombreuses r\u00e9compenses internationales, telles que le prestigieux Prix du Public au Festival International du Court M\u00e9trage de Clermont-Ferrand et le Prix d&rsquo;Or au Festival du Film de Carthage, entre autres.<\/span><\/p>\n<p><span>En 2006, Marwan Hamed a entam\u00e9 son voyage de r\u00e9alisateur de longs m\u00e9trages avec <em>L&rsquo;Immeuble Yacoubian<\/em>, une adaptation du best-seller d&rsquo;Alaa Al Aswany. Le film mettait en vedette un impressionnant groupe\u00a0de stars, dont le l\u00e9gendaire Adel Imam, Hend Sabry, Nour El-Sherif et Yousra. Faisant ses d\u00e9buts remarquables au Festival International du Film de Berlin, <em>L&rsquo;Immeuble Yacoubian<\/em>\u00a0a conquis les c\u0153urs lors de divers festivals internationaux du film, remportant l&rsquo;acclamation et l&rsquo;appr\u00e9ciation g\u00e9n\u00e9rales du public et des critiques.<\/span><\/p>\n<p><span>La filmographie diversifi\u00e9e de Marwan Hamed comprend des adaptations r\u00e9ussies d&rsquo;\u0153uvres litt\u00e9raires, telles que <em>L&rsquo;\u00c9l\u00e9phant Bleu<\/em>, bas\u00e9 sur le roman d&rsquo;Ahmed Mourad.<\/span><\/p>\n<p><span>Le film a re\u00e7u des \u00e9loges de la critique et a connu un immense succ\u00e8s au box-office, devenant l&rsquo;un des films les plus rentables de l&rsquo;histoire du cin\u00e9ma \u00e9gyptien.<\/span><\/p>\n<p><span>Ses \u0153uvres couvrent diff\u00e9rents genres, du drame psychologique dans <em>Originals\u00a0<\/em>(2017) au crime et au myst\u00e8re dans <em>Poussi\u00e8re de Diamant<\/em>\u00a0(2018) en passant par l&rsquo;action dans <em>Ibrahim Labyad\u00a0<\/em>(2009). Chaque film a mis en avant le talent et la vision artistique de Hamed.<\/span><\/p>\n<p><span>Le triomphe cin\u00e9matographique le plus r\u00e9cent de Marwan Hamed, <em>Kirah Wa Al-Jinn<\/em>\u00a0(2022), est une remarquable adaptation du roman d&rsquo;Ahmed Mourad \u00ab\u00a01919\u00a0\u00bb, un captivant drame historique qui s&rsquo;est impos\u00e9 comme la plus grande production du cin\u00e9ma \u00e9gyptien. D\u00e9passant tous les records au box-office, le film a surpass\u00e9 m\u00eame le succ\u00e8s monumental de<em> L&rsquo;\u00c9l\u00e9phant Bleu,<\/em> g\u00e9n\u00e9rant l&rsquo;incroyable montant de 120 millions de livres \u00e9gyptiennes de recettes. Il a \u00e9t\u00e9 projet\u00e9 au Festival International du Film de Rotterdam et a re\u00e7u le Prix du Meilleur Film aux Joy Awards.<\/span><\/p>\n<p><span>Marwan Hamed a \u00e9galement \u00e9t\u00e9 reconnu en tant que membre du jury dans plusieurs festivals de cin\u00e9ma prestigieux, notamment le Festival International du Film de la Mer Rouge en 2021, le Festival du Film d&rsquo;El Gouna en 2019, le Festival International du Film du Caire en 2015, et d&rsquo;autres.<\/span><\/p>\n<p><span>La contribution profonde de Marwan Hamed au cin\u00e9ma \u00e9gyptien et arabe a \u00e9t\u00e9 remarquable, laissant une empreinte ind\u00e9l\u00e9bile qui continue de r\u00e9sonner. Son travail visionnaire a non seulement eu un impact durable sur l&rsquo;industrie, mais a \u00e9galement servi de source puissante d&rsquo;inspiration pour la prochaine g\u00e9n\u00e9ration de cin\u00e9astes.<\/span><\/p>\n<p><span>Une tradition annuelle du GFF, le Prix d&rsquo;Honneur pour\u00a0l&rsquo;ensemble de la carri\u00e8re du festival est r\u00e9serv\u00e9 aux talents influents de diff\u00e9rentes g\u00e9n\u00e9rations dont le travail et l&rsquo;engagement envers l&rsquo;industrie du film et du divertissement ont laiss\u00e9 une empreinte ind\u00e9l\u00e9bile. Parmi les r\u00e9cipiendaires r\u00e9cents, on peut citer les stars \u00e9gyptiennes Adel Emam, Mohamed Henedy et Khaled El Sawy, les stars internationales Forest Whitaker, Sylvester Stallone, G\u00e9rard Depardieu et Sa\u00efd Taghmaoui,\u00a0le r\u00e9alisateur \u00e9gyptien Daoud Abdelsayed, le directeur artistique \u00e9gyptien Onsi Abou Seif, la r\u00e9alisatrice tunisienne Dora Bouchoucha, la r\u00e9alisatrice palestinienne Mai Masri et le critique libanais Ibrahim Al-Ariss.<\/span><\/p>\n<p><span>La 6\u00e8me \u00e9dition du Festival du Film d&rsquo;El Gouna se d\u00e9roulera du 12 au 20 octobre dans la ville d&rsquo;El Gouna.<\/span><\/p>\n<p><strong><span>Festival du Film d&rsquo;El Gouna<\/span><\/strong><\/p>\n<p><span>L&rsquo;un des principaux festivals de la r\u00e9gion MENA, le GFF vise \u00e0 pr\u00e9senter une grande vari\u00e9t\u00e9 de films \u00e0 un public passionn\u00e9 et comp\u00e9tent, tout en favorisant une meilleure communication entre les cultures \u00e0 travers l&rsquo;art du cin\u00e9ma. Son objectif est de connecter les cin\u00e9astes de la r\u00e9gion avec leurs homologues internationaux dans un esprit de coop\u00e9ration et d&rsquo;\u00e9change culturel. Le festival s&rsquo;engage \u00e0 la d\u00e9couverte de nouvelles voix et s&rsquo;efforce d&rsquo;\u00eatre un catalyseur pour le d\u00e9veloppement du cin\u00e9ma dans le monde arabe, notamment gr\u00e2ce \u00e0 la Plateforme CineGouna, un \u00e9v\u00e9nement orient\u00e9 vers l&rsquo;industrie cr\u00e9\u00e9 pour permettre aux cin\u00e9astes \u00e9gyptiens et arabes de trouver un soutien artistique et financier. La Plateforme CineGouna pr\u00e9sente les programmes CineGouna SpringBoard et CineGouna Bridge qui offrent des opportunit\u00e9s de partage et d&rsquo;apprentissage.<\/p>\n<p><strong>Communiqu\u00e9<\/strong><\/span><\/p>\n<\/p><\/div>\n<div class=\"coprs\" style=\"text-align: center\"><\/div><\/div>\n","protected":false},"excerpt":{"rendered":"<p>GFF 2023<\/p>\n","protected":false},"author":3164,"featured_media":278515,"comment_status":"open","ping_status":"closed","sticky":false,"template":"","format":"standard","meta":{"footnotes":""},"categories":[2594],"tags":[7281,3258,7280,7357,4762],"class_list":["post-207447","post","type-post","status-publish","format-standard","has-post-thumbnail","hentry","category-culture","tag-el-gouna-2023","tag-festival-du-film-del-gouna","tag-gff-2023","tag-marwan-hamed","tag-realisateur"],"yoast_head":"<!-- This site is optimized with the Yoast SEO Premium plugin v27.5 (Yoast SEO v27.5) - https:\/\/yoast.com\/product\/yoast-seo-premium-wordpress\/ -->\n<title>Le Festival du Film d&#039;El Gouna rend hommage au r\u00e9alisateur Marwan Hamed pour l&#039;ensemble de sa carri\u00e8re.<\/title>\n<meta name=\"description\" content=\"GFF 2023\" \/>\n<link rel=\"canonical\" href=\"https:\/\/www.webdo.tn\/fr\/actualite\/culture\/gff-2023-marwan-hamed\/207447\/\" \/>\n<meta property=\"og:locale\" content=\"fr_FR\" \/>\n<meta property=\"og:type\" content=\"article\" \/>\n<meta property=\"og:title\" content=\"Le Festival du Film d&#039;El Gouna rend hommage au r\u00e9alisateur Marwan Hamed pour l&#039;ensemble de sa carri\u00e8re.\" \/>\n<meta property=\"og:description\" content=\"GFF 2023\" \/>\n<meta property=\"og:url\" content=\"https:\/\/www.webdo.tn\/fr\/actualite\/culture\/gff-2023-marwan-hamed\/207447\/\" \/>\n<meta property=\"og:site_name\" content=\"webdo\" \/>\n<meta property=\"article:publisher\" content=\"https:\/\/www.facebook.com\/webdotn\" \/>\n<meta property=\"article:author\" content=\"https:\/\/www.facebook.com\/massir.destiniii\/\" \/>\n<meta property=\"article:published_time\" content=\"2023-07-24T12:58:00+00:00\" \/>\n<meta property=\"article:modified_time\" content=\"2025-05-21T08:57:07+00:00\" \/>\n<meta property=\"og:image\" content=\"https:\/\/www.webdo.tn\/fr\/wp-content\/uploads\/2023\/07\/43ae3750da41f1fa57122309051438ed.jpeg\" \/>\n\t<meta property=\"og:image:width\" content=\"628\" \/>\n\t<meta property=\"og:image:height\" content=\"335\" \/>\n\t<meta property=\"og:image:type\" content=\"image\/jpeg\" \/>\n<meta name=\"author\" content=\"Ne\u00efla DRISS\" \/>\n<meta name=\"twitter:card\" content=\"summary_large_image\" \/>\n<meta name=\"twitter:creator\" content=\"@https:\/\/x.com\/MassirDestin\" \/>\n<meta name=\"twitter:site\" content=\"@webdo_tn\" \/>\n<meta name=\"twitter:label1\" content=\"\u00c9crit par\" \/>\n\t<meta name=\"twitter:data1\" content=\"Ne\u00efla DRISS\" \/>\n\t<meta name=\"twitter:label2\" content=\"Dur\u00e9e de lecture estim\u00e9e\" \/>\n\t<meta name=\"twitter:data2\" content=\"6 minutes\" \/>\n<script type=\"application\/ld+json\" class=\"yoast-schema-graph\">{\"@context\":\"https:\\\/\\\/schema.org\",\"@graph\":[{\"@type\":\"NewsArticle\",\"@id\":\"https:\\\/\\\/www.webdo.tn\\\/fr\\\/actualite\\\/culture\\\/gff-2023-marwan-hamed\\\/207447\\\/#article\",\"isPartOf\":{\"@id\":\"https:\\\/\\\/www.webdo.tn\\\/fr\\\/actualite\\\/culture\\\/gff-2023-marwan-hamed\\\/207447\\\/\"},\"author\":{\"name\":\"Ne\u00efla DRISS\",\"@id\":\"https:\\\/\\\/www.webdo.tn\\\/fr\\\/#\\\/schema\\\/person\\\/60d5ba619ed3f58783b0dc82b7dada80\"},\"headline\":\"Le Festival du Film d&rsquo;El Gouna rend hommage au r\u00e9alisateur Marwan Hamed pour l&rsquo;ensemble de sa carri\u00e8re.\",\"datePublished\":\"2023-07-24T12:58:00+00:00\",\"dateModified\":\"2025-05-21T08:57:07+00:00\",\"mainEntityOfPage\":{\"@id\":\"https:\\\/\\\/www.webdo.tn\\\/fr\\\/actualite\\\/culture\\\/gff-2023-marwan-hamed\\\/207447\\\/\"},\"wordCount\":1325,\"commentCount\":0,\"publisher\":{\"@id\":\"https:\\\/\\\/www.webdo.tn\\\/fr\\\/#organization\"},\"image\":{\"@id\":\"https:\\\/\\\/www.webdo.tn\\\/fr\\\/actualite\\\/culture\\\/gff-2023-marwan-hamed\\\/207447\\\/#primaryimage\"},\"thumbnailUrl\":\"https:\\\/\\\/www.webdo.tn\\\/fr\\\/wp-content\\\/uploads\\\/2023\\\/07\\\/43ae3750da41f1fa57122309051438ed.jpeg\",\"keywords\":[\"El Gouna 2023\",\"Festival du Film d'El Gouna\",\"GFF 2023\",\"Marwan Hamed\",\"R\u00e9alisateur\"],\"articleSection\":[\"Culture\"],\"inLanguage\":\"fr-FR\"},{\"@type\":\"WebPage\",\"@id\":\"https:\\\/\\\/www.webdo.tn\\\/fr\\\/actualite\\\/culture\\\/gff-2023-marwan-hamed\\\/207447\\\/\",\"url\":\"https:\\\/\\\/www.webdo.tn\\\/fr\\\/actualite\\\/culture\\\/gff-2023-marwan-hamed\\\/207447\\\/\",\"name\":\"Le Festival du Film d'El Gouna rend hommage au r\u00e9alisateur Marwan Hamed pour l'ensemble de sa carri\u00e8re.\",\"isPartOf\":{\"@id\":\"https:\\\/\\\/www.webdo.tn\\\/fr\\\/#website\"},\"primaryImageOfPage\":{\"@id\":\"https:\\\/\\\/www.webdo.tn\\\/fr\\\/actualite\\\/culture\\\/gff-2023-marwan-hamed\\\/207447\\\/#primaryimage\"},\"image\":{\"@id\":\"https:\\\/\\\/www.webdo.tn\\\/fr\\\/actualite\\\/culture\\\/gff-2023-marwan-hamed\\\/207447\\\/#primaryimage\"},\"thumbnailUrl\":\"https:\\\/\\\/www.webdo.tn\\\/fr\\\/wp-content\\\/uploads\\\/2023\\\/07\\\/43ae3750da41f1fa57122309051438ed.jpeg\",\"datePublished\":\"2023-07-24T12:58:00+00:00\",\"dateModified\":\"2025-05-21T08:57:07+00:00\",\"description\":\"GFF 2023\",\"breadcrumb\":{\"@id\":\"https:\\\/\\\/www.webdo.tn\\\/fr\\\/actualite\\\/culture\\\/gff-2023-marwan-hamed\\\/207447\\\/#breadcrumb\"},\"inLanguage\":\"fr-FR\",\"potentialAction\":[{\"@type\":\"ReadAction\",\"target\":[\"https:\\\/\\\/www.webdo.tn\\\/fr\\\/actualite\\\/culture\\\/gff-2023-marwan-hamed\\\/207447\\\/\"]}]},{\"@type\":\"ImageObject\",\"inLanguage\":\"fr-FR\",\"@id\":\"https:\\\/\\\/www.webdo.tn\\\/fr\\\/actualite\\\/culture\\\/gff-2023-marwan-hamed\\\/207447\\\/#primaryimage\",\"url\":\"https:\\\/\\\/www.webdo.tn\\\/fr\\\/wp-content\\\/uploads\\\/2023\\\/07\\\/43ae3750da41f1fa57122309051438ed.jpeg\",\"contentUrl\":\"https:\\\/\\\/www.webdo.tn\\\/fr\\\/wp-content\\\/uploads\\\/2023\\\/07\\\/43ae3750da41f1fa57122309051438ed.jpeg\",\"width\":628,\"height\":335,\"caption\":\"Le Festival du Film d'El Gouna rend hommage au r\u00e9alisateur Marwan Hamed pour l'ensemble de sa carri\u00e8re.\"},{\"@type\":\"BreadcrumbList\",\"@id\":\"https:\\\/\\\/www.webdo.tn\\\/fr\\\/actualite\\\/culture\\\/gff-2023-marwan-hamed\\\/207447\\\/#breadcrumb\",\"itemListElement\":[{\"@type\":\"ListItem\",\"position\":1,\"name\":\"Accueil\",\"item\":\"https:\\\/\\\/www.webdo.tn\\\/fr\\\/\"},{\"@type\":\"ListItem\",\"position\":2,\"name\":\"Le Festival du Film d&rsquo;El Gouna rend hommage au r\u00e9alisateur Marwan Hamed pour l&rsquo;ensemble de sa carri\u00e8re.\"}]},{\"@type\":\"WebSite\",\"@id\":\"https:\\\/\\\/www.webdo.tn\\\/fr\\\/#website\",\"url\":\"https:\\\/\\\/www.webdo.tn\\\/fr\\\/\",\"name\":\"webdo\",\"description\":\"Tunisie - News en Tunisie et \u00e0 l&#039;international sur Webdo.tn\",\"publisher\":{\"@id\":\"https:\\\/\\\/www.webdo.tn\\\/fr\\\/#organization\"},\"potentialAction\":[{\"@type\":\"SearchAction\",\"target\":{\"@type\":\"EntryPoint\",\"urlTemplate\":\"https:\\\/\\\/www.webdo.tn\\\/fr\\\/?s={search_term_string}\"},\"query-input\":{\"@type\":\"PropertyValueSpecification\",\"valueRequired\":true,\"valueName\":\"search_term_string\"}}],\"inLanguage\":\"fr-FR\"},{\"@type\":\"Organization\",\"@id\":\"https:\\\/\\\/www.webdo.tn\\\/fr\\\/#organization\",\"name\":\"Webdo\",\"alternateName\":\"Webdo.tn\",\"url\":\"https:\\\/\\\/www.webdo.tn\\\/fr\\\/\",\"logo\":{\"@type\":\"ImageObject\",\"inLanguage\":\"fr-FR\",\"@id\":\"https:\\\/\\\/www.webdo.tn\\\/fr\\\/#\\\/schema\\\/logo\\\/image\\\/\",\"url\":\"https:\\\/\\\/www.webdo.tn\\\/fr\\\/wp-content\\\/uploads\\\/2025\\\/06\\\/Webdo-Tunisie_168377.jpg\",\"contentUrl\":\"https:\\\/\\\/www.webdo.tn\\\/fr\\\/wp-content\\\/uploads\\\/2025\\\/06\\\/Webdo-Tunisie_168377.jpg\",\"width\":301,\"height\":301,\"caption\":\"Webdo\"},\"image\":{\"@id\":\"https:\\\/\\\/www.webdo.tn\\\/fr\\\/#\\\/schema\\\/logo\\\/image\\\/\"},\"sameAs\":[\"https:\\\/\\\/www.facebook.com\\\/webdotn\",\"https:\\\/\\\/x.com\\\/webdo_tn\"],\"description\":\"Webdo est un m\u00e9dia num\u00e9rique tunisien fond\u00e9 en 2010, sp\u00e9cialis\u00e9 dans l\u2019actualit\u00e9 nationale et internationale, l\u2019\u00e9conomie, la soci\u00e9t\u00e9 et les analyses politiques. Le site s\u2019adresse \u00e0 un large public francophone et couvre l\u2019information tunisienne en temps r\u00e9el.\",\"email\":\"redac@webdo.tn\",\"legalName\":\"YNJ SARL\",\"foundingDate\":\"2010-09-06\",\"numberOfEmployees\":{\"@type\":\"QuantitativeValue\",\"minValue\":\"11\",\"maxValue\":\"50\"}},{\"@type\":\"Person\",\"@id\":\"https:\\\/\\\/www.webdo.tn\\\/fr\\\/#\\\/schema\\\/person\\\/60d5ba619ed3f58783b0dc82b7dada80\",\"name\":\"Ne\u00efla DRISS\",\"image\":{\"@type\":\"ImageObject\",\"inLanguage\":\"fr-FR\",\"@id\":\"https:\\\/\\\/www.webdo.tn\\\/fr\\\/wp-content\\\/uploads\\\/2026\\\/04\\\/neila-driss_avatar-96x96.jpg\",\"url\":\"https:\\\/\\\/www.webdo.tn\\\/fr\\\/wp-content\\\/uploads\\\/2026\\\/04\\\/neila-driss_avatar-96x96.jpg\",\"contentUrl\":\"https:\\\/\\\/www.webdo.tn\\\/fr\\\/wp-content\\\/uploads\\\/2026\\\/04\\\/neila-driss_avatar-96x96.jpg\",\"caption\":\"Ne\u00efla DRISS\"},\"description\":\"Ne\u00efla Driss est juriste, journaliste culturelle et critique de cin\u00e9ma tunisienne. Titulaire d\u2019un DEA en droit priv\u00e9 de l\u2019Universit\u00e9 Paris II et d\u2019un DESS de l\u2019IHEC Carthage, elle d\u00e9bute sa carri\u00e8re comme juriste sp\u00e9cialis\u00e9e en gestion de patrimoine immobilier. Elle s\u2019oriente ensuite vers l\u2019\u00e9criture en ligne, o\u00f9 elle se distingue d\u00e8s 2006 aux Tunisia Blog Awards, avant de se consacrer au journalisme culturel, avec une sp\u00e9cialisation dans la critique cin\u00e9matographique. Elle couvre r\u00e9guli\u00e8rement les grands festivals internationaux, notamment le Festival de Cannes, les Journ\u00e9es Cin\u00e9matographiques de Carthage et le Festival du film du Caire. Membre de l\u2019ATPCC et de la FIPRESCI, elle participe \u00e0 des jurys et initiatives internationales de critique. Depuis 2024, elle est \u00e9lectrice internationale aux Golden Globes. Facebook : https:\\\/\\\/www.facebook.com\\\/massir.destiniii\\\/ X : https:\\\/\\\/x.com\\\/MassirDestin\",\"sameAs\":[\"https:\\\/\\\/www.facebook.com\\\/massir.destiniii\\\/\",\"https:\\\/\\\/www.instagram.com\\\/neila.driss\\\/?hl=fr\",\"https:\\\/\\\/www.linkedin.com\\\/in\\\/neila-driss-22606a80\\\/\",\"https:\\\/\\\/x.com\\\/https:\\\/\\\/x.com\\\/MassirDestin\"],\"knowsAbout\":[\"Cin\u00e9ma international\",\"critique cin\u00e9matographique\",\"festivals de cin\u00e9ma\",\"journalisme culturel\"],\"knowsLanguage\":[\"Fran\u00e7ais\",\"Arabe\",\"Anglais\"],\"jobTitle\":\"Journaliste culturelle et critique de cin\u00e9ma\",\"worksFor\":\"Webdo\",\"url\":\"https:\\\/\\\/www.webdo.tn\\\/fr\\\/actualite\\\/author\\\/neila-driss\\\/\"}]}<\/script>\n<!-- \/ Yoast SEO Premium plugin. -->","yoast_head_json":{"title":"Le Festival du Film d'El Gouna rend hommage au r\u00e9alisateur Marwan Hamed pour l'ensemble de sa carri\u00e8re.","description":"GFF 2023","canonical":"https:\/\/www.webdo.tn\/fr\/actualite\/culture\/gff-2023-marwan-hamed\/207447\/","og_locale":"fr_FR","og_type":"article","og_title":"Le Festival du Film d'El Gouna rend hommage au r\u00e9alisateur Marwan Hamed pour l'ensemble de sa carri\u00e8re.","og_description":"GFF 2023","og_url":"https:\/\/www.webdo.tn\/fr\/actualite\/culture\/gff-2023-marwan-hamed\/207447\/","og_site_name":"webdo","article_publisher":"https:\/\/www.facebook.com\/webdotn","article_author":"https:\/\/www.facebook.com\/massir.destiniii\/","article_published_time":"2023-07-24T12:58:00+00:00","article_modified_time":"2025-05-21T08:57:07+00:00","og_image":[{"width":628,"height":335,"url":"https:\/\/www.webdo.tn\/fr\/wp-content\/uploads\/2023\/07\/43ae3750da41f1fa57122309051438ed.jpeg","type":"image\/jpeg"}],"author":"Ne\u00efla DRISS","twitter_card":"summary_large_image","twitter_creator":"@https:\/\/x.com\/MassirDestin","twitter_site":"@webdo_tn","twitter_misc":{"\u00c9crit par":"Ne\u00efla DRISS","Dur\u00e9e de lecture estim\u00e9e":"6 minutes"},"schema":{"@context":"https:\/\/schema.org","@graph":[{"@type":"NewsArticle","@id":"https:\/\/www.webdo.tn\/fr\/actualite\/culture\/gff-2023-marwan-hamed\/207447\/#article","isPartOf":{"@id":"https:\/\/www.webdo.tn\/fr\/actualite\/culture\/gff-2023-marwan-hamed\/207447\/"},"author":{"name":"Ne\u00efla DRISS","@id":"https:\/\/www.webdo.tn\/fr\/#\/schema\/person\/60d5ba619ed3f58783b0dc82b7dada80"},"headline":"Le Festival du Film d&rsquo;El Gouna rend hommage au r\u00e9alisateur Marwan Hamed pour l&rsquo;ensemble de sa carri\u00e8re.","datePublished":"2023-07-24T12:58:00+00:00","dateModified":"2025-05-21T08:57:07+00:00","mainEntityOfPage":{"@id":"https:\/\/www.webdo.tn\/fr\/actualite\/culture\/gff-2023-marwan-hamed\/207447\/"},"wordCount":1325,"commentCount":0,"publisher":{"@id":"https:\/\/www.webdo.tn\/fr\/#organization"},"image":{"@id":"https:\/\/www.webdo.tn\/fr\/actualite\/culture\/gff-2023-marwan-hamed\/207447\/#primaryimage"},"thumbnailUrl":"https:\/\/www.webdo.tn\/fr\/wp-content\/uploads\/2023\/07\/43ae3750da41f1fa57122309051438ed.jpeg","keywords":["El Gouna 2023","Festival du Film d'El Gouna","GFF 2023","Marwan Hamed","R\u00e9alisateur"],"articleSection":["Culture"],"inLanguage":"fr-FR"},{"@type":"WebPage","@id":"https:\/\/www.webdo.tn\/fr\/actualite\/culture\/gff-2023-marwan-hamed\/207447\/","url":"https:\/\/www.webdo.tn\/fr\/actualite\/culture\/gff-2023-marwan-hamed\/207447\/","name":"Le Festival du Film d'El Gouna rend hommage au r\u00e9alisateur Marwan Hamed pour l'ensemble de sa carri\u00e8re.","isPartOf":{"@id":"https:\/\/www.webdo.tn\/fr\/#website"},"primaryImageOfPage":{"@id":"https:\/\/www.webdo.tn\/fr\/actualite\/culture\/gff-2023-marwan-hamed\/207447\/#primaryimage"},"image":{"@id":"https:\/\/www.webdo.tn\/fr\/actualite\/culture\/gff-2023-marwan-hamed\/207447\/#primaryimage"},"thumbnailUrl":"https:\/\/www.webdo.tn\/fr\/wp-content\/uploads\/2023\/07\/43ae3750da41f1fa57122309051438ed.jpeg","datePublished":"2023-07-24T12:58:00+00:00","dateModified":"2025-05-21T08:57:07+00:00","description":"GFF 2023","breadcrumb":{"@id":"https:\/\/www.webdo.tn\/fr\/actualite\/culture\/gff-2023-marwan-hamed\/207447\/#breadcrumb"},"inLanguage":"fr-FR","potentialAction":[{"@type":"ReadAction","target":["https:\/\/www.webdo.tn\/fr\/actualite\/culture\/gff-2023-marwan-hamed\/207447\/"]}]},{"@type":"ImageObject","inLanguage":"fr-FR","@id":"https:\/\/www.webdo.tn\/fr\/actualite\/culture\/gff-2023-marwan-hamed\/207447\/#primaryimage","url":"https:\/\/www.webdo.tn\/fr\/wp-content\/uploads\/2023\/07\/43ae3750da41f1fa57122309051438ed.jpeg","contentUrl":"https:\/\/www.webdo.tn\/fr\/wp-content\/uploads\/2023\/07\/43ae3750da41f1fa57122309051438ed.jpeg","width":628,"height":335,"caption":"Le Festival du Film d'El Gouna rend hommage au r\u00e9alisateur Marwan Hamed pour l'ensemble de sa carri\u00e8re."},{"@type":"BreadcrumbList","@id":"https:\/\/www.webdo.tn\/fr\/actualite\/culture\/gff-2023-marwan-hamed\/207447\/#breadcrumb","itemListElement":[{"@type":"ListItem","position":1,"name":"Accueil","item":"https:\/\/www.webdo.tn\/fr\/"},{"@type":"ListItem","position":2,"name":"Le Festival du Film d&rsquo;El Gouna rend hommage au r\u00e9alisateur Marwan Hamed pour l&rsquo;ensemble de sa carri\u00e8re."}]},{"@type":"WebSite","@id":"https:\/\/www.webdo.tn\/fr\/#website","url":"https:\/\/www.webdo.tn\/fr\/","name":"webdo","description":"Tunisie - News en Tunisie et \u00e0 l&#039;international sur Webdo.tn","publisher":{"@id":"https:\/\/www.webdo.tn\/fr\/#organization"},"potentialAction":[{"@type":"SearchAction","target":{"@type":"EntryPoint","urlTemplate":"https:\/\/www.webdo.tn\/fr\/?s={search_term_string}"},"query-input":{"@type":"PropertyValueSpecification","valueRequired":true,"valueName":"search_term_string"}}],"inLanguage":"fr-FR"},{"@type":"Organization","@id":"https:\/\/www.webdo.tn\/fr\/#organization","name":"Webdo","alternateName":"Webdo.tn","url":"https:\/\/www.webdo.tn\/fr\/","logo":{"@type":"ImageObject","inLanguage":"fr-FR","@id":"https:\/\/www.webdo.tn\/fr\/#\/schema\/logo\/image\/","url":"https:\/\/www.webdo.tn\/fr\/wp-content\/uploads\/2025\/06\/Webdo-Tunisie_168377.jpg","contentUrl":"https:\/\/www.webdo.tn\/fr\/wp-content\/uploads\/2025\/06\/Webdo-Tunisie_168377.jpg","width":301,"height":301,"caption":"Webdo"},"image":{"@id":"https:\/\/www.webdo.tn\/fr\/#\/schema\/logo\/image\/"},"sameAs":["https:\/\/www.facebook.com\/webdotn","https:\/\/x.com\/webdo_tn"],"description":"Webdo est un m\u00e9dia num\u00e9rique tunisien fond\u00e9 en 2010, sp\u00e9cialis\u00e9 dans l\u2019actualit\u00e9 nationale et internationale, l\u2019\u00e9conomie, la soci\u00e9t\u00e9 et les analyses politiques. Le site s\u2019adresse \u00e0 un large public francophone et couvre l\u2019information tunisienne en temps r\u00e9el.","email":"redac@webdo.tn","legalName":"YNJ SARL","foundingDate":"2010-09-06","numberOfEmployees":{"@type":"QuantitativeValue","minValue":"11","maxValue":"50"}},{"@type":"Person","@id":"https:\/\/www.webdo.tn\/fr\/#\/schema\/person\/60d5ba619ed3f58783b0dc82b7dada80","name":"Ne\u00efla DRISS","image":{"@type":"ImageObject","inLanguage":"fr-FR","@id":"https:\/\/www.webdo.tn\/fr\/wp-content\/uploads\/2026\/04\/neila-driss_avatar-96x96.jpg","url":"https:\/\/www.webdo.tn\/fr\/wp-content\/uploads\/2026\/04\/neila-driss_avatar-96x96.jpg","contentUrl":"https:\/\/www.webdo.tn\/fr\/wp-content\/uploads\/2026\/04\/neila-driss_avatar-96x96.jpg","caption":"Ne\u00efla DRISS"},"description":"Ne\u00efla Driss est juriste, journaliste culturelle et critique de cin\u00e9ma tunisienne. Titulaire d\u2019un DEA en droit priv\u00e9 de l\u2019Universit\u00e9 Paris II et d\u2019un DESS de l\u2019IHEC Carthage, elle d\u00e9bute sa carri\u00e8re comme juriste sp\u00e9cialis\u00e9e en gestion de patrimoine immobilier. Elle s\u2019oriente ensuite vers l\u2019\u00e9criture en ligne, o\u00f9 elle se distingue d\u00e8s 2006 aux Tunisia Blog Awards, avant de se consacrer au journalisme culturel, avec une sp\u00e9cialisation dans la critique cin\u00e9matographique. Elle couvre r\u00e9guli\u00e8rement les grands festivals internationaux, notamment le Festival de Cannes, les Journ\u00e9es Cin\u00e9matographiques de Carthage et le Festival du film du Caire. Membre de l\u2019ATPCC et de la FIPRESCI, elle participe \u00e0 des jurys et initiatives internationales de critique. Depuis 2024, elle est \u00e9lectrice internationale aux Golden Globes. Facebook : https:\/\/www.facebook.com\/massir.destiniii\/ X : https:\/\/x.com\/MassirDestin","sameAs":["https:\/\/www.facebook.com\/massir.destiniii\/","https:\/\/www.instagram.com\/neila.driss\/?hl=fr","https:\/\/www.linkedin.com\/in\/neila-driss-22606a80\/","https:\/\/x.com\/https:\/\/x.com\/MassirDestin"],"knowsAbout":["Cin\u00e9ma international","critique cin\u00e9matographique","festivals de cin\u00e9ma","journalisme culturel"],"knowsLanguage":["Fran\u00e7ais","Arabe","Anglais"],"jobTitle":"Journaliste culturelle et critique de cin\u00e9ma","worksFor":"Webdo","url":"https:\/\/www.webdo.tn\/fr\/actualite\/author\/neila-driss\/"}]}},"_links":{"self":[{"href":"https:\/\/www.webdo.tn\/fr\/wp-json\/wp\/v2\/posts\/207447","targetHints":{"allow":["GET"]}}],"collection":[{"href":"https:\/\/www.webdo.tn\/fr\/wp-json\/wp\/v2\/posts"}],"about":[{"href":"https:\/\/www.webdo.tn\/fr\/wp-json\/wp\/v2\/types\/post"}],"author":[{"embeddable":true,"href":"https:\/\/www.webdo.tn\/fr\/wp-json\/wp\/v2\/users\/3164"}],"replies":[{"embeddable":true,"href":"https:\/\/www.webdo.tn\/fr\/wp-json\/wp\/v2\/comments?post=207447"}],"version-history":[{"count":0,"href":"https:\/\/www.webdo.tn\/fr\/wp-json\/wp\/v2\/posts\/207447\/revisions"}],"wp:featuredmedia":[{"embeddable":true,"href":"https:\/\/www.webdo.tn\/fr\/wp-json\/wp\/v2\/media\/278515"}],"wp:attachment":[{"href":"https:\/\/www.webdo.tn\/fr\/wp-json\/wp\/v2\/media?parent=207447"}],"wp:term":[{"taxonomy":"category","embeddable":true,"href":"https:\/\/www.webdo.tn\/fr\/wp-json\/wp\/v2\/categories?post=207447"},{"taxonomy":"post_tag","embeddable":true,"href":"https:\/\/www.webdo.tn\/fr\/wp-json\/wp\/v2\/tags?post=207447"}],"curies":[{"name":"wp","href":"https:\/\/api.w.org\/{rel}","templated":true}]}}