{"id":207442,"date":"2023-07-24T10:44:00","date_gmt":"2023-07-24T10:44:00","guid":{"rendered":"https:\/\/www.webdo.tn\/fr\/blog\/kais-saied-au-sommet-de-l-onu-sur-la-securite-alimentaire\/207442\/"},"modified":"2025-05-20T22:09:46","modified_gmt":"2025-05-20T22:09:46","slug":"kais-saied-au-sommet-de-l-onu-sur-la-securite-alimentaire","status":"publish","type":"post","link":"https:\/\/www.webdo.tn\/fr\/actualite\/international\/kais-saied-au-sommet-de-l-onu-sur-la-securite-alimentaire\/207442\/","title":{"rendered":"Kais Saied au Sommet de l&rsquo;ONU sur la s\u00e9curit\u00e9 alimentaire"},"content":{"rendered":"<p>Le sommet des Nations unies sur les syst\u00e8mes alimentaires +2 s\u2019ouvre ce lundi 24 juillet \u00e0 Rome et doit permettre de faire un inventaire des initiatives durables qui ont \u00e9merg\u00e9es depuis la derni\u00e8re \u00e9dition en 2021 afin de les mettre \u00e0 disposition de tous les acteurs du secteur alimentaire.<\/p>\n<p>\t\t\t\t\t\t\t\t\tCe sommet auquel prend part le pr\u00e9sident de la R\u00e9publique Kais Saied, doit examiner les syst\u00e8mes agroalimentaires mondiaux deux ans apr\u00e8s se derni\u00e8re \u00e9dition.<br \/>\n\u00a0<br \/>\nIl se poursuivra jusqu\u2019\u00e0 mercredi au si\u00e8ge de l\u2019Organisation des Nations unies pour l\u2019alimentation et l\u2019agriculture (FAO) et verra la participation de 2000 personnalit\u00e9s issues de 160 pays.<\/p>\n","protected":false},"excerpt":{"rendered":"<p>Le sommet des Nations unies sur les syst\u00e8mes alimentaires +2 s\u2019ouvre ce lundi 24 juillet \u00e0 Rome et doit permettre de faire un inventaire des initiatives durable&#8230;<\/p>\n","protected":false},"author":3162,"featured_media":278517,"comment_status":"open","ping_status":"closed","sticky":false,"template":"","format":"standard","meta":{"footnotes":""},"categories":[2598],"tags":[8175,2614,3082],"class_list":["post-207442","post","type-post","status-publish","format-standard","has-post-thumbnail","hentry","category-international","tag-fao","tag-kais-saied","tag-securite-alimentaire"],"yoast_head":"<!-- This site is optimized with the Yoast SEO Premium plugin v27.5 (Yoast SEO v27.5) - https:\/\/yoast.com\/product\/yoast-seo-premium-wordpress\/ -->\n<title>Kais Saied au Sommet de l&#039;ONU sur la s\u00e9curit\u00e9 alimentaire<\/title>\n<meta name=\"description\" content=\"Le sommet des Nations unies sur les syst\u00e8mes alimentaires +2 s\u2019ouvre ce lundi 24 juillet \u00e0 Rome et doit permettre de faire un inventaire des initiatives durable...\" \/>\n<link rel=\"canonical\" href=\"https:\/\/www.webdo.tn\/fr\/actualite\/international\/kais-saied-au-sommet-de-l-onu-sur-la-securite-alimentaire\/207442\/\" \/>\n<meta property=\"og:locale\" content=\"fr_FR\" \/>\n<meta property=\"og:type\" content=\"article\" \/>\n<meta property=\"og:title\" content=\"Kais Saied au Sommet de l&#039;ONU sur la s\u00e9curit\u00e9 alimentaire\" \/>\n<meta property=\"og:description\" content=\"Le sommet des Nations unies sur les syst\u00e8mes alimentaires +2 s\u2019ouvre ce lundi 24 juillet \u00e0 Rome et doit permettre de faire un inventaire des initiatives durable...\" \/>\n<meta property=\"og:url\" content=\"https:\/\/www.webdo.tn\/fr\/actualite\/international\/kais-saied-au-sommet-de-l-onu-sur-la-securite-alimentaire\/207442\/\" \/>\n<meta property=\"og:site_name\" content=\"webdo\" \/>\n<meta property=\"article:publisher\" content=\"https:\/\/www.facebook.com\/webdotn\" \/>\n<meta property=\"article:published_time\" content=\"2023-07-24T10:44:00+00:00\" \/>\n<meta property=\"article:modified_time\" content=\"2025-05-20T22:09:46+00:00\" \/>\n<meta property=\"og:image\" content=\"https:\/\/www.webdo.tn\/fr\/wp-content\/uploads\/2023\/07\/e2f6547aa33cf80e3b5f169061a59cc1.jpg\" \/>\n\t<meta property=\"og:image:width\" content=\"750\" \/>\n\t<meta property=\"og:image:height\" content=\"400\" \/>\n\t<meta property=\"og:image:type\" content=\"image\/jpeg\" \/>\n<meta name=\"author\" content=\"MC\" \/>\n<meta name=\"twitter:card\" content=\"summary_large_image\" \/>\n<meta name=\"twitter:creator\" content=\"@webdo_tn\" \/>\n<meta name=\"twitter:site\" content=\"@webdo_tn\" \/>\n<meta name=\"twitter:label1\" content=\"\u00c9crit par\" \/>\n\t<meta name=\"twitter:data1\" content=\"MC\" \/>\n\t<meta name=\"twitter:label2\" content=\"Dur\u00e9e de lecture estim\u00e9e\" \/>\n\t<meta name=\"twitter:data2\" content=\"1 minute\" \/>\n<script type=\"application\/ld+json\" class=\"yoast-schema-graph\">{\"@context\":\"https:\\\/\\\/schema.org\",\"@graph\":[{\"@type\":\"NewsArticle\",\"@id\":\"https:\\\/\\\/www.webdo.tn\\\/fr\\\/actualite\\\/international\\\/kais-saied-au-sommet-de-l-onu-sur-la-securite-alimentaire\\\/207442\\\/#article\",\"isPartOf\":{\"@id\":\"https:\\\/\\\/www.webdo.tn\\\/fr\\\/actualite\\\/international\\\/kais-saied-au-sommet-de-l-onu-sur-la-securite-alimentaire\\\/207442\\\/\"},\"author\":{\"name\":\"MC\",\"@id\":\"https:\\\/\\\/www.webdo.tn\\\/fr\\\/#\\\/schema\\\/person\\\/2c4929cbf5a809e3bd38617c6ce150f6\"},\"headline\":\"Kais Saied au Sommet de l&rsquo;ONU sur la s\u00e9curit\u00e9 alimentaire\",\"datePublished\":\"2023-07-24T10:44:00+00:00\",\"dateModified\":\"2025-05-20T22:09:46+00:00\",\"mainEntityOfPage\":{\"@id\":\"https:\\\/\\\/www.webdo.tn\\\/fr\\\/actualite\\\/international\\\/kais-saied-au-sommet-de-l-onu-sur-la-securite-alimentaire\\\/207442\\\/\"},\"wordCount\":120,\"commentCount\":0,\"publisher\":{\"@id\":\"https:\\\/\\\/www.webdo.tn\\\/fr\\\/#organization\"},\"image\":{\"@id\":\"https:\\\/\\\/www.webdo.tn\\\/fr\\\/actualite\\\/international\\\/kais-saied-au-sommet-de-l-onu-sur-la-securite-alimentaire\\\/207442\\\/#primaryimage\"},\"thumbnailUrl\":\"https:\\\/\\\/www.webdo.tn\\\/fr\\\/wp-content\\\/uploads\\\/2023\\\/07\\\/e2f6547aa33cf80e3b5f169061a59cc1.jpg\",\"keywords\":[\"fao\",\"Kais Saied\",\"S\u00e9curit\u00e9 alimentaire\"],\"articleSection\":[\"International\"],\"inLanguage\":\"fr-FR\"},{\"@type\":\"WebPage\",\"@id\":\"https:\\\/\\\/www.webdo.tn\\\/fr\\\/actualite\\\/international\\\/kais-saied-au-sommet-de-l-onu-sur-la-securite-alimentaire\\\/207442\\\/\",\"url\":\"https:\\\/\\\/www.webdo.tn\\\/fr\\\/actualite\\\/international\\\/kais-saied-au-sommet-de-l-onu-sur-la-securite-alimentaire\\\/207442\\\/\",\"name\":\"Kais Saied au Sommet de l'ONU sur la s\u00e9curit\u00e9 alimentaire\",\"isPartOf\":{\"@id\":\"https:\\\/\\\/www.webdo.tn\\\/fr\\\/#website\"},\"primaryImageOfPage\":{\"@id\":\"https:\\\/\\\/www.webdo.tn\\\/fr\\\/actualite\\\/international\\\/kais-saied-au-sommet-de-l-onu-sur-la-securite-alimentaire\\\/207442\\\/#primaryimage\"},\"image\":{\"@id\":\"https:\\\/\\\/www.webdo.tn\\\/fr\\\/actualite\\\/international\\\/kais-saied-au-sommet-de-l-onu-sur-la-securite-alimentaire\\\/207442\\\/#primaryimage\"},\"thumbnailUrl\":\"https:\\\/\\\/www.webdo.tn\\\/fr\\\/wp-content\\\/uploads\\\/2023\\\/07\\\/e2f6547aa33cf80e3b5f169061a59cc1.jpg\",\"datePublished\":\"2023-07-24T10:44:00+00:00\",\"dateModified\":\"2025-05-20T22:09:46+00:00\",\"description\":\"Le sommet des Nations unies sur les syst\u00e8mes alimentaires +2 s\u2019ouvre ce lundi 24 juillet \u00e0 Rome et doit permettre de faire un inventaire des initiatives durable...\",\"breadcrumb\":{\"@id\":\"https:\\\/\\\/www.webdo.tn\\\/fr\\\/actualite\\\/international\\\/kais-saied-au-sommet-de-l-onu-sur-la-securite-alimentaire\\\/207442\\\/#breadcrumb\"},\"inLanguage\":\"fr-FR\",\"potentialAction\":[{\"@type\":\"ReadAction\",\"target\":[\"https:\\\/\\\/www.webdo.tn\\\/fr\\\/actualite\\\/international\\\/kais-saied-au-sommet-de-l-onu-sur-la-securite-alimentaire\\\/207442\\\/\"]}]},{\"@type\":\"ImageObject\",\"inLanguage\":\"fr-FR\",\"@id\":\"https:\\\/\\\/www.webdo.tn\\\/fr\\\/actualite\\\/international\\\/kais-saied-au-sommet-de-l-onu-sur-la-securite-alimentaire\\\/207442\\\/#primaryimage\",\"url\":\"https:\\\/\\\/www.webdo.tn\\\/fr\\\/wp-content\\\/uploads\\\/2023\\\/07\\\/e2f6547aa33cf80e3b5f169061a59cc1.jpg\",\"contentUrl\":\"https:\\\/\\\/www.webdo.tn\\\/fr\\\/wp-content\\\/uploads\\\/2023\\\/07\\\/e2f6547aa33cf80e3b5f169061a59cc1.jpg\",\"width\":750,\"height\":400,\"caption\":\"Kais Saied au Sommet de l'ONU sur la s\u00e9curit\u00e9 alimentaire\"},{\"@type\":\"BreadcrumbList\",\"@id\":\"https:\\\/\\\/www.webdo.tn\\\/fr\\\/actualite\\\/international\\\/kais-saied-au-sommet-de-l-onu-sur-la-securite-alimentaire\\\/207442\\\/#breadcrumb\",\"itemListElement\":[{\"@type\":\"ListItem\",\"position\":1,\"name\":\"Accueil\",\"item\":\"https:\\\/\\\/www.webdo.tn\\\/fr\\\/\"},{\"@type\":\"ListItem\",\"position\":2,\"name\":\"Kais Saied au Sommet de l&rsquo;ONU sur la s\u00e9curit\u00e9 alimentaire\"}]},{\"@type\":\"WebSite\",\"@id\":\"https:\\\/\\\/www.webdo.tn\\\/fr\\\/#website\",\"url\":\"https:\\\/\\\/www.webdo.tn\\\/fr\\\/\",\"name\":\"webdo\",\"description\":\"Tunisie - News en Tunisie et \u00e0 l&#039;international sur Webdo.tn\",\"publisher\":{\"@id\":\"https:\\\/\\\/www.webdo.tn\\\/fr\\\/#organization\"},\"potentialAction\":[{\"@type\":\"SearchAction\",\"target\":{\"@type\":\"EntryPoint\",\"urlTemplate\":\"https:\\\/\\\/www.webdo.tn\\\/fr\\\/?s={search_term_string}\"},\"query-input\":{\"@type\":\"PropertyValueSpecification\",\"valueRequired\":true,\"valueName\":\"search_term_string\"}}],\"inLanguage\":\"fr-FR\"},{\"@type\":\"Organization\",\"@id\":\"https:\\\/\\\/www.webdo.tn\\\/fr\\\/#organization\",\"name\":\"Webdo\",\"alternateName\":\"Webdo.tn\",\"url\":\"https:\\\/\\\/www.webdo.tn\\\/fr\\\/\",\"logo\":{\"@type\":\"ImageObject\",\"inLanguage\":\"fr-FR\",\"@id\":\"https:\\\/\\\/www.webdo.tn\\\/fr\\\/#\\\/schema\\\/logo\\\/image\\\/\",\"url\":\"https:\\\/\\\/www.webdo.tn\\\/fr\\\/wp-content\\\/uploads\\\/2025\\\/06\\\/Webdo-Tunisie_168377.jpg\",\"contentUrl\":\"https:\\\/\\\/www.webdo.tn\\\/fr\\\/wp-content\\\/uploads\\\/2025\\\/06\\\/Webdo-Tunisie_168377.jpg\",\"width\":301,\"height\":301,\"caption\":\"Webdo\"},\"image\":{\"@id\":\"https:\\\/\\\/www.webdo.tn\\\/fr\\\/#\\\/schema\\\/logo\\\/image\\\/\"},\"sameAs\":[\"https:\\\/\\\/www.facebook.com\\\/webdotn\",\"https:\\\/\\\/x.com\\\/webdo_tn\"],\"description\":\"Webdo est un m\u00e9dia num\u00e9rique tunisien fond\u00e9 en 2010, sp\u00e9cialis\u00e9 dans l\u2019actualit\u00e9 nationale et internationale, l\u2019\u00e9conomie, la soci\u00e9t\u00e9 et les analyses politiques. Le site s\u2019adresse \u00e0 un large public francophone et couvre l\u2019information tunisienne en temps r\u00e9el.\",\"email\":\"redac@webdo.tn\",\"legalName\":\"YNJ SARL\",\"foundingDate\":\"2010-09-06\",\"numberOfEmployees\":{\"@type\":\"QuantitativeValue\",\"minValue\":\"11\",\"maxValue\":\"50\"}},{\"@type\":\"Person\",\"@id\":\"https:\\\/\\\/www.webdo.tn\\\/fr\\\/#\\\/schema\\\/person\\\/2c4929cbf5a809e3bd38617c6ce150f6\",\"name\":\"MC\",\"image\":{\"@type\":\"ImageObject\",\"inLanguage\":\"fr-FR\",\"@id\":\"https:\\\/\\\/secure.gravatar.com\\\/avatar\\\/a545bbb6f84efdd5553dbbc2895e3ca8f1d12c5215e00a041c9670b54aa9b18a?s=96&d=mm&r=g\",\"url\":\"https:\\\/\\\/secure.gravatar.com\\\/avatar\\\/a545bbb6f84efdd5553dbbc2895e3ca8f1d12c5215e00a041c9670b54aa9b18a?s=96&d=mm&r=g\",\"contentUrl\":\"https:\\\/\\\/secure.gravatar.com\\\/avatar\\\/a545bbb6f84efdd5553dbbc2895e3ca8f1d12c5215e00a041c9670b54aa9b18a?s=96&d=mm&r=g\",\"caption\":\"MC\"},\"url\":\"https:\\\/\\\/www.webdo.tn\\\/fr\\\/actualite\\\/author\\\/mc\\\/\"}]}<\/script>\n<!-- \/ Yoast SEO Premium plugin. -->","yoast_head_json":{"title":"Kais Saied au Sommet de l'ONU sur la s\u00e9curit\u00e9 alimentaire","description":"Le sommet des Nations unies sur les syst\u00e8mes alimentaires +2 s\u2019ouvre ce lundi 24 juillet \u00e0 Rome et doit permettre de faire un inventaire des initiatives durable...","canonical":"https:\/\/www.webdo.tn\/fr\/actualite\/international\/kais-saied-au-sommet-de-l-onu-sur-la-securite-alimentaire\/207442\/","og_locale":"fr_FR","og_type":"article","og_title":"Kais Saied au Sommet de l'ONU sur la s\u00e9curit\u00e9 alimentaire","og_description":"Le sommet des Nations unies sur les syst\u00e8mes alimentaires +2 s\u2019ouvre ce lundi 24 juillet \u00e0 Rome et doit permettre de faire un inventaire des initiatives durable...","og_url":"https:\/\/www.webdo.tn\/fr\/actualite\/international\/kais-saied-au-sommet-de-l-onu-sur-la-securite-alimentaire\/207442\/","og_site_name":"webdo","article_publisher":"https:\/\/www.facebook.com\/webdotn","article_published_time":"2023-07-24T10:44:00+00:00","article_modified_time":"2025-05-20T22:09:46+00:00","og_image":[{"width":750,"height":400,"url":"https:\/\/www.webdo.tn\/fr\/wp-content\/uploads\/2023\/07\/e2f6547aa33cf80e3b5f169061a59cc1.jpg","type":"image\/jpeg"}],"author":"MC","twitter_card":"summary_large_image","twitter_creator":"@webdo_tn","twitter_site":"@webdo_tn","twitter_misc":{"\u00c9crit par":"MC","Dur\u00e9e de lecture estim\u00e9e":"1 minute"},"schema":{"@context":"https:\/\/schema.org","@graph":[{"@type":"NewsArticle","@id":"https:\/\/www.webdo.tn\/fr\/actualite\/international\/kais-saied-au-sommet-de-l-onu-sur-la-securite-alimentaire\/207442\/#article","isPartOf":{"@id":"https:\/\/www.webdo.tn\/fr\/actualite\/international\/kais-saied-au-sommet-de-l-onu-sur-la-securite-alimentaire\/207442\/"},"author":{"name":"MC","@id":"https:\/\/www.webdo.tn\/fr\/#\/schema\/person\/2c4929cbf5a809e3bd38617c6ce150f6"},"headline":"Kais Saied au Sommet de l&rsquo;ONU sur la s\u00e9curit\u00e9 alimentaire","datePublished":"2023-07-24T10:44:00+00:00","dateModified":"2025-05-20T22:09:46+00:00","mainEntityOfPage":{"@id":"https:\/\/www.webdo.tn\/fr\/actualite\/international\/kais-saied-au-sommet-de-l-onu-sur-la-securite-alimentaire\/207442\/"},"wordCount":120,"commentCount":0,"publisher":{"@id":"https:\/\/www.webdo.tn\/fr\/#organization"},"image":{"@id":"https:\/\/www.webdo.tn\/fr\/actualite\/international\/kais-saied-au-sommet-de-l-onu-sur-la-securite-alimentaire\/207442\/#primaryimage"},"thumbnailUrl":"https:\/\/www.webdo.tn\/fr\/wp-content\/uploads\/2023\/07\/e2f6547aa33cf80e3b5f169061a59cc1.jpg","keywords":["fao","Kais Saied","S\u00e9curit\u00e9 alimentaire"],"articleSection":["International"],"inLanguage":"fr-FR"},{"@type":"WebPage","@id":"https:\/\/www.webdo.tn\/fr\/actualite\/international\/kais-saied-au-sommet-de-l-onu-sur-la-securite-alimentaire\/207442\/","url":"https:\/\/www.webdo.tn\/fr\/actualite\/international\/kais-saied-au-sommet-de-l-onu-sur-la-securite-alimentaire\/207442\/","name":"Kais Saied au Sommet de l'ONU sur la s\u00e9curit\u00e9 alimentaire","isPartOf":{"@id":"https:\/\/www.webdo.tn\/fr\/#website"},"primaryImageOfPage":{"@id":"https:\/\/www.webdo.tn\/fr\/actualite\/international\/kais-saied-au-sommet-de-l-onu-sur-la-securite-alimentaire\/207442\/#primaryimage"},"image":{"@id":"https:\/\/www.webdo.tn\/fr\/actualite\/international\/kais-saied-au-sommet-de-l-onu-sur-la-securite-alimentaire\/207442\/#primaryimage"},"thumbnailUrl":"https:\/\/www.webdo.tn\/fr\/wp-content\/uploads\/2023\/07\/e2f6547aa33cf80e3b5f169061a59cc1.jpg","datePublished":"2023-07-24T10:44:00+00:00","dateModified":"2025-05-20T22:09:46+00:00","description":"Le sommet des Nations unies sur les syst\u00e8mes alimentaires +2 s\u2019ouvre ce lundi 24 juillet \u00e0 Rome et doit permettre de faire un inventaire des initiatives durable...","breadcrumb":{"@id":"https:\/\/www.webdo.tn\/fr\/actualite\/international\/kais-saied-au-sommet-de-l-onu-sur-la-securite-alimentaire\/207442\/#breadcrumb"},"inLanguage":"fr-FR","potentialAction":[{"@type":"ReadAction","target":["https:\/\/www.webdo.tn\/fr\/actualite\/international\/kais-saied-au-sommet-de-l-onu-sur-la-securite-alimentaire\/207442\/"]}]},{"@type":"ImageObject","inLanguage":"fr-FR","@id":"https:\/\/www.webdo.tn\/fr\/actualite\/international\/kais-saied-au-sommet-de-l-onu-sur-la-securite-alimentaire\/207442\/#primaryimage","url":"https:\/\/www.webdo.tn\/fr\/wp-content\/uploads\/2023\/07\/e2f6547aa33cf80e3b5f169061a59cc1.jpg","contentUrl":"https:\/\/www.webdo.tn\/fr\/wp-content\/uploads\/2023\/07\/e2f6547aa33cf80e3b5f169061a59cc1.jpg","width":750,"height":400,"caption":"Kais Saied au Sommet de l'ONU sur la s\u00e9curit\u00e9 alimentaire"},{"@type":"BreadcrumbList","@id":"https:\/\/www.webdo.tn\/fr\/actualite\/international\/kais-saied-au-sommet-de-l-onu-sur-la-securite-alimentaire\/207442\/#breadcrumb","itemListElement":[{"@type":"ListItem","position":1,"name":"Accueil","item":"https:\/\/www.webdo.tn\/fr\/"},{"@type":"ListItem","position":2,"name":"Kais Saied au Sommet de l&rsquo;ONU sur la s\u00e9curit\u00e9 alimentaire"}]},{"@type":"WebSite","@id":"https:\/\/www.webdo.tn\/fr\/#website","url":"https:\/\/www.webdo.tn\/fr\/","name":"webdo","description":"Tunisie - News en Tunisie et \u00e0 l&#039;international sur Webdo.tn","publisher":{"@id":"https:\/\/www.webdo.tn\/fr\/#organization"},"potentialAction":[{"@type":"SearchAction","target":{"@type":"EntryPoint","urlTemplate":"https:\/\/www.webdo.tn\/fr\/?s={search_term_string}"},"query-input":{"@type":"PropertyValueSpecification","valueRequired":true,"valueName":"search_term_string"}}],"inLanguage":"fr-FR"},{"@type":"Organization","@id":"https:\/\/www.webdo.tn\/fr\/#organization","name":"Webdo","alternateName":"Webdo.tn","url":"https:\/\/www.webdo.tn\/fr\/","logo":{"@type":"ImageObject","inLanguage":"fr-FR","@id":"https:\/\/www.webdo.tn\/fr\/#\/schema\/logo\/image\/","url":"https:\/\/www.webdo.tn\/fr\/wp-content\/uploads\/2025\/06\/Webdo-Tunisie_168377.jpg","contentUrl":"https:\/\/www.webdo.tn\/fr\/wp-content\/uploads\/2025\/06\/Webdo-Tunisie_168377.jpg","width":301,"height":301,"caption":"Webdo"},"image":{"@id":"https:\/\/www.webdo.tn\/fr\/#\/schema\/logo\/image\/"},"sameAs":["https:\/\/www.facebook.com\/webdotn","https:\/\/x.com\/webdo_tn"],"description":"Webdo est un m\u00e9dia num\u00e9rique tunisien fond\u00e9 en 2010, sp\u00e9cialis\u00e9 dans l\u2019actualit\u00e9 nationale et internationale, l\u2019\u00e9conomie, la soci\u00e9t\u00e9 et les analyses politiques. Le site s\u2019adresse \u00e0 un large public francophone et couvre l\u2019information tunisienne en temps r\u00e9el.","email":"redac@webdo.tn","legalName":"YNJ SARL","foundingDate":"2010-09-06","numberOfEmployees":{"@type":"QuantitativeValue","minValue":"11","maxValue":"50"}},{"@type":"Person","@id":"https:\/\/www.webdo.tn\/fr\/#\/schema\/person\/2c4929cbf5a809e3bd38617c6ce150f6","name":"MC","image":{"@type":"ImageObject","inLanguage":"fr-FR","@id":"https:\/\/secure.gravatar.com\/avatar\/a545bbb6f84efdd5553dbbc2895e3ca8f1d12c5215e00a041c9670b54aa9b18a?s=96&d=mm&r=g","url":"https:\/\/secure.gravatar.com\/avatar\/a545bbb6f84efdd5553dbbc2895e3ca8f1d12c5215e00a041c9670b54aa9b18a?s=96&d=mm&r=g","contentUrl":"https:\/\/secure.gravatar.com\/avatar\/a545bbb6f84efdd5553dbbc2895e3ca8f1d12c5215e00a041c9670b54aa9b18a?s=96&d=mm&r=g","caption":"MC"},"url":"https:\/\/www.webdo.tn\/fr\/actualite\/author\/mc\/"}]}},"_links":{"self":[{"href":"https:\/\/www.webdo.tn\/fr\/wp-json\/wp\/v2\/posts\/207442","targetHints":{"allow":["GET"]}}],"collection":[{"href":"https:\/\/www.webdo.tn\/fr\/wp-json\/wp\/v2\/posts"}],"about":[{"href":"https:\/\/www.webdo.tn\/fr\/wp-json\/wp\/v2\/types\/post"}],"author":[{"embeddable":true,"href":"https:\/\/www.webdo.tn\/fr\/wp-json\/wp\/v2\/users\/3162"}],"replies":[{"embeddable":true,"href":"https:\/\/www.webdo.tn\/fr\/wp-json\/wp\/v2\/comments?post=207442"}],"version-history":[{"count":0,"href":"https:\/\/www.webdo.tn\/fr\/wp-json\/wp\/v2\/posts\/207442\/revisions"}],"wp:featuredmedia":[{"embeddable":true,"href":"https:\/\/www.webdo.tn\/fr\/wp-json\/wp\/v2\/media\/278517"}],"wp:attachment":[{"href":"https:\/\/www.webdo.tn\/fr\/wp-json\/wp\/v2\/media?parent=207442"}],"wp:term":[{"taxonomy":"category","embeddable":true,"href":"https:\/\/www.webdo.tn\/fr\/wp-json\/wp\/v2\/categories?post=207442"},{"taxonomy":"post_tag","embeddable":true,"href":"https:\/\/www.webdo.tn\/fr\/wp-json\/wp\/v2\/tags?post=207442"}],"curies":[{"name":"wp","href":"https:\/\/api.w.org\/{rel}","templated":true}]}}