{"id":207432,"date":"2023-07-23T15:40:00","date_gmt":"2023-07-23T15:40:00","guid":{"rendered":"https:\/\/www.webdo.tn\/fr\/blog\/de-l-argent-pour-ahmed-el-hafnaoui-aux-mondiaux-de-fukuoka\/207432\/"},"modified":"2025-05-20T22:57:06","modified_gmt":"2025-05-20T22:57:06","slug":"de-l-argent-pour-ahmed-el-hafnaoui-aux-mondiaux-de-fukuoka","status":"publish","type":"post","link":"https:\/\/www.webdo.tn\/fr\/actualite\/sport\/de-l-argent-pour-ahmed-el-hafnaoui-aux-mondiaux-de-fukuoka\/207432\/","title":{"rendered":"M\u00e9daille d&rsquo;argent pour Ahmed Ayoub Hafnaoui aux Mondiaux de Fukuoka"},"content":{"rendered":"<p>Le champion tunisien de natation, Ahmed Ayoub Hafnaoui, a remport\u00e9 la m\u00e9daille d&rsquo;argent de la course du 400 m nage libre, ce dimanche 23 juillet 2023, lors des Championnats du monde de natation qui se d\u00e9roulent \u00e0 Fukuoka, au Japon.<\/p>\n<p>\t\t\t\t\t\t\t\t\tNotre champion est arriv\u00e9 juste \u00e0 2 centi\u00e8mes de seconde apr\u00e8s l&rsquo;Australien Samuel Short, avec un temps de 3 mn, 40s et 70\/100, celui-ci remportant la course et la m\u00e9daille d\u2019or avec un temps de 3mn 40s 68\/100.<\/p>\n<p>Il est \u00e0 rappeler qu\u2019Ahmed El-Hafnaoui participera, lors des championnats du monde 2023, aux comp\u00e9titions des 800m et 1500m nage libre.<\/p>\n<p>Classement de la course :<\/p>\n<p>\tSamuel Short (Australie) : 3mn 40s 68\/100<br \/>\n\tAhmed Ayoub Hafnaoui (Tunisie) : 3 mn 40s 70\/100<br \/>\n\tLukas Martens (Allemagne) : 3 mn 42s 20\/100<\/p>\n","protected":false},"excerpt":{"rendered":"<p>Le champion tunisien de natation, Ahmed Ayoub Hafnaoui, a remport\u00e9 la m\u00e9daille d&rsquo;argent de la course du 400 m nage libre, ce dimanche 23 juillet 2023, lors des&#8230;<\/p>\n","protected":false},"author":3185,"featured_media":249720,"comment_status":"open","ping_status":"closed","sticky":false,"template":"","format":"standard","meta":{"footnotes":""},"categories":[2593],"tags":[8156,3122,5807,3252],"class_list":["post-207432","post","type-post","status-publish","format-standard","has-post-thumbnail","hentry","category-sport","tag-fukuoka","tag-hafnaoui","tag-medaille-dargent","tag-natation"],"yoast_head":"<!-- This site is optimized with the Yoast SEO Premium plugin v27.5 (Yoast SEO v27.5) - https:\/\/yoast.com\/product\/yoast-seo-premium-wordpress\/ -->\n<title>M\u00e9daille d&#039;argent pour Ahmed Ayoub Hafnaoui aux Mondiaux de Fukuoka<\/title>\n<meta name=\"description\" content=\"Le champion tunisien de natation, Ahmed Ayoub Hafnaoui, a remport\u00e9 la m\u00e9daille d&#039;argent de la course du 400 m nage libre, ce dimanche 23 juillet 2023, lors des...\" \/>\n<link rel=\"canonical\" href=\"https:\/\/www.webdo.tn\/fr\/actualite\/sport\/de-l-argent-pour-ahmed-el-hafnaoui-aux-mondiaux-de-fukuoka\/207432\/\" \/>\n<meta property=\"og:locale\" content=\"fr_FR\" \/>\n<meta property=\"og:type\" content=\"article\" \/>\n<meta property=\"og:title\" content=\"M\u00e9daille d&#039;argent pour Ahmed Ayoub Hafnaoui aux Mondiaux de Fukuoka\" \/>\n<meta property=\"og:description\" content=\"Le champion tunisien de natation, Ahmed Ayoub Hafnaoui, a remport\u00e9 la m\u00e9daille d&#039;argent de la course du 400 m nage libre, ce dimanche 23 juillet 2023, lors des...\" \/>\n<meta property=\"og:url\" content=\"https:\/\/www.webdo.tn\/fr\/actualite\/sport\/de-l-argent-pour-ahmed-el-hafnaoui-aux-mondiaux-de-fukuoka\/207432\/\" \/>\n<meta property=\"og:site_name\" content=\"webdo\" \/>\n<meta property=\"article:publisher\" content=\"https:\/\/www.facebook.com\/webdotn\" \/>\n<meta property=\"article:published_time\" content=\"2023-07-23T15:40:00+00:00\" \/>\n<meta property=\"article:modified_time\" content=\"2025-05-20T22:57:06+00:00\" \/>\n<meta property=\"og:image\" content=\"https:\/\/www.webdo.tn\/fr\/wp-content\/uploads\/2023\/07\/9593461e3e082189264e9b7d7ca31d57.jpg\" \/>\n\t<meta property=\"og:image:width\" content=\"750\" \/>\n\t<meta property=\"og:image:height\" content=\"400\" \/>\n\t<meta property=\"og:image:type\" content=\"image\/jpeg\" \/>\n<meta name=\"author\" content=\"WDA\" \/>\n<meta name=\"twitter:card\" content=\"summary_large_image\" \/>\n<meta name=\"twitter:creator\" content=\"@webdo_tn\" \/>\n<meta name=\"twitter:site\" content=\"@webdo_tn\" \/>\n<meta name=\"twitter:label1\" content=\"\u00c9crit par\" \/>\n\t<meta name=\"twitter:data1\" content=\"WDA\" \/>\n\t<meta name=\"twitter:label2\" content=\"Dur\u00e9e de lecture estim\u00e9e\" \/>\n\t<meta name=\"twitter:data2\" content=\"1 minute\" \/>\n<script type=\"application\/ld+json\" class=\"yoast-schema-graph\">{\"@context\":\"https:\\\/\\\/schema.org\",\"@graph\":[{\"@type\":\"NewsArticle\",\"@id\":\"https:\\\/\\\/www.webdo.tn\\\/fr\\\/actualite\\\/sport\\\/de-l-argent-pour-ahmed-el-hafnaoui-aux-mondiaux-de-fukuoka\\\/207432\\\/#article\",\"isPartOf\":{\"@id\":\"https:\\\/\\\/www.webdo.tn\\\/fr\\\/actualite\\\/sport\\\/de-l-argent-pour-ahmed-el-hafnaoui-aux-mondiaux-de-fukuoka\\\/207432\\\/\"},\"author\":{\"name\":\"WDA\",\"@id\":\"https:\\\/\\\/www.webdo.tn\\\/fr\\\/#\\\/schema\\\/person\\\/ae999f6cc68c323955dd7bb23b41f2dd\"},\"headline\":\"M\u00e9daille d&rsquo;argent pour Ahmed Ayoub Hafnaoui aux Mondiaux de Fukuoka\",\"datePublished\":\"2023-07-23T15:40:00+00:00\",\"dateModified\":\"2025-05-20T22:57:06+00:00\",\"mainEntityOfPage\":{\"@id\":\"https:\\\/\\\/www.webdo.tn\\\/fr\\\/actualite\\\/sport\\\/de-l-argent-pour-ahmed-el-hafnaoui-aux-mondiaux-de-fukuoka\\\/207432\\\/\"},\"wordCount\":130,\"commentCount\":0,\"publisher\":{\"@id\":\"https:\\\/\\\/www.webdo.tn\\\/fr\\\/#organization\"},\"image\":{\"@id\":\"https:\\\/\\\/www.webdo.tn\\\/fr\\\/actualite\\\/sport\\\/de-l-argent-pour-ahmed-el-hafnaoui-aux-mondiaux-de-fukuoka\\\/207432\\\/#primaryimage\"},\"thumbnailUrl\":\"https:\\\/\\\/www.webdo.tn\\\/fr\\\/wp-content\\\/uploads\\\/2023\\\/07\\\/9593461e3e082189264e9b7d7ca31d57.jpg\",\"keywords\":[\"Fukuoka\",\"Hafnaoui\",\"m\u00e9daille d'argent\",\"natation\"],\"articleSection\":[\"Sport\"],\"inLanguage\":\"fr-FR\"},{\"@type\":\"WebPage\",\"@id\":\"https:\\\/\\\/www.webdo.tn\\\/fr\\\/actualite\\\/sport\\\/de-l-argent-pour-ahmed-el-hafnaoui-aux-mondiaux-de-fukuoka\\\/207432\\\/\",\"url\":\"https:\\\/\\\/www.webdo.tn\\\/fr\\\/actualite\\\/sport\\\/de-l-argent-pour-ahmed-el-hafnaoui-aux-mondiaux-de-fukuoka\\\/207432\\\/\",\"name\":\"M\u00e9daille d'argent pour Ahmed Ayoub Hafnaoui aux Mondiaux de Fukuoka\",\"isPartOf\":{\"@id\":\"https:\\\/\\\/www.webdo.tn\\\/fr\\\/#website\"},\"primaryImageOfPage\":{\"@id\":\"https:\\\/\\\/www.webdo.tn\\\/fr\\\/actualite\\\/sport\\\/de-l-argent-pour-ahmed-el-hafnaoui-aux-mondiaux-de-fukuoka\\\/207432\\\/#primaryimage\"},\"image\":{\"@id\":\"https:\\\/\\\/www.webdo.tn\\\/fr\\\/actualite\\\/sport\\\/de-l-argent-pour-ahmed-el-hafnaoui-aux-mondiaux-de-fukuoka\\\/207432\\\/#primaryimage\"},\"thumbnailUrl\":\"https:\\\/\\\/www.webdo.tn\\\/fr\\\/wp-content\\\/uploads\\\/2023\\\/07\\\/9593461e3e082189264e9b7d7ca31d57.jpg\",\"datePublished\":\"2023-07-23T15:40:00+00:00\",\"dateModified\":\"2025-05-20T22:57:06+00:00\",\"description\":\"Le champion tunisien de natation, Ahmed Ayoub Hafnaoui, a remport\u00e9 la m\u00e9daille d'argent de la course du 400 m nage libre, ce dimanche 23 juillet 2023, lors des...\",\"breadcrumb\":{\"@id\":\"https:\\\/\\\/www.webdo.tn\\\/fr\\\/actualite\\\/sport\\\/de-l-argent-pour-ahmed-el-hafnaoui-aux-mondiaux-de-fukuoka\\\/207432\\\/#breadcrumb\"},\"inLanguage\":\"fr-FR\",\"potentialAction\":[{\"@type\":\"ReadAction\",\"target\":[\"https:\\\/\\\/www.webdo.tn\\\/fr\\\/actualite\\\/sport\\\/de-l-argent-pour-ahmed-el-hafnaoui-aux-mondiaux-de-fukuoka\\\/207432\\\/\"]}]},{\"@type\":\"ImageObject\",\"inLanguage\":\"fr-FR\",\"@id\":\"https:\\\/\\\/www.webdo.tn\\\/fr\\\/actualite\\\/sport\\\/de-l-argent-pour-ahmed-el-hafnaoui-aux-mondiaux-de-fukuoka\\\/207432\\\/#primaryimage\",\"url\":\"https:\\\/\\\/www.webdo.tn\\\/fr\\\/wp-content\\\/uploads\\\/2023\\\/07\\\/9593461e3e082189264e9b7d7ca31d57.jpg\",\"contentUrl\":\"https:\\\/\\\/www.webdo.tn\\\/fr\\\/wp-content\\\/uploads\\\/2023\\\/07\\\/9593461e3e082189264e9b7d7ca31d57.jpg\",\"width\":750,\"height\":400,\"caption\":\"M\u00e9daille d'argent pour Ahmed Ayoub Hafnaoui aux Mondiaux de Fukuoka\"},{\"@type\":\"BreadcrumbList\",\"@id\":\"https:\\\/\\\/www.webdo.tn\\\/fr\\\/actualite\\\/sport\\\/de-l-argent-pour-ahmed-el-hafnaoui-aux-mondiaux-de-fukuoka\\\/207432\\\/#breadcrumb\",\"itemListElement\":[{\"@type\":\"ListItem\",\"position\":1,\"name\":\"Accueil\",\"item\":\"https:\\\/\\\/www.webdo.tn\\\/fr\\\/\"},{\"@type\":\"ListItem\",\"position\":2,\"name\":\"M\u00e9daille d&rsquo;argent pour Ahmed Ayoub Hafnaoui aux Mondiaux de Fukuoka\"}]},{\"@type\":\"WebSite\",\"@id\":\"https:\\\/\\\/www.webdo.tn\\\/fr\\\/#website\",\"url\":\"https:\\\/\\\/www.webdo.tn\\\/fr\\\/\",\"name\":\"webdo\",\"description\":\"Tunisie - News en Tunisie et \u00e0 l&#039;international sur Webdo.tn\",\"publisher\":{\"@id\":\"https:\\\/\\\/www.webdo.tn\\\/fr\\\/#organization\"},\"potentialAction\":[{\"@type\":\"SearchAction\",\"target\":{\"@type\":\"EntryPoint\",\"urlTemplate\":\"https:\\\/\\\/www.webdo.tn\\\/fr\\\/?s={search_term_string}\"},\"query-input\":{\"@type\":\"PropertyValueSpecification\",\"valueRequired\":true,\"valueName\":\"search_term_string\"}}],\"inLanguage\":\"fr-FR\"},{\"@type\":\"Organization\",\"@id\":\"https:\\\/\\\/www.webdo.tn\\\/fr\\\/#organization\",\"name\":\"Webdo\",\"alternateName\":\"Webdo.tn\",\"url\":\"https:\\\/\\\/www.webdo.tn\\\/fr\\\/\",\"logo\":{\"@type\":\"ImageObject\",\"inLanguage\":\"fr-FR\",\"@id\":\"https:\\\/\\\/www.webdo.tn\\\/fr\\\/#\\\/schema\\\/logo\\\/image\\\/\",\"url\":\"https:\\\/\\\/www.webdo.tn\\\/fr\\\/wp-content\\\/uploads\\\/2025\\\/06\\\/Webdo-Tunisie_168377.jpg\",\"contentUrl\":\"https:\\\/\\\/www.webdo.tn\\\/fr\\\/wp-content\\\/uploads\\\/2025\\\/06\\\/Webdo-Tunisie_168377.jpg\",\"width\":301,\"height\":301,\"caption\":\"Webdo\"},\"image\":{\"@id\":\"https:\\\/\\\/www.webdo.tn\\\/fr\\\/#\\\/schema\\\/logo\\\/image\\\/\"},\"sameAs\":[\"https:\\\/\\\/www.facebook.com\\\/webdotn\",\"https:\\\/\\\/x.com\\\/webdo_tn\"],\"description\":\"Webdo est un m\u00e9dia num\u00e9rique tunisien fond\u00e9 en 2010, sp\u00e9cialis\u00e9 dans l\u2019actualit\u00e9 nationale et internationale, l\u2019\u00e9conomie, la soci\u00e9t\u00e9 et les analyses politiques. Le site s\u2019adresse \u00e0 un large public francophone et couvre l\u2019information tunisienne en temps r\u00e9el.\",\"email\":\"redac@webdo.tn\",\"legalName\":\"YNJ SARL\",\"foundingDate\":\"2010-09-06\",\"numberOfEmployees\":{\"@type\":\"QuantitativeValue\",\"minValue\":\"11\",\"maxValue\":\"50\"}},{\"@type\":\"Person\",\"@id\":\"https:\\\/\\\/www.webdo.tn\\\/fr\\\/#\\\/schema\\\/person\\\/ae999f6cc68c323955dd7bb23b41f2dd\",\"name\":\"WDA\",\"image\":{\"@type\":\"ImageObject\",\"inLanguage\":\"fr-FR\",\"@id\":\"https:\\\/\\\/secure.gravatar.com\\\/avatar\\\/008e9c4da3bbf467e76fbd05ea8a140d6f047be3ff32b495e3a42ecd99d95622?s=96&d=mm&r=g\",\"url\":\"https:\\\/\\\/secure.gravatar.com\\\/avatar\\\/008e9c4da3bbf467e76fbd05ea8a140d6f047be3ff32b495e3a42ecd99d95622?s=96&d=mm&r=g\",\"contentUrl\":\"https:\\\/\\\/secure.gravatar.com\\\/avatar\\\/008e9c4da3bbf467e76fbd05ea8a140d6f047be3ff32b495e3a42ecd99d95622?s=96&d=mm&r=g\",\"caption\":\"WDA\"},\"url\":\"https:\\\/\\\/www.webdo.tn\\\/fr\\\/actualite\\\/author\\\/wda\\\/\"}]}<\/script>\n<!-- \/ Yoast SEO Premium plugin. -->","yoast_head_json":{"title":"M\u00e9daille d'argent pour Ahmed Ayoub Hafnaoui aux Mondiaux de Fukuoka","description":"Le champion tunisien de natation, Ahmed Ayoub Hafnaoui, a remport\u00e9 la m\u00e9daille d'argent de la course du 400 m nage libre, ce dimanche 23 juillet 2023, lors des...","canonical":"https:\/\/www.webdo.tn\/fr\/actualite\/sport\/de-l-argent-pour-ahmed-el-hafnaoui-aux-mondiaux-de-fukuoka\/207432\/","og_locale":"fr_FR","og_type":"article","og_title":"M\u00e9daille d'argent pour Ahmed Ayoub Hafnaoui aux Mondiaux de Fukuoka","og_description":"Le champion tunisien de natation, Ahmed Ayoub Hafnaoui, a remport\u00e9 la m\u00e9daille d'argent de la course du 400 m nage libre, ce dimanche 23 juillet 2023, lors des...","og_url":"https:\/\/www.webdo.tn\/fr\/actualite\/sport\/de-l-argent-pour-ahmed-el-hafnaoui-aux-mondiaux-de-fukuoka\/207432\/","og_site_name":"webdo","article_publisher":"https:\/\/www.facebook.com\/webdotn","article_published_time":"2023-07-23T15:40:00+00:00","article_modified_time":"2025-05-20T22:57:06+00:00","og_image":[{"width":750,"height":400,"url":"https:\/\/www.webdo.tn\/fr\/wp-content\/uploads\/2023\/07\/9593461e3e082189264e9b7d7ca31d57.jpg","type":"image\/jpeg"}],"author":"WDA","twitter_card":"summary_large_image","twitter_creator":"@webdo_tn","twitter_site":"@webdo_tn","twitter_misc":{"\u00c9crit par":"WDA","Dur\u00e9e de lecture estim\u00e9e":"1 minute"},"schema":{"@context":"https:\/\/schema.org","@graph":[{"@type":"NewsArticle","@id":"https:\/\/www.webdo.tn\/fr\/actualite\/sport\/de-l-argent-pour-ahmed-el-hafnaoui-aux-mondiaux-de-fukuoka\/207432\/#article","isPartOf":{"@id":"https:\/\/www.webdo.tn\/fr\/actualite\/sport\/de-l-argent-pour-ahmed-el-hafnaoui-aux-mondiaux-de-fukuoka\/207432\/"},"author":{"name":"WDA","@id":"https:\/\/www.webdo.tn\/fr\/#\/schema\/person\/ae999f6cc68c323955dd7bb23b41f2dd"},"headline":"M\u00e9daille d&rsquo;argent pour Ahmed Ayoub Hafnaoui aux Mondiaux de Fukuoka","datePublished":"2023-07-23T15:40:00+00:00","dateModified":"2025-05-20T22:57:06+00:00","mainEntityOfPage":{"@id":"https:\/\/www.webdo.tn\/fr\/actualite\/sport\/de-l-argent-pour-ahmed-el-hafnaoui-aux-mondiaux-de-fukuoka\/207432\/"},"wordCount":130,"commentCount":0,"publisher":{"@id":"https:\/\/www.webdo.tn\/fr\/#organization"},"image":{"@id":"https:\/\/www.webdo.tn\/fr\/actualite\/sport\/de-l-argent-pour-ahmed-el-hafnaoui-aux-mondiaux-de-fukuoka\/207432\/#primaryimage"},"thumbnailUrl":"https:\/\/www.webdo.tn\/fr\/wp-content\/uploads\/2023\/07\/9593461e3e082189264e9b7d7ca31d57.jpg","keywords":["Fukuoka","Hafnaoui","m\u00e9daille d'argent","natation"],"articleSection":["Sport"],"inLanguage":"fr-FR"},{"@type":"WebPage","@id":"https:\/\/www.webdo.tn\/fr\/actualite\/sport\/de-l-argent-pour-ahmed-el-hafnaoui-aux-mondiaux-de-fukuoka\/207432\/","url":"https:\/\/www.webdo.tn\/fr\/actualite\/sport\/de-l-argent-pour-ahmed-el-hafnaoui-aux-mondiaux-de-fukuoka\/207432\/","name":"M\u00e9daille d'argent pour Ahmed Ayoub Hafnaoui aux Mondiaux de Fukuoka","isPartOf":{"@id":"https:\/\/www.webdo.tn\/fr\/#website"},"primaryImageOfPage":{"@id":"https:\/\/www.webdo.tn\/fr\/actualite\/sport\/de-l-argent-pour-ahmed-el-hafnaoui-aux-mondiaux-de-fukuoka\/207432\/#primaryimage"},"image":{"@id":"https:\/\/www.webdo.tn\/fr\/actualite\/sport\/de-l-argent-pour-ahmed-el-hafnaoui-aux-mondiaux-de-fukuoka\/207432\/#primaryimage"},"thumbnailUrl":"https:\/\/www.webdo.tn\/fr\/wp-content\/uploads\/2023\/07\/9593461e3e082189264e9b7d7ca31d57.jpg","datePublished":"2023-07-23T15:40:00+00:00","dateModified":"2025-05-20T22:57:06+00:00","description":"Le champion tunisien de natation, Ahmed Ayoub Hafnaoui, a remport\u00e9 la m\u00e9daille d'argent de la course du 400 m nage libre, ce dimanche 23 juillet 2023, lors des...","breadcrumb":{"@id":"https:\/\/www.webdo.tn\/fr\/actualite\/sport\/de-l-argent-pour-ahmed-el-hafnaoui-aux-mondiaux-de-fukuoka\/207432\/#breadcrumb"},"inLanguage":"fr-FR","potentialAction":[{"@type":"ReadAction","target":["https:\/\/www.webdo.tn\/fr\/actualite\/sport\/de-l-argent-pour-ahmed-el-hafnaoui-aux-mondiaux-de-fukuoka\/207432\/"]}]},{"@type":"ImageObject","inLanguage":"fr-FR","@id":"https:\/\/www.webdo.tn\/fr\/actualite\/sport\/de-l-argent-pour-ahmed-el-hafnaoui-aux-mondiaux-de-fukuoka\/207432\/#primaryimage","url":"https:\/\/www.webdo.tn\/fr\/wp-content\/uploads\/2023\/07\/9593461e3e082189264e9b7d7ca31d57.jpg","contentUrl":"https:\/\/www.webdo.tn\/fr\/wp-content\/uploads\/2023\/07\/9593461e3e082189264e9b7d7ca31d57.jpg","width":750,"height":400,"caption":"M\u00e9daille d'argent pour Ahmed Ayoub Hafnaoui aux Mondiaux de Fukuoka"},{"@type":"BreadcrumbList","@id":"https:\/\/www.webdo.tn\/fr\/actualite\/sport\/de-l-argent-pour-ahmed-el-hafnaoui-aux-mondiaux-de-fukuoka\/207432\/#breadcrumb","itemListElement":[{"@type":"ListItem","position":1,"name":"Accueil","item":"https:\/\/www.webdo.tn\/fr\/"},{"@type":"ListItem","position":2,"name":"M\u00e9daille d&rsquo;argent pour Ahmed Ayoub Hafnaoui aux Mondiaux de Fukuoka"}]},{"@type":"WebSite","@id":"https:\/\/www.webdo.tn\/fr\/#website","url":"https:\/\/www.webdo.tn\/fr\/","name":"webdo","description":"Tunisie - News en Tunisie et \u00e0 l&#039;international sur Webdo.tn","publisher":{"@id":"https:\/\/www.webdo.tn\/fr\/#organization"},"potentialAction":[{"@type":"SearchAction","target":{"@type":"EntryPoint","urlTemplate":"https:\/\/www.webdo.tn\/fr\/?s={search_term_string}"},"query-input":{"@type":"PropertyValueSpecification","valueRequired":true,"valueName":"search_term_string"}}],"inLanguage":"fr-FR"},{"@type":"Organization","@id":"https:\/\/www.webdo.tn\/fr\/#organization","name":"Webdo","alternateName":"Webdo.tn","url":"https:\/\/www.webdo.tn\/fr\/","logo":{"@type":"ImageObject","inLanguage":"fr-FR","@id":"https:\/\/www.webdo.tn\/fr\/#\/schema\/logo\/image\/","url":"https:\/\/www.webdo.tn\/fr\/wp-content\/uploads\/2025\/06\/Webdo-Tunisie_168377.jpg","contentUrl":"https:\/\/www.webdo.tn\/fr\/wp-content\/uploads\/2025\/06\/Webdo-Tunisie_168377.jpg","width":301,"height":301,"caption":"Webdo"},"image":{"@id":"https:\/\/www.webdo.tn\/fr\/#\/schema\/logo\/image\/"},"sameAs":["https:\/\/www.facebook.com\/webdotn","https:\/\/x.com\/webdo_tn"],"description":"Webdo est un m\u00e9dia num\u00e9rique tunisien fond\u00e9 en 2010, sp\u00e9cialis\u00e9 dans l\u2019actualit\u00e9 nationale et internationale, l\u2019\u00e9conomie, la soci\u00e9t\u00e9 et les analyses politiques. Le site s\u2019adresse \u00e0 un large public francophone et couvre l\u2019information tunisienne en temps r\u00e9el.","email":"redac@webdo.tn","legalName":"YNJ SARL","foundingDate":"2010-09-06","numberOfEmployees":{"@type":"QuantitativeValue","minValue":"11","maxValue":"50"}},{"@type":"Person","@id":"https:\/\/www.webdo.tn\/fr\/#\/schema\/person\/ae999f6cc68c323955dd7bb23b41f2dd","name":"WDA","image":{"@type":"ImageObject","inLanguage":"fr-FR","@id":"https:\/\/secure.gravatar.com\/avatar\/008e9c4da3bbf467e76fbd05ea8a140d6f047be3ff32b495e3a42ecd99d95622?s=96&d=mm&r=g","url":"https:\/\/secure.gravatar.com\/avatar\/008e9c4da3bbf467e76fbd05ea8a140d6f047be3ff32b495e3a42ecd99d95622?s=96&d=mm&r=g","contentUrl":"https:\/\/secure.gravatar.com\/avatar\/008e9c4da3bbf467e76fbd05ea8a140d6f047be3ff32b495e3a42ecd99d95622?s=96&d=mm&r=g","caption":"WDA"},"url":"https:\/\/www.webdo.tn\/fr\/actualite\/author\/wda\/"}]}},"_links":{"self":[{"href":"https:\/\/www.webdo.tn\/fr\/wp-json\/wp\/v2\/posts\/207432","targetHints":{"allow":["GET"]}}],"collection":[{"href":"https:\/\/www.webdo.tn\/fr\/wp-json\/wp\/v2\/posts"}],"about":[{"href":"https:\/\/www.webdo.tn\/fr\/wp-json\/wp\/v2\/types\/post"}],"author":[{"embeddable":true,"href":"https:\/\/www.webdo.tn\/fr\/wp-json\/wp\/v2\/users\/3185"}],"replies":[{"embeddable":true,"href":"https:\/\/www.webdo.tn\/fr\/wp-json\/wp\/v2\/comments?post=207432"}],"version-history":[{"count":0,"href":"https:\/\/www.webdo.tn\/fr\/wp-json\/wp\/v2\/posts\/207432\/revisions"}],"wp:featuredmedia":[{"embeddable":true,"href":"https:\/\/www.webdo.tn\/fr\/wp-json\/wp\/v2\/media\/249720"}],"wp:attachment":[{"href":"https:\/\/www.webdo.tn\/fr\/wp-json\/wp\/v2\/media?parent=207432"}],"wp:term":[{"taxonomy":"category","embeddable":true,"href":"https:\/\/www.webdo.tn\/fr\/wp-json\/wp\/v2\/categories?post=207432"},{"taxonomy":"post_tag","embeddable":true,"href":"https:\/\/www.webdo.tn\/fr\/wp-json\/wp\/v2\/tags?post=207432"}],"curies":[{"name":"wp","href":"https:\/\/api.w.org\/{rel}","templated":true}]}}