{"id":207427,"date":"2023-07-23T11:19:00","date_gmt":"2023-07-23T11:19:00","guid":{"rendered":"https:\/\/www.webdo.tn\/fr\/blog\/est-le-bresilien-yan-sasse-vers-le-parc-b\/207427\/"},"modified":"2025-05-20T22:57:04","modified_gmt":"2025-05-20T22:57:04","slug":"est-le-bresilien-yan-sasse-vers-le-parc-b","status":"publish","type":"post","link":"https:\/\/www.webdo.tn\/fr\/actualite\/sport\/est-le-bresilien-yan-sasse-vers-le-parc-b\/207427\/","title":{"rendered":"EST : Le Br\u00e9silien Yan Sasse vers le Parc B"},"content":{"rendered":"<p>Soucieux de renforcer l\u2019effectif de l\u2019\u00e9quipe dans les diff\u00e9rents compartiments, particuli\u00e8rement celui offensif, les dirigeants de l\u2019Esp\u00e9rance sportive de Tunis sont sur la piste du joueur br\u00e9silien Yan Sasse.<\/p>\n<p>\t\t\t\t\t\t\t\t\tMilieu offensif, ce joueur de 26 ans est actuellement libre apr\u00e8s l\u2019expiration de son contrat avec le club n\u00e9o-z\u00e9landais Wellington Phoenix, avec lequel il a disput\u00e9 25 matches, toutes comp\u00e9titions confondues.<\/p>\n<p>Il a marqu\u00e9 trois buts et livr\u00e9 trois passes d\u00e9cisives durant la saison 2022-2023.<\/p>\n<p>Les dirigeants Sang et Or semblent avoir trouv\u00e9 un terrain d\u2019entente avec lui, selon des sources inform\u00e9es qui se sont confi\u00e9es \u00e0 Mosa\u00efque FM.<\/p>\n<p>Yan Sasse a \u00e9t\u00e9 form\u00e9 \u00e0 Coritiba FC et a endoss\u00e9 les maillots de plusieurs clubs br\u00e9siliens, avec une exp\u00e9rience avec Rizespor en Turquie.<\/p>\n","protected":false},"excerpt":{"rendered":"<p>Les dirigeants de l\u2019Esp\u00e9rance sportive de Tunis sont sur la piste du joueur br\u00e9silien Yan Sasse.<\/p>\n","protected":false},"author":3185,"featured_media":249716,"comment_status":"open","ping_status":"closed","sticky":false,"template":"","format":"standard","meta":{"footnotes":""},"categories":[2593],"tags":[3436,3872,8180],"class_list":["post-207427","post","type-post","status-publish","format-standard","has-post-thumbnail","hentry","category-sport","tag-est","tag-recrutement","tag-yann-sasse"],"yoast_head":"<!-- This site is optimized with the Yoast SEO Premium plugin v27.4 (Yoast SEO v27.5) - https:\/\/yoast.com\/product\/yoast-seo-premium-wordpress\/ -->\n<title>EST : Le Br\u00e9silien Yan Sasse vers le Parc B<\/title>\n<meta name=\"description\" content=\"Les dirigeants de l\u2019Esp\u00e9rance sportive de Tunis sont sur la piste du joueur br\u00e9silien Yan Sasse.\" \/>\n<link rel=\"canonical\" href=\"https:\/\/www.webdo.tn\/fr\/actualite\/sport\/est-le-bresilien-yan-sasse-vers-le-parc-b\/207427\/\" \/>\n<meta property=\"og:locale\" content=\"fr_FR\" \/>\n<meta property=\"og:type\" content=\"article\" \/>\n<meta property=\"og:title\" content=\"EST : Le Br\u00e9silien Yan Sasse vers le Parc B\" \/>\n<meta property=\"og:description\" content=\"Les dirigeants de l\u2019Esp\u00e9rance sportive de Tunis sont sur la piste du joueur br\u00e9silien Yan Sasse.\" \/>\n<meta property=\"og:url\" content=\"https:\/\/www.webdo.tn\/fr\/actualite\/sport\/est-le-bresilien-yan-sasse-vers-le-parc-b\/207427\/\" \/>\n<meta property=\"og:site_name\" content=\"webdo\" \/>\n<meta property=\"article:publisher\" content=\"https:\/\/www.facebook.com\/webdotn\" \/>\n<meta property=\"article:published_time\" content=\"2023-07-23T11:19:00+00:00\" \/>\n<meta property=\"article:modified_time\" content=\"2025-05-20T22:57:04+00:00\" \/>\n<meta property=\"og:image\" content=\"https:\/\/www.webdo.tn\/fr\/wp-content\/uploads\/2023\/07\/561272cc544dbd3b43106167722a1569.jpg\" \/>\n\t<meta property=\"og:image:width\" content=\"750\" \/>\n\t<meta property=\"og:image:height\" content=\"400\" \/>\n\t<meta property=\"og:image:type\" content=\"image\/jpeg\" \/>\n<meta name=\"author\" content=\"WDA\" \/>\n<meta name=\"twitter:card\" content=\"summary_large_image\" \/>\n<meta name=\"twitter:creator\" content=\"@webdo_tn\" \/>\n<meta name=\"twitter:site\" content=\"@webdo_tn\" \/>\n<meta name=\"twitter:label1\" content=\"\u00c9crit par\" \/>\n\t<meta name=\"twitter:data1\" content=\"WDA\" \/>\n\t<meta name=\"twitter:label2\" content=\"Dur\u00e9e de lecture estim\u00e9e\" \/>\n\t<meta name=\"twitter:data2\" content=\"1 minute\" \/>\n<script type=\"application\/ld+json\" class=\"yoast-schema-graph\">{\"@context\":\"https:\\\/\\\/schema.org\",\"@graph\":[{\"@type\":\"NewsArticle\",\"@id\":\"https:\\\/\\\/www.webdo.tn\\\/fr\\\/actualite\\\/sport\\\/est-le-bresilien-yan-sasse-vers-le-parc-b\\\/207427\\\/#article\",\"isPartOf\":{\"@id\":\"https:\\\/\\\/www.webdo.tn\\\/fr\\\/actualite\\\/sport\\\/est-le-bresilien-yan-sasse-vers-le-parc-b\\\/207427\\\/\"},\"author\":{\"name\":\"WDA\",\"@id\":\"https:\\\/\\\/www.webdo.tn\\\/fr\\\/#\\\/schema\\\/person\\\/ae999f6cc68c323955dd7bb23b41f2dd\"},\"headline\":\"EST : Le Br\u00e9silien Yan Sasse vers le Parc B\",\"datePublished\":\"2023-07-23T11:19:00+00:00\",\"dateModified\":\"2025-05-20T22:57:04+00:00\",\"mainEntityOfPage\":{\"@id\":\"https:\\\/\\\/www.webdo.tn\\\/fr\\\/actualite\\\/sport\\\/est-le-bresilien-yan-sasse-vers-le-parc-b\\\/207427\\\/\"},\"wordCount\":147,\"commentCount\":0,\"publisher\":{\"@id\":\"https:\\\/\\\/www.webdo.tn\\\/fr\\\/#organization\"},\"image\":{\"@id\":\"https:\\\/\\\/www.webdo.tn\\\/fr\\\/actualite\\\/sport\\\/est-le-bresilien-yan-sasse-vers-le-parc-b\\\/207427\\\/#primaryimage\"},\"thumbnailUrl\":\"https:\\\/\\\/www.webdo.tn\\\/fr\\\/wp-content\\\/uploads\\\/2023\\\/07\\\/561272cc544dbd3b43106167722a1569.jpg\",\"keywords\":[\"EST\",\"recrutement\",\"Yann Sasse\"],\"articleSection\":[\"Sport\"],\"inLanguage\":\"fr-FR\"},{\"@type\":\"WebPage\",\"@id\":\"https:\\\/\\\/www.webdo.tn\\\/fr\\\/actualite\\\/sport\\\/est-le-bresilien-yan-sasse-vers-le-parc-b\\\/207427\\\/\",\"url\":\"https:\\\/\\\/www.webdo.tn\\\/fr\\\/actualite\\\/sport\\\/est-le-bresilien-yan-sasse-vers-le-parc-b\\\/207427\\\/\",\"name\":\"EST : Le Br\u00e9silien Yan Sasse vers le Parc B\",\"isPartOf\":{\"@id\":\"https:\\\/\\\/www.webdo.tn\\\/fr\\\/#website\"},\"primaryImageOfPage\":{\"@id\":\"https:\\\/\\\/www.webdo.tn\\\/fr\\\/actualite\\\/sport\\\/est-le-bresilien-yan-sasse-vers-le-parc-b\\\/207427\\\/#primaryimage\"},\"image\":{\"@id\":\"https:\\\/\\\/www.webdo.tn\\\/fr\\\/actualite\\\/sport\\\/est-le-bresilien-yan-sasse-vers-le-parc-b\\\/207427\\\/#primaryimage\"},\"thumbnailUrl\":\"https:\\\/\\\/www.webdo.tn\\\/fr\\\/wp-content\\\/uploads\\\/2023\\\/07\\\/561272cc544dbd3b43106167722a1569.jpg\",\"datePublished\":\"2023-07-23T11:19:00+00:00\",\"dateModified\":\"2025-05-20T22:57:04+00:00\",\"description\":\"Les dirigeants de l\u2019Esp\u00e9rance sportive de Tunis sont sur la piste du joueur br\u00e9silien Yan Sasse.\",\"breadcrumb\":{\"@id\":\"https:\\\/\\\/www.webdo.tn\\\/fr\\\/actualite\\\/sport\\\/est-le-bresilien-yan-sasse-vers-le-parc-b\\\/207427\\\/#breadcrumb\"},\"inLanguage\":\"fr-FR\",\"potentialAction\":[{\"@type\":\"ReadAction\",\"target\":[\"https:\\\/\\\/www.webdo.tn\\\/fr\\\/actualite\\\/sport\\\/est-le-bresilien-yan-sasse-vers-le-parc-b\\\/207427\\\/\"]}]},{\"@type\":\"ImageObject\",\"inLanguage\":\"fr-FR\",\"@id\":\"https:\\\/\\\/www.webdo.tn\\\/fr\\\/actualite\\\/sport\\\/est-le-bresilien-yan-sasse-vers-le-parc-b\\\/207427\\\/#primaryimage\",\"url\":\"https:\\\/\\\/www.webdo.tn\\\/fr\\\/wp-content\\\/uploads\\\/2023\\\/07\\\/561272cc544dbd3b43106167722a1569.jpg\",\"contentUrl\":\"https:\\\/\\\/www.webdo.tn\\\/fr\\\/wp-content\\\/uploads\\\/2023\\\/07\\\/561272cc544dbd3b43106167722a1569.jpg\",\"width\":750,\"height\":400,\"caption\":\"EST : Le Br\u00e9silien Yan Sasse vers le Parc B\"},{\"@type\":\"BreadcrumbList\",\"@id\":\"https:\\\/\\\/www.webdo.tn\\\/fr\\\/actualite\\\/sport\\\/est-le-bresilien-yan-sasse-vers-le-parc-b\\\/207427\\\/#breadcrumb\",\"itemListElement\":[{\"@type\":\"ListItem\",\"position\":1,\"name\":\"Accueil\",\"item\":\"https:\\\/\\\/www.webdo.tn\\\/fr\\\/\"},{\"@type\":\"ListItem\",\"position\":2,\"name\":\"EST : Le Br\u00e9silien Yan Sasse vers le Parc B\"}]},{\"@type\":\"WebSite\",\"@id\":\"https:\\\/\\\/www.webdo.tn\\\/fr\\\/#website\",\"url\":\"https:\\\/\\\/www.webdo.tn\\\/fr\\\/\",\"name\":\"webdo\",\"description\":\"Tunisie - News en Tunisie et \u00e0 l&#039;international sur Webdo.tn\",\"publisher\":{\"@id\":\"https:\\\/\\\/www.webdo.tn\\\/fr\\\/#organization\"},\"potentialAction\":[{\"@type\":\"SearchAction\",\"target\":{\"@type\":\"EntryPoint\",\"urlTemplate\":\"https:\\\/\\\/www.webdo.tn\\\/fr\\\/?s={search_term_string}\"},\"query-input\":{\"@type\":\"PropertyValueSpecification\",\"valueRequired\":true,\"valueName\":\"search_term_string\"}}],\"inLanguage\":\"fr-FR\"},{\"@type\":\"Organization\",\"@id\":\"https:\\\/\\\/www.webdo.tn\\\/fr\\\/#organization\",\"name\":\"Webdo\",\"alternateName\":\"Webdo.tn\",\"url\":\"https:\\\/\\\/www.webdo.tn\\\/fr\\\/\",\"logo\":{\"@type\":\"ImageObject\",\"inLanguage\":\"fr-FR\",\"@id\":\"https:\\\/\\\/www.webdo.tn\\\/fr\\\/#\\\/schema\\\/logo\\\/image\\\/\",\"url\":\"https:\\\/\\\/www.webdo.tn\\\/fr\\\/wp-content\\\/uploads\\\/2025\\\/06\\\/Webdo-Tunisie_168377.jpg\",\"contentUrl\":\"https:\\\/\\\/www.webdo.tn\\\/fr\\\/wp-content\\\/uploads\\\/2025\\\/06\\\/Webdo-Tunisie_168377.jpg\",\"width\":301,\"height\":301,\"caption\":\"Webdo\"},\"image\":{\"@id\":\"https:\\\/\\\/www.webdo.tn\\\/fr\\\/#\\\/schema\\\/logo\\\/image\\\/\"},\"sameAs\":[\"https:\\\/\\\/www.facebook.com\\\/webdotn\",\"https:\\\/\\\/x.com\\\/webdo_tn\"],\"description\":\"Webdo est un m\u00e9dia num\u00e9rique tunisien fond\u00e9 en 2010, sp\u00e9cialis\u00e9 dans l\u2019actualit\u00e9 nationale et internationale, l\u2019\u00e9conomie, la soci\u00e9t\u00e9 et les analyses politiques. Le site s\u2019adresse \u00e0 un large public francophone et couvre l\u2019information tunisienne en temps r\u00e9el.\",\"email\":\"redac@webdo.tn\",\"legalName\":\"YNJ SARL\",\"foundingDate\":\"2010-09-06\",\"numberOfEmployees\":{\"@type\":\"QuantitativeValue\",\"minValue\":\"11\",\"maxValue\":\"50\"}},{\"@type\":\"Person\",\"@id\":\"https:\\\/\\\/www.webdo.tn\\\/fr\\\/#\\\/schema\\\/person\\\/ae999f6cc68c323955dd7bb23b41f2dd\",\"name\":\"WDA\",\"image\":{\"@type\":\"ImageObject\",\"inLanguage\":\"fr-FR\",\"@id\":\"https:\\\/\\\/secure.gravatar.com\\\/avatar\\\/008e9c4da3bbf467e76fbd05ea8a140d6f047be3ff32b495e3a42ecd99d95622?s=96&d=mm&r=g\",\"url\":\"https:\\\/\\\/secure.gravatar.com\\\/avatar\\\/008e9c4da3bbf467e76fbd05ea8a140d6f047be3ff32b495e3a42ecd99d95622?s=96&d=mm&r=g\",\"contentUrl\":\"https:\\\/\\\/secure.gravatar.com\\\/avatar\\\/008e9c4da3bbf467e76fbd05ea8a140d6f047be3ff32b495e3a42ecd99d95622?s=96&d=mm&r=g\",\"caption\":\"WDA\"},\"url\":\"https:\\\/\\\/www.webdo.tn\\\/fr\\\/actualite\\\/author\\\/wda\\\/\"}]}<\/script>\n<!-- \/ Yoast SEO Premium plugin. -->","yoast_head_json":{"title":"EST : Le Br\u00e9silien Yan Sasse vers le Parc B","description":"Les dirigeants de l\u2019Esp\u00e9rance sportive de Tunis sont sur la piste du joueur br\u00e9silien Yan Sasse.","canonical":"https:\/\/www.webdo.tn\/fr\/actualite\/sport\/est-le-bresilien-yan-sasse-vers-le-parc-b\/207427\/","og_locale":"fr_FR","og_type":"article","og_title":"EST : Le Br\u00e9silien Yan Sasse vers le Parc B","og_description":"Les dirigeants de l\u2019Esp\u00e9rance sportive de Tunis sont sur la piste du joueur br\u00e9silien Yan Sasse.","og_url":"https:\/\/www.webdo.tn\/fr\/actualite\/sport\/est-le-bresilien-yan-sasse-vers-le-parc-b\/207427\/","og_site_name":"webdo","article_publisher":"https:\/\/www.facebook.com\/webdotn","article_published_time":"2023-07-23T11:19:00+00:00","article_modified_time":"2025-05-20T22:57:04+00:00","og_image":[{"width":750,"height":400,"url":"https:\/\/www.webdo.tn\/fr\/wp-content\/uploads\/2023\/07\/561272cc544dbd3b43106167722a1569.jpg","type":"image\/jpeg"}],"author":"WDA","twitter_card":"summary_large_image","twitter_creator":"@webdo_tn","twitter_site":"@webdo_tn","twitter_misc":{"\u00c9crit par":"WDA","Dur\u00e9e de lecture estim\u00e9e":"1 minute"},"schema":{"@context":"https:\/\/schema.org","@graph":[{"@type":"NewsArticle","@id":"https:\/\/www.webdo.tn\/fr\/actualite\/sport\/est-le-bresilien-yan-sasse-vers-le-parc-b\/207427\/#article","isPartOf":{"@id":"https:\/\/www.webdo.tn\/fr\/actualite\/sport\/est-le-bresilien-yan-sasse-vers-le-parc-b\/207427\/"},"author":{"name":"WDA","@id":"https:\/\/www.webdo.tn\/fr\/#\/schema\/person\/ae999f6cc68c323955dd7bb23b41f2dd"},"headline":"EST : Le Br\u00e9silien Yan Sasse vers le Parc B","datePublished":"2023-07-23T11:19:00+00:00","dateModified":"2025-05-20T22:57:04+00:00","mainEntityOfPage":{"@id":"https:\/\/www.webdo.tn\/fr\/actualite\/sport\/est-le-bresilien-yan-sasse-vers-le-parc-b\/207427\/"},"wordCount":147,"commentCount":0,"publisher":{"@id":"https:\/\/www.webdo.tn\/fr\/#organization"},"image":{"@id":"https:\/\/www.webdo.tn\/fr\/actualite\/sport\/est-le-bresilien-yan-sasse-vers-le-parc-b\/207427\/#primaryimage"},"thumbnailUrl":"https:\/\/www.webdo.tn\/fr\/wp-content\/uploads\/2023\/07\/561272cc544dbd3b43106167722a1569.jpg","keywords":["EST","recrutement","Yann Sasse"],"articleSection":["Sport"],"inLanguage":"fr-FR"},{"@type":"WebPage","@id":"https:\/\/www.webdo.tn\/fr\/actualite\/sport\/est-le-bresilien-yan-sasse-vers-le-parc-b\/207427\/","url":"https:\/\/www.webdo.tn\/fr\/actualite\/sport\/est-le-bresilien-yan-sasse-vers-le-parc-b\/207427\/","name":"EST : Le Br\u00e9silien Yan Sasse vers le Parc B","isPartOf":{"@id":"https:\/\/www.webdo.tn\/fr\/#website"},"primaryImageOfPage":{"@id":"https:\/\/www.webdo.tn\/fr\/actualite\/sport\/est-le-bresilien-yan-sasse-vers-le-parc-b\/207427\/#primaryimage"},"image":{"@id":"https:\/\/www.webdo.tn\/fr\/actualite\/sport\/est-le-bresilien-yan-sasse-vers-le-parc-b\/207427\/#primaryimage"},"thumbnailUrl":"https:\/\/www.webdo.tn\/fr\/wp-content\/uploads\/2023\/07\/561272cc544dbd3b43106167722a1569.jpg","datePublished":"2023-07-23T11:19:00+00:00","dateModified":"2025-05-20T22:57:04+00:00","description":"Les dirigeants de l\u2019Esp\u00e9rance sportive de Tunis sont sur la piste du joueur br\u00e9silien Yan Sasse.","breadcrumb":{"@id":"https:\/\/www.webdo.tn\/fr\/actualite\/sport\/est-le-bresilien-yan-sasse-vers-le-parc-b\/207427\/#breadcrumb"},"inLanguage":"fr-FR","potentialAction":[{"@type":"ReadAction","target":["https:\/\/www.webdo.tn\/fr\/actualite\/sport\/est-le-bresilien-yan-sasse-vers-le-parc-b\/207427\/"]}]},{"@type":"ImageObject","inLanguage":"fr-FR","@id":"https:\/\/www.webdo.tn\/fr\/actualite\/sport\/est-le-bresilien-yan-sasse-vers-le-parc-b\/207427\/#primaryimage","url":"https:\/\/www.webdo.tn\/fr\/wp-content\/uploads\/2023\/07\/561272cc544dbd3b43106167722a1569.jpg","contentUrl":"https:\/\/www.webdo.tn\/fr\/wp-content\/uploads\/2023\/07\/561272cc544dbd3b43106167722a1569.jpg","width":750,"height":400,"caption":"EST : Le Br\u00e9silien Yan Sasse vers le Parc B"},{"@type":"BreadcrumbList","@id":"https:\/\/www.webdo.tn\/fr\/actualite\/sport\/est-le-bresilien-yan-sasse-vers-le-parc-b\/207427\/#breadcrumb","itemListElement":[{"@type":"ListItem","position":1,"name":"Accueil","item":"https:\/\/www.webdo.tn\/fr\/"},{"@type":"ListItem","position":2,"name":"EST : Le Br\u00e9silien Yan Sasse vers le Parc B"}]},{"@type":"WebSite","@id":"https:\/\/www.webdo.tn\/fr\/#website","url":"https:\/\/www.webdo.tn\/fr\/","name":"webdo","description":"Tunisie - News en Tunisie et \u00e0 l&#039;international sur Webdo.tn","publisher":{"@id":"https:\/\/www.webdo.tn\/fr\/#organization"},"potentialAction":[{"@type":"SearchAction","target":{"@type":"EntryPoint","urlTemplate":"https:\/\/www.webdo.tn\/fr\/?s={search_term_string}"},"query-input":{"@type":"PropertyValueSpecification","valueRequired":true,"valueName":"search_term_string"}}],"inLanguage":"fr-FR"},{"@type":"Organization","@id":"https:\/\/www.webdo.tn\/fr\/#organization","name":"Webdo","alternateName":"Webdo.tn","url":"https:\/\/www.webdo.tn\/fr\/","logo":{"@type":"ImageObject","inLanguage":"fr-FR","@id":"https:\/\/www.webdo.tn\/fr\/#\/schema\/logo\/image\/","url":"https:\/\/www.webdo.tn\/fr\/wp-content\/uploads\/2025\/06\/Webdo-Tunisie_168377.jpg","contentUrl":"https:\/\/www.webdo.tn\/fr\/wp-content\/uploads\/2025\/06\/Webdo-Tunisie_168377.jpg","width":301,"height":301,"caption":"Webdo"},"image":{"@id":"https:\/\/www.webdo.tn\/fr\/#\/schema\/logo\/image\/"},"sameAs":["https:\/\/www.facebook.com\/webdotn","https:\/\/x.com\/webdo_tn"],"description":"Webdo est un m\u00e9dia num\u00e9rique tunisien fond\u00e9 en 2010, sp\u00e9cialis\u00e9 dans l\u2019actualit\u00e9 nationale et internationale, l\u2019\u00e9conomie, la soci\u00e9t\u00e9 et les analyses politiques. Le site s\u2019adresse \u00e0 un large public francophone et couvre l\u2019information tunisienne en temps r\u00e9el.","email":"redac@webdo.tn","legalName":"YNJ SARL","foundingDate":"2010-09-06","numberOfEmployees":{"@type":"QuantitativeValue","minValue":"11","maxValue":"50"}},{"@type":"Person","@id":"https:\/\/www.webdo.tn\/fr\/#\/schema\/person\/ae999f6cc68c323955dd7bb23b41f2dd","name":"WDA","image":{"@type":"ImageObject","inLanguage":"fr-FR","@id":"https:\/\/secure.gravatar.com\/avatar\/008e9c4da3bbf467e76fbd05ea8a140d6f047be3ff32b495e3a42ecd99d95622?s=96&d=mm&r=g","url":"https:\/\/secure.gravatar.com\/avatar\/008e9c4da3bbf467e76fbd05ea8a140d6f047be3ff32b495e3a42ecd99d95622?s=96&d=mm&r=g","contentUrl":"https:\/\/secure.gravatar.com\/avatar\/008e9c4da3bbf467e76fbd05ea8a140d6f047be3ff32b495e3a42ecd99d95622?s=96&d=mm&r=g","caption":"WDA"},"url":"https:\/\/www.webdo.tn\/fr\/actualite\/author\/wda\/"}]}},"_links":{"self":[{"href":"https:\/\/www.webdo.tn\/fr\/wp-json\/wp\/v2\/posts\/207427","targetHints":{"allow":["GET"]}}],"collection":[{"href":"https:\/\/www.webdo.tn\/fr\/wp-json\/wp\/v2\/posts"}],"about":[{"href":"https:\/\/www.webdo.tn\/fr\/wp-json\/wp\/v2\/types\/post"}],"author":[{"embeddable":true,"href":"https:\/\/www.webdo.tn\/fr\/wp-json\/wp\/v2\/users\/3185"}],"replies":[{"embeddable":true,"href":"https:\/\/www.webdo.tn\/fr\/wp-json\/wp\/v2\/comments?post=207427"}],"version-history":[{"count":0,"href":"https:\/\/www.webdo.tn\/fr\/wp-json\/wp\/v2\/posts\/207427\/revisions"}],"wp:featuredmedia":[{"embeddable":true,"href":"https:\/\/www.webdo.tn\/fr\/wp-json\/wp\/v2\/media\/249716"}],"wp:attachment":[{"href":"https:\/\/www.webdo.tn\/fr\/wp-json\/wp\/v2\/media?parent=207427"}],"wp:term":[{"taxonomy":"category","embeddable":true,"href":"https:\/\/www.webdo.tn\/fr\/wp-json\/wp\/v2\/categories?post=207427"},{"taxonomy":"post_tag","embeddable":true,"href":"https:\/\/www.webdo.tn\/fr\/wp-json\/wp\/v2\/tags?post=207427"}],"curies":[{"name":"wp","href":"https:\/\/api.w.org\/{rel}","templated":true}]}}