{"id":207421,"date":"2023-07-22T11:51:00","date_gmt":"2023-07-22T11:51:00","guid":{"rendered":"https:\/\/www.webdo.tn\/fr\/blog\/club-africain-interdiction-de-recrutement-levee\/207421\/"},"modified":"2025-05-20T21:58:16","modified_gmt":"2025-05-20T21:58:16","slug":"club-africain-interdiction-de-recrutement-levee","status":"publish","type":"post","link":"https:\/\/www.webdo.tn\/fr\/actualite\/sport\/club-africain-interdiction-de-recrutement-levee\/207421\/","title":{"rendered":"Club Africain : Interdiction de recrutement lev\u00e9e"},"content":{"rendered":"<p>Le Club Africain a annonc\u00e9 vendredi qu&rsquo;il pourra d\u00e9sormais participer \u00e0 la prochaine Coupe de la Conf\u00e9d\u00e9ration de football apr\u00e8s avoir r\u00e9gl\u00e9 tous ses litiges financiers avec les joueurs Wissem Yahia, Bilel Khefifi, Mannoubi Haddad, Atef Dekhili et Fakhreddine Jaziri.<\/p>\n<p>\t\t\t\t\t\t\t\t\tApr\u00e8s des n\u00e9gociation avec les joueurs et l&rsquo;intervention de la F\u00e9d\u00e9ration tunisienne de football, le Club Africain est parvenu \u00e0 r\u00e9gler tous les litiges financiers et pourra participer \u00e0 la comp\u00e9tition africaine.<\/p>\n<p>\u00ab\u00a0Le club est parvenu le 21 juillet 2023 \u00e0 payer tous ses dus qui emp\u00eachaient le Club Africain de recrutement, et ce gr\u00e2ce aux efforts historiques de nos supporters et du comit\u00e9 directeur et au soutien administratif et financier de la f\u00e9d\u00e9ration tunisienne de football\u00a0\u00bb, a indiqu\u00e9 le CA.<\/p>\n","protected":false},"excerpt":{"rendered":"<p>Le Club Africain a annonc\u00e9 vendredi qu&rsquo;il pourra d\u00e9sormais participer \u00e0 la prochaine Coupe de la Conf\u00e9d\u00e9ration de football apr\u00e8s avoir r\u00e9gl\u00e9 tous ses litiges fi&#8230;<\/p>\n","protected":false},"author":3162,"featured_media":249715,"comment_status":"open","ping_status":"closed","sticky":false,"template":"","format":"standard","meta":{"footnotes":""},"categories":[2593],"tags":[3101,3487,4338,3872],"class_list":["post-207421","post","type-post","status-publish","format-standard","has-post-thumbnail","hentry","category-sport","tag-club-africain","tag-fifa","tag-interdiction","tag-recrutement"],"yoast_head":"<!-- This site is optimized with the Yoast SEO Premium plugin v27.4 (Yoast SEO v27.5) - https:\/\/yoast.com\/product\/yoast-seo-premium-wordpress\/ -->\n<title>Club Africain : Interdiction de recrutement lev\u00e9e<\/title>\n<meta name=\"description\" content=\"Le Club Africain a annonc\u00e9 vendredi qu&#039;il pourra d\u00e9sormais participer \u00e0 la prochaine Coupe de la Conf\u00e9d\u00e9ration de football apr\u00e8s avoir r\u00e9gl\u00e9 tous ses litiges fi...\" \/>\n<link rel=\"canonical\" href=\"https:\/\/www.webdo.tn\/fr\/actualite\/sport\/club-africain-interdiction-de-recrutement-levee\/207421\/\" \/>\n<meta property=\"og:locale\" content=\"fr_FR\" \/>\n<meta property=\"og:type\" content=\"article\" \/>\n<meta property=\"og:title\" content=\"Club Africain : Interdiction de recrutement lev\u00e9e\" \/>\n<meta property=\"og:description\" content=\"Le Club Africain a annonc\u00e9 vendredi qu&#039;il pourra d\u00e9sormais participer \u00e0 la prochaine Coupe de la Conf\u00e9d\u00e9ration de football apr\u00e8s avoir r\u00e9gl\u00e9 tous ses litiges fi...\" \/>\n<meta property=\"og:url\" content=\"https:\/\/www.webdo.tn\/fr\/actualite\/sport\/club-africain-interdiction-de-recrutement-levee\/207421\/\" \/>\n<meta property=\"og:site_name\" content=\"webdo\" \/>\n<meta property=\"article:publisher\" content=\"https:\/\/www.facebook.com\/webdotn\" \/>\n<meta property=\"article:published_time\" content=\"2023-07-22T11:51:00+00:00\" \/>\n<meta property=\"article:modified_time\" content=\"2025-05-20T21:58:16+00:00\" \/>\n<meta property=\"og:image\" content=\"https:\/\/www.webdo.tn\/fr\/wp-content\/uploads\/2023\/07\/5af2b2fc41673e00a9484521daff19ff.jpg\" \/>\n\t<meta property=\"og:image:width\" content=\"750\" \/>\n\t<meta property=\"og:image:height\" content=\"400\" \/>\n\t<meta property=\"og:image:type\" content=\"image\/jpeg\" \/>\n<meta name=\"author\" content=\"MC\" \/>\n<meta name=\"twitter:card\" content=\"summary_large_image\" \/>\n<meta name=\"twitter:creator\" content=\"@webdo_tn\" \/>\n<meta name=\"twitter:site\" content=\"@webdo_tn\" \/>\n<meta name=\"twitter:label1\" content=\"\u00c9crit par\" \/>\n\t<meta name=\"twitter:data1\" content=\"MC\" \/>\n\t<meta name=\"twitter:label2\" content=\"Dur\u00e9e de lecture estim\u00e9e\" \/>\n\t<meta name=\"twitter:data2\" content=\"1 minute\" \/>\n<script type=\"application\/ld+json\" class=\"yoast-schema-graph\">{\"@context\":\"https:\\\/\\\/schema.org\",\"@graph\":[{\"@type\":\"NewsArticle\",\"@id\":\"https:\\\/\\\/www.webdo.tn\\\/fr\\\/actualite\\\/sport\\\/club-africain-interdiction-de-recrutement-levee\\\/207421\\\/#article\",\"isPartOf\":{\"@id\":\"https:\\\/\\\/www.webdo.tn\\\/fr\\\/actualite\\\/sport\\\/club-africain-interdiction-de-recrutement-levee\\\/207421\\\/\"},\"author\":{\"name\":\"MC\",\"@id\":\"https:\\\/\\\/www.webdo.tn\\\/fr\\\/#\\\/schema\\\/person\\\/2c4929cbf5a809e3bd38617c6ce150f6\"},\"headline\":\"Club Africain : Interdiction de recrutement lev\u00e9e\",\"datePublished\":\"2023-07-22T11:51:00+00:00\",\"dateModified\":\"2025-05-20T21:58:16+00:00\",\"mainEntityOfPage\":{\"@id\":\"https:\\\/\\\/www.webdo.tn\\\/fr\\\/actualite\\\/sport\\\/club-africain-interdiction-de-recrutement-levee\\\/207421\\\/\"},\"wordCount\":139,\"commentCount\":0,\"publisher\":{\"@id\":\"https:\\\/\\\/www.webdo.tn\\\/fr\\\/#organization\"},\"image\":{\"@id\":\"https:\\\/\\\/www.webdo.tn\\\/fr\\\/actualite\\\/sport\\\/club-africain-interdiction-de-recrutement-levee\\\/207421\\\/#primaryimage\"},\"thumbnailUrl\":\"https:\\\/\\\/www.webdo.tn\\\/fr\\\/wp-content\\\/uploads\\\/2023\\\/07\\\/5af2b2fc41673e00a9484521daff19ff.jpg\",\"keywords\":[\"Club Africain\",\"FIFA\",\"interdiction\",\"recrutement\"],\"articleSection\":[\"Sport\"],\"inLanguage\":\"fr-FR\"},{\"@type\":\"WebPage\",\"@id\":\"https:\\\/\\\/www.webdo.tn\\\/fr\\\/actualite\\\/sport\\\/club-africain-interdiction-de-recrutement-levee\\\/207421\\\/\",\"url\":\"https:\\\/\\\/www.webdo.tn\\\/fr\\\/actualite\\\/sport\\\/club-africain-interdiction-de-recrutement-levee\\\/207421\\\/\",\"name\":\"Club Africain : Interdiction de recrutement lev\u00e9e\",\"isPartOf\":{\"@id\":\"https:\\\/\\\/www.webdo.tn\\\/fr\\\/#website\"},\"primaryImageOfPage\":{\"@id\":\"https:\\\/\\\/www.webdo.tn\\\/fr\\\/actualite\\\/sport\\\/club-africain-interdiction-de-recrutement-levee\\\/207421\\\/#primaryimage\"},\"image\":{\"@id\":\"https:\\\/\\\/www.webdo.tn\\\/fr\\\/actualite\\\/sport\\\/club-africain-interdiction-de-recrutement-levee\\\/207421\\\/#primaryimage\"},\"thumbnailUrl\":\"https:\\\/\\\/www.webdo.tn\\\/fr\\\/wp-content\\\/uploads\\\/2023\\\/07\\\/5af2b2fc41673e00a9484521daff19ff.jpg\",\"datePublished\":\"2023-07-22T11:51:00+00:00\",\"dateModified\":\"2025-05-20T21:58:16+00:00\",\"description\":\"Le Club Africain a annonc\u00e9 vendredi qu'il pourra d\u00e9sormais participer \u00e0 la prochaine Coupe de la Conf\u00e9d\u00e9ration de football apr\u00e8s avoir r\u00e9gl\u00e9 tous ses litiges fi...\",\"breadcrumb\":{\"@id\":\"https:\\\/\\\/www.webdo.tn\\\/fr\\\/actualite\\\/sport\\\/club-africain-interdiction-de-recrutement-levee\\\/207421\\\/#breadcrumb\"},\"inLanguage\":\"fr-FR\",\"potentialAction\":[{\"@type\":\"ReadAction\",\"target\":[\"https:\\\/\\\/www.webdo.tn\\\/fr\\\/actualite\\\/sport\\\/club-africain-interdiction-de-recrutement-levee\\\/207421\\\/\"]}]},{\"@type\":\"ImageObject\",\"inLanguage\":\"fr-FR\",\"@id\":\"https:\\\/\\\/www.webdo.tn\\\/fr\\\/actualite\\\/sport\\\/club-africain-interdiction-de-recrutement-levee\\\/207421\\\/#primaryimage\",\"url\":\"https:\\\/\\\/www.webdo.tn\\\/fr\\\/wp-content\\\/uploads\\\/2023\\\/07\\\/5af2b2fc41673e00a9484521daff19ff.jpg\",\"contentUrl\":\"https:\\\/\\\/www.webdo.tn\\\/fr\\\/wp-content\\\/uploads\\\/2023\\\/07\\\/5af2b2fc41673e00a9484521daff19ff.jpg\",\"width\":750,\"height\":400,\"caption\":\"Club Africain : Interdiction de recrutement lev\u00e9e\"},{\"@type\":\"BreadcrumbList\",\"@id\":\"https:\\\/\\\/www.webdo.tn\\\/fr\\\/actualite\\\/sport\\\/club-africain-interdiction-de-recrutement-levee\\\/207421\\\/#breadcrumb\",\"itemListElement\":[{\"@type\":\"ListItem\",\"position\":1,\"name\":\"Accueil\",\"item\":\"https:\\\/\\\/www.webdo.tn\\\/fr\\\/\"},{\"@type\":\"ListItem\",\"position\":2,\"name\":\"Club Africain : Interdiction de recrutement lev\u00e9e\"}]},{\"@type\":\"WebSite\",\"@id\":\"https:\\\/\\\/www.webdo.tn\\\/fr\\\/#website\",\"url\":\"https:\\\/\\\/www.webdo.tn\\\/fr\\\/\",\"name\":\"webdo\",\"description\":\"Tunisie - News en Tunisie et \u00e0 l&#039;international sur Webdo.tn\",\"publisher\":{\"@id\":\"https:\\\/\\\/www.webdo.tn\\\/fr\\\/#organization\"},\"potentialAction\":[{\"@type\":\"SearchAction\",\"target\":{\"@type\":\"EntryPoint\",\"urlTemplate\":\"https:\\\/\\\/www.webdo.tn\\\/fr\\\/?s={search_term_string}\"},\"query-input\":{\"@type\":\"PropertyValueSpecification\",\"valueRequired\":true,\"valueName\":\"search_term_string\"}}],\"inLanguage\":\"fr-FR\"},{\"@type\":\"Organization\",\"@id\":\"https:\\\/\\\/www.webdo.tn\\\/fr\\\/#organization\",\"name\":\"Webdo\",\"alternateName\":\"Webdo.tn\",\"url\":\"https:\\\/\\\/www.webdo.tn\\\/fr\\\/\",\"logo\":{\"@type\":\"ImageObject\",\"inLanguage\":\"fr-FR\",\"@id\":\"https:\\\/\\\/www.webdo.tn\\\/fr\\\/#\\\/schema\\\/logo\\\/image\\\/\",\"url\":\"https:\\\/\\\/www.webdo.tn\\\/fr\\\/wp-content\\\/uploads\\\/2025\\\/06\\\/Webdo-Tunisie_168377.jpg\",\"contentUrl\":\"https:\\\/\\\/www.webdo.tn\\\/fr\\\/wp-content\\\/uploads\\\/2025\\\/06\\\/Webdo-Tunisie_168377.jpg\",\"width\":301,\"height\":301,\"caption\":\"Webdo\"},\"image\":{\"@id\":\"https:\\\/\\\/www.webdo.tn\\\/fr\\\/#\\\/schema\\\/logo\\\/image\\\/\"},\"sameAs\":[\"https:\\\/\\\/www.facebook.com\\\/webdotn\",\"https:\\\/\\\/x.com\\\/webdo_tn\"],\"description\":\"Webdo est un m\u00e9dia num\u00e9rique tunisien fond\u00e9 en 2010, sp\u00e9cialis\u00e9 dans l\u2019actualit\u00e9 nationale et internationale, l\u2019\u00e9conomie, la soci\u00e9t\u00e9 et les analyses politiques. Le site s\u2019adresse \u00e0 un large public francophone et couvre l\u2019information tunisienne en temps r\u00e9el.\",\"email\":\"redac@webdo.tn\",\"legalName\":\"YNJ SARL\",\"foundingDate\":\"2010-09-06\",\"numberOfEmployees\":{\"@type\":\"QuantitativeValue\",\"minValue\":\"11\",\"maxValue\":\"50\"}},{\"@type\":\"Person\",\"@id\":\"https:\\\/\\\/www.webdo.tn\\\/fr\\\/#\\\/schema\\\/person\\\/2c4929cbf5a809e3bd38617c6ce150f6\",\"name\":\"MC\",\"image\":{\"@type\":\"ImageObject\",\"inLanguage\":\"fr-FR\",\"@id\":\"https:\\\/\\\/secure.gravatar.com\\\/avatar\\\/a545bbb6f84efdd5553dbbc2895e3ca8f1d12c5215e00a041c9670b54aa9b18a?s=96&d=mm&r=g\",\"url\":\"https:\\\/\\\/secure.gravatar.com\\\/avatar\\\/a545bbb6f84efdd5553dbbc2895e3ca8f1d12c5215e00a041c9670b54aa9b18a?s=96&d=mm&r=g\",\"contentUrl\":\"https:\\\/\\\/secure.gravatar.com\\\/avatar\\\/a545bbb6f84efdd5553dbbc2895e3ca8f1d12c5215e00a041c9670b54aa9b18a?s=96&d=mm&r=g\",\"caption\":\"MC\"},\"url\":\"https:\\\/\\\/www.webdo.tn\\\/fr\\\/actualite\\\/author\\\/mc\\\/\"}]}<\/script>\n<!-- \/ Yoast SEO Premium plugin. -->","yoast_head_json":{"title":"Club Africain : Interdiction de recrutement lev\u00e9e","description":"Le Club Africain a annonc\u00e9 vendredi qu'il pourra d\u00e9sormais participer \u00e0 la prochaine Coupe de la Conf\u00e9d\u00e9ration de football apr\u00e8s avoir r\u00e9gl\u00e9 tous ses litiges fi...","canonical":"https:\/\/www.webdo.tn\/fr\/actualite\/sport\/club-africain-interdiction-de-recrutement-levee\/207421\/","og_locale":"fr_FR","og_type":"article","og_title":"Club Africain : Interdiction de recrutement lev\u00e9e","og_description":"Le Club Africain a annonc\u00e9 vendredi qu'il pourra d\u00e9sormais participer \u00e0 la prochaine Coupe de la Conf\u00e9d\u00e9ration de football apr\u00e8s avoir r\u00e9gl\u00e9 tous ses litiges fi...","og_url":"https:\/\/www.webdo.tn\/fr\/actualite\/sport\/club-africain-interdiction-de-recrutement-levee\/207421\/","og_site_name":"webdo","article_publisher":"https:\/\/www.facebook.com\/webdotn","article_published_time":"2023-07-22T11:51:00+00:00","article_modified_time":"2025-05-20T21:58:16+00:00","og_image":[{"width":750,"height":400,"url":"https:\/\/www.webdo.tn\/fr\/wp-content\/uploads\/2023\/07\/5af2b2fc41673e00a9484521daff19ff.jpg","type":"image\/jpeg"}],"author":"MC","twitter_card":"summary_large_image","twitter_creator":"@webdo_tn","twitter_site":"@webdo_tn","twitter_misc":{"\u00c9crit par":"MC","Dur\u00e9e de lecture estim\u00e9e":"1 minute"},"schema":{"@context":"https:\/\/schema.org","@graph":[{"@type":"NewsArticle","@id":"https:\/\/www.webdo.tn\/fr\/actualite\/sport\/club-africain-interdiction-de-recrutement-levee\/207421\/#article","isPartOf":{"@id":"https:\/\/www.webdo.tn\/fr\/actualite\/sport\/club-africain-interdiction-de-recrutement-levee\/207421\/"},"author":{"name":"MC","@id":"https:\/\/www.webdo.tn\/fr\/#\/schema\/person\/2c4929cbf5a809e3bd38617c6ce150f6"},"headline":"Club Africain : Interdiction de recrutement lev\u00e9e","datePublished":"2023-07-22T11:51:00+00:00","dateModified":"2025-05-20T21:58:16+00:00","mainEntityOfPage":{"@id":"https:\/\/www.webdo.tn\/fr\/actualite\/sport\/club-africain-interdiction-de-recrutement-levee\/207421\/"},"wordCount":139,"commentCount":0,"publisher":{"@id":"https:\/\/www.webdo.tn\/fr\/#organization"},"image":{"@id":"https:\/\/www.webdo.tn\/fr\/actualite\/sport\/club-africain-interdiction-de-recrutement-levee\/207421\/#primaryimage"},"thumbnailUrl":"https:\/\/www.webdo.tn\/fr\/wp-content\/uploads\/2023\/07\/5af2b2fc41673e00a9484521daff19ff.jpg","keywords":["Club Africain","FIFA","interdiction","recrutement"],"articleSection":["Sport"],"inLanguage":"fr-FR"},{"@type":"WebPage","@id":"https:\/\/www.webdo.tn\/fr\/actualite\/sport\/club-africain-interdiction-de-recrutement-levee\/207421\/","url":"https:\/\/www.webdo.tn\/fr\/actualite\/sport\/club-africain-interdiction-de-recrutement-levee\/207421\/","name":"Club Africain : Interdiction de recrutement lev\u00e9e","isPartOf":{"@id":"https:\/\/www.webdo.tn\/fr\/#website"},"primaryImageOfPage":{"@id":"https:\/\/www.webdo.tn\/fr\/actualite\/sport\/club-africain-interdiction-de-recrutement-levee\/207421\/#primaryimage"},"image":{"@id":"https:\/\/www.webdo.tn\/fr\/actualite\/sport\/club-africain-interdiction-de-recrutement-levee\/207421\/#primaryimage"},"thumbnailUrl":"https:\/\/www.webdo.tn\/fr\/wp-content\/uploads\/2023\/07\/5af2b2fc41673e00a9484521daff19ff.jpg","datePublished":"2023-07-22T11:51:00+00:00","dateModified":"2025-05-20T21:58:16+00:00","description":"Le Club Africain a annonc\u00e9 vendredi qu'il pourra d\u00e9sormais participer \u00e0 la prochaine Coupe de la Conf\u00e9d\u00e9ration de football apr\u00e8s avoir r\u00e9gl\u00e9 tous ses litiges fi...","breadcrumb":{"@id":"https:\/\/www.webdo.tn\/fr\/actualite\/sport\/club-africain-interdiction-de-recrutement-levee\/207421\/#breadcrumb"},"inLanguage":"fr-FR","potentialAction":[{"@type":"ReadAction","target":["https:\/\/www.webdo.tn\/fr\/actualite\/sport\/club-africain-interdiction-de-recrutement-levee\/207421\/"]}]},{"@type":"ImageObject","inLanguage":"fr-FR","@id":"https:\/\/www.webdo.tn\/fr\/actualite\/sport\/club-africain-interdiction-de-recrutement-levee\/207421\/#primaryimage","url":"https:\/\/www.webdo.tn\/fr\/wp-content\/uploads\/2023\/07\/5af2b2fc41673e00a9484521daff19ff.jpg","contentUrl":"https:\/\/www.webdo.tn\/fr\/wp-content\/uploads\/2023\/07\/5af2b2fc41673e00a9484521daff19ff.jpg","width":750,"height":400,"caption":"Club Africain : Interdiction de recrutement lev\u00e9e"},{"@type":"BreadcrumbList","@id":"https:\/\/www.webdo.tn\/fr\/actualite\/sport\/club-africain-interdiction-de-recrutement-levee\/207421\/#breadcrumb","itemListElement":[{"@type":"ListItem","position":1,"name":"Accueil","item":"https:\/\/www.webdo.tn\/fr\/"},{"@type":"ListItem","position":2,"name":"Club Africain : Interdiction de recrutement lev\u00e9e"}]},{"@type":"WebSite","@id":"https:\/\/www.webdo.tn\/fr\/#website","url":"https:\/\/www.webdo.tn\/fr\/","name":"webdo","description":"Tunisie - News en Tunisie et \u00e0 l&#039;international sur Webdo.tn","publisher":{"@id":"https:\/\/www.webdo.tn\/fr\/#organization"},"potentialAction":[{"@type":"SearchAction","target":{"@type":"EntryPoint","urlTemplate":"https:\/\/www.webdo.tn\/fr\/?s={search_term_string}"},"query-input":{"@type":"PropertyValueSpecification","valueRequired":true,"valueName":"search_term_string"}}],"inLanguage":"fr-FR"},{"@type":"Organization","@id":"https:\/\/www.webdo.tn\/fr\/#organization","name":"Webdo","alternateName":"Webdo.tn","url":"https:\/\/www.webdo.tn\/fr\/","logo":{"@type":"ImageObject","inLanguage":"fr-FR","@id":"https:\/\/www.webdo.tn\/fr\/#\/schema\/logo\/image\/","url":"https:\/\/www.webdo.tn\/fr\/wp-content\/uploads\/2025\/06\/Webdo-Tunisie_168377.jpg","contentUrl":"https:\/\/www.webdo.tn\/fr\/wp-content\/uploads\/2025\/06\/Webdo-Tunisie_168377.jpg","width":301,"height":301,"caption":"Webdo"},"image":{"@id":"https:\/\/www.webdo.tn\/fr\/#\/schema\/logo\/image\/"},"sameAs":["https:\/\/www.facebook.com\/webdotn","https:\/\/x.com\/webdo_tn"],"description":"Webdo est un m\u00e9dia num\u00e9rique tunisien fond\u00e9 en 2010, sp\u00e9cialis\u00e9 dans l\u2019actualit\u00e9 nationale et internationale, l\u2019\u00e9conomie, la soci\u00e9t\u00e9 et les analyses politiques. Le site s\u2019adresse \u00e0 un large public francophone et couvre l\u2019information tunisienne en temps r\u00e9el.","email":"redac@webdo.tn","legalName":"YNJ SARL","foundingDate":"2010-09-06","numberOfEmployees":{"@type":"QuantitativeValue","minValue":"11","maxValue":"50"}},{"@type":"Person","@id":"https:\/\/www.webdo.tn\/fr\/#\/schema\/person\/2c4929cbf5a809e3bd38617c6ce150f6","name":"MC","image":{"@type":"ImageObject","inLanguage":"fr-FR","@id":"https:\/\/secure.gravatar.com\/avatar\/a545bbb6f84efdd5553dbbc2895e3ca8f1d12c5215e00a041c9670b54aa9b18a?s=96&d=mm&r=g","url":"https:\/\/secure.gravatar.com\/avatar\/a545bbb6f84efdd5553dbbc2895e3ca8f1d12c5215e00a041c9670b54aa9b18a?s=96&d=mm&r=g","contentUrl":"https:\/\/secure.gravatar.com\/avatar\/a545bbb6f84efdd5553dbbc2895e3ca8f1d12c5215e00a041c9670b54aa9b18a?s=96&d=mm&r=g","caption":"MC"},"url":"https:\/\/www.webdo.tn\/fr\/actualite\/author\/mc\/"}]}},"_links":{"self":[{"href":"https:\/\/www.webdo.tn\/fr\/wp-json\/wp\/v2\/posts\/207421","targetHints":{"allow":["GET"]}}],"collection":[{"href":"https:\/\/www.webdo.tn\/fr\/wp-json\/wp\/v2\/posts"}],"about":[{"href":"https:\/\/www.webdo.tn\/fr\/wp-json\/wp\/v2\/types\/post"}],"author":[{"embeddable":true,"href":"https:\/\/www.webdo.tn\/fr\/wp-json\/wp\/v2\/users\/3162"}],"replies":[{"embeddable":true,"href":"https:\/\/www.webdo.tn\/fr\/wp-json\/wp\/v2\/comments?post=207421"}],"version-history":[{"count":0,"href":"https:\/\/www.webdo.tn\/fr\/wp-json\/wp\/v2\/posts\/207421\/revisions"}],"wp:featuredmedia":[{"embeddable":true,"href":"https:\/\/www.webdo.tn\/fr\/wp-json\/wp\/v2\/media\/249715"}],"wp:attachment":[{"href":"https:\/\/www.webdo.tn\/fr\/wp-json\/wp\/v2\/media?parent=207421"}],"wp:term":[{"taxonomy":"category","embeddable":true,"href":"https:\/\/www.webdo.tn\/fr\/wp-json\/wp\/v2\/categories?post=207421"},{"taxonomy":"post_tag","embeddable":true,"href":"https:\/\/www.webdo.tn\/fr\/wp-json\/wp\/v2\/tags?post=207421"}],"curies":[{"name":"wp","href":"https:\/\/api.w.org\/{rel}","templated":true}]}}