{"id":207413,"date":"2023-07-22T09:28:00","date_gmt":"2023-07-22T09:28:00","guid":{"rendered":"https:\/\/www.webdo.tn\/fr\/blog\/explosion-dans-une-maison-suite-a-une-fuite-de-gaz-a-el-jem\/207413\/"},"modified":"2025-05-20T22:09:44","modified_gmt":"2025-05-20T22:09:44","slug":"explosion-dans-une-maison-suite-a-une-fuite-de-gaz-a-el-jem","status":"publish","type":"post","link":"https:\/\/www.webdo.tn\/fr\/actualite\/regions\/explosion-dans-une-maison-suite-a-une-fuite-de-gaz-a-el-jem\/207413\/","title":{"rendered":"Explosion dans une maison suite \u00e0 une fuite de gaz \u00e0 El Jem"},"content":{"rendered":"<p>Une explosion a eu lieu ce samedi 22 juillet 2023 \u00e0 El Jem (gouvernorat de Mahdia) dans une maison suite \u00e0 une fuite de gaz.<\/p>\n<p>\t\t\t\t\t\t\t\t\tLes agents de la Protection civile luttent contre les flammes et une vieille femme a \u00e9t\u00e9 sauv\u00e9e avant l\u2019explosion.<\/p>\n","protected":false},"excerpt":{"rendered":"<p>Une explosion a eu lieu ce samedi 22 juillet 2023 \u00e0 El Jem (gouvernorat de Mahdia) dans une maison suite \u00e0 une fuite de gaz.<\/p>\n","protected":false},"author":3162,"featured_media":278502,"comment_status":"open","ping_status":"closed","sticky":false,"template":"","format":"standard","meta":{"footnotes":""},"categories":[2595],"tags":[6014,2869,3764],"class_list":["post-207413","post","type-post","status-publish","format-standard","has-post-thumbnail","hentry","category-regions","tag-el-jem","tag-explosion","tag-gaz"],"yoast_head":"<!-- This site is optimized with the Yoast SEO Premium plugin v27.5 (Yoast SEO v27.5) - https:\/\/yoast.com\/product\/yoast-seo-premium-wordpress\/ -->\n<title>Explosion dans une maison suite \u00e0 une fuite de gaz \u00e0 El Jem<\/title>\n<meta name=\"description\" content=\"Une explosion a eu lieu ce samedi 22 juillet 2023 \u00e0 El Jem (gouvernorat de Mahdia) dans une maison suite \u00e0 une fuite de gaz.\" \/>\n<link rel=\"canonical\" href=\"https:\/\/www.webdo.tn\/fr\/actualite\/regions\/explosion-dans-une-maison-suite-a-une-fuite-de-gaz-a-el-jem\/207413\/\" \/>\n<meta property=\"og:locale\" content=\"fr_FR\" \/>\n<meta property=\"og:type\" content=\"article\" \/>\n<meta property=\"og:title\" content=\"Explosion dans une maison suite \u00e0 une fuite de gaz \u00e0 El Jem\" \/>\n<meta property=\"og:description\" content=\"Une explosion a eu lieu ce samedi 22 juillet 2023 \u00e0 El Jem (gouvernorat de Mahdia) dans une maison suite \u00e0 une fuite de gaz.\" \/>\n<meta property=\"og:url\" content=\"https:\/\/www.webdo.tn\/fr\/actualite\/regions\/explosion-dans-une-maison-suite-a-une-fuite-de-gaz-a-el-jem\/207413\/\" \/>\n<meta property=\"og:site_name\" content=\"webdo\" \/>\n<meta property=\"article:publisher\" content=\"https:\/\/www.facebook.com\/webdotn\" \/>\n<meta property=\"article:published_time\" content=\"2023-07-22T09:28:00+00:00\" \/>\n<meta property=\"article:modified_time\" content=\"2025-05-20T22:09:44+00:00\" \/>\n<meta property=\"og:image\" content=\"https:\/\/www.webdo.tn\/fr\/wp-content\/uploads\/2023\/07\/b840e5ce445f094708db88e0d99392a9.jpg\" \/>\n\t<meta property=\"og:image:width\" content=\"750\" \/>\n\t<meta property=\"og:image:height\" content=\"400\" \/>\n\t<meta property=\"og:image:type\" content=\"image\/jpeg\" \/>\n<meta name=\"author\" content=\"MC\" \/>\n<meta name=\"twitter:card\" content=\"summary_large_image\" \/>\n<meta name=\"twitter:creator\" content=\"@webdo_tn\" \/>\n<meta name=\"twitter:site\" content=\"@webdo_tn\" \/>\n<meta name=\"twitter:label1\" content=\"\u00c9crit par\" \/>\n\t<meta name=\"twitter:data1\" content=\"MC\" \/>\n<script type=\"application\/ld+json\" class=\"yoast-schema-graph\">{\"@context\":\"https:\\\/\\\/schema.org\",\"@graph\":[{\"@type\":\"NewsArticle\",\"@id\":\"https:\\\/\\\/www.webdo.tn\\\/fr\\\/actualite\\\/regions\\\/explosion-dans-une-maison-suite-a-une-fuite-de-gaz-a-el-jem\\\/207413\\\/#article\",\"isPartOf\":{\"@id\":\"https:\\\/\\\/www.webdo.tn\\\/fr\\\/actualite\\\/regions\\\/explosion-dans-une-maison-suite-a-une-fuite-de-gaz-a-el-jem\\\/207413\\\/\"},\"author\":{\"name\":\"MC\",\"@id\":\"https:\\\/\\\/www.webdo.tn\\\/fr\\\/#\\\/schema\\\/person\\\/2c4929cbf5a809e3bd38617c6ce150f6\"},\"headline\":\"Explosion dans une maison suite \u00e0 une fuite de gaz \u00e0 El Jem\",\"datePublished\":\"2023-07-22T09:28:00+00:00\",\"dateModified\":\"2025-05-20T22:09:44+00:00\",\"mainEntityOfPage\":{\"@id\":\"https:\\\/\\\/www.webdo.tn\\\/fr\\\/actualite\\\/regions\\\/explosion-dans-une-maison-suite-a-une-fuite-de-gaz-a-el-jem\\\/207413\\\/\"},\"wordCount\":53,\"commentCount\":0,\"publisher\":{\"@id\":\"https:\\\/\\\/www.webdo.tn\\\/fr\\\/#organization\"},\"image\":{\"@id\":\"https:\\\/\\\/www.webdo.tn\\\/fr\\\/actualite\\\/regions\\\/explosion-dans-une-maison-suite-a-une-fuite-de-gaz-a-el-jem\\\/207413\\\/#primaryimage\"},\"thumbnailUrl\":\"https:\\\/\\\/www.webdo.tn\\\/fr\\\/wp-content\\\/uploads\\\/2023\\\/07\\\/b840e5ce445f094708db88e0d99392a9.jpg\",\"keywords\":[\"el jem\",\"Explosion\",\"Gaz\"],\"articleSection\":[\"regions\"],\"inLanguage\":\"fr-FR\"},{\"@type\":\"WebPage\",\"@id\":\"https:\\\/\\\/www.webdo.tn\\\/fr\\\/actualite\\\/regions\\\/explosion-dans-une-maison-suite-a-une-fuite-de-gaz-a-el-jem\\\/207413\\\/\",\"url\":\"https:\\\/\\\/www.webdo.tn\\\/fr\\\/actualite\\\/regions\\\/explosion-dans-une-maison-suite-a-une-fuite-de-gaz-a-el-jem\\\/207413\\\/\",\"name\":\"Explosion dans une maison suite \u00e0 une fuite de gaz \u00e0 El Jem\",\"isPartOf\":{\"@id\":\"https:\\\/\\\/www.webdo.tn\\\/fr\\\/#website\"},\"primaryImageOfPage\":{\"@id\":\"https:\\\/\\\/www.webdo.tn\\\/fr\\\/actualite\\\/regions\\\/explosion-dans-une-maison-suite-a-une-fuite-de-gaz-a-el-jem\\\/207413\\\/#primaryimage\"},\"image\":{\"@id\":\"https:\\\/\\\/www.webdo.tn\\\/fr\\\/actualite\\\/regions\\\/explosion-dans-une-maison-suite-a-une-fuite-de-gaz-a-el-jem\\\/207413\\\/#primaryimage\"},\"thumbnailUrl\":\"https:\\\/\\\/www.webdo.tn\\\/fr\\\/wp-content\\\/uploads\\\/2023\\\/07\\\/b840e5ce445f094708db88e0d99392a9.jpg\",\"datePublished\":\"2023-07-22T09:28:00+00:00\",\"dateModified\":\"2025-05-20T22:09:44+00:00\",\"description\":\"Une explosion a eu lieu ce samedi 22 juillet 2023 \u00e0 El Jem (gouvernorat de Mahdia) dans une maison suite \u00e0 une fuite de gaz.\",\"breadcrumb\":{\"@id\":\"https:\\\/\\\/www.webdo.tn\\\/fr\\\/actualite\\\/regions\\\/explosion-dans-une-maison-suite-a-une-fuite-de-gaz-a-el-jem\\\/207413\\\/#breadcrumb\"},\"inLanguage\":\"fr-FR\",\"potentialAction\":[{\"@type\":\"ReadAction\",\"target\":[\"https:\\\/\\\/www.webdo.tn\\\/fr\\\/actualite\\\/regions\\\/explosion-dans-une-maison-suite-a-une-fuite-de-gaz-a-el-jem\\\/207413\\\/\"]}]},{\"@type\":\"ImageObject\",\"inLanguage\":\"fr-FR\",\"@id\":\"https:\\\/\\\/www.webdo.tn\\\/fr\\\/actualite\\\/regions\\\/explosion-dans-une-maison-suite-a-une-fuite-de-gaz-a-el-jem\\\/207413\\\/#primaryimage\",\"url\":\"https:\\\/\\\/www.webdo.tn\\\/fr\\\/wp-content\\\/uploads\\\/2023\\\/07\\\/b840e5ce445f094708db88e0d99392a9.jpg\",\"contentUrl\":\"https:\\\/\\\/www.webdo.tn\\\/fr\\\/wp-content\\\/uploads\\\/2023\\\/07\\\/b840e5ce445f094708db88e0d99392a9.jpg\",\"width\":750,\"height\":400,\"caption\":\"Explosion dans une maison suite \u00e0 une fuite de gaz \u00e0 El Jem\"},{\"@type\":\"BreadcrumbList\",\"@id\":\"https:\\\/\\\/www.webdo.tn\\\/fr\\\/actualite\\\/regions\\\/explosion-dans-une-maison-suite-a-une-fuite-de-gaz-a-el-jem\\\/207413\\\/#breadcrumb\",\"itemListElement\":[{\"@type\":\"ListItem\",\"position\":1,\"name\":\"Accueil\",\"item\":\"https:\\\/\\\/www.webdo.tn\\\/fr\\\/\"},{\"@type\":\"ListItem\",\"position\":2,\"name\":\"Explosion dans une maison suite \u00e0 une fuite de gaz \u00e0 El Jem\"}]},{\"@type\":\"WebSite\",\"@id\":\"https:\\\/\\\/www.webdo.tn\\\/fr\\\/#website\",\"url\":\"https:\\\/\\\/www.webdo.tn\\\/fr\\\/\",\"name\":\"webdo\",\"description\":\"Tunisie - News en Tunisie et \u00e0 l&#039;international sur Webdo.tn\",\"publisher\":{\"@id\":\"https:\\\/\\\/www.webdo.tn\\\/fr\\\/#organization\"},\"potentialAction\":[{\"@type\":\"SearchAction\",\"target\":{\"@type\":\"EntryPoint\",\"urlTemplate\":\"https:\\\/\\\/www.webdo.tn\\\/fr\\\/?s={search_term_string}\"},\"query-input\":{\"@type\":\"PropertyValueSpecification\",\"valueRequired\":true,\"valueName\":\"search_term_string\"}}],\"inLanguage\":\"fr-FR\"},{\"@type\":\"Organization\",\"@id\":\"https:\\\/\\\/www.webdo.tn\\\/fr\\\/#organization\",\"name\":\"Webdo\",\"alternateName\":\"Webdo.tn\",\"url\":\"https:\\\/\\\/www.webdo.tn\\\/fr\\\/\",\"logo\":{\"@type\":\"ImageObject\",\"inLanguage\":\"fr-FR\",\"@id\":\"https:\\\/\\\/www.webdo.tn\\\/fr\\\/#\\\/schema\\\/logo\\\/image\\\/\",\"url\":\"https:\\\/\\\/www.webdo.tn\\\/fr\\\/wp-content\\\/uploads\\\/2025\\\/06\\\/Webdo-Tunisie_168377.jpg\",\"contentUrl\":\"https:\\\/\\\/www.webdo.tn\\\/fr\\\/wp-content\\\/uploads\\\/2025\\\/06\\\/Webdo-Tunisie_168377.jpg\",\"width\":301,\"height\":301,\"caption\":\"Webdo\"},\"image\":{\"@id\":\"https:\\\/\\\/www.webdo.tn\\\/fr\\\/#\\\/schema\\\/logo\\\/image\\\/\"},\"sameAs\":[\"https:\\\/\\\/www.facebook.com\\\/webdotn\",\"https:\\\/\\\/x.com\\\/webdo_tn\"],\"description\":\"Webdo est un m\u00e9dia num\u00e9rique tunisien fond\u00e9 en 2010, sp\u00e9cialis\u00e9 dans l\u2019actualit\u00e9 nationale et internationale, l\u2019\u00e9conomie, la soci\u00e9t\u00e9 et les analyses politiques. Le site s\u2019adresse \u00e0 un large public francophone et couvre l\u2019information tunisienne en temps r\u00e9el.\",\"email\":\"redac@webdo.tn\",\"legalName\":\"YNJ SARL\",\"foundingDate\":\"2010-09-06\",\"numberOfEmployees\":{\"@type\":\"QuantitativeValue\",\"minValue\":\"11\",\"maxValue\":\"50\"}},{\"@type\":\"Person\",\"@id\":\"https:\\\/\\\/www.webdo.tn\\\/fr\\\/#\\\/schema\\\/person\\\/2c4929cbf5a809e3bd38617c6ce150f6\",\"name\":\"MC\",\"image\":{\"@type\":\"ImageObject\",\"inLanguage\":\"fr-FR\",\"@id\":\"https:\\\/\\\/secure.gravatar.com\\\/avatar\\\/a545bbb6f84efdd5553dbbc2895e3ca8f1d12c5215e00a041c9670b54aa9b18a?s=96&d=mm&r=g\",\"url\":\"https:\\\/\\\/secure.gravatar.com\\\/avatar\\\/a545bbb6f84efdd5553dbbc2895e3ca8f1d12c5215e00a041c9670b54aa9b18a?s=96&d=mm&r=g\",\"contentUrl\":\"https:\\\/\\\/secure.gravatar.com\\\/avatar\\\/a545bbb6f84efdd5553dbbc2895e3ca8f1d12c5215e00a041c9670b54aa9b18a?s=96&d=mm&r=g\",\"caption\":\"MC\"},\"url\":\"https:\\\/\\\/www.webdo.tn\\\/fr\\\/actualite\\\/author\\\/mc\\\/\"}]}<\/script>\n<!-- \/ Yoast SEO Premium plugin. -->","yoast_head_json":{"title":"Explosion dans une maison suite \u00e0 une fuite de gaz \u00e0 El Jem","description":"Une explosion a eu lieu ce samedi 22 juillet 2023 \u00e0 El Jem (gouvernorat de Mahdia) dans une maison suite \u00e0 une fuite de gaz.","canonical":"https:\/\/www.webdo.tn\/fr\/actualite\/regions\/explosion-dans-une-maison-suite-a-une-fuite-de-gaz-a-el-jem\/207413\/","og_locale":"fr_FR","og_type":"article","og_title":"Explosion dans une maison suite \u00e0 une fuite de gaz \u00e0 El Jem","og_description":"Une explosion a eu lieu ce samedi 22 juillet 2023 \u00e0 El Jem (gouvernorat de Mahdia) dans une maison suite \u00e0 une fuite de gaz.","og_url":"https:\/\/www.webdo.tn\/fr\/actualite\/regions\/explosion-dans-une-maison-suite-a-une-fuite-de-gaz-a-el-jem\/207413\/","og_site_name":"webdo","article_publisher":"https:\/\/www.facebook.com\/webdotn","article_published_time":"2023-07-22T09:28:00+00:00","article_modified_time":"2025-05-20T22:09:44+00:00","og_image":[{"width":750,"height":400,"url":"https:\/\/www.webdo.tn\/fr\/wp-content\/uploads\/2023\/07\/b840e5ce445f094708db88e0d99392a9.jpg","type":"image\/jpeg"}],"author":"MC","twitter_card":"summary_large_image","twitter_creator":"@webdo_tn","twitter_site":"@webdo_tn","twitter_misc":{"\u00c9crit par":"MC"},"schema":{"@context":"https:\/\/schema.org","@graph":[{"@type":"NewsArticle","@id":"https:\/\/www.webdo.tn\/fr\/actualite\/regions\/explosion-dans-une-maison-suite-a-une-fuite-de-gaz-a-el-jem\/207413\/#article","isPartOf":{"@id":"https:\/\/www.webdo.tn\/fr\/actualite\/regions\/explosion-dans-une-maison-suite-a-une-fuite-de-gaz-a-el-jem\/207413\/"},"author":{"name":"MC","@id":"https:\/\/www.webdo.tn\/fr\/#\/schema\/person\/2c4929cbf5a809e3bd38617c6ce150f6"},"headline":"Explosion dans une maison suite \u00e0 une fuite de gaz \u00e0 El Jem","datePublished":"2023-07-22T09:28:00+00:00","dateModified":"2025-05-20T22:09:44+00:00","mainEntityOfPage":{"@id":"https:\/\/www.webdo.tn\/fr\/actualite\/regions\/explosion-dans-une-maison-suite-a-une-fuite-de-gaz-a-el-jem\/207413\/"},"wordCount":53,"commentCount":0,"publisher":{"@id":"https:\/\/www.webdo.tn\/fr\/#organization"},"image":{"@id":"https:\/\/www.webdo.tn\/fr\/actualite\/regions\/explosion-dans-une-maison-suite-a-une-fuite-de-gaz-a-el-jem\/207413\/#primaryimage"},"thumbnailUrl":"https:\/\/www.webdo.tn\/fr\/wp-content\/uploads\/2023\/07\/b840e5ce445f094708db88e0d99392a9.jpg","keywords":["el jem","Explosion","Gaz"],"articleSection":["regions"],"inLanguage":"fr-FR"},{"@type":"WebPage","@id":"https:\/\/www.webdo.tn\/fr\/actualite\/regions\/explosion-dans-une-maison-suite-a-une-fuite-de-gaz-a-el-jem\/207413\/","url":"https:\/\/www.webdo.tn\/fr\/actualite\/regions\/explosion-dans-une-maison-suite-a-une-fuite-de-gaz-a-el-jem\/207413\/","name":"Explosion dans une maison suite \u00e0 une fuite de gaz \u00e0 El Jem","isPartOf":{"@id":"https:\/\/www.webdo.tn\/fr\/#website"},"primaryImageOfPage":{"@id":"https:\/\/www.webdo.tn\/fr\/actualite\/regions\/explosion-dans-une-maison-suite-a-une-fuite-de-gaz-a-el-jem\/207413\/#primaryimage"},"image":{"@id":"https:\/\/www.webdo.tn\/fr\/actualite\/regions\/explosion-dans-une-maison-suite-a-une-fuite-de-gaz-a-el-jem\/207413\/#primaryimage"},"thumbnailUrl":"https:\/\/www.webdo.tn\/fr\/wp-content\/uploads\/2023\/07\/b840e5ce445f094708db88e0d99392a9.jpg","datePublished":"2023-07-22T09:28:00+00:00","dateModified":"2025-05-20T22:09:44+00:00","description":"Une explosion a eu lieu ce samedi 22 juillet 2023 \u00e0 El Jem (gouvernorat de Mahdia) dans une maison suite \u00e0 une fuite de gaz.","breadcrumb":{"@id":"https:\/\/www.webdo.tn\/fr\/actualite\/regions\/explosion-dans-une-maison-suite-a-une-fuite-de-gaz-a-el-jem\/207413\/#breadcrumb"},"inLanguage":"fr-FR","potentialAction":[{"@type":"ReadAction","target":["https:\/\/www.webdo.tn\/fr\/actualite\/regions\/explosion-dans-une-maison-suite-a-une-fuite-de-gaz-a-el-jem\/207413\/"]}]},{"@type":"ImageObject","inLanguage":"fr-FR","@id":"https:\/\/www.webdo.tn\/fr\/actualite\/regions\/explosion-dans-une-maison-suite-a-une-fuite-de-gaz-a-el-jem\/207413\/#primaryimage","url":"https:\/\/www.webdo.tn\/fr\/wp-content\/uploads\/2023\/07\/b840e5ce445f094708db88e0d99392a9.jpg","contentUrl":"https:\/\/www.webdo.tn\/fr\/wp-content\/uploads\/2023\/07\/b840e5ce445f094708db88e0d99392a9.jpg","width":750,"height":400,"caption":"Explosion dans une maison suite \u00e0 une fuite de gaz \u00e0 El Jem"},{"@type":"BreadcrumbList","@id":"https:\/\/www.webdo.tn\/fr\/actualite\/regions\/explosion-dans-une-maison-suite-a-une-fuite-de-gaz-a-el-jem\/207413\/#breadcrumb","itemListElement":[{"@type":"ListItem","position":1,"name":"Accueil","item":"https:\/\/www.webdo.tn\/fr\/"},{"@type":"ListItem","position":2,"name":"Explosion dans une maison suite \u00e0 une fuite de gaz \u00e0 El Jem"}]},{"@type":"WebSite","@id":"https:\/\/www.webdo.tn\/fr\/#website","url":"https:\/\/www.webdo.tn\/fr\/","name":"webdo","description":"Tunisie - News en Tunisie et \u00e0 l&#039;international sur Webdo.tn","publisher":{"@id":"https:\/\/www.webdo.tn\/fr\/#organization"},"potentialAction":[{"@type":"SearchAction","target":{"@type":"EntryPoint","urlTemplate":"https:\/\/www.webdo.tn\/fr\/?s={search_term_string}"},"query-input":{"@type":"PropertyValueSpecification","valueRequired":true,"valueName":"search_term_string"}}],"inLanguage":"fr-FR"},{"@type":"Organization","@id":"https:\/\/www.webdo.tn\/fr\/#organization","name":"Webdo","alternateName":"Webdo.tn","url":"https:\/\/www.webdo.tn\/fr\/","logo":{"@type":"ImageObject","inLanguage":"fr-FR","@id":"https:\/\/www.webdo.tn\/fr\/#\/schema\/logo\/image\/","url":"https:\/\/www.webdo.tn\/fr\/wp-content\/uploads\/2025\/06\/Webdo-Tunisie_168377.jpg","contentUrl":"https:\/\/www.webdo.tn\/fr\/wp-content\/uploads\/2025\/06\/Webdo-Tunisie_168377.jpg","width":301,"height":301,"caption":"Webdo"},"image":{"@id":"https:\/\/www.webdo.tn\/fr\/#\/schema\/logo\/image\/"},"sameAs":["https:\/\/www.facebook.com\/webdotn","https:\/\/x.com\/webdo_tn"],"description":"Webdo est un m\u00e9dia num\u00e9rique tunisien fond\u00e9 en 2010, sp\u00e9cialis\u00e9 dans l\u2019actualit\u00e9 nationale et internationale, l\u2019\u00e9conomie, la soci\u00e9t\u00e9 et les analyses politiques. Le site s\u2019adresse \u00e0 un large public francophone et couvre l\u2019information tunisienne en temps r\u00e9el.","email":"redac@webdo.tn","legalName":"YNJ SARL","foundingDate":"2010-09-06","numberOfEmployees":{"@type":"QuantitativeValue","minValue":"11","maxValue":"50"}},{"@type":"Person","@id":"https:\/\/www.webdo.tn\/fr\/#\/schema\/person\/2c4929cbf5a809e3bd38617c6ce150f6","name":"MC","image":{"@type":"ImageObject","inLanguage":"fr-FR","@id":"https:\/\/secure.gravatar.com\/avatar\/a545bbb6f84efdd5553dbbc2895e3ca8f1d12c5215e00a041c9670b54aa9b18a?s=96&d=mm&r=g","url":"https:\/\/secure.gravatar.com\/avatar\/a545bbb6f84efdd5553dbbc2895e3ca8f1d12c5215e00a041c9670b54aa9b18a?s=96&d=mm&r=g","contentUrl":"https:\/\/secure.gravatar.com\/avatar\/a545bbb6f84efdd5553dbbc2895e3ca8f1d12c5215e00a041c9670b54aa9b18a?s=96&d=mm&r=g","caption":"MC"},"url":"https:\/\/www.webdo.tn\/fr\/actualite\/author\/mc\/"}]}},"_links":{"self":[{"href":"https:\/\/www.webdo.tn\/fr\/wp-json\/wp\/v2\/posts\/207413","targetHints":{"allow":["GET"]}}],"collection":[{"href":"https:\/\/www.webdo.tn\/fr\/wp-json\/wp\/v2\/posts"}],"about":[{"href":"https:\/\/www.webdo.tn\/fr\/wp-json\/wp\/v2\/types\/post"}],"author":[{"embeddable":true,"href":"https:\/\/www.webdo.tn\/fr\/wp-json\/wp\/v2\/users\/3162"}],"replies":[{"embeddable":true,"href":"https:\/\/www.webdo.tn\/fr\/wp-json\/wp\/v2\/comments?post=207413"}],"version-history":[{"count":0,"href":"https:\/\/www.webdo.tn\/fr\/wp-json\/wp\/v2\/posts\/207413\/revisions"}],"wp:featuredmedia":[{"embeddable":true,"href":"https:\/\/www.webdo.tn\/fr\/wp-json\/wp\/v2\/media\/278502"}],"wp:attachment":[{"href":"https:\/\/www.webdo.tn\/fr\/wp-json\/wp\/v2\/media?parent=207413"}],"wp:term":[{"taxonomy":"category","embeddable":true,"href":"https:\/\/www.webdo.tn\/fr\/wp-json\/wp\/v2\/categories?post=207413"},{"taxonomy":"post_tag","embeddable":true,"href":"https:\/\/www.webdo.tn\/fr\/wp-json\/wp\/v2\/tags?post=207413"}],"curies":[{"name":"wp","href":"https:\/\/api.w.org\/{rel}","templated":true}]}}