{"id":207383,"date":"2023-07-20T20:54:00","date_gmt":"2023-07-20T20:54:00","guid":{"rendered":"https:\/\/www.webdo.tn\/fr\/blog\/face-au-pic-energetique-la-steg-a-recours-au-delestage-electrique-periodique\/207383\/"},"modified":"2023-07-20T20:54:00","modified_gmt":"2023-07-20T20:54:00","slug":"face-au-pic-energetique-la-steg-a-recours-au-delestage-electrique-periodique","status":"publish","type":"post","link":"https:\/\/www.webdo.tn\/fr\/actualite\/national\/face-au-pic-energetique-la-steg-a-recours-au-delestage-electrique-periodique\/207383\/","title":{"rendered":"Face au pic \u00e9nerg\u00e9tique, la STEG a recours au d\u00e9lestage \u00e9lectrique p\u00e9riodique"},"content":{"rendered":"<p>En ces derniers jours de canicule, la Tunisie a enregistr\u00e9, ce jeudi 20 juillet 2023, un 3\u00e8me pic record de consommation d&rsquo;\u00e9lectricit\u00e9. Une situation qui a conduit la STEG \u00e0 adopter le d\u00e9lestage \u00e9lectrique p\u00e9riodique dans quelques r\u00e9gions en vue d&rsquo;all\u00e9ger la charge sur le r\u00e9seau et \u00e9viter les grandes coupures d&rsquo;\u00e9lectricit\u00e9 .<\/p>\n<p>\t\t\t\t\t\t\t\t\tSelon le directeur de la coop\u00e9ration et de la communication \u00e0 la STEG, Mounir Ghabri, dans une d\u00e9claration \u00e0 l&rsquo;agence TAP, que la\u00a0demande a atteint 4825 m\u00e9gawatts \u00e0 12h48, d\u00e9passant la demande enregistr\u00e9e en 2022 (8 septembre 2022) , qui a \u00e9t\u00e9 estim\u00e9e \u00e0 4677 m\u00e9gawatts.<\/p>\n<p>la canicule exceptionnelle enregistr\u00e9e dans le pays au cours de cette p\u00e9riode a caus\u00e9 des perturbations aux niveaux local et conjoncturel en mati\u00e8re d&rsquo;approvisionnement d&rsquo;\u00e9lectricit\u00e9, vu l&rsquo;endommagement des lignes et des \u00e9changeurs \u00e9lectriques par la chaleur, concomitamment avec la hausse de la demande d&rsquo;\u00e9lectricit\u00e9, selon Mounir Gharbi.<\/p>\n<p>Il est \u00e0 rappeler que le 10 juillet 2023, le record de consommation d&rsquo;\u00e9lectricit\u00e9 a atteint 4692 m\u00e9gawatts, lequel est pr\u00e9c\u00e9d\u00e9, en date de 8 juillet 2023, par un pic de pr\u00e8s de 4363 m\u00e9gawatts.<\/p>\n","protected":false},"excerpt":{"rendered":"<p>En ces derniers jours de canicule, la Tunisie a enregistr\u00e9, ce jeudi 20 juillet 2023, un 3\u00e8me pic record de consommation d&rsquo;\u00e9lectricit\u00e9. Une situation qui a cond&#8230;<\/p>\n","protected":false},"author":3169,"featured_media":249732,"comment_status":"open","ping_status":"closed","sticky":false,"template":"","format":"standard","meta":{"footnotes":""},"categories":[44],"tags":[2719,3765,8188,2742,2608],"class_list":["post-207383","post","type-post","status-publish","format-standard","has-post-thumbnail","hentry","category-national","tag-consommation","tag-electricite","tag-pic","tag-steg","tag-tunisie"],"yoast_head":"<!-- This site is optimized with the Yoast SEO Premium plugin v27.4 (Yoast SEO v27.5) - https:\/\/yoast.com\/product\/yoast-seo-premium-wordpress\/ -->\n<title>Face au pic \u00e9nerg\u00e9tique, la STEG a recours au d\u00e9lestage \u00e9lectrique p\u00e9riodique<\/title>\n<meta name=\"description\" content=\"En ces derniers jours de canicule, la Tunisie a enregistr\u00e9, ce jeudi 20 juillet 2023, un 3\u00e8me pic record de consommation d&#039;\u00e9lectricit\u00e9. Une situation qui a cond...\" \/>\n<link rel=\"canonical\" href=\"https:\/\/www.webdo.tn\/fr\/actualite\/national\/face-au-pic-energetique-la-steg-a-recours-au-delestage-electrique-periodique\/207383\/\" \/>\n<meta property=\"og:locale\" content=\"fr_FR\" \/>\n<meta property=\"og:type\" content=\"article\" \/>\n<meta property=\"og:title\" content=\"Face au pic \u00e9nerg\u00e9tique, la STEG a recours au d\u00e9lestage \u00e9lectrique p\u00e9riodique\" \/>\n<meta property=\"og:description\" content=\"En ces derniers jours de canicule, la Tunisie a enregistr\u00e9, ce jeudi 20 juillet 2023, un 3\u00e8me pic record de consommation d&#039;\u00e9lectricit\u00e9. Une situation qui a cond...\" \/>\n<meta property=\"og:url\" content=\"https:\/\/www.webdo.tn\/fr\/actualite\/national\/face-au-pic-energetique-la-steg-a-recours-au-delestage-electrique-periodique\/207383\/\" \/>\n<meta property=\"og:site_name\" content=\"webdo\" \/>\n<meta property=\"article:publisher\" content=\"https:\/\/www.facebook.com\/webdotn\" \/>\n<meta property=\"article:published_time\" content=\"2023-07-20T20:54:00+00:00\" \/>\n<meta property=\"og:image\" content=\"https:\/\/www.webdo.tn\/fr\/wp-content\/uploads\/2023\/07\/577a751183797f54d68bf4c3c280ce4d.jpg\" \/>\n\t<meta property=\"og:image:width\" content=\"750\" \/>\n\t<meta property=\"og:image:height\" content=\"400\" \/>\n\t<meta property=\"og:image:type\" content=\"image\/jpeg\" \/>\n<meta name=\"author\" content=\"Webdo\" \/>\n<meta name=\"twitter:card\" content=\"summary_large_image\" \/>\n<meta name=\"twitter:creator\" content=\"@webdo_tn\" \/>\n<meta name=\"twitter:site\" content=\"@webdo_tn\" \/>\n<meta name=\"twitter:label1\" content=\"\u00c9crit par\" \/>\n\t<meta name=\"twitter:data1\" content=\"Webdo\" \/>\n\t<meta name=\"twitter:label2\" content=\"Dur\u00e9e de lecture estim\u00e9e\" \/>\n\t<meta name=\"twitter:data2\" content=\"1 minute\" \/>\n<script type=\"application\/ld+json\" class=\"yoast-schema-graph\">{\"@context\":\"https:\\\/\\\/schema.org\",\"@graph\":[{\"@type\":\"NewsArticle\",\"@id\":\"https:\\\/\\\/www.webdo.tn\\\/fr\\\/actualite\\\/national\\\/face-au-pic-energetique-la-steg-a-recours-au-delestage-electrique-periodique\\\/207383\\\/#article\",\"isPartOf\":{\"@id\":\"https:\\\/\\\/www.webdo.tn\\\/fr\\\/actualite\\\/national\\\/face-au-pic-energetique-la-steg-a-recours-au-delestage-electrique-periodique\\\/207383\\\/\"},\"author\":{\"name\":\"Webdo\",\"@id\":\"https:\\\/\\\/www.webdo.tn\\\/fr\\\/#\\\/schema\\\/person\\\/1f4e491e0907b413d61089e8eb573acc\"},\"headline\":\"Face au pic \u00e9nerg\u00e9tique, la STEG a recours au d\u00e9lestage \u00e9lectrique p\u00e9riodique\",\"datePublished\":\"2023-07-20T20:54:00+00:00\",\"mainEntityOfPage\":{\"@id\":\"https:\\\/\\\/www.webdo.tn\\\/fr\\\/actualite\\\/national\\\/face-au-pic-energetique-la-steg-a-recours-au-delestage-electrique-periodique\\\/207383\\\/\"},\"wordCount\":205,\"commentCount\":0,\"publisher\":{\"@id\":\"https:\\\/\\\/www.webdo.tn\\\/fr\\\/#organization\"},\"image\":{\"@id\":\"https:\\\/\\\/www.webdo.tn\\\/fr\\\/actualite\\\/national\\\/face-au-pic-energetique-la-steg-a-recours-au-delestage-electrique-periodique\\\/207383\\\/#primaryimage\"},\"thumbnailUrl\":\"https:\\\/\\\/www.webdo.tn\\\/fr\\\/wp-content\\\/uploads\\\/2023\\\/07\\\/577a751183797f54d68bf4c3c280ce4d.jpg\",\"keywords\":[\"consommation\",\"\u00e9lectricit\u00e9\",\"Pic\",\"steg\",\"Tunisie\"],\"articleSection\":[\"National\"],\"inLanguage\":\"fr-FR\"},{\"@type\":\"WebPage\",\"@id\":\"https:\\\/\\\/www.webdo.tn\\\/fr\\\/actualite\\\/national\\\/face-au-pic-energetique-la-steg-a-recours-au-delestage-electrique-periodique\\\/207383\\\/\",\"url\":\"https:\\\/\\\/www.webdo.tn\\\/fr\\\/actualite\\\/national\\\/face-au-pic-energetique-la-steg-a-recours-au-delestage-electrique-periodique\\\/207383\\\/\",\"name\":\"Face au pic \u00e9nerg\u00e9tique, la STEG a recours au d\u00e9lestage \u00e9lectrique p\u00e9riodique\",\"isPartOf\":{\"@id\":\"https:\\\/\\\/www.webdo.tn\\\/fr\\\/#website\"},\"primaryImageOfPage\":{\"@id\":\"https:\\\/\\\/www.webdo.tn\\\/fr\\\/actualite\\\/national\\\/face-au-pic-energetique-la-steg-a-recours-au-delestage-electrique-periodique\\\/207383\\\/#primaryimage\"},\"image\":{\"@id\":\"https:\\\/\\\/www.webdo.tn\\\/fr\\\/actualite\\\/national\\\/face-au-pic-energetique-la-steg-a-recours-au-delestage-electrique-periodique\\\/207383\\\/#primaryimage\"},\"thumbnailUrl\":\"https:\\\/\\\/www.webdo.tn\\\/fr\\\/wp-content\\\/uploads\\\/2023\\\/07\\\/577a751183797f54d68bf4c3c280ce4d.jpg\",\"datePublished\":\"2023-07-20T20:54:00+00:00\",\"description\":\"En ces derniers jours de canicule, la Tunisie a enregistr\u00e9, ce jeudi 20 juillet 2023, un 3\u00e8me pic record de consommation d'\u00e9lectricit\u00e9. Une situation qui a cond...\",\"breadcrumb\":{\"@id\":\"https:\\\/\\\/www.webdo.tn\\\/fr\\\/actualite\\\/national\\\/face-au-pic-energetique-la-steg-a-recours-au-delestage-electrique-periodique\\\/207383\\\/#breadcrumb\"},\"inLanguage\":\"fr-FR\",\"potentialAction\":[{\"@type\":\"ReadAction\",\"target\":[\"https:\\\/\\\/www.webdo.tn\\\/fr\\\/actualite\\\/national\\\/face-au-pic-energetique-la-steg-a-recours-au-delestage-electrique-periodique\\\/207383\\\/\"]}]},{\"@type\":\"ImageObject\",\"inLanguage\":\"fr-FR\",\"@id\":\"https:\\\/\\\/www.webdo.tn\\\/fr\\\/actualite\\\/national\\\/face-au-pic-energetique-la-steg-a-recours-au-delestage-electrique-periodique\\\/207383\\\/#primaryimage\",\"url\":\"https:\\\/\\\/www.webdo.tn\\\/fr\\\/wp-content\\\/uploads\\\/2023\\\/07\\\/577a751183797f54d68bf4c3c280ce4d.jpg\",\"contentUrl\":\"https:\\\/\\\/www.webdo.tn\\\/fr\\\/wp-content\\\/uploads\\\/2023\\\/07\\\/577a751183797f54d68bf4c3c280ce4d.jpg\",\"width\":750,\"height\":400,\"caption\":\"Face au pic \u00e9nerg\u00e9tique, la STEG a recours au d\u00e9lestage \u00e9lectrique p\u00e9riodique\"},{\"@type\":\"BreadcrumbList\",\"@id\":\"https:\\\/\\\/www.webdo.tn\\\/fr\\\/actualite\\\/national\\\/face-au-pic-energetique-la-steg-a-recours-au-delestage-electrique-periodique\\\/207383\\\/#breadcrumb\",\"itemListElement\":[{\"@type\":\"ListItem\",\"position\":1,\"name\":\"Accueil\",\"item\":\"https:\\\/\\\/www.webdo.tn\\\/fr\\\/\"},{\"@type\":\"ListItem\",\"position\":2,\"name\":\"Face au pic \u00e9nerg\u00e9tique, la STEG a recours au d\u00e9lestage \u00e9lectrique p\u00e9riodique\"}]},{\"@type\":\"WebSite\",\"@id\":\"https:\\\/\\\/www.webdo.tn\\\/fr\\\/#website\",\"url\":\"https:\\\/\\\/www.webdo.tn\\\/fr\\\/\",\"name\":\"webdo\",\"description\":\"Tunisie - News en Tunisie et \u00e0 l&#039;international sur Webdo.tn\",\"publisher\":{\"@id\":\"https:\\\/\\\/www.webdo.tn\\\/fr\\\/#organization\"},\"potentialAction\":[{\"@type\":\"SearchAction\",\"target\":{\"@type\":\"EntryPoint\",\"urlTemplate\":\"https:\\\/\\\/www.webdo.tn\\\/fr\\\/?s={search_term_string}\"},\"query-input\":{\"@type\":\"PropertyValueSpecification\",\"valueRequired\":true,\"valueName\":\"search_term_string\"}}],\"inLanguage\":\"fr-FR\"},{\"@type\":\"Organization\",\"@id\":\"https:\\\/\\\/www.webdo.tn\\\/fr\\\/#organization\",\"name\":\"Webdo\",\"alternateName\":\"Webdo.tn\",\"url\":\"https:\\\/\\\/www.webdo.tn\\\/fr\\\/\",\"logo\":{\"@type\":\"ImageObject\",\"inLanguage\":\"fr-FR\",\"@id\":\"https:\\\/\\\/www.webdo.tn\\\/fr\\\/#\\\/schema\\\/logo\\\/image\\\/\",\"url\":\"https:\\\/\\\/www.webdo.tn\\\/fr\\\/wp-content\\\/uploads\\\/2025\\\/06\\\/Webdo-Tunisie_168377.jpg\",\"contentUrl\":\"https:\\\/\\\/www.webdo.tn\\\/fr\\\/wp-content\\\/uploads\\\/2025\\\/06\\\/Webdo-Tunisie_168377.jpg\",\"width\":301,\"height\":301,\"caption\":\"Webdo\"},\"image\":{\"@id\":\"https:\\\/\\\/www.webdo.tn\\\/fr\\\/#\\\/schema\\\/logo\\\/image\\\/\"},\"sameAs\":[\"https:\\\/\\\/www.facebook.com\\\/webdotn\",\"https:\\\/\\\/x.com\\\/webdo_tn\"],\"description\":\"Webdo est un m\u00e9dia num\u00e9rique tunisien fond\u00e9 en 2010, sp\u00e9cialis\u00e9 dans l\u2019actualit\u00e9 nationale et internationale, l\u2019\u00e9conomie, la soci\u00e9t\u00e9 et les analyses politiques. Le site s\u2019adresse \u00e0 un large public francophone et couvre l\u2019information tunisienne en temps r\u00e9el.\",\"email\":\"redac@webdo.tn\",\"legalName\":\"YNJ SARL\",\"foundingDate\":\"2010-09-06\",\"numberOfEmployees\":{\"@type\":\"QuantitativeValue\",\"minValue\":\"11\",\"maxValue\":\"50\"}},{\"@type\":\"Person\",\"@id\":\"https:\\\/\\\/www.webdo.tn\\\/fr\\\/#\\\/schema\\\/person\\\/1f4e491e0907b413d61089e8eb573acc\",\"name\":\"Webdo\",\"image\":{\"@type\":\"ImageObject\",\"inLanguage\":\"fr-FR\",\"@id\":\"https:\\\/\\\/secure.gravatar.com\\\/avatar\\\/de97aeec1bb80978a9dbb127e47dfc88aaacb2f3c29aac907d8d3222e3495d49?s=96&d=mm&r=g\",\"url\":\"https:\\\/\\\/secure.gravatar.com\\\/avatar\\\/de97aeec1bb80978a9dbb127e47dfc88aaacb2f3c29aac907d8d3222e3495d49?s=96&d=mm&r=g\",\"contentUrl\":\"https:\\\/\\\/secure.gravatar.com\\\/avatar\\\/de97aeec1bb80978a9dbb127e47dfc88aaacb2f3c29aac907d8d3222e3495d49?s=96&d=mm&r=g\",\"caption\":\"Webdo\"},\"url\":\"https:\\\/\\\/www.webdo.tn\\\/fr\\\/actualite\\\/author\\\/webdo\\\/\"}]}<\/script>\n<!-- \/ Yoast SEO Premium plugin. -->","yoast_head_json":{"title":"Face au pic \u00e9nerg\u00e9tique, la STEG a recours au d\u00e9lestage \u00e9lectrique p\u00e9riodique","description":"En ces derniers jours de canicule, la Tunisie a enregistr\u00e9, ce jeudi 20 juillet 2023, un 3\u00e8me pic record de consommation d'\u00e9lectricit\u00e9. Une situation qui a cond...","canonical":"https:\/\/www.webdo.tn\/fr\/actualite\/national\/face-au-pic-energetique-la-steg-a-recours-au-delestage-electrique-periodique\/207383\/","og_locale":"fr_FR","og_type":"article","og_title":"Face au pic \u00e9nerg\u00e9tique, la STEG a recours au d\u00e9lestage \u00e9lectrique p\u00e9riodique","og_description":"En ces derniers jours de canicule, la Tunisie a enregistr\u00e9, ce jeudi 20 juillet 2023, un 3\u00e8me pic record de consommation d'\u00e9lectricit\u00e9. Une situation qui a cond...","og_url":"https:\/\/www.webdo.tn\/fr\/actualite\/national\/face-au-pic-energetique-la-steg-a-recours-au-delestage-electrique-periodique\/207383\/","og_site_name":"webdo","article_publisher":"https:\/\/www.facebook.com\/webdotn","article_published_time":"2023-07-20T20:54:00+00:00","og_image":[{"width":750,"height":400,"url":"https:\/\/www.webdo.tn\/fr\/wp-content\/uploads\/2023\/07\/577a751183797f54d68bf4c3c280ce4d.jpg","type":"image\/jpeg"}],"author":"Webdo","twitter_card":"summary_large_image","twitter_creator":"@webdo_tn","twitter_site":"@webdo_tn","twitter_misc":{"\u00c9crit par":"Webdo","Dur\u00e9e de lecture estim\u00e9e":"1 minute"},"schema":{"@context":"https:\/\/schema.org","@graph":[{"@type":"NewsArticle","@id":"https:\/\/www.webdo.tn\/fr\/actualite\/national\/face-au-pic-energetique-la-steg-a-recours-au-delestage-electrique-periodique\/207383\/#article","isPartOf":{"@id":"https:\/\/www.webdo.tn\/fr\/actualite\/national\/face-au-pic-energetique-la-steg-a-recours-au-delestage-electrique-periodique\/207383\/"},"author":{"name":"Webdo","@id":"https:\/\/www.webdo.tn\/fr\/#\/schema\/person\/1f4e491e0907b413d61089e8eb573acc"},"headline":"Face au pic \u00e9nerg\u00e9tique, la STEG a recours au d\u00e9lestage \u00e9lectrique p\u00e9riodique","datePublished":"2023-07-20T20:54:00+00:00","mainEntityOfPage":{"@id":"https:\/\/www.webdo.tn\/fr\/actualite\/national\/face-au-pic-energetique-la-steg-a-recours-au-delestage-electrique-periodique\/207383\/"},"wordCount":205,"commentCount":0,"publisher":{"@id":"https:\/\/www.webdo.tn\/fr\/#organization"},"image":{"@id":"https:\/\/www.webdo.tn\/fr\/actualite\/national\/face-au-pic-energetique-la-steg-a-recours-au-delestage-electrique-periodique\/207383\/#primaryimage"},"thumbnailUrl":"https:\/\/www.webdo.tn\/fr\/wp-content\/uploads\/2023\/07\/577a751183797f54d68bf4c3c280ce4d.jpg","keywords":["consommation","\u00e9lectricit\u00e9","Pic","steg","Tunisie"],"articleSection":["National"],"inLanguage":"fr-FR"},{"@type":"WebPage","@id":"https:\/\/www.webdo.tn\/fr\/actualite\/national\/face-au-pic-energetique-la-steg-a-recours-au-delestage-electrique-periodique\/207383\/","url":"https:\/\/www.webdo.tn\/fr\/actualite\/national\/face-au-pic-energetique-la-steg-a-recours-au-delestage-electrique-periodique\/207383\/","name":"Face au pic \u00e9nerg\u00e9tique, la STEG a recours au d\u00e9lestage \u00e9lectrique p\u00e9riodique","isPartOf":{"@id":"https:\/\/www.webdo.tn\/fr\/#website"},"primaryImageOfPage":{"@id":"https:\/\/www.webdo.tn\/fr\/actualite\/national\/face-au-pic-energetique-la-steg-a-recours-au-delestage-electrique-periodique\/207383\/#primaryimage"},"image":{"@id":"https:\/\/www.webdo.tn\/fr\/actualite\/national\/face-au-pic-energetique-la-steg-a-recours-au-delestage-electrique-periodique\/207383\/#primaryimage"},"thumbnailUrl":"https:\/\/www.webdo.tn\/fr\/wp-content\/uploads\/2023\/07\/577a751183797f54d68bf4c3c280ce4d.jpg","datePublished":"2023-07-20T20:54:00+00:00","description":"En ces derniers jours de canicule, la Tunisie a enregistr\u00e9, ce jeudi 20 juillet 2023, un 3\u00e8me pic record de consommation d'\u00e9lectricit\u00e9. Une situation qui a cond...","breadcrumb":{"@id":"https:\/\/www.webdo.tn\/fr\/actualite\/national\/face-au-pic-energetique-la-steg-a-recours-au-delestage-electrique-periodique\/207383\/#breadcrumb"},"inLanguage":"fr-FR","potentialAction":[{"@type":"ReadAction","target":["https:\/\/www.webdo.tn\/fr\/actualite\/national\/face-au-pic-energetique-la-steg-a-recours-au-delestage-electrique-periodique\/207383\/"]}]},{"@type":"ImageObject","inLanguage":"fr-FR","@id":"https:\/\/www.webdo.tn\/fr\/actualite\/national\/face-au-pic-energetique-la-steg-a-recours-au-delestage-electrique-periodique\/207383\/#primaryimage","url":"https:\/\/www.webdo.tn\/fr\/wp-content\/uploads\/2023\/07\/577a751183797f54d68bf4c3c280ce4d.jpg","contentUrl":"https:\/\/www.webdo.tn\/fr\/wp-content\/uploads\/2023\/07\/577a751183797f54d68bf4c3c280ce4d.jpg","width":750,"height":400,"caption":"Face au pic \u00e9nerg\u00e9tique, la STEG a recours au d\u00e9lestage \u00e9lectrique p\u00e9riodique"},{"@type":"BreadcrumbList","@id":"https:\/\/www.webdo.tn\/fr\/actualite\/national\/face-au-pic-energetique-la-steg-a-recours-au-delestage-electrique-periodique\/207383\/#breadcrumb","itemListElement":[{"@type":"ListItem","position":1,"name":"Accueil","item":"https:\/\/www.webdo.tn\/fr\/"},{"@type":"ListItem","position":2,"name":"Face au pic \u00e9nerg\u00e9tique, la STEG a recours au d\u00e9lestage \u00e9lectrique p\u00e9riodique"}]},{"@type":"WebSite","@id":"https:\/\/www.webdo.tn\/fr\/#website","url":"https:\/\/www.webdo.tn\/fr\/","name":"webdo","description":"Tunisie - News en Tunisie et \u00e0 l&#039;international sur Webdo.tn","publisher":{"@id":"https:\/\/www.webdo.tn\/fr\/#organization"},"potentialAction":[{"@type":"SearchAction","target":{"@type":"EntryPoint","urlTemplate":"https:\/\/www.webdo.tn\/fr\/?s={search_term_string}"},"query-input":{"@type":"PropertyValueSpecification","valueRequired":true,"valueName":"search_term_string"}}],"inLanguage":"fr-FR"},{"@type":"Organization","@id":"https:\/\/www.webdo.tn\/fr\/#organization","name":"Webdo","alternateName":"Webdo.tn","url":"https:\/\/www.webdo.tn\/fr\/","logo":{"@type":"ImageObject","inLanguage":"fr-FR","@id":"https:\/\/www.webdo.tn\/fr\/#\/schema\/logo\/image\/","url":"https:\/\/www.webdo.tn\/fr\/wp-content\/uploads\/2025\/06\/Webdo-Tunisie_168377.jpg","contentUrl":"https:\/\/www.webdo.tn\/fr\/wp-content\/uploads\/2025\/06\/Webdo-Tunisie_168377.jpg","width":301,"height":301,"caption":"Webdo"},"image":{"@id":"https:\/\/www.webdo.tn\/fr\/#\/schema\/logo\/image\/"},"sameAs":["https:\/\/www.facebook.com\/webdotn","https:\/\/x.com\/webdo_tn"],"description":"Webdo est un m\u00e9dia num\u00e9rique tunisien fond\u00e9 en 2010, sp\u00e9cialis\u00e9 dans l\u2019actualit\u00e9 nationale et internationale, l\u2019\u00e9conomie, la soci\u00e9t\u00e9 et les analyses politiques. Le site s\u2019adresse \u00e0 un large public francophone et couvre l\u2019information tunisienne en temps r\u00e9el.","email":"redac@webdo.tn","legalName":"YNJ SARL","foundingDate":"2010-09-06","numberOfEmployees":{"@type":"QuantitativeValue","minValue":"11","maxValue":"50"}},{"@type":"Person","@id":"https:\/\/www.webdo.tn\/fr\/#\/schema\/person\/1f4e491e0907b413d61089e8eb573acc","name":"Webdo","image":{"@type":"ImageObject","inLanguage":"fr-FR","@id":"https:\/\/secure.gravatar.com\/avatar\/de97aeec1bb80978a9dbb127e47dfc88aaacb2f3c29aac907d8d3222e3495d49?s=96&d=mm&r=g","url":"https:\/\/secure.gravatar.com\/avatar\/de97aeec1bb80978a9dbb127e47dfc88aaacb2f3c29aac907d8d3222e3495d49?s=96&d=mm&r=g","contentUrl":"https:\/\/secure.gravatar.com\/avatar\/de97aeec1bb80978a9dbb127e47dfc88aaacb2f3c29aac907d8d3222e3495d49?s=96&d=mm&r=g","caption":"Webdo"},"url":"https:\/\/www.webdo.tn\/fr\/actualite\/author\/webdo\/"}]}},"_links":{"self":[{"href":"https:\/\/www.webdo.tn\/fr\/wp-json\/wp\/v2\/posts\/207383","targetHints":{"allow":["GET"]}}],"collection":[{"href":"https:\/\/www.webdo.tn\/fr\/wp-json\/wp\/v2\/posts"}],"about":[{"href":"https:\/\/www.webdo.tn\/fr\/wp-json\/wp\/v2\/types\/post"}],"author":[{"embeddable":true,"href":"https:\/\/www.webdo.tn\/fr\/wp-json\/wp\/v2\/users\/3169"}],"replies":[{"embeddable":true,"href":"https:\/\/www.webdo.tn\/fr\/wp-json\/wp\/v2\/comments?post=207383"}],"version-history":[{"count":0,"href":"https:\/\/www.webdo.tn\/fr\/wp-json\/wp\/v2\/posts\/207383\/revisions"}],"wp:featuredmedia":[{"embeddable":true,"href":"https:\/\/www.webdo.tn\/fr\/wp-json\/wp\/v2\/media\/249732"}],"wp:attachment":[{"href":"https:\/\/www.webdo.tn\/fr\/wp-json\/wp\/v2\/media?parent=207383"}],"wp:term":[{"taxonomy":"category","embeddable":true,"href":"https:\/\/www.webdo.tn\/fr\/wp-json\/wp\/v2\/categories?post=207383"},{"taxonomy":"post_tag","embeddable":true,"href":"https:\/\/www.webdo.tn\/fr\/wp-json\/wp\/v2\/tags?post=207383"}],"curies":[{"name":"wp","href":"https:\/\/api.w.org\/{rel}","templated":true}]}}