{"id":207368,"date":"2023-07-20T08:06:00","date_gmt":"2023-07-20T08:06:00","guid":{"rendered":"https:\/\/www.webdo.tn\/fr\/blog\/les-algeriens-appeles-a-eviter-de-voyager-en-tunisie-en-raison-des-incendies\/207368\/"},"modified":"2025-05-20T22:42:19","modified_gmt":"2025-05-20T22:42:19","slug":"les-algeriens-appeles-a-eviter-de-voyager-en-tunisie-en-raison-des-incendies","status":"publish","type":"post","link":"https:\/\/www.webdo.tn\/fr\/actualite\/national\/les-algeriens-appeles-a-eviter-de-voyager-en-tunisie-en-raison-des-incendies\/207368\/","title":{"rendered":"Les Alg\u00e9riens appel\u00e9s \u00e0 \u00e9viter de voyager en Tunisie en raison des incendies"},"content":{"rendered":"<p>Les autorit\u00e9s locales \u00e0 Taref, un gouvernorat alg\u00e9rien, ont appel\u00e9 les citoyens alg\u00e9riens \u00e0 \u00e9viter tout d\u00e9placement en Tunisie en raison des incendies \u00e0 Meloula, dans le gouvernorat de Jendouba.<\/p>\n<p>\t\t\t\t\t\t\t\t\tEn effet la Wilaya de Taref a adress\u00e9, via un communiqu\u00e9, un message aux citoyens pour les convaincre de ne pas se rendre en Tunisie en ces circonstances.\u00a0<\/p>\n<p>Selon la meme source, des mesures exceptionnelles ont \u00e9t\u00e9 prises au niveau du passage fronti\u00e8re de Om Tboul, o\u00f9 plusieurs unit\u00e9s de la protection civile ont \u00e9t\u00e9 install\u00e9es.\u00a0<\/p>\n<p>Au moins deux incendies ravagent, depuis deux jours, la for\u00eat de Maaloula \u00e0 Tabarka. Des efforts ont \u00e9t\u00e9 d\u00e9ploy\u00e9s par la Protection civile, qui a fait appel \u00e0 des camions citernes et des bulldozers afin de maitriser les feux, malgr\u00e9 la difficult\u00e9 d&rsquo;acc\u00e9der aux deux zones des deux feux.<\/p>\n<p>Une dizaine de familles ont \u00e9t\u00e9 \u00e9vacu\u00e9es par les unit\u00e9s de la protection civile, alors que le r\u00e9seau \u00e9lectrique a \u00e9t\u00e9 consid\u00e9rablement endommag\u00e9.<\/p>\n","protected":false},"excerpt":{"rendered":"<p>Les autorit\u00e9s locales \u00e0 Taref, un gouvernorat alg\u00e9rien, ont appel\u00e9 les citoyens alg\u00e9riens \u00e0 \u00e9viter tout d\u00e9placement en Tunisie en raison des incendies \u00e0 Meloula&#8230;<\/p>\n","protected":false},"author":3175,"featured_media":249726,"comment_status":"open","ping_status":"closed","sticky":false,"template":"","format":"standard","meta":{"footnotes":""},"categories":[44],"tags":[2907,8021,2608],"class_list":["post-207368","post","type-post","status-publish","format-standard","has-post-thumbnail","hentry","category-national","tag-algerie","tag-incendies","tag-tunisie"],"yoast_head":"<!-- This site is optimized with the Yoast SEO Premium plugin v27.5 (Yoast SEO v27.5) - https:\/\/yoast.com\/product\/yoast-seo-premium-wordpress\/ -->\n<title>Les Alg\u00e9riens appel\u00e9s \u00e0 \u00e9viter de voyager en Tunisie en raison des incendies<\/title>\n<meta name=\"description\" content=\"Les autorit\u00e9s locales \u00e0 Taref, un gouvernorat alg\u00e9rien, ont appel\u00e9 les citoyens alg\u00e9riens \u00e0 \u00e9viter tout d\u00e9placement en Tunisie en raison des incendies \u00e0 Meloula...\" \/>\n<link rel=\"canonical\" href=\"https:\/\/www.webdo.tn\/fr\/actualite\/national\/les-algeriens-appeles-a-eviter-de-voyager-en-tunisie-en-raison-des-incendies\/207368\/\" \/>\n<meta property=\"og:locale\" content=\"fr_FR\" \/>\n<meta property=\"og:type\" content=\"article\" \/>\n<meta property=\"og:title\" content=\"Les Alg\u00e9riens appel\u00e9s \u00e0 \u00e9viter de voyager en Tunisie en raison des incendies\" \/>\n<meta property=\"og:description\" content=\"Les autorit\u00e9s locales \u00e0 Taref, un gouvernorat alg\u00e9rien, ont appel\u00e9 les citoyens alg\u00e9riens \u00e0 \u00e9viter tout d\u00e9placement en Tunisie en raison des incendies \u00e0 Meloula...\" \/>\n<meta property=\"og:url\" content=\"https:\/\/www.webdo.tn\/fr\/actualite\/national\/les-algeriens-appeles-a-eviter-de-voyager-en-tunisie-en-raison-des-incendies\/207368\/\" \/>\n<meta property=\"og:site_name\" content=\"webdo\" \/>\n<meta property=\"article:publisher\" content=\"https:\/\/www.facebook.com\/webdotn\" \/>\n<meta property=\"article:published_time\" content=\"2023-07-20T08:06:00+00:00\" \/>\n<meta property=\"article:modified_time\" content=\"2025-05-20T22:42:19+00:00\" \/>\n<meta property=\"og:image\" content=\"https:\/\/www.webdo.tn\/fr\/wp-content\/uploads\/2023\/07\/f5c37d8a0f4427b5d707df3796db398d.jpg\" \/>\n\t<meta property=\"og:image:width\" content=\"720\" \/>\n\t<meta property=\"og:image:height\" content=\"384\" \/>\n\t<meta property=\"og:image:type\" content=\"image\/jpeg\" \/>\n<meta name=\"author\" content=\"CL\" \/>\n<meta name=\"twitter:card\" content=\"summary_large_image\" \/>\n<meta name=\"twitter:creator\" content=\"@webdo_tn\" \/>\n<meta name=\"twitter:site\" content=\"@webdo_tn\" \/>\n<meta name=\"twitter:label1\" content=\"\u00c9crit par\" \/>\n\t<meta name=\"twitter:data1\" content=\"CL\" \/>\n\t<meta name=\"twitter:label2\" content=\"Dur\u00e9e de lecture estim\u00e9e\" \/>\n\t<meta name=\"twitter:data2\" content=\"1 minute\" \/>\n<script type=\"application\/ld+json\" class=\"yoast-schema-graph\">{\"@context\":\"https:\\\/\\\/schema.org\",\"@graph\":[{\"@type\":\"NewsArticle\",\"@id\":\"https:\\\/\\\/www.webdo.tn\\\/fr\\\/actualite\\\/national\\\/les-algeriens-appeles-a-eviter-de-voyager-en-tunisie-en-raison-des-incendies\\\/207368\\\/#article\",\"isPartOf\":{\"@id\":\"https:\\\/\\\/www.webdo.tn\\\/fr\\\/actualite\\\/national\\\/les-algeriens-appeles-a-eviter-de-voyager-en-tunisie-en-raison-des-incendies\\\/207368\\\/\"},\"author\":{\"name\":\"CL\",\"@id\":\"https:\\\/\\\/www.webdo.tn\\\/fr\\\/#\\\/schema\\\/person\\\/f35b42a42c5e2511bbd282959d6385cc\"},\"headline\":\"Les Alg\u00e9riens appel\u00e9s \u00e0 \u00e9viter de voyager en Tunisie en raison des incendies\",\"datePublished\":\"2023-07-20T08:06:00+00:00\",\"dateModified\":\"2025-05-20T22:42:19+00:00\",\"mainEntityOfPage\":{\"@id\":\"https:\\\/\\\/www.webdo.tn\\\/fr\\\/actualite\\\/national\\\/les-algeriens-appeles-a-eviter-de-voyager-en-tunisie-en-raison-des-incendies\\\/207368\\\/\"},\"wordCount\":183,\"commentCount\":0,\"publisher\":{\"@id\":\"https:\\\/\\\/www.webdo.tn\\\/fr\\\/#organization\"},\"image\":{\"@id\":\"https:\\\/\\\/www.webdo.tn\\\/fr\\\/actualite\\\/national\\\/les-algeriens-appeles-a-eviter-de-voyager-en-tunisie-en-raison-des-incendies\\\/207368\\\/#primaryimage\"},\"thumbnailUrl\":\"https:\\\/\\\/www.webdo.tn\\\/fr\\\/wp-content\\\/uploads\\\/2023\\\/07\\\/f5c37d8a0f4427b5d707df3796db398d.jpg\",\"keywords\":[\"Alg\u00e9rie\",\"Incendies\",\"Tunisie\"],\"articleSection\":[\"National\"],\"inLanguage\":\"fr-FR\"},{\"@type\":\"WebPage\",\"@id\":\"https:\\\/\\\/www.webdo.tn\\\/fr\\\/actualite\\\/national\\\/les-algeriens-appeles-a-eviter-de-voyager-en-tunisie-en-raison-des-incendies\\\/207368\\\/\",\"url\":\"https:\\\/\\\/www.webdo.tn\\\/fr\\\/actualite\\\/national\\\/les-algeriens-appeles-a-eviter-de-voyager-en-tunisie-en-raison-des-incendies\\\/207368\\\/\",\"name\":\"Les Alg\u00e9riens appel\u00e9s \u00e0 \u00e9viter de voyager en Tunisie en raison des incendies\",\"isPartOf\":{\"@id\":\"https:\\\/\\\/www.webdo.tn\\\/fr\\\/#website\"},\"primaryImageOfPage\":{\"@id\":\"https:\\\/\\\/www.webdo.tn\\\/fr\\\/actualite\\\/national\\\/les-algeriens-appeles-a-eviter-de-voyager-en-tunisie-en-raison-des-incendies\\\/207368\\\/#primaryimage\"},\"image\":{\"@id\":\"https:\\\/\\\/www.webdo.tn\\\/fr\\\/actualite\\\/national\\\/les-algeriens-appeles-a-eviter-de-voyager-en-tunisie-en-raison-des-incendies\\\/207368\\\/#primaryimage\"},\"thumbnailUrl\":\"https:\\\/\\\/www.webdo.tn\\\/fr\\\/wp-content\\\/uploads\\\/2023\\\/07\\\/f5c37d8a0f4427b5d707df3796db398d.jpg\",\"datePublished\":\"2023-07-20T08:06:00+00:00\",\"dateModified\":\"2025-05-20T22:42:19+00:00\",\"description\":\"Les autorit\u00e9s locales \u00e0 Taref, un gouvernorat alg\u00e9rien, ont appel\u00e9 les citoyens alg\u00e9riens \u00e0 \u00e9viter tout d\u00e9placement en Tunisie en raison des incendies \u00e0 Meloula...\",\"breadcrumb\":{\"@id\":\"https:\\\/\\\/www.webdo.tn\\\/fr\\\/actualite\\\/national\\\/les-algeriens-appeles-a-eviter-de-voyager-en-tunisie-en-raison-des-incendies\\\/207368\\\/#breadcrumb\"},\"inLanguage\":\"fr-FR\",\"potentialAction\":[{\"@type\":\"ReadAction\",\"target\":[\"https:\\\/\\\/www.webdo.tn\\\/fr\\\/actualite\\\/national\\\/les-algeriens-appeles-a-eviter-de-voyager-en-tunisie-en-raison-des-incendies\\\/207368\\\/\"]}]},{\"@type\":\"ImageObject\",\"inLanguage\":\"fr-FR\",\"@id\":\"https:\\\/\\\/www.webdo.tn\\\/fr\\\/actualite\\\/national\\\/les-algeriens-appeles-a-eviter-de-voyager-en-tunisie-en-raison-des-incendies\\\/207368\\\/#primaryimage\",\"url\":\"https:\\\/\\\/www.webdo.tn\\\/fr\\\/wp-content\\\/uploads\\\/2023\\\/07\\\/f5c37d8a0f4427b5d707df3796db398d.jpg\",\"contentUrl\":\"https:\\\/\\\/www.webdo.tn\\\/fr\\\/wp-content\\\/uploads\\\/2023\\\/07\\\/f5c37d8a0f4427b5d707df3796db398d.jpg\",\"width\":720,\"height\":384,\"caption\":\"Les Alg\u00e9riens appel\u00e9s \u00e0 \u00e9viter de voyager en Tunisie en raison des incendies\"},{\"@type\":\"BreadcrumbList\",\"@id\":\"https:\\\/\\\/www.webdo.tn\\\/fr\\\/actualite\\\/national\\\/les-algeriens-appeles-a-eviter-de-voyager-en-tunisie-en-raison-des-incendies\\\/207368\\\/#breadcrumb\",\"itemListElement\":[{\"@type\":\"ListItem\",\"position\":1,\"name\":\"Accueil\",\"item\":\"https:\\\/\\\/www.webdo.tn\\\/fr\\\/\"},{\"@type\":\"ListItem\",\"position\":2,\"name\":\"Les Alg\u00e9riens appel\u00e9s \u00e0 \u00e9viter de voyager en Tunisie en raison des incendies\"}]},{\"@type\":\"WebSite\",\"@id\":\"https:\\\/\\\/www.webdo.tn\\\/fr\\\/#website\",\"url\":\"https:\\\/\\\/www.webdo.tn\\\/fr\\\/\",\"name\":\"webdo\",\"description\":\"Tunisie - News en Tunisie et \u00e0 l&#039;international sur Webdo.tn\",\"publisher\":{\"@id\":\"https:\\\/\\\/www.webdo.tn\\\/fr\\\/#organization\"},\"potentialAction\":[{\"@type\":\"SearchAction\",\"target\":{\"@type\":\"EntryPoint\",\"urlTemplate\":\"https:\\\/\\\/www.webdo.tn\\\/fr\\\/?s={search_term_string}\"},\"query-input\":{\"@type\":\"PropertyValueSpecification\",\"valueRequired\":true,\"valueName\":\"search_term_string\"}}],\"inLanguage\":\"fr-FR\"},{\"@type\":\"Organization\",\"@id\":\"https:\\\/\\\/www.webdo.tn\\\/fr\\\/#organization\",\"name\":\"Webdo\",\"alternateName\":\"Webdo.tn\",\"url\":\"https:\\\/\\\/www.webdo.tn\\\/fr\\\/\",\"logo\":{\"@type\":\"ImageObject\",\"inLanguage\":\"fr-FR\",\"@id\":\"https:\\\/\\\/www.webdo.tn\\\/fr\\\/#\\\/schema\\\/logo\\\/image\\\/\",\"url\":\"https:\\\/\\\/www.webdo.tn\\\/fr\\\/wp-content\\\/uploads\\\/2025\\\/06\\\/Webdo-Tunisie_168377.jpg\",\"contentUrl\":\"https:\\\/\\\/www.webdo.tn\\\/fr\\\/wp-content\\\/uploads\\\/2025\\\/06\\\/Webdo-Tunisie_168377.jpg\",\"width\":301,\"height\":301,\"caption\":\"Webdo\"},\"image\":{\"@id\":\"https:\\\/\\\/www.webdo.tn\\\/fr\\\/#\\\/schema\\\/logo\\\/image\\\/\"},\"sameAs\":[\"https:\\\/\\\/www.facebook.com\\\/webdotn\",\"https:\\\/\\\/x.com\\\/webdo_tn\"],\"description\":\"Webdo est un m\u00e9dia num\u00e9rique tunisien fond\u00e9 en 2010, sp\u00e9cialis\u00e9 dans l\u2019actualit\u00e9 nationale et internationale, l\u2019\u00e9conomie, la soci\u00e9t\u00e9 et les analyses politiques. Le site s\u2019adresse \u00e0 un large public francophone et couvre l\u2019information tunisienne en temps r\u00e9el.\",\"email\":\"redac@webdo.tn\",\"legalName\":\"YNJ SARL\",\"foundingDate\":\"2010-09-06\",\"numberOfEmployees\":{\"@type\":\"QuantitativeValue\",\"minValue\":\"11\",\"maxValue\":\"50\"}},{\"@type\":\"Person\",\"@id\":\"https:\\\/\\\/www.webdo.tn\\\/fr\\\/#\\\/schema\\\/person\\\/f35b42a42c5e2511bbd282959d6385cc\",\"name\":\"CL\",\"image\":{\"@type\":\"ImageObject\",\"inLanguage\":\"fr-FR\",\"@id\":\"https:\\\/\\\/secure.gravatar.com\\\/avatar\\\/1447a49909b67aa657c488aec6512e1dd6143a480c1ecfee9b5b5cd74eb3b59e?s=96&d=mm&r=g\",\"url\":\"https:\\\/\\\/secure.gravatar.com\\\/avatar\\\/1447a49909b67aa657c488aec6512e1dd6143a480c1ecfee9b5b5cd74eb3b59e?s=96&d=mm&r=g\",\"contentUrl\":\"https:\\\/\\\/secure.gravatar.com\\\/avatar\\\/1447a49909b67aa657c488aec6512e1dd6143a480c1ecfee9b5b5cd74eb3b59e?s=96&d=mm&r=g\",\"caption\":\"CL\"},\"url\":\"https:\\\/\\\/www.webdo.tn\\\/fr\\\/actualite\\\/author\\\/cl\\\/\"}]}<\/script>\n<!-- \/ Yoast SEO Premium plugin. -->","yoast_head_json":{"title":"Les Alg\u00e9riens appel\u00e9s \u00e0 \u00e9viter de voyager en Tunisie en raison des incendies","description":"Les autorit\u00e9s locales \u00e0 Taref, un gouvernorat alg\u00e9rien, ont appel\u00e9 les citoyens alg\u00e9riens \u00e0 \u00e9viter tout d\u00e9placement en Tunisie en raison des incendies \u00e0 Meloula...","canonical":"https:\/\/www.webdo.tn\/fr\/actualite\/national\/les-algeriens-appeles-a-eviter-de-voyager-en-tunisie-en-raison-des-incendies\/207368\/","og_locale":"fr_FR","og_type":"article","og_title":"Les Alg\u00e9riens appel\u00e9s \u00e0 \u00e9viter de voyager en Tunisie en raison des incendies","og_description":"Les autorit\u00e9s locales \u00e0 Taref, un gouvernorat alg\u00e9rien, ont appel\u00e9 les citoyens alg\u00e9riens \u00e0 \u00e9viter tout d\u00e9placement en Tunisie en raison des incendies \u00e0 Meloula...","og_url":"https:\/\/www.webdo.tn\/fr\/actualite\/national\/les-algeriens-appeles-a-eviter-de-voyager-en-tunisie-en-raison-des-incendies\/207368\/","og_site_name":"webdo","article_publisher":"https:\/\/www.facebook.com\/webdotn","article_published_time":"2023-07-20T08:06:00+00:00","article_modified_time":"2025-05-20T22:42:19+00:00","og_image":[{"width":720,"height":384,"url":"https:\/\/www.webdo.tn\/fr\/wp-content\/uploads\/2023\/07\/f5c37d8a0f4427b5d707df3796db398d.jpg","type":"image\/jpeg"}],"author":"CL","twitter_card":"summary_large_image","twitter_creator":"@webdo_tn","twitter_site":"@webdo_tn","twitter_misc":{"\u00c9crit par":"CL","Dur\u00e9e de lecture estim\u00e9e":"1 minute"},"schema":{"@context":"https:\/\/schema.org","@graph":[{"@type":"NewsArticle","@id":"https:\/\/www.webdo.tn\/fr\/actualite\/national\/les-algeriens-appeles-a-eviter-de-voyager-en-tunisie-en-raison-des-incendies\/207368\/#article","isPartOf":{"@id":"https:\/\/www.webdo.tn\/fr\/actualite\/national\/les-algeriens-appeles-a-eviter-de-voyager-en-tunisie-en-raison-des-incendies\/207368\/"},"author":{"name":"CL","@id":"https:\/\/www.webdo.tn\/fr\/#\/schema\/person\/f35b42a42c5e2511bbd282959d6385cc"},"headline":"Les Alg\u00e9riens appel\u00e9s \u00e0 \u00e9viter de voyager en Tunisie en raison des incendies","datePublished":"2023-07-20T08:06:00+00:00","dateModified":"2025-05-20T22:42:19+00:00","mainEntityOfPage":{"@id":"https:\/\/www.webdo.tn\/fr\/actualite\/national\/les-algeriens-appeles-a-eviter-de-voyager-en-tunisie-en-raison-des-incendies\/207368\/"},"wordCount":183,"commentCount":0,"publisher":{"@id":"https:\/\/www.webdo.tn\/fr\/#organization"},"image":{"@id":"https:\/\/www.webdo.tn\/fr\/actualite\/national\/les-algeriens-appeles-a-eviter-de-voyager-en-tunisie-en-raison-des-incendies\/207368\/#primaryimage"},"thumbnailUrl":"https:\/\/www.webdo.tn\/fr\/wp-content\/uploads\/2023\/07\/f5c37d8a0f4427b5d707df3796db398d.jpg","keywords":["Alg\u00e9rie","Incendies","Tunisie"],"articleSection":["National"],"inLanguage":"fr-FR"},{"@type":"WebPage","@id":"https:\/\/www.webdo.tn\/fr\/actualite\/national\/les-algeriens-appeles-a-eviter-de-voyager-en-tunisie-en-raison-des-incendies\/207368\/","url":"https:\/\/www.webdo.tn\/fr\/actualite\/national\/les-algeriens-appeles-a-eviter-de-voyager-en-tunisie-en-raison-des-incendies\/207368\/","name":"Les Alg\u00e9riens appel\u00e9s \u00e0 \u00e9viter de voyager en Tunisie en raison des incendies","isPartOf":{"@id":"https:\/\/www.webdo.tn\/fr\/#website"},"primaryImageOfPage":{"@id":"https:\/\/www.webdo.tn\/fr\/actualite\/national\/les-algeriens-appeles-a-eviter-de-voyager-en-tunisie-en-raison-des-incendies\/207368\/#primaryimage"},"image":{"@id":"https:\/\/www.webdo.tn\/fr\/actualite\/national\/les-algeriens-appeles-a-eviter-de-voyager-en-tunisie-en-raison-des-incendies\/207368\/#primaryimage"},"thumbnailUrl":"https:\/\/www.webdo.tn\/fr\/wp-content\/uploads\/2023\/07\/f5c37d8a0f4427b5d707df3796db398d.jpg","datePublished":"2023-07-20T08:06:00+00:00","dateModified":"2025-05-20T22:42:19+00:00","description":"Les autorit\u00e9s locales \u00e0 Taref, un gouvernorat alg\u00e9rien, ont appel\u00e9 les citoyens alg\u00e9riens \u00e0 \u00e9viter tout d\u00e9placement en Tunisie en raison des incendies \u00e0 Meloula...","breadcrumb":{"@id":"https:\/\/www.webdo.tn\/fr\/actualite\/national\/les-algeriens-appeles-a-eviter-de-voyager-en-tunisie-en-raison-des-incendies\/207368\/#breadcrumb"},"inLanguage":"fr-FR","potentialAction":[{"@type":"ReadAction","target":["https:\/\/www.webdo.tn\/fr\/actualite\/national\/les-algeriens-appeles-a-eviter-de-voyager-en-tunisie-en-raison-des-incendies\/207368\/"]}]},{"@type":"ImageObject","inLanguage":"fr-FR","@id":"https:\/\/www.webdo.tn\/fr\/actualite\/national\/les-algeriens-appeles-a-eviter-de-voyager-en-tunisie-en-raison-des-incendies\/207368\/#primaryimage","url":"https:\/\/www.webdo.tn\/fr\/wp-content\/uploads\/2023\/07\/f5c37d8a0f4427b5d707df3796db398d.jpg","contentUrl":"https:\/\/www.webdo.tn\/fr\/wp-content\/uploads\/2023\/07\/f5c37d8a0f4427b5d707df3796db398d.jpg","width":720,"height":384,"caption":"Les Alg\u00e9riens appel\u00e9s \u00e0 \u00e9viter de voyager en Tunisie en raison des incendies"},{"@type":"BreadcrumbList","@id":"https:\/\/www.webdo.tn\/fr\/actualite\/national\/les-algeriens-appeles-a-eviter-de-voyager-en-tunisie-en-raison-des-incendies\/207368\/#breadcrumb","itemListElement":[{"@type":"ListItem","position":1,"name":"Accueil","item":"https:\/\/www.webdo.tn\/fr\/"},{"@type":"ListItem","position":2,"name":"Les Alg\u00e9riens appel\u00e9s \u00e0 \u00e9viter de voyager en Tunisie en raison des incendies"}]},{"@type":"WebSite","@id":"https:\/\/www.webdo.tn\/fr\/#website","url":"https:\/\/www.webdo.tn\/fr\/","name":"webdo","description":"Tunisie - News en Tunisie et \u00e0 l&#039;international sur Webdo.tn","publisher":{"@id":"https:\/\/www.webdo.tn\/fr\/#organization"},"potentialAction":[{"@type":"SearchAction","target":{"@type":"EntryPoint","urlTemplate":"https:\/\/www.webdo.tn\/fr\/?s={search_term_string}"},"query-input":{"@type":"PropertyValueSpecification","valueRequired":true,"valueName":"search_term_string"}}],"inLanguage":"fr-FR"},{"@type":"Organization","@id":"https:\/\/www.webdo.tn\/fr\/#organization","name":"Webdo","alternateName":"Webdo.tn","url":"https:\/\/www.webdo.tn\/fr\/","logo":{"@type":"ImageObject","inLanguage":"fr-FR","@id":"https:\/\/www.webdo.tn\/fr\/#\/schema\/logo\/image\/","url":"https:\/\/www.webdo.tn\/fr\/wp-content\/uploads\/2025\/06\/Webdo-Tunisie_168377.jpg","contentUrl":"https:\/\/www.webdo.tn\/fr\/wp-content\/uploads\/2025\/06\/Webdo-Tunisie_168377.jpg","width":301,"height":301,"caption":"Webdo"},"image":{"@id":"https:\/\/www.webdo.tn\/fr\/#\/schema\/logo\/image\/"},"sameAs":["https:\/\/www.facebook.com\/webdotn","https:\/\/x.com\/webdo_tn"],"description":"Webdo est un m\u00e9dia num\u00e9rique tunisien fond\u00e9 en 2010, sp\u00e9cialis\u00e9 dans l\u2019actualit\u00e9 nationale et internationale, l\u2019\u00e9conomie, la soci\u00e9t\u00e9 et les analyses politiques. Le site s\u2019adresse \u00e0 un large public francophone et couvre l\u2019information tunisienne en temps r\u00e9el.","email":"redac@webdo.tn","legalName":"YNJ SARL","foundingDate":"2010-09-06","numberOfEmployees":{"@type":"QuantitativeValue","minValue":"11","maxValue":"50"}},{"@type":"Person","@id":"https:\/\/www.webdo.tn\/fr\/#\/schema\/person\/f35b42a42c5e2511bbd282959d6385cc","name":"CL","image":{"@type":"ImageObject","inLanguage":"fr-FR","@id":"https:\/\/secure.gravatar.com\/avatar\/1447a49909b67aa657c488aec6512e1dd6143a480c1ecfee9b5b5cd74eb3b59e?s=96&d=mm&r=g","url":"https:\/\/secure.gravatar.com\/avatar\/1447a49909b67aa657c488aec6512e1dd6143a480c1ecfee9b5b5cd74eb3b59e?s=96&d=mm&r=g","contentUrl":"https:\/\/secure.gravatar.com\/avatar\/1447a49909b67aa657c488aec6512e1dd6143a480c1ecfee9b5b5cd74eb3b59e?s=96&d=mm&r=g","caption":"CL"},"url":"https:\/\/www.webdo.tn\/fr\/actualite\/author\/cl\/"}]}},"_links":{"self":[{"href":"https:\/\/www.webdo.tn\/fr\/wp-json\/wp\/v2\/posts\/207368","targetHints":{"allow":["GET"]}}],"collection":[{"href":"https:\/\/www.webdo.tn\/fr\/wp-json\/wp\/v2\/posts"}],"about":[{"href":"https:\/\/www.webdo.tn\/fr\/wp-json\/wp\/v2\/types\/post"}],"author":[{"embeddable":true,"href":"https:\/\/www.webdo.tn\/fr\/wp-json\/wp\/v2\/users\/3175"}],"replies":[{"embeddable":true,"href":"https:\/\/www.webdo.tn\/fr\/wp-json\/wp\/v2\/comments?post=207368"}],"version-history":[{"count":0,"href":"https:\/\/www.webdo.tn\/fr\/wp-json\/wp\/v2\/posts\/207368\/revisions"}],"wp:featuredmedia":[{"embeddable":true,"href":"https:\/\/www.webdo.tn\/fr\/wp-json\/wp\/v2\/media\/249726"}],"wp:attachment":[{"href":"https:\/\/www.webdo.tn\/fr\/wp-json\/wp\/v2\/media?parent=207368"}],"wp:term":[{"taxonomy":"category","embeddable":true,"href":"https:\/\/www.webdo.tn\/fr\/wp-json\/wp\/v2\/categories?post=207368"},{"taxonomy":"post_tag","embeddable":true,"href":"https:\/\/www.webdo.tn\/fr\/wp-json\/wp\/v2\/tags?post=207368"}],"curies":[{"name":"wp","href":"https:\/\/api.w.org\/{rel}","templated":true}]}}