{"id":207350,"date":"2023-07-19T10:44:00","date_gmt":"2023-07-19T10:44:00","guid":{"rendered":"https:\/\/www.webdo.tn\/fr\/blog\/l-etat-ne-peut-pas-renoncer-a-son-role-social-reitere-saied\/207350\/"},"modified":"2025-05-20T22:51:01","modified_gmt":"2025-05-20T22:51:01","slug":"l-etat-ne-peut-pas-renoncer-a-son-role-social-reitere-saied","status":"publish","type":"post","link":"https:\/\/www.webdo.tn\/fr\/actualite\/national\/l-etat-ne-peut-pas-renoncer-a-son-role-social-reitere-saied\/207350\/","title":{"rendered":"\u00ab L&rsquo;Etat ne peut pas renoncer \u00e0 son r\u00f4le social \u00bb, r\u00e9it\u00e8re Saied"},"content":{"rendered":"<p>Les activit\u00e9s du minist\u00e8re des affaires sociales en g\u00e9n\u00e9ral et le r\u00f4le du d\u00e9partement dans la protection des personnes \u00e0 revenu limit\u00e9 en particulier ont \u00e9t\u00e9 au centre d&rsquo;un entretien, tenu mardi au palais de Carthage, entre le pr\u00e9sident de la R\u00e9publique, Kais Sa\u00efed, et le ministre des affaires sociales, Malek Ezzahi.<\/p>\n<p>\t\t\t\t\t\t\t\t\tDans un communiqu\u00e9 publi\u00e9 mardi soir, la pr\u00e9sidence de la R\u00e9publique a indiqu\u00e9 que Sa\u00efed a r\u00e9affirm\u00e9 que l&rsquo;Etat ne peut pas renoncer \u00e0 son r\u00f4le social et que l&rsquo;\u00e9limination de la pauvret\u00e9 exige des efforts nationaux et de nouvelles l\u00e9gislations \u00e0 la hauteur des aspirations du peuple.<\/p>\n<p>L&rsquo;entretien a \u00e9t\u00e9 aussi une occasion pour aborder la situation des personnes handicap\u00e9es et souligner l&rsquo;importance de les associer dans l&rsquo;\u00e9laboration des textes l\u00e9gislatifs relatifs \u00e0 la promotion de leurs conditions.<\/p>\n<p>Dans ce contexte, le pr\u00e9sident de la R\u00e9publique a rappel\u00e9 que l&rsquo;article 54 de la Constitution stipule que l&rsquo;Etat prot\u00e8ge les personnes handicap\u00e9es contre toute discrimination et prend toutes les mesures leur garantissant une enti\u00e8re int\u00e9gration dans la soci\u00e9t\u00e9.<\/p>\n<p>Il a \u00e9galement fait r\u00e9f\u00e9rence au d\u00e9cret loi n\u00b0 2023-10 du 8 mars 2023, r\u00e9glementant les \u00e9lections des conseils locaux et la composition des conseils r\u00e9gionaux et des conseils des districts, qui pr\u00e9voit dans son article 27 l&rsquo;attribution d&rsquo;un si\u00e8ge suppl\u00e9mentaire dans chaque conseil local au profit d&rsquo;un d\u00e9put\u00e9 handicap\u00e9 ayant le droit de vote, afin qu&rsquo;il puisse participer \u00e0 la prise de d\u00e9cision.<\/p>\n<p>La r\u00e9union a \u00e9galement abord\u00e9 le sujet des soci\u00e9t\u00e9s communautaires et la n\u00e9cessit\u00e9 de surmonter tous les obstacles entravant leur cr\u00e9ation, afin qu&rsquo;elles puissent \u00eatre une source de cr\u00e9ation de richesse, notamment pour les jeunes sans emploi. A ce jour, 31 soci\u00e9t\u00e9s communautaires ont \u00e9t\u00e9 cr\u00e9\u00e9es, et 36 autres sont en cours de cr\u00e9ation.<\/p>\n","protected":false},"excerpt":{"rendered":"<p>Les activit\u00e9s du minist\u00e8re des affaires sociales en g\u00e9n\u00e9ral et le r\u00f4le du d\u00e9partement dans la protection des personnes \u00e0 revenu limit\u00e9 en particulier ont \u00e9t\u00e9 au&#8230;<\/p>\n","protected":false},"author":3175,"featured_media":278494,"comment_status":"open","ping_status":"closed","sticky":false,"template":"","format":"standard","meta":{"footnotes":""},"categories":[44],"tags":[3418,2608],"class_list":["post-207350","post","type-post","status-publish","format-standard","has-post-thumbnail","hentry","category-national","tag-saied","tag-tunisie"],"yoast_head":"<!-- This site is optimized with the Yoast SEO Premium plugin v27.5 (Yoast SEO v27.5) - https:\/\/yoast.com\/product\/yoast-seo-premium-wordpress\/ -->\n<title>\u00ab L&#039;Etat ne peut pas renoncer \u00e0 son r\u00f4le social \u00bb, r\u00e9it\u00e8re Saied<\/title>\n<meta name=\"description\" content=\"Les activit\u00e9s du minist\u00e8re des affaires sociales en g\u00e9n\u00e9ral et le r\u00f4le du d\u00e9partement dans la protection des personnes \u00e0 revenu limit\u00e9 en particulier ont \u00e9t\u00e9 au...\" \/>\n<link rel=\"canonical\" href=\"https:\/\/www.webdo.tn\/fr\/actualite\/national\/l-etat-ne-peut-pas-renoncer-a-son-role-social-reitere-saied\/207350\/\" \/>\n<meta property=\"og:locale\" content=\"fr_FR\" \/>\n<meta property=\"og:type\" content=\"article\" \/>\n<meta property=\"og:title\" content=\"\u00ab L&#039;Etat ne peut pas renoncer \u00e0 son r\u00f4le social \u00bb, r\u00e9it\u00e8re Saied\" \/>\n<meta property=\"og:description\" content=\"Les activit\u00e9s du minist\u00e8re des affaires sociales en g\u00e9n\u00e9ral et le r\u00f4le du d\u00e9partement dans la protection des personnes \u00e0 revenu limit\u00e9 en particulier ont \u00e9t\u00e9 au...\" \/>\n<meta property=\"og:url\" content=\"https:\/\/www.webdo.tn\/fr\/actualite\/national\/l-etat-ne-peut-pas-renoncer-a-son-role-social-reitere-saied\/207350\/\" \/>\n<meta property=\"og:site_name\" content=\"webdo\" \/>\n<meta property=\"article:publisher\" content=\"https:\/\/www.facebook.com\/webdotn\" \/>\n<meta property=\"article:published_time\" content=\"2023-07-19T10:44:00+00:00\" \/>\n<meta property=\"article:modified_time\" content=\"2025-05-20T22:51:01+00:00\" \/>\n<meta property=\"og:image\" content=\"https:\/\/www.webdo.tn\/fr\/wp-content\/uploads\/2023\/07\/6c72116646bfdf606c4a602b15f8ec3e.jpg\" \/>\n\t<meta property=\"og:image:width\" content=\"750\" \/>\n\t<meta property=\"og:image:height\" content=\"400\" \/>\n\t<meta property=\"og:image:type\" content=\"image\/jpeg\" \/>\n<meta name=\"author\" content=\"CL\" \/>\n<meta name=\"twitter:card\" content=\"summary_large_image\" \/>\n<meta name=\"twitter:creator\" content=\"@webdo_tn\" \/>\n<meta name=\"twitter:site\" content=\"@webdo_tn\" \/>\n<meta name=\"twitter:label1\" content=\"\u00c9crit par\" \/>\n\t<meta name=\"twitter:data1\" content=\"CL\" \/>\n\t<meta name=\"twitter:label2\" content=\"Dur\u00e9e de lecture estim\u00e9e\" \/>\n\t<meta name=\"twitter:data2\" content=\"2 minutes\" \/>\n<script type=\"application\/ld+json\" class=\"yoast-schema-graph\">{\"@context\":\"https:\\\/\\\/schema.org\",\"@graph\":[{\"@type\":\"NewsArticle\",\"@id\":\"https:\\\/\\\/www.webdo.tn\\\/fr\\\/actualite\\\/national\\\/l-etat-ne-peut-pas-renoncer-a-son-role-social-reitere-saied\\\/207350\\\/#article\",\"isPartOf\":{\"@id\":\"https:\\\/\\\/www.webdo.tn\\\/fr\\\/actualite\\\/national\\\/l-etat-ne-peut-pas-renoncer-a-son-role-social-reitere-saied\\\/207350\\\/\"},\"author\":{\"name\":\"CL\",\"@id\":\"https:\\\/\\\/www.webdo.tn\\\/fr\\\/#\\\/schema\\\/person\\\/f35b42a42c5e2511bbd282959d6385cc\"},\"headline\":\"\u00ab L&rsquo;Etat ne peut pas renoncer \u00e0 son r\u00f4le social \u00bb, r\u00e9it\u00e8re Saied\",\"datePublished\":\"2023-07-19T10:44:00+00:00\",\"dateModified\":\"2025-05-20T22:51:01+00:00\",\"mainEntityOfPage\":{\"@id\":\"https:\\\/\\\/www.webdo.tn\\\/fr\\\/actualite\\\/national\\\/l-etat-ne-peut-pas-renoncer-a-son-role-social-reitere-saied\\\/207350\\\/\"},\"wordCount\":348,\"commentCount\":0,\"publisher\":{\"@id\":\"https:\\\/\\\/www.webdo.tn\\\/fr\\\/#organization\"},\"image\":{\"@id\":\"https:\\\/\\\/www.webdo.tn\\\/fr\\\/actualite\\\/national\\\/l-etat-ne-peut-pas-renoncer-a-son-role-social-reitere-saied\\\/207350\\\/#primaryimage\"},\"thumbnailUrl\":\"https:\\\/\\\/www.webdo.tn\\\/fr\\\/wp-content\\\/uploads\\\/2023\\\/07\\\/6c72116646bfdf606c4a602b15f8ec3e.jpg\",\"keywords\":[\"Saied\",\"Tunisie\"],\"articleSection\":[\"National\"],\"inLanguage\":\"fr-FR\"},{\"@type\":\"WebPage\",\"@id\":\"https:\\\/\\\/www.webdo.tn\\\/fr\\\/actualite\\\/national\\\/l-etat-ne-peut-pas-renoncer-a-son-role-social-reitere-saied\\\/207350\\\/\",\"url\":\"https:\\\/\\\/www.webdo.tn\\\/fr\\\/actualite\\\/national\\\/l-etat-ne-peut-pas-renoncer-a-son-role-social-reitere-saied\\\/207350\\\/\",\"name\":\"\u00ab L'Etat ne peut pas renoncer \u00e0 son r\u00f4le social \u00bb, r\u00e9it\u00e8re Saied\",\"isPartOf\":{\"@id\":\"https:\\\/\\\/www.webdo.tn\\\/fr\\\/#website\"},\"primaryImageOfPage\":{\"@id\":\"https:\\\/\\\/www.webdo.tn\\\/fr\\\/actualite\\\/national\\\/l-etat-ne-peut-pas-renoncer-a-son-role-social-reitere-saied\\\/207350\\\/#primaryimage\"},\"image\":{\"@id\":\"https:\\\/\\\/www.webdo.tn\\\/fr\\\/actualite\\\/national\\\/l-etat-ne-peut-pas-renoncer-a-son-role-social-reitere-saied\\\/207350\\\/#primaryimage\"},\"thumbnailUrl\":\"https:\\\/\\\/www.webdo.tn\\\/fr\\\/wp-content\\\/uploads\\\/2023\\\/07\\\/6c72116646bfdf606c4a602b15f8ec3e.jpg\",\"datePublished\":\"2023-07-19T10:44:00+00:00\",\"dateModified\":\"2025-05-20T22:51:01+00:00\",\"description\":\"Les activit\u00e9s du minist\u00e8re des affaires sociales en g\u00e9n\u00e9ral et le r\u00f4le du d\u00e9partement dans la protection des personnes \u00e0 revenu limit\u00e9 en particulier ont \u00e9t\u00e9 au...\",\"breadcrumb\":{\"@id\":\"https:\\\/\\\/www.webdo.tn\\\/fr\\\/actualite\\\/national\\\/l-etat-ne-peut-pas-renoncer-a-son-role-social-reitere-saied\\\/207350\\\/#breadcrumb\"},\"inLanguage\":\"fr-FR\",\"potentialAction\":[{\"@type\":\"ReadAction\",\"target\":[\"https:\\\/\\\/www.webdo.tn\\\/fr\\\/actualite\\\/national\\\/l-etat-ne-peut-pas-renoncer-a-son-role-social-reitere-saied\\\/207350\\\/\"]}]},{\"@type\":\"ImageObject\",\"inLanguage\":\"fr-FR\",\"@id\":\"https:\\\/\\\/www.webdo.tn\\\/fr\\\/actualite\\\/national\\\/l-etat-ne-peut-pas-renoncer-a-son-role-social-reitere-saied\\\/207350\\\/#primaryimage\",\"url\":\"https:\\\/\\\/www.webdo.tn\\\/fr\\\/wp-content\\\/uploads\\\/2023\\\/07\\\/6c72116646bfdf606c4a602b15f8ec3e.jpg\",\"contentUrl\":\"https:\\\/\\\/www.webdo.tn\\\/fr\\\/wp-content\\\/uploads\\\/2023\\\/07\\\/6c72116646bfdf606c4a602b15f8ec3e.jpg\",\"width\":750,\"height\":400,\"caption\":\"\u00ab L'Etat ne peut pas renoncer \u00e0 son r\u00f4le social \u00bb, r\u00e9it\u00e8re Saied\"},{\"@type\":\"BreadcrumbList\",\"@id\":\"https:\\\/\\\/www.webdo.tn\\\/fr\\\/actualite\\\/national\\\/l-etat-ne-peut-pas-renoncer-a-son-role-social-reitere-saied\\\/207350\\\/#breadcrumb\",\"itemListElement\":[{\"@type\":\"ListItem\",\"position\":1,\"name\":\"Accueil\",\"item\":\"https:\\\/\\\/www.webdo.tn\\\/fr\\\/\"},{\"@type\":\"ListItem\",\"position\":2,\"name\":\"\u00ab L&rsquo;Etat ne peut pas renoncer \u00e0 son r\u00f4le social \u00bb, r\u00e9it\u00e8re Saied\"}]},{\"@type\":\"WebSite\",\"@id\":\"https:\\\/\\\/www.webdo.tn\\\/fr\\\/#website\",\"url\":\"https:\\\/\\\/www.webdo.tn\\\/fr\\\/\",\"name\":\"webdo\",\"description\":\"Tunisie - News en Tunisie et \u00e0 l&#039;international sur Webdo.tn\",\"publisher\":{\"@id\":\"https:\\\/\\\/www.webdo.tn\\\/fr\\\/#organization\"},\"potentialAction\":[{\"@type\":\"SearchAction\",\"target\":{\"@type\":\"EntryPoint\",\"urlTemplate\":\"https:\\\/\\\/www.webdo.tn\\\/fr\\\/?s={search_term_string}\"},\"query-input\":{\"@type\":\"PropertyValueSpecification\",\"valueRequired\":true,\"valueName\":\"search_term_string\"}}],\"inLanguage\":\"fr-FR\"},{\"@type\":\"Organization\",\"@id\":\"https:\\\/\\\/www.webdo.tn\\\/fr\\\/#organization\",\"name\":\"Webdo\",\"alternateName\":\"Webdo.tn\",\"url\":\"https:\\\/\\\/www.webdo.tn\\\/fr\\\/\",\"logo\":{\"@type\":\"ImageObject\",\"inLanguage\":\"fr-FR\",\"@id\":\"https:\\\/\\\/www.webdo.tn\\\/fr\\\/#\\\/schema\\\/logo\\\/image\\\/\",\"url\":\"https:\\\/\\\/www.webdo.tn\\\/fr\\\/wp-content\\\/uploads\\\/2025\\\/06\\\/Webdo-Tunisie_168377.jpg\",\"contentUrl\":\"https:\\\/\\\/www.webdo.tn\\\/fr\\\/wp-content\\\/uploads\\\/2025\\\/06\\\/Webdo-Tunisie_168377.jpg\",\"width\":301,\"height\":301,\"caption\":\"Webdo\"},\"image\":{\"@id\":\"https:\\\/\\\/www.webdo.tn\\\/fr\\\/#\\\/schema\\\/logo\\\/image\\\/\"},\"sameAs\":[\"https:\\\/\\\/www.facebook.com\\\/webdotn\",\"https:\\\/\\\/x.com\\\/webdo_tn\"],\"description\":\"Webdo est un m\u00e9dia num\u00e9rique tunisien fond\u00e9 en 2010, sp\u00e9cialis\u00e9 dans l\u2019actualit\u00e9 nationale et internationale, l\u2019\u00e9conomie, la soci\u00e9t\u00e9 et les analyses politiques. Le site s\u2019adresse \u00e0 un large public francophone et couvre l\u2019information tunisienne en temps r\u00e9el.\",\"email\":\"redac@webdo.tn\",\"legalName\":\"YNJ SARL\",\"foundingDate\":\"2010-09-06\",\"numberOfEmployees\":{\"@type\":\"QuantitativeValue\",\"minValue\":\"11\",\"maxValue\":\"50\"}},{\"@type\":\"Person\",\"@id\":\"https:\\\/\\\/www.webdo.tn\\\/fr\\\/#\\\/schema\\\/person\\\/f35b42a42c5e2511bbd282959d6385cc\",\"name\":\"CL\",\"image\":{\"@type\":\"ImageObject\",\"inLanguage\":\"fr-FR\",\"@id\":\"https:\\\/\\\/secure.gravatar.com\\\/avatar\\\/1447a49909b67aa657c488aec6512e1dd6143a480c1ecfee9b5b5cd74eb3b59e?s=96&d=mm&r=g\",\"url\":\"https:\\\/\\\/secure.gravatar.com\\\/avatar\\\/1447a49909b67aa657c488aec6512e1dd6143a480c1ecfee9b5b5cd74eb3b59e?s=96&d=mm&r=g\",\"contentUrl\":\"https:\\\/\\\/secure.gravatar.com\\\/avatar\\\/1447a49909b67aa657c488aec6512e1dd6143a480c1ecfee9b5b5cd74eb3b59e?s=96&d=mm&r=g\",\"caption\":\"CL\"},\"url\":\"https:\\\/\\\/www.webdo.tn\\\/fr\\\/actualite\\\/author\\\/cl\\\/\"}]}<\/script>\n<!-- \/ Yoast SEO Premium plugin. -->","yoast_head_json":{"title":"\u00ab L'Etat ne peut pas renoncer \u00e0 son r\u00f4le social \u00bb, r\u00e9it\u00e8re Saied","description":"Les activit\u00e9s du minist\u00e8re des affaires sociales en g\u00e9n\u00e9ral et le r\u00f4le du d\u00e9partement dans la protection des personnes \u00e0 revenu limit\u00e9 en particulier ont \u00e9t\u00e9 au...","canonical":"https:\/\/www.webdo.tn\/fr\/actualite\/national\/l-etat-ne-peut-pas-renoncer-a-son-role-social-reitere-saied\/207350\/","og_locale":"fr_FR","og_type":"article","og_title":"\u00ab L'Etat ne peut pas renoncer \u00e0 son r\u00f4le social \u00bb, r\u00e9it\u00e8re Saied","og_description":"Les activit\u00e9s du minist\u00e8re des affaires sociales en g\u00e9n\u00e9ral et le r\u00f4le du d\u00e9partement dans la protection des personnes \u00e0 revenu limit\u00e9 en particulier ont \u00e9t\u00e9 au...","og_url":"https:\/\/www.webdo.tn\/fr\/actualite\/national\/l-etat-ne-peut-pas-renoncer-a-son-role-social-reitere-saied\/207350\/","og_site_name":"webdo","article_publisher":"https:\/\/www.facebook.com\/webdotn","article_published_time":"2023-07-19T10:44:00+00:00","article_modified_time":"2025-05-20T22:51:01+00:00","og_image":[{"width":750,"height":400,"url":"https:\/\/www.webdo.tn\/fr\/wp-content\/uploads\/2023\/07\/6c72116646bfdf606c4a602b15f8ec3e.jpg","type":"image\/jpeg"}],"author":"CL","twitter_card":"summary_large_image","twitter_creator":"@webdo_tn","twitter_site":"@webdo_tn","twitter_misc":{"\u00c9crit par":"CL","Dur\u00e9e de lecture estim\u00e9e":"2 minutes"},"schema":{"@context":"https:\/\/schema.org","@graph":[{"@type":"NewsArticle","@id":"https:\/\/www.webdo.tn\/fr\/actualite\/national\/l-etat-ne-peut-pas-renoncer-a-son-role-social-reitere-saied\/207350\/#article","isPartOf":{"@id":"https:\/\/www.webdo.tn\/fr\/actualite\/national\/l-etat-ne-peut-pas-renoncer-a-son-role-social-reitere-saied\/207350\/"},"author":{"name":"CL","@id":"https:\/\/www.webdo.tn\/fr\/#\/schema\/person\/f35b42a42c5e2511bbd282959d6385cc"},"headline":"\u00ab L&rsquo;Etat ne peut pas renoncer \u00e0 son r\u00f4le social \u00bb, r\u00e9it\u00e8re Saied","datePublished":"2023-07-19T10:44:00+00:00","dateModified":"2025-05-20T22:51:01+00:00","mainEntityOfPage":{"@id":"https:\/\/www.webdo.tn\/fr\/actualite\/national\/l-etat-ne-peut-pas-renoncer-a-son-role-social-reitere-saied\/207350\/"},"wordCount":348,"commentCount":0,"publisher":{"@id":"https:\/\/www.webdo.tn\/fr\/#organization"},"image":{"@id":"https:\/\/www.webdo.tn\/fr\/actualite\/national\/l-etat-ne-peut-pas-renoncer-a-son-role-social-reitere-saied\/207350\/#primaryimage"},"thumbnailUrl":"https:\/\/www.webdo.tn\/fr\/wp-content\/uploads\/2023\/07\/6c72116646bfdf606c4a602b15f8ec3e.jpg","keywords":["Saied","Tunisie"],"articleSection":["National"],"inLanguage":"fr-FR"},{"@type":"WebPage","@id":"https:\/\/www.webdo.tn\/fr\/actualite\/national\/l-etat-ne-peut-pas-renoncer-a-son-role-social-reitere-saied\/207350\/","url":"https:\/\/www.webdo.tn\/fr\/actualite\/national\/l-etat-ne-peut-pas-renoncer-a-son-role-social-reitere-saied\/207350\/","name":"\u00ab L'Etat ne peut pas renoncer \u00e0 son r\u00f4le social \u00bb, r\u00e9it\u00e8re Saied","isPartOf":{"@id":"https:\/\/www.webdo.tn\/fr\/#website"},"primaryImageOfPage":{"@id":"https:\/\/www.webdo.tn\/fr\/actualite\/national\/l-etat-ne-peut-pas-renoncer-a-son-role-social-reitere-saied\/207350\/#primaryimage"},"image":{"@id":"https:\/\/www.webdo.tn\/fr\/actualite\/national\/l-etat-ne-peut-pas-renoncer-a-son-role-social-reitere-saied\/207350\/#primaryimage"},"thumbnailUrl":"https:\/\/www.webdo.tn\/fr\/wp-content\/uploads\/2023\/07\/6c72116646bfdf606c4a602b15f8ec3e.jpg","datePublished":"2023-07-19T10:44:00+00:00","dateModified":"2025-05-20T22:51:01+00:00","description":"Les activit\u00e9s du minist\u00e8re des affaires sociales en g\u00e9n\u00e9ral et le r\u00f4le du d\u00e9partement dans la protection des personnes \u00e0 revenu limit\u00e9 en particulier ont \u00e9t\u00e9 au...","breadcrumb":{"@id":"https:\/\/www.webdo.tn\/fr\/actualite\/national\/l-etat-ne-peut-pas-renoncer-a-son-role-social-reitere-saied\/207350\/#breadcrumb"},"inLanguage":"fr-FR","potentialAction":[{"@type":"ReadAction","target":["https:\/\/www.webdo.tn\/fr\/actualite\/national\/l-etat-ne-peut-pas-renoncer-a-son-role-social-reitere-saied\/207350\/"]}]},{"@type":"ImageObject","inLanguage":"fr-FR","@id":"https:\/\/www.webdo.tn\/fr\/actualite\/national\/l-etat-ne-peut-pas-renoncer-a-son-role-social-reitere-saied\/207350\/#primaryimage","url":"https:\/\/www.webdo.tn\/fr\/wp-content\/uploads\/2023\/07\/6c72116646bfdf606c4a602b15f8ec3e.jpg","contentUrl":"https:\/\/www.webdo.tn\/fr\/wp-content\/uploads\/2023\/07\/6c72116646bfdf606c4a602b15f8ec3e.jpg","width":750,"height":400,"caption":"\u00ab L'Etat ne peut pas renoncer \u00e0 son r\u00f4le social \u00bb, r\u00e9it\u00e8re Saied"},{"@type":"BreadcrumbList","@id":"https:\/\/www.webdo.tn\/fr\/actualite\/national\/l-etat-ne-peut-pas-renoncer-a-son-role-social-reitere-saied\/207350\/#breadcrumb","itemListElement":[{"@type":"ListItem","position":1,"name":"Accueil","item":"https:\/\/www.webdo.tn\/fr\/"},{"@type":"ListItem","position":2,"name":"\u00ab L&rsquo;Etat ne peut pas renoncer \u00e0 son r\u00f4le social \u00bb, r\u00e9it\u00e8re Saied"}]},{"@type":"WebSite","@id":"https:\/\/www.webdo.tn\/fr\/#website","url":"https:\/\/www.webdo.tn\/fr\/","name":"webdo","description":"Tunisie - News en Tunisie et \u00e0 l&#039;international sur Webdo.tn","publisher":{"@id":"https:\/\/www.webdo.tn\/fr\/#organization"},"potentialAction":[{"@type":"SearchAction","target":{"@type":"EntryPoint","urlTemplate":"https:\/\/www.webdo.tn\/fr\/?s={search_term_string}"},"query-input":{"@type":"PropertyValueSpecification","valueRequired":true,"valueName":"search_term_string"}}],"inLanguage":"fr-FR"},{"@type":"Organization","@id":"https:\/\/www.webdo.tn\/fr\/#organization","name":"Webdo","alternateName":"Webdo.tn","url":"https:\/\/www.webdo.tn\/fr\/","logo":{"@type":"ImageObject","inLanguage":"fr-FR","@id":"https:\/\/www.webdo.tn\/fr\/#\/schema\/logo\/image\/","url":"https:\/\/www.webdo.tn\/fr\/wp-content\/uploads\/2025\/06\/Webdo-Tunisie_168377.jpg","contentUrl":"https:\/\/www.webdo.tn\/fr\/wp-content\/uploads\/2025\/06\/Webdo-Tunisie_168377.jpg","width":301,"height":301,"caption":"Webdo"},"image":{"@id":"https:\/\/www.webdo.tn\/fr\/#\/schema\/logo\/image\/"},"sameAs":["https:\/\/www.facebook.com\/webdotn","https:\/\/x.com\/webdo_tn"],"description":"Webdo est un m\u00e9dia num\u00e9rique tunisien fond\u00e9 en 2010, sp\u00e9cialis\u00e9 dans l\u2019actualit\u00e9 nationale et internationale, l\u2019\u00e9conomie, la soci\u00e9t\u00e9 et les analyses politiques. Le site s\u2019adresse \u00e0 un large public francophone et couvre l\u2019information tunisienne en temps r\u00e9el.","email":"redac@webdo.tn","legalName":"YNJ SARL","foundingDate":"2010-09-06","numberOfEmployees":{"@type":"QuantitativeValue","minValue":"11","maxValue":"50"}},{"@type":"Person","@id":"https:\/\/www.webdo.tn\/fr\/#\/schema\/person\/f35b42a42c5e2511bbd282959d6385cc","name":"CL","image":{"@type":"ImageObject","inLanguage":"fr-FR","@id":"https:\/\/secure.gravatar.com\/avatar\/1447a49909b67aa657c488aec6512e1dd6143a480c1ecfee9b5b5cd74eb3b59e?s=96&d=mm&r=g","url":"https:\/\/secure.gravatar.com\/avatar\/1447a49909b67aa657c488aec6512e1dd6143a480c1ecfee9b5b5cd74eb3b59e?s=96&d=mm&r=g","contentUrl":"https:\/\/secure.gravatar.com\/avatar\/1447a49909b67aa657c488aec6512e1dd6143a480c1ecfee9b5b5cd74eb3b59e?s=96&d=mm&r=g","caption":"CL"},"url":"https:\/\/www.webdo.tn\/fr\/actualite\/author\/cl\/"}]}},"_links":{"self":[{"href":"https:\/\/www.webdo.tn\/fr\/wp-json\/wp\/v2\/posts\/207350","targetHints":{"allow":["GET"]}}],"collection":[{"href":"https:\/\/www.webdo.tn\/fr\/wp-json\/wp\/v2\/posts"}],"about":[{"href":"https:\/\/www.webdo.tn\/fr\/wp-json\/wp\/v2\/types\/post"}],"author":[{"embeddable":true,"href":"https:\/\/www.webdo.tn\/fr\/wp-json\/wp\/v2\/users\/3175"}],"replies":[{"embeddable":true,"href":"https:\/\/www.webdo.tn\/fr\/wp-json\/wp\/v2\/comments?post=207350"}],"version-history":[{"count":0,"href":"https:\/\/www.webdo.tn\/fr\/wp-json\/wp\/v2\/posts\/207350\/revisions"}],"wp:featuredmedia":[{"embeddable":true,"href":"https:\/\/www.webdo.tn\/fr\/wp-json\/wp\/v2\/media\/278494"}],"wp:attachment":[{"href":"https:\/\/www.webdo.tn\/fr\/wp-json\/wp\/v2\/media?parent=207350"}],"wp:term":[{"taxonomy":"category","embeddable":true,"href":"https:\/\/www.webdo.tn\/fr\/wp-json\/wp\/v2\/categories?post=207350"},{"taxonomy":"post_tag","embeddable":true,"href":"https:\/\/www.webdo.tn\/fr\/wp-json\/wp\/v2\/tags?post=207350"}],"curies":[{"name":"wp","href":"https:\/\/api.w.org\/{rel}","templated":true}]}}