{"id":207346,"date":"2023-07-19T09:36:00","date_gmt":"2023-07-19T09:36:00","guid":{"rendered":"https:\/\/www.webdo.tn\/fr\/blog\/algerie-au-moins-34-morts-carbonises-dans-un-accident-de-bus\/207346\/"},"modified":"2025-05-20T22:51:01","modified_gmt":"2025-05-20T22:51:01","slug":"algerie-au-moins-34-morts-carbonises-dans-un-accident-de-bus","status":"publish","type":"post","link":"https:\/\/www.webdo.tn\/fr\/actualite\/international\/algerie-au-moins-34-morts-carbonises-dans-un-accident-de-bus\/207346\/","title":{"rendered":"Alg\u00e9rie : Au moins 34 morts carbonis\u00e9s dans un accident de bus"},"content":{"rendered":"<p>Une violente collision entre un bus de transport de voyageurs et un v\u00e9hicule utilitaire a fait, au moins, 34 morts et 11 bless\u00e9s t\u00f4t dans la matin\u00e9e de ce mercredi 19 juillet, \u00e0 Tamanrasset en Alg\u00e9rie.<\/p>\n<p>\t\t\t\t\t\t\t\t\tL\u2019accident a \u00e9t\u00e9 suivi d\u2019un incendie. Les personnes d\u00e9c\u00e9d\u00e9es sont mortes br\u00fbl\u00e9es, selon la protection civile.\u00a0<\/p>\n<p>Le drame s\u2019est produit vers 04h00 du matin \u00e0 Outoul sur une Route nationale qui relie le Nord au Sud du pays.\u00a0<\/p>\n<p>Un premier bilan provisoire fourni par la Protection civile faisait \u00e9tat de 9 morts, puis il a \u00e9t\u00e9 revu \u00e0 la hausse \u00e0 15, 32 puis 34 d\u00e9c\u00e8s.<\/p>\n","protected":false},"excerpt":{"rendered":"<p>Une violente collision entre un bus de transport de voyageurs et un v\u00e9hicule utilitaire a fait, au moins, 34 morts et 11 bless\u00e9s t\u00f4t dans la matin\u00e9e de ce mercr&#8230;<\/p>\n","protected":false},"author":3175,"featured_media":278486,"comment_status":"open","ping_status":"closed","sticky":false,"template":"","format":"standard","meta":{"footnotes":""},"categories":[2598],"tags":[3915,2907,3208],"class_list":["post-207346","post","type-post","status-publish","format-standard","has-post-thumbnail","hentry","category-international","tag-accident","tag-algerie","tag-morts"],"yoast_head":"<!-- This site is optimized with the Yoast SEO Premium plugin v27.4 (Yoast SEO v27.5) - https:\/\/yoast.com\/product\/yoast-seo-premium-wordpress\/ -->\n<title>Alg\u00e9rie : Au moins 34 morts carbonis\u00e9s dans un accident de bus<\/title>\n<meta name=\"description\" content=\"Une violente collision entre un bus de transport de voyageurs et un v\u00e9hicule utilitaire a fait, au moins, 34 morts et 11 bless\u00e9s t\u00f4t dans la matin\u00e9e de ce mercr...\" \/>\n<link rel=\"canonical\" href=\"https:\/\/www.webdo.tn\/fr\/actualite\/international\/algerie-au-moins-34-morts-carbonises-dans-un-accident-de-bus\/207346\/\" \/>\n<meta property=\"og:locale\" content=\"fr_FR\" \/>\n<meta property=\"og:type\" content=\"article\" \/>\n<meta property=\"og:title\" content=\"Alg\u00e9rie : Au moins 34 morts carbonis\u00e9s dans un accident de bus\" \/>\n<meta property=\"og:description\" content=\"Une violente collision entre un bus de transport de voyageurs et un v\u00e9hicule utilitaire a fait, au moins, 34 morts et 11 bless\u00e9s t\u00f4t dans la matin\u00e9e de ce mercr...\" \/>\n<meta property=\"og:url\" content=\"https:\/\/www.webdo.tn\/fr\/actualite\/international\/algerie-au-moins-34-morts-carbonises-dans-un-accident-de-bus\/207346\/\" \/>\n<meta property=\"og:site_name\" content=\"webdo\" \/>\n<meta property=\"article:publisher\" content=\"https:\/\/www.facebook.com\/webdotn\" \/>\n<meta property=\"article:published_time\" content=\"2023-07-19T09:36:00+00:00\" \/>\n<meta property=\"article:modified_time\" content=\"2025-05-20T22:51:01+00:00\" \/>\n<meta property=\"og:image\" content=\"https:\/\/www.webdo.tn\/fr\/wp-content\/uploads\/2023\/07\/d4b72285ff3af393bfb93a06e8100fe9.jpg\" \/>\n\t<meta property=\"og:image:width\" content=\"700\" \/>\n\t<meta property=\"og:image:height\" content=\"373\" \/>\n\t<meta property=\"og:image:type\" content=\"image\/jpeg\" \/>\n<meta name=\"author\" content=\"CL\" \/>\n<meta name=\"twitter:card\" content=\"summary_large_image\" \/>\n<meta name=\"twitter:creator\" content=\"@webdo_tn\" \/>\n<meta name=\"twitter:site\" content=\"@webdo_tn\" \/>\n<meta name=\"twitter:label1\" content=\"\u00c9crit par\" \/>\n\t<meta name=\"twitter:data1\" content=\"CL\" \/>\n\t<meta name=\"twitter:label2\" content=\"Dur\u00e9e de lecture estim\u00e9e\" \/>\n\t<meta name=\"twitter:data2\" content=\"1 minute\" \/>\n<script type=\"application\/ld+json\" class=\"yoast-schema-graph\">{\"@context\":\"https:\\\/\\\/schema.org\",\"@graph\":[{\"@type\":\"NewsArticle\",\"@id\":\"https:\\\/\\\/www.webdo.tn\\\/fr\\\/actualite\\\/international\\\/algerie-au-moins-34-morts-carbonises-dans-un-accident-de-bus\\\/207346\\\/#article\",\"isPartOf\":{\"@id\":\"https:\\\/\\\/www.webdo.tn\\\/fr\\\/actualite\\\/international\\\/algerie-au-moins-34-morts-carbonises-dans-un-accident-de-bus\\\/207346\\\/\"},\"author\":{\"name\":\"CL\",\"@id\":\"https:\\\/\\\/www.webdo.tn\\\/fr\\\/#\\\/schema\\\/person\\\/f35b42a42c5e2511bbd282959d6385cc\"},\"headline\":\"Alg\u00e9rie : Au moins 34 morts carbonis\u00e9s dans un accident de bus\",\"datePublished\":\"2023-07-19T09:36:00+00:00\",\"dateModified\":\"2025-05-20T22:51:01+00:00\",\"mainEntityOfPage\":{\"@id\":\"https:\\\/\\\/www.webdo.tn\\\/fr\\\/actualite\\\/international\\\/algerie-au-moins-34-morts-carbonises-dans-un-accident-de-bus\\\/207346\\\/\"},\"wordCount\":118,\"commentCount\":0,\"publisher\":{\"@id\":\"https:\\\/\\\/www.webdo.tn\\\/fr\\\/#organization\"},\"image\":{\"@id\":\"https:\\\/\\\/www.webdo.tn\\\/fr\\\/actualite\\\/international\\\/algerie-au-moins-34-morts-carbonises-dans-un-accident-de-bus\\\/207346\\\/#primaryimage\"},\"thumbnailUrl\":\"https:\\\/\\\/www.webdo.tn\\\/fr\\\/wp-content\\\/uploads\\\/2023\\\/07\\\/d4b72285ff3af393bfb93a06e8100fe9.jpg\",\"keywords\":[\"accident\",\"Alg\u00e9rie\",\"morts\"],\"articleSection\":[\"International\"],\"inLanguage\":\"fr-FR\"},{\"@type\":\"WebPage\",\"@id\":\"https:\\\/\\\/www.webdo.tn\\\/fr\\\/actualite\\\/international\\\/algerie-au-moins-34-morts-carbonises-dans-un-accident-de-bus\\\/207346\\\/\",\"url\":\"https:\\\/\\\/www.webdo.tn\\\/fr\\\/actualite\\\/international\\\/algerie-au-moins-34-morts-carbonises-dans-un-accident-de-bus\\\/207346\\\/\",\"name\":\"Alg\u00e9rie : Au moins 34 morts carbonis\u00e9s dans un accident de bus\",\"isPartOf\":{\"@id\":\"https:\\\/\\\/www.webdo.tn\\\/fr\\\/#website\"},\"primaryImageOfPage\":{\"@id\":\"https:\\\/\\\/www.webdo.tn\\\/fr\\\/actualite\\\/international\\\/algerie-au-moins-34-morts-carbonises-dans-un-accident-de-bus\\\/207346\\\/#primaryimage\"},\"image\":{\"@id\":\"https:\\\/\\\/www.webdo.tn\\\/fr\\\/actualite\\\/international\\\/algerie-au-moins-34-morts-carbonises-dans-un-accident-de-bus\\\/207346\\\/#primaryimage\"},\"thumbnailUrl\":\"https:\\\/\\\/www.webdo.tn\\\/fr\\\/wp-content\\\/uploads\\\/2023\\\/07\\\/d4b72285ff3af393bfb93a06e8100fe9.jpg\",\"datePublished\":\"2023-07-19T09:36:00+00:00\",\"dateModified\":\"2025-05-20T22:51:01+00:00\",\"description\":\"Une violente collision entre un bus de transport de voyageurs et un v\u00e9hicule utilitaire a fait, au moins, 34 morts et 11 bless\u00e9s t\u00f4t dans la matin\u00e9e de ce mercr...\",\"breadcrumb\":{\"@id\":\"https:\\\/\\\/www.webdo.tn\\\/fr\\\/actualite\\\/international\\\/algerie-au-moins-34-morts-carbonises-dans-un-accident-de-bus\\\/207346\\\/#breadcrumb\"},\"inLanguage\":\"fr-FR\",\"potentialAction\":[{\"@type\":\"ReadAction\",\"target\":[\"https:\\\/\\\/www.webdo.tn\\\/fr\\\/actualite\\\/international\\\/algerie-au-moins-34-morts-carbonises-dans-un-accident-de-bus\\\/207346\\\/\"]}]},{\"@type\":\"ImageObject\",\"inLanguage\":\"fr-FR\",\"@id\":\"https:\\\/\\\/www.webdo.tn\\\/fr\\\/actualite\\\/international\\\/algerie-au-moins-34-morts-carbonises-dans-un-accident-de-bus\\\/207346\\\/#primaryimage\",\"url\":\"https:\\\/\\\/www.webdo.tn\\\/fr\\\/wp-content\\\/uploads\\\/2023\\\/07\\\/d4b72285ff3af393bfb93a06e8100fe9.jpg\",\"contentUrl\":\"https:\\\/\\\/www.webdo.tn\\\/fr\\\/wp-content\\\/uploads\\\/2023\\\/07\\\/d4b72285ff3af393bfb93a06e8100fe9.jpg\",\"width\":700,\"height\":373,\"caption\":\"Alg\u00e9rie : Au moins 34 morts carbonis\u00e9s dans un accident de bus\"},{\"@type\":\"BreadcrumbList\",\"@id\":\"https:\\\/\\\/www.webdo.tn\\\/fr\\\/actualite\\\/international\\\/algerie-au-moins-34-morts-carbonises-dans-un-accident-de-bus\\\/207346\\\/#breadcrumb\",\"itemListElement\":[{\"@type\":\"ListItem\",\"position\":1,\"name\":\"Accueil\",\"item\":\"https:\\\/\\\/www.webdo.tn\\\/fr\\\/\"},{\"@type\":\"ListItem\",\"position\":2,\"name\":\"Alg\u00e9rie : Au moins 34 morts carbonis\u00e9s dans un accident de bus\"}]},{\"@type\":\"WebSite\",\"@id\":\"https:\\\/\\\/www.webdo.tn\\\/fr\\\/#website\",\"url\":\"https:\\\/\\\/www.webdo.tn\\\/fr\\\/\",\"name\":\"webdo\",\"description\":\"Tunisie - News en Tunisie et \u00e0 l&#039;international sur Webdo.tn\",\"publisher\":{\"@id\":\"https:\\\/\\\/www.webdo.tn\\\/fr\\\/#organization\"},\"potentialAction\":[{\"@type\":\"SearchAction\",\"target\":{\"@type\":\"EntryPoint\",\"urlTemplate\":\"https:\\\/\\\/www.webdo.tn\\\/fr\\\/?s={search_term_string}\"},\"query-input\":{\"@type\":\"PropertyValueSpecification\",\"valueRequired\":true,\"valueName\":\"search_term_string\"}}],\"inLanguage\":\"fr-FR\"},{\"@type\":\"Organization\",\"@id\":\"https:\\\/\\\/www.webdo.tn\\\/fr\\\/#organization\",\"name\":\"Webdo\",\"alternateName\":\"Webdo.tn\",\"url\":\"https:\\\/\\\/www.webdo.tn\\\/fr\\\/\",\"logo\":{\"@type\":\"ImageObject\",\"inLanguage\":\"fr-FR\",\"@id\":\"https:\\\/\\\/www.webdo.tn\\\/fr\\\/#\\\/schema\\\/logo\\\/image\\\/\",\"url\":\"https:\\\/\\\/www.webdo.tn\\\/fr\\\/wp-content\\\/uploads\\\/2025\\\/06\\\/Webdo-Tunisie_168377.jpg\",\"contentUrl\":\"https:\\\/\\\/www.webdo.tn\\\/fr\\\/wp-content\\\/uploads\\\/2025\\\/06\\\/Webdo-Tunisie_168377.jpg\",\"width\":301,\"height\":301,\"caption\":\"Webdo\"},\"image\":{\"@id\":\"https:\\\/\\\/www.webdo.tn\\\/fr\\\/#\\\/schema\\\/logo\\\/image\\\/\"},\"sameAs\":[\"https:\\\/\\\/www.facebook.com\\\/webdotn\",\"https:\\\/\\\/x.com\\\/webdo_tn\"],\"description\":\"Webdo est un m\u00e9dia num\u00e9rique tunisien fond\u00e9 en 2010, sp\u00e9cialis\u00e9 dans l\u2019actualit\u00e9 nationale et internationale, l\u2019\u00e9conomie, la soci\u00e9t\u00e9 et les analyses politiques. Le site s\u2019adresse \u00e0 un large public francophone et couvre l\u2019information tunisienne en temps r\u00e9el.\",\"email\":\"redac@webdo.tn\",\"legalName\":\"YNJ SARL\",\"foundingDate\":\"2010-09-06\",\"numberOfEmployees\":{\"@type\":\"QuantitativeValue\",\"minValue\":\"11\",\"maxValue\":\"50\"}},{\"@type\":\"Person\",\"@id\":\"https:\\\/\\\/www.webdo.tn\\\/fr\\\/#\\\/schema\\\/person\\\/f35b42a42c5e2511bbd282959d6385cc\",\"name\":\"CL\",\"image\":{\"@type\":\"ImageObject\",\"inLanguage\":\"fr-FR\",\"@id\":\"https:\\\/\\\/secure.gravatar.com\\\/avatar\\\/1447a49909b67aa657c488aec6512e1dd6143a480c1ecfee9b5b5cd74eb3b59e?s=96&d=mm&r=g\",\"url\":\"https:\\\/\\\/secure.gravatar.com\\\/avatar\\\/1447a49909b67aa657c488aec6512e1dd6143a480c1ecfee9b5b5cd74eb3b59e?s=96&d=mm&r=g\",\"contentUrl\":\"https:\\\/\\\/secure.gravatar.com\\\/avatar\\\/1447a49909b67aa657c488aec6512e1dd6143a480c1ecfee9b5b5cd74eb3b59e?s=96&d=mm&r=g\",\"caption\":\"CL\"},\"url\":\"https:\\\/\\\/www.webdo.tn\\\/fr\\\/actualite\\\/author\\\/cl\\\/\"}]}<\/script>\n<!-- \/ Yoast SEO Premium plugin. -->","yoast_head_json":{"title":"Alg\u00e9rie : Au moins 34 morts carbonis\u00e9s dans un accident de bus","description":"Une violente collision entre un bus de transport de voyageurs et un v\u00e9hicule utilitaire a fait, au moins, 34 morts et 11 bless\u00e9s t\u00f4t dans la matin\u00e9e de ce mercr...","canonical":"https:\/\/www.webdo.tn\/fr\/actualite\/international\/algerie-au-moins-34-morts-carbonises-dans-un-accident-de-bus\/207346\/","og_locale":"fr_FR","og_type":"article","og_title":"Alg\u00e9rie : Au moins 34 morts carbonis\u00e9s dans un accident de bus","og_description":"Une violente collision entre un bus de transport de voyageurs et un v\u00e9hicule utilitaire a fait, au moins, 34 morts et 11 bless\u00e9s t\u00f4t dans la matin\u00e9e de ce mercr...","og_url":"https:\/\/www.webdo.tn\/fr\/actualite\/international\/algerie-au-moins-34-morts-carbonises-dans-un-accident-de-bus\/207346\/","og_site_name":"webdo","article_publisher":"https:\/\/www.facebook.com\/webdotn","article_published_time":"2023-07-19T09:36:00+00:00","article_modified_time":"2025-05-20T22:51:01+00:00","og_image":[{"width":700,"height":373,"url":"https:\/\/www.webdo.tn\/fr\/wp-content\/uploads\/2023\/07\/d4b72285ff3af393bfb93a06e8100fe9.jpg","type":"image\/jpeg"}],"author":"CL","twitter_card":"summary_large_image","twitter_creator":"@webdo_tn","twitter_site":"@webdo_tn","twitter_misc":{"\u00c9crit par":"CL","Dur\u00e9e de lecture estim\u00e9e":"1 minute"},"schema":{"@context":"https:\/\/schema.org","@graph":[{"@type":"NewsArticle","@id":"https:\/\/www.webdo.tn\/fr\/actualite\/international\/algerie-au-moins-34-morts-carbonises-dans-un-accident-de-bus\/207346\/#article","isPartOf":{"@id":"https:\/\/www.webdo.tn\/fr\/actualite\/international\/algerie-au-moins-34-morts-carbonises-dans-un-accident-de-bus\/207346\/"},"author":{"name":"CL","@id":"https:\/\/www.webdo.tn\/fr\/#\/schema\/person\/f35b42a42c5e2511bbd282959d6385cc"},"headline":"Alg\u00e9rie : Au moins 34 morts carbonis\u00e9s dans un accident de bus","datePublished":"2023-07-19T09:36:00+00:00","dateModified":"2025-05-20T22:51:01+00:00","mainEntityOfPage":{"@id":"https:\/\/www.webdo.tn\/fr\/actualite\/international\/algerie-au-moins-34-morts-carbonises-dans-un-accident-de-bus\/207346\/"},"wordCount":118,"commentCount":0,"publisher":{"@id":"https:\/\/www.webdo.tn\/fr\/#organization"},"image":{"@id":"https:\/\/www.webdo.tn\/fr\/actualite\/international\/algerie-au-moins-34-morts-carbonises-dans-un-accident-de-bus\/207346\/#primaryimage"},"thumbnailUrl":"https:\/\/www.webdo.tn\/fr\/wp-content\/uploads\/2023\/07\/d4b72285ff3af393bfb93a06e8100fe9.jpg","keywords":["accident","Alg\u00e9rie","morts"],"articleSection":["International"],"inLanguage":"fr-FR"},{"@type":"WebPage","@id":"https:\/\/www.webdo.tn\/fr\/actualite\/international\/algerie-au-moins-34-morts-carbonises-dans-un-accident-de-bus\/207346\/","url":"https:\/\/www.webdo.tn\/fr\/actualite\/international\/algerie-au-moins-34-morts-carbonises-dans-un-accident-de-bus\/207346\/","name":"Alg\u00e9rie : Au moins 34 morts carbonis\u00e9s dans un accident de bus","isPartOf":{"@id":"https:\/\/www.webdo.tn\/fr\/#website"},"primaryImageOfPage":{"@id":"https:\/\/www.webdo.tn\/fr\/actualite\/international\/algerie-au-moins-34-morts-carbonises-dans-un-accident-de-bus\/207346\/#primaryimage"},"image":{"@id":"https:\/\/www.webdo.tn\/fr\/actualite\/international\/algerie-au-moins-34-morts-carbonises-dans-un-accident-de-bus\/207346\/#primaryimage"},"thumbnailUrl":"https:\/\/www.webdo.tn\/fr\/wp-content\/uploads\/2023\/07\/d4b72285ff3af393bfb93a06e8100fe9.jpg","datePublished":"2023-07-19T09:36:00+00:00","dateModified":"2025-05-20T22:51:01+00:00","description":"Une violente collision entre un bus de transport de voyageurs et un v\u00e9hicule utilitaire a fait, au moins, 34 morts et 11 bless\u00e9s t\u00f4t dans la matin\u00e9e de ce mercr...","breadcrumb":{"@id":"https:\/\/www.webdo.tn\/fr\/actualite\/international\/algerie-au-moins-34-morts-carbonises-dans-un-accident-de-bus\/207346\/#breadcrumb"},"inLanguage":"fr-FR","potentialAction":[{"@type":"ReadAction","target":["https:\/\/www.webdo.tn\/fr\/actualite\/international\/algerie-au-moins-34-morts-carbonises-dans-un-accident-de-bus\/207346\/"]}]},{"@type":"ImageObject","inLanguage":"fr-FR","@id":"https:\/\/www.webdo.tn\/fr\/actualite\/international\/algerie-au-moins-34-morts-carbonises-dans-un-accident-de-bus\/207346\/#primaryimage","url":"https:\/\/www.webdo.tn\/fr\/wp-content\/uploads\/2023\/07\/d4b72285ff3af393bfb93a06e8100fe9.jpg","contentUrl":"https:\/\/www.webdo.tn\/fr\/wp-content\/uploads\/2023\/07\/d4b72285ff3af393bfb93a06e8100fe9.jpg","width":700,"height":373,"caption":"Alg\u00e9rie : Au moins 34 morts carbonis\u00e9s dans un accident de bus"},{"@type":"BreadcrumbList","@id":"https:\/\/www.webdo.tn\/fr\/actualite\/international\/algerie-au-moins-34-morts-carbonises-dans-un-accident-de-bus\/207346\/#breadcrumb","itemListElement":[{"@type":"ListItem","position":1,"name":"Accueil","item":"https:\/\/www.webdo.tn\/fr\/"},{"@type":"ListItem","position":2,"name":"Alg\u00e9rie : Au moins 34 morts carbonis\u00e9s dans un accident de bus"}]},{"@type":"WebSite","@id":"https:\/\/www.webdo.tn\/fr\/#website","url":"https:\/\/www.webdo.tn\/fr\/","name":"webdo","description":"Tunisie - News en Tunisie et \u00e0 l&#039;international sur Webdo.tn","publisher":{"@id":"https:\/\/www.webdo.tn\/fr\/#organization"},"potentialAction":[{"@type":"SearchAction","target":{"@type":"EntryPoint","urlTemplate":"https:\/\/www.webdo.tn\/fr\/?s={search_term_string}"},"query-input":{"@type":"PropertyValueSpecification","valueRequired":true,"valueName":"search_term_string"}}],"inLanguage":"fr-FR"},{"@type":"Organization","@id":"https:\/\/www.webdo.tn\/fr\/#organization","name":"Webdo","alternateName":"Webdo.tn","url":"https:\/\/www.webdo.tn\/fr\/","logo":{"@type":"ImageObject","inLanguage":"fr-FR","@id":"https:\/\/www.webdo.tn\/fr\/#\/schema\/logo\/image\/","url":"https:\/\/www.webdo.tn\/fr\/wp-content\/uploads\/2025\/06\/Webdo-Tunisie_168377.jpg","contentUrl":"https:\/\/www.webdo.tn\/fr\/wp-content\/uploads\/2025\/06\/Webdo-Tunisie_168377.jpg","width":301,"height":301,"caption":"Webdo"},"image":{"@id":"https:\/\/www.webdo.tn\/fr\/#\/schema\/logo\/image\/"},"sameAs":["https:\/\/www.facebook.com\/webdotn","https:\/\/x.com\/webdo_tn"],"description":"Webdo est un m\u00e9dia num\u00e9rique tunisien fond\u00e9 en 2010, sp\u00e9cialis\u00e9 dans l\u2019actualit\u00e9 nationale et internationale, l\u2019\u00e9conomie, la soci\u00e9t\u00e9 et les analyses politiques. Le site s\u2019adresse \u00e0 un large public francophone et couvre l\u2019information tunisienne en temps r\u00e9el.","email":"redac@webdo.tn","legalName":"YNJ SARL","foundingDate":"2010-09-06","numberOfEmployees":{"@type":"QuantitativeValue","minValue":"11","maxValue":"50"}},{"@type":"Person","@id":"https:\/\/www.webdo.tn\/fr\/#\/schema\/person\/f35b42a42c5e2511bbd282959d6385cc","name":"CL","image":{"@type":"ImageObject","inLanguage":"fr-FR","@id":"https:\/\/secure.gravatar.com\/avatar\/1447a49909b67aa657c488aec6512e1dd6143a480c1ecfee9b5b5cd74eb3b59e?s=96&d=mm&r=g","url":"https:\/\/secure.gravatar.com\/avatar\/1447a49909b67aa657c488aec6512e1dd6143a480c1ecfee9b5b5cd74eb3b59e?s=96&d=mm&r=g","contentUrl":"https:\/\/secure.gravatar.com\/avatar\/1447a49909b67aa657c488aec6512e1dd6143a480c1ecfee9b5b5cd74eb3b59e?s=96&d=mm&r=g","caption":"CL"},"url":"https:\/\/www.webdo.tn\/fr\/actualite\/author\/cl\/"}]}},"_links":{"self":[{"href":"https:\/\/www.webdo.tn\/fr\/wp-json\/wp\/v2\/posts\/207346","targetHints":{"allow":["GET"]}}],"collection":[{"href":"https:\/\/www.webdo.tn\/fr\/wp-json\/wp\/v2\/posts"}],"about":[{"href":"https:\/\/www.webdo.tn\/fr\/wp-json\/wp\/v2\/types\/post"}],"author":[{"embeddable":true,"href":"https:\/\/www.webdo.tn\/fr\/wp-json\/wp\/v2\/users\/3175"}],"replies":[{"embeddable":true,"href":"https:\/\/www.webdo.tn\/fr\/wp-json\/wp\/v2\/comments?post=207346"}],"version-history":[{"count":0,"href":"https:\/\/www.webdo.tn\/fr\/wp-json\/wp\/v2\/posts\/207346\/revisions"}],"wp:featuredmedia":[{"embeddable":true,"href":"https:\/\/www.webdo.tn\/fr\/wp-json\/wp\/v2\/media\/278486"}],"wp:attachment":[{"href":"https:\/\/www.webdo.tn\/fr\/wp-json\/wp\/v2\/media?parent=207346"}],"wp:term":[{"taxonomy":"category","embeddable":true,"href":"https:\/\/www.webdo.tn\/fr\/wp-json\/wp\/v2\/categories?post=207346"},{"taxonomy":"post_tag","embeddable":true,"href":"https:\/\/www.webdo.tn\/fr\/wp-json\/wp\/v2\/tags?post=207346"}],"curies":[{"name":"wp","href":"https:\/\/api.w.org\/{rel}","templated":true}]}}