{"id":207335,"date":"2023-07-18T19:22:00","date_gmt":"2023-07-18T19:22:00","guid":{"rendered":"https:\/\/www.webdo.tn\/fr\/blog\/l-armee-de-l-air-receptionne-quatre-avions-d-entrainement-us-t-6c\/207335\/"},"modified":"2025-05-20T22:09:43","modified_gmt":"2025-05-20T22:09:43","slug":"l-armee-de-l-air-receptionne-quatre-avions-d-entrainement-us-t-6c","status":"publish","type":"post","link":"https:\/\/www.webdo.tn\/fr\/actualite\/national\/l-armee-de-l-air-receptionne-quatre-avions-d-entrainement-us-t-6c\/207335\/","title":{"rendered":"L\u2019arm\u00e9e de l\u2019air r\u00e9ceptionne quatre avions d\u2019entra\u00eenement US T-6C"},"content":{"rendered":"<p>Le minist\u00e8re de la D\u00e9fense nationale a r\u00e9ceptionn\u00e9, lundi 17 juillet, \u00e0 la base a\u00e9rienne de Sfax, quatre avions d&rsquo;entra\u00eenement, dans le cadre de la coop\u00e9ration avec les Etats-Unis afin de renouveler la flotte d&rsquo;avions d&rsquo;entra\u00eenement de l&rsquo;arm\u00e9e de l&rsquo;air de type T-6C.<\/p>\n<p>\t\t\t\t\t\t\t\t\tLa c\u00e9r\u00e9monie de remise de ces avions a \u00e9t\u00e9 pr\u00e9sid\u00e9e par le ministre de la D\u00e9fense, Imed Memmich, en pr\u00e9sence notamment de l&rsquo;ambassadeur des Etats-Unis \u00e0 Tunis, Joey Hood, et la Sous-secr\u00e9taire d&rsquo;Etat de l&rsquo;arm\u00e9e de l&rsquo;air am\u00e9ricaine, outre des repr\u00e9sentants du Commandement des Etats-Unis pour l&rsquo;Afrique (AFRICOM).<\/p>\n<p>Ces avions doivent renforcer les capacit\u00e9s op\u00e9rationnelles de l&rsquo;arm\u00e9e de l&rsquo;air dans le domaine de la formation des pilotes de combat et permettront aussi de continuer d&rsquo;appuyer les forces a\u00e9riennes militaires des pays africains amis a indiqu\u00e9 Imed Memmich.<\/p>\n<p>\u00ab\u00a0La remise de ce premier lot \u00e0 l&rsquo;arm\u00e9e de l&rsquo;air atteste de la solidit\u00e9 de la relation strat\u00e9gique entre les deux pays\u00a0\u00bb, a pour sa part d\u00e9clar\u00e9 l\u2019ambassadeur des Etats-Unis \u00e0 Tunis.<\/p>\n","protected":false},"excerpt":{"rendered":"<p>Le minist\u00e8re de la D\u00e9fense nationale a r\u00e9ceptionn\u00e9, lundi 17 juillet, \u00e0 la base a\u00e9rienne de Sfax, quatre avions d&rsquo;entra\u00eenement, dans le cadre de la coop\u00e9ration&#8230;<\/p>\n","protected":false},"author":3162,"featured_media":278482,"comment_status":"open","ping_status":"closed","sticky":false,"template":"","format":"standard","meta":{"footnotes":""},"categories":[44],"tags":[4479,8368,3035,2608],"class_list":["post-207335","post","type-post","status-publish","format-standard","has-post-thumbnail","hentry","category-national","tag-armee","tag-avions","tag-etats-unis","tag-tunisie"],"yoast_head":"<!-- This site is optimized with the Yoast SEO Premium plugin v27.5 (Yoast SEO v27.5) - https:\/\/yoast.com\/product\/yoast-seo-premium-wordpress\/ -->\n<title>L\u2019arm\u00e9e de l\u2019air r\u00e9ceptionne quatre avions d\u2019entra\u00eenement US T-6C<\/title>\n<meta name=\"description\" content=\"Le minist\u00e8re de la D\u00e9fense nationale a r\u00e9ceptionn\u00e9, lundi 17 juillet, \u00e0 la base a\u00e9rienne de Sfax, quatre avions d&#039;entra\u00eenement, dans le cadre de la coop\u00e9ration...\" \/>\n<link rel=\"canonical\" href=\"https:\/\/www.webdo.tn\/fr\/actualite\/national\/l-armee-de-l-air-receptionne-quatre-avions-d-entrainement-us-t-6c\/207335\/\" \/>\n<meta property=\"og:locale\" content=\"fr_FR\" \/>\n<meta property=\"og:type\" content=\"article\" \/>\n<meta property=\"og:title\" content=\"L\u2019arm\u00e9e de l\u2019air r\u00e9ceptionne quatre avions d\u2019entra\u00eenement US T-6C\" \/>\n<meta property=\"og:description\" content=\"Le minist\u00e8re de la D\u00e9fense nationale a r\u00e9ceptionn\u00e9, lundi 17 juillet, \u00e0 la base a\u00e9rienne de Sfax, quatre avions d&#039;entra\u00eenement, dans le cadre de la coop\u00e9ration...\" \/>\n<meta property=\"og:url\" content=\"https:\/\/www.webdo.tn\/fr\/actualite\/national\/l-armee-de-l-air-receptionne-quatre-avions-d-entrainement-us-t-6c\/207335\/\" \/>\n<meta property=\"og:site_name\" content=\"webdo\" \/>\n<meta property=\"article:publisher\" content=\"https:\/\/www.facebook.com\/webdotn\" \/>\n<meta property=\"article:published_time\" content=\"2023-07-18T19:22:00+00:00\" \/>\n<meta property=\"article:modified_time\" content=\"2025-05-20T22:09:43+00:00\" \/>\n<meta property=\"og:image\" content=\"https:\/\/www.webdo.tn\/fr\/wp-content\/uploads\/2023\/07\/3a1fddf40cc70771ffa1d255af7189ea.jpg\" \/>\n\t<meta property=\"og:image:width\" content=\"750\" \/>\n\t<meta property=\"og:image:height\" content=\"400\" \/>\n\t<meta property=\"og:image:type\" content=\"image\/jpeg\" \/>\n<meta name=\"author\" content=\"MC\" \/>\n<meta name=\"twitter:card\" content=\"summary_large_image\" \/>\n<meta name=\"twitter:creator\" content=\"@webdo_tn\" \/>\n<meta name=\"twitter:site\" content=\"@webdo_tn\" \/>\n<meta name=\"twitter:label1\" content=\"\u00c9crit par\" \/>\n\t<meta name=\"twitter:data1\" content=\"MC\" \/>\n\t<meta name=\"twitter:label2\" content=\"Dur\u00e9e de lecture estim\u00e9e\" \/>\n\t<meta name=\"twitter:data2\" content=\"1 minute\" \/>\n<script type=\"application\/ld+json\" class=\"yoast-schema-graph\">{\"@context\":\"https:\\\/\\\/schema.org\",\"@graph\":[{\"@type\":\"NewsArticle\",\"@id\":\"https:\\\/\\\/www.webdo.tn\\\/fr\\\/actualite\\\/national\\\/l-armee-de-l-air-receptionne-quatre-avions-d-entrainement-us-t-6c\\\/207335\\\/#article\",\"isPartOf\":{\"@id\":\"https:\\\/\\\/www.webdo.tn\\\/fr\\\/actualite\\\/national\\\/l-armee-de-l-air-receptionne-quatre-avions-d-entrainement-us-t-6c\\\/207335\\\/\"},\"author\":{\"name\":\"MC\",\"@id\":\"https:\\\/\\\/www.webdo.tn\\\/fr\\\/#\\\/schema\\\/person\\\/2c4929cbf5a809e3bd38617c6ce150f6\"},\"headline\":\"L\u2019arm\u00e9e de l\u2019air r\u00e9ceptionne quatre avions d\u2019entra\u00eenement US T-6C\",\"datePublished\":\"2023-07-18T19:22:00+00:00\",\"dateModified\":\"2025-05-20T22:09:43+00:00\",\"mainEntityOfPage\":{\"@id\":\"https:\\\/\\\/www.webdo.tn\\\/fr\\\/actualite\\\/national\\\/l-armee-de-l-air-receptionne-quatre-avions-d-entrainement-us-t-6c\\\/207335\\\/\"},\"wordCount\":215,\"commentCount\":0,\"publisher\":{\"@id\":\"https:\\\/\\\/www.webdo.tn\\\/fr\\\/#organization\"},\"image\":{\"@id\":\"https:\\\/\\\/www.webdo.tn\\\/fr\\\/actualite\\\/national\\\/l-armee-de-l-air-receptionne-quatre-avions-d-entrainement-us-t-6c\\\/207335\\\/#primaryimage\"},\"thumbnailUrl\":\"https:\\\/\\\/www.webdo.tn\\\/fr\\\/wp-content\\\/uploads\\\/2023\\\/07\\\/3a1fddf40cc70771ffa1d255af7189ea.jpg\",\"keywords\":[\"arm\u00e9e\",\"avions\",\"Etats-Unis\",\"Tunisie\"],\"articleSection\":[\"National\"],\"inLanguage\":\"fr-FR\"},{\"@type\":\"WebPage\",\"@id\":\"https:\\\/\\\/www.webdo.tn\\\/fr\\\/actualite\\\/national\\\/l-armee-de-l-air-receptionne-quatre-avions-d-entrainement-us-t-6c\\\/207335\\\/\",\"url\":\"https:\\\/\\\/www.webdo.tn\\\/fr\\\/actualite\\\/national\\\/l-armee-de-l-air-receptionne-quatre-avions-d-entrainement-us-t-6c\\\/207335\\\/\",\"name\":\"L\u2019arm\u00e9e de l\u2019air r\u00e9ceptionne quatre avions d\u2019entra\u00eenement US T-6C\",\"isPartOf\":{\"@id\":\"https:\\\/\\\/www.webdo.tn\\\/fr\\\/#website\"},\"primaryImageOfPage\":{\"@id\":\"https:\\\/\\\/www.webdo.tn\\\/fr\\\/actualite\\\/national\\\/l-armee-de-l-air-receptionne-quatre-avions-d-entrainement-us-t-6c\\\/207335\\\/#primaryimage\"},\"image\":{\"@id\":\"https:\\\/\\\/www.webdo.tn\\\/fr\\\/actualite\\\/national\\\/l-armee-de-l-air-receptionne-quatre-avions-d-entrainement-us-t-6c\\\/207335\\\/#primaryimage\"},\"thumbnailUrl\":\"https:\\\/\\\/www.webdo.tn\\\/fr\\\/wp-content\\\/uploads\\\/2023\\\/07\\\/3a1fddf40cc70771ffa1d255af7189ea.jpg\",\"datePublished\":\"2023-07-18T19:22:00+00:00\",\"dateModified\":\"2025-05-20T22:09:43+00:00\",\"description\":\"Le minist\u00e8re de la D\u00e9fense nationale a r\u00e9ceptionn\u00e9, lundi 17 juillet, \u00e0 la base a\u00e9rienne de Sfax, quatre avions d'entra\u00eenement, dans le cadre de la coop\u00e9ration...\",\"breadcrumb\":{\"@id\":\"https:\\\/\\\/www.webdo.tn\\\/fr\\\/actualite\\\/national\\\/l-armee-de-l-air-receptionne-quatre-avions-d-entrainement-us-t-6c\\\/207335\\\/#breadcrumb\"},\"inLanguage\":\"fr-FR\",\"potentialAction\":[{\"@type\":\"ReadAction\",\"target\":[\"https:\\\/\\\/www.webdo.tn\\\/fr\\\/actualite\\\/national\\\/l-armee-de-l-air-receptionne-quatre-avions-d-entrainement-us-t-6c\\\/207335\\\/\"]}]},{\"@type\":\"ImageObject\",\"inLanguage\":\"fr-FR\",\"@id\":\"https:\\\/\\\/www.webdo.tn\\\/fr\\\/actualite\\\/national\\\/l-armee-de-l-air-receptionne-quatre-avions-d-entrainement-us-t-6c\\\/207335\\\/#primaryimage\",\"url\":\"https:\\\/\\\/www.webdo.tn\\\/fr\\\/wp-content\\\/uploads\\\/2023\\\/07\\\/3a1fddf40cc70771ffa1d255af7189ea.jpg\",\"contentUrl\":\"https:\\\/\\\/www.webdo.tn\\\/fr\\\/wp-content\\\/uploads\\\/2023\\\/07\\\/3a1fddf40cc70771ffa1d255af7189ea.jpg\",\"width\":750,\"height\":400,\"caption\":\"L\u2019arm\u00e9e de l\u2019air r\u00e9ceptionne quatre avions d\u2019entra\u00eenement US T-6C\"},{\"@type\":\"BreadcrumbList\",\"@id\":\"https:\\\/\\\/www.webdo.tn\\\/fr\\\/actualite\\\/national\\\/l-armee-de-l-air-receptionne-quatre-avions-d-entrainement-us-t-6c\\\/207335\\\/#breadcrumb\",\"itemListElement\":[{\"@type\":\"ListItem\",\"position\":1,\"name\":\"Accueil\",\"item\":\"https:\\\/\\\/www.webdo.tn\\\/fr\\\/\"},{\"@type\":\"ListItem\",\"position\":2,\"name\":\"L\u2019arm\u00e9e de l\u2019air r\u00e9ceptionne quatre avions d\u2019entra\u00eenement US T-6C\"}]},{\"@type\":\"WebSite\",\"@id\":\"https:\\\/\\\/www.webdo.tn\\\/fr\\\/#website\",\"url\":\"https:\\\/\\\/www.webdo.tn\\\/fr\\\/\",\"name\":\"webdo\",\"description\":\"Tunisie - News en Tunisie et \u00e0 l&#039;international sur Webdo.tn\",\"publisher\":{\"@id\":\"https:\\\/\\\/www.webdo.tn\\\/fr\\\/#organization\"},\"potentialAction\":[{\"@type\":\"SearchAction\",\"target\":{\"@type\":\"EntryPoint\",\"urlTemplate\":\"https:\\\/\\\/www.webdo.tn\\\/fr\\\/?s={search_term_string}\"},\"query-input\":{\"@type\":\"PropertyValueSpecification\",\"valueRequired\":true,\"valueName\":\"search_term_string\"}}],\"inLanguage\":\"fr-FR\"},{\"@type\":\"Organization\",\"@id\":\"https:\\\/\\\/www.webdo.tn\\\/fr\\\/#organization\",\"name\":\"Webdo\",\"alternateName\":\"Webdo.tn\",\"url\":\"https:\\\/\\\/www.webdo.tn\\\/fr\\\/\",\"logo\":{\"@type\":\"ImageObject\",\"inLanguage\":\"fr-FR\",\"@id\":\"https:\\\/\\\/www.webdo.tn\\\/fr\\\/#\\\/schema\\\/logo\\\/image\\\/\",\"url\":\"https:\\\/\\\/www.webdo.tn\\\/fr\\\/wp-content\\\/uploads\\\/2025\\\/06\\\/Webdo-Tunisie_168377.jpg\",\"contentUrl\":\"https:\\\/\\\/www.webdo.tn\\\/fr\\\/wp-content\\\/uploads\\\/2025\\\/06\\\/Webdo-Tunisie_168377.jpg\",\"width\":301,\"height\":301,\"caption\":\"Webdo\"},\"image\":{\"@id\":\"https:\\\/\\\/www.webdo.tn\\\/fr\\\/#\\\/schema\\\/logo\\\/image\\\/\"},\"sameAs\":[\"https:\\\/\\\/www.facebook.com\\\/webdotn\",\"https:\\\/\\\/x.com\\\/webdo_tn\"],\"description\":\"Webdo est un m\u00e9dia num\u00e9rique tunisien fond\u00e9 en 2010, sp\u00e9cialis\u00e9 dans l\u2019actualit\u00e9 nationale et internationale, l\u2019\u00e9conomie, la soci\u00e9t\u00e9 et les analyses politiques. Le site s\u2019adresse \u00e0 un large public francophone et couvre l\u2019information tunisienne en temps r\u00e9el.\",\"email\":\"redac@webdo.tn\",\"legalName\":\"YNJ SARL\",\"foundingDate\":\"2010-09-06\",\"numberOfEmployees\":{\"@type\":\"QuantitativeValue\",\"minValue\":\"11\",\"maxValue\":\"50\"}},{\"@type\":\"Person\",\"@id\":\"https:\\\/\\\/www.webdo.tn\\\/fr\\\/#\\\/schema\\\/person\\\/2c4929cbf5a809e3bd38617c6ce150f6\",\"name\":\"MC\",\"image\":{\"@type\":\"ImageObject\",\"inLanguage\":\"fr-FR\",\"@id\":\"https:\\\/\\\/secure.gravatar.com\\\/avatar\\\/a545bbb6f84efdd5553dbbc2895e3ca8f1d12c5215e00a041c9670b54aa9b18a?s=96&d=mm&r=g\",\"url\":\"https:\\\/\\\/secure.gravatar.com\\\/avatar\\\/a545bbb6f84efdd5553dbbc2895e3ca8f1d12c5215e00a041c9670b54aa9b18a?s=96&d=mm&r=g\",\"contentUrl\":\"https:\\\/\\\/secure.gravatar.com\\\/avatar\\\/a545bbb6f84efdd5553dbbc2895e3ca8f1d12c5215e00a041c9670b54aa9b18a?s=96&d=mm&r=g\",\"caption\":\"MC\"},\"url\":\"https:\\\/\\\/www.webdo.tn\\\/fr\\\/actualite\\\/author\\\/mc\\\/\"}]}<\/script>\n<!-- \/ Yoast SEO Premium plugin. -->","yoast_head_json":{"title":"L\u2019arm\u00e9e de l\u2019air r\u00e9ceptionne quatre avions d\u2019entra\u00eenement US T-6C","description":"Le minist\u00e8re de la D\u00e9fense nationale a r\u00e9ceptionn\u00e9, lundi 17 juillet, \u00e0 la base a\u00e9rienne de Sfax, quatre avions d'entra\u00eenement, dans le cadre de la coop\u00e9ration...","canonical":"https:\/\/www.webdo.tn\/fr\/actualite\/national\/l-armee-de-l-air-receptionne-quatre-avions-d-entrainement-us-t-6c\/207335\/","og_locale":"fr_FR","og_type":"article","og_title":"L\u2019arm\u00e9e de l\u2019air r\u00e9ceptionne quatre avions d\u2019entra\u00eenement US T-6C","og_description":"Le minist\u00e8re de la D\u00e9fense nationale a r\u00e9ceptionn\u00e9, lundi 17 juillet, \u00e0 la base a\u00e9rienne de Sfax, quatre avions d'entra\u00eenement, dans le cadre de la coop\u00e9ration...","og_url":"https:\/\/www.webdo.tn\/fr\/actualite\/national\/l-armee-de-l-air-receptionne-quatre-avions-d-entrainement-us-t-6c\/207335\/","og_site_name":"webdo","article_publisher":"https:\/\/www.facebook.com\/webdotn","article_published_time":"2023-07-18T19:22:00+00:00","article_modified_time":"2025-05-20T22:09:43+00:00","og_image":[{"width":750,"height":400,"url":"https:\/\/www.webdo.tn\/fr\/wp-content\/uploads\/2023\/07\/3a1fddf40cc70771ffa1d255af7189ea.jpg","type":"image\/jpeg"}],"author":"MC","twitter_card":"summary_large_image","twitter_creator":"@webdo_tn","twitter_site":"@webdo_tn","twitter_misc":{"\u00c9crit par":"MC","Dur\u00e9e de lecture estim\u00e9e":"1 minute"},"schema":{"@context":"https:\/\/schema.org","@graph":[{"@type":"NewsArticle","@id":"https:\/\/www.webdo.tn\/fr\/actualite\/national\/l-armee-de-l-air-receptionne-quatre-avions-d-entrainement-us-t-6c\/207335\/#article","isPartOf":{"@id":"https:\/\/www.webdo.tn\/fr\/actualite\/national\/l-armee-de-l-air-receptionne-quatre-avions-d-entrainement-us-t-6c\/207335\/"},"author":{"name":"MC","@id":"https:\/\/www.webdo.tn\/fr\/#\/schema\/person\/2c4929cbf5a809e3bd38617c6ce150f6"},"headline":"L\u2019arm\u00e9e de l\u2019air r\u00e9ceptionne quatre avions d\u2019entra\u00eenement US T-6C","datePublished":"2023-07-18T19:22:00+00:00","dateModified":"2025-05-20T22:09:43+00:00","mainEntityOfPage":{"@id":"https:\/\/www.webdo.tn\/fr\/actualite\/national\/l-armee-de-l-air-receptionne-quatre-avions-d-entrainement-us-t-6c\/207335\/"},"wordCount":215,"commentCount":0,"publisher":{"@id":"https:\/\/www.webdo.tn\/fr\/#organization"},"image":{"@id":"https:\/\/www.webdo.tn\/fr\/actualite\/national\/l-armee-de-l-air-receptionne-quatre-avions-d-entrainement-us-t-6c\/207335\/#primaryimage"},"thumbnailUrl":"https:\/\/www.webdo.tn\/fr\/wp-content\/uploads\/2023\/07\/3a1fddf40cc70771ffa1d255af7189ea.jpg","keywords":["arm\u00e9e","avions","Etats-Unis","Tunisie"],"articleSection":["National"],"inLanguage":"fr-FR"},{"@type":"WebPage","@id":"https:\/\/www.webdo.tn\/fr\/actualite\/national\/l-armee-de-l-air-receptionne-quatre-avions-d-entrainement-us-t-6c\/207335\/","url":"https:\/\/www.webdo.tn\/fr\/actualite\/national\/l-armee-de-l-air-receptionne-quatre-avions-d-entrainement-us-t-6c\/207335\/","name":"L\u2019arm\u00e9e de l\u2019air r\u00e9ceptionne quatre avions d\u2019entra\u00eenement US T-6C","isPartOf":{"@id":"https:\/\/www.webdo.tn\/fr\/#website"},"primaryImageOfPage":{"@id":"https:\/\/www.webdo.tn\/fr\/actualite\/national\/l-armee-de-l-air-receptionne-quatre-avions-d-entrainement-us-t-6c\/207335\/#primaryimage"},"image":{"@id":"https:\/\/www.webdo.tn\/fr\/actualite\/national\/l-armee-de-l-air-receptionne-quatre-avions-d-entrainement-us-t-6c\/207335\/#primaryimage"},"thumbnailUrl":"https:\/\/www.webdo.tn\/fr\/wp-content\/uploads\/2023\/07\/3a1fddf40cc70771ffa1d255af7189ea.jpg","datePublished":"2023-07-18T19:22:00+00:00","dateModified":"2025-05-20T22:09:43+00:00","description":"Le minist\u00e8re de la D\u00e9fense nationale a r\u00e9ceptionn\u00e9, lundi 17 juillet, \u00e0 la base a\u00e9rienne de Sfax, quatre avions d'entra\u00eenement, dans le cadre de la coop\u00e9ration...","breadcrumb":{"@id":"https:\/\/www.webdo.tn\/fr\/actualite\/national\/l-armee-de-l-air-receptionne-quatre-avions-d-entrainement-us-t-6c\/207335\/#breadcrumb"},"inLanguage":"fr-FR","potentialAction":[{"@type":"ReadAction","target":["https:\/\/www.webdo.tn\/fr\/actualite\/national\/l-armee-de-l-air-receptionne-quatre-avions-d-entrainement-us-t-6c\/207335\/"]}]},{"@type":"ImageObject","inLanguage":"fr-FR","@id":"https:\/\/www.webdo.tn\/fr\/actualite\/national\/l-armee-de-l-air-receptionne-quatre-avions-d-entrainement-us-t-6c\/207335\/#primaryimage","url":"https:\/\/www.webdo.tn\/fr\/wp-content\/uploads\/2023\/07\/3a1fddf40cc70771ffa1d255af7189ea.jpg","contentUrl":"https:\/\/www.webdo.tn\/fr\/wp-content\/uploads\/2023\/07\/3a1fddf40cc70771ffa1d255af7189ea.jpg","width":750,"height":400,"caption":"L\u2019arm\u00e9e de l\u2019air r\u00e9ceptionne quatre avions d\u2019entra\u00eenement US T-6C"},{"@type":"BreadcrumbList","@id":"https:\/\/www.webdo.tn\/fr\/actualite\/national\/l-armee-de-l-air-receptionne-quatre-avions-d-entrainement-us-t-6c\/207335\/#breadcrumb","itemListElement":[{"@type":"ListItem","position":1,"name":"Accueil","item":"https:\/\/www.webdo.tn\/fr\/"},{"@type":"ListItem","position":2,"name":"L\u2019arm\u00e9e de l\u2019air r\u00e9ceptionne quatre avions d\u2019entra\u00eenement US T-6C"}]},{"@type":"WebSite","@id":"https:\/\/www.webdo.tn\/fr\/#website","url":"https:\/\/www.webdo.tn\/fr\/","name":"webdo","description":"Tunisie - News en Tunisie et \u00e0 l&#039;international sur Webdo.tn","publisher":{"@id":"https:\/\/www.webdo.tn\/fr\/#organization"},"potentialAction":[{"@type":"SearchAction","target":{"@type":"EntryPoint","urlTemplate":"https:\/\/www.webdo.tn\/fr\/?s={search_term_string}"},"query-input":{"@type":"PropertyValueSpecification","valueRequired":true,"valueName":"search_term_string"}}],"inLanguage":"fr-FR"},{"@type":"Organization","@id":"https:\/\/www.webdo.tn\/fr\/#organization","name":"Webdo","alternateName":"Webdo.tn","url":"https:\/\/www.webdo.tn\/fr\/","logo":{"@type":"ImageObject","inLanguage":"fr-FR","@id":"https:\/\/www.webdo.tn\/fr\/#\/schema\/logo\/image\/","url":"https:\/\/www.webdo.tn\/fr\/wp-content\/uploads\/2025\/06\/Webdo-Tunisie_168377.jpg","contentUrl":"https:\/\/www.webdo.tn\/fr\/wp-content\/uploads\/2025\/06\/Webdo-Tunisie_168377.jpg","width":301,"height":301,"caption":"Webdo"},"image":{"@id":"https:\/\/www.webdo.tn\/fr\/#\/schema\/logo\/image\/"},"sameAs":["https:\/\/www.facebook.com\/webdotn","https:\/\/x.com\/webdo_tn"],"description":"Webdo est un m\u00e9dia num\u00e9rique tunisien fond\u00e9 en 2010, sp\u00e9cialis\u00e9 dans l\u2019actualit\u00e9 nationale et internationale, l\u2019\u00e9conomie, la soci\u00e9t\u00e9 et les analyses politiques. Le site s\u2019adresse \u00e0 un large public francophone et couvre l\u2019information tunisienne en temps r\u00e9el.","email":"redac@webdo.tn","legalName":"YNJ SARL","foundingDate":"2010-09-06","numberOfEmployees":{"@type":"QuantitativeValue","minValue":"11","maxValue":"50"}},{"@type":"Person","@id":"https:\/\/www.webdo.tn\/fr\/#\/schema\/person\/2c4929cbf5a809e3bd38617c6ce150f6","name":"MC","image":{"@type":"ImageObject","inLanguage":"fr-FR","@id":"https:\/\/secure.gravatar.com\/avatar\/a545bbb6f84efdd5553dbbc2895e3ca8f1d12c5215e00a041c9670b54aa9b18a?s=96&d=mm&r=g","url":"https:\/\/secure.gravatar.com\/avatar\/a545bbb6f84efdd5553dbbc2895e3ca8f1d12c5215e00a041c9670b54aa9b18a?s=96&d=mm&r=g","contentUrl":"https:\/\/secure.gravatar.com\/avatar\/a545bbb6f84efdd5553dbbc2895e3ca8f1d12c5215e00a041c9670b54aa9b18a?s=96&d=mm&r=g","caption":"MC"},"url":"https:\/\/www.webdo.tn\/fr\/actualite\/author\/mc\/"}]}},"_links":{"self":[{"href":"https:\/\/www.webdo.tn\/fr\/wp-json\/wp\/v2\/posts\/207335","targetHints":{"allow":["GET"]}}],"collection":[{"href":"https:\/\/www.webdo.tn\/fr\/wp-json\/wp\/v2\/posts"}],"about":[{"href":"https:\/\/www.webdo.tn\/fr\/wp-json\/wp\/v2\/types\/post"}],"author":[{"embeddable":true,"href":"https:\/\/www.webdo.tn\/fr\/wp-json\/wp\/v2\/users\/3162"}],"replies":[{"embeddable":true,"href":"https:\/\/www.webdo.tn\/fr\/wp-json\/wp\/v2\/comments?post=207335"}],"version-history":[{"count":0,"href":"https:\/\/www.webdo.tn\/fr\/wp-json\/wp\/v2\/posts\/207335\/revisions"}],"wp:featuredmedia":[{"embeddable":true,"href":"https:\/\/www.webdo.tn\/fr\/wp-json\/wp\/v2\/media\/278482"}],"wp:attachment":[{"href":"https:\/\/www.webdo.tn\/fr\/wp-json\/wp\/v2\/media?parent=207335"}],"wp:term":[{"taxonomy":"category","embeddable":true,"href":"https:\/\/www.webdo.tn\/fr\/wp-json\/wp\/v2\/categories?post=207335"},{"taxonomy":"post_tag","embeddable":true,"href":"https:\/\/www.webdo.tn\/fr\/wp-json\/wp\/v2\/tags?post=207335"}],"curies":[{"name":"wp","href":"https:\/\/api.w.org\/{rel}","templated":true}]}}