{"id":207331,"date":"2023-07-18T14:40:00","date_gmt":"2023-07-18T14:40:00","guid":{"rendered":"https:\/\/www.webdo.tn\/fr\/blog\/enseignement-superieur-renouvellement-du-partenariat-entre-la-tunisie-et-l-italie\/207331\/"},"modified":"2025-05-20T22:51:00","modified_gmt":"2025-05-20T22:51:00","slug":"enseignement-superieur-renouvellement-du-partenariat-entre-la-tunisie-et-l-italie","status":"publish","type":"post","link":"https:\/\/www.webdo.tn\/fr\/actualite\/national\/enseignement-superieur-renouvellement-du-partenariat-entre-la-tunisie-et-l-italie\/207331\/","title":{"rendered":"Enseignement sup\u00e9rieur : Renouvellement du partenariat entre la Tunisie et l&rsquo;Italie"},"content":{"rendered":"<p>Lors d&rsquo;une r\u00e9union tenue lundi \u00e0 Tunis entre le ministre de l&rsquo;Enseignement sup\u00e9rieur et de la Recherche scientifique, Moncef Boukthir et l&rsquo;ambassadeur d&rsquo;Italie en Tunisie, Fabrizio Saggio, en pr\u00e9sence du Directeur g\u00e9n\u00e9ral de la Coop\u00e9ration internationale au minist\u00e8re, Malek Kochlef, il a \u00e9t\u00e9 convenu de renouveler le cadre de partenariat entre les deux pays dans le domaine de l&rsquo;enseignement sup\u00e9rieur et de la recherche scientifique.<\/p>\n<p>\t\t\t\t\t\t\t\t\tL&rsquo;objectif \u00e9tant de r\u00e9aliser des programmes bilat\u00e9raux structur\u00e9s dans des domaines d&rsquo;int\u00e9r\u00eat commun, notamment les \u00e9nergies renouvelables et l&rsquo;environnement, selon un communiqu\u00e9 publi\u00e9 mardi par le minist\u00e8re de l&rsquo;Enseignement sup\u00e9rieur et de la Recherche scientifique.<\/p>\n<p>Le financement de projets de recherche communs et de la promotion de la coop\u00e9ration entre les universit\u00e9s, la mobilit\u00e9 des \u00e9tudiants, des enseignants et des programmes ont \u00e9t\u00e9 \u00e9galement \u00e0 l&rsquo;ordre du jour de la r\u00e9union.<\/p>\n<p>Par ailleurs, les deux parties ont salu\u00e9 la bonne dynamique de la coop\u00e9ration universitaire et scientifique entre les deux pays, en particulier dans le cadre de programmes europ\u00e9ens tels que \u00ab\u00a0Erasmus+\u00a0\u00bb et \u00ab\u00a0Horizon Europe\u00a0\u00bb, ainsi que le programme ERASMUS+ Transfrontalier.<\/p>\n","protected":false},"excerpt":{"rendered":"<p>Lors d&rsquo;une r\u00e9union tenue lundi \u00e0 Tunis entre le ministre de l&rsquo;Enseignement sup\u00e9rieur et de la Recherche scientifique, Moncef Boukthir et l&rsquo;ambassadeur d&rsquo;Italie&#8230;<\/p>\n","protected":false},"author":3175,"featured_media":278471,"comment_status":"open","ping_status":"closed","sticky":false,"template":"","format":"standard","meta":{"footnotes":""},"categories":[44],"tags":[2660,2608],"class_list":["post-207331","post","type-post","status-publish","format-standard","has-post-thumbnail","hentry","category-national","tag-italie","tag-tunisie"],"yoast_head":"<!-- This site is optimized with the Yoast SEO Premium plugin v27.5 (Yoast SEO v27.5) - https:\/\/yoast.com\/product\/yoast-seo-premium-wordpress\/ -->\n<title>Enseignement sup\u00e9rieur : Renouvellement du partenariat entre la Tunisie et l&#039;Italie<\/title>\n<meta name=\"description\" content=\"Lors d&#039;une r\u00e9union tenue lundi \u00e0 Tunis entre le ministre de l&#039;Enseignement sup\u00e9rieur et de la Recherche scientifique, Moncef Boukthir et l&#039;ambassadeur d&#039;Italie...\" \/>\n<link rel=\"canonical\" href=\"https:\/\/www.webdo.tn\/fr\/actualite\/national\/enseignement-superieur-renouvellement-du-partenariat-entre-la-tunisie-et-l-italie\/207331\/\" \/>\n<meta property=\"og:locale\" content=\"fr_FR\" \/>\n<meta property=\"og:type\" content=\"article\" \/>\n<meta property=\"og:title\" content=\"Enseignement sup\u00e9rieur : Renouvellement du partenariat entre la Tunisie et l&#039;Italie\" \/>\n<meta property=\"og:description\" content=\"Lors d&#039;une r\u00e9union tenue lundi \u00e0 Tunis entre le ministre de l&#039;Enseignement sup\u00e9rieur et de la Recherche scientifique, Moncef Boukthir et l&#039;ambassadeur d&#039;Italie...\" \/>\n<meta property=\"og:url\" content=\"https:\/\/www.webdo.tn\/fr\/actualite\/national\/enseignement-superieur-renouvellement-du-partenariat-entre-la-tunisie-et-l-italie\/207331\/\" \/>\n<meta property=\"og:site_name\" content=\"webdo\" \/>\n<meta property=\"article:publisher\" content=\"https:\/\/www.facebook.com\/webdotn\" \/>\n<meta property=\"article:published_time\" content=\"2023-07-18T14:40:00+00:00\" \/>\n<meta property=\"article:modified_time\" content=\"2025-05-20T22:51:00+00:00\" \/>\n<meta property=\"og:image\" content=\"https:\/\/www.webdo.tn\/fr\/wp-content\/uploads\/2023\/07\/1e25035bb6f281ad6830493e1fdf8516.jpg\" \/>\n\t<meta property=\"og:image:width\" content=\"750\" \/>\n\t<meta property=\"og:image:height\" content=\"400\" \/>\n\t<meta property=\"og:image:type\" content=\"image\/jpeg\" \/>\n<meta name=\"author\" content=\"CL\" \/>\n<meta name=\"twitter:card\" content=\"summary_large_image\" \/>\n<meta name=\"twitter:creator\" content=\"@webdo_tn\" \/>\n<meta name=\"twitter:site\" content=\"@webdo_tn\" \/>\n<meta name=\"twitter:label1\" content=\"\u00c9crit par\" \/>\n\t<meta name=\"twitter:data1\" content=\"CL\" \/>\n\t<meta name=\"twitter:label2\" content=\"Dur\u00e9e de lecture estim\u00e9e\" \/>\n\t<meta name=\"twitter:data2\" content=\"1 minute\" \/>\n<script type=\"application\/ld+json\" class=\"yoast-schema-graph\">{\"@context\":\"https:\\\/\\\/schema.org\",\"@graph\":[{\"@type\":\"NewsArticle\",\"@id\":\"https:\\\/\\\/www.webdo.tn\\\/fr\\\/actualite\\\/national\\\/enseignement-superieur-renouvellement-du-partenariat-entre-la-tunisie-et-l-italie\\\/207331\\\/#article\",\"isPartOf\":{\"@id\":\"https:\\\/\\\/www.webdo.tn\\\/fr\\\/actualite\\\/national\\\/enseignement-superieur-renouvellement-du-partenariat-entre-la-tunisie-et-l-italie\\\/207331\\\/\"},\"author\":{\"name\":\"CL\",\"@id\":\"https:\\\/\\\/www.webdo.tn\\\/fr\\\/#\\\/schema\\\/person\\\/f35b42a42c5e2511bbd282959d6385cc\"},\"headline\":\"Enseignement sup\u00e9rieur : Renouvellement du partenariat entre la Tunisie et l&rsquo;Italie\",\"datePublished\":\"2023-07-18T14:40:00+00:00\",\"dateModified\":\"2025-05-20T22:51:00+00:00\",\"mainEntityOfPage\":{\"@id\":\"https:\\\/\\\/www.webdo.tn\\\/fr\\\/actualite\\\/national\\\/enseignement-superieur-renouvellement-du-partenariat-entre-la-tunisie-et-l-italie\\\/207331\\\/\"},\"wordCount\":216,\"commentCount\":0,\"publisher\":{\"@id\":\"https:\\\/\\\/www.webdo.tn\\\/fr\\\/#organization\"},\"image\":{\"@id\":\"https:\\\/\\\/www.webdo.tn\\\/fr\\\/actualite\\\/national\\\/enseignement-superieur-renouvellement-du-partenariat-entre-la-tunisie-et-l-italie\\\/207331\\\/#primaryimage\"},\"thumbnailUrl\":\"https:\\\/\\\/www.webdo.tn\\\/fr\\\/wp-content\\\/uploads\\\/2023\\\/07\\\/1e25035bb6f281ad6830493e1fdf8516.jpg\",\"keywords\":[\"Italie\",\"Tunisie\"],\"articleSection\":[\"National\"],\"inLanguage\":\"fr-FR\"},{\"@type\":\"WebPage\",\"@id\":\"https:\\\/\\\/www.webdo.tn\\\/fr\\\/actualite\\\/national\\\/enseignement-superieur-renouvellement-du-partenariat-entre-la-tunisie-et-l-italie\\\/207331\\\/\",\"url\":\"https:\\\/\\\/www.webdo.tn\\\/fr\\\/actualite\\\/national\\\/enseignement-superieur-renouvellement-du-partenariat-entre-la-tunisie-et-l-italie\\\/207331\\\/\",\"name\":\"Enseignement sup\u00e9rieur : Renouvellement du partenariat entre la Tunisie et l'Italie\",\"isPartOf\":{\"@id\":\"https:\\\/\\\/www.webdo.tn\\\/fr\\\/#website\"},\"primaryImageOfPage\":{\"@id\":\"https:\\\/\\\/www.webdo.tn\\\/fr\\\/actualite\\\/national\\\/enseignement-superieur-renouvellement-du-partenariat-entre-la-tunisie-et-l-italie\\\/207331\\\/#primaryimage\"},\"image\":{\"@id\":\"https:\\\/\\\/www.webdo.tn\\\/fr\\\/actualite\\\/national\\\/enseignement-superieur-renouvellement-du-partenariat-entre-la-tunisie-et-l-italie\\\/207331\\\/#primaryimage\"},\"thumbnailUrl\":\"https:\\\/\\\/www.webdo.tn\\\/fr\\\/wp-content\\\/uploads\\\/2023\\\/07\\\/1e25035bb6f281ad6830493e1fdf8516.jpg\",\"datePublished\":\"2023-07-18T14:40:00+00:00\",\"dateModified\":\"2025-05-20T22:51:00+00:00\",\"description\":\"Lors d'une r\u00e9union tenue lundi \u00e0 Tunis entre le ministre de l'Enseignement sup\u00e9rieur et de la Recherche scientifique, Moncef Boukthir et l'ambassadeur d'Italie...\",\"breadcrumb\":{\"@id\":\"https:\\\/\\\/www.webdo.tn\\\/fr\\\/actualite\\\/national\\\/enseignement-superieur-renouvellement-du-partenariat-entre-la-tunisie-et-l-italie\\\/207331\\\/#breadcrumb\"},\"inLanguage\":\"fr-FR\",\"potentialAction\":[{\"@type\":\"ReadAction\",\"target\":[\"https:\\\/\\\/www.webdo.tn\\\/fr\\\/actualite\\\/national\\\/enseignement-superieur-renouvellement-du-partenariat-entre-la-tunisie-et-l-italie\\\/207331\\\/\"]}]},{\"@type\":\"ImageObject\",\"inLanguage\":\"fr-FR\",\"@id\":\"https:\\\/\\\/www.webdo.tn\\\/fr\\\/actualite\\\/national\\\/enseignement-superieur-renouvellement-du-partenariat-entre-la-tunisie-et-l-italie\\\/207331\\\/#primaryimage\",\"url\":\"https:\\\/\\\/www.webdo.tn\\\/fr\\\/wp-content\\\/uploads\\\/2023\\\/07\\\/1e25035bb6f281ad6830493e1fdf8516.jpg\",\"contentUrl\":\"https:\\\/\\\/www.webdo.tn\\\/fr\\\/wp-content\\\/uploads\\\/2023\\\/07\\\/1e25035bb6f281ad6830493e1fdf8516.jpg\",\"width\":750,\"height\":400,\"caption\":\"Enseignement sup\u00e9rieur : Renouvellement du partenariat entre la Tunisie et l'Italie\"},{\"@type\":\"BreadcrumbList\",\"@id\":\"https:\\\/\\\/www.webdo.tn\\\/fr\\\/actualite\\\/national\\\/enseignement-superieur-renouvellement-du-partenariat-entre-la-tunisie-et-l-italie\\\/207331\\\/#breadcrumb\",\"itemListElement\":[{\"@type\":\"ListItem\",\"position\":1,\"name\":\"Accueil\",\"item\":\"https:\\\/\\\/www.webdo.tn\\\/fr\\\/\"},{\"@type\":\"ListItem\",\"position\":2,\"name\":\"Enseignement sup\u00e9rieur : Renouvellement du partenariat entre la Tunisie et l&rsquo;Italie\"}]},{\"@type\":\"WebSite\",\"@id\":\"https:\\\/\\\/www.webdo.tn\\\/fr\\\/#website\",\"url\":\"https:\\\/\\\/www.webdo.tn\\\/fr\\\/\",\"name\":\"webdo\",\"description\":\"Tunisie - News en Tunisie et \u00e0 l&#039;international sur Webdo.tn\",\"publisher\":{\"@id\":\"https:\\\/\\\/www.webdo.tn\\\/fr\\\/#organization\"},\"potentialAction\":[{\"@type\":\"SearchAction\",\"target\":{\"@type\":\"EntryPoint\",\"urlTemplate\":\"https:\\\/\\\/www.webdo.tn\\\/fr\\\/?s={search_term_string}\"},\"query-input\":{\"@type\":\"PropertyValueSpecification\",\"valueRequired\":true,\"valueName\":\"search_term_string\"}}],\"inLanguage\":\"fr-FR\"},{\"@type\":\"Organization\",\"@id\":\"https:\\\/\\\/www.webdo.tn\\\/fr\\\/#organization\",\"name\":\"Webdo\",\"alternateName\":\"Webdo.tn\",\"url\":\"https:\\\/\\\/www.webdo.tn\\\/fr\\\/\",\"logo\":{\"@type\":\"ImageObject\",\"inLanguage\":\"fr-FR\",\"@id\":\"https:\\\/\\\/www.webdo.tn\\\/fr\\\/#\\\/schema\\\/logo\\\/image\\\/\",\"url\":\"https:\\\/\\\/www.webdo.tn\\\/fr\\\/wp-content\\\/uploads\\\/2025\\\/06\\\/Webdo-Tunisie_168377.jpg\",\"contentUrl\":\"https:\\\/\\\/www.webdo.tn\\\/fr\\\/wp-content\\\/uploads\\\/2025\\\/06\\\/Webdo-Tunisie_168377.jpg\",\"width\":301,\"height\":301,\"caption\":\"Webdo\"},\"image\":{\"@id\":\"https:\\\/\\\/www.webdo.tn\\\/fr\\\/#\\\/schema\\\/logo\\\/image\\\/\"},\"sameAs\":[\"https:\\\/\\\/www.facebook.com\\\/webdotn\",\"https:\\\/\\\/x.com\\\/webdo_tn\"],\"description\":\"Webdo est un m\u00e9dia num\u00e9rique tunisien fond\u00e9 en 2010, sp\u00e9cialis\u00e9 dans l\u2019actualit\u00e9 nationale et internationale, l\u2019\u00e9conomie, la soci\u00e9t\u00e9 et les analyses politiques. Le site s\u2019adresse \u00e0 un large public francophone et couvre l\u2019information tunisienne en temps r\u00e9el.\",\"email\":\"redac@webdo.tn\",\"legalName\":\"YNJ SARL\",\"foundingDate\":\"2010-09-06\",\"numberOfEmployees\":{\"@type\":\"QuantitativeValue\",\"minValue\":\"11\",\"maxValue\":\"50\"}},{\"@type\":\"Person\",\"@id\":\"https:\\\/\\\/www.webdo.tn\\\/fr\\\/#\\\/schema\\\/person\\\/f35b42a42c5e2511bbd282959d6385cc\",\"name\":\"CL\",\"image\":{\"@type\":\"ImageObject\",\"inLanguage\":\"fr-FR\",\"@id\":\"https:\\\/\\\/secure.gravatar.com\\\/avatar\\\/1447a49909b67aa657c488aec6512e1dd6143a480c1ecfee9b5b5cd74eb3b59e?s=96&d=mm&r=g\",\"url\":\"https:\\\/\\\/secure.gravatar.com\\\/avatar\\\/1447a49909b67aa657c488aec6512e1dd6143a480c1ecfee9b5b5cd74eb3b59e?s=96&d=mm&r=g\",\"contentUrl\":\"https:\\\/\\\/secure.gravatar.com\\\/avatar\\\/1447a49909b67aa657c488aec6512e1dd6143a480c1ecfee9b5b5cd74eb3b59e?s=96&d=mm&r=g\",\"caption\":\"CL\"},\"url\":\"https:\\\/\\\/www.webdo.tn\\\/fr\\\/actualite\\\/author\\\/cl\\\/\"}]}<\/script>\n<!-- \/ Yoast SEO Premium plugin. -->","yoast_head_json":{"title":"Enseignement sup\u00e9rieur : Renouvellement du partenariat entre la Tunisie et l'Italie","description":"Lors d'une r\u00e9union tenue lundi \u00e0 Tunis entre le ministre de l'Enseignement sup\u00e9rieur et de la Recherche scientifique, Moncef Boukthir et l'ambassadeur d'Italie...","canonical":"https:\/\/www.webdo.tn\/fr\/actualite\/national\/enseignement-superieur-renouvellement-du-partenariat-entre-la-tunisie-et-l-italie\/207331\/","og_locale":"fr_FR","og_type":"article","og_title":"Enseignement sup\u00e9rieur : Renouvellement du partenariat entre la Tunisie et l'Italie","og_description":"Lors d'une r\u00e9union tenue lundi \u00e0 Tunis entre le ministre de l'Enseignement sup\u00e9rieur et de la Recherche scientifique, Moncef Boukthir et l'ambassadeur d'Italie...","og_url":"https:\/\/www.webdo.tn\/fr\/actualite\/national\/enseignement-superieur-renouvellement-du-partenariat-entre-la-tunisie-et-l-italie\/207331\/","og_site_name":"webdo","article_publisher":"https:\/\/www.facebook.com\/webdotn","article_published_time":"2023-07-18T14:40:00+00:00","article_modified_time":"2025-05-20T22:51:00+00:00","og_image":[{"width":750,"height":400,"url":"https:\/\/www.webdo.tn\/fr\/wp-content\/uploads\/2023\/07\/1e25035bb6f281ad6830493e1fdf8516.jpg","type":"image\/jpeg"}],"author":"CL","twitter_card":"summary_large_image","twitter_creator":"@webdo_tn","twitter_site":"@webdo_tn","twitter_misc":{"\u00c9crit par":"CL","Dur\u00e9e de lecture estim\u00e9e":"1 minute"},"schema":{"@context":"https:\/\/schema.org","@graph":[{"@type":"NewsArticle","@id":"https:\/\/www.webdo.tn\/fr\/actualite\/national\/enseignement-superieur-renouvellement-du-partenariat-entre-la-tunisie-et-l-italie\/207331\/#article","isPartOf":{"@id":"https:\/\/www.webdo.tn\/fr\/actualite\/national\/enseignement-superieur-renouvellement-du-partenariat-entre-la-tunisie-et-l-italie\/207331\/"},"author":{"name":"CL","@id":"https:\/\/www.webdo.tn\/fr\/#\/schema\/person\/f35b42a42c5e2511bbd282959d6385cc"},"headline":"Enseignement sup\u00e9rieur : Renouvellement du partenariat entre la Tunisie et l&rsquo;Italie","datePublished":"2023-07-18T14:40:00+00:00","dateModified":"2025-05-20T22:51:00+00:00","mainEntityOfPage":{"@id":"https:\/\/www.webdo.tn\/fr\/actualite\/national\/enseignement-superieur-renouvellement-du-partenariat-entre-la-tunisie-et-l-italie\/207331\/"},"wordCount":216,"commentCount":0,"publisher":{"@id":"https:\/\/www.webdo.tn\/fr\/#organization"},"image":{"@id":"https:\/\/www.webdo.tn\/fr\/actualite\/national\/enseignement-superieur-renouvellement-du-partenariat-entre-la-tunisie-et-l-italie\/207331\/#primaryimage"},"thumbnailUrl":"https:\/\/www.webdo.tn\/fr\/wp-content\/uploads\/2023\/07\/1e25035bb6f281ad6830493e1fdf8516.jpg","keywords":["Italie","Tunisie"],"articleSection":["National"],"inLanguage":"fr-FR"},{"@type":"WebPage","@id":"https:\/\/www.webdo.tn\/fr\/actualite\/national\/enseignement-superieur-renouvellement-du-partenariat-entre-la-tunisie-et-l-italie\/207331\/","url":"https:\/\/www.webdo.tn\/fr\/actualite\/national\/enseignement-superieur-renouvellement-du-partenariat-entre-la-tunisie-et-l-italie\/207331\/","name":"Enseignement sup\u00e9rieur : Renouvellement du partenariat entre la Tunisie et l'Italie","isPartOf":{"@id":"https:\/\/www.webdo.tn\/fr\/#website"},"primaryImageOfPage":{"@id":"https:\/\/www.webdo.tn\/fr\/actualite\/national\/enseignement-superieur-renouvellement-du-partenariat-entre-la-tunisie-et-l-italie\/207331\/#primaryimage"},"image":{"@id":"https:\/\/www.webdo.tn\/fr\/actualite\/national\/enseignement-superieur-renouvellement-du-partenariat-entre-la-tunisie-et-l-italie\/207331\/#primaryimage"},"thumbnailUrl":"https:\/\/www.webdo.tn\/fr\/wp-content\/uploads\/2023\/07\/1e25035bb6f281ad6830493e1fdf8516.jpg","datePublished":"2023-07-18T14:40:00+00:00","dateModified":"2025-05-20T22:51:00+00:00","description":"Lors d'une r\u00e9union tenue lundi \u00e0 Tunis entre le ministre de l'Enseignement sup\u00e9rieur et de la Recherche scientifique, Moncef Boukthir et l'ambassadeur d'Italie...","breadcrumb":{"@id":"https:\/\/www.webdo.tn\/fr\/actualite\/national\/enseignement-superieur-renouvellement-du-partenariat-entre-la-tunisie-et-l-italie\/207331\/#breadcrumb"},"inLanguage":"fr-FR","potentialAction":[{"@type":"ReadAction","target":["https:\/\/www.webdo.tn\/fr\/actualite\/national\/enseignement-superieur-renouvellement-du-partenariat-entre-la-tunisie-et-l-italie\/207331\/"]}]},{"@type":"ImageObject","inLanguage":"fr-FR","@id":"https:\/\/www.webdo.tn\/fr\/actualite\/national\/enseignement-superieur-renouvellement-du-partenariat-entre-la-tunisie-et-l-italie\/207331\/#primaryimage","url":"https:\/\/www.webdo.tn\/fr\/wp-content\/uploads\/2023\/07\/1e25035bb6f281ad6830493e1fdf8516.jpg","contentUrl":"https:\/\/www.webdo.tn\/fr\/wp-content\/uploads\/2023\/07\/1e25035bb6f281ad6830493e1fdf8516.jpg","width":750,"height":400,"caption":"Enseignement sup\u00e9rieur : Renouvellement du partenariat entre la Tunisie et l'Italie"},{"@type":"BreadcrumbList","@id":"https:\/\/www.webdo.tn\/fr\/actualite\/national\/enseignement-superieur-renouvellement-du-partenariat-entre-la-tunisie-et-l-italie\/207331\/#breadcrumb","itemListElement":[{"@type":"ListItem","position":1,"name":"Accueil","item":"https:\/\/www.webdo.tn\/fr\/"},{"@type":"ListItem","position":2,"name":"Enseignement sup\u00e9rieur : Renouvellement du partenariat entre la Tunisie et l&rsquo;Italie"}]},{"@type":"WebSite","@id":"https:\/\/www.webdo.tn\/fr\/#website","url":"https:\/\/www.webdo.tn\/fr\/","name":"webdo","description":"Tunisie - News en Tunisie et \u00e0 l&#039;international sur Webdo.tn","publisher":{"@id":"https:\/\/www.webdo.tn\/fr\/#organization"},"potentialAction":[{"@type":"SearchAction","target":{"@type":"EntryPoint","urlTemplate":"https:\/\/www.webdo.tn\/fr\/?s={search_term_string}"},"query-input":{"@type":"PropertyValueSpecification","valueRequired":true,"valueName":"search_term_string"}}],"inLanguage":"fr-FR"},{"@type":"Organization","@id":"https:\/\/www.webdo.tn\/fr\/#organization","name":"Webdo","alternateName":"Webdo.tn","url":"https:\/\/www.webdo.tn\/fr\/","logo":{"@type":"ImageObject","inLanguage":"fr-FR","@id":"https:\/\/www.webdo.tn\/fr\/#\/schema\/logo\/image\/","url":"https:\/\/www.webdo.tn\/fr\/wp-content\/uploads\/2025\/06\/Webdo-Tunisie_168377.jpg","contentUrl":"https:\/\/www.webdo.tn\/fr\/wp-content\/uploads\/2025\/06\/Webdo-Tunisie_168377.jpg","width":301,"height":301,"caption":"Webdo"},"image":{"@id":"https:\/\/www.webdo.tn\/fr\/#\/schema\/logo\/image\/"},"sameAs":["https:\/\/www.facebook.com\/webdotn","https:\/\/x.com\/webdo_tn"],"description":"Webdo est un m\u00e9dia num\u00e9rique tunisien fond\u00e9 en 2010, sp\u00e9cialis\u00e9 dans l\u2019actualit\u00e9 nationale et internationale, l\u2019\u00e9conomie, la soci\u00e9t\u00e9 et les analyses politiques. Le site s\u2019adresse \u00e0 un large public francophone et couvre l\u2019information tunisienne en temps r\u00e9el.","email":"redac@webdo.tn","legalName":"YNJ SARL","foundingDate":"2010-09-06","numberOfEmployees":{"@type":"QuantitativeValue","minValue":"11","maxValue":"50"}},{"@type":"Person","@id":"https:\/\/www.webdo.tn\/fr\/#\/schema\/person\/f35b42a42c5e2511bbd282959d6385cc","name":"CL","image":{"@type":"ImageObject","inLanguage":"fr-FR","@id":"https:\/\/secure.gravatar.com\/avatar\/1447a49909b67aa657c488aec6512e1dd6143a480c1ecfee9b5b5cd74eb3b59e?s=96&d=mm&r=g","url":"https:\/\/secure.gravatar.com\/avatar\/1447a49909b67aa657c488aec6512e1dd6143a480c1ecfee9b5b5cd74eb3b59e?s=96&d=mm&r=g","contentUrl":"https:\/\/secure.gravatar.com\/avatar\/1447a49909b67aa657c488aec6512e1dd6143a480c1ecfee9b5b5cd74eb3b59e?s=96&d=mm&r=g","caption":"CL"},"url":"https:\/\/www.webdo.tn\/fr\/actualite\/author\/cl\/"}]}},"_links":{"self":[{"href":"https:\/\/www.webdo.tn\/fr\/wp-json\/wp\/v2\/posts\/207331","targetHints":{"allow":["GET"]}}],"collection":[{"href":"https:\/\/www.webdo.tn\/fr\/wp-json\/wp\/v2\/posts"}],"about":[{"href":"https:\/\/www.webdo.tn\/fr\/wp-json\/wp\/v2\/types\/post"}],"author":[{"embeddable":true,"href":"https:\/\/www.webdo.tn\/fr\/wp-json\/wp\/v2\/users\/3175"}],"replies":[{"embeddable":true,"href":"https:\/\/www.webdo.tn\/fr\/wp-json\/wp\/v2\/comments?post=207331"}],"version-history":[{"count":0,"href":"https:\/\/www.webdo.tn\/fr\/wp-json\/wp\/v2\/posts\/207331\/revisions"}],"wp:featuredmedia":[{"embeddable":true,"href":"https:\/\/www.webdo.tn\/fr\/wp-json\/wp\/v2\/media\/278471"}],"wp:attachment":[{"href":"https:\/\/www.webdo.tn\/fr\/wp-json\/wp\/v2\/media?parent=207331"}],"wp:term":[{"taxonomy":"category","embeddable":true,"href":"https:\/\/www.webdo.tn\/fr\/wp-json\/wp\/v2\/categories?post=207331"},{"taxonomy":"post_tag","embeddable":true,"href":"https:\/\/www.webdo.tn\/fr\/wp-json\/wp\/v2\/tags?post=207331"}],"curies":[{"name":"wp","href":"https:\/\/api.w.org\/{rel}","templated":true}]}}