{"id":207303,"date":"2023-07-17T13:42:00","date_gmt":"2023-07-17T13:42:00","guid":{"rendered":"https:\/\/www.webdo.tn\/fr\/blog\/journee-de-colere-des-instituteurs-le-26-juillet\/207303\/"},"modified":"2025-05-20T21:58:22","modified_gmt":"2025-05-20T21:58:22","slug":"journee-de-colere-des-instituteurs-le-26-juillet","status":"publish","type":"post","link":"https:\/\/www.webdo.tn\/fr\/actualite\/national\/journee-de-colere-des-instituteurs-le-26-juillet\/207303\/","title":{"rendered":"Journ\u00e9e de col\u00e8re des instituteurs, le 26 juillet !"},"content":{"rendered":"<p>La f\u00e9d\u00e9ration g\u00e9n\u00e9rale de l&rsquo;enseignement de base entamera \u00e0 partir de ce mercredi 19 juillet des mouvements de protestation \u00e0 travers tout le pays.<\/p>\n<p>\t\t\t\t\t\t\t\t\tDes sit-in de protestation seront observ\u00e9s devant les si\u00e8ges des d\u00e9l\u00e9gations r\u00e9gionales de l&rsquo;\u00e9ducation \u00e0 partir de mercredi 19 juillet. Ces sit-in seront cl\u00f4tur\u00e9s par une journ\u00e9e de col\u00e8re nationale le 26 juillet 2023 \u00e0 Tunis, a annonc\u00e9 lundi la F\u00e9d\u00e9ration g\u00e9n\u00e9rale de l&rsquo;enseignement de base dans un communiqu\u00e9 publi\u00e9 aujourd&rsquo;hui.<\/p>\n<p>Les sit-in du 19 juillet auront lieu devant les d\u00e9l\u00e9gations r\u00e9gionales de l&rsquo;\u00e9ducation des gouvernorats de Gab\u00e8s, M\u00e9denine, Tataouine, K\u00e9bili, Tozeur, Gafsa, Sidi Bouzid et Kasserine.<\/p>\n<p>Les protestations se poursuivront le 20 juillet \u00e0 B\u00e9ja, Le Kef, Jendouba, Siliana, Sousse, Mahdia, Monastir et Kairouan.<\/p>\n<p>Les manifestations du 21 juillet sont pr\u00e9vues \u00e0 Tunis, Manouba, Ariana, Ben Arous, Zaghouan, Nabeul, Bizerte et Sfax.<\/p>\n<p>Du 22 au 25 juillet, des r\u00e9unions seront organis\u00e9es pour se pr\u00e9parer \u00e0 la journ\u00e9e de col\u00e8re nationale du 26 juillet \u00e0 Tunis.<\/p>\n<p>Ces mouvements de protestation seront observ\u00e9s en signe de protestation contre le limogeage de 350 directeurs d&rsquo;\u00e9coles primaires et la saisie du salaire d&rsquo;un mois de 17.000 enseignants qui ont soutenu la r\u00e9tention des notes depuis le d\u00e9but de l&rsquo;ann\u00e9e scolaire 2022-2023.<\/p>\n","protected":false},"excerpt":{"rendered":"<p>La f\u00e9d\u00e9ration g\u00e9n\u00e9rale de l&rsquo;enseignement de base entamera \u00e0 partir de ce mercredi 19 juillet des mouvements de protestation \u00e0 travers tout le pays.<\/p>\n","protected":false},"author":3162,"featured_media":249756,"comment_status":"open","ping_status":"closed","sticky":false,"template":"","format":"standard","meta":{"footnotes":""},"categories":[44],"tags":[6181,6596,4190,3190,3093],"class_list":["post-207303","post","type-post","status-publish","format-standard","has-post-thumbnail","hentry","category-national","tag-enseignement-de-base","tag-federation","tag-journee-de-colere","tag-sit-in","tag-syndicat"],"yoast_head":"<!-- This site is optimized with the Yoast SEO Premium plugin v27.4 (Yoast SEO v27.5) - https:\/\/yoast.com\/product\/yoast-seo-premium-wordpress\/ -->\n<title>Journ\u00e9e de col\u00e8re des instituteurs, le 26 juillet !<\/title>\n<meta name=\"description\" content=\"La f\u00e9d\u00e9ration g\u00e9n\u00e9rale de l&#039;enseignement de base entamera \u00e0 partir de ce mercredi 19 juillet des mouvements de protestation \u00e0 travers tout le pays.\" \/>\n<link rel=\"canonical\" href=\"https:\/\/www.webdo.tn\/fr\/actualite\/national\/journee-de-colere-des-instituteurs-le-26-juillet\/207303\/\" \/>\n<meta property=\"og:locale\" content=\"fr_FR\" \/>\n<meta property=\"og:type\" content=\"article\" \/>\n<meta property=\"og:title\" content=\"Journ\u00e9e de col\u00e8re des instituteurs, le 26 juillet !\" \/>\n<meta property=\"og:description\" content=\"La f\u00e9d\u00e9ration g\u00e9n\u00e9rale de l&#039;enseignement de base entamera \u00e0 partir de ce mercredi 19 juillet des mouvements de protestation \u00e0 travers tout le pays.\" \/>\n<meta property=\"og:url\" content=\"https:\/\/www.webdo.tn\/fr\/actualite\/national\/journee-de-colere-des-instituteurs-le-26-juillet\/207303\/\" \/>\n<meta property=\"og:site_name\" content=\"webdo\" \/>\n<meta property=\"article:publisher\" content=\"https:\/\/www.facebook.com\/webdotn\" \/>\n<meta property=\"article:published_time\" content=\"2023-07-17T13:42:00+00:00\" \/>\n<meta property=\"article:modified_time\" content=\"2025-05-20T21:58:22+00:00\" \/>\n<meta property=\"og:image\" content=\"https:\/\/www.webdo.tn\/fr\/wp-content\/uploads\/2023\/07\/96b4a0267720a2ae358be4bdf3e65764.jpg\" \/>\n\t<meta property=\"og:image:width\" content=\"750\" \/>\n\t<meta property=\"og:image:height\" content=\"400\" \/>\n\t<meta property=\"og:image:type\" content=\"image\/jpeg\" \/>\n<meta name=\"author\" content=\"MC\" \/>\n<meta name=\"twitter:card\" content=\"summary_large_image\" \/>\n<meta name=\"twitter:creator\" content=\"@webdo_tn\" \/>\n<meta name=\"twitter:site\" content=\"@webdo_tn\" \/>\n<meta name=\"twitter:label1\" content=\"\u00c9crit par\" \/>\n\t<meta name=\"twitter:data1\" content=\"MC\" \/>\n\t<meta name=\"twitter:label2\" content=\"Dur\u00e9e de lecture estim\u00e9e\" \/>\n\t<meta name=\"twitter:data2\" content=\"1 minute\" \/>\n<script type=\"application\/ld+json\" class=\"yoast-schema-graph\">{\"@context\":\"https:\\\/\\\/schema.org\",\"@graph\":[{\"@type\":\"NewsArticle\",\"@id\":\"https:\\\/\\\/www.webdo.tn\\\/fr\\\/actualite\\\/national\\\/journee-de-colere-des-instituteurs-le-26-juillet\\\/207303\\\/#article\",\"isPartOf\":{\"@id\":\"https:\\\/\\\/www.webdo.tn\\\/fr\\\/actualite\\\/national\\\/journee-de-colere-des-instituteurs-le-26-juillet\\\/207303\\\/\"},\"author\":{\"name\":\"MC\",\"@id\":\"https:\\\/\\\/www.webdo.tn\\\/fr\\\/#\\\/schema\\\/person\\\/2c4929cbf5a809e3bd38617c6ce150f6\"},\"headline\":\"Journ\u00e9e de col\u00e8re des instituteurs, le 26 juillet !\",\"datePublished\":\"2023-07-17T13:42:00+00:00\",\"dateModified\":\"2025-05-20T21:58:22+00:00\",\"mainEntityOfPage\":{\"@id\":\"https:\\\/\\\/www.webdo.tn\\\/fr\\\/actualite\\\/national\\\/journee-de-colere-des-instituteurs-le-26-juillet\\\/207303\\\/\"},\"wordCount\":233,\"commentCount\":0,\"publisher\":{\"@id\":\"https:\\\/\\\/www.webdo.tn\\\/fr\\\/#organization\"},\"image\":{\"@id\":\"https:\\\/\\\/www.webdo.tn\\\/fr\\\/actualite\\\/national\\\/journee-de-colere-des-instituteurs-le-26-juillet\\\/207303\\\/#primaryimage\"},\"thumbnailUrl\":\"https:\\\/\\\/www.webdo.tn\\\/fr\\\/wp-content\\\/uploads\\\/2023\\\/07\\\/96b4a0267720a2ae358be4bdf3e65764.jpg\",\"keywords\":[\"enseignement de base\",\"f\u00e9d\u00e9ration\",\"journ\u00e9e de col\u00e8re\",\"sit-in\",\"syndicat\"],\"articleSection\":[\"National\"],\"inLanguage\":\"fr-FR\"},{\"@type\":\"WebPage\",\"@id\":\"https:\\\/\\\/www.webdo.tn\\\/fr\\\/actualite\\\/national\\\/journee-de-colere-des-instituteurs-le-26-juillet\\\/207303\\\/\",\"url\":\"https:\\\/\\\/www.webdo.tn\\\/fr\\\/actualite\\\/national\\\/journee-de-colere-des-instituteurs-le-26-juillet\\\/207303\\\/\",\"name\":\"Journ\u00e9e de col\u00e8re des instituteurs, le 26 juillet !\",\"isPartOf\":{\"@id\":\"https:\\\/\\\/www.webdo.tn\\\/fr\\\/#website\"},\"primaryImageOfPage\":{\"@id\":\"https:\\\/\\\/www.webdo.tn\\\/fr\\\/actualite\\\/national\\\/journee-de-colere-des-instituteurs-le-26-juillet\\\/207303\\\/#primaryimage\"},\"image\":{\"@id\":\"https:\\\/\\\/www.webdo.tn\\\/fr\\\/actualite\\\/national\\\/journee-de-colere-des-instituteurs-le-26-juillet\\\/207303\\\/#primaryimage\"},\"thumbnailUrl\":\"https:\\\/\\\/www.webdo.tn\\\/fr\\\/wp-content\\\/uploads\\\/2023\\\/07\\\/96b4a0267720a2ae358be4bdf3e65764.jpg\",\"datePublished\":\"2023-07-17T13:42:00+00:00\",\"dateModified\":\"2025-05-20T21:58:22+00:00\",\"description\":\"La f\u00e9d\u00e9ration g\u00e9n\u00e9rale de l'enseignement de base entamera \u00e0 partir de ce mercredi 19 juillet des mouvements de protestation \u00e0 travers tout le pays.\",\"breadcrumb\":{\"@id\":\"https:\\\/\\\/www.webdo.tn\\\/fr\\\/actualite\\\/national\\\/journee-de-colere-des-instituteurs-le-26-juillet\\\/207303\\\/#breadcrumb\"},\"inLanguage\":\"fr-FR\",\"potentialAction\":[{\"@type\":\"ReadAction\",\"target\":[\"https:\\\/\\\/www.webdo.tn\\\/fr\\\/actualite\\\/national\\\/journee-de-colere-des-instituteurs-le-26-juillet\\\/207303\\\/\"]}]},{\"@type\":\"ImageObject\",\"inLanguage\":\"fr-FR\",\"@id\":\"https:\\\/\\\/www.webdo.tn\\\/fr\\\/actualite\\\/national\\\/journee-de-colere-des-instituteurs-le-26-juillet\\\/207303\\\/#primaryimage\",\"url\":\"https:\\\/\\\/www.webdo.tn\\\/fr\\\/wp-content\\\/uploads\\\/2023\\\/07\\\/96b4a0267720a2ae358be4bdf3e65764.jpg\",\"contentUrl\":\"https:\\\/\\\/www.webdo.tn\\\/fr\\\/wp-content\\\/uploads\\\/2023\\\/07\\\/96b4a0267720a2ae358be4bdf3e65764.jpg\",\"width\":750,\"height\":400,\"caption\":\"Journ\u00e9e de col\u00e8re des instituteurs, le 26 juillet !\"},{\"@type\":\"BreadcrumbList\",\"@id\":\"https:\\\/\\\/www.webdo.tn\\\/fr\\\/actualite\\\/national\\\/journee-de-colere-des-instituteurs-le-26-juillet\\\/207303\\\/#breadcrumb\",\"itemListElement\":[{\"@type\":\"ListItem\",\"position\":1,\"name\":\"Accueil\",\"item\":\"https:\\\/\\\/www.webdo.tn\\\/fr\\\/\"},{\"@type\":\"ListItem\",\"position\":2,\"name\":\"Journ\u00e9e de col\u00e8re des instituteurs, le 26 juillet !\"}]},{\"@type\":\"WebSite\",\"@id\":\"https:\\\/\\\/www.webdo.tn\\\/fr\\\/#website\",\"url\":\"https:\\\/\\\/www.webdo.tn\\\/fr\\\/\",\"name\":\"webdo\",\"description\":\"Tunisie - News en Tunisie et \u00e0 l&#039;international sur Webdo.tn\",\"publisher\":{\"@id\":\"https:\\\/\\\/www.webdo.tn\\\/fr\\\/#organization\"},\"potentialAction\":[{\"@type\":\"SearchAction\",\"target\":{\"@type\":\"EntryPoint\",\"urlTemplate\":\"https:\\\/\\\/www.webdo.tn\\\/fr\\\/?s={search_term_string}\"},\"query-input\":{\"@type\":\"PropertyValueSpecification\",\"valueRequired\":true,\"valueName\":\"search_term_string\"}}],\"inLanguage\":\"fr-FR\"},{\"@type\":\"Organization\",\"@id\":\"https:\\\/\\\/www.webdo.tn\\\/fr\\\/#organization\",\"name\":\"Webdo\",\"alternateName\":\"Webdo.tn\",\"url\":\"https:\\\/\\\/www.webdo.tn\\\/fr\\\/\",\"logo\":{\"@type\":\"ImageObject\",\"inLanguage\":\"fr-FR\",\"@id\":\"https:\\\/\\\/www.webdo.tn\\\/fr\\\/#\\\/schema\\\/logo\\\/image\\\/\",\"url\":\"https:\\\/\\\/www.webdo.tn\\\/fr\\\/wp-content\\\/uploads\\\/2025\\\/06\\\/Webdo-Tunisie_168377.jpg\",\"contentUrl\":\"https:\\\/\\\/www.webdo.tn\\\/fr\\\/wp-content\\\/uploads\\\/2025\\\/06\\\/Webdo-Tunisie_168377.jpg\",\"width\":301,\"height\":301,\"caption\":\"Webdo\"},\"image\":{\"@id\":\"https:\\\/\\\/www.webdo.tn\\\/fr\\\/#\\\/schema\\\/logo\\\/image\\\/\"},\"sameAs\":[\"https:\\\/\\\/www.facebook.com\\\/webdotn\",\"https:\\\/\\\/x.com\\\/webdo_tn\"],\"description\":\"Webdo est un m\u00e9dia num\u00e9rique tunisien fond\u00e9 en 2010, sp\u00e9cialis\u00e9 dans l\u2019actualit\u00e9 nationale et internationale, l\u2019\u00e9conomie, la soci\u00e9t\u00e9 et les analyses politiques. Le site s\u2019adresse \u00e0 un large public francophone et couvre l\u2019information tunisienne en temps r\u00e9el.\",\"email\":\"redac@webdo.tn\",\"legalName\":\"YNJ SARL\",\"foundingDate\":\"2010-09-06\",\"numberOfEmployees\":{\"@type\":\"QuantitativeValue\",\"minValue\":\"11\",\"maxValue\":\"50\"}},{\"@type\":\"Person\",\"@id\":\"https:\\\/\\\/www.webdo.tn\\\/fr\\\/#\\\/schema\\\/person\\\/2c4929cbf5a809e3bd38617c6ce150f6\",\"name\":\"MC\",\"image\":{\"@type\":\"ImageObject\",\"inLanguage\":\"fr-FR\",\"@id\":\"https:\\\/\\\/secure.gravatar.com\\\/avatar\\\/a545bbb6f84efdd5553dbbc2895e3ca8f1d12c5215e00a041c9670b54aa9b18a?s=96&d=mm&r=g\",\"url\":\"https:\\\/\\\/secure.gravatar.com\\\/avatar\\\/a545bbb6f84efdd5553dbbc2895e3ca8f1d12c5215e00a041c9670b54aa9b18a?s=96&d=mm&r=g\",\"contentUrl\":\"https:\\\/\\\/secure.gravatar.com\\\/avatar\\\/a545bbb6f84efdd5553dbbc2895e3ca8f1d12c5215e00a041c9670b54aa9b18a?s=96&d=mm&r=g\",\"caption\":\"MC\"},\"url\":\"https:\\\/\\\/www.webdo.tn\\\/fr\\\/actualite\\\/author\\\/mc\\\/\"}]}<\/script>\n<!-- \/ Yoast SEO Premium plugin. -->","yoast_head_json":{"title":"Journ\u00e9e de col\u00e8re des instituteurs, le 26 juillet !","description":"La f\u00e9d\u00e9ration g\u00e9n\u00e9rale de l'enseignement de base entamera \u00e0 partir de ce mercredi 19 juillet des mouvements de protestation \u00e0 travers tout le pays.","canonical":"https:\/\/www.webdo.tn\/fr\/actualite\/national\/journee-de-colere-des-instituteurs-le-26-juillet\/207303\/","og_locale":"fr_FR","og_type":"article","og_title":"Journ\u00e9e de col\u00e8re des instituteurs, le 26 juillet !","og_description":"La f\u00e9d\u00e9ration g\u00e9n\u00e9rale de l'enseignement de base entamera \u00e0 partir de ce mercredi 19 juillet des mouvements de protestation \u00e0 travers tout le pays.","og_url":"https:\/\/www.webdo.tn\/fr\/actualite\/national\/journee-de-colere-des-instituteurs-le-26-juillet\/207303\/","og_site_name":"webdo","article_publisher":"https:\/\/www.facebook.com\/webdotn","article_published_time":"2023-07-17T13:42:00+00:00","article_modified_time":"2025-05-20T21:58:22+00:00","og_image":[{"width":750,"height":400,"url":"https:\/\/www.webdo.tn\/fr\/wp-content\/uploads\/2023\/07\/96b4a0267720a2ae358be4bdf3e65764.jpg","type":"image\/jpeg"}],"author":"MC","twitter_card":"summary_large_image","twitter_creator":"@webdo_tn","twitter_site":"@webdo_tn","twitter_misc":{"\u00c9crit par":"MC","Dur\u00e9e de lecture estim\u00e9e":"1 minute"},"schema":{"@context":"https:\/\/schema.org","@graph":[{"@type":"NewsArticle","@id":"https:\/\/www.webdo.tn\/fr\/actualite\/national\/journee-de-colere-des-instituteurs-le-26-juillet\/207303\/#article","isPartOf":{"@id":"https:\/\/www.webdo.tn\/fr\/actualite\/national\/journee-de-colere-des-instituteurs-le-26-juillet\/207303\/"},"author":{"name":"MC","@id":"https:\/\/www.webdo.tn\/fr\/#\/schema\/person\/2c4929cbf5a809e3bd38617c6ce150f6"},"headline":"Journ\u00e9e de col\u00e8re des instituteurs, le 26 juillet !","datePublished":"2023-07-17T13:42:00+00:00","dateModified":"2025-05-20T21:58:22+00:00","mainEntityOfPage":{"@id":"https:\/\/www.webdo.tn\/fr\/actualite\/national\/journee-de-colere-des-instituteurs-le-26-juillet\/207303\/"},"wordCount":233,"commentCount":0,"publisher":{"@id":"https:\/\/www.webdo.tn\/fr\/#organization"},"image":{"@id":"https:\/\/www.webdo.tn\/fr\/actualite\/national\/journee-de-colere-des-instituteurs-le-26-juillet\/207303\/#primaryimage"},"thumbnailUrl":"https:\/\/www.webdo.tn\/fr\/wp-content\/uploads\/2023\/07\/96b4a0267720a2ae358be4bdf3e65764.jpg","keywords":["enseignement de base","f\u00e9d\u00e9ration","journ\u00e9e de col\u00e8re","sit-in","syndicat"],"articleSection":["National"],"inLanguage":"fr-FR"},{"@type":"WebPage","@id":"https:\/\/www.webdo.tn\/fr\/actualite\/national\/journee-de-colere-des-instituteurs-le-26-juillet\/207303\/","url":"https:\/\/www.webdo.tn\/fr\/actualite\/national\/journee-de-colere-des-instituteurs-le-26-juillet\/207303\/","name":"Journ\u00e9e de col\u00e8re des instituteurs, le 26 juillet !","isPartOf":{"@id":"https:\/\/www.webdo.tn\/fr\/#website"},"primaryImageOfPage":{"@id":"https:\/\/www.webdo.tn\/fr\/actualite\/national\/journee-de-colere-des-instituteurs-le-26-juillet\/207303\/#primaryimage"},"image":{"@id":"https:\/\/www.webdo.tn\/fr\/actualite\/national\/journee-de-colere-des-instituteurs-le-26-juillet\/207303\/#primaryimage"},"thumbnailUrl":"https:\/\/www.webdo.tn\/fr\/wp-content\/uploads\/2023\/07\/96b4a0267720a2ae358be4bdf3e65764.jpg","datePublished":"2023-07-17T13:42:00+00:00","dateModified":"2025-05-20T21:58:22+00:00","description":"La f\u00e9d\u00e9ration g\u00e9n\u00e9rale de l'enseignement de base entamera \u00e0 partir de ce mercredi 19 juillet des mouvements de protestation \u00e0 travers tout le pays.","breadcrumb":{"@id":"https:\/\/www.webdo.tn\/fr\/actualite\/national\/journee-de-colere-des-instituteurs-le-26-juillet\/207303\/#breadcrumb"},"inLanguage":"fr-FR","potentialAction":[{"@type":"ReadAction","target":["https:\/\/www.webdo.tn\/fr\/actualite\/national\/journee-de-colere-des-instituteurs-le-26-juillet\/207303\/"]}]},{"@type":"ImageObject","inLanguage":"fr-FR","@id":"https:\/\/www.webdo.tn\/fr\/actualite\/national\/journee-de-colere-des-instituteurs-le-26-juillet\/207303\/#primaryimage","url":"https:\/\/www.webdo.tn\/fr\/wp-content\/uploads\/2023\/07\/96b4a0267720a2ae358be4bdf3e65764.jpg","contentUrl":"https:\/\/www.webdo.tn\/fr\/wp-content\/uploads\/2023\/07\/96b4a0267720a2ae358be4bdf3e65764.jpg","width":750,"height":400,"caption":"Journ\u00e9e de col\u00e8re des instituteurs, le 26 juillet !"},{"@type":"BreadcrumbList","@id":"https:\/\/www.webdo.tn\/fr\/actualite\/national\/journee-de-colere-des-instituteurs-le-26-juillet\/207303\/#breadcrumb","itemListElement":[{"@type":"ListItem","position":1,"name":"Accueil","item":"https:\/\/www.webdo.tn\/fr\/"},{"@type":"ListItem","position":2,"name":"Journ\u00e9e de col\u00e8re des instituteurs, le 26 juillet !"}]},{"@type":"WebSite","@id":"https:\/\/www.webdo.tn\/fr\/#website","url":"https:\/\/www.webdo.tn\/fr\/","name":"webdo","description":"Tunisie - News en Tunisie et \u00e0 l&#039;international sur Webdo.tn","publisher":{"@id":"https:\/\/www.webdo.tn\/fr\/#organization"},"potentialAction":[{"@type":"SearchAction","target":{"@type":"EntryPoint","urlTemplate":"https:\/\/www.webdo.tn\/fr\/?s={search_term_string}"},"query-input":{"@type":"PropertyValueSpecification","valueRequired":true,"valueName":"search_term_string"}}],"inLanguage":"fr-FR"},{"@type":"Organization","@id":"https:\/\/www.webdo.tn\/fr\/#organization","name":"Webdo","alternateName":"Webdo.tn","url":"https:\/\/www.webdo.tn\/fr\/","logo":{"@type":"ImageObject","inLanguage":"fr-FR","@id":"https:\/\/www.webdo.tn\/fr\/#\/schema\/logo\/image\/","url":"https:\/\/www.webdo.tn\/fr\/wp-content\/uploads\/2025\/06\/Webdo-Tunisie_168377.jpg","contentUrl":"https:\/\/www.webdo.tn\/fr\/wp-content\/uploads\/2025\/06\/Webdo-Tunisie_168377.jpg","width":301,"height":301,"caption":"Webdo"},"image":{"@id":"https:\/\/www.webdo.tn\/fr\/#\/schema\/logo\/image\/"},"sameAs":["https:\/\/www.facebook.com\/webdotn","https:\/\/x.com\/webdo_tn"],"description":"Webdo est un m\u00e9dia num\u00e9rique tunisien fond\u00e9 en 2010, sp\u00e9cialis\u00e9 dans l\u2019actualit\u00e9 nationale et internationale, l\u2019\u00e9conomie, la soci\u00e9t\u00e9 et les analyses politiques. Le site s\u2019adresse \u00e0 un large public francophone et couvre l\u2019information tunisienne en temps r\u00e9el.","email":"redac@webdo.tn","legalName":"YNJ SARL","foundingDate":"2010-09-06","numberOfEmployees":{"@type":"QuantitativeValue","minValue":"11","maxValue":"50"}},{"@type":"Person","@id":"https:\/\/www.webdo.tn\/fr\/#\/schema\/person\/2c4929cbf5a809e3bd38617c6ce150f6","name":"MC","image":{"@type":"ImageObject","inLanguage":"fr-FR","@id":"https:\/\/secure.gravatar.com\/avatar\/a545bbb6f84efdd5553dbbc2895e3ca8f1d12c5215e00a041c9670b54aa9b18a?s=96&d=mm&r=g","url":"https:\/\/secure.gravatar.com\/avatar\/a545bbb6f84efdd5553dbbc2895e3ca8f1d12c5215e00a041c9670b54aa9b18a?s=96&d=mm&r=g","contentUrl":"https:\/\/secure.gravatar.com\/avatar\/a545bbb6f84efdd5553dbbc2895e3ca8f1d12c5215e00a041c9670b54aa9b18a?s=96&d=mm&r=g","caption":"MC"},"url":"https:\/\/www.webdo.tn\/fr\/actualite\/author\/mc\/"}]}},"_links":{"self":[{"href":"https:\/\/www.webdo.tn\/fr\/wp-json\/wp\/v2\/posts\/207303","targetHints":{"allow":["GET"]}}],"collection":[{"href":"https:\/\/www.webdo.tn\/fr\/wp-json\/wp\/v2\/posts"}],"about":[{"href":"https:\/\/www.webdo.tn\/fr\/wp-json\/wp\/v2\/types\/post"}],"author":[{"embeddable":true,"href":"https:\/\/www.webdo.tn\/fr\/wp-json\/wp\/v2\/users\/3162"}],"replies":[{"embeddable":true,"href":"https:\/\/www.webdo.tn\/fr\/wp-json\/wp\/v2\/comments?post=207303"}],"version-history":[{"count":0,"href":"https:\/\/www.webdo.tn\/fr\/wp-json\/wp\/v2\/posts\/207303\/revisions"}],"wp:featuredmedia":[{"embeddable":true,"href":"https:\/\/www.webdo.tn\/fr\/wp-json\/wp\/v2\/media\/249756"}],"wp:attachment":[{"href":"https:\/\/www.webdo.tn\/fr\/wp-json\/wp\/v2\/media?parent=207303"}],"wp:term":[{"taxonomy":"category","embeddable":true,"href":"https:\/\/www.webdo.tn\/fr\/wp-json\/wp\/v2\/categories?post=207303"},{"taxonomy":"post_tag","embeddable":true,"href":"https:\/\/www.webdo.tn\/fr\/wp-json\/wp\/v2\/tags?post=207303"}],"curies":[{"name":"wp","href":"https:\/\/api.w.org\/{rel}","templated":true}]}}