{"id":207302,"date":"2023-07-17T13:33:00","date_gmt":"2023-07-17T13:33:00","guid":{"rendered":"https:\/\/www.webdo.tn\/fr\/blog\/mondiaux-de-para-athletisme-11-medailles-pour-la-tunisie-dont-7-en-or\/207302\/"},"modified":"2025-05-20T21:58:21","modified_gmt":"2025-05-20T21:58:21","slug":"mondiaux-de-para-athletisme-11-medailles-pour-la-tunisie-dont-7-en-or","status":"publish","type":"post","link":"https:\/\/www.webdo.tn\/fr\/actualite\/sport\/mondiaux-de-para-athletisme-11-medailles-pour-la-tunisie-dont-7-en-or\/207302\/","title":{"rendered":"Mondiaux de para-athl\u00e9tisme : 11 m\u00e9dailles pour la Tunisie dont 7 en or"},"content":{"rendered":"<p>Les Mondiaux de para-athl\u00e9tisme r\u00e9ussissent \u00e0 nos athl\u00e8tes qui s\u2019illustrent \u00e0 Paris. Ils ont d\u00e9croch\u00e9 11 m\u00e9dailles dont 7 en or.<\/p>\n<p>\t\t\t\t\t\t\t\t\tC\u2019est Raoua Tlili (33 ans) qui a ouvert le compteur des Tunisiens en remportant, il y a une semaine, la m\u00e9daille d&rsquo;or de lancer du poids dans sa cat\u00e9gorie (T41).<\/p>\n<p>Il s\u2019agissait de la premi\u00e8re m\u00e9daille d\u2019or des championnats du monde d\u2019athl\u00e9tisme 2023 avec un lancer \u00e0 10,15 m. Vendredi dernier, elle a d\u00e9croch\u00e9 son 10e titre au lancer du disque cette fois, discipline dont elle d\u00e9tient \u00e9galement le record du monde.<\/p>\n<p>Rouay Jebabli a d\u00e9croch\u00e9, jeudi dernier, la m\u00e9daille d\u2019or en remportant l\u2019\u00e9preuve des 1500 m\u00e8tres dans la cat\u00e9gorie T13 apr\u00e8s avoir r\u00e9alis\u00e9 un chrono de 4 min 00 sec 23. Samedi, il a r\u00e9cidiv\u00e9 en d\u00e9crochant l\u2019or aux 400 m T12.<\/p>\n<p>Le champion paralympique Walid Ktila a d\u00e9croch\u00e9, aujourd\u2019hui la m\u00e9daille d\u2019or dans l\u2019\u00e9preuve du 800 m\u00e8tres sur chaise roulante avec un chrono de 1 min 39 sec 23 centi\u00e8mes.<\/p>\n<p>Outre ces cinq m\u00e9dailles d\u2019or, la Tunisie compte six autres m\u00e9dailles sign\u00e9es Yassine Guenniche (or), Ahmed Ben Moslah (or), Maroua Brahmi (argent), Walid Ktila (bronze) et Samia Bousaid (bronze).<\/p>\n<p>Il est \u00e0 noter que la Tunisie occupe la septi\u00e8me place au tableau g\u00e9n\u00e9ral.<\/p>\n","protected":false},"excerpt":{"rendered":"<p>Les Mondiaux de para-athl\u00e9tisme r\u00e9ussissent \u00e0 nos athl\u00e8tes qui s\u2019illustrent \u00e0 Paris. Ils ont d\u00e9croch\u00e9 11 m\u00e9dailles dont 7 en or.<\/p>\n","protected":false},"author":3162,"featured_media":249755,"comment_status":"open","ping_status":"closed","sticky":false,"template":"","format":"standard","meta":{"footnotes":""},"categories":[2593],"tags":[6451,2666,6478],"class_list":["post-207302","post","type-post","status-publish","format-standard","has-post-thumbnail","hentry","category-sport","tag-championnats-du-monde","tag-medailles","tag-para-athletisme"],"yoast_head":"<!-- This site is optimized with the Yoast SEO Premium plugin v27.4 (Yoast SEO v27.5) - https:\/\/yoast.com\/product\/yoast-seo-premium-wordpress\/ -->\n<title>Mondiaux de para-athl\u00e9tisme : 11 m\u00e9dailles pour la Tunisie dont 7 en or<\/title>\n<meta name=\"description\" content=\"Les Mondiaux de para-athl\u00e9tisme r\u00e9ussissent \u00e0 nos athl\u00e8tes qui s\u2019illustrent \u00e0 Paris. Ils ont d\u00e9croch\u00e9 11 m\u00e9dailles dont 7 en or.\" \/>\n<link rel=\"canonical\" href=\"https:\/\/www.webdo.tn\/fr\/actualite\/sport\/mondiaux-de-para-athletisme-11-medailles-pour-la-tunisie-dont-7-en-or\/207302\/\" \/>\n<meta property=\"og:locale\" content=\"fr_FR\" \/>\n<meta property=\"og:type\" content=\"article\" \/>\n<meta property=\"og:title\" content=\"Mondiaux de para-athl\u00e9tisme : 11 m\u00e9dailles pour la Tunisie dont 7 en or\" \/>\n<meta property=\"og:description\" content=\"Les Mondiaux de para-athl\u00e9tisme r\u00e9ussissent \u00e0 nos athl\u00e8tes qui s\u2019illustrent \u00e0 Paris. Ils ont d\u00e9croch\u00e9 11 m\u00e9dailles dont 7 en or.\" \/>\n<meta property=\"og:url\" content=\"https:\/\/www.webdo.tn\/fr\/actualite\/sport\/mondiaux-de-para-athletisme-11-medailles-pour-la-tunisie-dont-7-en-or\/207302\/\" \/>\n<meta property=\"og:site_name\" content=\"webdo\" \/>\n<meta property=\"article:publisher\" content=\"https:\/\/www.facebook.com\/webdotn\" \/>\n<meta property=\"article:published_time\" content=\"2023-07-17T13:33:00+00:00\" \/>\n<meta property=\"article:modified_time\" content=\"2025-05-20T21:58:21+00:00\" \/>\n<meta property=\"og:image\" content=\"https:\/\/www.webdo.tn\/fr\/wp-content\/uploads\/2023\/07\/f55e0b45b18c635b1bb19b8571113f38.jpg\" \/>\n\t<meta property=\"og:image:width\" content=\"650\" \/>\n\t<meta property=\"og:image:height\" content=\"347\" \/>\n\t<meta property=\"og:image:type\" content=\"image\/jpeg\" \/>\n<meta name=\"author\" content=\"MC\" \/>\n<meta name=\"twitter:card\" content=\"summary_large_image\" \/>\n<meta name=\"twitter:creator\" content=\"@webdo_tn\" \/>\n<meta name=\"twitter:site\" content=\"@webdo_tn\" \/>\n<meta name=\"twitter:label1\" content=\"\u00c9crit par\" \/>\n\t<meta name=\"twitter:data1\" content=\"MC\" \/>\n\t<meta name=\"twitter:label2\" content=\"Dur\u00e9e de lecture estim\u00e9e\" \/>\n\t<meta name=\"twitter:data2\" content=\"1 minute\" \/>\n<script type=\"application\/ld+json\" class=\"yoast-schema-graph\">{\"@context\":\"https:\\\/\\\/schema.org\",\"@graph\":[{\"@type\":\"NewsArticle\",\"@id\":\"https:\\\/\\\/www.webdo.tn\\\/fr\\\/actualite\\\/sport\\\/mondiaux-de-para-athletisme-11-medailles-pour-la-tunisie-dont-7-en-or\\\/207302\\\/#article\",\"isPartOf\":{\"@id\":\"https:\\\/\\\/www.webdo.tn\\\/fr\\\/actualite\\\/sport\\\/mondiaux-de-para-athletisme-11-medailles-pour-la-tunisie-dont-7-en-or\\\/207302\\\/\"},\"author\":{\"name\":\"MC\",\"@id\":\"https:\\\/\\\/www.webdo.tn\\\/fr\\\/#\\\/schema\\\/person\\\/2c4929cbf5a809e3bd38617c6ce150f6\"},\"headline\":\"Mondiaux de para-athl\u00e9tisme : 11 m\u00e9dailles pour la Tunisie dont 7 en or\",\"datePublished\":\"2023-07-17T13:33:00+00:00\",\"dateModified\":\"2025-05-20T21:58:21+00:00\",\"mainEntityOfPage\":{\"@id\":\"https:\\\/\\\/www.webdo.tn\\\/fr\\\/actualite\\\/sport\\\/mondiaux-de-para-athletisme-11-medailles-pour-la-tunisie-dont-7-en-or\\\/207302\\\/\"},\"wordCount\":243,\"commentCount\":0,\"publisher\":{\"@id\":\"https:\\\/\\\/www.webdo.tn\\\/fr\\\/#organization\"},\"image\":{\"@id\":\"https:\\\/\\\/www.webdo.tn\\\/fr\\\/actualite\\\/sport\\\/mondiaux-de-para-athletisme-11-medailles-pour-la-tunisie-dont-7-en-or\\\/207302\\\/#primaryimage\"},\"thumbnailUrl\":\"https:\\\/\\\/www.webdo.tn\\\/fr\\\/wp-content\\\/uploads\\\/2023\\\/07\\\/f55e0b45b18c635b1bb19b8571113f38.jpg\",\"keywords\":[\"championnats du monde\",\"m\u00e9dailles\",\"para-athl\u00e9tisme\"],\"articleSection\":[\"Sport\"],\"inLanguage\":\"fr-FR\"},{\"@type\":\"WebPage\",\"@id\":\"https:\\\/\\\/www.webdo.tn\\\/fr\\\/actualite\\\/sport\\\/mondiaux-de-para-athletisme-11-medailles-pour-la-tunisie-dont-7-en-or\\\/207302\\\/\",\"url\":\"https:\\\/\\\/www.webdo.tn\\\/fr\\\/actualite\\\/sport\\\/mondiaux-de-para-athletisme-11-medailles-pour-la-tunisie-dont-7-en-or\\\/207302\\\/\",\"name\":\"Mondiaux de para-athl\u00e9tisme : 11 m\u00e9dailles pour la Tunisie dont 7 en or\",\"isPartOf\":{\"@id\":\"https:\\\/\\\/www.webdo.tn\\\/fr\\\/#website\"},\"primaryImageOfPage\":{\"@id\":\"https:\\\/\\\/www.webdo.tn\\\/fr\\\/actualite\\\/sport\\\/mondiaux-de-para-athletisme-11-medailles-pour-la-tunisie-dont-7-en-or\\\/207302\\\/#primaryimage\"},\"image\":{\"@id\":\"https:\\\/\\\/www.webdo.tn\\\/fr\\\/actualite\\\/sport\\\/mondiaux-de-para-athletisme-11-medailles-pour-la-tunisie-dont-7-en-or\\\/207302\\\/#primaryimage\"},\"thumbnailUrl\":\"https:\\\/\\\/www.webdo.tn\\\/fr\\\/wp-content\\\/uploads\\\/2023\\\/07\\\/f55e0b45b18c635b1bb19b8571113f38.jpg\",\"datePublished\":\"2023-07-17T13:33:00+00:00\",\"dateModified\":\"2025-05-20T21:58:21+00:00\",\"description\":\"Les Mondiaux de para-athl\u00e9tisme r\u00e9ussissent \u00e0 nos athl\u00e8tes qui s\u2019illustrent \u00e0 Paris. Ils ont d\u00e9croch\u00e9 11 m\u00e9dailles dont 7 en or.\",\"breadcrumb\":{\"@id\":\"https:\\\/\\\/www.webdo.tn\\\/fr\\\/actualite\\\/sport\\\/mondiaux-de-para-athletisme-11-medailles-pour-la-tunisie-dont-7-en-or\\\/207302\\\/#breadcrumb\"},\"inLanguage\":\"fr-FR\",\"potentialAction\":[{\"@type\":\"ReadAction\",\"target\":[\"https:\\\/\\\/www.webdo.tn\\\/fr\\\/actualite\\\/sport\\\/mondiaux-de-para-athletisme-11-medailles-pour-la-tunisie-dont-7-en-or\\\/207302\\\/\"]}]},{\"@type\":\"ImageObject\",\"inLanguage\":\"fr-FR\",\"@id\":\"https:\\\/\\\/www.webdo.tn\\\/fr\\\/actualite\\\/sport\\\/mondiaux-de-para-athletisme-11-medailles-pour-la-tunisie-dont-7-en-or\\\/207302\\\/#primaryimage\",\"url\":\"https:\\\/\\\/www.webdo.tn\\\/fr\\\/wp-content\\\/uploads\\\/2023\\\/07\\\/f55e0b45b18c635b1bb19b8571113f38.jpg\",\"contentUrl\":\"https:\\\/\\\/www.webdo.tn\\\/fr\\\/wp-content\\\/uploads\\\/2023\\\/07\\\/f55e0b45b18c635b1bb19b8571113f38.jpg\",\"width\":650,\"height\":347,\"caption\":\"Mondiaux de para-athl\u00e9tisme : 11 m\u00e9dailles pour la Tunisie dont 7 en or\"},{\"@type\":\"BreadcrumbList\",\"@id\":\"https:\\\/\\\/www.webdo.tn\\\/fr\\\/actualite\\\/sport\\\/mondiaux-de-para-athletisme-11-medailles-pour-la-tunisie-dont-7-en-or\\\/207302\\\/#breadcrumb\",\"itemListElement\":[{\"@type\":\"ListItem\",\"position\":1,\"name\":\"Accueil\",\"item\":\"https:\\\/\\\/www.webdo.tn\\\/fr\\\/\"},{\"@type\":\"ListItem\",\"position\":2,\"name\":\"Mondiaux de para-athl\u00e9tisme : 11 m\u00e9dailles pour la Tunisie dont 7 en or\"}]},{\"@type\":\"WebSite\",\"@id\":\"https:\\\/\\\/www.webdo.tn\\\/fr\\\/#website\",\"url\":\"https:\\\/\\\/www.webdo.tn\\\/fr\\\/\",\"name\":\"webdo\",\"description\":\"Tunisie - News en Tunisie et \u00e0 l&#039;international sur Webdo.tn\",\"publisher\":{\"@id\":\"https:\\\/\\\/www.webdo.tn\\\/fr\\\/#organization\"},\"potentialAction\":[{\"@type\":\"SearchAction\",\"target\":{\"@type\":\"EntryPoint\",\"urlTemplate\":\"https:\\\/\\\/www.webdo.tn\\\/fr\\\/?s={search_term_string}\"},\"query-input\":{\"@type\":\"PropertyValueSpecification\",\"valueRequired\":true,\"valueName\":\"search_term_string\"}}],\"inLanguage\":\"fr-FR\"},{\"@type\":\"Organization\",\"@id\":\"https:\\\/\\\/www.webdo.tn\\\/fr\\\/#organization\",\"name\":\"Webdo\",\"alternateName\":\"Webdo.tn\",\"url\":\"https:\\\/\\\/www.webdo.tn\\\/fr\\\/\",\"logo\":{\"@type\":\"ImageObject\",\"inLanguage\":\"fr-FR\",\"@id\":\"https:\\\/\\\/www.webdo.tn\\\/fr\\\/#\\\/schema\\\/logo\\\/image\\\/\",\"url\":\"https:\\\/\\\/www.webdo.tn\\\/fr\\\/wp-content\\\/uploads\\\/2025\\\/06\\\/Webdo-Tunisie_168377.jpg\",\"contentUrl\":\"https:\\\/\\\/www.webdo.tn\\\/fr\\\/wp-content\\\/uploads\\\/2025\\\/06\\\/Webdo-Tunisie_168377.jpg\",\"width\":301,\"height\":301,\"caption\":\"Webdo\"},\"image\":{\"@id\":\"https:\\\/\\\/www.webdo.tn\\\/fr\\\/#\\\/schema\\\/logo\\\/image\\\/\"},\"sameAs\":[\"https:\\\/\\\/www.facebook.com\\\/webdotn\",\"https:\\\/\\\/x.com\\\/webdo_tn\"],\"description\":\"Webdo est un m\u00e9dia num\u00e9rique tunisien fond\u00e9 en 2010, sp\u00e9cialis\u00e9 dans l\u2019actualit\u00e9 nationale et internationale, l\u2019\u00e9conomie, la soci\u00e9t\u00e9 et les analyses politiques. Le site s\u2019adresse \u00e0 un large public francophone et couvre l\u2019information tunisienne en temps r\u00e9el.\",\"email\":\"redac@webdo.tn\",\"legalName\":\"YNJ SARL\",\"foundingDate\":\"2010-09-06\",\"numberOfEmployees\":{\"@type\":\"QuantitativeValue\",\"minValue\":\"11\",\"maxValue\":\"50\"}},{\"@type\":\"Person\",\"@id\":\"https:\\\/\\\/www.webdo.tn\\\/fr\\\/#\\\/schema\\\/person\\\/2c4929cbf5a809e3bd38617c6ce150f6\",\"name\":\"MC\",\"image\":{\"@type\":\"ImageObject\",\"inLanguage\":\"fr-FR\",\"@id\":\"https:\\\/\\\/secure.gravatar.com\\\/avatar\\\/a545bbb6f84efdd5553dbbc2895e3ca8f1d12c5215e00a041c9670b54aa9b18a?s=96&d=mm&r=g\",\"url\":\"https:\\\/\\\/secure.gravatar.com\\\/avatar\\\/a545bbb6f84efdd5553dbbc2895e3ca8f1d12c5215e00a041c9670b54aa9b18a?s=96&d=mm&r=g\",\"contentUrl\":\"https:\\\/\\\/secure.gravatar.com\\\/avatar\\\/a545bbb6f84efdd5553dbbc2895e3ca8f1d12c5215e00a041c9670b54aa9b18a?s=96&d=mm&r=g\",\"caption\":\"MC\"},\"url\":\"https:\\\/\\\/www.webdo.tn\\\/fr\\\/actualite\\\/author\\\/mc\\\/\"}]}<\/script>\n<!-- \/ Yoast SEO Premium plugin. -->","yoast_head_json":{"title":"Mondiaux de para-athl\u00e9tisme : 11 m\u00e9dailles pour la Tunisie dont 7 en or","description":"Les Mondiaux de para-athl\u00e9tisme r\u00e9ussissent \u00e0 nos athl\u00e8tes qui s\u2019illustrent \u00e0 Paris. Ils ont d\u00e9croch\u00e9 11 m\u00e9dailles dont 7 en or.","canonical":"https:\/\/www.webdo.tn\/fr\/actualite\/sport\/mondiaux-de-para-athletisme-11-medailles-pour-la-tunisie-dont-7-en-or\/207302\/","og_locale":"fr_FR","og_type":"article","og_title":"Mondiaux de para-athl\u00e9tisme : 11 m\u00e9dailles pour la Tunisie dont 7 en or","og_description":"Les Mondiaux de para-athl\u00e9tisme r\u00e9ussissent \u00e0 nos athl\u00e8tes qui s\u2019illustrent \u00e0 Paris. Ils ont d\u00e9croch\u00e9 11 m\u00e9dailles dont 7 en or.","og_url":"https:\/\/www.webdo.tn\/fr\/actualite\/sport\/mondiaux-de-para-athletisme-11-medailles-pour-la-tunisie-dont-7-en-or\/207302\/","og_site_name":"webdo","article_publisher":"https:\/\/www.facebook.com\/webdotn","article_published_time":"2023-07-17T13:33:00+00:00","article_modified_time":"2025-05-20T21:58:21+00:00","og_image":[{"width":650,"height":347,"url":"https:\/\/www.webdo.tn\/fr\/wp-content\/uploads\/2023\/07\/f55e0b45b18c635b1bb19b8571113f38.jpg","type":"image\/jpeg"}],"author":"MC","twitter_card":"summary_large_image","twitter_creator":"@webdo_tn","twitter_site":"@webdo_tn","twitter_misc":{"\u00c9crit par":"MC","Dur\u00e9e de lecture estim\u00e9e":"1 minute"},"schema":{"@context":"https:\/\/schema.org","@graph":[{"@type":"NewsArticle","@id":"https:\/\/www.webdo.tn\/fr\/actualite\/sport\/mondiaux-de-para-athletisme-11-medailles-pour-la-tunisie-dont-7-en-or\/207302\/#article","isPartOf":{"@id":"https:\/\/www.webdo.tn\/fr\/actualite\/sport\/mondiaux-de-para-athletisme-11-medailles-pour-la-tunisie-dont-7-en-or\/207302\/"},"author":{"name":"MC","@id":"https:\/\/www.webdo.tn\/fr\/#\/schema\/person\/2c4929cbf5a809e3bd38617c6ce150f6"},"headline":"Mondiaux de para-athl\u00e9tisme : 11 m\u00e9dailles pour la Tunisie dont 7 en or","datePublished":"2023-07-17T13:33:00+00:00","dateModified":"2025-05-20T21:58:21+00:00","mainEntityOfPage":{"@id":"https:\/\/www.webdo.tn\/fr\/actualite\/sport\/mondiaux-de-para-athletisme-11-medailles-pour-la-tunisie-dont-7-en-or\/207302\/"},"wordCount":243,"commentCount":0,"publisher":{"@id":"https:\/\/www.webdo.tn\/fr\/#organization"},"image":{"@id":"https:\/\/www.webdo.tn\/fr\/actualite\/sport\/mondiaux-de-para-athletisme-11-medailles-pour-la-tunisie-dont-7-en-or\/207302\/#primaryimage"},"thumbnailUrl":"https:\/\/www.webdo.tn\/fr\/wp-content\/uploads\/2023\/07\/f55e0b45b18c635b1bb19b8571113f38.jpg","keywords":["championnats du monde","m\u00e9dailles","para-athl\u00e9tisme"],"articleSection":["Sport"],"inLanguage":"fr-FR"},{"@type":"WebPage","@id":"https:\/\/www.webdo.tn\/fr\/actualite\/sport\/mondiaux-de-para-athletisme-11-medailles-pour-la-tunisie-dont-7-en-or\/207302\/","url":"https:\/\/www.webdo.tn\/fr\/actualite\/sport\/mondiaux-de-para-athletisme-11-medailles-pour-la-tunisie-dont-7-en-or\/207302\/","name":"Mondiaux de para-athl\u00e9tisme : 11 m\u00e9dailles pour la Tunisie dont 7 en or","isPartOf":{"@id":"https:\/\/www.webdo.tn\/fr\/#website"},"primaryImageOfPage":{"@id":"https:\/\/www.webdo.tn\/fr\/actualite\/sport\/mondiaux-de-para-athletisme-11-medailles-pour-la-tunisie-dont-7-en-or\/207302\/#primaryimage"},"image":{"@id":"https:\/\/www.webdo.tn\/fr\/actualite\/sport\/mondiaux-de-para-athletisme-11-medailles-pour-la-tunisie-dont-7-en-or\/207302\/#primaryimage"},"thumbnailUrl":"https:\/\/www.webdo.tn\/fr\/wp-content\/uploads\/2023\/07\/f55e0b45b18c635b1bb19b8571113f38.jpg","datePublished":"2023-07-17T13:33:00+00:00","dateModified":"2025-05-20T21:58:21+00:00","description":"Les Mondiaux de para-athl\u00e9tisme r\u00e9ussissent \u00e0 nos athl\u00e8tes qui s\u2019illustrent \u00e0 Paris. Ils ont d\u00e9croch\u00e9 11 m\u00e9dailles dont 7 en or.","breadcrumb":{"@id":"https:\/\/www.webdo.tn\/fr\/actualite\/sport\/mondiaux-de-para-athletisme-11-medailles-pour-la-tunisie-dont-7-en-or\/207302\/#breadcrumb"},"inLanguage":"fr-FR","potentialAction":[{"@type":"ReadAction","target":["https:\/\/www.webdo.tn\/fr\/actualite\/sport\/mondiaux-de-para-athletisme-11-medailles-pour-la-tunisie-dont-7-en-or\/207302\/"]}]},{"@type":"ImageObject","inLanguage":"fr-FR","@id":"https:\/\/www.webdo.tn\/fr\/actualite\/sport\/mondiaux-de-para-athletisme-11-medailles-pour-la-tunisie-dont-7-en-or\/207302\/#primaryimage","url":"https:\/\/www.webdo.tn\/fr\/wp-content\/uploads\/2023\/07\/f55e0b45b18c635b1bb19b8571113f38.jpg","contentUrl":"https:\/\/www.webdo.tn\/fr\/wp-content\/uploads\/2023\/07\/f55e0b45b18c635b1bb19b8571113f38.jpg","width":650,"height":347,"caption":"Mondiaux de para-athl\u00e9tisme : 11 m\u00e9dailles pour la Tunisie dont 7 en or"},{"@type":"BreadcrumbList","@id":"https:\/\/www.webdo.tn\/fr\/actualite\/sport\/mondiaux-de-para-athletisme-11-medailles-pour-la-tunisie-dont-7-en-or\/207302\/#breadcrumb","itemListElement":[{"@type":"ListItem","position":1,"name":"Accueil","item":"https:\/\/www.webdo.tn\/fr\/"},{"@type":"ListItem","position":2,"name":"Mondiaux de para-athl\u00e9tisme : 11 m\u00e9dailles pour la Tunisie dont 7 en or"}]},{"@type":"WebSite","@id":"https:\/\/www.webdo.tn\/fr\/#website","url":"https:\/\/www.webdo.tn\/fr\/","name":"webdo","description":"Tunisie - News en Tunisie et \u00e0 l&#039;international sur Webdo.tn","publisher":{"@id":"https:\/\/www.webdo.tn\/fr\/#organization"},"potentialAction":[{"@type":"SearchAction","target":{"@type":"EntryPoint","urlTemplate":"https:\/\/www.webdo.tn\/fr\/?s={search_term_string}"},"query-input":{"@type":"PropertyValueSpecification","valueRequired":true,"valueName":"search_term_string"}}],"inLanguage":"fr-FR"},{"@type":"Organization","@id":"https:\/\/www.webdo.tn\/fr\/#organization","name":"Webdo","alternateName":"Webdo.tn","url":"https:\/\/www.webdo.tn\/fr\/","logo":{"@type":"ImageObject","inLanguage":"fr-FR","@id":"https:\/\/www.webdo.tn\/fr\/#\/schema\/logo\/image\/","url":"https:\/\/www.webdo.tn\/fr\/wp-content\/uploads\/2025\/06\/Webdo-Tunisie_168377.jpg","contentUrl":"https:\/\/www.webdo.tn\/fr\/wp-content\/uploads\/2025\/06\/Webdo-Tunisie_168377.jpg","width":301,"height":301,"caption":"Webdo"},"image":{"@id":"https:\/\/www.webdo.tn\/fr\/#\/schema\/logo\/image\/"},"sameAs":["https:\/\/www.facebook.com\/webdotn","https:\/\/x.com\/webdo_tn"],"description":"Webdo est un m\u00e9dia num\u00e9rique tunisien fond\u00e9 en 2010, sp\u00e9cialis\u00e9 dans l\u2019actualit\u00e9 nationale et internationale, l\u2019\u00e9conomie, la soci\u00e9t\u00e9 et les analyses politiques. Le site s\u2019adresse \u00e0 un large public francophone et couvre l\u2019information tunisienne en temps r\u00e9el.","email":"redac@webdo.tn","legalName":"YNJ SARL","foundingDate":"2010-09-06","numberOfEmployees":{"@type":"QuantitativeValue","minValue":"11","maxValue":"50"}},{"@type":"Person","@id":"https:\/\/www.webdo.tn\/fr\/#\/schema\/person\/2c4929cbf5a809e3bd38617c6ce150f6","name":"MC","image":{"@type":"ImageObject","inLanguage":"fr-FR","@id":"https:\/\/secure.gravatar.com\/avatar\/a545bbb6f84efdd5553dbbc2895e3ca8f1d12c5215e00a041c9670b54aa9b18a?s=96&d=mm&r=g","url":"https:\/\/secure.gravatar.com\/avatar\/a545bbb6f84efdd5553dbbc2895e3ca8f1d12c5215e00a041c9670b54aa9b18a?s=96&d=mm&r=g","contentUrl":"https:\/\/secure.gravatar.com\/avatar\/a545bbb6f84efdd5553dbbc2895e3ca8f1d12c5215e00a041c9670b54aa9b18a?s=96&d=mm&r=g","caption":"MC"},"url":"https:\/\/www.webdo.tn\/fr\/actualite\/author\/mc\/"}]}},"_links":{"self":[{"href":"https:\/\/www.webdo.tn\/fr\/wp-json\/wp\/v2\/posts\/207302","targetHints":{"allow":["GET"]}}],"collection":[{"href":"https:\/\/www.webdo.tn\/fr\/wp-json\/wp\/v2\/posts"}],"about":[{"href":"https:\/\/www.webdo.tn\/fr\/wp-json\/wp\/v2\/types\/post"}],"author":[{"embeddable":true,"href":"https:\/\/www.webdo.tn\/fr\/wp-json\/wp\/v2\/users\/3162"}],"replies":[{"embeddable":true,"href":"https:\/\/www.webdo.tn\/fr\/wp-json\/wp\/v2\/comments?post=207302"}],"version-history":[{"count":0,"href":"https:\/\/www.webdo.tn\/fr\/wp-json\/wp\/v2\/posts\/207302\/revisions"}],"wp:featuredmedia":[{"embeddable":true,"href":"https:\/\/www.webdo.tn\/fr\/wp-json\/wp\/v2\/media\/249755"}],"wp:attachment":[{"href":"https:\/\/www.webdo.tn\/fr\/wp-json\/wp\/v2\/media?parent=207302"}],"wp:term":[{"taxonomy":"category","embeddable":true,"href":"https:\/\/www.webdo.tn\/fr\/wp-json\/wp\/v2\/categories?post=207302"},{"taxonomy":"post_tag","embeddable":true,"href":"https:\/\/www.webdo.tn\/fr\/wp-json\/wp\/v2\/tags?post=207302"}],"curies":[{"name":"wp","href":"https:\/\/api.w.org\/{rel}","templated":true}]}}